{"id":13201,"date":"2026-01-16T11:06:03","date_gmt":"2026-01-16T14:06:03","guid":{"rendered":"https:\/\/www.reportedeprensa.utalca.cl\/?p=13201"},"modified":"2026-03-04T13:08:38","modified_gmt":"2026-03-04T16:08:38","slug":"16-de-enero-2026","status":"publish","type":"post","link":"https:\/\/www.reportedeprensa.utalca.cl\/?p=13201","title":{"rendered":"16 de enero 2026"},"content":{"rendered":"\t\t<div data-elementor-type=\"wp-post\" data-elementor-id=\"13201\" class=\"elementor elementor-13201\" data-elementor-settings=\"[]\">\n\t\t\t\t\t\t\t<div class=\"elementor-section-wrap\">\n\t\t\t\t\t\t\t<section class=\"elementor-section elementor-top-section elementor-element elementor-element-bcea1a8 elementor-section-boxed elementor-section-height-default elementor-section-height-default\" data-id=\"bcea1a8\" data-element_type=\"section\">\n\t\t\t\t\t\t<div class=\"elementor-container elementor-column-gap-default\">\n\t\t\t\t\t<div class=\"elementor-column elementor-col-100 elementor-top-column elementor-element elementor-element-e7183bf\" data-id=\"e7183bf\" data-element_type=\"column\">\n\t\t\t<div class=\"elementor-widget-wrap elementor-element-populated\">\n\t\t\t\t\t\t\t\t<div class=\"elementor-element elementor-element-66ef31a elementor-widget elementor-widget-text-editor\" data-id=\"66ef31a\" data-element_type=\"widget\" data-widget_type=\"text-editor.default\">\n\t\t\t\t<div class=\"elementor-widget-container\">\n\t\t\t\t\t\t\t\t<div class=\"x_elementToProof\"><b data-olk-copy-source=\"MessageBody\">PORTAL PRENSA SALUD<\/b>\u00a0<br \/><a id=\"OWA0f6ffb4f-cd35-aa52-9023-40568d986a70\" class=\"x_Hyperlink x_SCXW152342354 x_BCX0 x_OWAAutoLink\" title=\"https:\/\/portalprensasalud.cl\/2026\/01\/13\/diogenes-digital-investigan-como-la-acumulacion-de-archivos-afecta-a-estudiantes\/\" href=\"https:\/\/portalprensasalud.cl\/2026\/01\/13\/diogenes-digital-investigan-como-la-acumulacion-de-archivos-afecta-a-estudiantes\/\" target=\"_blank\" rel=\"noreferrer noopener\" data-auth=\"NotApplicable\" data-linkindex=\"0\">Di\u00f3genes digital\u201d: investigan c\u00f3mo la acumulaci\u00f3n de archivos afecta a estudiantes. Se refiere Alejandro Cataldo, acad\u00e9mico de la Facultad de Econom\u00eda y Negocios<\/a>\u00a0<\/div><div class=\"x_elementToProof\" aria-hidden=\"true\">\u00a0<\/div><div class=\"x_elementToProof\"><b>PORTAL EDUCA<\/b>\u00a0<br \/><a id=\"OWA5cfe6710-a970-dfb4-e3e2-2fd90c076079\" class=\"x_Hyperlink x_SCXW152342354 x_BCX0 x_OWAAutoLink\" title=\"https:\/\/portaleduca.cl\/diogenes-digital-investigan-como-la-acumulacion-de-archivos-afecta-a-estudiantes\/\" href=\"https:\/\/portaleduca.cl\/diogenes-digital-investigan-como-la-acumulacion-de-archivos-afecta-a-estudiantes\/\" target=\"_blank\" rel=\"noreferrer noopener\" data-auth=\"NotApplicable\" data-linkindex=\"1\">Di\u00f3genes digital\u201d: investigan c\u00f3mo la acumulaci\u00f3n de archivos afecta a estudiantes. Se refiere Alejandro Cataldo, acad\u00e9mico de la Facultad de Econom\u00eda y Negocios<\/a>\u00a0<\/div><div class=\"x_elementToProof\" aria-hidden=\"true\">\u00a0<\/div><div class=\"x_elementToProof\"><b>EL HERALDO AUSTRAL\u00a0<\/b>\u00a0<br \/><a id=\"OWA7bb64405-b9f9-2d36-baa4-6fa5fac3ab63\" class=\"x_Hyperlink x_SCXW152342354 x_BCX0 x_OWAAutoLink\" title=\"https:\/\/www.litoralpress.cl\/sitio\/Prensa_Detalles.cshtml?LPKey=IKA2JEAYEJFJEPEYGIBV5M4LHTARN7YMTYCOXMVTBIFNGP4ZLGGQ\" href=\"https:\/\/www.litoralpress.cl\/sitio\/Prensa_Detalles.cshtml?LPKey=IKA2JEAYEJFJEPEYGIBV5M4LHTARN7YMTYCOXMVTBIFNGP4ZLGGQ\" target=\"_blank\" rel=\"noreferrer noopener\" data-auth=\"NotApplicable\" data-linkindex=\"2\">Di\u00f3genes digital\u201d: investigan c\u00f3mo la acumulaci\u00f3n de archivos afecta a estudiantes. Se refiere Alejandro Cataldo, acad\u00e9mico de la Facultad de Econom\u00eda y Negocios<\/a>\u00a0<\/div><div class=\"x_elementToProof\">\u00a0<br \/><b>EL MAULE INFORMA<\/b>\u00a0<br \/><a id=\"OWAefd57ebc-fc09-00fe-e040-d8af031c646b\" class=\"x_Hyperlink x_SCXW152342354 x_BCX0 x_OWAAutoLink\" title=\"https:\/\/elmauleinforma.cl\/investigacion-revela-que-derivado-del-omega-3-podria-atenuar-el-dano-hepatico-por-diabetes\/\" href=\"https:\/\/elmauleinforma.cl\/investigacion-revela-que-derivado-del-omega-3-podria-atenuar-el-dano-hepatico-por-diabetes\/\" target=\"_blank\" rel=\"noreferrer noopener\" data-auth=\"NotApplicable\" data-linkindex=\"3\">Investigaci\u00f3n revela que derivado del Omega 3 podr\u00eda atenuar el da\u00f1o hep\u00e1tico por diabetes. Se refieren Roxana Orrego y J\u00e9ssica Z\u00fa\u00f1iga, acad\u00e9micas Facultad de Ciencias de la Salud.<\/a>\u00a0\u00a0<\/div><div class=\"x_elementToProof\" aria-hidden=\"true\">\u00a0<\/div><div class=\"x_elementToProof\"><b>PORTAL PRENSA SALUD<\/b>\u00a0<br \/><a id=\"OWA7a0cd2af-66ba-ed67-cbba-1a8401bb628c\" class=\"x_Hyperlink x_SCXW152342354 x_BCX0 x_OWAAutoLink\" title=\"https:\/\/portalprensasalud.cl\/2026\/01\/13\/expertos-internacionales-abordaran-estres-oxidativo-e-implicancias-del-envejecimiento-en-la-utalca\/\" href=\"https:\/\/portalprensasalud.cl\/2026\/01\/13\/expertos-internacionales-abordaran-estres-oxidativo-e-implicancias-del-envejecimiento-en-la-utalca\/\" target=\"_blank\" rel=\"noreferrer noopener\" data-auth=\"NotApplicable\" data-linkindex=\"4\">Expertos internacionales abordar\u00e1n estr\u00e9s oxidativo e implicancias del envejecimiento en la UTalca. Se refiere Felipe \u00c1vila, acad\u00e9mico de la Facultad de Ciencias de la Salud<\/a>\u00a0<\/div><div class=\"x_elementToProof\" aria-hidden=\"true\">\u00a0<\/div><div class=\"x_elementToProof\"><b>FM M\u00c1S<\/b>\u00a0<br \/><a id=\"OWA7eb64f2c-445f-1630-1c7c-2582e69a625e\" class=\"x_Hyperlink x_SCXW152342354 x_BCX0 x_OWAAutoLink\" title=\"https:\/\/radiofmmas.cl\/expertos-internacionales-abordaran-estres-oxidativo-e-implicancias-del-envejecimiento-en-la-utalca\/\" href=\"https:\/\/radiofmmas.cl\/expertos-internacionales-abordaran-estres-oxidativo-e-implicancias-del-envejecimiento-en-la-utalca\/\" target=\"_blank\" rel=\"noreferrer noopener\" data-auth=\"NotApplicable\" data-linkindex=\"5\">Expertos internacionales abordar\u00e1n estr\u00e9s oxidativo e implicancias del envejecimiento en la UTalca. Se refiere Felipe \u00c1vila, acad\u00e9mico de la Facultad de Ciencias de la Salud<\/a>\u00a0<\/div><div class=\"x_elementToProof\" aria-hidden=\"true\">\u00a0<\/div><div class=\"x_elementToProof\"><b>EL LECTOR<\/b>\u00a0<br \/><a id=\"OWA6e7b20bd-1f13-ee5e-6797-928f68cec6bc\" class=\"x_Hyperlink x_SCXW152342354 x_BCX0 x_OWAAutoLink\" title=\"https:\/\/www.litoralpress.cl\/sitio\/Prensa_Detalles.cshtml?LPKey=PZ7XZNP3RTU3R6GQWSEJYKEWLXVJWJKMLBRCSM5XDK7EQU7XIPKA\" href=\"https:\/\/www.litoralpress.cl\/sitio\/Prensa_Detalles.cshtml?LPKey=PZ7XZNP3RTU3R6GQWSEJYKEWLXVJWJKMLBRCSM5XDK7EQU7XIPKA\" target=\"_blank\" rel=\"noreferrer noopener\" data-auth=\"NotApplicable\" data-linkindex=\"6\">Expertos internacionales abordar\u00e1n estr\u00e9s oxidativo e implicancias del envejecimiento en la UTalca. Se refiere Felipe \u00c1vila, acad\u00e9mico de la Facultad de Ciencias de la Salud<\/a>\u00a0<\/div><div class=\"x_elementToProof\" aria-hidden=\"true\">\u00a0<\/div><div class=\"x_elementToProof\"><b>CANAL MEGANOTICIAS<\/b>\u00a0<br \/><a id=\"OWA7c8c78f0-8431-5623-1954-514f10db901b\" class=\"x_Hyperlink x_SCXW152342354 x_BCX0 x_OWAAutoLink\" title=\"https:\/\/www.litoralpress.cl\/sitio\/RadioTV_Detalles.cshtml?LPKey=L3G45XR253P6G2V4SG257CGEFV44QMZZ4L4RGFIN4JQPF4IRGBOUC3DAWMHJGMVZR7NYAR5RMNFLW\" href=\"https:\/\/www.litoralpress.cl\/sitio\/RadioTV_Detalles.cshtml?LPKey=L3G45XR253P6G2V4SG257CGEFV44QMZZ4L4RGFIN4JQPF4IRGBOUC3DAWMHJGMVZR7NYAR5RMNFLW\" target=\"_blank\" rel=\"noreferrer noopener\" data-auth=\"NotApplicable\" data-linkindex=\"7\">Entrevista a Mauricio Morales, analista pol\u00edtico,\u00a0director de Centro de An\u00e1lisis Pol\u00edtico (CAP).<\/a>\u00a0<\/div><div class=\"x_elementToProof\" aria-hidden=\"true\">\u00a0<\/div><div class=\"x_elementToProof\"><b>RADIO INFINITA<\/b>\u00a0<br \/><a id=\"OWAdd7f437b-af4e-fc28-7366-83b5e6eda2b4\" class=\"x_Hyperlink x_SCXW152342354 x_BCX0 x_OWAAutoLink\" title=\"https:\/\/www.litoralpress.cl\/sitio\/RadioTV_Detalles.cshtml?LPKey=DVUVBE3GCQP4XU7XPIEVU5ILEFC54HM7C3DWRPSWRNBHQNQIEOYEAGIXGDEVKXBOM6OLDYKKXG5JQ\" href=\"https:\/\/www.litoralpress.cl\/sitio\/RadioTV_Detalles.cshtml?LPKey=DVUVBE3GCQP4XU7XPIEVU5ILEFC54HM7C3DWRPSWRNBHQNQIEOYEAGIXGDEVKXBOM6OLDYKKXG5JQ\" target=\"_blank\" rel=\"noreferrer noopener\" data-auth=\"NotApplicable\" data-linkindex=\"8\">An\u00e1lisis pol\u00edtico de la jornada. Se refiere Mauricio Morales, director de Centro de An\u00e1lisis Pol\u00edtico (CAP).<\/a>\u00a0<\/div><div class=\"x_elementToProof\" aria-hidden=\"true\">\u00a0<\/div><div class=\"x_elementToProof\"><b>IDEALEX<\/b>\u00a0<br \/><a id=\"OWA7d15c541-b19f-0c04-3d6d-e009f0c9740e\" class=\"x_Hyperlink x_SCXW152342354 x_BCX0 x_OWAAutoLink\" title=\"https:\/\/idealex.press\/veredicto-ciudadano-debe-ser-la-oportunidad-para-el-juicio-por-jurados\/\" href=\"https:\/\/idealex.press\/veredicto-ciudadano-debe-ser-la-oportunidad-para-el-juicio-por-jurados\/\" target=\"_blank\" rel=\"noreferrer noopener\" data-auth=\"NotApplicable\" data-linkindex=\"9\">Veredicto ciudadano: debe ser la oportunidad para el juicio por jurados. Se refiere Diego Palomo, acad\u00e9mico Facultad de Ciencias Jur\u00eddicas y Sociales.<\/a>\u00a0\u00a0<\/div><div class=\"x_elementToProof\" aria-hidden=\"true\">\u00a0<\/div><div class=\"x_elementToProof\"><b>CANAL TVN RED MAULE<\/b>\u00a0<br \/><a id=\"OWA10707847-07ec-6341-f0ad-7fcc78f942ca\" class=\"x_Hyperlink x_SCXW152342354 x_BCX0 x_OWAAutoLink\" title=\"https:\/\/www.litoralpress.cl\/sitio\/RadioTV_Detalles.cshtml?LPKey=3QJFKLYTWXZHG2N6ORBAWMX7WLYDZW27TUNWP7OALFKCOPZD2UYZ32UX6YJ56JRM5VH6MYHLKRNWC\" href=\"https:\/\/www.litoralpress.cl\/sitio\/RadioTV_Detalles.cshtml?LPKey=3QJFKLYTWXZHG2N6ORBAWMX7WLYDZW27TUNWP7OALFKCOPZD2UYZ32UX6YJ56JRM5VH6MYHLKRNWC\" target=\"_blank\" rel=\"noreferrer noopener\" data-auth=\"NotApplicable\" data-linkindex=\"10\">Museos del Maule inauguran nuevas exposiciones temporales en el marco de Museos de Verano 2026. Se menciona la Universidad de Talca.<\/a>\u00a0<\/div><div class=\"x_elementToProof\" aria-hidden=\"true\">\u00a0<\/div><div class=\"x_elementToProof\" aria-hidden=\"true\">\u00a0<\/div><div class=\"x_elementToProof\"><b>LA PRENSA DE CURIC\u00d3<\/b>\u00a0<br \/><a id=\"OWAb4d9596c-6ad9-4468-1dfe-7155c4c1496f\" class=\"x_Hyperlink x_SCXW152342354 x_BCX0 x_OWAAutoLink\" title=\"https:\/\/www.litoralpress.cl\/sitio\/Prensa_Detalles.cshtml?LPKey=VQCRS4DT46UI7GGA7KDAVXKHQMAZV5OLIKAZLZUYVGLAPSU3S7MQ\" href=\"https:\/\/www.litoralpress.cl\/sitio\/Prensa_Detalles.cshtml?LPKey=VQCRS4DT46UI7GGA7KDAVXKHQMAZV5OLIKAZLZUYVGLAPSU3S7MQ\" target=\"_blank\" rel=\"noreferrer noopener\" data-auth=\"NotApplicable\" data-linkindex=\"11\">Congreso Futuro: ma\u00f1ana exponen cient\u00edficos en el Teatro Regional del Maule. Se menciona la Universidad de Talca.<\/a>\u00a0<\/div><div class=\"x_elementToProof\" aria-hidden=\"true\">\u00a0<\/div><div class=\"x_elementToProof\"><b>LA PRENSA DE CURIC\u00d3<\/b>\u00a0<br \/><a id=\"OWA9b61b80f-9d05-ffca-cc2d-91d81fde68f3\" class=\"x_Hyperlink x_SCXW152342354 x_BCX0 x_OWAAutoLink\" title=\"https:\/\/www.litoralpress.cl\/sitio\/Prensa_Detalles.cshtml?LPKey=FSRYXU66E6FD2IGAGR4EDKEVQONADDFNZLXTLYFHNC6Q\" href=\"https:\/\/www.litoralpress.cl\/sitio\/Prensa_Detalles.cshtml?LPKey=FSRYXU66E6FD2IGAGR4EDKEVQONADDFNZLXTLYFHNC6Q\" target=\"_blank\" rel=\"noreferrer noopener\" data-auth=\"NotApplicable\" data-linkindex=\"12\">El paseo por las pinturas de Talca: Las variadas galer\u00edas de arte con exposiciones gratuitas.\u00a0Se menciona la Universidad de Talca.<\/a>\u00a0<\/div><div class=\"x_elementToProof\" aria-hidden=\"true\">\u00a0<\/div><div class=\"x_elementToProof\"><b>MAULE HOY<\/b>\u00a0<br \/><a id=\"OWA69ba9a22-97c6-805c-ee37-5eb44b1ef58c\" class=\"x_Hyperlink x_SCXW152342354 x_BCX0 x_OWAAutoLink\" title=\"https:\/\/www.litoralpress.cl\/sitio\/Prensa_Detalles.cshtml?LPKey=4NVGC3YFGJ7WQET2OIVBEUCSDQZ3DLKN2HVKZJ7WR5AQCO573EOA\" href=\"https:\/\/www.litoralpress.cl\/sitio\/Prensa_Detalles.cshtml?LPKey=4NVGC3YFGJ7WQET2OIVBEUCSDQZ3DLKN2HVKZJ7WR5AQCO573EOA\" target=\"_blank\" rel=\"noreferrer noopener\" data-auth=\"NotApplicable\" data-linkindex=\"13\">N\u00facleo Milenio\u00a0MiNSoL\u00a0cierra su ciclo con aportes clave a la Ciencia del Aprendizaje.\u00a0Se menciona la Universidad de Talca.<\/a>\u00a0<\/div><div class=\"x_elementToProof\">\u00a0<\/div>\t\t\t\t\t\t<\/div>\n\t\t\t\t<\/div>\n\t\t\t\t\t<\/div>\n\t\t<\/div>\n\t\t\t\t\t\t\t<\/div>\n\t\t<\/section>\n\t\t\t\t\t\t<\/div>\n\t\t\t\t\t<\/div>\n\t\t","protected":false},"excerpt":{"rendered":"<p>PORTAL PRENSA SALUD\u00a0Di\u00f3genes digital\u201d: investigan c\u00f3mo la acumulaci\u00f3n de archivos afecta a estudiantes. Se refiere Alejandro Cataldo, acad\u00e9mico de la Facultad de Econom\u00eda y Negocios\u00a0\u00a0PORTAL EDUCA\u00a0Di\u00f3genes digital\u201d: investigan c\u00f3mo la acumulaci\u00f3n de archivos afecta a estudiantes. Se refiere Alejandro Cataldo, acad\u00e9mico de la Facultad de Econom\u00eda y Negocios\u00a0\u00a0EL HERALDO AUSTRAL\u00a0\u00a0Di\u00f3genes digital\u201d: investigan c\u00f3mo la acumulaci\u00f3n &hellip;<\/p>\n<p class=\"read-more\"> <a class=\"\" href=\"https:\/\/www.reportedeprensa.utalca.cl\/?p=13201\"> <span class=\"screen-reader-text\">16 de enero 2026<\/span> Read More &raquo;<\/a><\/p>\n","protected":false},"author":1,"featured_media":0,"comment_status":"closed","ping_status":"open","sticky":false,"template":"","format":"standard","meta":{"_monsterinsights_skip_tracking":false,"_monsterinsights_sitenote_active":false,"_monsterinsights_sitenote_note":"","_monsterinsights_sitenote_category":0},"categories":[67],"tags":[],"_links":{"self":[{"href":"https:\/\/www.reportedeprensa.utalca.cl\/index.php?rest_route=\/wp\/v2\/posts\/13201"}],"collection":[{"href":"https:\/\/www.reportedeprensa.utalca.cl\/index.php?rest_route=\/wp\/v2\/posts"}],"about":[{"href":"https:\/\/www.reportedeprensa.utalca.cl\/index.php?rest_route=\/wp\/v2\/types\/post"}],"author":[{"embeddable":true,"href":"https:\/\/www.reportedeprensa.utalca.cl\/index.php?rest_route=\/wp\/v2\/users\/1"}],"replies":[{"embeddable":true,"href":"https:\/\/www.reportedeprensa.utalca.cl\/index.php?rest_route=%2Fwp%2Fv2%2Fcomments&post=13201"}],"version-history":[{"count":5,"href":"https:\/\/www.reportedeprensa.utalca.cl\/index.php?rest_route=\/wp\/v2\/posts\/13201\/revisions"}],"predecessor-version":[{"id":13342,"href":"https:\/\/www.reportedeprensa.utalca.cl\/index.php?rest_route=\/wp\/v2\/posts\/13201\/revisions\/13342"}],"wp:attachment":[{"href":"https:\/\/www.reportedeprensa.utalca.cl\/index.php?rest_route=%2Fwp%2Fv2%2Fmedia&parent=13201"}],"wp:term":[{"taxonomy":"category","embeddable":true,"href":"https:\/\/www.reportedeprensa.utalca.cl\/index.php?rest_route=%2Fwp%2Fv2%2Fcategories&post=13201"},{"taxonomy":"post_tag","embeddable":true,"href":"https:\/\/www.reportedeprensa.utalca.cl\/index.php?rest_route=%2Fwp%2Fv2%2Ftags&post=13201"}],"curies":[{"name":"wp","href":"https:\/\/api.w.org\/{rel}","templated":true}]}}