{"id":13212,"date":"2026-01-19T11:27:38","date_gmt":"2026-01-19T14:27:38","guid":{"rendered":"https:\/\/www.reportedeprensa.utalca.cl\/?p=13212"},"modified":"2026-03-04T13:08:28","modified_gmt":"2026-03-04T16:08:28","slug":"19-de-enero-2026","status":"publish","type":"post","link":"https:\/\/www.reportedeprensa.utalca.cl\/?p=13212","title":{"rendered":"19 de enero 2026"},"content":{"rendered":"\t\t<div data-elementor-type=\"wp-post\" data-elementor-id=\"13212\" class=\"elementor elementor-13212\" data-elementor-settings=\"[]\">\n\t\t\t\t\t\t\t<div class=\"elementor-section-wrap\">\n\t\t\t\t\t\t\t<section class=\"elementor-section elementor-top-section elementor-element elementor-element-bcea1a8 elementor-section-boxed elementor-section-height-default elementor-section-height-default\" data-id=\"bcea1a8\" data-element_type=\"section\">\n\t\t\t\t\t\t<div class=\"elementor-container elementor-column-gap-default\">\n\t\t\t\t\t<div class=\"elementor-column elementor-col-100 elementor-top-column elementor-element elementor-element-e7183bf\" data-id=\"e7183bf\" data-element_type=\"column\">\n\t\t\t<div class=\"elementor-widget-wrap elementor-element-populated\">\n\t\t\t\t\t\t\t\t<div class=\"elementor-element elementor-element-66ef31a elementor-widget elementor-widget-text-editor\" data-id=\"66ef31a\" data-element_type=\"widget\" data-widget_type=\"text-editor.default\">\n\t\t\t\t<div class=\"elementor-widget-container\">\n\t\t\t\t\t\t\t\t<div class=\"x_elementToProof\"><b data-olk-copy-source=\"MessageBody\">COOPERATIVA CIENCIA<\/b>\u00a0<br \/><a id=\"OWA83cc5010-e3fd-854c-fead-aa11181228d2\" class=\"x_Hyperlink x_SCXW25298297 x_BCX4 x_OWAAutoLink\" title=\"https:\/\/www.cooperativaciencia.cl\/medio-ambiente\/2026\/01\/16\/prisma-el-proyecto-liderado-desde-chile-para-frenar-la-amenaza-de-plantas-invasoras-en-la-antartica\/\" href=\"https:\/\/www.cooperativaciencia.cl\/medio-ambiente\/2026\/01\/16\/prisma-el-proyecto-liderado-desde-chile-para-frenar-la-amenaza-de-plantas-invasoras-en-la-antartica\/\" target=\"_blank\" rel=\"noreferrer noopener\" data-auth=\"NotApplicable\" data-linkindex=\"0\">PRISMA: El proyecto liderado desde Chile para frenar la amenaza de plantas invasoras en la Ant\u00e1rtica. Se refiere Ian Acu\u00f1a Rodr\u00edguez, investigador Centro de Ecolog\u00eda Integrativa<\/a>\u00a0<\/div><div class=\"x_elementToProof\" aria-hidden=\"true\">\u00a0<\/div><div class=\"x_elementToProof\"><b>RADIO POLAR<\/b>\u00a0<br \/><a id=\"OWA7784b4a9-4ac8-f1ec-3cd9-7df79b3dfdaa\" class=\"x_Hyperlink x_SCXW25298297 x_BCX4 x_OWAAutoLink\" title=\"https:\/\/www.radiopolar.com\/prisma-proyecto-liderado-chile-frenar-amenaza-plantas-invasoras-antartica\" href=\"https:\/\/www.radiopolar.com\/prisma-proyecto-liderado-chile-frenar-amenaza-plantas-invasoras-antartica\" target=\"_blank\" rel=\"noreferrer noopener\" data-auth=\"NotApplicable\" data-linkindex=\"1\">PRISMA: El proyecto liderado desde Chile para frenar la amenaza de plantas invasoras en la Ant\u00e1rtica. Se refiere Ian Acu\u00f1a Rodr\u00edguez, investigador Centro de Ecolog\u00eda Integrativa<\/a>\u00a0<br \/>\u00a0<\/div><div class=\"x_elementToProof\"><b>EL HERALDO<\/b>\u00a0<br \/><a id=\"OWA21d294a1-7021-2a29-9316-be2bb89febbd\" class=\"x_Hyperlink x_SCXW25298297 x_BCX4 x_OWAAutoLink\" title=\"https:\/\/www.litoralpress.cl\/sitio\/Prensa_Detalles.cshtml?LPKey=FF7VGXLZZEKH77Z67FITGWYKDXKFWTUHN5P3XZSMGU54GVO5WTWA\" href=\"https:\/\/www.litoralpress.cl\/sitio\/Prensa_Detalles.cshtml?LPKey=FF7VGXLZZEKH77Z67FITGWYKDXKFWTUHN5P3XZSMGU54GVO5WTWA\" target=\"_blank\" rel=\"noreferrer noopener\" data-auth=\"NotApplicable\" data-linkindex=\"2\">UTalca matricular\u00e1 a sus nuevos estudiantes online y con apoyo presencial.\u00a0Se refiere Paola Morales, La directora del Ciclo de Vida Estudiantil (CIVE).<\/a>\u00a0<\/div><div class=\"x_elementToProof\" aria-hidden=\"true\">\u00a0<\/div><div class=\"x_elementToProof\"><b>LA PRENSA DE CURIC\u00d3<\/b>\u00a0<br \/><a id=\"OWA7000d8e7-e234-3c39-1fba-8da231ad0b0c\" class=\"x_Hyperlink x_SCXW25298297 x_BCX4 x_OWAAutoLink\" title=\"https:\/\/www.litoralpress.cl\/sitio\/Prensa_Detalles.cshtml?LPKey=QXQBYNKX5S5LIK6B5Q2H3QU6CVCVMO2ILIICSWIV6IK2BL47DOMQ\" href=\"https:\/\/www.litoralpress.cl\/sitio\/Prensa_Detalles.cshtml?LPKey=QXQBYNKX5S5LIK6B5Q2H3QU6CVCVMO2ILIICSWIV6IK2BL47DOMQ\" target=\"_blank\" rel=\"noreferrer noopener\" data-auth=\"NotApplicable\" data-linkindex=\"3\">Universidad de Talca mantiene asesoramiento presencial y virtual durante proceso de matr\u00edcula. Se refiere Paola Morales, La directora del Ciclo de Vida Estudiantil (CIVE).<\/a>\u00a0<br \/>\u00a0<\/div><div class=\"x_elementToProof\"><b>EL LECTOR<\/b>\u00a0<br \/><a id=\"OWA762bfbac-c69c-c86d-fd09-acc7ff1685ee\" class=\"x_Hyperlink x_SCXW25298297 x_BCX4 x_OWAAutoLink\" title=\"https:\/\/www.litoralpress.cl\/sitio\/Prensa_Detalles.cshtml?LPKey=RVTLHADA4SHADZOYMO6XTAJTS726Y64RT6EQXC5KLXSLVDB3JV7Q\" href=\"https:\/\/www.litoralpress.cl\/sitio\/Prensa_Detalles.cshtml?LPKey=RVTLHADA4SHADZOYMO6XTAJTS726Y64RT6EQXC5KLXSLVDB3JV7Q\" target=\"_blank\" rel=\"noreferrer noopener\" data-auth=\"NotApplicable\" data-linkindex=\"4\">UTalca matricular\u00e1 a sus nuevos estudiantes online y con apoyo presencial. Se refiere Paola Morales, La directora del Ciclo de Vida Estudiantil (CIVE).<\/a>\u00a0<\/div><div class=\"x_elementToProof\" aria-hidden=\"true\">\u00a0<\/div><div class=\"x_elementToProof\"><b>MAULE HOY<\/b>\u00a0<br \/><a id=\"OWA3bd9d1be-5d88-7354-b424-88294eee8265\" class=\"x_Hyperlink x_SCXW25298297 x_BCX4 x_OWAAutoLink\" title=\"https:\/\/www.litoralpress.cl\/sitio\/Prensa_Detalles.cshtml?LPKey=3VYVB5DZTWNLDABJUCBM6QWDE7DDPXQFDPSW3W4OB6EDVETL6QDA\" href=\"https:\/\/www.litoralpress.cl\/sitio\/Prensa_Detalles.cshtml?LPKey=3VYVB5DZTWNLDABJUCBM6QWDE7DDPXQFDPSW3W4OB6EDVETL6QDA\" target=\"_blank\" rel=\"noreferrer noopener\" data-auth=\"NotApplicable\" data-linkindex=\"5\">Matriculan a nuevos estudiantes online y con apoyo presencial. Se refiere Paola Morales, La directora del Ciclo de Vida Estudiantil (CIVE).<\/a>\u00a0<br \/>\u00a0<\/div><div class=\"x_elementToProof\"><b>DIARIO EL HERALDO<\/b>\u00a0<br \/><a id=\"OWA3bdb50a1-9866-de61-d766-7315170d5403\" class=\"x_Hyperlink x_SCXW25298297 x_BCX4 x_OWAAutoLink\" title=\"https:\/\/www.litoralpress.cl\/sitio\/Prensa_Detalles.cshtml?LPKey=RNYLWA3EG23U537YXFLI4LALQWG5FN2BGO27FREY2QRZJO5I3RYA\" href=\"https:\/\/www.litoralpress.cl\/sitio\/Prensa_Detalles.cshtml?LPKey=RNYLWA3EG23U537YXFLI4LALQWG5FN2BGO27FREY2QRZJO5I3RYA\" target=\"_blank\" rel=\"noreferrer noopener\" data-auth=\"NotApplicable\" data-linkindex=\"6\">M\u00e1s de 50 docentes se capacitaron para impartir clases en ingl\u00e9s. Se refiere Rodrigo Palomo, rector (s) y Mauricio V\u00e9liz, decano de Facultad de Ciencias de la Educaci\u00f3n.<\/a>\u00a0<\/div><div class=\"x_elementToProof\" aria-hidden=\"true\">\u00a0<\/div><div class=\"x_elementToProof\"><b>MEDIABANCO<\/b>\u00a0<br \/><a id=\"OWA6ee7312c-e7fe-3cac-4246-cb4de042ae47\" class=\"x_Hyperlink x_SCXW25298297 x_BCX4 x_OWAAutoLink\" title=\"https:\/\/www.mediabanco.com\/magister-en-ecologia-aplicada-de-la-utalca-se-acredito-por-siete-anos\/\" href=\"https:\/\/www.mediabanco.com\/magister-en-ecologia-aplicada-de-la-utalca-se-acredito-por-siete-anos\/\" target=\"_blank\" rel=\"noreferrer noopener\" data-auth=\"NotApplicable\" data-linkindex=\"7\">Mag\u00edster en Ecolog\u00eda Aplicada de la\u00a0UTalca\u00a0se acredit\u00f3 por siete a\u00f1os. Se refiere Claudio Ram\u00edrez, director Mag\u00edster en Ecolog\u00eda Aplicada.<\/a>\u00a0\u00a0<\/div><div class=\"x_elementToProof\"><b>LA ESTRELLA DE CHILO\u00c9<\/b>\u00a0<br \/><a id=\"OWA5aa87616-3577-9848-29d1-7d28f175b8e9\" class=\"x_Hyperlink x_SCXW25298297 x_BCX4 x_OWAAutoLink\" title=\"https:\/\/www.litoralpress.cl\/sitio\/Prensa_Detalles.cshtml?LPKey=72OM6SFJKNLBAPULHAK44V2S7I7ZLM23KBMSO5YERW2YVFMQZMEA\" href=\"https:\/\/www.litoralpress.cl\/sitio\/Prensa_Detalles.cshtml?LPKey=72OM6SFJKNLBAPULHAK44V2S7I7ZLM23KBMSO5YERW2YVFMQZMEA\" target=\"_blank\" rel=\"noreferrer noopener\" data-auth=\"NotApplicable\" data-linkindex=\"8\">&#8220;Di\u00f3genes digital&#8221;: j\u00f3venes sufren al no borrar fotos y mails. Se refiere\u00a0Alejandro Cataldo, acad\u00e9mico Facultad de Econom\u00eda y Negocio.<\/a>\u00a0<br \/>\u00a0<\/div><div class=\"x_elementToProof\"><b>DIARIO TALCA<\/b>\u00a0<br \/><a id=\"OWA89093896-176a-aa39-cf1a-c9685af366df\" class=\"x_Hyperlink x_SCXW25298297 x_BCX4 x_OWAAutoLink\" title=\"https:\/\/diariotalca.cl\/video-congreso-futuro-2026-talca-fue-epicentro-del-dialogo-entre-la-ciencia-politica-y-la-sociedad\/\" href=\"https:\/\/diariotalca.cl\/video-congreso-futuro-2026-talca-fue-epicentro-del-dialogo-entre-la-ciencia-politica-y-la-sociedad\/\" target=\"_blank\" rel=\"noreferrer noopener\" data-auth=\"NotApplicable\" data-linkindex=\"9\">Congreso Futuro 2026: Talca fue epicentro del di\u00e1logo entre la ciencia, pol\u00edtica y la sociedad. Se refiere Roberto Jara, director de Investigaci\u00f3n.<\/a>\u00a0<\/div><div class=\"x_elementToProof\" aria-hidden=\"true\">\u00a0<\/div><div class=\"x_elementToProof\"><b>LA PRENSA DE CURIC\u00d3<\/b>\u00a0<br \/><a id=\"OWA79c8a509-e2f1-efd1-802f-1748364ea74b\" class=\"x_Hyperlink x_SCXW25298297 x_BCX4 x_OWAAutoLink\" title=\"https:\/\/www.litoralpress.cl\/sitio\/Prensa_Detalles.cshtml?LPKey=JPPZHDG433GBLLQYPQGS5KVSSSMV53ACB2CVZLG7EDJJDRQHQBWA\" href=\"https:\/\/www.litoralpress.cl\/sitio\/Prensa_Detalles.cshtml?LPKey=JPPZHDG433GBLLQYPQGS5KVSSSMV53ACB2CVZLG7EDJJDRQHQBWA\" target=\"_blank\" rel=\"noreferrer noopener\" data-auth=\"NotApplicable\" data-linkindex=\"10\">Congreso Futuro 2026: &#8220;Humanidad\u00a0hacia\u00a0d\u00f3nde vamos?&#8221; reuni\u00f3 a expositores nacionales en torno a la ciencia. Se refiere Roberto Jara,\u00a0director de Investigaci\u00f3n.<\/a>\u00a0<\/div><div class=\"x_elementToProof\" aria-hidden=\"true\">\u00a0<\/div><div class=\"x_elementToProof\"><b>EL MAULE INFORMA<\/b>\u00a0<br \/><a id=\"OWA0d7e2645-fa55-1ae4-ecdc-5d7e532753a9\" class=\"x_Hyperlink x_SCXW25298297 x_BCX4 x_OWAAutoLink\" title=\"https:\/\/elmauleinforma.cl\/congreso-futuro-2026-cientificos-y-cientificas-invitaron-a-siempre-repensar-la-vida\/\" href=\"https:\/\/elmauleinforma.cl\/congreso-futuro-2026-cientificos-y-cientificas-invitaron-a-siempre-repensar-la-vida\/\" target=\"_blank\" rel=\"noreferrer noopener\" data-auth=\"NotApplicable\" data-linkindex=\"11\">Congreso Futuro 2026: cient\u00edficos y cient\u00edficas invitaron a siempre repensar la vida. Se refiere Roberto Jara, director de Investigaci\u00f3n.<\/a>\u00a0<\/div><div class=\"x_elementToProof\" aria-hidden=\"true\">\u00a0<\/div><div class=\"x_elementToProof\"><b>UCM<\/b>\u00a0<br \/><a id=\"OWA1cff7eaa-2cd9-b38c-6301-283715e2ae54\" class=\"x_Hyperlink x_SCXW25298297 x_BCX4 x_OWAAutoLink\" title=\"https:\/\/www.ucm.cl\/noticias\/congreso-futuro-2026-cientificos-y-cientificas-invitaron-a-repensar-la-vida\/\" href=\"https:\/\/www.ucm.cl\/noticias\/congreso-futuro-2026-cientificos-y-cientificas-invitaron-a-repensar-la-vida\/\" target=\"_blank\" rel=\"noreferrer noopener\" data-auth=\"NotApplicable\" data-linkindex=\"12\">Congreso Futuro 2026: cient\u00edficos y cient\u00edficas invitaron a repensar la vida. Se refiere Roberto Jara, director de Investigaci\u00f3n.<\/a>\u00a0<\/div><div class=\"x_elementToProof\" aria-hidden=\"true\">\u00a0<\/div><div class=\"x_elementToProof\"><b>CANAL TV5 LINARES<\/b>\u00a0<br \/><a id=\"OWAf0d1fc65-6d17-addd-ed9b-2e35071a91d0\" class=\"x_Hyperlink x_SCXW25298297 x_BCX4 x_OWAAutoLink\" title=\"https:\/\/www.litoralpress.cl\/sitio\/RadioTV_Detalles.cshtml?LPKey=SYA6EZHJPEX5572Q42BYHEFEBVEYP52YXN5R7VFKIFMMUACLUOR5WIFGZF55GLV6XFRKDIAVYDI4E\" href=\"https:\/\/www.litoralpress.cl\/sitio\/RadioTV_Detalles.cshtml?LPKey=SYA6EZHJPEX5572Q42BYHEFEBVEYP52YXN5R7VFKIFMMUACLUOR5WIFGZF55GLV6XFRKDIAVYDI4E\" target=\"_blank\" rel=\"noreferrer noopener\" data-auth=\"NotApplicable\" data-linkindex=\"13\">Innovar es local\u00a0cap\u00a028 \u2013 Miguel Arriagada, director Escuela\u00a0Ingener\u00eda\u00a0Civil en obras Civiles.<\/a>\u00a0\u00a0<br \/>\u00a0<\/div><div class=\"x_elementToProof\"><b>CANAL TV5 LINARES<\/b>\u00a0<br \/><a id=\"OWAa263b083-9ed1-29f9-47ed-e4ea4cf52d39\" class=\"x_Hyperlink x_SCXW25298297 x_BCX4 x_OWAAutoLink\" title=\"https:\/\/www.litoralpress.cl\/sitio\/RadioTV_Detalles.cshtml?LPKey=36J7ANPN5EAMZP57247FBUJ5VL6MNUO7OCKXJDDKCFMUFIL5IDALZBL2GBNPGJVI62UGDEOBEUBOM\" href=\"https:\/\/www.litoralpress.cl\/sitio\/RadioTV_Detalles.cshtml?LPKey=36J7ANPN5EAMZP57247FBUJ5VL6MNUO7OCKXJDDKCFMUFIL5IDALZBL2GBNPGJVI62UGDEOBEUBOM\" target=\"_blank\" rel=\"noreferrer noopener\" data-auth=\"NotApplicable\" data-linkindex=\"14\">Sarampi\u00f3n y vacunaci\u00f3n. Se refiere \u00c9rika Retamal, directora de Departamento de Salud P\u00fablica.<\/a>\u00a0<\/div><div class=\"x_elementToProof\" aria-hidden=\"true\">\u00a0<\/div><div class=\"x_elementToProof\"><b>DIARIO TALCA<\/b>\u00a0<br \/><a id=\"OWAe9b16799-4dc8-c330-0aec-753637e15ae8\" class=\"x_Hyperlink x_SCXW25298297 x_BCX4 x_OWAAutoLink\" title=\"https:\/\/www.litoralpress.cl\/sitio\/Prensa_Detalles.cshtml?LPKey=NUKRNRHMFCQWDSDXASAQWGNE4AELJTFGJQ64M3KR2JNWIBBX7KOQ\" href=\"https:\/\/www.litoralpress.cl\/sitio\/Prensa_Detalles.cshtml?LPKey=NUKRNRHMFCQWDSDXASAQWGNE4AELJTFGJQ64M3KR2JNWIBBX7KOQ\" target=\"_blank\" rel=\"noreferrer noopener\" data-auth=\"NotApplicable\" data-linkindex=\"15\">Paso decisivo en Proyecto de Centro C\u00edvico en el terreno de la c\u00e1rcel en la Alameda de Talca. Se refiere Andr\u00e9s\u00a0Maraga\u00f1o, acad\u00e9mico Escuela de Arquitectura.<\/a>\u00a0<\/div><div class=\"x_elementToProof\" aria-hidden=\"true\">\u00a0<\/div><div class=\"x_elementToProof\"><b>S\u00c9PTIMA P\u00c1GINA NOTICIAS<\/b>\u00a0<br \/><a id=\"OWA9dd52760-98bd-c70c-5643-655d4badb3fc\" class=\"x_Hyperlink x_SCXW25298297 x_BCX4 x_OWAAutoLink\" title=\"https:\/\/www.septimapaginanoticias.cl\/talca-municipio-da-paso-clave-hacia-su-centro-civico-con-firma-de-protocolo-con-ministerio-de-justicia-por-terreno-de-la-actual-carcel\" href=\"https:\/\/www.septimapaginanoticias.cl\/talca-municipio-da-paso-clave-hacia-su-centro-civico-con-firma-de-protocolo-con-ministerio-de-justicia-por-terreno-de-la-actual-carcel\" target=\"_blank\" rel=\"noreferrer noopener\" data-auth=\"NotApplicable\" data-linkindex=\"16\">Talca: municipio da paso clave hacia su Centro C\u00edvico con firma de protocolo con Ministerio de Justicia por terreno de la actual c\u00e1rcel. Se refiere\u00a0Andr\u00e9s Maraga\u00f1o, acad\u00e9mico\u00a0Escuela de Arquitectura.<\/a>\u00a0\u00a0<\/div><div class=\"x_elementToProof\" aria-hidden=\"true\">\u00a0<\/div><div class=\"x_elementToProof\"><b>EL MAULE INFORMA<\/b>\u00a0<br \/><a id=\"OWA356c90c0-503f-ab5a-9b5a-cb7323541392\" class=\"x_Hyperlink x_SCXW25298297 x_BCX4 x_OWAAutoLink\" title=\"https:\/\/elmauleinforma.cl\/municipalidad-de-talca-da-paso-clave-hacia-su-centro-civico-con-firma-de-protocolo-con-ministerio-de-justicia-por-terreno-de-la-actual-carcel\/\" href=\"https:\/\/elmauleinforma.cl\/municipalidad-de-talca-da-paso-clave-hacia-su-centro-civico-con-firma-de-protocolo-con-ministerio-de-justicia-por-terreno-de-la-actual-carcel\/\" target=\"_blank\" rel=\"noreferrer noopener\" data-auth=\"NotApplicable\" data-linkindex=\"17\">Municipalidad de Talca da paso clave hacia su Centro C\u00edvico con firma de protocolo con Ministerio de Justicia por terreno de la actual c\u00e1rcel. Se refiere Andr\u00e9s Maraga\u00f1o, acad\u00e9mico Escuela de Arquitectura.<\/a>\u00a0<br \/>\u00a0<\/div><div class=\"x_elementToProof\"><b>RADIO LAUTARO<\/b>\u00a0<br \/><a id=\"OWA7ccc1254-32c6-862d-50ca-c4bf3165c2d8\" class=\"x_Hyperlink x_SCXW25298297 x_BCX4 x_OWAAutoLink\" title=\"https:\/\/radiolautarotalca.cl\/municipalidad-de-talca-da-paso-clave-hacia-su-centro-civico-con-firma-de-protocolo-con-ministerio-de-justicia-por-terreno-de-la-actual-carcel\/\" href=\"https:\/\/radiolautarotalca.cl\/municipalidad-de-talca-da-paso-clave-hacia-su-centro-civico-con-firma-de-protocolo-con-ministerio-de-justicia-por-terreno-de-la-actual-carcel\/\" target=\"_blank\" rel=\"noreferrer noopener\" data-auth=\"NotApplicable\" data-linkindex=\"18\">Municipalidad de Talca da paso clave hacia su Centro C\u00edvico con firma de protocolo con Ministerio de Justicia por terreno de la actual c\u00e1rcel.\u00a0Se refiere Andr\u00e9s\u00a0Maraga\u00f1o, acad\u00e9mico Escuela de Arquitectura.<\/a>\u00a0<\/div><div class=\"x_elementToProof\" aria-hidden=\"true\">\u00a0<\/div><div class=\"x_elementToProof\"><b>RED BIOBIO<\/b>\u00a0<br \/><a id=\"OWAb8c69547-61b5-45a9-6055-3366c7d4b35f\" class=\"x_Hyperlink x_SCXW25298297 x_BCX4 x_OWAAutoLink\" title=\"https:\/\/redbiobio.com\/talca-da-paso-clave-para-su-centro-civico-con-acuerdo-entre-municipio-y\" href=\"https:\/\/redbiobio.com\/talca-da-paso-clave-para-su-centro-civico-con-acuerdo-entre-municipio-y\" target=\"_blank\" rel=\"noreferrer noopener\" data-auth=\"NotApplicable\" data-linkindex=\"19\">Talca da paso clave para su Centro C\u00edvico con acuerdo entre municipio y Ministerio de Justicia. Se refiere Andr\u00e9s Maraga\u00f1o, acad\u00e9mico Escuela de Arquitectura.<\/a>\u00a0<\/div><div class=\"x_elementToProof\" aria-hidden=\"true\">\u00a0<\/div><div class=\"x_elementToProof\"><b>CANAL 30 LONCOMILLA<\/b>\u00a0<br \/><a id=\"OWAde98063b-680c-ccf5-c4c2-930af4e02106\" class=\"x_Hyperlink x_SCXW25298297 x_BCX4 x_OWAAutoLink\" title=\"https:\/\/www.litoralpress.cl\/sitio\/RadioTV_Detalles.cshtml?LPKey=4IFZ37PYKEPG5MV56GBM7HZCGAGUFEOYB4QMGXGFLWUO4RFNYBCRTNCLOXIVYJEUSDNCMACCFDUHM\" href=\"https:\/\/www.litoralpress.cl\/sitio\/RadioTV_Detalles.cshtml?LPKey=4IFZ37PYKEPG5MV56GBM7HZCGAGUFEOYB4QMGXGFLWUO4RFNYBCRTNCLOXIVYJEUSDNCMACCFDUHM\" target=\"_blank\" rel=\"noreferrer noopener\" data-auth=\"NotApplicable\" data-linkindex=\"20\">Altas temperaturas. Se refiere Mar\u00eda Ester\u00a0M\u00fa\u00f1oz, acad\u00e9mica Escuela de\u00a0Enfermer\u00eda.<\/a>\u00a0\u00a0<\/div><div class=\"x_elementToProof\" aria-hidden=\"true\">\u00a0<\/div><div class=\"x_elementToProof\"><b>EMOL<\/b>\u00a0<br \/><a id=\"OWAa765a23d-66b3-e029-2aed-cc1be8d8e263\" class=\"x_Hyperlink x_SCXW25298297 x_BCX4 x_OWAAutoLink\" title=\"https:\/\/www.emol.com\/noticias\/Nacional\/2026\/01\/16\/1188785\/legados-boric-centro-izquierda-pc.html\" href=\"https:\/\/www.emol.com\/noticias\/Nacional\/2026\/01\/16\/1188785\/legados-boric-centro-izquierda-pc.html\" target=\"_blank\" rel=\"noreferrer noopener\" data-auth=\"NotApplicable\" data-linkindex=\"21\">Cuando se acaba el poder: La ca\u00edda de uno de los principales legados que buscaba\u00a0Boric\u00a0tras quiebre con\u00a0la centro\u00a0izquierda. Se refiere Mario Herrera, acad\u00e9mico Centro de An\u00e1lisis Pol\u00edtico (CAP).<\/a>\u00a0<\/div><div class=\"x_elementToProof\" aria-hidden=\"true\">\u00a0<\/div><div class=\"x_elementToProof\"><b>RADIO INFINITA<\/b>\u00a0<br \/><a id=\"OWAe66e8ec7-634b-7d28-0b36-b0092af18dcd\" class=\"x_Hyperlink x_SCXW25298297 x_BCX4 x_OWAAutoLink\" title=\"https:\/\/www.litoralpress.cl\/sitio\/RadioTV_Detalles.cshtml?LPKey=DAUFXO6RO7VP35LUBUDGTXXEVPDSTEOCXKEX3OJ4OZYYIPRV5VPJHROUHYSDMMVFBYZTFBCQIP52K\" href=\"https:\/\/www.litoralpress.cl\/sitio\/RadioTV_Detalles.cshtml?LPKey=DAUFXO6RO7VP35LUBUDGTXXEVPDSTEOCXKEX3OJ4OZYYIPRV5VPJHROUHYSDMMVFBYZTFBCQIP52K\" target=\"_blank\" rel=\"noreferrer noopener\" data-auth=\"NotApplicable\" data-linkindex=\"22\">An\u00e1lisis pol\u00edtico de la jornada. Se refiere Mauricio Morales, director de Centro de An\u00e1lisis Pol\u00edtico (CAP).<\/a>\u00a0<\/div><div class=\"x_elementToProof\">\u00a0<br \/><b>MARGA\u00a0MARGA\u00a0ONLINE<\/b>\u00a0<br \/><a id=\"OWA86916904-1848-3886-2583-182d77311603\" class=\"x_Hyperlink x_SCXW25298297 x_BCX4 x_OWAAutoLink\" title=\"https:\/\/margamargaonline.cl\/los-presidentes-se-deben-cuidar-de-tener-un-conflicto-interno-experto-y-decision-del-pnl-de-no-participar-del-gobierno-de-kast\/\" href=\"https:\/\/margamargaonline.cl\/los-presidentes-se-deben-cuidar-de-tener-un-conflicto-interno-experto-y-decision-del-pnl-de-no-participar-del-gobierno-de-kast\/\" target=\"_blank\" rel=\"noreferrer noopener\" data-auth=\"NotApplicable\" data-linkindex=\"23\">\u201cLos presidentes se deben cuidar de tener un conflicto interno\u201d: Experto y decisi\u00f3n del PNL de no participar del gobierno de Kast.\u00a0Se refiere Mario Herrera, acad\u00e9mico Centro de An\u00e1lisis Pol\u00edtico (CAP).<\/a>\u00a0<\/div><div class=\"x_elementToProof\" aria-hidden=\"true\">\u00a0<\/div><div class=\"x_elementToProof\"><b>RADIO BIOBIO<\/b>\u00a0<br \/><a id=\"OWAd5f2750b-46ba-ba94-81d0-ccadec175c47\" class=\"x_Hyperlink x_SCXW25298297 x_BCX4 x_OWAAutoLink\" title=\"https:\/\/www.litoralpress.cl\/sitio\/RadioTV_Detalles.cshtml?LPKey=C3VKEB6CIOQDXVGNARWTBPMQQSWVUGAWYC67IHLIE2GCCDRI7CMWS7ZFV64KAXFGGL3ID3TSZKVNM\" href=\"https:\/\/www.litoralpress.cl\/sitio\/RadioTV_Detalles.cshtml?LPKey=C3VKEB6CIOQDXVGNARWTBPMQQSWVUGAWYC67IHLIE2GCCDRI7CMWS7ZFV64KAXFGGL3ID3TSZKVNM\" target=\"_blank\" rel=\"noreferrer noopener\" data-auth=\"NotApplicable\" data-linkindex=\"24\">Jeannette Jara eval\u00faa renunciar al PC por las tensiones dentro de la colectividad.\u00a0Se refiere Mario Herrera, acad\u00e9mico Centro de An\u00e1lisis Pol\u00edtico (CAP).<\/a>\u00a0<\/div><div class=\"x_elementToProof\" aria-hidden=\"true\">\u00a0<\/div><div class=\"x_elementToProof\"><b>LA PRENSA DE\u00a0CURIC\u00d3<\/b>\u00a0<br \/><a id=\"OWA520c7f75-24c1-3be7-33e8-2d5b0b900e25\" class=\"x_Hyperlink x_SCXW25298297 x_BCX4 x_OWAAutoLink\" title=\"https:\/\/www.litoralpress.cl\/sitio\/Prensa_Detalles.cshtml?LPKey=UJICVNCLVE2XQV7Q2WUKURGANVLFSJEKTOGA74KIFWO6E2SIZ3AA\" href=\"https:\/\/www.litoralpress.cl\/sitio\/Prensa_Detalles.cshtml?LPKey=UJICVNCLVE2XQV7Q2WUKURGANVLFSJEKTOGA74KIFWO6E2SIZ3AA\" target=\"_blank\" rel=\"noreferrer noopener\" data-auth=\"NotApplicable\" data-linkindex=\"25\">Estudio de Universidad de Talca revela que derivado del Omega 3 podr\u00eda disminuir da\u00f1o hep\u00e1tico por diabetes. Se refieren Roxana Orrego y J\u00e9ssica Z\u00fa\u00f1iga, acad\u00e9micas Facultad de Ciencias de la Salud.<\/a>\u00a0<br \/>\u00a0<\/div><div class=\"x_elementToProof\" aria-hidden=\"true\">\u00a0<\/div><div class=\"x_elementToProof\"><b>REVISTA ECOCIENCIAS<\/b>\u00a0<br \/><a id=\"OWA26cd7f25-9c20-2bd3-494f-bb5d4e99b72f\" class=\"x_Hyperlink x_SCXW25298297 x_BCX4 x_OWAAutoLink\" title=\"https:\/\/revistaecociencias.cl\/2026\/01\/16\/meteotsunami-en-argentina-el-fenomeno-atmosferico-poco-conocido-que-tambien-amenaza-las-costas-de-chile\/\" href=\"https:\/\/revistaecociencias.cl\/2026\/01\/16\/meteotsunami-en-argentina-el-fenomeno-atmosferico-poco-conocido-que-tambien-amenaza-las-costas-de-chile\/\" target=\"_blank\" rel=\"noreferrer noopener\" data-auth=\"NotApplicable\" data-linkindex=\"26\">Meteotsunami en Argentina: el fen\u00f3meno atmosf\u00e9rico poco conocido que tambi\u00e9n amenaza las costas de Chile. Se menciona la Universidad de Talca.<\/a>\u00a0<\/div><div class=\"x_elementToProof\" aria-hidden=\"true\">\u00a0<\/div><div class=\"x_elementToProof\"><b>\u00a0EL MERCURIO LEGAL<\/b>\u00a0<br \/><a id=\"OWAa0877172-a1e5-307d-0eae-b33a60318d27\" class=\"x_Hyperlink x_SCXW25298297 x_BCX4 x_OWAAutoLink\" title=\"https:\/\/www.elmercurio.com\/legal\/Registro\/Login.aspx?urlBack=\/Legal\/Noticias\/Noticias-y-reportajes\/2026\/01\/16\/915819\/nuevo-decano-universidad-de-talca.aspx\" href=\"https:\/\/www.elmercurio.com\/legal\/Registro\/Login.aspx?urlBack=\/Legal\/Noticias\/Noticias-y-reportajes\/2026\/01\/16\/915819\/nuevo-decano-universidad-de-talca.aspx\" target=\"_blank\" rel=\"noreferrer noopener\" data-auth=\"NotApplicable\" data-linkindex=\"27\">Iv\u00e1n Obando es reelegido decano de Ciencias Jur\u00eddicas y Sociales en la Universidad de Talca. Se\u00a0menciona\u00a0la Universidad de Talca.<\/a>\u00a0<\/div><div class=\"x_elementToProof\" aria-hidden=\"true\">\u00a0<\/div><div class=\"x_elementToProof\"><b>EL MERCURIO<\/b>\u00a0<br \/><a id=\"OWA2814d9e3-ddab-2759-800d-7b7edbb21e14\" class=\"x_Hyperlink x_SCXW25298297 x_BCX4 x_OWAAutoLink\" title=\"https:\/\/www.litoralpress.cl\/sitio\/Prensa_Detalles.cshtml?LPKey=5IDSZNEQCLHNS2GN6Y42FKWCXNLVZ7NG7LXGTGGNLLF7GX5GNWUA\" href=\"https:\/\/www.litoralpress.cl\/sitio\/Prensa_Detalles.cshtml?LPKey=5IDSZNEQCLHNS2GN6Y42FKWCXNLVZ7NG7LXGTGGNLLF7GX5GNWUA\" target=\"_blank\" rel=\"noreferrer noopener\" data-auth=\"NotApplicable\" data-linkindex=\"28\">\u201cInfluy\u00f3 en mi forma de entender lo que estoy estudiando\u201d: las lecciones que dejan los trabajos de verano. Se menciona la Universidad de Talca.<\/a>\u00a0<\/div><div class=\"x_elementToProof\" aria-hidden=\"true\">\u00a0<\/div><div class=\"x_elementToProof\"><b>LA TERCERA<\/b>\u00a0<br \/><a id=\"OWA3280a799-c4ae-1fd9-5fe0-17293c17e76a\" class=\"x_Hyperlink x_SCXW25298297 x_BCX4 x_OWAAutoLink\" title=\"https:\/\/www.litoralpress.cl\/sitio\/Prensa_Detalles.cshtml?LPKey=UORWOVPEDP7WTQFDDAIRUX7TYTDAWSHG7CTZPKVO4DBKPXTTRHIA\" href=\"https:\/\/www.litoralpress.cl\/sitio\/Prensa_Detalles.cshtml?LPKey=UORWOVPEDP7WTQFDDAIRUX7TYTDAWSHG7CTZPKVO4DBKPXTTRHIA\" target=\"_blank\" rel=\"noreferrer noopener\" data-auth=\"NotApplicable\" data-linkindex=\"29\">CENAMAD presenta su Cuenta P\u00fablica y consolida su liderazgo en la construcci\u00f3n en madera. Se menciona la Universidad de Talca.<\/a>\u00a0<\/div><div class=\"x_elementToProof\" aria-hidden=\"true\">\u00a0<\/div>\t\t\t\t\t\t<\/div>\n\t\t\t\t<\/div>\n\t\t\t\t\t<\/div>\n\t\t<\/div>\n\t\t\t\t\t\t\t<\/div>\n\t\t<\/section>\n\t\t\t\t\t\t<\/div>\n\t\t\t\t\t<\/div>\n\t\t","protected":false},"excerpt":{"rendered":"<p>COOPERATIVA CIENCIA\u00a0PRISMA: El proyecto liderado desde Chile para frenar la amenaza de plantas invasoras en la Ant\u00e1rtica. Se refiere Ian Acu\u00f1a Rodr\u00edguez, investigador Centro de Ecolog\u00eda Integrativa\u00a0\u00a0RADIO POLAR\u00a0PRISMA: El proyecto liderado desde Chile para frenar la amenaza de plantas invasoras en la Ant\u00e1rtica. Se refiere Ian Acu\u00f1a Rodr\u00edguez, investigador Centro de Ecolog\u00eda Integrativa\u00a0\u00a0EL HERALDO\u00a0UTalca matricular\u00e1 &hellip;<\/p>\n<p class=\"read-more\"> <a class=\"\" href=\"https:\/\/www.reportedeprensa.utalca.cl\/?p=13212\"> <span class=\"screen-reader-text\">19 de enero 2026<\/span> Read More &raquo;<\/a><\/p>\n","protected":false},"author":1,"featured_media":0,"comment_status":"closed","ping_status":"open","sticky":false,"template":"","format":"standard","meta":{"_monsterinsights_skip_tracking":false,"_monsterinsights_sitenote_active":false,"_monsterinsights_sitenote_note":"","_monsterinsights_sitenote_category":0},"categories":[67],"tags":[],"_links":{"self":[{"href":"https:\/\/www.reportedeprensa.utalca.cl\/index.php?rest_route=\/wp\/v2\/posts\/13212"}],"collection":[{"href":"https:\/\/www.reportedeprensa.utalca.cl\/index.php?rest_route=\/wp\/v2\/posts"}],"about":[{"href":"https:\/\/www.reportedeprensa.utalca.cl\/index.php?rest_route=\/wp\/v2\/types\/post"}],"author":[{"embeddable":true,"href":"https:\/\/www.reportedeprensa.utalca.cl\/index.php?rest_route=\/wp\/v2\/users\/1"}],"replies":[{"embeddable":true,"href":"https:\/\/www.reportedeprensa.utalca.cl\/index.php?rest_route=%2Fwp%2Fv2%2Fcomments&post=13212"}],"version-history":[{"count":5,"href":"https:\/\/www.reportedeprensa.utalca.cl\/index.php?rest_route=\/wp\/v2\/posts\/13212\/revisions"}],"predecessor-version":[{"id":13341,"href":"https:\/\/www.reportedeprensa.utalca.cl\/index.php?rest_route=\/wp\/v2\/posts\/13212\/revisions\/13341"}],"wp:attachment":[{"href":"https:\/\/www.reportedeprensa.utalca.cl\/index.php?rest_route=%2Fwp%2Fv2%2Fmedia&parent=13212"}],"wp:term":[{"taxonomy":"category","embeddable":true,"href":"https:\/\/www.reportedeprensa.utalca.cl\/index.php?rest_route=%2Fwp%2Fv2%2Fcategories&post=13212"},{"taxonomy":"post_tag","embeddable":true,"href":"https:\/\/www.reportedeprensa.utalca.cl\/index.php?rest_route=%2Fwp%2Fv2%2Ftags&post=13212"}],"curies":[{"name":"wp","href":"https:\/\/api.w.org\/{rel}","templated":true}]}}