{"id":13217,"date":"2026-01-21T09:08:20","date_gmt":"2026-01-21T12:08:20","guid":{"rendered":"https:\/\/www.reportedeprensa.utalca.cl\/?p=13217"},"modified":"2026-03-04T13:08:21","modified_gmt":"2026-03-04T16:08:21","slug":"20-de-enero-2026","status":"publish","type":"post","link":"https:\/\/www.reportedeprensa.utalca.cl\/?p=13217","title":{"rendered":"20 de enero 2026"},"content":{"rendered":"\t\t<div data-elementor-type=\"wp-post\" data-elementor-id=\"13217\" class=\"elementor elementor-13217\" data-elementor-settings=\"[]\">\n\t\t\t\t\t\t\t<div class=\"elementor-section-wrap\">\n\t\t\t\t\t\t\t<section class=\"elementor-section elementor-top-section elementor-element elementor-element-bcea1a8 elementor-section-boxed elementor-section-height-default elementor-section-height-default\" data-id=\"bcea1a8\" data-element_type=\"section\">\n\t\t\t\t\t\t<div class=\"elementor-container elementor-column-gap-default\">\n\t\t\t\t\t<div class=\"elementor-column elementor-col-100 elementor-top-column elementor-element elementor-element-e7183bf\" data-id=\"e7183bf\" data-element_type=\"column\">\n\t\t\t<div class=\"elementor-widget-wrap elementor-element-populated\">\n\t\t\t\t\t\t\t\t<div class=\"elementor-element elementor-element-66ef31a elementor-widget elementor-widget-text-editor\" data-id=\"66ef31a\" data-element_type=\"widget\" data-widget_type=\"text-editor.default\">\n\t\t\t\t<div class=\"elementor-widget-container\">\n\t\t\t\t\t\t\t\t<p><b><span data-contrast=\"auto\">EL MERCURIO (PORTADA)<\/span><\/b>\u00a0<br \/><a href=\"https:\/\/www.litoralpress.cl\/sitio\/Prensa_Detalles.cshtml?LPKey=4AJETXEIGC4UHSTTSEHMVXKNE6TR3QGRHTUEUOJILBFYDBX7L6VA\"><span data-contrast=\"none\">Mortal incendio en Biob\u00edo es uno de los tres mayores de la d\u00e9cada. Se refiere Patricio Gonz\u00e1lez\u00a0Colville,\u00a0agroclimat\u00f3logo\u00a0y acad\u00e9mico del Centro de Investigaci\u00f3n y Transferencia en Riego y\u00a0Agroclimatolog\u00eda\u00a0(CITRA).<\/span><\/a><span data-ccp-props=\"{}\">\u00a0<\/span><\/p><p><span data-ccp-props=\"{}\">\u00a0<\/span><\/p><p><b><span data-contrast=\"auto\">EL MERCURIO\u00a0<\/span><\/b>\u00a0<br \/><a href=\"https:\/\/www.litoralpress.cl\/sitio\/Prensa_Detalles.cshtml?LPKey=BDNU7P63W2AEXGNZ4KDADXVPZNCADFC6OQSNXE2RDCS4DXRN6SLA\"><span data-contrast=\"none\">Con avance m\u00e1s veloz que el de Vi\u00f1a de 2024, mortal incendio en Biob\u00edo es uno de los tres mayores de la d\u00e9cada.\u00a0Se refiere Patricio Gonz\u00e1lez\u00a0Colville,\u00a0agroclimat\u00f3logo\u00a0y acad\u00e9mico del Centro de Investigaci\u00f3n y Transferencia en Riego y\u00a0Agroclimatolog\u00eda\u00a0(CITRA).<\/span><\/a><span data-ccp-props=\"{}\">\u00a0<\/span><\/p><p><span data-ccp-props=\"{}\">\u00a0<\/span><\/p><p><b><span data-contrast=\"auto\">EMOL<\/span><\/b>\u00a0<br \/><a href=\"https:\/\/www.emol.com\/noticias\/Nacional\/2026\/01\/19\/1188970\/gobernador-biobio-origen-incendios-forestales.html\"><span data-contrast=\"none\">Gobernador del Biob\u00edo y origen de incendios forestales: &#8216;Es evidente que hay una intencionalidad&#8217;.\u00a0Se refiere Patricio Gonz\u00e1lez\u00a0Colville,\u00a0agroclimat\u00f3logo\u00a0y acad\u00e9mico del Centro de Investigaci\u00f3n y Transferencia en Riego y\u00a0Agroclimatolog\u00eda\u00a0(CITRA).<\/span><\/a><span data-ccp-props=\"{}\">\u00a0<\/span><\/p><p><span data-ccp-props=\"{}\">\u00a0<\/span><\/p><p><b><span data-contrast=\"auto\">CANAL 13C<\/span><\/b>\u00a0<br \/><a href=\"https:\/\/www.litoralpress.cl\/sitio\/RadioTV_Detalles.cshtml?LPKey=CMZND7K5CDZ32JEUANMTOWT45YLXE3XT6ISW4IUCMSORNZ4VMY4ZMQJRN3DRJ7ELOTORYZFYHVXEG\"><span data-contrast=\"none\">Entrevista al profesor Patricio Gonz\u00e1lez. Con avance m\u00e1s veloz que el de Vi\u00f1a de 2024, mortal incendio en Biob\u00edo es uno de los tres mayores de la d\u00e9cada. Se refiere Patricio Gonz\u00e1lez Colville, agroclimat\u00f3logo y acad\u00e9mico del Centro de Investigaci\u00f3n y Transferencia en Riego y Agroclimatolog\u00eda (CITRA).\u00a0<\/span><\/a><span data-contrast=\"auto\">\u00a0<\/span><span data-ccp-props=\"{}\">\u00a0<\/span><\/p><p><span data-ccp-props=\"{}\">\u00a0<\/span><\/p><p><b><span data-contrast=\"auto\">ATENTOS<\/span><\/b>\u00a0<br \/><a href=\"https:\/\/www.atentos.cl\/gobernador-del-biobio-apunta-a-intencionalidad-en-incendios-forestales-y-pide-investigacion-exhaustiva\/\"><span data-contrast=\"none\">Gobernador del Biob\u00edo apunta a intencionalidad en incendios forestales y pide investigaci\u00f3n exhaustiva.\u00a0Se refiere Patricio Gonz\u00e1lez\u00a0Colville,\u00a0agroclimat\u00f3logo\u00a0y acad\u00e9mico del Centro de Investigaci\u00f3n y Transferencia en Riego y\u00a0Agroclimatolog\u00eda\u00a0(CITRA).<\/span><\/a><span data-ccp-props=\"{}\">\u00a0<\/span><\/p><p><span data-ccp-props=\"{}\">\u00a0<\/span><\/p><p><b><span data-contrast=\"auto\">DIARIO USACH<\/span><\/b>\u00a0<br \/><a href=\"https:\/\/www.diariousach.cl\/gobernador-del-biobio-y-origen-de-incendios-forestales-es-evidente-que\"><span data-contrast=\"none\">Gobernador del Biob\u00edo y origen de incendios forestales: &#8220;Es evidente que hay una intencionalidad&#8221;.\u00a0Se refiere Patricio Gonz\u00e1lez\u00a0Colville,\u00a0agroclimat\u00f3logo\u00a0y acad\u00e9mico del Centro de Investigaci\u00f3n y Transferencia en Riego y\u00a0Agroclimatolog\u00eda\u00a0(CITRA).<\/span><\/a><span data-ccp-props=\"{}\">\u00a0<\/span><\/p><p><span data-ccp-props=\"{}\">\u00a0<\/span><\/p><p><b><span data-contrast=\"auto\">LA PRENSA DE CURIC\u00d3<\/span><\/b>\u00a0<br \/><a href=\"https:\/\/www.litoralpress.cl\/sitio\/Prensa_Detalles.cshtml?LPKey=MJTENH3WFYO3HTPXQGJQ5LKLGGJI75VBGJPF2RCSIPGCMYQI5MKQ\"><span data-contrast=\"none\">Convenio entre Universidad de Talca y Embajada de Estados Unidos permiti\u00f3 instruir a 50 docentes.\u00a0Se refiere Rodrigo Palomo, rector (s) y Mauricio V\u00e9liz, decano de Facultad de Ciencias de la Educaci\u00f3n.<\/span><\/a><span data-ccp-props=\"{}\">\u00a0<\/span><\/p><p><span data-ccp-props=\"{}\">\u00a0<\/span><\/p><p><b><span data-contrast=\"auto\">LA PRENSA DE CURIC\u00d3<\/span><\/b>\u00a0<br \/><a href=\"https:\/\/www.litoralpress.cl\/sitio\/Prensa_Detalles.cshtml?LPKey=D63QUL4663U4CPIJ45AX6LN62SRTZBWL3SOW4WLFBXKMVKNB4FZA\"><span data-contrast=\"none\">Docentes maulinos se capacitan para fortalecer la ense\u00f1anza de las ciencias.\u00a0Se refiere C\u00e9sar Retamal, jefe de la Unidad de Divulgaci\u00f3n de la Direcci\u00f3n General de Vinculaci\u00f3n con el Medio y director de Explora Maule y Elisa\u00a0Marinkovic, acad\u00e9mica Departamento de Ciencias B\u00e1sicas Biom\u00e9dicas.<\/span><\/a><span data-ccp-props=\"{}\">\u00a0<\/span><\/p><p><span data-ccp-props=\"{}\">\u00a0<\/span><\/p><p><b><span data-contrast=\"auto\">PORTAL EDUCA<\/span><\/b>\u00a0<br \/><a href=\"https:\/\/portaleduca.cl\/docentes-del-maule-se-capacitan-para-fortalecer-la-ensenanza-de-las-ciencias\/\"><span data-contrast=\"none\">Docentes maulinos se capacitan para fortalecer la ense\u00f1anza de las ciencias. Se refiere C\u00e9sar Retamal, jefe de la Unidad de Divulgaci\u00f3n de la Direcci\u00f3n General de Vinculaci\u00f3n con el Medio y director de Explora Maule y Elisa Marinkovic, acad\u00e9mica Departamento de Ciencias B\u00e1sicas Biom\u00e9dicas.<\/span><\/a>\u00a0<br \/>\u00a0<br \/>\u00a0<br \/><span data-ccp-props=\"{}\">\u00a0<\/span><\/p><p><b><span data-contrast=\"auto\">FM M\u00c1S<\/span><\/b><span data-ccp-props=\"{}\">\u00a0<\/span><\/p><p><a href=\"https:\/\/radiofmmas.cl\/docentes-del-maule-se-capacitan-para-fortalecer-la-ensenanza-de-las-ciencias\/\"><span data-contrast=\"none\">Docentes maulinos se capacitan para fortalecer la ense\u00f1anza de las ciencias. Se refiere C\u00e9sar Retamal, jefe de la Unidad de Divulgaci\u00f3n de la Direcci\u00f3n General de Vinculaci\u00f3n con el Medio y director de Explora Maule y Elisa Marinkovic, acad\u00e9mica Departamento de Ciencias B\u00e1sicas Biom\u00e9dicas.<\/span><\/a>\u00a0<br \/><span data-ccp-props=\"{}\">\u00a0<\/span><\/p><p><b><span data-contrast=\"auto\">PORTAL EDUCA<\/span><\/b>\u00a0<br \/><a href=\"https:\/\/portaleduca.cl\/magister-en-ecologia-aplicada-de-la-utalca-se-acredito-por-siete-anos\/\"><span data-contrast=\"none\">Mag\u00edster en Ecolog\u00eda Aplicada de la UTalca se acredit\u00f3 por siete a\u00f1os. Se refiere Claudio Ram\u00edrez, director Mag\u00edster en Ecolog\u00eda Aplicada.<\/span><\/a><span data-ccp-props=\"{}\">\u00a0<\/span><\/p><p><span data-ccp-props=\"{}\">\u00a0<\/span><\/p><p><b><span data-contrast=\"auto\">FM M\u00c1S<\/span><\/b>\u00a0<br \/><a href=\"https:\/\/radiofmmas.cl\/magister-en-ecologia-aplicada-de-la-utalca-se-acredito-por-siete-anos\/\"><span data-contrast=\"none\">Mag\u00edster en Ecolog\u00eda Aplicada de la UTalca se acredit\u00f3 por siete a\u00f1os. Se refiere Claudio Ram\u00edrez, director Mag\u00edster en Ecolog\u00eda Aplicada.<\/span><\/a><span data-ccp-props=\"{}\">\u00a0<\/span><\/p><p><span data-ccp-props=\"{}\">\u00a0<\/span><\/p><p><span data-ccp-props=\"{}\">\u00a0<\/span><\/p><p><b><span data-contrast=\"auto\">MEGANOTICIAS.CL<\/span><\/b>\u00a0<br \/><a href=\"https:\/\/www.meganoticias.cl\/nacional\/512518-columna-mauricio-morales-proximo-gobierno-jose-antonio-kast-primeros-errores-18-01-2026.html\"><span data-contrast=\"none\">Columna de Mauricio Morales: &#8220;No es tirar y abrazarse&#8221;,\u00a0director de Centro de An\u00e1lisis Pol\u00edtico (CAP).<\/span><\/a><span data-ccp-props=\"{}\">\u00a0<\/span><\/p><p><span data-ccp-props=\"{}\">\u00a0<\/span><\/p><p><span data-ccp-props=\"{}\">\u00a0<\/span><\/p><p><b><span data-contrast=\"auto\">RADIO INFINITA<\/span><\/b>\u00a0<br \/><a href=\"https:\/\/www.litoralpress.cl\/sitio\/RadioTV_Detalles.cshtml?LPKey=LT6V4FUVCEMDQ75HFBV6JKI2WKEXB46T4CECJFFZDZT37S5ZKMF65H3NHSXXUFKCLXJJCWZZEFB4Y\"><span data-contrast=\"none\">An\u00e1lisis pol\u00edtico. Se refiere Mauricio Morales, director de Centro de An\u00e1lisis Pol\u00edtico (CAP).<\/span><\/a><span data-ccp-props=\"{}\">\u00a0<\/span><\/p><p><span data-ccp-props=\"{}\">\u00a0<\/span><\/p><p><b><span data-contrast=\"auto\">DIARIO EL CENTRO<\/span><\/b>\u00a0<br \/><a href=\"https:\/\/www.diarioelcentro.cl\/2026\/01\/19\/envejecimiento-digno-una-ley-aprobada-una-responsabilidad-que-comienza-2\/\"><span data-contrast=\"none\">Envejecimiento digno: una ley aprobada, una responsabilidad que comienza. Se refiere Iv\u00e1n Palomo, director del Centro de Longevidad VITALIS<\/span><\/a><span data-ccp-props=\"{}\">\u00a0<\/span><\/p><p><span data-ccp-props=\"{}\">\u00a0<\/span><\/p><p><b><span data-contrast=\"auto\">DIARIO EL CENTRO<\/span><\/b>\u00a0<br \/><a href=\"https:\/\/www.diarioelcentro.cl\/2026\/01\/19\/universidad-de-talca-enfrenta-eleccion-de-rector-y-se-debate-entre-continuidad-o-cambio\/\"><span data-contrast=\"none\">Universidad de Talca enfrenta elecci\u00f3n de rector y se debate entre continuidad o cambio. Se menciona la Universidad de Talca.<\/span><\/a><span data-contrast=\"auto\">\u00a0<\/span><span data-ccp-props=\"{}\">\u00a0<\/span><\/p><p><span data-ccp-props=\"{}\">\u00a0<\/span><\/p><p><b><span data-contrast=\"auto\">RADIO INFINITA<\/span><\/b>\u00a0<br \/><a href=\"https:\/\/www.litoralpress.cl\/sitio\/RadioTV_Detalles.cshtml?LPKey=PTD4WDOV4US3AT2M4XUZ6LFDUTXKMJ6LRXDN32BHE4BI76U4D2NA5CQP2W5UXZ52DUUGDITBMNT6K\"><span data-contrast=\"none\">Incendios forestales en la regi\u00f3n de \u00d1uble y\u00a0BioB\u00edo. Se menciona la Universidad de Talca.<\/span><\/a><span data-contrast=\"auto\">\u00a0<\/span><span data-ccp-props=\"{}\">\u00a0<\/span><\/p><p><span data-ccp-props=\"{}\">\u00a0<\/span><\/p><p><b><span data-contrast=\"auto\">RADIO SAGO<\/span><\/b>\u00a0<br \/><a href=\"https:\/\/www.litoralpress.cl\/sitio\/RadioTV_Detalles.cshtml?LPKey=ANIH2BADTQGHEVUTW64HUIDFGFHY3OR2DYA4RD3QMPS2VDDGON7O72R4UEG7OUDFQGQW\"><span data-contrast=\"none\">Gobernador del Biob\u00edo y origen de incendios forestales. Se menciona la Universidad de Talca.<\/span><\/a><span data-contrast=\"auto\">\u00a0<\/span><span data-ccp-props=\"{}\">\u00a0<\/span><\/p><p>\u00a0<br \/><b><span data-contrast=\"auto\">MSN CHILE<\/span><\/b>\u00a0<br \/><a href=\"https:\/\/www.msn.com\/es-cl\/noticias\/other\/calor-insoportable-estas-soluciones-permiten-reducir-hasta-15-c-la-temperatura-del-hogar\/ar-AA1UvPeM\"><span data-contrast=\"none\">\u00bfCalor insoportable: Estas soluciones permiten reducir hasta 15 \u00b0C la temperatura del hogar. Se menciona la Universidad de Talca.<\/span><\/a><span data-ccp-props=\"{}\">\u00a0<\/span><\/p><p><span data-ccp-props=\"{}\">\u00a0<\/span><\/p><p><b><span data-contrast=\"auto\">LA HORA<\/span><\/b>\u00a0<br \/><a href=\"https:\/\/www.lahora.cl\/cronica\/2026\/01\/19\/calor-insoportable-estas-soluciones-permiten-reducir-hasta-15-c-la-temperatura-del-hogar\/\"><span data-contrast=\"none\">\u00bfCalor insoportable: Estas soluciones permiten reducir hasta 15 \u00b0C la temperatura del hogar. Se menciona la Universidad de Talca.<\/span><\/a><span data-ccp-props=\"{}\">\u00a0<\/span><\/p><p><span data-ccp-props=\"{}\">\u00a0<\/span><\/p><p><b><span data-contrast=\"auto\">EL PERIODISTA<\/span><\/b>\u00a0<br \/><a href=\"https:\/\/www.elperiodista.cl\/2026\/01\/calor-insoportable-estas-soluciones-permiten-reducir-hasta-15-c-la-temperatura-del-hogar\/\"><span data-contrast=\"none\">\u00bfCalor insoportable: Estas soluciones permiten reducir hasta 15 \u00b0C la temperatura del hogar. Se menciona la Universidad de Talca.<\/span><\/a><span data-ccp-props=\"{}\">\u00a0<\/span><\/p><p><span data-ccp-props=\"{}\">\u00a0<\/span><\/p><p><b><span data-contrast=\"auto\">LINARES EN L\u00cdNEA<\/span><\/b>\u00a0<br \/><a href=\"https:\/\/www.linaresenlinea.cl\/2026\/01\/19\/vuelta-ciclista-maule-centro-2026-entra-en-tierra-derecha-cuatro-dias-de-competencia-y-sello-internacional\/\"><span data-contrast=\"none\">Vuelta Ciclista Maule Centro 2026 entra en tierra derecha: cuatro d\u00edas de competencia y sello internacional. Se menciona la Universidad de Talca.\u00a0<\/span><\/a><span data-ccp-props=\"{}\">\u00a0<\/span><\/p><p><span data-ccp-props=\"{}\">\u00a0<\/span><\/p><p><b><span data-contrast=\"auto\">RADIO FM M\u00c1S<\/span><\/b>\u00a0<br \/><a href=\"https:\/\/radiofmmas.cl\/vuelta-ciclista-maule-centro-2026-todo-listo-para-hacer-historia\/\"><span data-contrast=\"none\">Vuelta Ciclista Maule Centro 2026: \u00a1Todo listo para hacer historia! Se menciona la Universidad de Talca.<\/span><\/a><span data-contrast=\"auto\">\u00a0<\/span><span data-ccp-props=\"{}\">\u00a0<\/span><\/p><p><span data-ccp-props=\"{}\">\u00a0<\/span><\/p>\t\t\t\t\t\t<\/div>\n\t\t\t\t<\/div>\n\t\t\t\t\t<\/div>\n\t\t<\/div>\n\t\t\t\t\t\t\t<\/div>\n\t\t<\/section>\n\t\t\t\t\t\t<\/div>\n\t\t\t\t\t<\/div>\n\t\t","protected":false},"excerpt":{"rendered":"<p>EL MERCURIO (PORTADA)\u00a0Mortal incendio en Biob\u00edo es uno de los tres mayores de la d\u00e9cada. Se refiere Patricio Gonz\u00e1lez\u00a0Colville,\u00a0agroclimat\u00f3logo\u00a0y acad\u00e9mico del Centro de Investigaci\u00f3n y Transferencia en Riego y\u00a0Agroclimatolog\u00eda\u00a0(CITRA).\u00a0 \u00a0 EL MERCURIO\u00a0\u00a0Con avance m\u00e1s veloz que el de Vi\u00f1a de 2024, mortal incendio en Biob\u00edo es uno de los tres mayores de la d\u00e9cada.\u00a0Se refiere &hellip;<\/p>\n<p class=\"read-more\"> <a class=\"\" href=\"https:\/\/www.reportedeprensa.utalca.cl\/?p=13217\"> <span class=\"screen-reader-text\">20 de enero 2026<\/span> Read More &raquo;<\/a><\/p>\n","protected":false},"author":1,"featured_media":0,"comment_status":"closed","ping_status":"open","sticky":false,"template":"","format":"standard","meta":{"_monsterinsights_skip_tracking":false,"_monsterinsights_sitenote_active":false,"_monsterinsights_sitenote_note":"","_monsterinsights_sitenote_category":0},"categories":[67],"tags":[],"_links":{"self":[{"href":"https:\/\/www.reportedeprensa.utalca.cl\/index.php?rest_route=\/wp\/v2\/posts\/13217"}],"collection":[{"href":"https:\/\/www.reportedeprensa.utalca.cl\/index.php?rest_route=\/wp\/v2\/posts"}],"about":[{"href":"https:\/\/www.reportedeprensa.utalca.cl\/index.php?rest_route=\/wp\/v2\/types\/post"}],"author":[{"embeddable":true,"href":"https:\/\/www.reportedeprensa.utalca.cl\/index.php?rest_route=\/wp\/v2\/users\/1"}],"replies":[{"embeddable":true,"href":"https:\/\/www.reportedeprensa.utalca.cl\/index.php?rest_route=%2Fwp%2Fv2%2Fcomments&post=13217"}],"version-history":[{"count":5,"href":"https:\/\/www.reportedeprensa.utalca.cl\/index.php?rest_route=\/wp\/v2\/posts\/13217\/revisions"}],"predecessor-version":[{"id":13340,"href":"https:\/\/www.reportedeprensa.utalca.cl\/index.php?rest_route=\/wp\/v2\/posts\/13217\/revisions\/13340"}],"wp:attachment":[{"href":"https:\/\/www.reportedeprensa.utalca.cl\/index.php?rest_route=%2Fwp%2Fv2%2Fmedia&parent=13217"}],"wp:term":[{"taxonomy":"category","embeddable":true,"href":"https:\/\/www.reportedeprensa.utalca.cl\/index.php?rest_route=%2Fwp%2Fv2%2Fcategories&post=13217"},{"taxonomy":"post_tag","embeddable":true,"href":"https:\/\/www.reportedeprensa.utalca.cl\/index.php?rest_route=%2Fwp%2Fv2%2Ftags&post=13217"}],"curies":[{"name":"wp","href":"https:\/\/api.w.org\/{rel}","templated":true}]}}