{"id":13226,"date":"2026-01-21T09:13:39","date_gmt":"2026-01-21T12:13:39","guid":{"rendered":"https:\/\/www.reportedeprensa.utalca.cl\/?p=13226"},"modified":"2026-03-04T13:07:03","modified_gmt":"2026-03-04T16:07:03","slug":"21-de-enero-2026","status":"publish","type":"post","link":"https:\/\/www.reportedeprensa.utalca.cl\/?p=13226","title":{"rendered":"21 de enero 2026"},"content":{"rendered":"\t\t<div data-elementor-type=\"wp-post\" data-elementor-id=\"13226\" class=\"elementor elementor-13226\" data-elementor-settings=\"[]\">\n\t\t\t\t\t\t\t<div class=\"elementor-section-wrap\">\n\t\t\t\t\t\t\t<section class=\"elementor-section elementor-top-section elementor-element elementor-element-bcea1a8 elementor-section-boxed elementor-section-height-default elementor-section-height-default\" data-id=\"bcea1a8\" data-element_type=\"section\">\n\t\t\t\t\t\t<div class=\"elementor-container elementor-column-gap-default\">\n\t\t\t\t\t<div class=\"elementor-column elementor-col-100 elementor-top-column elementor-element elementor-element-e7183bf\" data-id=\"e7183bf\" data-element_type=\"column\">\n\t\t\t<div class=\"elementor-widget-wrap elementor-element-populated\">\n\t\t\t\t\t\t\t\t<div class=\"elementor-element elementor-element-66ef31a elementor-widget elementor-widget-text-editor\" data-id=\"66ef31a\" data-element_type=\"widget\" data-widget_type=\"text-editor.default\">\n\t\t\t\t<div class=\"elementor-widget-container\">\n\t\t\t\t\t\t\t\t<div class=\"x_elementToProof\"><b data-olk-copy-source=\"MessageBody\">COOPERATIVA CIENCIA<\/b>\u00a0<br \/><a id=\"OWAdd30fa00-771e-3fcf-2c42-95b7557605ee\" class=\"x_Hyperlink x_SCXW235332745 x_BCX0 x_OWAAutoLink\" title=\"https:\/\/www.litoralpress.cl\/sitio\/RadioTV_Detalles.cshtml?LPKey=KF7NWUCVVI2KP43ZVAKJCU24OLE6MP4CMMGKMQNSCOV57UMAWH5YIQ6I6RJI4UH3BIU7EWHRMZ2OQ\" href=\"https:\/\/www.litoralpress.cl\/sitio\/RadioTV_Detalles.cshtml?LPKey=KF7NWUCVVI2KP43ZVAKJCU24OLE6MP4CMMGKMQNSCOV57UMAWH5YIQ6I6RJI4UH3BIU7EWHRMZ2OQ\" target=\"_blank\" rel=\"noreferrer noopener\" data-auth=\"NotApplicable\" data-linkindex=\"0\">UTalca adjudica fondo estructural de investigaci\u00f3n. Se refiere Rodrigo Palomo, rector (s).<\/a>\u00a0<\/div><div class=\"x_elementToProof\" aria-hidden=\"true\">\u00a0<\/div><div class=\"x_elementToProof\"><b>EL MERCURIO<\/b>\u00a0<br \/><a id=\"OWA1f50a56c-f52c-8e4e-af8a-fa46bc44e394\" class=\"x_Hyperlink x_SCXW235332745 x_BCX0 x_OWAAutoLink\" title=\"https:\/\/www.litoralpress.cl\/sitio\/Prensa_Detalles.cshtml?LPKey=XFW3OTJG44UYVFCVFXT6GIKS52N2U4EJV53RRY43AOEAHLADCLNQ\" href=\"https:\/\/www.litoralpress.cl\/sitio\/Prensa_Detalles.cshtml?LPKey=XFW3OTJG44UYVFCVFXT6GIKS52N2U4EJV53RRY43AOEAHLADCLNQ\" target=\"_blank\" rel=\"noreferrer noopener\" data-auth=\"NotApplicable\" data-linkindex=\"1\">Estr\u00e9s postraum\u00e1tico surge como uno de los riesgos para la salud mental de los afectados por emergencia. Se refiere Nadia Ramos, directora Centro de Psicolog\u00eda Aplicada (CEPA).<\/a>\u00a0<\/div><div class=\"x_elementToProof\" aria-hidden=\"true\">\u00a0<\/div><div class=\"x_elementToProof\"><b>PORTAL EDUCA<\/b>\u00a0<br \/><a id=\"OWAb84bbd2c-3f3b-4e16-8a47-4cc3abe9f7ec\" class=\"x_Hyperlink x_SCXW235332745 x_BCX0 x_OWAAutoLink\" title=\"https:\/\/portaleduca.cl\/utalca-firma-convenio-internacional-para-el-desarrollo-de-la-bioetica\/\" href=\"https:\/\/portaleduca.cl\/utalca-firma-convenio-internacional-para-el-desarrollo-de-la-bioetica\/\" target=\"_blank\" rel=\"noreferrer noopener\" data-auth=\"NotApplicable\" data-linkindex=\"2\">UTalca firma convenio internacional para el desarrollo de la bio\u00e9tica. Se refiere Mar\u00eda Elisa Quinteros, directora de Relaciones Internacionales y Ramiro Castro, presidente del Comit\u00e9 \u00c9tico-Cient\u00edfico.<\/a>\u00a0<\/div><div class=\"x_elementToProof\" aria-hidden=\"true\">\u00a0<\/div><div class=\"x_elementToProof\"><b>MEDIABANCO<\/b>\u00a0<br \/><a id=\"OWA40402ef5-7bdb-6e1b-0978-d8fdc3debc36\" class=\"x_Hyperlink x_SCXW235332745 x_BCX0 x_OWAAutoLink\" title=\"https:\/\/www.mediabanco.com\/utalca-firma-convenio-internacional-para-el-desarrollo-de-la-bioetica\/\" href=\"https:\/\/www.mediabanco.com\/utalca-firma-convenio-internacional-para-el-desarrollo-de-la-bioetica\/\" target=\"_blank\" rel=\"noreferrer noopener\" data-auth=\"NotApplicable\" data-linkindex=\"3\">UTalca firma convenio internacional para el desarrollo de la bio\u00e9tica. Se refiere Mar\u00eda Elisa Quinteros,\u00a0directora de Relaciones Internacionales y Ramiro Castro, presidente del Comit\u00e9 \u00c9tico-Cient\u00edfico.<\/a>\u00a0<\/div><div class=\"x_elementToProof\" aria-hidden=\"true\">\u00a0<\/div><div class=\"x_elementToProof\"><b>LA PRENSA DE CURIC\u00d3<\/b>\u00a0<br \/><a id=\"OWAf2bdd8d5-f43d-d4c2-8bad-75c87b386abf\" class=\"x_Hyperlink x_SCXW235332745 x_BCX0 x_OWAAutoLink\" title=\"https:\/\/www.litoralpress.cl\/sitio\/Prensa_Detalles.cshtml?LPKey=D733FGYAFBCPXKPIHBE3WT5SQYE75JCEFO3YURXCYIUNCCUV4NLA\" href=\"https:\/\/www.litoralpress.cl\/sitio\/Prensa_Detalles.cshtml?LPKey=D733FGYAFBCPXKPIHBE3WT5SQYE75JCEFO3YURXCYIUNCCUV4NLA\" target=\"_blank\" rel=\"noreferrer noopener\" data-auth=\"NotApplicable\" data-linkindex=\"4\">Postgrado de Ecolog\u00eda Aplicada de la\u00a0Utal\u00a0se acredito por siete a\u00f1os.\u00a0Se refiere Claudio Ram\u00edrez, director Mag\u00edster en Ecolog\u00eda Aplicada.<\/a>\u00a0<\/div><div class=\"x_elementToProof\" aria-hidden=\"true\">\u00a0<\/div><div class=\"x_elementToProof\"><b>DIARIO EL HERALDO<\/b>\u00a0<br \/><a id=\"OWA1882afd4-a218-251c-dae4-9be89aa494f6\" class=\"x_Hyperlink x_SCXW235332745 x_BCX0 x_OWAAutoLink\" title=\"https:\/\/www.litoralpress.cl\/sitio\/Prensa_Detalles.cshtml?LPKey=FIRQSZD6JOIYE2U7TXRODVI3MVEV5GNTTJOFG6GXXDHZVNR3VLYA\" href=\"https:\/\/www.litoralpress.cl\/sitio\/Prensa_Detalles.cshtml?LPKey=FIRQSZD6JOIYE2U7TXRODVI3MVEV5GNTTJOFG6GXXDHZVNR3VLYA\" target=\"_blank\" rel=\"noreferrer noopener\" data-auth=\"NotApplicable\" data-linkindex=\"5\">Mag\u00edster en Ecolog\u00eda Aplicada de la\u00a0UTalca\u00a0se acredit\u00f3 por siete a\u00f1os.\u00a0Se refiere Claudio Ram\u00edrez, director Mag\u00edster en Ecolog\u00eda Aplicada.<\/a>\u00a0<\/div><div class=\"x_elementToProof\" aria-hidden=\"true\">\u00a0<\/div><div class=\"x_elementToProof\"><b>REGIONES NOTICIAS<\/b>\u00a0<br \/><a id=\"OWAe9f447a7-7c5e-c017-dd4c-2fe877cb7d9d\" class=\"x_Hyperlink x_SCXW235332745 x_BCX0 x_OWAAutoLink\" title=\"https:\/\/regionesnoticias.cl\/actualidad\/2026\/01\/20\/investigarn-efectos-de-la-contaminacin-y-temperaturas-extremas-en-recin-nacidos\/74480\" href=\"https:\/\/regionesnoticias.cl\/actualidad\/2026\/01\/20\/investigarn-efectos-de-la-contaminacin-y-temperaturas-extremas-en-recin-nacidos\/74480\" target=\"_blank\" rel=\"noreferrer noopener\" data-auth=\"NotApplicable\" data-linkindex=\"6\">Investigar\u00e1n efectos de la contaminaci\u00f3n y temperaturas extremas en reci\u00e9n nacidos. Se refiere Mar\u00eda Elisa Quinteros, acad\u00e9mica Facultad de Ciencias de la Salud.\u00a0<\/a>\u00a0<\/div><div class=\"x_elementToProof\" aria-hidden=\"true\">\u00a0<\/div><div class=\"x_elementToProof\"><b>OSORNO NOTICIAS<\/b>\u00a0<br \/><a id=\"OWA0696e606-91c3-f1e5-7aec-df9892fdf110\" class=\"x_Hyperlink x_SCXW235332745 x_BCX0 x_OWAAutoLink\" title=\"http:\/\/osornoenlared.cl\/2026\/01\/20\/investigaran-efectos-de-la-contaminacion-y-temperaturas-extremas-en-recien-nacidos\/\" href=\"http:\/\/osornoenlared.cl\/2026\/01\/20\/investigaran-efectos-de-la-contaminacion-y-temperaturas-extremas-en-recien-nacidos\/\" target=\"_blank\" rel=\"noreferrer noopener\" data-auth=\"NotApplicable\" data-linkindex=\"7\">Investigar\u00e1n efectos de la contaminaci\u00f3n y temperaturas extremas en reci\u00e9n nacidos.\u00a0Se refiere Mar\u00eda Elisa Quinteros, acad\u00e9mica Facultad de Ciencias de la Salud.<\/a>\u00a0<\/div><div class=\"x_elementToProof\" aria-hidden=\"true\">\u00a0<\/div><div class=\"x_elementToProof\"><b>PAUTA COMUNAL<\/b>\u00a0<br \/><a id=\"OWA5eabf296-b43e-f0b8-f9cc-385d757678b5\" class=\"x_Hyperlink x_SCXW235332745 x_BCX0 x_OWAAutoLink\" title=\"https:\/\/pautacomunal.cl\/nacional\/estudiaran-el-impacto-de-la-contaminacion-y-las-temperaturas-extremas-en-los-recien-nacidos\/\" href=\"https:\/\/pautacomunal.cl\/nacional\/estudiaran-el-impacto-de-la-contaminacion-y-las-temperaturas-extremas-en-los-recien-nacidos\/\" target=\"_blank\" rel=\"noreferrer noopener\" data-auth=\"NotApplicable\" data-linkindex=\"8\">Investigar\u00e1n efectos de la contaminaci\u00f3n y temperaturas extremas en reci\u00e9n nacidos. Se refiere Mar\u00eda Elisa Quinteros, acad\u00e9mica Facultad de Ciencias de la Salud.<\/a>\u00a0<\/div><div class=\"x_elementToProof\" aria-hidden=\"true\">\u00a0<\/div><div class=\"x_elementToProof\"><b>LA NOTICIAS<\/b>\u00a0<br \/><a id=\"OWA997a9689-6901-dcdb-2b7e-23566c06dfa7\" class=\"x_Hyperlink x_SCXW235332745 x_BCX0 x_OWAAutoLink\" title=\"https:\/\/www.litoralpress.cl\/sitio\/Prensa_Detalles.cshtml?LPKey=D733FGYAFBCPXKPIHBE3WT5SQYE75JCEFO3YURXCYIUNCCUV4NLA\" href=\"https:\/\/www.litoralpress.cl\/sitio\/Prensa_Detalles.cshtml?LPKey=D733FGYAFBCPXKPIHBE3WT5SQYE75JCEFO3YURXCYIUNCCUV4NLA\" target=\"_blank\" rel=\"noreferrer noopener\" data-auth=\"NotApplicable\" data-linkindex=\"9\">Incendios forestales afectaron a Nuble, Biob\u00edo y La Araucan\u00eda y dejaron 19 fallecidos. Se refiere Patricio Gonz\u00e1lez Colville, agroclimat\u00f3logo y acad\u00e9mico del Centro de Investigaci\u00f3n y Transferencia en Riego y Agroclimatolog\u00eda (CITRA).\u00a0<\/a>\u00a0<\/div><div class=\"x_elementToProof\" aria-hidden=\"true\">\u00a0<\/div><div class=\"x_elementToProof\"><b>MEGANOTICIAS\u00a0PRIME<\/b>\u00a0<br \/><a id=\"OWAae8125b9-5fba-5653-0144-37c981304d6e\" class=\"x_Hyperlink x_SCXW235332745 x_BCX0 x_OWAAutoLink\" title=\"https:\/\/www.litoralpress.cl\/sitio\/RadioTV_Detalles.cshtml?LPKey=BVPF36RLQQHAXCH5STZ6M3PJTN3SG43DCLXUMOU5JUYXZCERQEMASCUT2BOYHGCPEIJJXTE4UHI5O\" href=\"https:\/\/www.litoralpress.cl\/sitio\/RadioTV_Detalles.cshtml?LPKey=BVPF36RLQQHAXCH5STZ6M3PJTN3SG43DCLXUMOU5JUYXZCERQEMASCUT2BOYHGCPEIJJXTE4UHI5O\" target=\"_blank\" rel=\"noreferrer noopener\" data-auth=\"NotApplicable\" data-linkindex=\"10\">Equipo ministerial de Jos\u00e9 Antonio Kast.\u00a0Se refiere Mauricio Morales, director de Centro de An\u00e1lisis Pol\u00edtico (CAP).<\/a>\u00a0<\/div><div class=\"x_elementToProof\" aria-hidden=\"true\">\u00a0<\/div><div class=\"x_elementToProof\"><b>RADIO INFINITA<\/b>\u00a0<br \/><a id=\"OWA56c9c956-6c03-37f4-fd01-ba647863194e\" class=\"x_Hyperlink x_SCXW235332745 x_BCX0 x_OWAAutoLink\" title=\"https:\/\/www.litoralpress.cl\/sitio\/RadioTV_Detalles.cshtml?LPKey=LH7FLLQIWS2RS6BSSXQPNCM5LJ6GJHCGQJFNZVZLTOLK3L7QX3LPAWTUDOZB6BVRQEZQ2DHLX5U6K\" href=\"https:\/\/www.litoralpress.cl\/sitio\/RadioTV_Detalles.cshtml?LPKey=LH7FLLQIWS2RS6BSSXQPNCM5LJ6GJHCGQJFNZVZLTOLK3L7QX3LPAWTUDOZB6BVRQEZQ2DHLX5U6K\" target=\"_blank\" rel=\"noreferrer noopener\" data-auth=\"NotApplicable\" data-linkindex=\"11\">Gabinete de Jos\u00e9 Antonio Kast. Se refiere Mauricio Morales, director de Centro de An\u00e1lisis Pol\u00edtico (CAP).<\/a>\u00a0<\/div><div class=\"x_elementToProof\" aria-hidden=\"true\">\u00a0<\/div><div class=\"x_elementToProof\"><b>PUBLIMICRO<\/b>\u00a0<br \/><a id=\"OWA05d7a34f-e906-9742-081d-acd4657114a6\" class=\"x_Hyperlink x_SCXW235332745 x_BCX0 x_OWAAutoLink\" title=\"https:\/\/publimicro.cl\/por-que-la-acumulacion-digital-se-convierte-en-un-riesgo-para-la-salud-mental-de-los-estudiantes\/\" href=\"https:\/\/publimicro.cl\/por-que-la-acumulacion-digital-se-convierte-en-un-riesgo-para-la-salud-mental-de-los-estudiantes\/\" target=\"_blank\" rel=\"noreferrer noopener\" data-auth=\"NotApplicable\" data-linkindex=\"12\">Por qu\u00e9 la \u2018acumulaci\u00f3n digital se convierte en un riesgo para la salud mental de los estudiantes. Se refiere Alejandro Cataldo, acad\u00e9mico Facultad de Econom\u00eda y Negocios.\u00a0<\/a>\u00a0<\/div><div class=\"x_elementToProof\" aria-hidden=\"true\">\u00a0<\/div><div class=\"x_elementToProof\"><b>PAUTA COMUNAL<\/b>\u00a0<br \/><a id=\"OWAb2649b8a-59c6-6235-a346-9d87c58bc365\" class=\"x_Hyperlink x_SCXW235332745 x_BCX0 x_OWAAutoLink\" title=\"https:\/\/pautacomunal.cl\/nacional\/la-universidad-de-talca-se-prepara-para-elegir-a-su-rector-y-analiza-la-posibilidad-de-mantener-la-continuidad-o-optar-por-un-cambio\/\" href=\"https:\/\/pautacomunal.cl\/nacional\/la-universidad-de-talca-se-prepara-para-elegir-a-su-rector-y-analiza-la-posibilidad-de-mantener-la-continuidad-o-optar-por-un-cambio\/\" target=\"_blank\" rel=\"noreferrer noopener\" data-auth=\"NotApplicable\" data-linkindex=\"13\">La Universidad de Talca se prepara para elegir a su rector y analiza la posibilidad de mantener la continuidad u optar por un cambio.\u00a0Se menciona la Universidad de Talca.<\/a>\u00a0<\/div><div class=\"x_elementToProof\" aria-hidden=\"true\">\u00a0<\/div><div class=\"x_elementToProof\"><b>EL LECTOR<\/b>\u00a0<br \/><a id=\"OWAbfa144de-83fa-314f-4773-c10d6e7f9816\" class=\"x_Hyperlink x_SCXW235332745 x_BCX0 x_OWAAutoLink\" title=\"https:\/\/www.litoralpress.cl\/sitio\/Prensa_Detalles.cshtml?LPKey=EF7YOCI5XP34LYUD5KJCFIJJXZXL6UQ3JOYLRSG3UDWEOM7TWM5Q\" href=\"https:\/\/www.litoralpress.cl\/sitio\/Prensa_Detalles.cshtml?LPKey=EF7YOCI5XP34LYUD5KJCFIJJXZXL6UQ3JOYLRSG3UDWEOM7TWM5Q\" target=\"_blank\" rel=\"noreferrer noopener\" data-auth=\"NotApplicable\" data-linkindex=\"14\">Vuelta Ciclista Maule Centro 2026:\u00a0\u00a1Todo\u00a0listo para hacer historia! Se menciona la Universidad de Talca.\u00a0<\/a>\u00a0<\/div><div class=\"x_elementToProof\" aria-hidden=\"true\">\u00a0<\/div><div class=\"x_elementToProof\"><b>CHILL\u00c1N ONLINE<\/b>\u00a0<br \/><a id=\"OWAdce8a8c2-3209-414f-d09d-44f4eceece0f\" class=\"x_Hyperlink x_SCXW235332745 x_BCX0 x_OWAAutoLink\" title=\"https:\/\/www.chillanonline.cl\/V7\/2026\/01\/19\/vuelta-ciclista-maule-centro-2026-todo-listo-para-hacer-historia\/\" href=\"https:\/\/www.chillanonline.cl\/V7\/2026\/01\/19\/vuelta-ciclista-maule-centro-2026-todo-listo-para-hacer-historia\/\" target=\"_blank\" rel=\"noreferrer noopener\" data-auth=\"NotApplicable\" data-linkindex=\"15\">Vuelta Ciclista Maule Centro 2026: \u00a1Todo listo para hacer historia! Se menciona la Universidad de Talca. \u00a0<\/a>\u00a0<\/div><div class=\"x_elementToProof\" aria-hidden=\"true\">\u00a0<\/div><div class=\"x_elementToProof\"><b>RADIO AGRICULTURA<\/b>\u00a0<br \/><a id=\"OWA20b38956-13b5-638c-0746-d7f2818c740e\" class=\"x_Hyperlink x_SCXW235332745 x_BCX0 x_OWAAutoLink\" title=\"https:\/\/www.radioagricultura.cl\/noticias\/dato-practico\/estas-soluciones-permiten-reducir-hasta-15-c-la-temperatura-del-hogar_20260120\/\" href=\"https:\/\/www.radioagricultura.cl\/noticias\/dato-practico\/estas-soluciones-permiten-reducir-hasta-15-c-la-temperatura-del-hogar_20260120\/\" target=\"_blank\" rel=\"noreferrer noopener\" data-auth=\"NotApplicable\" data-linkindex=\"16\">\u00bfCalor insoportable? Estas soluciones permiten reducir hasta 15? la temperatura del hogar. Se menciona la Universidad de Talca.<\/a>\u00a0<br \/>\u00a0<\/div><div class=\"x_elementToProof\" aria-hidden=\"true\">\u00a0<\/div><div class=\"x_elementToProof\"><b>LAS NOTICIAS<\/b>\u00a0<br \/><a id=\"OWA12cb7cf3-1a54-fed2-a553-c6f1679d3fca\" class=\"x_Hyperlink x_SCXW235332745 x_BCX0 x_OWAAutoLink\" title=\"https:\/\/www.litoralpress.cl\/sitio\/Prensa_Detalles.cshtml?LPKey=SZGL4PIJASYLN2UBUTVRJPQOVABGXCXKR6SCYWMROXNPFSJB4LFA\" href=\"https:\/\/www.litoralpress.cl\/sitio\/Prensa_Detalles.cshtml?LPKey=SZGL4PIJASYLN2UBUTVRJPQOVABGXCXKR6SCYWMROXNPFSJB4LFA\" target=\"_blank\" rel=\"noreferrer noopener\" data-auth=\"NotApplicable\" data-linkindex=\"17\">\u00bfCalor insoportable?\u00a0Estas soluciones permiten reducir hasta\u00a015?\u00a0la temperatura del hogar. Se menciona la Universidad de Talca.\u00a0<\/a>\u00a0<\/div><div class=\"x_elementToProof\"><b>ROCK N POP<\/b>\u00a0<br \/><a id=\"OWAd210f899-309f-e6c7-5d7d-89edc5e6c202\" class=\"x_Hyperlink x_SCXW235332745 x_BCX0 x_OWAAutoLink\" title=\"https:\/\/www.rockandpop.cl\/2026\/01\/no-puedes-dormir-por-el-calor-extremo-del-verano-estas-soluciones-permiten-reducir-hasta-15-c-la-temperatura-del-hogar\/\" href=\"https:\/\/www.rockandpop.cl\/2026\/01\/no-puedes-dormir-por-el-calor-extremo-del-verano-estas-soluciones-permiten-reducir-hasta-15-c-la-temperatura-del-hogar\/\" target=\"_blank\" rel=\"noreferrer noopener\" data-auth=\"NotApplicable\" data-linkindex=\"18\">\u00bfNo puedes dormir por el calor extremo del verano? Estas soluciones permiten reducir hasta 15 \u00b0C la temperatura del hogar.\u00a0Se menciona la Universidad de Talca.<\/a>\u00a0<\/div><div class=\"x_elementToProof\" aria-hidden=\"true\">\u00a0<\/div><div class=\"x_elementToProof\"><b>ANALIZA MAULE<\/b>\u00a0<br \/><a id=\"OWA256d858f-54bf-19e1-9f42-c2a24645aae1\" class=\"x_Hyperlink x_SCXW235332745 x_BCX0 x_OWAAutoLink\" title=\"https:\/\/analizamaule.cl\/trm-cerro-jornadas-musicales-de-verano-con-tributo-sinfonico-a-31-minutos-ante-un-teatro-repleto\/\" href=\"https:\/\/analizamaule.cl\/trm-cerro-jornadas-musicales-de-verano-con-tributo-sinfonico-a-31-minutos-ante-un-teatro-repleto\/\" target=\"_blank\" rel=\"noreferrer noopener\" data-auth=\"NotApplicable\" data-linkindex=\"19\">TRM cerr\u00f3 Jornadas Musicales de Verano con tributo sinf\u00f3nico a 31 Minutos ante un teatro repleto. Se menciona la Universidad de Talca.\u00a0<\/a>\u00a0<\/div><div class=\"x_elementToProof\" aria-hidden=\"true\">\u00a0<\/div><div class=\"x_elementToProof\"><b>DIARIO LA MA\u00d1ANA<\/b>\u00a0<br \/><a id=\"OWA7ecf233c-b2f3-229c-a4d8-6c9548373b72\" class=\"x_Hyperlink x_SCXW235332745 x_BCX0 x_OWAAutoLink\" title=\"https:\/\/xn--diariolamaana-rkb.cl\/trm-cerro-jornadas-musicales-de-verano-con-tributo-sinfonico-a-31-minutos\/\" href=\"https:\/\/xn--diariolamaana-rkb.cl\/trm-cerro-jornadas-musicales-de-verano-con-tributo-sinfonico-a-31-minutos\/\" target=\"_blank\" rel=\"noreferrer noopener\" data-auth=\"NotApplicable\" data-linkindex=\"20\">TRM cerr\u00f3 Jornadas Musicales de Verano con tributo sinf\u00f3nico a 31 Minutos ante un teatro repleto. Se menciona la Universidad de Talca.<\/a>\u00a0<\/div>\t\t\t\t\t\t<\/div>\n\t\t\t\t<\/div>\n\t\t\t\t\t<\/div>\n\t\t<\/div>\n\t\t\t\t\t\t\t<\/div>\n\t\t<\/section>\n\t\t\t\t\t\t<\/div>\n\t\t\t\t\t<\/div>\n\t\t","protected":false},"excerpt":{"rendered":"<p>COOPERATIVA CIENCIA\u00a0UTalca adjudica fondo estructural de investigaci\u00f3n. Se refiere Rodrigo Palomo, rector (s).\u00a0\u00a0EL MERCURIO\u00a0Estr\u00e9s postraum\u00e1tico surge como uno de los riesgos para la salud mental de los afectados por emergencia. Se refiere Nadia Ramos, directora Centro de Psicolog\u00eda Aplicada (CEPA).\u00a0\u00a0PORTAL EDUCA\u00a0UTalca firma convenio internacional para el desarrollo de la bio\u00e9tica. Se refiere Mar\u00eda Elisa Quinteros, &hellip;<\/p>\n<p class=\"read-more\"> <a class=\"\" href=\"https:\/\/www.reportedeprensa.utalca.cl\/?p=13226\"> <span class=\"screen-reader-text\">21 de enero 2026<\/span> Read More &raquo;<\/a><\/p>\n","protected":false},"author":1,"featured_media":0,"comment_status":"closed","ping_status":"open","sticky":false,"template":"","format":"standard","meta":{"_monsterinsights_skip_tracking":false,"_monsterinsights_sitenote_active":false,"_monsterinsights_sitenote_note":"","_monsterinsights_sitenote_category":0},"categories":[67],"tags":[],"_links":{"self":[{"href":"https:\/\/www.reportedeprensa.utalca.cl\/index.php?rest_route=\/wp\/v2\/posts\/13226"}],"collection":[{"href":"https:\/\/www.reportedeprensa.utalca.cl\/index.php?rest_route=\/wp\/v2\/posts"}],"about":[{"href":"https:\/\/www.reportedeprensa.utalca.cl\/index.php?rest_route=\/wp\/v2\/types\/post"}],"author":[{"embeddable":true,"href":"https:\/\/www.reportedeprensa.utalca.cl\/index.php?rest_route=\/wp\/v2\/users\/1"}],"replies":[{"embeddable":true,"href":"https:\/\/www.reportedeprensa.utalca.cl\/index.php?rest_route=%2Fwp%2Fv2%2Fcomments&post=13226"}],"version-history":[{"count":5,"href":"https:\/\/www.reportedeprensa.utalca.cl\/index.php?rest_route=\/wp\/v2\/posts\/13226\/revisions"}],"predecessor-version":[{"id":13336,"href":"https:\/\/www.reportedeprensa.utalca.cl\/index.php?rest_route=\/wp\/v2\/posts\/13226\/revisions\/13336"}],"wp:attachment":[{"href":"https:\/\/www.reportedeprensa.utalca.cl\/index.php?rest_route=%2Fwp%2Fv2%2Fmedia&parent=13226"}],"wp:term":[{"taxonomy":"category","embeddable":true,"href":"https:\/\/www.reportedeprensa.utalca.cl\/index.php?rest_route=%2Fwp%2Fv2%2Fcategories&post=13226"},{"taxonomy":"post_tag","embeddable":true,"href":"https:\/\/www.reportedeprensa.utalca.cl\/index.php?rest_route=%2Fwp%2Fv2%2Ftags&post=13226"}],"curies":[{"name":"wp","href":"https:\/\/api.w.org\/{rel}","templated":true}]}}