{"id":13242,"date":"2026-01-22T12:05:03","date_gmt":"2026-01-22T15:05:03","guid":{"rendered":"https:\/\/www.reportedeprensa.utalca.cl\/?p=13242"},"modified":"2026-03-04T13:06:54","modified_gmt":"2026-03-04T16:06:54","slug":"22-de-enero-2026-2","status":"publish","type":"post","link":"https:\/\/www.reportedeprensa.utalca.cl\/?p=13242","title":{"rendered":"22 de enero 2026"},"content":{"rendered":"\t\t<div data-elementor-type=\"wp-post\" data-elementor-id=\"13242\" class=\"elementor elementor-13242\" data-elementor-settings=\"[]\">\n\t\t\t\t\t\t\t<div class=\"elementor-section-wrap\">\n\t\t\t\t\t\t\t<section class=\"elementor-section elementor-top-section elementor-element elementor-element-bcea1a8 elementor-section-boxed elementor-section-height-default elementor-section-height-default\" data-id=\"bcea1a8\" data-element_type=\"section\">\n\t\t\t\t\t\t<div class=\"elementor-container elementor-column-gap-default\">\n\t\t\t\t\t<div class=\"elementor-column elementor-col-100 elementor-top-column elementor-element elementor-element-e7183bf\" data-id=\"e7183bf\" data-element_type=\"column\">\n\t\t\t<div class=\"elementor-widget-wrap elementor-element-populated\">\n\t\t\t\t\t\t\t\t<div class=\"elementor-element elementor-element-66ef31a elementor-widget elementor-widget-text-editor\" data-id=\"66ef31a\" data-element_type=\"widget\" data-widget_type=\"text-editor.default\">\n\t\t\t\t<div class=\"elementor-widget-container\">\n\t\t\t\t\t\t\t\t<div class=\"x_elementToProof\"><b data-olk-copy-source=\"MessageBody\">CANAL 24 HORAS\u00a0<\/b>\u00a0<br \/><a id=\"OWA298708e0-2845-7d07-57cf-9eff16a64286\" class=\"x_Hyperlink x_SCXW74199284 x_BCX0 x_OWAAutoLink\" title=\"https:\/\/www.litoralpress.cl\/sitio\/RadioTV_Detalles.cshtml?LPKey=C5I4EJOSTHG34QKDQOGHTUEZ3PHOJXDOYXDTPFKSUMOEZGLPVJBZ7MU5PMRSW62TN6VYXOWFIPNOQ\" href=\"https:\/\/www.litoralpress.cl\/sitio\/RadioTV_Detalles.cshtml?LPKey=C5I4EJOSTHG34QKDQOGHTUEZ3PHOJXDOYXDTPFKSUMOEZGLPVJBZ7MU5PMRSW62TN6VYXOWFIPNOQ\" target=\"_blank\" rel=\"noreferrer noopener\" data-auth=\"NotApplicable\" data-linkindex=\"0\">Entrevista a Mario Herrera, investigador y acad\u00e9mico Centro de An\u00e1lisis Pol\u00edtico (CAP)\u00a0<\/a>\u00a0<\/div><div class=\"x_elementToProof\">\u00a0<\/div><div class=\"x_elementToProof\"><b>24 HORAS<\/b>\u00a0<br \/><a id=\"OWAf2c10a7c-4b95-1003-4e8c-dfce880d9da5\" class=\"x_Hyperlink x_SCXW74199284 x_BCX0 x_OWAAutoLink\" title=\"https:\/\/www.24horas.cl\/programas\/manana-informativa\/video-analisis-gabinete-kast-ministros\" href=\"https:\/\/www.24horas.cl\/programas\/manana-informativa\/video-analisis-gabinete-kast-ministros\" target=\"_blank\" rel=\"noreferrer noopener\" data-auth=\"NotApplicable\" data-linkindex=\"1\">An\u00e1lisis al gabinete de Kast: &#8220;Es equilibrado en perfiles, pero desequilibrado en t\u00e9rminos pol\u00edticos&#8221;. Se refiere Mario Herrera, investigador y acad\u00e9mico Centro de An\u00e1lisis Pol\u00edtico (CAP)<\/a>\u00a0<\/div><div class=\"x_elementToProof\" aria-hidden=\"true\">\u00a0<\/div><div class=\"x_elementToProof\"><b>DIARIO EL CENTRO<\/b>\u00a0<br \/><a id=\"OWAd1a01c29-6e25-d26f-0705-d63c063aae01\" class=\"x_Hyperlink x_SCXW74199284 x_BCX0 x_OWAAutoLink\" title=\"https:\/\/www.diarioelcentro.cl\/2026\/01\/21\/estudio-en-talca-analizara-efectos-de-la-contaminacion-y-temperaturas-extremas-en-recien-nacidos\/\" href=\"https:\/\/www.diarioelcentro.cl\/2026\/01\/21\/estudio-en-talca-analizara-efectos-de-la-contaminacion-y-temperaturas-extremas-en-recien-nacidos\/\" target=\"_blank\" rel=\"noreferrer noopener\" data-auth=\"NotApplicable\" data-linkindex=\"2\">Estudio en Talca analizar\u00e1 efectos de la contaminaci\u00f3n y temperaturas extremas en reci\u00e9n nacidos. Se refiere Mar\u00eda Elisa Quinteros, acad\u00e9mica Facultad de Ciencias de la Salud.<\/a>\u00a0<\/div><div class=\"x_elementToProof\" aria-hidden=\"true\">\u00a0<\/div><div class=\"x_elementToProof\"><b>CANAL 2 LINARES<\/b>\u00a0<br \/><a id=\"OWA803e2ae4-a53d-0ac7-7018-4ec96457bb74\" class=\"x_Hyperlink x_SCXW74199284 x_BCX0 x_OWAAutoLink\" title=\"https:\/\/www.canal2linares.cl\/2026\/01\/investigaran-efectos-de-la.html\" href=\"https:\/\/www.canal2linares.cl\/2026\/01\/investigaran-efectos-de-la.html\" target=\"_blank\" rel=\"noreferrer noopener\" data-auth=\"NotApplicable\" data-linkindex=\"3\">Investigar\u00e1n efectos de la contaminaci\u00f3n y temperaturas extremas en reci\u00e9n nacidos. Se refiere Mar\u00eda Elisa Quinteros, acad\u00e9mica Facultad de Ciencias de la Salud.<\/a>\u00a0<\/div><div class=\"x_elementToProof\" aria-hidden=\"true\">\u00a0<\/div><div class=\"x_elementToProof\"><b>RADIO CRISTALINA<\/b>\u00a0<br \/><a id=\"OWAf1ba6809-7c38-dd01-58f8-fb75aafa1178\" class=\"x_Hyperlink x_SCXW74199284 x_BCX0 x_OWAAutoLink\" title=\"https:\/\/radiocristalina.cl\/investigaran-efectos-de-la-contaminacion-y-temperaturas-extremas-en-recien-nacidos\/\" href=\"https:\/\/radiocristalina.cl\/investigaran-efectos-de-la-contaminacion-y-temperaturas-extremas-en-recien-nacidos\/\" target=\"_blank\" rel=\"noreferrer noopener\" data-auth=\"NotApplicable\" data-linkindex=\"4\">Investigar\u00e1n efectos de la contaminaci\u00f3n y temperaturas extremas en reci\u00e9n nacidos. Se refiere Mar\u00eda Elisa Quinteros, acad\u00e9mica Facultad de Ciencias de la Salud.<\/a>\u00a0<\/div><div class=\"x_elementToProof\" aria-hidden=\"true\">\u00a0<\/div><div class=\"x_elementToProof\"><b>DIARIO EL HERALDO<\/b>\u00a0<br \/><a id=\"OWA393cbda4-4f82-e1cd-5bfd-c96e50796544\" class=\"x_Hyperlink x_SCXW74199284 x_BCX0 x_OWAAutoLink\" title=\"https:\/\/www.litoralpress.cl\/sitio\/Prensa_Detalles.cshtml?LPKey=VR2EU6OCBNSTUYZIIPIG36AIZRHY57XHYW2ZNNZHS7GXBE237LUA\" href=\"https:\/\/www.litoralpress.cl\/sitio\/Prensa_Detalles.cshtml?LPKey=VR2EU6OCBNSTUYZIIPIG36AIZRHY57XHYW2ZNNZHS7GXBE237LUA\" target=\"_blank\" rel=\"noreferrer noopener\" data-auth=\"NotApplicable\" data-linkindex=\"5\">UTalca firma convenio internacional para el desarrollo de la bio\u00e9tica. Se refiere Mar\u00eda Elisa Quinteros, directora de Relaciones Internacionales y Ramiro Castro, presidente del Comit\u00e9 \u00c9tico-Cient\u00edfico.<\/a>\u00a0<\/div><div class=\"x_elementToProof\" aria-hidden=\"true\">\u00a0<\/div><div class=\"x_elementToProof\"><b>EL LECTOR<\/b>\u00a0<br \/><a id=\"OWAddac1531-789c-c4a5-b871-711156d3d1dc\" class=\"x_Hyperlink x_SCXW74199284 x_BCX0 x_OWAAutoLink\" title=\"https:\/\/www.litoralpress.cl\/sitio\/Prensa_Detalles.cshtml?LPKey=ASY3CBTHLGGBNMUETRWQK7EOK3E5QPN2EA75E3ROCFKWUTVBZSWA\" href=\"https:\/\/www.litoralpress.cl\/sitio\/Prensa_Detalles.cshtml?LPKey=ASY3CBTHLGGBNMUETRWQK7EOK3E5QPN2EA75E3ROCFKWUTVBZSWA\" target=\"_blank\" rel=\"noreferrer noopener\" data-auth=\"NotApplicable\" data-linkindex=\"6\">UTalca firma convenio internacional para el desarrollo de la bio\u00e9tica. Se refiere Mar\u00eda Elisa Quinteros, directora de Relaciones Internacionales y Ramiro Castro, presidente del Comit\u00e9 \u00c9tico-Cient\u00edfico.<\/a>\u00a0<\/div><div class=\"x_elementToProof\" aria-hidden=\"true\">\u00a0<\/div><div class=\"x_elementToProof\"><b>DIARIO EL CENTRO<\/b>\u00a0<br \/><a id=\"OWA4ed4b89f-77eb-cc54-e71a-9cbccf2b0589\" class=\"x_Hyperlink x_SCXW74199284 x_BCX0 x_OWAAutoLink\" title=\"https:\/\/www.diarioelcentro.cl\/2026\/01\/21\/estres-postraumatico-como-prevenirlo-y-acompanar-a-personas-afectadas-en-emergencias-segun-experto\/\" href=\"https:\/\/www.diarioelcentro.cl\/2026\/01\/21\/estres-postraumatico-como-prevenirlo-y-acompanar-a-personas-afectadas-en-emergencias-segun-experto\/\" target=\"_blank\" rel=\"noreferrer noopener\" data-auth=\"NotApplicable\" data-linkindex=\"7\">Estr\u00e9s postraum\u00e1tico: c\u00f3mo prevenirlo y acompa\u00f1ar a personas afectadas en emergencias, seg\u00fan experto<\/a>\u00a0<\/div><div class=\"x_elementToProof\" aria-hidden=\"true\">\u00a0<\/div><div class=\"x_elementToProof\"><b>CANAL 2 LINARES<\/b>\u00a0<br \/><a id=\"OWAc794a5d1-44e6-6bcd-e75c-473fc4dcd8cf\" class=\"x_Hyperlink x_SCXW74199284 x_BCX0 x_OWAAutoLink\" title=\"https:\/\/www.canal2linares.cl\/2026\/01\/estres-postraumatico-como-prevenirlo-y.html\" href=\"https:\/\/www.canal2linares.cl\/2026\/01\/estres-postraumatico-como-prevenirlo-y.html\" target=\"_blank\" rel=\"noreferrer noopener\" data-auth=\"NotApplicable\" data-linkindex=\"8\">Estr\u00e9s postraum\u00e1tico: c\u00f3mo prevenirlo y acompa\u00f1ar a afectados en emergencias. Se refiere Nadia Ramos, directora Centro de Psicolog\u00eda Aplicada (CEPA)<\/a>\u00a0<\/div><div class=\"x_elementToProof\" aria-hidden=\"true\">\u00a0<\/div><div class=\"x_elementToProof\"><b>MEGANOTICIAS PRIME<\/b>\u00a0<br \/><a id=\"OWAa4a4bf19-61eb-2ac9-f788-02f0a5fdb193\" class=\"x_Hyperlink x_SCXW74199284 x_BCX0 x_OWAAutoLink\" title=\"https:\/\/www.litoralpress.cl\/sitio\/RadioTV_Detalles.cshtml?LPKey=D7OFFK2XHEWO7JLIAR6GVWHN5I2DGNKU4T552V3FQ65P35BNOTDA3OOKGY4PMGJRP4URC4LH3DFIG\" href=\"https:\/\/www.litoralpress.cl\/sitio\/RadioTV_Detalles.cshtml?LPKey=D7OFFK2XHEWO7JLIAR6GVWHN5I2DGNKU4T552V3FQ65P35BNOTDA3OOKGY4PMGJRP4URC4LH3DFIG\" target=\"_blank\" rel=\"noreferrer noopener\" data-auth=\"NotApplicable\" data-linkindex=\"9\">Comentario de Mauricio Morales, director de Centro de An\u00e1lisis Pol\u00edtico (CAP)<\/a>\u00a0<\/div><div class=\"x_elementToProof\" aria-hidden=\"true\">\u00a0<\/div><div class=\"x_elementToProof\"><b>MEGA.CL<\/b>\u00a0<br \/><a id=\"OWAfad6e410-a824-f9f0-ceca-bd4298134f72\" class=\"x_Hyperlink x_SCXW74199284 x_BCX0 x_OWAAutoLink\" title=\"https:\/\/www.mega.cl\/programas\/mucho-gusto\/mejores-momentos\/209550-analisis-primer-gabinete-jose-antonio-kast-gremialismo-jaime-guzman-mauricio-morales.html\" href=\"https:\/\/www.mega.cl\/programas\/mucho-gusto\/mejores-momentos\/209550-analisis-primer-gabinete-jose-antonio-kast-gremialismo-jaime-guzman-mauricio-morales.html\" target=\"_blank\" rel=\"noreferrer noopener\" data-auth=\"NotApplicable\" data-linkindex=\"10\">Mauricio Morales analiza gabinete de Kast: Lo califica de &#8220;gremialista&#8221; y que &#8220;Jaime Guzm\u00e1n estar\u00eda conforme&#8221;. Se refiere Mauricio Morales, director de Centro de An\u00e1lisis Pol\u00edtico (CAP)<\/a>\u00a0<\/div><div class=\"x_elementToProof\" aria-hidden=\"true\">\u00a0<\/div><div class=\"x_elementToProof\"><b>RADIO\u00a0INFINITA<\/b>\u00a0<br \/><a id=\"OWAe8604028-b1ff-8afc-f404-2044e378f541\" class=\"x_Hyperlink x_SCXW74199284 x_BCX0 x_OWAAutoLink\" title=\"https:\/\/www.litoralpress.cl\/sitio\/RadioTV_Detalles.cshtml?LPKey=4PYPT657XHRKILCSZTLJB2S5F6Q73YS45DDEFDT4MVTSUHSY3WYU6DSFTTYL7LJENB4QAPFUSL5Q4\" href=\"https:\/\/www.litoralpress.cl\/sitio\/RadioTV_Detalles.cshtml?LPKey=4PYPT657XHRKILCSZTLJB2S5F6Q73YS45DDEFDT4MVTSUHSY3WYU6DSFTTYL7LJENB4QAPFUSL5Q4\" target=\"_blank\" rel=\"noreferrer noopener\" data-auth=\"NotApplicable\" data-linkindex=\"11\">An\u00e1lisis pol\u00edtico por gabinete de Jos\u00e9 Antonio Kast. Se refiere Mauricio Morales, director de Centro de An\u00e1lisis Pol\u00edtico (CAP).<\/a>\u00a0<\/div><div class=\"x_elementToProof\" aria-hidden=\"true\">\u00a0<\/div><div class=\"x_elementToProof\"><b>IDEALEX<\/b>\u00a0<br \/><a id=\"OWA7ddf249e-9fd6-d263-090e-4817a53bc7c0\" class=\"x_Hyperlink x_SCXW74199284 x_BCX0 x_OWAAutoLink\" title=\"https:\/\/idealex.press\/como-usar-ia-en-un-doctorado-y-sobrevivir-en-el-intento\/\" href=\"https:\/\/idealex.press\/como-usar-ia-en-un-doctorado-y-sobrevivir-en-el-intento\/\" target=\"_blank\" rel=\"noreferrer noopener\" data-auth=\"NotApplicable\" data-linkindex=\"12\">Como usar IA en un doctorado y sobrevivir en el intento. Se\u00a0refiere Ruperto\u00a0Pinochet, acad\u00e9mico Facultad de Ciencias Jur\u00eddicas y Sociales.\u00a0<\/a>\u00a0<\/div><div class=\"x_elementToProof\" aria-hidden=\"true\">\u00a0<\/div><div class=\"x_elementToProof\"><b>PUBLIMETRO<\/b>\u00a0<br \/><a id=\"OWA5fcfdf40-ad4e-3e4a-91e3-11da72a99874\" class=\"x_Hyperlink x_SCXW74199284 x_BCX0 x_OWAAutoLink\" title=\"https:\/\/www.publimetro.cl\/social\/2026\/01\/21\/como-combatir-las-altas-temperaturas-estas-soluciones-permiten-reducir-hasta-15-c-la-temperatura-del-hogar\/\" href=\"https:\/\/www.publimetro.cl\/social\/2026\/01\/21\/como-combatir-las-altas-temperaturas-estas-soluciones-permiten-reducir-hasta-15-c-la-temperatura-del-hogar\/\" target=\"_blank\" rel=\"noreferrer noopener\" data-auth=\"NotApplicable\" data-linkindex=\"13\">\u00bfC\u00f3mo combatir las altas temperaturas?: Estas soluciones permiten reducir hasta 15 \u00b0C la temperatura del hogar. Se menciona la Universidad de\u00a0Talca.\u00a0<\/a>\u00a0<\/div><div class=\"x_elementToProof\" aria-hidden=\"true\">\u00a0<\/div><div class=\"x_elementToProof\"><b>DIARIO EL CENTRO<\/b>\u00a0<br \/><a id=\"OWA00e2ba25-47d8-c425-2ba2-180f72c7bce8\" class=\"x_Hyperlink x_SCXW74199284 x_BCX0 x_OWAAutoLink\" title=\"https:\/\/www.diarioelcentro.cl\/2026\/01\/21\/asociacion-canal-maule-y-universidad-de-concepcion-firman-convenio-para-gestion-y-recarga-de-acuiferos-en-la-cuenca-del-maule\/\" href=\"https:\/\/www.diarioelcentro.cl\/2026\/01\/21\/asociacion-canal-maule-y-universidad-de-concepcion-firman-convenio-para-gestion-y-recarga-de-acuiferos-en-la-cuenca-del-maule\/\" target=\"_blank\" rel=\"noreferrer noopener\" data-auth=\"NotApplicable\" data-linkindex=\"14\">Asociaci\u00f3n Canal Maule y Universidad de Concepci\u00f3n firman convenio para gesti\u00f3n y recarga de acu\u00edferos en la cuenca del R\u00edo Maule. Se menciona la Universidad de Talca.\u00a0<\/a>\u00a0<\/div><div class=\"x_elementToProof\" aria-hidden=\"true\">\u00a0<\/div><div class=\"x_elementToProof\"><b>PAUTA COMUNAL<\/b>\u00a0<br \/><a id=\"OWAb6a67612-8f5b-929a-0e1a-74048eaddcf8\" class=\"x_Hyperlink x_SCXW74199284 x_BCX0 x_OWAAutoLink\" title=\"https:\/\/pautacomunal.cl\/nacional\/la-asociacion-canal-maule-y-la-universidad-de-concepcion-suscriben-un-convenio-para-la-gestion-y-recarga-de-acuiferos-en-la-cuenca-del-rio-maule\/\" href=\"https:\/\/pautacomunal.cl\/nacional\/la-asociacion-canal-maule-y-la-universidad-de-concepcion-suscriben-un-convenio-para-la-gestion-y-recarga-de-acuiferos-en-la-cuenca-del-rio-maule\/\" target=\"_blank\" rel=\"noreferrer noopener\" data-auth=\"NotApplicable\" data-linkindex=\"15\">La Asociaci\u00f3n Canal Maule y la Universidad de Concepci\u00f3n suscriben un convenio para la gesti\u00f3n y recarga de acu\u00edferos en la cuenca del R\u00edo Maule. Se menciona Universidad de Talca.\u00a0<\/a>\u00a0<\/div><div class=\"x_elementToProof\" aria-hidden=\"true\">\u00a0<\/div><div class=\"x_elementToProof\"><b>DIARIO EL HERALDO<\/b>\u00a0<br \/><a id=\"OWAc4fba67c-89c5-e688-d134-ca001a58d9b0\" class=\"x_Hyperlink x_SCXW74199284 x_BCX0 x_OWAAutoLink\" title=\"https:\/\/www.litoralpress.cl\/sitio\/Prensa_Detalles.cshtml?LPKey=OCTLHO3BRNYQ3YPUYWMD2CYMDULWDOEDE2GIQZDERLK5STVFRAFA\" href=\"https:\/\/www.litoralpress.cl\/sitio\/Prensa_Detalles.cshtml?LPKey=OCTLHO3BRNYQ3YPUYWMD2CYMDULWDOEDE2GIQZDERLK5STVFRAFA\" target=\"_blank\" rel=\"noreferrer noopener\" data-auth=\"NotApplicable\" data-linkindex=\"16\">TRM cerr\u00f3 Jornadas Musicales de Verano con tributo sinf\u00f3nico a 31 Minutos ante un teatro repleto. Se menciona la Universidad de Talca.<\/a>\u00a0<\/div><div class=\"x_elementToProof\" aria-hidden=\"true\">\u00a0<\/div><div class=\"x_elementToProof\"><b>LA PRENSA DE CURIC\u00d3<\/b>\u00a0<br \/><a id=\"OWA5c7f0f4d-9d57-dfc7-cef2-3d8b03b23807\" class=\"x_Hyperlink x_SCXW74199284 x_BCX0 x_OWAAutoLink\" title=\"https:\/\/www.litoralpress.cl\/sitio\/Prensa_Detalles.cshtml?LPKey=XEENX2BHE3VZNS45MRICWXSB3V3QGDEGM2UKWTRPLQ5SEXFLGNFQ\" href=\"https:\/\/www.litoralpress.cl\/sitio\/Prensa_Detalles.cshtml?LPKey=XEENX2BHE3VZNS45MRICWXSB3V3QGDEGM2UKWTRPLQ5SEXFLGNFQ\" target=\"_blank\" rel=\"noreferrer noopener\" data-auth=\"NotApplicable\" data-linkindex=\"17\">Vuelta Ciclista Maule Centro unir\u00e1 las comunas de Maule, Pencahue, Talca y San Clemente. Se menciona la Universidad de Talca.\u00a0<\/a>\u00a0<\/div><div class=\"x_elementToProof\" aria-hidden=\"true\">\u00a0<\/div><div class=\"x_elementToProof\"><b>DIARIO EL PULSO<\/b>\u00a0<br \/><a id=\"OWA5f84cddd-3f53-2a5a-f4c5-3ef40fb9c0b6\" class=\"x_Hyperlink x_SCXW74199284 x_BCX0 x_OWAAutoLink\" title=\"https:\/\/www.diarioelpulso.cl\/2026\/01\/21\/uoh-consolida-liderazgo-en-ciencia-y-territorio-con-adjudicacion-de-concurso-nuevos-nodos-macrozonales-de-anid\/\" href=\"https:\/\/www.diarioelpulso.cl\/2026\/01\/21\/uoh-consolida-liderazgo-en-ciencia-y-territorio-con-adjudicacion-de-concurso-nuevos-nodos-macrozonales-de-anid\/\" target=\"_blank\" rel=\"noreferrer noopener\" data-auth=\"NotApplicable\" data-linkindex=\"18\">UOH consolida liderazgo en ciencia y territorio con adjudicaci\u00f3n de Concurso Nuevos Nodos\u00a0Macrozonales\u00a0de ANID. Se menciona la Universidad de Talca.\u00a0<\/a>\u00a0<\/div><div class=\"x_elementToProof\">\u00a0<\/div>\t\t\t\t\t\t<\/div>\n\t\t\t\t<\/div>\n\t\t\t\t\t<\/div>\n\t\t<\/div>\n\t\t\t\t\t\t\t<\/div>\n\t\t<\/section>\n\t\t\t\t\t\t<\/div>\n\t\t\t\t\t<\/div>\n\t\t","protected":false},"excerpt":{"rendered":"<p>CANAL 24 HORAS\u00a0\u00a0Entrevista a Mario Herrera, investigador y acad\u00e9mico Centro de An\u00e1lisis Pol\u00edtico (CAP)\u00a0\u00a0\u00a024 HORAS\u00a0An\u00e1lisis al gabinete de Kast: &#8220;Es equilibrado en perfiles, pero desequilibrado en t\u00e9rminos pol\u00edticos&#8221;. Se refiere Mario Herrera, investigador y acad\u00e9mico Centro de An\u00e1lisis Pol\u00edtico (CAP)\u00a0\u00a0DIARIO EL CENTRO\u00a0Estudio en Talca analizar\u00e1 efectos de la contaminaci\u00f3n y temperaturas extremas en reci\u00e9n nacidos. &hellip;<\/p>\n<p class=\"read-more\"> <a class=\"\" href=\"https:\/\/www.reportedeprensa.utalca.cl\/?p=13242\"> <span class=\"screen-reader-text\">22 de enero 2026<\/span> Read More &raquo;<\/a><\/p>\n","protected":false},"author":1,"featured_media":0,"comment_status":"closed","ping_status":"open","sticky":false,"template":"","format":"standard","meta":{"_monsterinsights_skip_tracking":false,"_monsterinsights_sitenote_active":false,"_monsterinsights_sitenote_note":"","_monsterinsights_sitenote_category":0},"categories":[67],"tags":[],"_links":{"self":[{"href":"https:\/\/www.reportedeprensa.utalca.cl\/index.php?rest_route=\/wp\/v2\/posts\/13242"}],"collection":[{"href":"https:\/\/www.reportedeprensa.utalca.cl\/index.php?rest_route=\/wp\/v2\/posts"}],"about":[{"href":"https:\/\/www.reportedeprensa.utalca.cl\/index.php?rest_route=\/wp\/v2\/types\/post"}],"author":[{"embeddable":true,"href":"https:\/\/www.reportedeprensa.utalca.cl\/index.php?rest_route=\/wp\/v2\/users\/1"}],"replies":[{"embeddable":true,"href":"https:\/\/www.reportedeprensa.utalca.cl\/index.php?rest_route=%2Fwp%2Fv2%2Fcomments&post=13242"}],"version-history":[{"count":5,"href":"https:\/\/www.reportedeprensa.utalca.cl\/index.php?rest_route=\/wp\/v2\/posts\/13242\/revisions"}],"predecessor-version":[{"id":13335,"href":"https:\/\/www.reportedeprensa.utalca.cl\/index.php?rest_route=\/wp\/v2\/posts\/13242\/revisions\/13335"}],"wp:attachment":[{"href":"https:\/\/www.reportedeprensa.utalca.cl\/index.php?rest_route=%2Fwp%2Fv2%2Fmedia&parent=13242"}],"wp:term":[{"taxonomy":"category","embeddable":true,"href":"https:\/\/www.reportedeprensa.utalca.cl\/index.php?rest_route=%2Fwp%2Fv2%2Fcategories&post=13242"},{"taxonomy":"post_tag","embeddable":true,"href":"https:\/\/www.reportedeprensa.utalca.cl\/index.php?rest_route=%2Fwp%2Fv2%2Ftags&post=13242"}],"curies":[{"name":"wp","href":"https:\/\/api.w.org\/{rel}","templated":true}]}}