{"id":13250,"date":"2026-01-23T10:00:30","date_gmt":"2026-01-23T13:00:30","guid":{"rendered":"https:\/\/www.reportedeprensa.utalca.cl\/?p=13250"},"modified":"2026-03-04T13:06:46","modified_gmt":"2026-03-04T16:06:46","slug":"23-de-enero-2026","status":"publish","type":"post","link":"https:\/\/www.reportedeprensa.utalca.cl\/?p=13250","title":{"rendered":"23 de enero 2026"},"content":{"rendered":"\t\t<div data-elementor-type=\"wp-post\" data-elementor-id=\"13250\" class=\"elementor elementor-13250\" data-elementor-settings=\"[]\">\n\t\t\t\t\t\t\t<div class=\"elementor-section-wrap\">\n\t\t\t\t\t\t\t<section class=\"elementor-section elementor-top-section elementor-element elementor-element-bcea1a8 elementor-section-boxed elementor-section-height-default elementor-section-height-default\" data-id=\"bcea1a8\" data-element_type=\"section\">\n\t\t\t\t\t\t<div class=\"elementor-container elementor-column-gap-default\">\n\t\t\t\t\t<div class=\"elementor-column elementor-col-100 elementor-top-column elementor-element elementor-element-e7183bf\" data-id=\"e7183bf\" data-element_type=\"column\">\n\t\t\t<div class=\"elementor-widget-wrap elementor-element-populated\">\n\t\t\t\t\t\t\t\t<div class=\"elementor-element elementor-element-66ef31a elementor-widget elementor-widget-text-editor\" data-id=\"66ef31a\" data-element_type=\"widget\" data-widget_type=\"text-editor.default\">\n\t\t\t\t<div class=\"elementor-widget-container\">\n\t\t\t\t\t\t\t\t<div class=\"x_elementToProof\"><b data-olk-copy-source=\"MessageBody\">EL MOSTRADOR<\/b>\u00a0<br \/><a id=\"OWA74c52b72-f88b-78b1-8842-8a67a78013ed\" class=\"x_Hyperlink x_SCXW216667908 x_BCX0 x_OWAAutoLink\" title=\"https:\/\/www.elmostrador.cl\/noticias\/multimedia\/al-pan-pan\/2026\/01\/22\/al-pan-pan-discutimos-sobre-los-desafios-mas-apremiantes-en-educacion-y-actualidad-politica\/\" href=\"https:\/\/www.elmostrador.cl\/noticias\/multimedia\/al-pan-pan\/2026\/01\/22\/al-pan-pan-discutimos-sobre-los-desafios-mas-apremiantes-en-educacion-y-actualidad-politica\/\" target=\"_blank\" rel=\"noreferrer noopener\" data-auth=\"NotApplicable\" data-linkindex=\"0\">Al Pan\u00a0Pan: Discutimos sobre los desaf\u00edos m\u00e1s apremiantes en educaci\u00f3n y actualidad pol\u00edtica.\u00a0Se refiere Mario Herrera, acad\u00e9mico Centro de An\u00e1lisis Pol\u00edtico (CAP)<\/a>\u00a0<\/div><div class=\"x_elementToProof\" aria-hidden=\"true\">\u00a0<\/div><div class=\"x_elementToProof\"><b>EL MOSTRADOR<\/b>\u00a0<br \/><a id=\"OWA52db1f89-7f38-67e2-3d30-7dac96840242\" class=\"x_Hyperlink x_SCXW216667908 x_BCX0 x_OWAAutoLink\" title=\"https:\/\/www.elmostrador.cl\/noticias\/pais\/2026\/01\/22\/analista-mario-herrera-y-ministros-independientes-de-kast-no-van-a-tener-a-nadie-que-los-defienda\/\" href=\"https:\/\/www.elmostrador.cl\/noticias\/pais\/2026\/01\/22\/analista-mario-herrera-y-ministros-independientes-de-kast-no-van-a-tener-a-nadie-que-los-defienda\/\" target=\"_blank\" rel=\"noreferrer noopener\" data-auth=\"NotApplicable\" data-linkindex=\"1\">Analista Mario Herrera y ministros independientes de Kast: \u201cNo van a tener a nadie que los defienda\u201d. Se refiere Mario Herrera, acad\u00e9mico Centro de\u00a0An\u00e1lisis Pol\u00edtico (CAP)<\/a>\u00a0<\/div><div class=\"x_elementToProof\" aria-hidden=\"true\">\u00a0<\/div><div class=\"x_elementToProof\"><b>RADIO INFINITA<\/b>\u00a0<br \/><a id=\"OWA6f3b3452-b11a-d2d0-0962-5b71b2a3a06f\" class=\"x_Hyperlink x_SCXW216667908 x_BCX0 x_OWAAutoLink\" title=\"https:\/\/www.infinita.cl\/columnas\/2026\/01\/22\/analisis-politico-pdg-vs-udi-filtraciones-reacciones-y-respeto-al-tricel.html\" href=\"https:\/\/www.infinita.cl\/columnas\/2026\/01\/22\/analisis-politico-pdg-vs-udi-filtraciones-reacciones-y-respeto-al-tricel.html\" target=\"_blank\" rel=\"noreferrer noopener\" data-auth=\"NotApplicable\" data-linkindex=\"2\">An\u00e1lisis pol\u00edtico | PDG vs UDI: filtraciones, reacciones y respeto al\u00a0Tricel. Mauricio Morales, director de Centro de An\u00e1lisis Pol\u00edtico (CAP).<\/a>\u00a0<\/div><div class=\"x_elementToProof\" aria-hidden=\"true\">\u00a0<\/div><div class=\"x_elementToProof\"><b>EL CONTENIDO.NEWS<\/b>\u00a0<br \/><a id=\"OWA5208d8d1-130c-acc2-6efb-259309a3cb6f\" class=\"x_Hyperlink x_SCXW216667908 x_BCX0 x_OWAAutoLink\" title=\"https:\/\/elcontenido.news\/2026\/nacional\/inquietud-en-mi-chile-querido\/\" href=\"https:\/\/elcontenido.news\/2026\/nacional\/inquietud-en-mi-chile-querido\/\" target=\"_blank\" rel=\"noreferrer noopener\" data-auth=\"NotApplicable\" data-linkindex=\"3\">\u00bfInquietud en mi Chile querido? Se refiere Diego Palomo, acad\u00e9mico Facultad de Ciencias Jur\u00eddicas y Sociales.\u00a0<\/a>\u00a0<\/div><div class=\"x_elementToProof\" aria-hidden=\"true\">\u00a0<\/div><div class=\"x_elementToProof\"><b>CIENCIA EN CHILE<\/b>\u00a0<br \/><a id=\"OWA2c91e5c3-6f12-2857-9571-35877526fef2\" class=\"x_Hyperlink x_SCXW216667908 x_BCX0 x_OWAAutoLink\" title=\"https:\/\/www.cienciaenchile.cl\/investigar-como-razonamos-el-aporte-de-un-joven-psicologo-a-las-ciencias-cognitivas-desde-la-universidad-de-talca\/\" href=\"https:\/\/www.cienciaenchile.cl\/investigar-como-razonamos-el-aporte-de-un-joven-psicologo-a-las-ciencias-cognitivas-desde-la-universidad-de-talca\/\" target=\"_blank\" rel=\"noreferrer noopener\" data-auth=\"NotApplicable\" data-linkindex=\"4\">Investigar c\u00f3mo razonamos: el aporte de un joven psic\u00f3logo a las ciencias cognitivas desde la Universidad de Talca.<\/a>\u00a0<\/div><div class=\"x_elementToProof\" aria-hidden=\"true\">\u00a0<\/div><div class=\"x_elementToProof\"><b>DIARIO EL HERALDO<\/b>\u00a0<br \/><a id=\"OWA32c4e47e-b051-bb9d-c096-aa34b14db4c5\" class=\"x_Hyperlink x_SCXW216667908 x_BCX0 x_OWAAutoLink\" title=\"https:\/\/www.canal2linares.cl\/2026\/01\/estres-postraumatico-como-prevenirlo-y.html\" href=\"https:\/\/www.canal2linares.cl\/2026\/01\/estres-postraumatico-como-prevenirlo-y.html\" target=\"_blank\" rel=\"noreferrer noopener\" data-auth=\"NotApplicable\" data-linkindex=\"5\">Estr\u00e9s postraum\u00e1tico: c\u00f3mo prevenir y acompa\u00f1ar a afectados en emergencias. Se refiere Nadia Ramos, directora Centro de Psicolog\u00eda Aplicada (CEPA)<\/a>\u00a0<\/div><div class=\"x_elementToProof\" aria-hidden=\"true\">\u00a0<\/div><div class=\"x_elementToProof\"><b>EL LECTOR<\/b>\u00a0<br \/><a id=\"OWAdf510e86-ba93-1914-06ec-a4128ca5eec0\" class=\"x_Hyperlink x_SCXW216667908 x_BCX0 x_OWAAutoLink\" title=\"https:\/\/www.litoralpress.cl\/sitio\/Prensa_Detalles.cshtml?LPKey=GNNJVAP4KB3SDQ2PAWO7MG747YR33AVI3SJ2ASCST6TU7EBRTNNQ\" href=\"https:\/\/www.litoralpress.cl\/sitio\/Prensa_Detalles.cshtml?LPKey=GNNJVAP4KB3SDQ2PAWO7MG747YR33AVI3SJ2ASCST6TU7EBRTNNQ\" target=\"_blank\" rel=\"noreferrer noopener\" data-auth=\"NotApplicable\" data-linkindex=\"6\">Estr\u00e9s postraum\u00e1tico: c\u00f3mo prevenir y acompa\u00f1ar a afectados en emergencias. Se refiere Nadia Ramos, directora Centro de Psicolog\u00eda Aplicada (CEPA)<\/a>\u00a0<\/div><div class=\"x_elementToProof\" aria-hidden=\"true\">\u00a0<\/div><div class=\"x_elementToProof\"><b>G5 NOTICIAS<\/b>\u00a0<br \/><a id=\"OWA8ad3bfbb-ca70-c937-6142-dc79f6d53882\" class=\"x_Hyperlink x_SCXW216667908 x_BCX0 x_OWAAutoLink\" title=\"https:\/\/g5noticias.cl\/2026\/01\/22\/estres-postraumatico-como-prevenirlo-y-acompanar-a-afectados-en-emergencias\/\" href=\"https:\/\/g5noticias.cl\/2026\/01\/22\/estres-postraumatico-como-prevenirlo-y-acompanar-a-afectados-en-emergencias\/\" target=\"_blank\" rel=\"noreferrer noopener\" data-auth=\"NotApplicable\" data-linkindex=\"7\">Estr\u00e9s postraum\u00e1tico: c\u00f3mo prevenirlo y acompa\u00f1ar a afectados en emergencias,\u00a0Se refiere Nadia Ramos, directora Centro de Psicolog\u00eda Aplicada (CEPA)<\/a>\u00a0<\/div><div class=\"x_elementToProof\" aria-hidden=\"true\">\u00a0<\/div><div class=\"x_elementToProof\"><b>PAUTA COMUNAL<\/b>\u00a0<br \/><a id=\"OWA97af2352-4775-3d5f-f78c-b5a76c5aaa5c\" class=\"x_Hyperlink x_SCXW216667908 x_BCX0 x_OWAAutoLink\" title=\"https:\/\/pautacomunal.cl\/nacional\/estres-postraumatico-estrategias-para-prevenirlo-y-apoyar-a-quienes-lo-padecen-en-situaciones-de-emergencia-segun-un-especialista\/\" href=\"https:\/\/pautacomunal.cl\/nacional\/estres-postraumatico-estrategias-para-prevenirlo-y-apoyar-a-quienes-lo-padecen-en-situaciones-de-emergencia-segun-un-especialista\/\" target=\"_blank\" rel=\"noreferrer noopener\" data-auth=\"NotApplicable\" data-linkindex=\"8\">Estr\u00e9s postraum\u00e1tico: estrategias para prevenirlo y apoyar a quienes lo padecen en situaciones de emergencia, seg\u00fan un especialista.\u00a0Se refiere Nadia Ramos, directora Centro de Psicolog\u00eda Aplicada (CEPA)<\/a>\u00a0<\/div><div class=\"x_elementToProof\" aria-hidden=\"true\">\u00a0<\/div><div class=\"x_elementToProof\"><b>OSORNO EN LA RED<\/b>\u00a0<br \/><a id=\"OWA75d0d966-db67-5dcc-5749-c4579f0192a8\" class=\"x_Hyperlink x_SCXW216667908 x_BCX0 x_OWAAutoLink\" title=\"http:\/\/osornoenlared.cl\/2026\/01\/22\/estres-postraumatico-como-prevenirlo-y-acompanar-a-afectados-en-emergencias\/\" href=\"http:\/\/osornoenlared.cl\/2026\/01\/22\/estres-postraumatico-como-prevenirlo-y-acompanar-a-afectados-en-emergencias\/\" target=\"_blank\" rel=\"noreferrer noopener\" data-auth=\"NotApplicable\" data-linkindex=\"9\">Estr\u00e9s postraum\u00e1tico: c\u00f3mo prevenir y acompa\u00f1ar a afectados en emergencias. Se refiere Nadia Ramos, directora Centro de Psicolog\u00eda Aplicada (CEPA)<\/a>\u00a0<\/div><div class=\"x_elementToProof\" aria-hidden=\"true\">\u00a0<\/div><div class=\"x_elementToProof\"><b>CANAL 2 LINARES<\/b>\u00a0<br \/><a id=\"OWA17da6b77-8e0b-34e8-cef4-7df7c0be3347\" class=\"x_Hyperlink x_SCXW216667908 x_BCX0 x_OWAAutoLink\" title=\"https:\/\/www.canal2linares.cl\/2026\/01\/investigaran-efectos-de-la.html\" href=\"https:\/\/www.canal2linares.cl\/2026\/01\/investigaran-efectos-de-la.html\" target=\"_blank\" rel=\"noreferrer noopener\" data-auth=\"NotApplicable\" data-linkindex=\"10\">Estr\u00e9s postraum\u00e1tico: c\u00f3mo prevenir y acompa\u00f1ar a afectados en emergencias. Se refiere Nadia Ramos, directora Centro de Psicolog\u00eda Aplicada (CEPA)<\/a>\u00a0<\/div><div class=\"x_elementToProof\" aria-hidden=\"true\">\u00a0<\/div><div class=\"x_elementToProof\"><b>MAULE HOY<\/b>\u00a0<br \/><a id=\"OWAf7b31081-7c90-454f-7813-2ae933eb3994\" class=\"x_Hyperlink x_SCXW216667908 x_BCX0 x_OWAAutoLink\" title=\"https:\/\/www.litoralpress.cl\/sitio\/Prensa_Detalles.cshtml?LPKey=D3GMK2MVSFHOMPLEFNSQVAFP7CZSOSO53GTFQRGFOTLZPGM\" href=\"https:\/\/www.litoralpress.cl\/sitio\/Prensa_Detalles.cshtml?LPKey=D3GMK2MVSFHOMPLEFNSQVAFP7CZSOSO53GTFQRGFOTLZPGM\" target=\"_blank\" rel=\"noreferrer noopener\" data-auth=\"NotApplicable\" data-linkindex=\"11\">UTalca firma convenio internacional para el desarrollo de la bio\u00e9tica. Se refiere Mar\u00eda Elisa Quinteros, directora de Relaciones Internacionales y Ramiro Castro, presidente del Comit\u00e9 \u00c9tico-Cient\u00edfico.<\/a>\u00a0<\/div><div class=\"x_elementToProof\">\u00a0\u00a0<\/div><div class=\"x_elementToProof\"><b>RADIO INFINITA<\/b>\u00a0<br \/><a id=\"OWA52ba00e0-2bd5-0e1e-40b7-9b0040b3f4a4\" class=\"x_Hyperlink x_SCXW216667908 x_BCX0 x_OWAAutoLink\" title=\"https:\/\/www.litoralpress.cl\/sitio\/RadioTV_Detalles.cshtml?LPKey=3DD5BZL3SMPB3JXAT2VALSEEMXEX36UNTKVIIWI4L36ICGP2V4KPMBMA4VO4YVL54B7KQKWOCWXB6\" href=\"https:\/\/www.litoralpress.cl\/sitio\/RadioTV_Detalles.cshtml?LPKey=3DD5BZL3SMPB3JXAT2VALSEEMXEX36UNTKVIIWI4L36ICGP2V4KPMBMA4VO4YVL54B7KQKWOCWXB6\" target=\"_blank\" rel=\"noreferrer noopener\" data-auth=\"NotApplicable\" data-linkindex=\"12\">An\u00e1lisis pol\u00edtico de la jornada.\u00a0Se refiere Mauricio Morales, director de Centro de An\u00e1lisis Pol\u00edtico (CAP).<\/a>\u00a0<\/div><div class=\"x_elementToProof\" aria-hidden=\"true\">\u00a0<\/div><div class=\"x_elementToProof\"><b>CONTIVISI\u00d3N<\/b>\u00a0<br \/><a id=\"OWAf16a3cc2-dfbe-e214-90ed-bfdc1c7484b3\" class=\"x_Hyperlink x_SCXW216667908 x_BCX0 x_OWAAutoLink\" title=\"https:\/\/www.litoralpress.cl\/sitio\/RadioTV_Detalles.cshtml?LPKey=XKH2J3THKHLB2VEW5CC6JFJLLMYIB5MOGHLDJUMJKFASEI4UGCDEN7QBO2V6TJO5MKS74UUPGFXMA\" href=\"https:\/\/www.litoralpress.cl\/sitio\/RadioTV_Detalles.cshtml?LPKey=XKH2J3THKHLB2VEW5CC6JFJLLMYIB5MOGHLDJUMJKFASEI4UGCDEN7QBO2V6TJO5MKS74UUPGFXMA\" target=\"_blank\" rel=\"noreferrer noopener\" data-auth=\"NotApplicable\" data-linkindex=\"13\">Entrevista a Juan Carlos D\u00edaz,\u00a0Alcalde\u00a0de Talca. Se menciona la Universidad de Talca<\/a>\u00a0<\/div><div class=\"x_elementToProof\" aria-hidden=\"true\">\u00a0<\/div><div class=\"x_elementToProof\"><b>LA PRENSA DE CURIC\u00d3<\/b>\u00a0<br \/><a id=\"OWA134ab3ad-93e0-8885-ffab-ed169fbf629c\" class=\"x_Hyperlink x_SCXW216667908 x_BCX0 x_OWAAutoLink\" title=\"https:\/\/www.litoralpress.cl\/sitio\/Prensa_Detalles.cshtml?LPKey=RRCM6R3GXEG6UTR6SOOBBAXPDG3JASHEMTUBMJFXLO7GKC4XQD7A\" href=\"https:\/\/www.litoralpress.cl\/sitio\/Prensa_Detalles.cshtml?LPKey=RRCM6R3GXEG6UTR6SOOBBAXPDG3JASHEMTUBMJFXLO7GKC4XQD7A\" target=\"_blank\" rel=\"noreferrer noopener\" data-auth=\"NotApplicable\" data-linkindex=\"14\">Jornadas Musicales de Verano finalizaron su tercera versi\u00f3n con tributo sinf\u00f3nico a 31 Minutos. Se menciona la Universidad de Talca.\u00a0<\/a>\u00a0<\/div><div class=\"x_elementToProof\" aria-hidden=\"true\">\u00a0<\/div><div class=\"x_elementToProof\"><b>LA PRENSA DE CURIC\u00d3<\/b>\u00a0<br \/><a id=\"OWA726f58b5-ca91-fbed-46a8-b2369ec090e0\" class=\"x_Hyperlink x_SCXW216667908 x_BCX0 x_OWAAutoLink\" title=\"https:\/\/www.litoralpress.cl\/sitio\/Prensa_Detalles.cshtml?LPKey=ZASMYLY2JLQR3SMVNDWCUEQ4KPIWK2K3EO7RP4IIVGYY4IYPKVWA\" href=\"https:\/\/www.litoralpress.cl\/sitio\/Prensa_Detalles.cshtml?LPKey=ZASMYLY2JLQR3SMVNDWCUEQ4KPIWK2K3EO7RP4IIVGYY4IYPKVWA\" target=\"_blank\" rel=\"noreferrer noopener\" data-auth=\"NotApplicable\" data-linkindex=\"15\">Obra de teatro visitar\u00e1 el Maule con funciones gratuitas en Talca y Linares. Se menciona la Universidad de Talca.<\/a>\u00a0<\/div><div class=\"x_elementToProof\" aria-hidden=\"true\">\u00a0<\/div><div class=\"x_elementToProof\"><b>PUBLIMICRO<\/b>\u00a0<br \/><a id=\"OWA7c661491-4c1a-278d-9e0a-b0efe1476060\" class=\"x_Hyperlink x_SCXW216667908 x_BCX0 x_OWAAutoLink\" title=\"https:\/\/publimicro.cl\/junaeb-y-municipalidad-de-pelarco-dan-inicio-a-las-escuelas-abiertas-de-verano-2026\/\" href=\"https:\/\/publimicro.cl\/junaeb-y-municipalidad-de-pelarco-dan-inicio-a-las-escuelas-abiertas-de-verano-2026\/\" target=\"_blank\" rel=\"noreferrer noopener\" data-auth=\"NotApplicable\" data-linkindex=\"16\">Junaeb y Municipalidad de\u00a0Pelarco\u00a0dan inicio a las Escuelas Abiertas de Verano 2026.\u00a0Se menciona la Universidad de Talca.<\/a>\u00a0<\/div><div class=\"x_elementToProof\" aria-hidden=\"true\">\u00a0<\/div><div class=\"x_elementToProof\"><b>DIARIO LA MA\u00d1ANA<\/b>\u00a0<br \/><a id=\"OWAeffc2bb9-6cf6-6601-0d70-42b585a71de5\" class=\"x_Hyperlink x_SCXW216667908 x_BCX0 x_OWAAutoLink\" title=\"https:\/\/xn--diariolamaana-rkb.cl\/pelarco-da-la-bienvenida-a-las-escuelas-abiertas-de-verano\/\" href=\"https:\/\/xn--diariolamaana-rkb.cl\/pelarco-da-la-bienvenida-a-las-escuelas-abiertas-de-verano\/\" target=\"_blank\" rel=\"noreferrer noopener\" data-auth=\"NotApplicable\" data-linkindex=\"17\">Pelarco da la bienvenida a las Escuelas Abiertas de Verano. Se menciona la\u00a0Universidad de Talca.\u00a0<\/a>\u00a0<\/div><div class=\"x_elementToProof\" aria-hidden=\"true\">\u00a0<\/div><div class=\"x_elementToProof\"><b>AM NOTICIAS<\/b>\u00a0<br \/><a id=\"OWA9f6fd8e5-f0f7-03ea-c1ce-730820de2c05\" class=\"x_Hyperlink x_SCXW216667908 x_BCX0 x_OWAAutoLink\" title=\"https:\/\/amnoticias.cl\/pelarco-da-la-bienvenida-a-las-escuelas-abiertas-de-verano\/\" href=\"https:\/\/amnoticias.cl\/pelarco-da-la-bienvenida-a-las-escuelas-abiertas-de-verano\/\" target=\"_blank\" rel=\"noreferrer noopener\" data-auth=\"NotApplicable\" data-linkindex=\"18\">Pelarco da la bienvenida a las Escuelas Abiertas de Verano. Se menciona la Universidad de Talca.<\/a>\u00a0<\/div><div class=\"x_elementToProof\" aria-hidden=\"true\">\u00a0<\/div><div class=\"x_elementToProof\"><b>MSN CHILE<\/b>\u00a0<br \/><a id=\"OWA962094e2-42f4-9ba5-c103-7f3e6acac539\" class=\"x_Hyperlink x_SCXW216667908 x_BCX0 x_OWAAutoLink\" title=\"https:\/\/www.msn.com\/es-cl\/noticias\/other\/c%C3%B3mo-combatir-las-altas-temperaturas-estas-soluciones-permiten-reducir-hasta-15-c-la-temperatura-del-hogar\/ar-AA1UGAcg\" href=\"https:\/\/www.msn.com\/es-cl\/noticias\/other\/c%C3%B3mo-combatir-las-altas-temperaturas-estas-soluciones-permiten-reducir-hasta-15-c-la-temperatura-del-hogar\/ar-AA1UGAcg\" target=\"_blank\" rel=\"noreferrer noopener\" data-auth=\"NotApplicable\" data-linkindex=\"19\">\u00bfC\u00f3mo combatir las altas temperaturas? Estas soluciones permiten reducir hasta 15 \u00b0C la temperatura del hogar. Se menciona la Universidad de Talca.\u00a0<\/a>\u00a0<\/div><div class=\"x_elementToProof\" aria-hidden=\"true\">\u00a0<\/div><div class=\"x_elementToProof\"><b>RADIO FUTURO<\/b>\u00a0<br \/><a id=\"OWA7456f6f4-fe46-4573-e4a1-43fb3c2b5ff9\" class=\"x_Hyperlink x_SCXW216667908 x_BCX0 x_OWAAutoLink\" title=\"https:\/\/www.futuro.cl\/2026\/01\/calor-insoportable-estas-soluciones-permiten-reducir-hasta-15-c-la-temperatura-del-hogar\/\" href=\"https:\/\/www.futuro.cl\/2026\/01\/calor-insoportable-estas-soluciones-permiten-reducir-hasta-15-c-la-temperatura-del-hogar\/\" target=\"_blank\" rel=\"noreferrer noopener\" data-auth=\"NotApplicable\" data-linkindex=\"20\">\u00bfCalor insoportable? Estas soluciones permiten reducir hasta 15 \u00b0C la temperatura del hogar. Se menciona la Universidad de Talca.<\/a>\u00a0<\/div><div class=\"x_elementToProof\" aria-hidden=\"true\">\u00a0<\/div><div class=\"x_elementToProof\"><b>DIARIO EL CENTRO<\/b>\u00a0<br \/><a id=\"OWAbf5e82b0-4588-a426-4026-201f854a7e99\" class=\"x_Hyperlink x_SCXW216667908 x_BCX0 x_OWAAutoLink\" title=\"https:\/\/www.diarioelcentro.cl\/2026\/01\/22\/jovenes-de-teleton-maule-cumplen-su-sueno-universitario-tras-la-paes\/\" href=\"https:\/\/www.diarioelcentro.cl\/2026\/01\/22\/jovenes-de-teleton-maule-cumplen-su-sueno-universitario-tras-la-paes\/\" target=\"_blank\" rel=\"noreferrer noopener\" data-auth=\"NotApplicable\" data-linkindex=\"21\">J\u00f3venes de Telet\u00f3n Maule cumplen su sue\u00f1o universitario tras la PAES. Se menciona la\u00a0Universidad de Talca<\/a>\u00a0<\/div><div class=\"x_elementToProof\" aria-hidden=\"true\">\u00a0<\/div><div class=\"x_elementToProof\"><b>ANALIZA MAULE<\/b>\u00a0<br \/><a id=\"OWA5c020304-0962-f93d-b729-61769cf9d3c2\" class=\"x_Hyperlink x_SCXW216667908 x_BCX0 x_OWAAutoLink\" title=\"https:\/\/analizamaule.cl\/vuelta-ciclista-maule-centro-2026-todo-listo-para-hacer-historia\/\" href=\"https:\/\/analizamaule.cl\/vuelta-ciclista-maule-centro-2026-todo-listo-para-hacer-historia\/\" target=\"_blank\" rel=\"noreferrer noopener\" data-auth=\"NotApplicable\" data-linkindex=\"22\">Vuelta Ciclista Maule Centro 2026: \u00a1Todo listo para hacer historia! Se menciona la Universidad de Talca.\u00a0<\/a>\u00a0<\/div>\t\t\t\t\t\t<\/div>\n\t\t\t\t<\/div>\n\t\t\t\t\t<\/div>\n\t\t<\/div>\n\t\t\t\t\t\t\t<\/div>\n\t\t<\/section>\n\t\t\t\t\t\t<\/div>\n\t\t\t\t\t<\/div>\n\t\t","protected":false},"excerpt":{"rendered":"<p>EL MOSTRADOR\u00a0Al Pan\u00a0Pan: Discutimos sobre los desaf\u00edos m\u00e1s apremiantes en educaci\u00f3n y actualidad pol\u00edtica.\u00a0Se refiere Mario Herrera, acad\u00e9mico Centro de An\u00e1lisis Pol\u00edtico (CAP)\u00a0\u00a0EL MOSTRADOR\u00a0Analista Mario Herrera y ministros independientes de Kast: \u201cNo van a tener a nadie que los defienda\u201d. Se refiere Mario Herrera, acad\u00e9mico Centro de\u00a0An\u00e1lisis Pol\u00edtico (CAP)\u00a0\u00a0RADIO INFINITA\u00a0An\u00e1lisis pol\u00edtico | PDG vs UDI: &hellip;<\/p>\n<p class=\"read-more\"> <a class=\"\" href=\"https:\/\/www.reportedeprensa.utalca.cl\/?p=13250\"> <span class=\"screen-reader-text\">23 de enero 2026<\/span> Read More &raquo;<\/a><\/p>\n","protected":false},"author":1,"featured_media":0,"comment_status":"closed","ping_status":"open","sticky":false,"template":"","format":"standard","meta":{"_monsterinsights_skip_tracking":false,"_monsterinsights_sitenote_active":false,"_monsterinsights_sitenote_note":"","_monsterinsights_sitenote_category":0},"categories":[67],"tags":[],"_links":{"self":[{"href":"https:\/\/www.reportedeprensa.utalca.cl\/index.php?rest_route=\/wp\/v2\/posts\/13250"}],"collection":[{"href":"https:\/\/www.reportedeprensa.utalca.cl\/index.php?rest_route=\/wp\/v2\/posts"}],"about":[{"href":"https:\/\/www.reportedeprensa.utalca.cl\/index.php?rest_route=\/wp\/v2\/types\/post"}],"author":[{"embeddable":true,"href":"https:\/\/www.reportedeprensa.utalca.cl\/index.php?rest_route=\/wp\/v2\/users\/1"}],"replies":[{"embeddable":true,"href":"https:\/\/www.reportedeprensa.utalca.cl\/index.php?rest_route=%2Fwp%2Fv2%2Fcomments&post=13250"}],"version-history":[{"count":5,"href":"https:\/\/www.reportedeprensa.utalca.cl\/index.php?rest_route=\/wp\/v2\/posts\/13250\/revisions"}],"predecessor-version":[{"id":13334,"href":"https:\/\/www.reportedeprensa.utalca.cl\/index.php?rest_route=\/wp\/v2\/posts\/13250\/revisions\/13334"}],"wp:attachment":[{"href":"https:\/\/www.reportedeprensa.utalca.cl\/index.php?rest_route=%2Fwp%2Fv2%2Fmedia&parent=13250"}],"wp:term":[{"taxonomy":"category","embeddable":true,"href":"https:\/\/www.reportedeprensa.utalca.cl\/index.php?rest_route=%2Fwp%2Fv2%2Fcategories&post=13250"},{"taxonomy":"post_tag","embeddable":true,"href":"https:\/\/www.reportedeprensa.utalca.cl\/index.php?rest_route=%2Fwp%2Fv2%2Ftags&post=13250"}],"curies":[{"name":"wp","href":"https:\/\/api.w.org\/{rel}","templated":true}]}}