{"id":13259,"date":"2026-01-26T11:29:03","date_gmt":"2026-01-26T14:29:03","guid":{"rendered":"https:\/\/www.reportedeprensa.utalca.cl\/?p=13259"},"modified":"2026-03-04T13:06:34","modified_gmt":"2026-03-04T16:06:34","slug":"26-de-enero-2026","status":"publish","type":"post","link":"https:\/\/www.reportedeprensa.utalca.cl\/?p=13259","title":{"rendered":"26 de enero 2026"},"content":{"rendered":"\t\t<div data-elementor-type=\"wp-post\" data-elementor-id=\"13259\" class=\"elementor elementor-13259\" data-elementor-settings=\"[]\">\n\t\t\t\t\t\t\t<div class=\"elementor-section-wrap\">\n\t\t\t\t\t\t\t<section class=\"elementor-section elementor-top-section elementor-element elementor-element-bcea1a8 elementor-section-boxed elementor-section-height-default elementor-section-height-default\" data-id=\"bcea1a8\" data-element_type=\"section\">\n\t\t\t\t\t\t<div class=\"elementor-container elementor-column-gap-default\">\n\t\t\t\t\t<div class=\"elementor-column elementor-col-100 elementor-top-column elementor-element elementor-element-e7183bf\" data-id=\"e7183bf\" data-element_type=\"column\">\n\t\t\t<div class=\"elementor-widget-wrap elementor-element-populated\">\n\t\t\t\t\t\t\t\t<div class=\"elementor-element elementor-element-66ef31a elementor-widget elementor-widget-text-editor\" data-id=\"66ef31a\" data-element_type=\"widget\" data-widget_type=\"text-editor.default\">\n\t\t\t\t<div class=\"elementor-widget-container\">\n\t\t\t\t\t\t\t\t<div class=\"x_elementToProof\"><b data-olk-copy-source=\"MessageBody\">EL MERCURIO<\/b>\u00a0<\/div><div class=\"x_elementToProof\"><a id=\"OWA336cd6eb-4cf5-3daf-2d3d-3df21584c286\" class=\"x_Hyperlink x_SCXW185450049 x_BCX0 x_OWAAutoLink\" title=\"https:\/\/www.litoralpress.cl\/sitio\/Prensa_Detalles.cshtml?LPKey=MDSAGWEAG4PZFRXXWD3DGY5HOTMDATJF7OFJAFS3HY5HMUE6ASHQ\" href=\"https:\/\/www.litoralpress.cl\/sitio\/Prensa_Detalles.cshtml?LPKey=MDSAGWEAG4PZFRXXWD3DGY5HOTMDATJF7OFJAFS3HY5HMUE6ASHQ\" target=\"_blank\" rel=\"noreferrer noopener\" data-auth=\"NotApplicable\" data-linkindex=\"0\">Un recorrido extenso por el arte en regiones. Se menciona la Universidad de Talca.<\/a>\u00a0<\/div><div class=\"x_elementToProof\" aria-hidden=\"true\">\u00a0<\/div><div class=\"x_elementToProof\"><b>EL DIARIO SANTIAGO<\/b>\u00a0<br \/><a id=\"OWA3d80fbb7-45f4-4b93-8b06-b096b9c7d26f\" class=\"x_Hyperlink x_SCXW185450049 x_BCX0 x_OWAAutoLink\" title=\"https:\/\/www.eldiariosantiago.cl\/2026\/01\/25\/profesionales-docentes-deficit-educadores-chile\/\" href=\"https:\/\/www.eldiariosantiago.cl\/2026\/01\/25\/profesionales-docentes-deficit-educadores-chile\/\" target=\"_blank\" rel=\"noreferrer noopener\" data-auth=\"NotApplicable\" data-linkindex=\"1\">Profesionales se forman como docentes para enfrentar el Profesionales se forman como docentes para enfrentar el d\u00e9ficit de educadores en Chile. Se refiere Mauricio V\u00e9liz, decano Facultad de Ciencias de la Salud.<\/a>\u00a0<\/div><div class=\"x_elementToProof\" aria-hidden=\"true\">\u00a0<\/div><div class=\"x_elementToProof\"><b>PORTAL EDUCA<\/b>\u00a0<br \/><a id=\"OWA3e7dd1a9-3af5-39cf-ee8a-50d9b9259938\" class=\"x_Hyperlink x_SCXW185450049 x_BCX0 x_OWAAutoLink\" title=\"https:\/\/portaleduca.cl\/profesionales-se-forman-como-docentes-para-enfrentar-el-profesionales-se-forman-como-docentes-para-enfrentar-el-deficit-de-educadores-en-chile\/\" href=\"https:\/\/portaleduca.cl\/profesionales-se-forman-como-docentes-para-enfrentar-el-profesionales-se-forman-como-docentes-para-enfrentar-el-deficit-de-educadores-en-chile\/\" target=\"_blank\" rel=\"noreferrer noopener\" data-auth=\"NotApplicable\" data-linkindex=\"2\">Profesionales se forman como docentes para enfrentar el Profesionales se forman como docentes para enfrentar el d\u00e9ficit de educadores en Chile.\u00a0Se refiere Mauricio V\u00e9liz, decano Facultad de Ciencias de la Salud.<\/a>\u00a0<\/div><div class=\"x_elementToProof\" aria-hidden=\"true\">\u00a0<\/div><div class=\"x_elementToProof\"><b>G5 NOTICIAS<\/b>\u00a0<br \/><a id=\"OWAd33082bb-2788-5a4a-676e-1a6b72950d0c\" class=\"x_Hyperlink x_SCXW185450049 x_BCX0 x_OWAAutoLink\" title=\"https:\/\/g5noticias.cl\/2026\/01\/25\/profesionales-se-forman-como-docentes-para-enfrentar-el-deficit-de-educadores-en-chile\/\" href=\"https:\/\/g5noticias.cl\/2026\/01\/25\/profesionales-se-forman-como-docentes-para-enfrentar-el-deficit-de-educadores-en-chile\/\" target=\"_blank\" rel=\"noreferrer noopener\" data-auth=\"NotApplicable\" data-linkindex=\"3\">Profesionales se forman como docentes para enfrentar el Profesionales se forman como docentes para enfrentar el d\u00e9ficit de educadores en Chile. Se refiere Mauricio V\u00e9liz, decano Facultad de Ciencias de la Salud.<\/a>\u00a0<\/div><div class=\"x_elementToProof\" aria-hidden=\"true\">\u00a0<\/div><div class=\"x_elementToProof\"><b>EL LECTOR<\/b>\u00a0<br \/><a id=\"OWA3a5ce752-6648-84bc-3cea-27eb7234c29e\" class=\"x_Hyperlink x_SCXW185450049 x_BCX0 x_OWAAutoLink\" title=\"https:\/\/www.litoralpress.cl\/sitio\/Prensa_PaginaCompleta.cshtml?LPKey=WIO3KOZ6NG7CEFQ4KAFUYGDR4PMRAER3IKFU4QB7TAXQCHBYT4YA\" href=\"https:\/\/www.litoralpress.cl\/sitio\/Prensa_PaginaCompleta.cshtml?LPKey=WIO3KOZ6NG7CEFQ4KAFUYGDR4PMRAER3IKFU4QB7TAXQCHBYT4YA\" target=\"_blank\" rel=\"noreferrer noopener\" data-auth=\"NotApplicable\" data-linkindex=\"4\">Profesionales se forman como docentes para enfrentar el d\u00e9ficit de educadores en Chile. Se refiere Mauricio V\u00e9liz, decano Facultad de Ciencias de la Salud.\u00a0<\/a>\u00a0<\/div><div class=\"x_elementToProof\" aria-hidden=\"true\">\u00a0<\/div><div class=\"x_elementToProof\"><b>RADIO COOPERATIVA<\/b>\u00a0<br \/><a id=\"OWA715cb43f-7056-baaa-fd13-ecf3595d7871\" class=\"x_Hyperlink x_SCXW185450049 x_BCX0 x_OWAAutoLink\" title=\"https:\/\/www.litoralpress.cl\/sitio\/RadioTV_Detalles.cshtml?LPKey=JRDVDAMSVNFELF52VAOBSKLXFRBVJKX3VJTPZZOLTGHXPAITJUCIKHGAL3TIKFB57ABVVEDWTVZGE\" href=\"https:\/\/www.litoralpress.cl\/sitio\/RadioTV_Detalles.cshtml?LPKey=JRDVDAMSVNFELF52VAOBSKLXFRBVJKX3VJTPZZOLTGHXPAITJUCIKHGAL3TIKFB57ABVVEDWTVZGE\" target=\"_blank\" rel=\"noreferrer noopener\" data-auth=\"NotApplicable\" data-linkindex=\"5\">Entrevista con Mario Herrera, Acad\u00e9mico del Centro de An\u00e1lisis Pol\u00edtico de la Universidad de Talca sobre An\u00e1lisis del Gabinete de Kast y Gira Internacional: Perfiles, Riesgos y el Legado de Boric<\/a>\u00a0<\/div><div class=\"x_elementToProof\" aria-hidden=\"true\">\u00a0<\/div><div class=\"x_elementToProof\"><b>EMOL<\/b>\u00a0<br \/><a id=\"OWA16e26d92-29e3-d6d5-2158-50c036cdb1eb\" class=\"x_Hyperlink x_SCXW185450049 x_BCX0 x_OWAAutoLink\" title=\"https:\/\/www.emol.com\/noticias\/Nacional\/2026\/01\/24\/1189486\/analisis-foda-kast-gabinete-ministerial.html\" href=\"https:\/\/www.emol.com\/noticias\/Nacional\/2026\/01\/24\/1189486\/analisis-foda-kast-gabinete-ministerial.html\" target=\"_blank\" rel=\"noreferrer noopener\" data-auth=\"NotApplicable\" data-linkindex=\"6\">An\u00e1lisis FODA al gabinete &#8216;t\u00e9cnico&#8217; y con escasa representaci\u00f3n de partidos de Kast. Se refiere Mario Herrera, acad\u00e9mico Centro de An\u00e1lisis Pol\u00edtico (CAP).<\/a>\u00a0<\/div><div class=\"x_elementToProof\" aria-hidden=\"true\">\u00a0<\/div><div class=\"x_elementToProof\"><b>COOPERATIVA.CL<\/b>\u00a0<br \/><a id=\"OWA9c9fbb70-368a-3fa6-d09b-b41695b15341\" class=\"x_Hyperlink x_SCXW185450049 x_BCX0 x_OWAAutoLink\" title=\"https:\/\/www.cooperativa.cl\/noticias\/pais\/presidente-kast\/academico-ve-riesgo-en-los-ministros-de-kast-algunos-pueden-ser-mas\/2026-01-24\/083747.html\" href=\"https:\/\/www.cooperativa.cl\/noticias\/pais\/presidente-kast\/academico-ve-riesgo-en-los-ministros-de-kast-algunos-pueden-ser-mas\/2026-01-24\/083747.html\" target=\"_blank\" rel=\"noreferrer noopener\" data-auth=\"NotApplicable\" data-linkindex=\"7\">Acad\u00e9mico ve &#8220;riesgo&#8221; en los ministros de Kast: Algunos pueden ser m\u00e1s leales a sus propias carreras pol\u00edticas.\u00a0Se refiere Mario Herrera, acad\u00e9mico Centro de An\u00e1lisis Pol\u00edtico (CAP).<\/a>\u00a0<\/div><div class=\"x_elementToProof\" aria-hidden=\"true\">\u00a0<\/div><div class=\"x_elementToProof\"><b>MEGANOTICIAS.CL<\/b>\u00a0<br \/><a id=\"OWAd2aa88c1-4dd8-6502-20d3-192f023e6172\" class=\"x_Hyperlink x_SCXW185450049 x_BCX0 x_OWAAutoLink\" title=\"https:\/\/www.meganoticias.cl\/nacional\/513072-columna-mauricio-morales-kast-el-emperador-conformacion-futuro-gabinete-sin-partidos-politicos-25-01-2026.html\" href=\"https:\/\/www.meganoticias.cl\/nacional\/513072-columna-mauricio-morales-kast-el-emperador-conformacion-futuro-gabinete-sin-partidos-politicos-25-01-2026.html\" target=\"_blank\" rel=\"noreferrer noopener\" data-auth=\"NotApplicable\" data-linkindex=\"8\">Columna: &#8220;Kast, el emperador&#8221;. Se refiere de Mauricio Morales, director\u00a0Centro de An\u00e1lisis Pol\u00edtico (CAP).<\/a>\u00a0<\/div><div class=\"x_elementToProof\" aria-hidden=\"true\">\u00a0<\/div><div class=\"x_elementToProof\"><b>DIARIO EL CENTRO<\/b>\u00a0<br \/><a id=\"OWA514d8e61-ae34-cb10-7ccd-df5bba5ff772\" class=\"x_Hyperlink x_SCXW185450049 x_BCX0 x_OWAAutoLink\" title=\"https:\/\/www.diarioelcentro.cl\/2026\/01\/23\/ludociencia-docentes-del-maule-se-capacitan-con-juegos-para-ensenar-ciencias\/\" href=\"https:\/\/www.diarioelcentro.cl\/2026\/01\/23\/ludociencia-docentes-del-maule-se-capacitan-con-juegos-para-ensenar-ciencias\/\" target=\"_blank\" rel=\"noreferrer noopener\" data-auth=\"NotApplicable\" data-linkindex=\"9\">LudoCiencia: docentes del Maule se capacitan con juegos para ense\u00f1ar ciencias. Se refiere C\u00e9sar Retamal, director Explora Maule y Elisa\u00a0Marinkovic,\u00a0acad\u00e9mica Departamento de Ciencias B\u00e1sicas Biom\u00e9dicas.<\/a>\u00a0<\/div><div class=\"x_elementToProof\" aria-hidden=\"true\">\u00a0<\/div><div class=\"x_elementToProof\"><b>PAUTA COMUNAL<\/b>\u00a0<br \/><a id=\"OWA42096a8a-dd61-a54e-ffee-c24872cbb77c\" class=\"x_Hyperlink x_SCXW185450049 x_BCX0 x_OWAAutoLink\" title=\"https:\/\/pautacomunal.cl\/nacional\/ludociencia-maestros-del-maule-se-entrenan-en-el-uso-de-juegos-para-la-ensenanza-de-las-ciencias\/\" href=\"https:\/\/pautacomunal.cl\/nacional\/ludociencia-maestros-del-maule-se-entrenan-en-el-uso-de-juegos-para-la-ensenanza-de-las-ciencias\/\" target=\"_blank\" rel=\"noreferrer noopener\" data-auth=\"NotApplicable\" data-linkindex=\"10\">LudoCiencia: maestros del Maule se entrenan en el uso de juegos para la ense\u00f1anza de las ciencias.\u00a0Se refiere C\u00e9sar Retamal, director Explora Maule y Elisa\u00a0Marinkovic, acad\u00e9mica Departamento de Ciencias B\u00e1sicas Biom\u00e9dicas.<\/a>\u00a0<\/div><div class=\"x_elementToProof\" aria-hidden=\"true\">\u00a0<\/div><div class=\"x_elementToProof\"><b>CANAL 2 LINARES<\/b>\u00a0<br \/><a id=\"OWA87a56d4b-ae24-9a67-d682-6cd0fe60d765\" class=\"x_Hyperlink x_SCXW185450049 x_BCX0 x_OWAAutoLink\" title=\"https:\/\/www.canal2linares.cl\/2026\/01\/utalca-inicia-su-temporada-de-artes.html\" href=\"https:\/\/www.canal2linares.cl\/2026\/01\/utalca-inicia-su-temporada-de-artes.html\" target=\"_blank\" rel=\"noreferrer noopener\" data-auth=\"NotApplicable\" data-linkindex=\"11\">UTalca inicia su temporada de artes visuales 2026 con muestras de Fernando Soro y Elba Celed\u00f3n. Se refiere Marcela Albornoz, directora de Extensi\u00f3n Cultural-Art\u00edstica.<\/a>\u00a0\u00a0<\/div><div class=\"x_elementToProof\" aria-hidden=\"true\">\u00a0<\/div><div class=\"x_elementToProof\"><b>MEDIABANCO<\/b>\u00a0<br \/><a id=\"OWA6e552624-23a4-cd12-c3da-4e74d0c36161\" class=\"x_Hyperlink x_SCXW185450049 x_BCX0 x_OWAAutoLink\" title=\"https:\/\/www.mediabanco.com\/utalca-inicia-su-temporada-de-artes-visuales-2026-con-muestras-de-fernando-soro-y-elba-celedon\/\" href=\"https:\/\/www.mediabanco.com\/utalca-inicia-su-temporada-de-artes-visuales-2026-con-muestras-de-fernando-soro-y-elba-celedon\/\" target=\"_blank\" rel=\"noreferrer noopener\" data-auth=\"NotApplicable\" data-linkindex=\"12\">UTalca inicia su temporada de artes visuales 2026 con muestras de Fernando Soro y Elba Celed\u00f3n. Se refiere Marcela Albornoz, directora de Extensi\u00f3n Cultural-Art\u00edstica.<\/a>\u00a0<\/div><div class=\"x_elementToProof\" aria-hidden=\"true\">\u00a0<\/div><div class=\"x_elementToProof\" aria-hidden=\"true\">\u00a0<\/div><div class=\"x_elementToProof\"><b>PORTAL RED SALUD<\/b>\u00a0<br \/><a id=\"OWA65262179-57e9-7abb-6f51-72aab5c962db\" class=\"x_Hyperlink x_SCXW185450049 x_BCX0 x_OWAAutoLink\" title=\"https:\/\/portalredsalud.cl\/2026\/01\/23\/humo-de-incendios-forestales-riesgos-para-la-salud-y-como-protegerse\/\" href=\"https:\/\/portalredsalud.cl\/2026\/01\/23\/humo-de-incendios-forestales-riesgos-para-la-salud-y-como-protegerse\/\" target=\"_blank\" rel=\"noreferrer noopener\" data-auth=\"NotApplicable\" data-linkindex=\"13\">Humo de incendios forestales. Se refiere Pamela Cuevas, acad\u00e9mica Departamento de Salud P\u00fablica.<\/a>\u00a0<\/div><div class=\"x_elementToProof\" aria-hidden=\"true\">\u00a0<\/div><div class=\"x_elementToProof\"><b>LA PRENSA DE CURIC\u00d3<\/b>\u00a0<br \/><a id=\"OWAd2aadf5b-e146-ca1c-be8b-a304224f4b42\" class=\"x_Hyperlink x_SCXW185450049 x_BCX0 x_OWAAutoLink\" title=\"https:\/\/www.litoralpress.cl\/sitio\/Prensa_Detalles.cshtml?LPKey=EUFTB5R6RN6PVL26MP6HL5D4XDCRFNE4WNHZQOD3FYH6YOCWF73Q\" href=\"https:\/\/www.litoralpress.cl\/sitio\/Prensa_Detalles.cshtml?LPKey=EUFTB5R6RN6PVL26MP6HL5D4XDCRFNE4WNHZQOD3FYH6YOCWF73Q\" target=\"_blank\" rel=\"noreferrer noopener\" data-auth=\"NotApplicable\" data-linkindex=\"14\">Humo de incendios forestales provoca graves da\u00f1os a la salud.\u00a0Se refiere Pamela Cuevas, acad\u00e9mica Departamento de Salud P\u00fablica.<\/a>\u00a0<\/div><div class=\"x_elementToProof\" aria-hidden=\"true\">\u00a0<\/div><div class=\"x_elementToProof\"><b>CANAL TV5 LINARES<\/b>\u00a0<br \/><a id=\"OWAe7b4aa56-64f9-54c2-e5ff-90b83ae719a7\" class=\"x_Hyperlink x_SCXW185450049 x_BCX0 x_OWAAutoLink\" title=\"https:\/\/www.litoralpress.cl\/sitio\/RadioTV_Detalles.cshtml?LPKey=URNNCWYJ3NF4YP5OWVR42YU3XDPAYM3Y6L2A36UJCCQZHX4OCV3BHVQKUGY63RJZ7XPLC2CWSWK2O\" href=\"https:\/\/www.litoralpress.cl\/sitio\/RadioTV_Detalles.cshtml?LPKey=URNNCWYJ3NF4YP5OWVR42YU3XDPAYM3Y6L2A36UJCCQZHX4OCV3BHVQKUGY63RJZ7XPLC2CWSWK2O\" target=\"_blank\" rel=\"noreferrer noopener\" data-auth=\"NotApplicable\" data-linkindex=\"15\">Humo de incendios forestales. Se refiere Pamela Cuevas, acad\u00e9mica Departamento de Salud P\u00fablica.\u00a0<\/a>\u00a0<\/div><div class=\"x_elementToProof\" aria-hidden=\"true\">\u00a0<\/div><div class=\"x_elementToProof\"><b>RADIO ALLEN<\/b>\u00a0<br \/><a id=\"OWA7c3bb762-3765-815c-6b64-e60a10598de8\" class=\"x_Hyperlink x_SCXW185450049 x_BCX0 x_OWAAutoLink\" title=\"https:\/\/radioallen.cl\/humo-de-incendios-forestales-riesgos-para-la-salud-y-como-protegerse\/\" href=\"https:\/\/radioallen.cl\/humo-de-incendios-forestales-riesgos-para-la-salud-y-como-protegerse\/\" target=\"_blank\" rel=\"noreferrer noopener\" data-auth=\"NotApplicable\" data-linkindex=\"16\">Humo de incendios forestales: riesgos para la salud y c\u00f3mo protegerse. Se refiere Pamela Cuevas, acad\u00e9mica Departamento de Salud P\u00fablica.<\/a>\u00a0<\/div><div class=\"x_elementToProof\" aria-hidden=\"true\">\u00a0<\/div><div class=\"x_elementToProof\"><b>EL MAULE INFORMA<\/b>\u00a0<br \/><a id=\"OWAa3bdb4ef-f3d9-92c0-5ebc-db311435a863\" class=\"x_Hyperlink x_SCXW185450049 x_BCX0 x_OWAAutoLink\" title=\"https:\/\/elmauleinforma.cl\/humo-de-incendios-forestales-riesgos-para-la-salud-y-como-protegerse\/https:\/\/elmauleinforma.cl\/humo-de-incendios-forestales-riesgos-para-la-salud-y-como-protegerse\/\" href=\"https:\/\/elmauleinforma.cl\/humo-de-incendios-forestales-riesgos-para-la-salud-y-como-protegerse\/https:\/\/elmauleinforma.cl\/humo-de-incendios-forestales-riesgos-para-la-salud-y-como-protegerse\/\" target=\"_blank\" rel=\"noreferrer noopener\" data-auth=\"NotApplicable\" data-linkindex=\"17\">Humo de incendios forestales: riesgos para la salud y c\u00f3mo protegerse. Se refiere Pamela Cuevas, acad\u00e9mica Departamento de Salud P\u00fablica.<\/a>\u00a0<\/div><div class=\"x_elementToProof\">\u00a0<br \/>\u00a0<\/div><div class=\"x_elementToProof\"><b>S\u00c9PTIMA P\u00c1GINA NOTICIAS<\/b>\u00a0<br \/><a id=\"OWAfe3a47dd-8eae-bc52-e217-39739fea949f\" class=\"x_Hyperlink x_SCXW185450049 x_BCX0 x_OWAAutoLink\" title=\"https:\/\/www.septimapaginanoticias.cl\/humo-de-incendios-forestales-riesgos-para-la-salud-y-como-protegerse\" href=\"https:\/\/www.septimapaginanoticias.cl\/humo-de-incendios-forestales-riesgos-para-la-salud-y-como-protegerse\" target=\"_blank\" rel=\"noreferrer noopener\" data-auth=\"NotApplicable\" data-linkindex=\"18\">Humo de incendios forestales: riesgos para la salud y c\u00f3mo protegerse.\u00a0Se refiere Pamela Cuevas, acad\u00e9mica Departamento de Salud P\u00fablica.<\/a>\u00a0<\/div><div class=\"x_elementToProof\" aria-hidden=\"true\">\u00a0<\/div><div class=\"x_elementToProof\"><b>EL RANCAGUINO<\/b>\u00a0<br \/><a id=\"OWA8b19fcf5-f9ff-b6c0-2317-6097c5a2d7be\" class=\"x_Hyperlink x_SCXW185450049 x_BCX0 x_OWAAutoLink\" title=\"https:\/\/www.elrancaguino.cl\/2026\/01\/23\/humo-de-incendios-forestales-riesgos-para-la-salud-y-como-protegerse\/\" href=\"https:\/\/www.elrancaguino.cl\/2026\/01\/23\/humo-de-incendios-forestales-riesgos-para-la-salud-y-como-protegerse\/\" target=\"_blank\" rel=\"noreferrer noopener\" data-auth=\"NotApplicable\" data-linkindex=\"19\">Investigar\u00e1n efectos de la contaminaci\u00f3n y temperaturas extremas en reci\u00e9n nacidos. Se refiere Mar\u00eda Elisa Quinteros, acad\u00e9mica Facultad de Ciencias de la Salud.<\/a>\u00a0<\/div><div class=\"x_elementToProof\" aria-hidden=\"true\">\u00a0<\/div><div class=\"x_elementToProof\"><b>CAUQUENES.NET<\/b>\u00a0<br \/><a id=\"OWA0bafd213-3686-7e2e-e530-a0aaa53d73c3\" class=\"x_Hyperlink x_SCXW185450049 x_BCX0 x_OWAAutoLink\" title=\"https:\/\/cauquenesnet.cl\/2026\/01\/23\/investigaran-efectos-de-la-contaminacion-y-temperaturas-extremas-en-recien-nacidos\/\" href=\"https:\/\/cauquenesnet.cl\/2026\/01\/23\/investigaran-efectos-de-la-contaminacion-y-temperaturas-extremas-en-recien-nacidos\/\" target=\"_blank\" rel=\"noreferrer noopener\" data-auth=\"NotApplicable\" data-linkindex=\"20\">Investigar\u00e1n efectos de la contaminaci\u00f3n y temperaturas extremas en reci\u00e9n nacidos. Se refiere Mar\u00eda Elisa Quinteros, acad\u00e9mica Facultad de Ciencias de la Salud.\u00a0<\/a>\u00a0<\/div><div class=\"x_elementToProof\" aria-hidden=\"true\">\u00a0<\/div><div class=\"x_elementToProof\"><b>EL MAULE INFORMA<\/b>\u00a0<br \/><a id=\"OWAe1e062cf-3afc-72cb-2231-0e869d2c92bc\" class=\"x_Hyperlink x_SCXW185450049 x_BCX0 x_OWAAutoLink\" title=\"https:\/\/elmauleinforma.cl\/nueva-generacion-de-estudiantes-de-la-utalca-sale-al-mundo\/\" href=\"https:\/\/elmauleinforma.cl\/nueva-generacion-de-estudiantes-de-la-utalca-sale-al-mundo\/\" target=\"_blank\" rel=\"noreferrer noopener\" data-auth=\"NotApplicable\" data-linkindex=\"21\">Nueva generaci\u00f3n de estudiantes de la\u00a0UTalca\u00a0sale al mundo. Se refiere Paula Jorquera, vicerrectora de Desarrollo Estudiantil y Mar\u00eda Elisa Quinteros, directora de Relaciones Internacionales.\u00a0<\/a>\u00a0<\/div><div class=\"x_elementToProof\" aria-hidden=\"true\">\u00a0<\/div><div class=\"x_elementToProof\"><b>DIARIO EL HERALDO<\/b>\u00a0<br \/><a id=\"OWA45f91328-a2ab-9a7c-071f-9e30d9a60171\" class=\"x_Hyperlink x_SCXW185450049 x_BCX0 x_OWAAutoLink\" title=\"https:\/\/www.litoralpress.cl\/sitio\/Prensa_Detalles.cshtml?LPKey=EDH3HJGSYRQVM2CQKUO5PR4WSD25TH4IULTTXLWP22COAFJXSNQQ\" href=\"https:\/\/www.litoralpress.cl\/sitio\/Prensa_Detalles.cshtml?LPKey=EDH3HJGSYRQVM2CQKUO5PR4WSD25TH4IULTTXLWP22COAFJXSNQQ\" target=\"_blank\" rel=\"noreferrer noopener\" data-auth=\"NotApplicable\" data-linkindex=\"22\">Nueva generaci\u00f3n de estudiantes de la UTalca sale al mundo. Se refiere Paula Jorquera, vicerrectora de Desarrollo Estudiantil y Mar\u00eda Elisa Quinteros, directora de Relaciones Internacionales.<\/a>\u00a0<\/div><div class=\"x_elementToProof\" aria-hidden=\"true\">\u00a0<\/div><div class=\"x_elementToProof\"><b>EL LECTOR<\/b>\u00a0<br \/><a id=\"OWA9243ecd0-8dd0-b8b4-c6f8-2ce04adfa95c\" class=\"x_Hyperlink x_SCXW185450049 x_BCX0 x_OWAAutoLink\" title=\"https:\/\/www.litoralpress.cl\/sitio\/Prensa_Detalles.cshtml?LPKey=KBG43GUWLBAG6VFJSRHYOEDSF2FKOCLEZQJJX23BSYBOHVJHU2NQ\" href=\"https:\/\/www.litoralpress.cl\/sitio\/Prensa_Detalles.cshtml?LPKey=KBG43GUWLBAG6VFJSRHYOEDSF2FKOCLEZQJJX23BSYBOHVJHU2NQ\" target=\"_blank\" rel=\"noreferrer noopener\" data-auth=\"NotApplicable\" data-linkindex=\"23\">Nueva generaci\u00f3n de estudiantes de la\u00a0UTalca\u00a0sale al mundo. Se refiere Paula Jorquera, vicerrectora de Desarrollo Estudiantil y Mar\u00eda Elisa Quinteros, directora de Relaciones Internacionales.<\/a>\u00a0<\/div><div class=\"x_elementToProof\" aria-hidden=\"true\">\u00a0<\/div><div class=\"x_elementToProof\"><b>LA PRENSA DE CURIC\u00d3<\/b>\u00a0<br \/><a id=\"OWA21305113-0766-6a10-03cf-68115572f452\" class=\"x_Hyperlink x_SCXW185450049 x_BCX0 x_OWAAutoLink\" title=\"https:\/\/www.litoralpress.cl\/sitio\/Prensa_Detalles.cshtml?LPKey=E64JPUC7EC7GMGMP6CJGGFPUY6TWSVYSRUQWM5QAISQDBAQ2WP7A\" href=\"https:\/\/www.litoralpress.cl\/sitio\/Prensa_Detalles.cshtml?LPKey=E64JPUC7EC7GMGMP6CJGGFPUY6TWSVYSRUQWM5QAISQDBAQ2WP7A\" target=\"_blank\" rel=\"noreferrer noopener\" data-auth=\"NotApplicable\" data-linkindex=\"24\">J\u00f3venes curicanos lideran el ingreso a Derecho. Se menciona la Universidad de Talca<\/a>\u00a0<\/div><div class=\"x_elementToProof\" aria-hidden=\"true\">\u00a0<\/div><div class=\"x_elementToProof\"><b>G5 NOTICIAS<\/b>\u00a0<br \/><a id=\"OWA9404c4fc-174e-6360-378a-3ad5ce0f5da5\" class=\"x_Hyperlink x_SCXW185450049 x_BCX0 x_OWAAutoLink\" title=\"https:\/\/g5noticias.cl\/2026\/01\/23\/servicio-de-salud-maule-refuerza-llamado-a-prevenir-enfermedades-transmitidas-por-alimentos-durante-el-verano\/\" href=\"https:\/\/g5noticias.cl\/2026\/01\/23\/servicio-de-salud-maule-refuerza-llamado-a-prevenir-enfermedades-transmitidas-por-alimentos-durante-el-verano\/\" target=\"_blank\" rel=\"noreferrer noopener\" data-auth=\"NotApplicable\" data-linkindex=\"25\">Servicio de Salud Maule refuerza llamado a prevenir enfermedades transmitidas por alimentos durante el verano.\u00a0Se menciona la Universidad de Talca<\/a>\u00a0<\/div><div class=\"x_elementToProof\" aria-hidden=\"true\">\u00a0<\/div><div class=\"x_elementToProof\"><b>RADIO LAUTARO<\/b>\u00a0<br \/><a id=\"OWA1910b7be-d818-38b7-0983-9c8985a8f1f5\" class=\"x_Hyperlink x_SCXW185450049 x_BCX0 x_OWAAutoLink\" title=\"https:\/\/radiolautarotalca.cl\/refuerzan-llamado-a-prevenir-enfermedades-transmitidas-por-alimentos-durante-el-verano\/\" href=\"https:\/\/radiolautarotalca.cl\/refuerzan-llamado-a-prevenir-enfermedades-transmitidas-por-alimentos-durante-el-verano\/\" target=\"_blank\" rel=\"noreferrer noopener\" data-auth=\"NotApplicable\" data-linkindex=\"26\">Servicio de Salud Maule refuerza llamado a prevenir enfermedades transmitidas por alimentos durante el verano. Se menciona la Universidad de Talca<\/a>\u00a0<\/div><div class=\"x_elementToProof\" aria-hidden=\"true\">\u00a0<\/div><div class=\"x_elementToProof\"><b>RADIO AGRICULTURA<\/b>\u00a0<br \/><a id=\"OWA122d5be9-e0a1-cf89-d177-d3f3ca1462e6\" class=\"x_Hyperlink x_SCXW185450049 x_BCX0 x_OWAAutoLink\" title=\"https:\/\/www.litoralpress.cl\/sitio\/RadioTV_Detalles.cshtml?LPKey=QB5LLGR7LCHVEXTIO4YWB2M6GCGA4YKNJCI3MXYRS3CMW4OZ2NWZLFXPJ4QHKPLOA2F5QBTGMCGLU\" href=\"https:\/\/www.litoralpress.cl\/sitio\/RadioTV_Detalles.cshtml?LPKey=QB5LLGR7LCHVEXTIO4YWB2M6GCGA4YKNJCI3MXYRS3CMW4OZ2NWZLFXPJ4QHKPLOA2F5QBTGMCGLU\" target=\"_blank\" rel=\"noreferrer noopener\" data-auth=\"NotApplicable\" data-linkindex=\"27\">Entrevista a Alejandro Abarca, Gerente General de Vi\u00f1a\u00a0TerraNoble.\u00a0Se menciona la Universidad de Talca<\/a>\u00a0<\/div><div class=\"x_elementToProof\" aria-hidden=\"true\">\u00a0<\/div><div class=\"x_elementToProof\"><b>DIARIO TALCA<\/b>\u00a0<br \/><a id=\"OWA8c8a59d4-d0d6-81e7-483b-7fa883181339\" class=\"x_Hyperlink x_SCXW185450049 x_BCX0 x_OWAAutoLink\" title=\"https:\/\/www.litoralpress.cl\/sitio\/Prensa_Detalles.cshtml?LPKey=3XFWAJIEVLINO3GDHAZHZUWCW2PFGPZWETNZDOAD4ZFINU7R2UOQ\" href=\"https:\/\/www.litoralpress.cl\/sitio\/Prensa_Detalles.cshtml?LPKey=3XFWAJIEVLINO3GDHAZHZUWCW2PFGPZWETNZDOAD4ZFINU7R2UOQ\" target=\"_blank\" rel=\"noreferrer noopener\" data-auth=\"NotApplicable\" data-linkindex=\"28\">El arriendo de piezas a universitarios no descansa en verano. Se menciona la Universidad de Talca.<\/a>\u00a0<\/div><div class=\"x_elementToProof\">\u00a0<\/div>\t\t\t\t\t\t<\/div>\n\t\t\t\t<\/div>\n\t\t\t\t\t<\/div>\n\t\t<\/div>\n\t\t\t\t\t\t\t<\/div>\n\t\t<\/section>\n\t\t\t\t\t\t<\/div>\n\t\t\t\t\t<\/div>\n\t\t","protected":false},"excerpt":{"rendered":"<p>EL MERCURIO\u00a0Un recorrido extenso por el arte en regiones. Se menciona la Universidad de Talca.\u00a0\u00a0EL DIARIO SANTIAGO\u00a0Profesionales se forman como docentes para enfrentar el Profesionales se forman como docentes para enfrentar el d\u00e9ficit de educadores en Chile. Se refiere Mauricio V\u00e9liz, decano Facultad de Ciencias de la Salud.\u00a0\u00a0PORTAL EDUCA\u00a0Profesionales se forman como docentes para enfrentar &hellip;<\/p>\n<p class=\"read-more\"> <a class=\"\" href=\"https:\/\/www.reportedeprensa.utalca.cl\/?p=13259\"> <span class=\"screen-reader-text\">26 de enero 2026<\/span> Read More &raquo;<\/a><\/p>\n","protected":false},"author":1,"featured_media":0,"comment_status":"closed","ping_status":"open","sticky":false,"template":"","format":"standard","meta":{"_monsterinsights_skip_tracking":false,"_monsterinsights_sitenote_active":false,"_monsterinsights_sitenote_note":"","_monsterinsights_sitenote_category":0},"categories":[67],"tags":[],"_links":{"self":[{"href":"https:\/\/www.reportedeprensa.utalca.cl\/index.php?rest_route=\/wp\/v2\/posts\/13259"}],"collection":[{"href":"https:\/\/www.reportedeprensa.utalca.cl\/index.php?rest_route=\/wp\/v2\/posts"}],"about":[{"href":"https:\/\/www.reportedeprensa.utalca.cl\/index.php?rest_route=\/wp\/v2\/types\/post"}],"author":[{"embeddable":true,"href":"https:\/\/www.reportedeprensa.utalca.cl\/index.php?rest_route=\/wp\/v2\/users\/1"}],"replies":[{"embeddable":true,"href":"https:\/\/www.reportedeprensa.utalca.cl\/index.php?rest_route=%2Fwp%2Fv2%2Fcomments&post=13259"}],"version-history":[{"count":5,"href":"https:\/\/www.reportedeprensa.utalca.cl\/index.php?rest_route=\/wp\/v2\/posts\/13259\/revisions"}],"predecessor-version":[{"id":13333,"href":"https:\/\/www.reportedeprensa.utalca.cl\/index.php?rest_route=\/wp\/v2\/posts\/13259\/revisions\/13333"}],"wp:attachment":[{"href":"https:\/\/www.reportedeprensa.utalca.cl\/index.php?rest_route=%2Fwp%2Fv2%2Fmedia&parent=13259"}],"wp:term":[{"taxonomy":"category","embeddable":true,"href":"https:\/\/www.reportedeprensa.utalca.cl\/index.php?rest_route=%2Fwp%2Fv2%2Fcategories&post=13259"},{"taxonomy":"post_tag","embeddable":true,"href":"https:\/\/www.reportedeprensa.utalca.cl\/index.php?rest_route=%2Fwp%2Fv2%2Ftags&post=13259"}],"curies":[{"name":"wp","href":"https:\/\/api.w.org\/{rel}","templated":true}]}}