{"id":13268,"date":"2026-01-27T11:54:16","date_gmt":"2026-01-27T14:54:16","guid":{"rendered":"https:\/\/www.reportedeprensa.utalca.cl\/?p=13268"},"modified":"2026-03-04T13:06:26","modified_gmt":"2026-03-04T16:06:26","slug":"27-de-enero-2026-2","status":"publish","type":"post","link":"https:\/\/www.reportedeprensa.utalca.cl\/?p=13268","title":{"rendered":"27 de enero 2026"},"content":{"rendered":"\t\t<div data-elementor-type=\"wp-post\" data-elementor-id=\"13268\" class=\"elementor elementor-13268\" data-elementor-settings=\"[]\">\n\t\t\t\t\t\t\t<div class=\"elementor-section-wrap\">\n\t\t\t\t\t\t\t<section class=\"elementor-section elementor-top-section elementor-element elementor-element-bcea1a8 elementor-section-boxed elementor-section-height-default elementor-section-height-default\" data-id=\"bcea1a8\" data-element_type=\"section\">\n\t\t\t\t\t\t<div class=\"elementor-container elementor-column-gap-default\">\n\t\t\t\t\t<div class=\"elementor-column elementor-col-100 elementor-top-column elementor-element elementor-element-e7183bf\" data-id=\"e7183bf\" data-element_type=\"column\">\n\t\t\t<div class=\"elementor-widget-wrap elementor-element-populated\">\n\t\t\t\t\t\t\t\t<div class=\"elementor-element elementor-element-66ef31a elementor-widget elementor-widget-text-editor\" data-id=\"66ef31a\" data-element_type=\"widget\" data-widget_type=\"text-editor.default\">\n\t\t\t\t<div class=\"elementor-widget-container\">\n\t\t\t\t\t\t\t\t<div class=\"x_elementToProof\"><b data-olk-copy-source=\"MessageBody\">CIENCIA EN CHILE<\/b>\u00a0<br \/><a id=\"OWA612bffd4-1ec1-dfea-136d-715a61cd272b\" class=\"x_Hyperlink x_SCXW137043635 x_BCX0 x_OWAAutoLink\" title=\"https:\/\/www.cienciaenchile.cl\/utalca-alcanzo-historica-adjudicacion-de-proyectos-fondecyt-regular\/\" href=\"https:\/\/www.cienciaenchile.cl\/utalca-alcanzo-historica-adjudicacion-de-proyectos-fondecyt-regular\/\" target=\"_blank\" rel=\"noreferrer noopener\" data-auth=\"NotApplicable\" data-linkindex=\"0\">UTalca alcanz\u00f3 hist\u00f3rica adjudicaci\u00f3n de proyectos\u00a0Fondecyt\u00a0Regular. Se refiere Rodrigo Palomo, rector (s) y Roberto Jara, director de Investigaci\u00f3n.\u00a0<\/a>\u00a0<\/div><div class=\"x_elementToProof\" aria-hidden=\"true\">\u00a0<\/div><div class=\"x_elementToProof\"><b>G5 NOTICIAS<\/b>\u00a0<br \/><a id=\"OWA6a5e41a2-c770-2281-8dd3-83595432e0c8\" class=\"x_Hyperlink x_SCXW137043635 x_BCX0 x_OWAAutoLink\" title=\"https:\/\/g5noticias.cl\/2026\/01\/26\/utalca-alcanzo-historica-adjudicacion-de-proyectos-de-investigacion\/\" href=\"https:\/\/g5noticias.cl\/2026\/01\/26\/utalca-alcanzo-historica-adjudicacion-de-proyectos-de-investigacion\/\" target=\"_blank\" rel=\"noreferrer noopener\" data-auth=\"NotApplicable\" data-linkindex=\"1\">UTalca alcanz\u00f3 hist\u00f3rica adjudicaci\u00f3n de proyectos Fondecyt Regular. Se refiere Rodrigo Palomo, rector (s) y Roberto Jara, director de Investigaci\u00f3n.<\/a>\u00a0<\/div><div class=\"x_elementToProof\" aria-hidden=\"true\">\u00a0<\/div><div class=\"x_elementToProof\"><b>RADIO ALLEN<\/b>\u00a0<br \/><a id=\"OWA0a1d1b0b-8db6-7e45-b972-3700c87aa955\" class=\"x_Hyperlink x_SCXW137043635 x_BCX0 x_OWAAutoLink\" title=\"https:\/\/radioallen.cl\/investigacion-utalca-alcanzo-historica-adjudicacion-de-proyectos-de-investigacion\/\" href=\"https:\/\/radioallen.cl\/investigacion-utalca-alcanzo-historica-adjudicacion-de-proyectos-de-investigacion\/\" target=\"_blank\" rel=\"noreferrer noopener\" data-auth=\"NotApplicable\" data-linkindex=\"2\">Investigaci\u00f3n:\u00a0UTalca\u00a0alcanz\u00f3 hist\u00f3rica adjudicaci\u00f3n de proyectos de investigaci\u00f3n.\u00a0Se refiere Rodrigo Palomo, rector (s) y Roberto Jara, director de Investigaci\u00f3n.<\/a>\u00a0<\/div><div class=\"x_elementToProof\" aria-hidden=\"true\">\u00a0<\/div><div class=\"x_elementToProof\"><b>TV5<\/b>\u00a0<br \/><a id=\"OWAfb2382b3-3d85-b68a-f3e5-f8f5ff0701be\" class=\"x_Hyperlink x_SCXW137043635 x_BCX0 x_OWAAutoLink\" title=\"https:\/\/www.tv5.cl\/categoria\/local\/utalca-logra-historica-adjudicacion-proyectos-fondecyt-regular-2026\" href=\"https:\/\/www.tv5.cl\/categoria\/local\/utalca-logra-historica-adjudicacion-proyectos-fondecyt-regular-2026\" target=\"_blank\" rel=\"noreferrer noopener\" data-auth=\"NotApplicable\" data-linkindex=\"3\">UTalca alcanz\u00f3 hist\u00f3rica adjudicaci\u00f3n de proyectos Fondecyt Regular. Se refiere Rodrigo Palomo, rector (s) y Roberto Jara, director de Investigaci\u00f3n.<\/a>\u00a0<\/div><div class=\"x_elementToProof\" aria-hidden=\"true\">\u00a0<\/div><div class=\"x_elementToProof\"><b>EL MAULE INFORMA<\/b>\u00a0<br \/><a id=\"OWAe123438b-106a-c31e-a97c-db49f1105edb\" class=\"x_Hyperlink x_SCXW137043635 x_BCX0 x_OWAAutoLink\" title=\"https:\/\/elmauleinforma.cl\/profesionales-se-forman-como-docentes-para-enfrentar-el-deficit-de-educadores-en-chile\/\" href=\"https:\/\/elmauleinforma.cl\/profesionales-se-forman-como-docentes-para-enfrentar-el-deficit-de-educadores-en-chile\/\" target=\"_blank\" rel=\"noreferrer noopener\" data-auth=\"NotApplicable\" data-linkindex=\"4\">Profesionales se forman como docentes para enfrentar el d\u00e9ficit de educadores en Chile. Se refiere Mauricio V\u00e9liz, decano Facultad de Ciencias de la Educaci\u00f3n.<\/a><b>\u00a0<\/b>\u00a0<\/div><div class=\"x_elementToProof\" aria-hidden=\"true\">\u00a0<\/div><div class=\"x_elementToProof\"><b>PORTAL EDUCA<\/b>\u00a0<br \/><a id=\"OWA3d2a1a64-c008-f2c3-86fd-fbb42e39114e\" class=\"x_Hyperlink x_SCXW137043635 x_BCX0 x_OWAAutoLink\" title=\"https:\/\/portaleduca.cl\/nueva-generacion-de-estudiantes-de-la-utalca-sale-al-mundo\/\" href=\"https:\/\/portaleduca.cl\/nueva-generacion-de-estudiantes-de-la-utalca-sale-al-mundo\/\" target=\"_blank\" rel=\"noreferrer noopener\" data-auth=\"NotApplicable\" data-linkindex=\"5\">Nueva generaci\u00f3n de estudiantes de la\u00a0UTalca\u00a0sale al mundo. Se refiere Paula Jorquera, vicerrectora de Desarrollo Estudiantil y Mar\u00eda Elisa Quinteros, directora de Relaciones Internacionales.<\/a>\u00a0<\/div><div class=\"x_elementToProof\" aria-hidden=\"true\">\u00a0<\/div><div class=\"x_elementToProof\"><b>RADIO CRISTALINA<\/b>\u00a0<br \/><a id=\"OWA642f0da7-287e-6b82-41f5-e31ce8edd163\" class=\"x_Hyperlink x_SCXW137043635 x_BCX0 x_OWAAutoLink\" title=\"https:\/\/radiocristalina.cl\/humo-de-incendios-forestales-riesgos-para-la-salud-y-como-protegerse\/\" href=\"https:\/\/radiocristalina.cl\/humo-de-incendios-forestales-riesgos-para-la-salud-y-como-protegerse\/\" target=\"_blank\" rel=\"noreferrer noopener\" data-auth=\"NotApplicable\" data-linkindex=\"6\">RECOMENDACIONES: Humo de incendios forestales, riesgos para la salud y c\u00f3mo protegerse.\u00a0Se refiere Pamela Cuevas, acad\u00e9mica Departamento de Salud P\u00fablica.<\/a>\u00a0<\/div><div class=\"x_elementToProof\" aria-hidden=\"true\">\u00a0<\/div><div class=\"x_elementToProof\"><b>G5 NOTICIAS<\/b>\u00a0<br \/><a id=\"OWAd887754c-93a9-0cb3-c0dd-9475784c4745\" class=\"x_Hyperlink x_SCXW137043635 x_BCX0 x_OWAAutoLink\" title=\"https:\/\/g5noticias.cl\/2026\/01\/26\/investigaran-efectos-de-la-contaminacion-y-temperaturas-extremas-en-recien-nacidos\/\" href=\"https:\/\/g5noticias.cl\/2026\/01\/26\/investigaran-efectos-de-la-contaminacion-y-temperaturas-extremas-en-recien-nacidos\/\" target=\"_blank\" rel=\"noreferrer noopener\" data-auth=\"NotApplicable\" data-linkindex=\"7\">Investigar\u00e1n efectos de la contaminaci\u00f3n y temperaturas extremas en reci\u00e9n nacidos. Se refiere Mar\u00eda Elisa Quinteros, acad\u00e9mica Facultad de Ciencias de la Salud.<\/a>\u00a0<\/div><div class=\"x_elementToProof\" aria-hidden=\"true\">\u00a0<\/div><div class=\"x_elementToProof\"><b>MEGANOTICIAS.CL<\/b>\u00a0<br \/><a id=\"OWA682933c1-d67e-3578-be1c-7f72a05655f1\" class=\"x_Hyperlink x_SCXW137043635 x_BCX0 x_OWAAutoLink\" title=\"https:\/\/www.meganoticias.cl\/nacional\/513145-analisis-mauricio-morales-giras-jose-antonio-kast-presidente-mas-activo-desde-retorno-democracia-26-01-2026.html\" href=\"https:\/\/www.meganoticias.cl\/nacional\/513145-analisis-mauricio-morales-giras-jose-antonio-kast-presidente-mas-activo-desde-retorno-democracia-26-01-2026.html\" target=\"_blank\" rel=\"noreferrer noopener\" data-auth=\"NotApplicable\" data-linkindex=\"8\">Mauricio Morales analiza las giras de Jos\u00e9 Antonio Kast: &#8220;Es el\u00a0Presidente\u00a0m\u00e1s activo desde el retorno a la democracia&#8221;.\u00a0An\u00e1lisis pol\u00edtico de la jornada. Se refiere Mauricio Morales, director\u00a0Centro de An\u00e1lisis Pol\u00edtico (CAP).<\/a>\u00a0<\/div><div class=\"x_elementToProof\"><b>RADIO INFINITO<\/b>\u00a0<br \/><a id=\"OWAbfe34039-1ef3-4b59-22f4-905bdd95e0b7\" class=\"x_Hyperlink x_SCXW137043635 x_BCX0 x_OWAAutoLink\" title=\"https:\/\/www.litoralpress.cl\/sitio\/Prensa_Detalles.cshtml?LPKey=UWUYC7SL2VOMMXP5UTLRR72TOW3PZPEXCI3ZNBTY77EQNNJIWVTQ\" href=\"https:\/\/www.litoralpress.cl\/sitio\/Prensa_Detalles.cshtml?LPKey=UWUYC7SL2VOMMXP5UTLRR72TOW3PZPEXCI3ZNBTY77EQNNJIWVTQ\" target=\"_blank\" rel=\"noreferrer noopener\" data-auth=\"NotApplicable\" data-linkindex=\"9\">An\u00e1lisis pol\u00edtico de la jornada. Se refiere Mauricio Morales,\u00a0director\u00a0Centro de An\u00e1lisis Pol\u00edtico (CAP).<\/a>\u00a0\u00a0<\/div><div class=\"x_elementToProof\" aria-hidden=\"true\">\u00a0<\/div><div class=\"x_elementToProof\"><b>PORTAL EDUCA<\/b>\u00a0<br \/><a id=\"OWA6029f5f2-3484-fe3f-7912-d1896e19d7ef\" class=\"x_Hyperlink x_SCXW137043635 x_BCX0 x_OWAAutoLink\" title=\"https:\/\/portaleduca.cl\/utalca-inicia-su-temporada-de-artes-visuales-2026-con-muestras-de-fernando-soro-y-elba-celedon\/\" href=\"https:\/\/portaleduca.cl\/utalca-inicia-su-temporada-de-artes-visuales-2026-con-muestras-de-fernando-soro-y-elba-celedon\/\" target=\"_blank\" rel=\"noreferrer noopener\" data-auth=\"NotApplicable\" data-linkindex=\"10\">UTalca inicia su temporada de artes visuales 2026 con muestras de Fernando Soro y Elba Celed\u00f3n. Se refiere Marcela Albornoz, directora de Extensi\u00f3n Cultural-Art\u00edstica.<\/a>\u00a0<\/div><div class=\"x_elementToProof\" aria-hidden=\"true\">\u00a0<\/div><div class=\"x_elementToProof\"><b>DIARIO EL CENTRO<\/b>\u00a0<br \/><a id=\"OWA120be5ef-92f7-a18a-2dce-5dc5307453b5\" class=\"x_Hyperlink x_SCXW137043635 x_BCX0 x_OWAAutoLink\" title=\"https:\/\/www.diarioelcentro.cl\/2026\/01\/26\/amor-de-si-o-amor-propio\/\" href=\"https:\/\/www.diarioelcentro.cl\/2026\/01\/26\/amor-de-si-o-amor-propio\/\" target=\"_blank\" rel=\"noreferrer noopener\" data-auth=\"NotApplicable\" data-linkindex=\"11\">\u00bfAmor de si, o amor propio? Se refiere Jorge Navarrete, acad\u00e9mico Facultad de Econom\u00eda y Negocios.\u00a0<\/a>\u00a0<\/div><div class=\"x_elementToProof\" aria-hidden=\"true\">\u00a0<\/div><div class=\"x_elementToProof\"><b>HOY X HOY<\/b>\u00a0<br \/><a id=\"OWAd07d2198-7914-a7f6-9cfa-4b5cc3ee3757\" class=\"x_Hyperlink x_SCXW137043635 x_BCX0 x_OWAAutoLink\" title=\"https:\/\/www.litoralpress.cl\/sitio\/Prensa_Detalles.cshtml?LPKey=YNR5HGUXNCOA2KFFOQY7OPNEOYAREYXSROTNONBLCN74LROXI6IQ\" href=\"https:\/\/www.litoralpress.cl\/sitio\/Prensa_Detalles.cshtml?LPKey=YNR5HGUXNCOA2KFFOQY7OPNEOYAREYXSROTNONBLCN74LROXI6IQ\" target=\"_blank\" rel=\"noreferrer noopener\" data-auth=\"NotApplicable\" data-linkindex=\"12\">Leer en papel estabiliza m\u00e1s la atenci\u00f3n que hacerlo en pantalla. Se menciona la Universidad de Talca.<\/a>\u00a0<\/div><div class=\"x_elementToProof\" aria-hidden=\"true\">\u00a0<\/div><div class=\"x_elementToProof\"><b>SOY CHILE<\/b>\u00a0<br \/><a id=\"OWAa2dd0bb5-92e8-326f-44b9-2fe677f3acea\" class=\"x_Hyperlink x_SCXW137043635 x_BCX0 x_OWAAutoLink\" title=\"https:\/\/www.litoralpress.cl\/sitio\/Prensa_Detalles.cshtml?LPKey=YNR5HGUXNCOA2KFFOQY7OPNEOYAREYXSROTNONBLCN74LROXI6IQ\" href=\"https:\/\/www.litoralpress.cl\/sitio\/Prensa_Detalles.cshtml?LPKey=YNR5HGUXNCOA2KFFOQY7OPNEOYAREYXSROTNONBLCN74LROXI6IQ\" target=\"_blank\" rel=\"noreferrer noopener\" data-auth=\"NotApplicable\" data-linkindex=\"13\">Leer en papel estabiliza m\u00e1s la atenci\u00f3n que hacerlo en pantalla. Se menciona la Universidad de Talca.<\/a>\u00a0<\/div><div class=\"x_elementToProof\" aria-hidden=\"true\">\u00a0<\/div><div class=\"x_elementToProof\"><b>EL LECTOR<\/b>\u00a0<br \/><a id=\"OWA57626719-4786-cbfe-c54b-a0b86d660ce2\" class=\"x_Hyperlink x_SCXW137043635 x_BCX0 x_OWAAutoLink\" title=\"https:\/\/www.litoralpress.cl\/sitio\/Prensa_Detalles.cshtml?LPKey=I2HVHYOOZVA7CUXG6EJBMYQIUUWP33HE75TYOM5F5Z3GWPWGRLRQ\" href=\"https:\/\/www.litoralpress.cl\/sitio\/Prensa_Detalles.cshtml?LPKey=I2HVHYOOZVA7CUXG6EJBMYQIUUWP33HE75TYOM5F5Z3GWPWGRLRQ\" target=\"_blank\" rel=\"noreferrer noopener\" data-auth=\"NotApplicable\" data-linkindex=\"14\">Leer en papel estabiliza m\u00e1s la atenci\u00f3n que hacerlo en pantalla. Se menciona la Universidad de Talca.<\/a>\u00a0<\/div><div class=\"x_elementToProof\" aria-hidden=\"true\">\u00a0<\/div><div class=\"x_elementToProof\"><b>MAULE HOY<\/b>\u00a0<br \/><a id=\"OWA200b7073-9850-eeaf-9e06-e659b905c7d2\" class=\"x_Hyperlink x_SCXW137043635 x_BCX0 x_OWAAutoLink\" title=\"https:\/\/maulehoy.cl\/2026\/01\/26\/ministerio-de-energia-realizo-en-el-maule-el-seminario-coccion-limpia-de-alimentos-el-rostro-invisible-de-la-pobreza-energetica\/\" href=\"https:\/\/maulehoy.cl\/2026\/01\/26\/ministerio-de-energia-realizo-en-el-maule-el-seminario-coccion-limpia-de-alimentos-el-rostro-invisible-de-la-pobreza-energetica\/\" target=\"_blank\" rel=\"noreferrer noopener\" data-auth=\"NotApplicable\" data-linkindex=\"15\">Ministerio de Energ\u00eda realiz\u00f3 en el Maule el Seminario \u00abCocci\u00f3n Limpia de Alimentos: el rostro invisible de la pobreza energ\u00e9tica\u00bb. Se menciona la Universidad de Talca.<\/a>\u00a0\u00a0<\/div><div class=\"x_elementToProof\" aria-hidden=\"true\">\u00a0<\/div><div class=\"x_elementToProof\"><b>MAULE HOY<\/b>\u00a0<br \/><a id=\"OWA1710ed1d-817b-ace8-a5db-aa7cd844726c\" class=\"x_Hyperlink x_SCXW137043635 x_BCX0 x_OWAAutoLink\" title=\"https:\/\/maulehoy.cl\/2026\/01\/26\/nucleo-milenio-minsol-cierra-su-ciclo-con-aportes-clave-a-la-ciencia-del-aprendizaje\/\" href=\"https:\/\/maulehoy.cl\/2026\/01\/26\/nucleo-milenio-minsol-cierra-su-ciclo-con-aportes-clave-a-la-ciencia-del-aprendizaje\/\" target=\"_blank\" rel=\"noreferrer noopener\" data-auth=\"NotApplicable\" data-linkindex=\"16\">N\u00facleo Milenio MiNSoL cierra su ciclo con aportes clave a la Ciencia del Aprendizaje. Se menciona la Universidad de Talca.<\/a>\u00a0<\/div><div class=\"x_elementToProof\" aria-hidden=\"true\">\u00a0<\/div><div class=\"x_elementToProof\"><b>CANAL TVR\u00a0<\/b>\u00a0<br \/><a id=\"OWA433b7822-9674-7562-021b-e5fba7959d54\" class=\"x_Hyperlink x_SCXW137043635 x_BCX0 x_OWAAutoLink\" title=\"https:\/\/www.litoralpress.cl\/sitio\/RadioTV_Detalles.cshtml?LPKey=5VCZJLGX6D7N65ALYAFDMT3VQUB5VAKETQUTCISLXR22EHJLZFJVO4NAPBLC2RHQKERVLS3EROCN4\" href=\"https:\/\/www.litoralpress.cl\/sitio\/RadioTV_Detalles.cshtml?LPKey=5VCZJLGX6D7N65ALYAFDMT3VQUB5VAKETQUTCISLXR22EHJLZFJVO4NAPBLC2RHQKERVLS3EROCN4\" target=\"_blank\" rel=\"noreferrer noopener\" data-auth=\"NotApplicable\" data-linkindex=\"17\">Entrevista a Tom\u00e1s Silva, Historiador y funcionario de H\u00a0Toys. Se menciona la\u00a0Universida\u00a0de Talca<\/a>\u00a0<\/div><div class=\"x_elementToProof\" aria-hidden=\"true\">\u00a0<\/div><div class=\"x_elementToProof\"><b>LA PRENSA DE CURIC\u00d3<\/b>\u00a0<br \/><a id=\"OWAa71d1ac0-271e-6df9-83e8-e9aca3865be4\" class=\"x_Hyperlink x_SCXW137043635 x_BCX0 x_OWAAutoLink\" title=\"https:\/\/www.litoralpress.cl\/sitio\/Prensa_Detalles.cshtml?LPKey=UWUYC7SL2VOMMXP5UTLRR72TOW3PZPEXCI3ZNBTY77EQNNJIWVTQ\" href=\"https:\/\/www.litoralpress.cl\/sitio\/Prensa_Detalles.cshtml?LPKey=UWUYC7SL2VOMMXP5UTLRR72TOW3PZPEXCI3ZNBTY77EQNNJIWVTQ\" target=\"_blank\" rel=\"noreferrer noopener\" data-auth=\"NotApplicable\" data-linkindex=\"18\">&#8220;Hemos hecho mucho y tal vez nos ha faltado contar todo lo que hemos hecho&#8221;.\u00a0Se menciona la Universidad de Talca.<\/a>\u00a0<\/div><div class=\"x_elementToProof\" aria-hidden=\"true\">\u00a0<\/div><div class=\"x_elementToProof\"><b>ANALIZA MAULE<\/b>\u00a0<br \/><a id=\"OWAb3a2a3b6-83c5-117a-3ea9-3ca88e60e2e8\" class=\"x_Hyperlink x_SCXW137043635 x_BCX0 x_OWAAutoLink\" title=\"https:\/\/analizamaule.cl\/vuelta-maule-centro-una-tradicion-sobre-las-rutas-con-sello-internacional\/\" href=\"https:\/\/analizamaule.cl\/vuelta-maule-centro-una-tradicion-sobre-las-rutas-con-sello-internacional\/\" target=\"_blank\" rel=\"noreferrer noopener\" data-auth=\"NotApplicable\" data-linkindex=\"19\">Vuelta Maule Centro: \u00a1Una tradici\u00f3n sobre las rutas con sello internacional! Se menciona la Universidad de Talca.\u00a0<\/a>\u00a0<\/div>\t\t\t\t\t\t<\/div>\n\t\t\t\t<\/div>\n\t\t\t\t\t<\/div>\n\t\t<\/div>\n\t\t\t\t\t\t\t<\/div>\n\t\t<\/section>\n\t\t\t\t\t\t<\/div>\n\t\t\t\t\t<\/div>\n\t\t","protected":false},"excerpt":{"rendered":"<p>CIENCIA EN CHILE\u00a0UTalca alcanz\u00f3 hist\u00f3rica adjudicaci\u00f3n de proyectos\u00a0Fondecyt\u00a0Regular. Se refiere Rodrigo Palomo, rector (s) y Roberto Jara, director de Investigaci\u00f3n.\u00a0\u00a0\u00a0G5 NOTICIAS\u00a0UTalca alcanz\u00f3 hist\u00f3rica adjudicaci\u00f3n de proyectos Fondecyt Regular. Se refiere Rodrigo Palomo, rector (s) y Roberto Jara, director de Investigaci\u00f3n.\u00a0\u00a0RADIO ALLEN\u00a0Investigaci\u00f3n:\u00a0UTalca\u00a0alcanz\u00f3 hist\u00f3rica adjudicaci\u00f3n de proyectos de investigaci\u00f3n.\u00a0Se refiere Rodrigo Palomo, rector (s) y Roberto Jara, &hellip;<\/p>\n<p class=\"read-more\"> <a class=\"\" href=\"https:\/\/www.reportedeprensa.utalca.cl\/?p=13268\"> <span class=\"screen-reader-text\">27 de enero 2026<\/span> Read More &raquo;<\/a><\/p>\n","protected":false},"author":1,"featured_media":0,"comment_status":"closed","ping_status":"open","sticky":false,"template":"","format":"standard","meta":{"_monsterinsights_skip_tracking":false,"_monsterinsights_sitenote_active":false,"_monsterinsights_sitenote_note":"","_monsterinsights_sitenote_category":0},"categories":[67],"tags":[],"_links":{"self":[{"href":"https:\/\/www.reportedeprensa.utalca.cl\/index.php?rest_route=\/wp\/v2\/posts\/13268"}],"collection":[{"href":"https:\/\/www.reportedeprensa.utalca.cl\/index.php?rest_route=\/wp\/v2\/posts"}],"about":[{"href":"https:\/\/www.reportedeprensa.utalca.cl\/index.php?rest_route=\/wp\/v2\/types\/post"}],"author":[{"embeddable":true,"href":"https:\/\/www.reportedeprensa.utalca.cl\/index.php?rest_route=\/wp\/v2\/users\/1"}],"replies":[{"embeddable":true,"href":"https:\/\/www.reportedeprensa.utalca.cl\/index.php?rest_route=%2Fwp%2Fv2%2Fcomments&post=13268"}],"version-history":[{"count":5,"href":"https:\/\/www.reportedeprensa.utalca.cl\/index.php?rest_route=\/wp\/v2\/posts\/13268\/revisions"}],"predecessor-version":[{"id":13332,"href":"https:\/\/www.reportedeprensa.utalca.cl\/index.php?rest_route=\/wp\/v2\/posts\/13268\/revisions\/13332"}],"wp:attachment":[{"href":"https:\/\/www.reportedeprensa.utalca.cl\/index.php?rest_route=%2Fwp%2Fv2%2Fmedia&parent=13268"}],"wp:term":[{"taxonomy":"category","embeddable":true,"href":"https:\/\/www.reportedeprensa.utalca.cl\/index.php?rest_route=%2Fwp%2Fv2%2Fcategories&post=13268"},{"taxonomy":"post_tag","embeddable":true,"href":"https:\/\/www.reportedeprensa.utalca.cl\/index.php?rest_route=%2Fwp%2Fv2%2Ftags&post=13268"}],"curies":[{"name":"wp","href":"https:\/\/api.w.org\/{rel}","templated":true}]}}