{"id":13273,"date":"2026-01-28T11:21:43","date_gmt":"2026-01-28T14:21:43","guid":{"rendered":"https:\/\/www.reportedeprensa.utalca.cl\/?p=13273"},"modified":"2026-03-04T13:06:19","modified_gmt":"2026-03-04T16:06:19","slug":"28-de-enero-2026-2","status":"publish","type":"post","link":"https:\/\/www.reportedeprensa.utalca.cl\/?p=13273","title":{"rendered":"28 de enero 2026"},"content":{"rendered":"\t\t<div data-elementor-type=\"wp-post\" data-elementor-id=\"13273\" class=\"elementor elementor-13273\" data-elementor-settings=\"[]\">\n\t\t\t\t\t\t\t<div class=\"elementor-section-wrap\">\n\t\t\t\t\t\t\t<section class=\"elementor-section elementor-top-section elementor-element elementor-element-bcea1a8 elementor-section-boxed elementor-section-height-default elementor-section-height-default\" data-id=\"bcea1a8\" data-element_type=\"section\">\n\t\t\t\t\t\t<div class=\"elementor-container elementor-column-gap-default\">\n\t\t\t\t\t<div class=\"elementor-column elementor-col-100 elementor-top-column elementor-element elementor-element-e7183bf\" data-id=\"e7183bf\" data-element_type=\"column\">\n\t\t\t<div class=\"elementor-widget-wrap elementor-element-populated\">\n\t\t\t\t\t\t\t\t<div class=\"elementor-element elementor-element-66ef31a elementor-widget elementor-widget-text-editor\" data-id=\"66ef31a\" data-element_type=\"widget\" data-widget_type=\"text-editor.default\">\n\t\t\t\t<div class=\"elementor-widget-container\">\n\t\t\t\t\t\t\t\t<div class=\"x_elementToProof\"><b>LA PRENSA DE CURIC\u00d3<\/b>\u00a0<br \/><a id=\"OWA4f93e707-bf66-752d-0fe6-04a3ad8db0e5\" class=\"x_Hyperlink x_SCXW213438005 x_BCX0 x_OWAAutoLink\" title=\"https:\/\/www.litoralpress.cl\/sitio\/Prensa_Detalles.cshtml?LPKey=TIZZFOYQSXARBVCNI7FGQBLYOCPYQCGIISTZF6YAK4O6SZGT432Q\" href=\"https:\/\/www.litoralpress.cl\/sitio\/Prensa_Detalles.cshtml?LPKey=TIZZFOYQSXARBVCNI7FGQBLYOCPYQCGIISTZF6YAK4O6SZGT432Q\" target=\"_blank\" rel=\"noreferrer noopener\" data-auth=\"NotApplicable\" data-linkindex=\"1\">UTalca alcanz\u00f3 hist\u00f3rica adjudicaci\u00f3n de proyectos Fondecyt Regular. Se refiere Rodrigo Palomo, rector (s) y Roberto Jara, director de Investigaci\u00f3n.<\/a>\u00a0<\/div><div class=\"x_elementToProof\" aria-hidden=\"true\">\u00a0<\/div><div class=\"x_elementToProof\"><b>RADIO FM+<\/b>\u00a0<br \/><a id=\"OWAd5bc7ac2-d965-977c-d0c5-3eb1d76b35ed\" class=\"x_Hyperlink x_SCXW213438005 x_BCX0 x_OWAAutoLink\" title=\"https:\/\/radiofmmas.cl\/universidad-de-talca-logra-record-historico-en-fondecyt-regular-2026-y-se-posiciona-quinta-a-nivel-nacional-en-investigacion\/\" href=\"https:\/\/radiofmmas.cl\/universidad-de-talca-logra-record-historico-en-fondecyt-regular-2026-y-se-posiciona-quinta-a-nivel-nacional-en-investigacion\/\" target=\"_blank\" rel=\"noreferrer noopener\" data-auth=\"NotApplicable\" data-linkindex=\"2\">Universidad de Talca logra r\u00e9cord hist\u00f3rico en\u00a0Fondecyt\u00a0Regular 2026 y se posiciona quinta a nivel nacional en investigaci\u00f3n.\u00a0Se refiere Rodrigo Palomo, rector (s) y Roberto Jara, director de Investigaci\u00f3n.<\/a>\u00a0<\/div><div class=\"x_elementToProof\" aria-hidden=\"true\">\u00a0<\/div><div class=\"x_elementToProof\"><b>EL LECTOR<\/b>\u00a0<br \/><a id=\"OWAa19b1d51-efd3-ae4a-8f66-87b7a7b5ac67\" class=\"x_Hyperlink x_SCXW213438005 x_BCX0 x_OWAAutoLink\" title=\"https:\/\/www.litoralpress.cl\/sitio\/Prensa_Detalles.cshtml?LPKey=YKAJFVEZOANWGFXPOMPAHPRED5KJY4DFZS4HL5KSEU6F4QLPRBJQ\" href=\"https:\/\/www.litoralpress.cl\/sitio\/Prensa_Detalles.cshtml?LPKey=YKAJFVEZOANWGFXPOMPAHPRED5KJY4DFZS4HL5KSEU6F4QLPRBJQ\" target=\"_blank\" rel=\"noreferrer noopener\" data-auth=\"NotApplicable\" data-linkindex=\"3\">UTalca alcanz\u00f3 hist\u00f3rica adjudicaci\u00f3n de proyectos Fondecyt Regular. Se refiere Rodrigo Palomo, rector (s) y Roberto Jara, director de Investigaci\u00f3n.<\/a>\u00a0<\/div><div class=\"x_elementToProof\" aria-hidden=\"true\">\u00a0<\/div><div><b data-olk-copy-source=\"MessageBody\">EL MOSTRADOR<\/b>\u00a0<br \/><a id=\"OWA8b90127e-3474-6e89-e7a3-b2c7902df767\" class=\"x_Hyperlink x_SCXW213438005 x_BCX0 x_OWAAutoLink\" title=\"https:\/\/www.elmostrador.cl\/noticias\/opinion\/columnas\/2026\/01\/27\/reforma-del-empleo-publico-ahora-si-que-si\/\" href=\"https:\/\/www.elmostrador.cl\/noticias\/opinion\/columnas\/2026\/01\/27\/reforma-del-empleo-publico-ahora-si-que-si\/\" target=\"_blank\" rel=\"noreferrer noopener\" data-auth=\"NotApplicable\" data-linkindex=\"0\">Reforma del empleo p\u00fablico: \u00bfahora s\u00ed que s\u00ed? Se refiere Andrea Betancor, acad\u00e9mica Facultad de Econom\u00eda y Negocios.<\/a>\u00a0<\/div><div>\u00a0<\/div><div class=\"x_elementToProof\"><b>REPORTE AGR\u00cdCOLA<\/b>\u00a0<br \/><a id=\"OWA446dc13e-33ae-e26c-1543-5c857cde29cc\" class=\"x_Hyperlink x_SCXW213438005 x_BCX0 x_OWAAutoLink\" title=\"https:\/\/www.reporteagricola.cl\/noticia\/noticias\/2026\/01\/proyecto-manejo-suelo-gestion-hidrica-beneficiara-productores-maule\" href=\"https:\/\/www.reporteagricola.cl\/noticia\/noticias\/2026\/01\/proyecto-manejo-suelo-gestion-hidrica-beneficiara-productores-maule\" target=\"_blank\" rel=\"noreferrer noopener\" data-auth=\"NotApplicable\" data-linkindex=\"4\">Proyecto de manejo de suelo y gesti\u00f3n h\u00eddrica beneficiar\u00e1 a productores del Maule. Se refiere Hern\u00e1n Paill\u00e1n, acad\u00e9mico de la Facultad de Ciencias Agrarias<\/a>\u00a0<\/div><div class=\"x_elementToProof\" aria-hidden=\"true\">\u00a0<\/div><div class=\"x_elementToProof\"><b>PORTAL AGRO<\/b>\u00a0<br \/><a id=\"OWAa8cb5947-5ac4-7947-cb2b-47a39f24faaf\" class=\"x_Hyperlink x_SCXW213438005 x_BCX0 x_OWAAutoLink\" title=\"https:\/\/portalagrochile.cl\/2026\/01\/27\/proyecto-de-manejo-de-suelo-y-gestion-hidrica-beneficiara-a-productores-del-maule\/\" href=\"https:\/\/portalagrochile.cl\/2026\/01\/27\/proyecto-de-manejo-de-suelo-y-gestion-hidrica-beneficiara-a-productores-del-maule\/\" target=\"_blank\" rel=\"noreferrer noopener\" data-auth=\"NotApplicable\" data-linkindex=\"5\">Proyecto de manejo de suelo y gesti\u00f3n h\u00eddrica beneficiar\u00e1 a productores del Maule. Se refiere Hern\u00e1n Paill\u00e1n, acad\u00e9mico de la Facultad de Ciencias Agrarias<\/a>\u00a0<\/div><div class=\"x_elementToProof\" aria-hidden=\"true\">\u00a0<\/div><div class=\"x_elementToProof\"><b>RADIO LAUTARO<\/b>\u00a0<br \/><a id=\"OWA7a7189c6-a2d7-68cf-8412-31513e48943c\" class=\"x_Hyperlink x_SCXW213438005 x_BCX0 x_OWAAutoLink\" title=\"https:\/\/radiolautarotalca.cl\/proyecto-de-manejo-de-suelo-y-gestion-hidrica-beneficiara-a-productores-del-maule\/\" href=\"https:\/\/radiolautarotalca.cl\/proyecto-de-manejo-de-suelo-y-gestion-hidrica-beneficiara-a-productores-del-maule\/\" target=\"_blank\" rel=\"noreferrer noopener\" data-auth=\"NotApplicable\" data-linkindex=\"6\">Proyecto de manejo de suelo y gesti\u00f3n h\u00eddrica beneficiar\u00e1 a productores del Maule. Se refiere Hern\u00e1n Paill\u00e1n, acad\u00e9mico de la Facultad de Ciencias Agrarias<\/a>\u00a0<\/div><div class=\"x_elementToProof\" aria-hidden=\"true\">\u00a0<\/div><div class=\"x_elementToProof\"><b>TVN RED MAULE<\/b>\u00a0<br \/><a id=\"OWA4e759cab-b6f6-13fa-d9e0-1179885ac978\" class=\"x_Hyperlink x_SCXW213438005 x_BCX0 x_OWAAutoLink\" title=\"https:\/\/www.litoralpress.cl\/sitio\/RadioTV_Detalles.cshtml?LPKey=3JVPNZ3N2N4ZDQBARSDT6LHCE3YLBPDJQ2VEKGK7NZN3LEOBHHKWAUIJD553XKRYB7FINOA7LX2W2\" href=\"https:\/\/www.litoralpress.cl\/sitio\/RadioTV_Detalles.cshtml?LPKey=3JVPNZ3N2N4ZDQBARSDT6LHCE3YLBPDJQ2VEKGK7NZN3LEOBHHKWAUIJD553XKRYB7FINOA7LX2W2\" target=\"_blank\" rel=\"noreferrer noopener\" data-auth=\"NotApplicable\" data-linkindex=\"7\">Crematorio de Parque Las Rosas en Talca es clausurado por tercera vez. Se refiere Sergio\u00a0Wehinger,\u00a0acad\u00e9mico de la Facultad de Ciencias de la Salud.<\/a>\u00a0<\/div><div class=\"x_elementToProof\" aria-hidden=\"true\">\u00a0<\/div><div class=\"x_elementToProof\"><b>CANAL 7<\/b>\u00a0<br \/><a id=\"OWA1608030d-a13f-0803-892d-77606ad639bb\" class=\"x_Hyperlink x_SCXW213438005 x_BCX0 x_OWAAutoLink\" title=\"https:\/\/www.litoralpress.cl\/sitio\/RadioTV_Detalles.cshtml?LPKey=UUWDVK4PXJEUHIZPHNHEE5PAUVPY6PLEFWO4GXN6PR3XRTRTUYN52IOPFLAXFMJHA6EMCQCHPSQFO\" href=\"https:\/\/www.litoralpress.cl\/sitio\/RadioTV_Detalles.cshtml?LPKey=UUWDVK4PXJEUHIZPHNHEE5PAUVPY6PLEFWO4GXN6PR3XRTRTUYN52IOPFLAXFMJHA6EMCQCHPSQFO\" target=\"_blank\" rel=\"noreferrer noopener\" data-auth=\"NotApplicable\" data-linkindex=\"8\">Entrevista a Alejandro Cataldo, acad\u00e9mico Facultad de Econom\u00eda y Negocios.<\/a>\u00a0<br \/>\u00a0<\/div><div class=\"x_elementToProof\" aria-hidden=\"true\">\u00a0<\/div><div class=\"x_elementToProof\"><b>EL LECTOR\u00a0<\/b>\u00a0<br \/><a id=\"OWA9c9bd2b8-3621-d3ff-41cd-79d3c3dbbfd3\" class=\"x_Hyperlink x_SCXW213438005 x_BCX0 x_OWAAutoLink\" title=\"https:\/\/radiolautarotalca.cl\/humo-de-incendios-forestales-riesgos-para-la-salud-y-como-protegerse\/\" href=\"https:\/\/radiolautarotalca.cl\/humo-de-incendios-forestales-riesgos-para-la-salud-y-como-protegerse\/\" target=\"_blank\" rel=\"noreferrer noopener\" data-auth=\"NotApplicable\" data-linkindex=\"9\">Humo de incendios forestales: riesgos para la salud y c\u00f3mo protegerse.\u00a0Se refiere Pamela Cuevas, acad\u00e9mica Departamento de Salud P\u00fablica.<\/a>\u00a0<\/div><div class=\"x_elementToProof\" aria-hidden=\"true\">\u00a0<\/div><div class=\"x_elementToProof\"><b>RADIO AMIGA<\/b>\u00a0<br \/><a id=\"OWA75d3024b-7a93-ec60-6737-781ade0f2fda\" class=\"x_Hyperlink x_SCXW213438005 x_BCX0 x_OWAAutoLink\" title=\"https:\/\/www.litoralpress.cl\/sitio\/RadioTV_Detalles.cshtml?LPKey=QY7BGKEAOXRUKCWJVHWOZWVUBJZMKKK6IV26RESQSH5Q4RQ2PWUROFS2U7NI2CJBEZP7H7NLZHDAC\" href=\"https:\/\/www.litoralpress.cl\/sitio\/RadioTV_Detalles.cshtml?LPKey=QY7BGKEAOXRUKCWJVHWOZWVUBJZMKKK6IV26RESQSH5Q4RQ2PWUROFS2U7NI2CJBEZP7H7NLZHDAC\" target=\"_blank\" rel=\"noreferrer noopener\" data-auth=\"NotApplicable\" data-linkindex=\"10\">Uno de los principales riesgos para la salud durante un incendio forestal no solamente es visible, me refiero al humo.\u00a0Se refiere Pamela Cuevas, acad\u00e9mica Departamento de Salud P\u00fablica.<\/a>\u00a0<\/div><div class=\"x_elementToProof\" aria-hidden=\"true\">\u00a0<\/div><div class=\"x_elementToProof\"><b>RADIO INFINITA<\/b>\u00a0<br \/><a id=\"OWA6ab8c802-44ba-85d2-7fb5-dc692446c7d6\" class=\"x_Hyperlink x_SCXW213438005 x_BCX0 x_OWAAutoLink\" title=\"https:\/\/www.infinita.cl\/columnas\/2026\/01\/27\/analisis-politico-la-voceria-no-perdona-el-flanco-que-nadie-supo-cerrar.html\" href=\"https:\/\/www.infinita.cl\/columnas\/2026\/01\/27\/analisis-politico-la-voceria-no-perdona-el-flanco-que-nadie-supo-cerrar.html\" target=\"_blank\" rel=\"noreferrer noopener\" data-auth=\"NotApplicable\" data-linkindex=\"11\">An\u00e1lisis pol\u00edtico | La vocer\u00eda no perdona: El flanco que nadie supo cerrar. Se refiere Mauricio\u00a0Morales, director Centro de An\u00e1lisis Pol\u00edtico (CAP).\u00a0<\/a>\u00a0<\/div><div class=\"x_elementToProof\" aria-hidden=\"true\">\u00a0<\/div><div class=\"x_elementToProof\"><b>LA ESTRELLA DE CHILO\u00c9<\/b>\u00a0<br \/><a id=\"OWA89914d0b-e749-4439-641e-3ae135a80ba2\" class=\"x_Hyperlink x_SCXW213438005 x_BCX0 x_OWAAutoLink\" title=\"https:\/\/www.litoralpress.cl\/sitio\/Prensa_Detalles.cshtml?LPKey=QUZA5S23C3JVH6OUJZGNH6MQLIMTUVHRE5ZITTERHFH43DMXWFIA\" href=\"https:\/\/www.litoralpress.cl\/sitio\/Prensa_Detalles.cshtml?LPKey=QUZA5S23C3JVH6OUJZGNH6MQLIMTUVHRE5ZITTERHFH43DMXWFIA\" target=\"_blank\" rel=\"noreferrer noopener\" data-auth=\"NotApplicable\" data-linkindex=\"12\">Leer en papel estabiliza m\u00e1s la atenci\u00f3n que hacerlo en pantalla. Se menciona la Universidad de Talca.<\/a>\u00a0<\/div><div class=\"x_elementToProof\" aria-hidden=\"true\">\u00a0<\/div><div class=\"x_elementToProof\"><b>TVN RED MAULE<\/b>\u00a0<br \/><a id=\"OWA067e40ae-bbb1-fe1d-da6c-e871ceeaa67a\" class=\"x_Hyperlink x_SCXW213438005 x_BCX0 x_OWAAutoLink\" title=\"https:\/\/www.litoralpress.cl\/sitio\/RadioTV_Detalles.cshtml?LPKey=GAQ5WBONYI3MAFRSQL4SJC6ST5R6FPFBGBIOKWABN7J2KS4N55FOWDUJFS3UPHN2BOSDSBLGUHPL4\" href=\"https:\/\/www.litoralpress.cl\/sitio\/RadioTV_Detalles.cshtml?LPKey=GAQ5WBONYI3MAFRSQL4SJC6ST5R6FPFBGBIOKWABN7J2KS4N55FOWDUJFS3UPHN2BOSDSBLGUHPL4\" target=\"_blank\" rel=\"noreferrer noopener\" data-auth=\"NotApplicable\" data-linkindex=\"13\">Panoramas familiares para disfrutar el verano sin salir de la ciudad.\u00a0Se menciona la Universidad de Talca.<\/a>\u00a0<\/div><div class=\"x_elementToProof\" aria-hidden=\"true\">\u00a0<\/div><div class=\"x_elementToProof\"><b>DIARIO EL CENTRO<\/b>\u00a0<br \/><a id=\"OWA31b0729f-ece2-2530-bf0e-b36e0b49af47\" class=\"x_Hyperlink x_SCXW213438005 x_BCX0 x_OWAAutoLink\" title=\"https:\/\/www.diarioelcentro.cl\/2026\/01\/27\/padres-y-familias-que-esperan-universidad-jovenes-que-eligen-formacion-tecnico-profesional\/\" href=\"https:\/\/www.diarioelcentro.cl\/2026\/01\/27\/padres-y-familias-que-esperan-universidad-jovenes-que-eligen-formacion-tecnico-profesional\/\" target=\"_blank\" rel=\"noreferrer noopener\" data-auth=\"NotApplicable\" data-linkindex=\"14\">Padres y familias que esperan universidad, j\u00f3venes que eligen formaci\u00f3n t\u00e9cnico profesional. Se menciona la Universidad de Talca.<\/a>\u00a0<\/div><div class=\"x_elementToProof\" aria-hidden=\"true\">\u00a0<\/div><div class=\"x_elementToProof\"><b>EL LECTOR<\/b>\u00a0<br \/><a id=\"OWA4b512248-2489-0853-0063-08001ccf6ad2\" class=\"x_Hyperlink x_SCXW213438005 x_BCX0 x_OWAAutoLink\" title=\"https:\/\/www.litoralpress.cl\/sitio\/Prensa_Detalles.cshtml?LPKey=KXRCI7E423IYKCPTBVYTICXQHEAC7MJ4MGQ7J23RIMTJPYY\" href=\"https:\/\/www.litoralpress.cl\/sitio\/Prensa_Detalles.cshtml?LPKey=KXRCI7E423IYKCPTBVYTICXQHEAC7MJ4MGQ7J23RIMTJPYY\" target=\"_blank\" rel=\"noreferrer noopener\" data-auth=\"NotApplicable\" data-linkindex=\"15\">Vuelta Maule Centro: \u00a1Una tradici\u00f3n sobre las rutas con sello internacional! Se menciona la Universidad de Talca.<\/a>\u00a0<\/div><div class=\"x_elementToProof\" aria-hidden=\"true\">\u00a0<\/div><div class=\"x_elementToProof\"><b>EL CIUDADANO<\/b>\u00a0<br \/><a id=\"OWA60ee785c-17e0-125e-45e9-ce2c02d6704a\" class=\"x_Hyperlink x_SCXW213438005 x_BCX0 x_OWAAutoLink\" title=\"https:\/\/www.elciudadano.com\/medio-ambiente\/promueven-conservacion-de-especies-de-nothofagus-amenazados-a-traves-de-proyecto-internacion\" href=\"https:\/\/www.elciudadano.com\/medio-ambiente\/promueven-conservacion-de-especies-de-nothofagus-amenazados-a-traves-de-proyecto-internacion\" target=\"_blank\" rel=\"noreferrer noopener\" data-auth=\"NotApplicable\" data-linkindex=\"16\">Promueven conservaci\u00f3n de especies de\u00a0Nothofagus\u00a0amenazados a trav\u00e9s de proyecto internacional. Se menciona la Universidad de Talca.\u00a0<\/a>\u00a0<\/div><div class=\"x_elementToProof\" aria-hidden=\"true\">\u00a0<\/div><div class=\"x_elementToProof\"><b>INOTICIAS<\/b>\u00a0<br \/><a id=\"OWAb9b1f427-480f-5bea-1e61-96a0e217a41f\" class=\"x_Hyperlink x_SCXW213438005 x_BCX0 x_OWAAutoLink\" title=\"https:\/\/inoticias.cl\/detalle\/promueven-conservacion-de-especies-denothofagusamenazados-a\" href=\"https:\/\/inoticias.cl\/detalle\/promueven-conservacion-de-especies-denothofagusamenazados-a\" target=\"_blank\" rel=\"noreferrer noopener\" data-auth=\"NotApplicable\" data-linkindex=\"17\">Promueven conservaci\u00f3n de especies de\u00a0Nothofagus\u00a0amenazados a trav\u00e9s de proyecto internacional. Se menciona la Universidad de Talca.<\/a>\u00a0<\/div><div class=\"x_elementToProof\" aria-hidden=\"true\">\u00a0<\/div><div class=\"x_elementToProof\" aria-hidden=\"true\">\u00a0<\/div>\t\t\t\t\t\t<\/div>\n\t\t\t\t<\/div>\n\t\t\t\t\t<\/div>\n\t\t<\/div>\n\t\t\t\t\t\t\t<\/div>\n\t\t<\/section>\n\t\t\t\t\t\t<\/div>\n\t\t\t\t\t<\/div>\n\t\t","protected":false},"excerpt":{"rendered":"<p>LA PRENSA DE CURIC\u00d3\u00a0UTalca alcanz\u00f3 hist\u00f3rica adjudicaci\u00f3n de proyectos Fondecyt Regular. Se refiere Rodrigo Palomo, rector (s) y Roberto Jara, director de Investigaci\u00f3n.\u00a0\u00a0RADIO FM+\u00a0Universidad de Talca logra r\u00e9cord hist\u00f3rico en\u00a0Fondecyt\u00a0Regular 2026 y se posiciona quinta a nivel nacional en investigaci\u00f3n.\u00a0Se refiere Rodrigo Palomo, rector (s) y Roberto Jara, director de Investigaci\u00f3n.\u00a0\u00a0EL LECTOR\u00a0UTalca alcanz\u00f3 hist\u00f3rica adjudicaci\u00f3n &hellip;<\/p>\n<p class=\"read-more\"> <a class=\"\" href=\"https:\/\/www.reportedeprensa.utalca.cl\/?p=13273\"> <span class=\"screen-reader-text\">28 de enero 2026<\/span> Read More &raquo;<\/a><\/p>\n","protected":false},"author":1,"featured_media":0,"comment_status":"closed","ping_status":"open","sticky":false,"template":"","format":"standard","meta":{"_monsterinsights_skip_tracking":false,"_monsterinsights_sitenote_active":false,"_monsterinsights_sitenote_note":"","_monsterinsights_sitenote_category":0},"categories":[67],"tags":[],"_links":{"self":[{"href":"https:\/\/www.reportedeprensa.utalca.cl\/index.php?rest_route=\/wp\/v2\/posts\/13273"}],"collection":[{"href":"https:\/\/www.reportedeprensa.utalca.cl\/index.php?rest_route=\/wp\/v2\/posts"}],"about":[{"href":"https:\/\/www.reportedeprensa.utalca.cl\/index.php?rest_route=\/wp\/v2\/types\/post"}],"author":[{"embeddable":true,"href":"https:\/\/www.reportedeprensa.utalca.cl\/index.php?rest_route=\/wp\/v2\/users\/1"}],"replies":[{"embeddable":true,"href":"https:\/\/www.reportedeprensa.utalca.cl\/index.php?rest_route=%2Fwp%2Fv2%2Fcomments&post=13273"}],"version-history":[{"count":5,"href":"https:\/\/www.reportedeprensa.utalca.cl\/index.php?rest_route=\/wp\/v2\/posts\/13273\/revisions"}],"predecessor-version":[{"id":13331,"href":"https:\/\/www.reportedeprensa.utalca.cl\/index.php?rest_route=\/wp\/v2\/posts\/13273\/revisions\/13331"}],"wp:attachment":[{"href":"https:\/\/www.reportedeprensa.utalca.cl\/index.php?rest_route=%2Fwp%2Fv2%2Fmedia&parent=13273"}],"wp:term":[{"taxonomy":"category","embeddable":true,"href":"https:\/\/www.reportedeprensa.utalca.cl\/index.php?rest_route=%2Fwp%2Fv2%2Fcategories&post=13273"},{"taxonomy":"post_tag","embeddable":true,"href":"https:\/\/www.reportedeprensa.utalca.cl\/index.php?rest_route=%2Fwp%2Fv2%2Ftags&post=13273"}],"curies":[{"name":"wp","href":"https:\/\/api.w.org\/{rel}","templated":true}]}}