{"id":13288,"date":"2026-01-29T10:14:20","date_gmt":"2026-01-29T13:14:20","guid":{"rendered":"https:\/\/www.reportedeprensa.utalca.cl\/?p=13288"},"modified":"2026-03-04T13:06:12","modified_gmt":"2026-03-04T16:06:12","slug":"29-de-enero-2026-2","status":"publish","type":"post","link":"https:\/\/www.reportedeprensa.utalca.cl\/?p=13288","title":{"rendered":"29 de enero 2026"},"content":{"rendered":"\t\t<div data-elementor-type=\"wp-post\" data-elementor-id=\"13288\" class=\"elementor elementor-13288\" data-elementor-settings=\"[]\">\n\t\t\t\t\t\t\t<div class=\"elementor-section-wrap\">\n\t\t\t\t\t\t\t<section class=\"elementor-section elementor-top-section elementor-element elementor-element-bcea1a8 elementor-section-boxed elementor-section-height-default elementor-section-height-default\" data-id=\"bcea1a8\" data-element_type=\"section\">\n\t\t\t\t\t\t<div class=\"elementor-container elementor-column-gap-default\">\n\t\t\t\t\t<div class=\"elementor-column elementor-col-100 elementor-top-column elementor-element elementor-element-e7183bf\" data-id=\"e7183bf\" data-element_type=\"column\">\n\t\t\t<div class=\"elementor-widget-wrap elementor-element-populated\">\n\t\t\t\t\t\t\t\t<div class=\"elementor-element elementor-element-b0fef3b elementor-widget elementor-widget-text-editor\" data-id=\"b0fef3b\" data-element_type=\"widget\" data-widget_type=\"text-editor.default\">\n\t\t\t\t<div class=\"elementor-widget-container\">\n\t\t\t\t\t\t\t\t<p><b><span data-contrast=\"auto\">LAS \u00daLTIMAS NOTICIAS<\/span><\/b>\u00a0<br \/><a href=\"https:\/\/www.litoralpress.cl\/sitio\/Prensa_Detalles.cshtml?LPKey=WWLDP5A6F2URDWDTFG5YGO6YU6IYT46DZABNM2XZU5FN2FFHJ3BA\"><span data-contrast=\"none\">Crisis del vino: reducci\u00f3n de superficie indica que las vi\u00f1as han comenzado a arrancar parras. Se refiere Yerko Moreno, director Centro de la Vid y el Vino<\/span><\/a><span data-ccp-props=\"{}\">\u00a0<\/span><\/p><p><span data-ccp-props=\"{}\">\u00a0<\/span><\/p><p><b><span data-contrast=\"auto\">EL MAULE INFORMA<\/span><\/b>\u00a0<br \/><a href=\"https:\/\/elmauleinforma.cl\/universidad-de-talca-da-bienvenida-a-estudiantes-destacados-de-la-admision-2026\/\"><span data-contrast=\"none\">Universidad de Talca da bienvenida a estudiantes destacados de la admisi\u00f3n 2026. Se refiere Rodrigo Palomo, rector (s)<\/span><\/a><span data-ccp-props=\"{}\">\u00a0<\/span><\/p><p><span data-ccp-props=\"{}\">\u00a0<\/span><\/p><p><b><span data-contrast=\"auto\">MEDIABANCO<\/span><\/b>\u00a0<br \/><a href=\"https:\/\/www.mediabanco.com\/universidad-de-talca-da-bienvenida-a-estudiantes-destacados-de-la-admision-2026\/\"><span data-contrast=\"none\">Universidad de Talca da bienvenida a estudiantes destacados de la admisi\u00f3n 2026. Se refiere Rodrigo Palomo, rector (s)<\/span><\/a><span data-ccp-props=\"{}\">\u00a0<\/span><\/p><p><span data-ccp-props=\"{}\">\u00a0<\/span><\/p><p><b><span data-contrast=\"auto\">PORTAL EDUCA<\/span><\/b>\u00a0<br \/><a href=\"https:\/\/portaleduca.cl\/utalca-alcanzo-historica-adjudicacion-de-proyectos-de-investigacion\/\"><span data-contrast=\"none\">UTalca alcanz\u00f3 hist\u00f3rica adjudicaci\u00f3n de proyectos de investigaci\u00f3n.\u00a0Se refiere Rodrigo Palomo, rector (s) y Roberto Jara, director de Investigaci\u00f3n.<\/span><\/a><span data-ccp-props=\"{}\">\u00a0<\/span><\/p><p><span data-ccp-props=\"{}\">\u00a0<\/span><\/p><p><b><span data-contrast=\"auto\">EL LECTOR<\/span><\/b>\u00a0<br \/><a href=\"https:\/\/www.litoralpress.cl\/sitio\/Prensa_Detalles.cshtml?LPKey=3RTWYUEW33LHC5QWTCDEZJDYE6YWIIUCTDSNCP5DLX3I7W3NQHGA\"><span data-contrast=\"none\">Proyecto de manejo de suelo y gesti\u00f3n h\u00eddrica beneficiar\u00e1 a productores del Maule. Se refiere Hern\u00e1n Paill\u00e1n, acad\u00e9mico de la Facultad de Ciencias Agrarias<\/span><\/a>\u00a0<br \/><span data-ccp-props=\"{}\">\u00a0<\/span><\/p><p><b><span data-contrast=\"auto\">RADIO FM+<\/span><\/b>\u00a0<br \/><a href=\"https:\/\/radiofmmas.cl\/proyecto-de-manejo-de-suelo-y-gestion-hidrica-beneficiara-a-productores-del-maule\/\"><span data-contrast=\"none\">Proyecto de manejo de suelo y gesti\u00f3n h\u00eddrica beneficiar\u00e1 a productores del Maule. Se refiere Hern\u00e1n Paill\u00e1n, acad\u00e9mico de la Facultad de Ciencias Agrarias<\/span><\/a><span data-ccp-props=\"{}\">\u00a0<\/span><\/p><p><span data-ccp-props=\"{}\">\u00a0<\/span><\/p><p><b><span data-contrast=\"auto\">CANAL 2 LINARES<\/span><\/b>\u00a0<br \/><a href=\"https:\/\/www.canal2linares.cl\/2026\/01\/proyecto-de-manejo-de-suelo-y-gestion.html\"><span data-contrast=\"none\">Proyecto de manejo de suelo y gesti\u00f3n h\u00eddrica beneficiar\u00e1 a productores del Maule. Se refiere Hern\u00e1n Paill\u00e1n, acad\u00e9mico de la Facultad de Ciencias Agrarias<\/span><\/a><span data-ccp-props=\"{}\">\u00a0<\/span><\/p><p><span data-ccp-props=\"{}\">\u00a0<\/span><\/p><p><b><span data-contrast=\"auto\">DIARIO EL CENTRO<\/span><\/b>\u00a0<br \/><a href=\"https:\/\/www.diarioelcentro.cl\/2026\/01\/28\/vinculacion-con-el-medio-de-las-universidades-de-patito-feo-a-un-hermoso-y-admirado-cisne-que-hay-que-alimentar\/\"><span data-contrast=\"none\">Vinculaci\u00f3n con el medio de las Universidades: de patito feo a un hermoso y admirado cisne que hay que alimentar. Se refiere Diego Palomo, acad\u00e9mico Facultad de Ciencias Jur\u00eddicas y Sociales.<\/span><\/a><span data-ccp-props=\"{}\">\u00a0<\/span><\/p><p><span data-ccp-props=\"{}\">\u00a0<\/span><\/p><p><b><span data-contrast=\"auto\">RADIO FM+<\/span><\/b>\u00a0<br \/><a href=\"https:\/\/radiofmmas.cl\/nueva-generacion-de-estudiantes-de-la-utalca-sale-al-mundo\/\"><span data-contrast=\"none\">Nueva generaci\u00f3n de estudiantes de la\u00a0UTalca\u00a0sale al mundo.\u00a0Se refiere Paula Jorquera, vicerrectora de Desarrollo Estudiantil y Mar\u00eda Elisa Quinteros, directora de Relaciones Internacionales.<\/span><\/a><span data-ccp-props=\"{}\">\u00a0<\/span><\/p><p><span data-ccp-props=\"{}\">\u00a0<\/span><\/p><p><span data-ccp-props=\"{}\">\u00a0<\/span><b><span data-contrast=\"auto\">RADIO INFINITA<\/span><\/b>\u00a0<br \/><a href=\"https:\/\/www.litoralpress.cl\/sitio\/RadioTV_Detalles.cshtml?LPKey=PHGXRNCR6KM2Z2GON5VII732XTFBQUFECAB2ZD6L4CJEOBZTEYAKKAX5PBLLFS77JTMGLWPT2PIZU\"><span data-contrast=\"none\">An\u00e1lisis Pol\u00edtico. Se refiere Mauricio Morales, director Centro de An\u00e1lisis Pol\u00edtico (CAP).<\/span><\/a><span data-ccp-props=\"{}\">\u00a0<\/span><\/p><p><span data-ccp-props=\"{}\">\u00a0<\/span><\/p><p><b><span data-contrast=\"auto\">CULTURA ACOMPA\u00d1ADA<\/span><\/b>\u00a0<br \/><a href=\"https:\/\/culturaacompanada.blogspot.com\/2026\/01\/seis-nuevos-proyectos-anillos-de.html\"><span data-contrast=\"none\">Seis nuevos proyectos \u201cAnillos de Investigaci\u00f3n en \u00c1reas Tem\u00e1ticas\u201d potenciar\u00e1n el estudio de la Ant\u00e1rtica y sus ecosistemas. Se menciona la Universidad de Talca<\/span><\/a><span data-ccp-props=\"{}\">\u00a0<\/span><\/p><p><span data-ccp-props=\"{}\">\u00a0<\/span><\/p><p><b><span data-contrast=\"auto\">PORTAL EDUCA<\/span><\/b>\u00a0<br \/><a href=\"https:\/\/portaleduca.cl\/cerro-navia-se-prepara-para-el-calor-extremo-construyen-refugio-climatico-escolar-antes-del-inicio-de-clases\/\"><span data-contrast=\"none\">Cerro Navia se prepara para el calor extremo: construyen refugio clim\u00e1tico escolar antes del inicio de clases.\u00a0Se menciona la Universidad de Talca<\/span><\/a><span data-ccp-props=\"{}\">\u00a0<\/span><\/p><p><span data-ccp-props=\"{}\">\u00a0<\/span><\/p><p><b><span data-contrast=\"auto\">MINISTERIO DE ENERG\u00cdA<\/span><\/b>\u00a0<br \/><a href=\"https:\/\/www.energia.gob.cl\/noticias\/maule\/realizan-charlas-y-visitas-pedagogicas-guiadas-estudiantes-maulinos-en-central-hidroelectrica-los-condores\"><span data-contrast=\"none\">Realizan charlas y visitas pedag\u00f3gicas guiadas a estudiantes maulinos en Central Hidroel\u00e9ctrica Los C\u00f3ndores. Se menciona la Universidad de Talca.\u00a0<\/span><\/a><span data-ccp-props=\"{}\">\u00a0<\/span><\/p><p><span data-ccp-props=\"{}\">\u00a0<\/span><\/p><p><b><span data-contrast=\"auto\">DIARIO LA DISCUSI\u00d3N<\/span><\/b>\u00a0<br \/><a href=\"https:\/\/ladiscusion.cl\/promueven-conservacion-de-especies-de-nothofagus-amenazados-a-traves-de-proyecto-internacional\/\"><span data-contrast=\"none\">Promueven conservaci\u00f3n de especies de\u00a0Nothofagus\u00a0amenazados a trav\u00e9s de proyecto internacional. Se menciona la Universidad de Talca.\u00a0<\/span><\/a><span data-ccp-props=\"{}\">\u00a0<\/span><\/p>\t\t\t\t\t\t<\/div>\n\t\t\t\t<\/div>\n\t\t\t\t\t<\/div>\n\t\t<\/div>\n\t\t\t\t\t\t\t<\/div>\n\t\t<\/section>\n\t\t\t\t\t\t<\/div>\n\t\t\t\t\t<\/div>\n\t\t","protected":false},"excerpt":{"rendered":"<p>LAS \u00daLTIMAS NOTICIAS\u00a0Crisis del vino: reducci\u00f3n de superficie indica que las vi\u00f1as han comenzado a arrancar parras. Se refiere Yerko Moreno, director Centro de la Vid y el Vino\u00a0 \u00a0 EL MAULE INFORMA\u00a0Universidad de Talca da bienvenida a estudiantes destacados de la admisi\u00f3n 2026. Se refiere Rodrigo Palomo, rector (s)\u00a0 \u00a0 MEDIABANCO\u00a0Universidad de Talca da &hellip;<\/p>\n<p class=\"read-more\"> <a class=\"\" href=\"https:\/\/www.reportedeprensa.utalca.cl\/?p=13288\"> <span class=\"screen-reader-text\">29 de enero 2026<\/span> Read More &raquo;<\/a><\/p>\n","protected":false},"author":1,"featured_media":0,"comment_status":"closed","ping_status":"open","sticky":false,"template":"","format":"standard","meta":{"_monsterinsights_skip_tracking":false,"_monsterinsights_sitenote_active":false,"_monsterinsights_sitenote_note":"","_monsterinsights_sitenote_category":0},"categories":[67],"tags":[],"_links":{"self":[{"href":"https:\/\/www.reportedeprensa.utalca.cl\/index.php?rest_route=\/wp\/v2\/posts\/13288"}],"collection":[{"href":"https:\/\/www.reportedeprensa.utalca.cl\/index.php?rest_route=\/wp\/v2\/posts"}],"about":[{"href":"https:\/\/www.reportedeprensa.utalca.cl\/index.php?rest_route=\/wp\/v2\/types\/post"}],"author":[{"embeddable":true,"href":"https:\/\/www.reportedeprensa.utalca.cl\/index.php?rest_route=\/wp\/v2\/users\/1"}],"replies":[{"embeddable":true,"href":"https:\/\/www.reportedeprensa.utalca.cl\/index.php?rest_route=%2Fwp%2Fv2%2Fcomments&post=13288"}],"version-history":[{"count":5,"href":"https:\/\/www.reportedeprensa.utalca.cl\/index.php?rest_route=\/wp\/v2\/posts\/13288\/revisions"}],"predecessor-version":[{"id":13330,"href":"https:\/\/www.reportedeprensa.utalca.cl\/index.php?rest_route=\/wp\/v2\/posts\/13288\/revisions\/13330"}],"wp:attachment":[{"href":"https:\/\/www.reportedeprensa.utalca.cl\/index.php?rest_route=%2Fwp%2Fv2%2Fmedia&parent=13288"}],"wp:term":[{"taxonomy":"category","embeddable":true,"href":"https:\/\/www.reportedeprensa.utalca.cl\/index.php?rest_route=%2Fwp%2Fv2%2Fcategories&post=13288"},{"taxonomy":"post_tag","embeddable":true,"href":"https:\/\/www.reportedeprensa.utalca.cl\/index.php?rest_route=%2Fwp%2Fv2%2Ftags&post=13288"}],"curies":[{"name":"wp","href":"https:\/\/api.w.org\/{rel}","templated":true}]}}