{"id":1329,"date":"2021-08-30T09:32:49","date_gmt":"2021-08-30T12:32:49","guid":{"rendered":"https:\/\/www.reportedeprensa.utalca.cl\/?p=1329"},"modified":"2021-08-30T10:00:13","modified_gmt":"2021-08-30T13:00:13","slug":"30-de-agosto-de-2021","status":"publish","type":"post","link":"https:\/\/www.reportedeprensa.utalca.cl\/?p=1329","title":{"rendered":"30 de agosto de 2021"},"content":{"rendered":"\t\t<div data-elementor-type=\"wp-post\" data-elementor-id=\"1329\" class=\"elementor elementor-1329\" data-elementor-settings=\"[]\">\n\t\t\t\t\t\t\t<div class=\"elementor-section-wrap\">\n\t\t\t\t\t\t\t<section class=\"elementor-section elementor-top-section elementor-element elementor-element-a06ca45 elementor-section-boxed elementor-section-height-default elementor-section-height-default\" data-id=\"a06ca45\" data-element_type=\"section\">\n\t\t\t\t\t\t<div class=\"elementor-container elementor-column-gap-default\">\n\t\t\t\t\t<div class=\"elementor-column elementor-col-100 elementor-top-column elementor-element elementor-element-1486c35\" data-id=\"1486c35\" data-element_type=\"column\">\n\t\t\t<div class=\"elementor-widget-wrap elementor-element-populated\">\n\t\t\t\t\t\t\t\t<div class=\"elementor-element elementor-element-42b145e elementor-widget elementor-widget-text-editor\" data-id=\"42b145e\" data-element_type=\"widget\" data-widget_type=\"text-editor.default\">\n\t\t\t\t<div class=\"elementor-widget-container\">\n\t\t\t\t\t\t\t\t<p><b>CANAL CONTIVISI\u00d3N<\/b><\/p><p><a style=\"font-style: inherit; font-weight: inherit; background-color: #ffffff; font-family: -apple-system, BlinkMacSystemFont,;\" href=\"https:\/\/www.litoralpress.cl\/sitio\/RadioTV_Detalles.cshtml?LPKey=PSICGDVKWMASG7KHYR2KNKAWXXGRO6DZO7WSXWBTQSTTI3ORFQVQ\" target=\"_blank\" rel=\"noopener\">Rector de la Universidad de Talca se reuni\u00f3 con el ministro Moreno por plan de gesti\u00f3n h\u00eddrica agr\u00edcola en el Maule.<\/a><\/p><p>\u00a0<\/p><p><b>LA PRENSA<\/b><\/p><p><a style=\"font-style: inherit; font-weight: inherit; background-color: #ffffff; font-family: -apple-system, BlinkMacSystemFont,;\" href=\"https:\/\/www.litoralpress.cl\/paginaconsultas\/Servicios_NClip\/Get_Imagen_Nota.aspx?LPKey=YPRJTS5AHJBOLEFG7O5H4H6KANCB2O4RQZEOQ6FVAHBPI5INXSQFQRHFZGDQOZVJOWMZCIJ2SOJY4\" target=\"_blank\" rel=\"noopener\">Ministro de Obras P\u00fablicas, Alfredo Moreno, tras visitar regi\u00f3n del Maule: &#8220;Hemos presentado por primera vez en el pa\u00eds y en esta regi\u00f3n un plan estrat\u00e9gico de recursos h\u00eddricos&#8221;. Se menciona a \u00c1lvaro Rojas, rector de la UTalca.<\/a><\/p><p>\u00a0<\/p><p><b>DIARIOLAPRENSA.CL<\/b><\/p><p><a style=\"font-style: inherit; font-weight: inherit; background-color: #ffffff; font-family: -apple-system, BlinkMacSystemFont,;\" href=\"https:\/\/new.diariolaprensa.cl\/index.php\/2021\/08\/28\/hemos-presentado-por-primera-vez-en-el-pais-y-en-esta-region-un-plan-estrategico-de-recursos-hidricos\/\" target=\"_blank\" rel=\"noopener\">Ministro de Obras P\u00fablicas, Alfredo Moreno, tras visitar regi\u00f3n del Maule: &#8220;Hemos presentado por primera vez en el pa\u00eds y en esta regi\u00f3n un plan estrat\u00e9gico de recursos h\u00eddricos&#8221;. Se menciona a \u00c1lvaro Rojas, rector de la UTalca.<\/a><\/p><p>\u00a0<\/p><p><b>DIARIOELHERALDO.CL<\/b><\/p><p><a style=\"font-style: inherit; font-weight: inherit; background-color: #ffffff; font-family: -apple-system, BlinkMacSystemFont,;\" href=\"http:\/\/www.diarioelheraldo.cl\/noticia\/ministro-moreno-tras-visitar-region-del-maule-hemos-presentado-por-primera-vez-en-el-pais-y-en-esta-region-un-plan-estrategico-de-recursos-hidricos\" target=\"_blank\" rel=\"noopener\">Ministro de Obras P\u00fablicas, Alfredo Moreno, tras visitar regi\u00f3n del Maule: &#8220;Hemos presentado por primera vez en el pa\u00eds y en esta regi\u00f3n un plan estrat\u00e9gico de recursos h\u00eddricos&#8221;. Se menciona a \u00c1lvaro Rojas, rector de la UTalca.<\/a><\/p><p>\u00a0<\/p><p><b>LINARESENLINEA.CL<\/b><\/p><p><a style=\"font-style: inherit; font-weight: inherit; background-color: #ffffff; font-family: -apple-system, BlinkMacSystemFont,;\" href=\"https:\/\/www.linaresenlinea.cl\/2021\/08\/28\/ministro-de-obras-publica-visito-el-maule-y-anuncio-plan-estrategico-de-recursos-hidricos-para-la-region\/\" target=\"_blank\" rel=\"noopener\">Ministro de Obras P\u00fablica visit\u00f3 el Maule y anunci\u00f3 Plan Estrat\u00e9gico de Recursos H\u00eddricos para la regi\u00f3n. Se menciona a \u00c1lvaro Rojas, rector de la UTalca.<\/a><\/p><p>\u00a0<\/p><p><b>EL LECTOR<\/b><\/p><p><a style=\"font-style: inherit; font-weight: inherit; background-color: #ffffff; font-family: -apple-system, BlinkMacSystemFont,;\" href=\"https:\/\/www.litoralpress.cl\/paginaconsultas\/Servicios_NClip\/Get_Imagen_Nota.aspx?LPKey=4QAUZUHB3E2SWYA7BGL72E74OQAAVO6WWHLCKZ7QCVOK67Z3ZP4K65IFAKOUPU3RJAML3KPVZWHNW\" target=\"_blank\" rel=\"noopener\">Ministro Moreno tras visitar regi\u00f3n del Maule: &#8220;Hemos presentado por primera vez en el pa\u00eds y en esta regi\u00f3n un plan estrat\u00e9gico de recursos h\u00eddricos&#8221;. Se menciona a \u00c1lvaro Rojas, rector de la UTalca.<\/a><\/p><p>\u00a0<\/p><p><b>LA TERCERA<\/b><\/p><p><a style=\"font-style: inherit; font-weight: inherit; background-color: #ffffff; font-family: -apple-system, BlinkMacSystemFont,;\" href=\"https:\/\/www.litoralpress.cl\/sitio\/Prensa_PaginaCompleta.cshtml?LPKey=J5DE5CKJ7ZBPL5HV4FJTXBTIG6QWVICALEVIZNPLEJYCPEURTGYA\" target=\"_blank\" rel=\"noopener\">El destacado y desconocido papel que est\u00e1 teniendo la academia en el desarrollo de la red 5G en Chile. Se refiere Pablo Villalobos, vicerrector de Innovaci\u00f3n y Transferencia Tecnol\u00f3gica de la UTalca.<\/a><\/p><p>\u00a0<\/p><p><b>LA TERCERA<\/b><\/p><p><a style=\"font-style: inherit; font-weight: inherit; background-color: #ffffff; font-family: -apple-system, BlinkMacSystemFont,;\" href=\"https:\/\/www.litoralpress.cl\/paginaconsultas\/Servicios_NClip\/Get_Imagen_Nota.aspx?LPKey=L3NFNLTKNVTBB4RCTFPD37CELSPPROAM4TH3W7MVCJ3FICGLNR6DMG72HIIB3NBMNP53FFZULFOBO\" target=\"_blank\" rel=\"noopener\">Investigadores de la Universidad de Talca transforman desechos mineros en espuma de vidrio.<\/a><\/p><p>\u00a0<\/p><p><b>LATERCERA.COM<\/b><\/p><p><a style=\"font-style: inherit; font-weight: inherit; background-color: #ffffff; font-family: -apple-system, BlinkMacSystemFont,;\" href=\"https:\/\/www.latercera.com\/que-pasa\/noticia\/hallan-anticuerpo-ineludible-que-neutraliza-todas-las-cepas-esta-es-la-probabilidad-que-delta-sea-la-variante-dominante-en-chile-y-nunca-sabremos-como-se-origino-el-sars-cov-2-tres-cosas-que-aprendimos-del-coronavirus-esta-semana\/Y4FQOK4MXBBINB2N2RCDZ7E4FE\/\" target=\"_blank\" rel=\"noopener\">Hallan anticuerpo \u201cineludible\u201d que neutraliza todas las cepas; esta es la probabilidad que Delta sea la variante dominante en Chile y nunca sabremos c\u00f3mo se origin\u00f3 el Sars-CoV-2; tres cosas que aprendimos del Coronavirus esta semana. Se refiere Daniel Jim\u00e9nez, director de Salud del Estudiante de la UTalca.<\/a><\/p><p>\u00a0<\/p><p><b>LATERCERA.COM<\/b><\/p><p><a style=\"font-style: inherit; font-weight: inherit; background-color: #ffffff; font-family: -apple-system, BlinkMacSystemFont,;\" href=\"https:\/\/www.litoralpress.cl\/paginaconsultas\/Documentos\/Get_Imagen.aspx?lpkey=FGFZ7UFOFWFBZ7KRF4727MELYOL7TG2GJOQK77GVHQCBR2K74MT3WSQNNL3T3LWUBWC6HNODAMAQK\" target=\"_blank\" rel=\"noopener\">\u00bfD\u00f3nde est\u00e1 la soluci\u00f3n? Las piezas para reformar la pol\u00edtica de compra de tierras ind\u00edgenas. Se refiere Dany Jaimovich, acad\u00e9mico de la Facultad de Econom\u00eda y Negocios (FEN) de la UTalca.<\/a><\/p><p>\u00a0<\/p><p><b>CANAL 13<\/b><\/p><p><a style=\"font-style: inherit; font-weight: inherit; background-color: #ffffff; font-family: -apple-system, BlinkMacSystemFont,;\" href=\"https:\/\/www.litoralpress.cl\/sitio\/RadioTV_Detalles.cshtml?LPKey=5FF5VUTV4QLARQYIZLGASVZJV7G43KQ72H67VEEK7SEKW3VYUD4A\" target=\"_blank\" rel=\"noopener\">Pol\u00e9mica por proyecto de torres de alta tensi\u00f3n que atravesar\u00e1 6 comunas y dos regiones. Se menciona estudio de la UTalca.<\/a><\/p><p>\u00a0<\/p><p><b>MAULEHOY.CL<\/b><\/p><p><a style=\"font-style: inherit; font-weight: inherit; background-color: #ffffff; font-family: -apple-system, BlinkMacSystemFont,;\" href=\"https:\/\/www.litoralpress.cl\/paginaconsultas\/Documentos\/Get_Imagen.aspx?lpkey=357DUDVSQMJP543QM3Z7ZAOIFV6XGL75LPXDSOFJVXXZFJCH5MRYN2GYGLPO7ZD5LE5QEAVQCCHHC\" target=\"_blank\" rel=\"noopener\">Ranking QS: UTalca contin\u00faa siendo la mejor estatal de regiones y top ten nacional.<\/a><\/p><p>\u00a0<\/p><p><b>ADPRENSA<\/b><\/p><p><a style=\"font-style: inherit; font-weight: inherit; background-color: #ffffff; font-family: -apple-system, BlinkMacSystemFont,;\" href=\"https:\/\/www.adprensa.cl\/cronica\/%e2%80%8b%e2%80%8butalca-incentivan-participacion-femenina-en-carreras-de-ingenieria\/\" target=\"_blank\" rel=\"noopener\">UTalca: Incentivan participaci\u00f3n femenina en carreras de ingenier\u00eda.<\/a><\/p><p>\u00a0<\/p><p><b>EL HERALDO<\/b><\/p><p><a style=\"font-style: inherit; font-weight: inherit; background-color: #ffffff; font-family: -apple-system, BlinkMacSystemFont,;\" href=\"https:\/\/www.litoralpress.cl\/paginaconsultas\/Servicios_NClip\/Get_Imagen_Nota.aspx?LPKey=OTFB3CJY5CG3VJURIVPJHPUTGCLKWLJ7MEMEYCSWXLETXO7QZJ6QBXMSW3XIKIZJKF6QKPGULH5U4\" target=\"_blank\" rel=\"noopener\">UTalca: Incentivan participaci\u00f3n femenina en carreras de ingenier\u00eda.<\/a><\/p><p>\u00a0<\/p><p><b>DIARIOELHERALDO.CL<\/b><\/p><p><a style=\"font-style: inherit; font-weight: inherit; background-color: #ffffff; font-family: -apple-system, BlinkMacSystemFont,;\" href=\"http:\/\/www.diarioelheraldo.cl\/noticia\/utalca-incentivan-participacion-femenina-en-carreras-de-ingenieria\" target=\"_blank\" rel=\"noopener\">UTalca: Incentivan participaci\u00f3n femenina en carreras de ingenier\u00eda.<\/a><\/p><p>\u00a0<\/p><p><b>LANOTICIA.CL<\/b><\/p><p><a style=\"font-style: inherit; font-weight: inherit; background-color: #ffffff; font-family: -apple-system, BlinkMacSystemFont,;\" href=\"https:\/\/lanoticia.cl\/utalca-incentivan-participacion-femenina-en-carreras-de-ingenieria\/\" target=\"_blank\" rel=\"noopener\">UTalca: Incentivan participaci\u00f3n femenina en carreras de ingenier\u00eda.<\/a><\/p><p>\u00a0<\/p><p><b>ADPRENSA.CL<\/b><\/p><p><a style=\"font-style: inherit; font-weight: inherit; background-color: #ffffff; font-family: -apple-system, BlinkMacSystemFont,;\" href=\"https:\/\/www.adprensa.cl\/cronica\/analizan-factores-de-la-baja-productividad-economica-y-variables-que-incidirian-en-su-recuperacion\/\" target=\"_blank\" rel=\"noopener\">Analizan factores de la baja productividad econ\u00f3mica y variables que incidir\u00edan en su recuperaci\u00f3n. Se refiere Patricia Rodr\u00edguez, directora del Campus Santiago; Rodrigo Herrera, decano de la Facultad de Econom\u00eda y Negocios (FEN) y Andrea Bentancor, acad\u00e9mica de la FEN.<\/a><\/p><p>\u00a0<\/p><p><b>CANAL TV5<\/b><\/p><p><a style=\"font-style: inherit; font-weight: inherit; background-color: #ffffff; font-family: -apple-system, BlinkMacSystemFont,;\" href=\"https:\/\/www.litoralpress.cl\/sitio\/RadioTV_Detalles.cshtml?LPKey=4LGOIDLXWPJJFIJYFACBA6INAOXIDFZ4RJFT2ZV7FBAMA7NYVDWA\" target=\"_blank\" rel=\"noopener\">Linares no registr\u00f3 nuevos casos de Coronavirus en las \u00faltimas 24 horas. Se refiere Erika Retamal, directora de Salud P\u00fablica de la UTalca.<\/a><\/p><p>\u00a0<\/p><p><b>LADISCUSION.CL<\/b><\/p><p><a style=\"font-style: inherit; font-weight: inherit; background-color: #ffffff; font-family: -apple-system, BlinkMacSystemFont,;\" href=\"https:\/\/www.ladiscusion.cl\/mas-de-213-casos-de-variantes-del-covid-19-han-detectado-en-nuble\/\" target=\"_blank\" rel=\"noopener\">M\u00e1s de 213 casos de variantes del COVID-19 han detectado en \u00d1uble. Se refiere Marcelo Alarc\u00f3n, acad\u00e9mico del Departamento de Bioqu\u00edmica Cl\u00ednica e Inmunohematolog\u00eda de la UTalca.<\/a><\/p><p>\u00a0<\/p><p><b>EL MERCURIO DE CALAMA<\/b><\/p><p><a style=\"font-style: inherit; font-weight: inherit; background-color: #ffffff; font-family: -apple-system, BlinkMacSystemFont,;\" href=\"https:\/\/www.litoralpress.cl\/paginaconsultas\/Servicios_NClip\/Get_Imagen_Nota.aspx?LPKey=D2FPXKE7LYW23TZ7YOHLEBKTGVQBKV5X4SIDA564GGUZQY3LQSG4C3VYMVQRFTM6EMRRHJCIHQMGK\" target=\"_blank\" rel=\"noopener\">Reconocen a alumno lo\u00edno destacado en Olimp\u00edadas de Qu\u00edmica. Se menciona que actividad fue organizada por la UTalca.<\/a><\/p><p>\u00a0<\/p><p><b>CALAMAENLINEA.CL<\/b><\/p><p><a style=\"font-style: inherit; font-weight: inherit; background-color: #ffffff; font-family: -apple-system, BlinkMacSystemFont,;\" href=\"https:\/\/www.calamaenlinea.cl\/educacion\/liceo-diego-portales-reconoce-a-alumno-destacado-en-olimpiadas-de-quimica-de-universidad-de-talca\/\" target=\"_blank\" rel=\"noopener\">Liceo Diego Portales reconoce a alumno destacado en Olimpiadas de Qu\u00edmica de la Universidad de Talca.<\/a><\/p><p>\u00a0<\/p><p><b>ENLALINEA.CL<\/b><\/p><p><a style=\"font-style: inherit; font-weight: inherit; background-color: #ffffff; font-family: -apple-system, BlinkMacSystemFont,;\" href=\"https:\/\/enlalinea.cl\/liceo-diego-portales-reconoce-a-alumno-destacado-en-olimpiadas-de-quimica-de-universidad-de-talca\/\" target=\"_blank\" rel=\"noopener\">Liceo Diego Portales reconoce a alumno destacado en Olimpiadas de Qu\u00edmica de Universidad de Talca.<\/a><\/p><p>\u00a0<\/p><p><b>EL MERCURIO<\/b><\/p><p><a style=\"font-style: inherit; font-weight: inherit; background-color: #ffffff; font-family: -apple-system, BlinkMacSystemFont,;\" href=\"https:\/\/www.litoralpress.cl\/paginaconsultas\/Servicios_NClip\/Get_Imagen_Nota.aspx?LPKey=LKL6ELXQHSGQYN6F6J6UDCY5N5JBI6UUIAAV3B7BKOFIPI3BY2CFBLCJ7SMZIKCSXKBX2BHN6MGPE\" target=\"_blank\" rel=\"noopener\">Carta al director. Nominaci\u00f3n de Jean Pierre Matus. Se menciona a la UTalca.<\/a><\/p><p>\u00a0<\/p><p><b>EMB.CL<\/b><\/p><p><a style=\"font-style: inherit; font-weight: inherit; background-color: #ffffff; font-family: -apple-system, BlinkMacSystemFont,;\" href=\"http:\/\/www.emb.cl\/gerencia\/noticia.mvc?nid=20210827w12&amp;ni=subsecretario-de-telecomunicaciones-valora-proyectos-y-desarrollo-del-primero-de-20-campus-5g-a-lo-largo-de-chile\" target=\"_blank\" rel=\"noopener\">Subsecretario de Telecomunicaciones valora proyectos y desarrollo del primero de 20 campus 5G a lo largo de Chile. Se menciona a la UTalca.<\/a><\/p><p>\u00a0<\/p><p><b>EL LECTOR<\/b><\/p><p><a style=\"font-style: inherit; font-weight: inherit; background-color: #ffffff; font-family: -apple-system, BlinkMacSystemFont,;\" href=\"https:\/\/www.litoralpress.cl\/paginaconsultas\/Servicios_NClip\/Get_Imagen_Nota.aspx?LPKey=6XALCEEWOYWD5RAJGMBXT67D7IS5MC3WR7DS5Y5IDMBTUSS5SUDOB5BT2QOK43XVOAGU37D5ZFVEC\" target=\"_blank\" rel=\"noopener\">Desde Chile extensionistas tecnol\u00f3gicos asesorar\u00e1n a empresarios agroindustriales de Colombia. Se refiere Paula Gajardo, gerente de Thinkagro-UTalca.<\/a><\/p><p>\u00a0<\/p><p><b>LA TERCERA<\/b><\/p><p><a style=\"font-style: inherit; font-weight: inherit; background-color: #ffffff; font-family: -apple-system, BlinkMacSystemFont,;\" href=\"https:\/\/www.litoralpress.cl\/sitio\/Prensa_PaginaCompleta.cshtml?LPKey=HM4HJ5NVILFIGHU4NSBBCH5AZXXED5I66K34YXR4HUH3DBT3OB4A\" target=\"_blank\" rel=\"noopener\">Muchas causas y muchas redes sociales. El asalto al poder de las nuevas generaciones pol\u00edticas. Se refiere Mauricio Morales, director del Centro de An\u00e1lisis Pol\u00edtico de la UTalca.<\/a><\/p><p>\u00a0<\/p><p><b>EL MERCURIO DE VALPARA\u00cdSO<\/b><\/p><p><a style=\"font-style: inherit; font-weight: inherit; background-color: #ffffff; font-family: -apple-system, BlinkMacSystemFont,;\" href=\"https:\/\/www.litoralpress.cl\/sitio\/Prensa_PaginaCompleta.cshtml?LPKey=O63SM5IS4736ORNUUM36JOTAPDFWKNTVH3IBMJPI3UI4T6HLNYTA\" target=\"_blank\" rel=\"noopener\">Con tempranas despedidas inicia la carrera presidencial. Se refiere Mario Herrera, acad\u00e9mico del Centro de An\u00e1lisis Pol\u00edtico (CAP) de la UTalca.<\/a><\/p><p>\u00a0<\/p><p><b>DIARIOTALCA.CL<\/b><\/p><p><a style=\"font-style: inherit; font-weight: inherit; background-color: #ffffff; font-family: -apple-system, BlinkMacSystemFont,;\" href=\"https:\/\/www.litoralpress.cl\/paginaconsultas\/Documentos\/Get_Imagen.aspx?lpkey=DD4JGBKX36GKOFIP354EW4XZAH5B6SI64AJK7KUF3QQAQZOFKS65DQZULIIQM2N7YGEX4XQUN62G6\" target=\"_blank\" rel=\"noopener\">Mario Herrera, acad\u00e9mico de la UTalca: \u201cLa estrategia es buscar el votante de centro\u201d.<\/a><\/p><p>\u00a0<\/p><p><b>LAS \u00daLTIMAS NOTICIAS<\/b><\/p><p><a style=\"font-style: inherit; font-weight: inherit; background-color: #ffffff; font-family: -apple-system, BlinkMacSystemFont,;\" href=\"https:\/\/www.litoralpress.cl\/paginaconsultas\/Servicios_NClip\/Get_Imagen_Nota.aspx?LPKey=GHWQOSHP5IZMHINSAPWVO62VEOKAFCNHJIG4JB2J4GQSJI4ONDIZYBTGM7MSQR4T57IU3HJBE2VIU\" target=\"_blank\" rel=\"noopener\">Meme muero: concilio de expertos analiza fallida inscripci\u00f3n presidencial de La Lista del Pueblo. Se refiere Mauricio Morales, director del Centro de An\u00e1lisis Pol\u00edticos (CAP) de la UTalca.<\/a><\/p><p>\u00a0<\/p><p><b>LA DISCUSI\u00d3N<\/b><\/p><p><a style=\"font-style: inherit; font-weight: inherit; background-color: #ffffff; font-family: -apple-system, BlinkMacSystemFont,;\" href=\"https:\/\/www.litoralpress.cl\/paginaconsultas\/Servicios_NClip\/Get_Imagen_Nota.aspx?LPKey=O6UKSNICFXO5KBWS6FNOL2DWZBKS62KZD6Y33MYDADQCOLJOPMCUIQFP2QOAEKXDDIYMHG2KUS5FK\" target=\"_blank\" rel=\"noopener\">Alcances del proyecto de ley que repone el voto obligatorio. Se refiere Mauricio Morales, director del Centro de An\u00e1lisis Pol\u00edtico (CAP) de la UTalca.<\/a><\/p><p>\u00a0<\/p><p><b>LA DISCUSI\u00d3N<\/b><\/p><p><a style=\"font-style: inherit; font-weight: inherit; background-color: #ffffff; font-family: -apple-system, BlinkMacSystemFont,;\" href=\"https:\/\/www.litoralpress.cl\/paginaconsultas\/Servicios_NClip\/Get_Imagen_Nota.aspx?LPKey=UXHDZBY24YD6MX2CNU3K2TPMRMUIFNEC5PANY7YLJHF2D6XYAIFWTWXIRDW647J7TPGS3ZJGLPJEI\" target=\"_blank\" rel=\"noopener\">Acad\u00e9mico de la EAN UdeC expuso ante comisi\u00f3n de la Convenci\u00f3n Constituyente. Se menciona a la UTalca.<\/a><\/p>\t\t\t\t\t\t<\/div>\n\t\t\t\t<\/div>\n\t\t\t\t\t<\/div>\n\t\t<\/div>\n\t\t\t\t\t\t\t<\/div>\n\t\t<\/section>\n\t\t\t\t\t\t<\/div>\n\t\t\t\t\t<\/div>\n\t\t","protected":false},"excerpt":{"rendered":"<p>CANAL CONTIVISI\u00d3N Rector de la Universidad de Talca se reuni\u00f3 con el ministro Moreno por plan de gesti\u00f3n h\u00eddrica agr\u00edcola en el Maule. \u00a0 LA PRENSA Ministro de Obras P\u00fablicas, Alfredo Moreno, tras visitar regi\u00f3n del Maule: &#8220;Hemos presentado por primera vez en el pa\u00eds y en esta regi\u00f3n un plan estrat\u00e9gico de recursos h\u00eddricos&#8221;. &hellip;<\/p>\n<p class=\"read-more\"> <a class=\"\" href=\"https:\/\/www.reportedeprensa.utalca.cl\/?p=1329\"> <span class=\"screen-reader-text\">30 de agosto de 2021<\/span> Read More &raquo;<\/a><\/p>\n","protected":false},"author":1,"featured_media":0,"comment_status":"closed","ping_status":"open","sticky":false,"template":"elementor_theme","format":"standard","meta":{"_monsterinsights_skip_tracking":false,"_monsterinsights_sitenote_active":false,"_monsterinsights_sitenote_note":"","_monsterinsights_sitenote_category":0},"categories":[11],"tags":[],"_links":{"self":[{"href":"https:\/\/www.reportedeprensa.utalca.cl\/index.php?rest_route=\/wp\/v2\/posts\/1329"}],"collection":[{"href":"https:\/\/www.reportedeprensa.utalca.cl\/index.php?rest_route=\/wp\/v2\/posts"}],"about":[{"href":"https:\/\/www.reportedeprensa.utalca.cl\/index.php?rest_route=\/wp\/v2\/types\/post"}],"author":[{"embeddable":true,"href":"https:\/\/www.reportedeprensa.utalca.cl\/index.php?rest_route=\/wp\/v2\/users\/1"}],"replies":[{"embeddable":true,"href":"https:\/\/www.reportedeprensa.utalca.cl\/index.php?rest_route=%2Fwp%2Fv2%2Fcomments&post=1329"}],"version-history":[{"count":5,"href":"https:\/\/www.reportedeprensa.utalca.cl\/index.php?rest_route=\/wp\/v2\/posts\/1329\/revisions"}],"predecessor-version":[{"id":1803,"href":"https:\/\/www.reportedeprensa.utalca.cl\/index.php?rest_route=\/wp\/v2\/posts\/1329\/revisions\/1803"}],"wp:attachment":[{"href":"https:\/\/www.reportedeprensa.utalca.cl\/index.php?rest_route=%2Fwp%2Fv2%2Fmedia&parent=1329"}],"wp:term":[{"taxonomy":"category","embeddable":true,"href":"https:\/\/www.reportedeprensa.utalca.cl\/index.php?rest_route=%2Fwp%2Fv2%2Fcategories&post=1329"},{"taxonomy":"post_tag","embeddable":true,"href":"https:\/\/www.reportedeprensa.utalca.cl\/index.php?rest_route=%2Fwp%2Fv2%2Ftags&post=1329"}],"curies":[{"name":"wp","href":"https:\/\/api.w.org\/{rel}","templated":true}]}}