{"id":13370,"date":"2026-03-09T15:05:15","date_gmt":"2026-03-09T18:05:15","guid":{"rendered":"https:\/\/www.reportedeprensa.utalca.cl\/?p=13370"},"modified":"2026-03-09T15:07:51","modified_gmt":"2026-03-09T18:07:51","slug":"09-de-marzo-2026","status":"publish","type":"post","link":"https:\/\/www.reportedeprensa.utalca.cl\/?p=13370","title":{"rendered":"09 de marzo 2026"},"content":{"rendered":"\t\t<div data-elementor-type=\"wp-post\" data-elementor-id=\"13370\" class=\"elementor elementor-13370\" data-elementor-settings=\"[]\">\n\t\t\t\t\t\t\t<div class=\"elementor-section-wrap\">\n\t\t\t\t\t\t\t<section class=\"elementor-section elementor-top-section elementor-element elementor-element-bcea1a8 elementor-section-boxed elementor-section-height-default elementor-section-height-default\" data-id=\"bcea1a8\" data-element_type=\"section\">\n\t\t\t\t\t\t<div class=\"elementor-container elementor-column-gap-default\">\n\t\t\t\t\t<div class=\"elementor-column elementor-col-100 elementor-top-column elementor-element elementor-element-e7183bf\" data-id=\"e7183bf\" data-element_type=\"column\">\n\t\t\t<div class=\"elementor-widget-wrap elementor-element-populated\">\n\t\t\t\t\t\t\t\t<div class=\"elementor-element elementor-element-133672f elementor-widget elementor-widget-text-editor\" data-id=\"133672f\" data-element_type=\"widget\" data-widget_type=\"text-editor.default\">\n\t\t\t\t<div class=\"elementor-widget-container\">\n\t\t\t\t\t\t\t\t<div><b data-olk-copy-source=\"MessageBody\">EL MERCURIO<\/b>\u00a0<br \/><a id=\"OWA42660b9a-e9b1-3ca3-6187-c9cb62aa604f\" title=\"https:\/\/www.litoralpress.cl\/sitio\/Prensa_Detalles.cshtml?LPKey=HG7ZMX7Y6H6SY2ROLD2N2MJ4UWZYG5GWZV5OKWHUENL7LZ\" href=\"https:\/\/www.litoralpress.cl\/sitio\/Prensa_Detalles.cshtml?LPKey=HG7ZMX7Y6H6SY2ROLD2N2MJ4UWZYG5GWZV5OKWHUENL7LZ\" target=\"_blank\" rel=\"noopener noreferrer\" data-auth=\"NotApplicable\" data-linkindex=\"0\">LA FUERZA Y RUPTURA pioneras en Chile de las artistas. Se menciona la Universidad de Talca.\u00a0<\/a>\u00a0<\/div><div>\u00a0<\/div><div><b>EL MOSTRADOR<\/b>\u00a0<br \/><a id=\"OWA3e7dd02b-a3a4-7bd9-7b77-1b53707e2fbf\" title=\"https:\/\/www.elmostrador.cl\/braga\/2026\/03\/08\/8m-entre-avances-y-retrocesos-el-momento-que-viven-los-derechos-de-las-mujeres-en-chile-y-el-mundo\/\" href=\"https:\/\/www.elmostrador.cl\/braga\/2026\/03\/08\/8m-entre-avances-y-retrocesos-el-momento-que-viven-los-derechos-de-las-mujeres-en-chile-y-el-mundo\/\" target=\"_blank\" rel=\"noopener noreferrer\" data-auth=\"NotApplicable\" data-linkindex=\"1\">8M entre avances y retrocesos: el momento que viven los derechos de las mujeres en Chile y el mundo. Se refiere Andrea Bentancor, acad\u00e9mica de la Facultad de Econom\u00eda y Negocios.<\/a>\u00a0<\/div><div>\u00a0<\/div><div><b>CANAL 13 TELETRECE<\/b>\u00a0<br \/><a id=\"OWA0551f5d0-62ae-0507-83b7-fe07fd07e255\" title=\"https:\/\/www.t13.cl\/noticia\/tendencias\/ser-mujer-chile-aun-significa-ganar-menos-somos-pais-brecha-salarial-mas-alta-r-7-3-2026\" href=\"https:\/\/www.t13.cl\/noticia\/tendencias\/ser-mujer-chile-aun-significa-ganar-menos-somos-pais-brecha-salarial-mas-alta-r-7-3-2026\" target=\"_blank\" rel=\"noopener noreferrer\" data-auth=\"NotApplicable\" data-linkindex=\"2\">Ser mujer en Chile a\u00fan significa ganar menos: somos el pa\u00eds con la brecha salarial m\u00e1s alta de la regi\u00f3n. Se refiere Andrea Bentancor, acad\u00e9mica de la Facultad de Econom\u00eda y Negocios.<\/a>\u00a0<\/div><div>\u00a0<\/div><div><b>RADIO NOST\u00c1LGICA<\/b>\u00a0<br \/><a id=\"OWA113f6d7f-47e4-ec5f-8c23-f6aee416a4cc\" title=\"https:\/\/www.elinformadorchile.cl\/2026\/03\/07\/noticias-chile-ser-mujer-en-chile-todavia-implica-recibir-un-salario-menor-somos-la-nacion-con-la-mayor-diferencia-salarial-de-la-region\/\" href=\"https:\/\/www.elinformadorchile.cl\/2026\/03\/07\/noticias-chile-ser-mujer-en-chile-todavia-implica-recibir-un-salario-menor-somos-la-nacion-con-la-mayor-diferencia-salarial-de-la-region\/\" target=\"_blank\" rel=\"noopener noreferrer\" data-auth=\"NotApplicable\" data-linkindex=\"3\">Ser mujer en Chile a\u00fan significa ganar menos: somos el pa\u00eds con la brecha salarial m\u00e1s alta de la regi\u00f3n. Se refiere Andrea Bentancor, acad\u00e9mica de la Facultad de Econom\u00eda y negocios<\/a>\u00a0<\/div><div>\u00a0<\/div><div><b>MSN CHILE<\/b>\u00a0<br \/><a id=\"OWA1dcc9b10-4964-0cbe-59b5-4aa8fe565708\" title=\"https:\/\/www.msn.com\/es-cl\/noticias\/other\/8m-entre-avances-y-retrocesos-el-momento-que-viven-los-derechos-de-las-mujeres-en-chile\/ar-AA1XK1HT\" href=\"https:\/\/www.msn.com\/es-cl\/noticias\/other\/8m-entre-avances-y-retrocesos-el-momento-que-viven-los-derechos-de-las-mujeres-en-chile\/ar-AA1XK1HT\" target=\"_blank\" rel=\"noopener noreferrer\" data-auth=\"NotApplicable\" data-linkindex=\"4\">8M entre avances y retrocesos: el momento que viven los derechos de las mujeres en Chile y el mundo. Se refiere Andrea Bentancor, acad\u00e9mica de la Facultad de Econom\u00eda y Negocios.<\/a>\u00a0<\/div><div>\u00a0<\/div><div><b>G5 NOTICIAS<\/b>\u00a0<br \/><a id=\"OWA121b9a4e-3d6c-d9d2-a978-8d334f076126\" title=\"https:\/\/g5noticias.cl\/2026\/03\/06\/iniciativas-buscan-acelerar-cambios-en-materia-de-brecha-salarial-de-genero\/\" href=\"https:\/\/g5noticias.cl\/2026\/03\/06\/iniciativas-buscan-acelerar-cambios-en-materia-de-brecha-salarial-de-genero\/\" target=\"_blank\" rel=\"noopener noreferrer\" data-auth=\"NotApplicable\" data-linkindex=\"5\">Iniciativas buscan acelerar cambios en materia de brecha salarial de g\u00e9nero. Se refiere Andrea Bentancor, acad\u00e9mica de la Facultad de Econom\u00eda y negocios.<\/a>\u00a0\u00a0<\/div><div>\u00a0<\/div><div><b>EL INFORMADOR CHILE<\/b>\u00a0<br \/><a id=\"OWAf0df2a98-fbb9-2dc1-030e-98744aa0600e\" title=\"https:\/\/www.elinformadorchile.cl\/2026\/03\/07\/noticias-chile-ser-mujer-en-chile-todavia-implica-recibir-un-salario-menor-somos-la-nacion-con-la-mayor-diferencia-salarial-de-la-region\/\" href=\"https:\/\/www.elinformadorchile.cl\/2026\/03\/07\/noticias-chile-ser-mujer-en-chile-todavia-implica-recibir-un-salario-menor-somos-la-nacion-con-la-mayor-diferencia-salarial-de-la-region\/\" target=\"_blank\" rel=\"noopener noreferrer\" data-auth=\"NotApplicable\" data-linkindex=\"6\">Ser mujer en Chile todav\u00eda implica recibir un salario menor: somos la naci\u00f3n con la mayor diferencia salarial de la regi\u00f3n. Se refiere Andrea Bentancor, acad\u00e9mica de la Facultad de Econom\u00eda y negocios<\/a>\u00a0<\/div><div>\u00a0<\/div><div><b>EL LECTOR<\/b>\u00a0<br \/><a id=\"OWA7348ad4d-afc5-6ba2-7839-646914a61321\" title=\"https:\/\/www.litoralpress.cl\/sitio\/Prensa_Detalles.cshtml?LPKey=SFKS2CXXVCPQMAS3WNGXBJXMUE3PGULLYAB5Z2AGLAGQDLJBBHVA\" href=\"https:\/\/www.litoralpress.cl\/sitio\/Prensa_Detalles.cshtml?LPKey=SFKS2CXXVCPQMAS3WNGXBJXMUE3PGULLYAB5Z2AGLAGQDLJBBHVA\" target=\"_blank\" rel=\"noopener noreferrer\" data-auth=\"NotApplicable\" data-linkindex=\"7\">UTalca destaca a nivel nacional con alta adjudicaci\u00f3n de becas de doctorado. Se refiere Paula Manr\u00edquez, vicerrectora de Formaci\u00f3n y Sergio\u00a0Wehinger, director de Postgrado.\u00a0<\/a>\u00a0<\/div><div>\u00a0<\/div><div><b>TIERRA AMARILLANO<\/b>\u00a0<br \/><a id=\"OWA17030ee7-0e0c-8b8c-b201-61af5569d33a\" title=\"https:\/\/tierramarillano.cl\/2026\/03\/08\/utalca-destaca-a-nivel-nacional-con-alta-adjudicacion-de-becas-de-doctorado\/\" href=\"https:\/\/tierramarillano.cl\/2026\/03\/08\/utalca-destaca-a-nivel-nacional-con-alta-adjudicacion-de-becas-de-doctorado\/\" target=\"_blank\" rel=\"noopener noreferrer\" data-auth=\"NotApplicable\" data-linkindex=\"8\">UTalca destaca a nivel nacional con alta adjudicaci\u00f3n de becas de doctorado.\u00a0Se refiere Paula Manr\u00edquez, vicerrectora de Formaci\u00f3n y Sergio\u00a0Wehinger, director de Postgrado.<\/a>\u00a0<\/div><div>\u00a0<\/div><div><b>AD PRENSA<\/b>\u00a0<br \/><a id=\"OWAec8cb828-b736-55d6-f3ed-abb6ca05cd2b\" title=\"https:\/\/www.adprensa.cl\/cronica\/utalca-destaca-a-nivel-nacional-con-alta-adjudicacion-de-becas-de-doctorado\/\" href=\"https:\/\/www.adprensa.cl\/cronica\/utalca-destaca-a-nivel-nacional-con-alta-adjudicacion-de-becas-de-doctorado\/\" target=\"_blank\" rel=\"noopener noreferrer\" data-auth=\"NotApplicable\" data-linkindex=\"9\">UTalca destaca a nivel nacional con alta adjudicaci\u00f3n de becas de doctorado. Se refiere Paula Manr\u00edquez, vicerrectora de Formaci\u00f3n y Sergio Wehinger, director de Postgrado.<\/a>\u00a0<\/div><div>\u00a0<\/div><div><b>TVN\u00a0<br \/><\/b><a id=\"OWAc38adff3-e644-44ab-fa5c-e1b0990dec6b\" title=\"https:\/\/www.tvn.cl\/noticias\/tendencias\/gripe-aviar-en-chile-existe-contagio-humanos\" href=\"https:\/\/www.tvn.cl\/noticias\/tendencias\/gripe-aviar-en-chile-existe-contagio-humanos\" target=\"_blank\" rel=\"noopener noreferrer\" data-auth=\"NotApplicable\" data-linkindex=\"10\">Nuevos casos de Gripe aviar en Chile: \u00bfExiste riesgo de contagio en humanos?\u00a0Se refiere \u00c9rika Retamal, directora del Departamento de Salud P\u00fablica.<\/a><\/div><div>\u00a0<\/div><div><b>DIARIO TALCA<\/b>\u00a0<br \/><a id=\"OWA25dd0880-541f-d13c-b6c5-998ac0fedb14\" title=\"https:\/\/diariotalca.cl\/comenzo-campana-de-vacunacion-2026-sepa-quienes-deben-inocularse\/\" href=\"https:\/\/diariotalca.cl\/comenzo-campana-de-vacunacion-2026-sepa-quienes-deben-inocularse\/\" target=\"_blank\" rel=\"noopener noreferrer\" data-auth=\"NotApplicable\" data-linkindex=\"11\">Comenz\u00f3 campa\u00f1a de vacunaci\u00f3n 2026: sepa qui\u00e9nes deben inocularse.\u00a0Se refiere \u00c9rika Retamal,\u00a0directora del Departamento de Salud P\u00fablica.<\/a>\u00a0<\/div><div>\u00a0<\/div><div><b>EL LECTOR<\/b>\u00a0<br \/><a id=\"OWA7a7a2d25-adc5-4a16-343c-b1a8c9d5be7c\" title=\"https:\/\/www.litoralpress.cl\/paginaconsultas\/Servicios_NClipWeb\/Get_Imagen_Nota.aspx?LPKey=3VOC5U3EILF63EC4JRVB5VBU7AZSWCL65YV6G2HES6CZWM3ZXH4GMNEOQGEUJM2CS5PBKRWOVSOKY\" href=\"https:\/\/www.litoralpress.cl\/paginaconsultas\/Servicios_NClipWeb\/Get_Imagen_Nota.aspx?LPKey=3VOC5U3EILF63EC4JRVB5VBU7AZSWCL65YV6G2HES6CZWM3ZXH4GMNEOQGEUJM2CS5PBKRWOVSOKY\" target=\"_blank\" rel=\"noopener noreferrer\" data-auth=\"NotApplicable\" data-linkindex=\"12\">Nuevos casos de Gripe aviar en Chile: \u00bfExiste riesgo de contagio en humanos?\u00a0Se refiere \u00c9rika Retamal, directora del Departamento de Salud P\u00fablica.<\/a>\u00a0<\/div><div>\u00a0<\/div><div><b>DIARIO TALCA<\/b>\u00a0<br \/><a id=\"OWAa1d51fb4-260a-8ebc-5ac5-90feaad89fb5\" title=\"https:\/\/diariotalca.cl\/nuevos-casos-de-gripe-aviar-en-chile-existe-riesgo-de-contagio-en-humanos\/\" href=\"https:\/\/diariotalca.cl\/nuevos-casos-de-gripe-aviar-en-chile-existe-riesgo-de-contagio-en-humanos\/\" target=\"_blank\" rel=\"noopener noreferrer\" data-auth=\"NotApplicable\" data-linkindex=\"13\">Nuevos casos de Gripe aviar en Chile: \u00bfExiste riesgo de contagio en humanos? Se refiere \u00c9rika Retamal, directora del Departamento de Salud P\u00fablica.<\/a>\u00a0<\/div><div>\u00a0<\/div><div><b>G5 NOTICIAS<\/b>\u00a0<br \/><a id=\"OWA9d305390-3aa9-9beb-1d33-127acff45489\" title=\"https:\/\/g5noticias.cl\/2026\/03\/07\/nuevos-casos-de-gripe-aviar-en-chile-existe-riesgo-de-contagio-en-humanos\/\" href=\"https:\/\/g5noticias.cl\/2026\/03\/07\/nuevos-casos-de-gripe-aviar-en-chile-existe-riesgo-de-contagio-en-humanos\/\" target=\"_blank\" rel=\"noopener noreferrer\" data-auth=\"NotApplicable\" data-linkindex=\"14\">Nuevos casos de Gripe aviar en Chile: \u00bfExiste riesgo de contagio en humanos? Se refiere \u00c9rika Retamal, directora del Departamento de Salud P\u00fablica.<\/a>\u00a0<\/div><div>\u00a0<\/div><div><b>RADIO LAUTARO<\/b>\u00a0<br \/><a id=\"OWA2a0e3b80-a751-018c-a6a7-44456b6306da\" title=\"https:\/\/radiolautarotalca.cl\/nuevos-casos-de-gripe-aviar-en-chile-existe-riesgo-de-contagio-en-humanos-la-reciente-llegada-de-la-influenza-h5n1-en-aves-silvestres-en-valparaiso\/\" href=\"https:\/\/radiolautarotalca.cl\/nuevos-casos-de-gripe-aviar-en-chile-existe-riesgo-de-contagio-en-humanos-la-reciente-llegada-de-la-influenza-h5n1-en-aves-silvestres-en-valparaiso\/\" target=\"_blank\" rel=\"noopener noreferrer\" data-auth=\"NotApplicable\" data-linkindex=\"15\">Nuevos casos de Gripe aviar en Chile: \u00bfExiste riesgo de contagio en humanos? La reciente llegada de la influenza H5N1 en aves silvestres en Valpara\u00edso. Se refiere \u00c9rika Retamal, directora del Departamento de Salud P\u00fablica.<\/a>\u00a0<\/div><div>\u00a0<\/div><div><b>EL MARTUTINO<\/b>\u00a0<br \/><a id=\"OWAaf3ba223-d792-ef5b-844c-6286b318366b\" title=\"https:\/\/www.elmartutino.cl\/noticia\/salud\/chile-adelanta-campana-de-vacunacion-contra-influenza-y-covid-19-quienes-deben-inocula\" href=\"https:\/\/www.elmartutino.cl\/noticia\/salud\/chile-adelanta-campana-de-vacunacion-contra-influenza-y-covid-19-quienes-deben-inocula\" target=\"_blank\" rel=\"noopener noreferrer\" data-auth=\"NotApplicable\" data-linkindex=\"16\">Chile adelanta campa\u00f1a de vacunaci\u00f3n contra influenza y Covid-19: Qui\u00e9nes deben inocularse. Se refiere \u00c9rika Retamal,\u00a0directora del Departamento de Salud P\u00fablica.<\/a>\u00a0<\/div><div>\u00a0<\/div><div><b>EL HERALDO<\/b>\u00a0<br \/><a id=\"OWA55c4fddd-be03-75d6-1146-4672a7d5258d\" title=\"https:\/\/www.litoralpress.cl\/paginaconsultas\/Servicios_NClipWeb\/Get_Imagen_Nota.aspx?LPKey=BEMIWUZIIOT52PQD5XW5O5LK5HN37H3GNBM4Z3KYT4U6R4V2GHYAPX5QL7HFA2Q4V364DFFFRMQUI\" href=\"https:\/\/www.litoralpress.cl\/paginaconsultas\/Servicios_NClipWeb\/Get_Imagen_Nota.aspx?LPKey=BEMIWUZIIOT52PQD5XW5O5LK5HN37H3GNBM4Z3KYT4U6R4V2GHYAPX5QL7HFA2Q4V364DFFFRMQUI\" target=\"_blank\" rel=\"noopener noreferrer\" data-auth=\"NotApplicable\" data-linkindex=\"17\">Iniciativas buscan acelerar cambios en materia de brecha salarial de g\u00e9nero.\u00a0Se refiere Andrea Bentancor, acad\u00e9mica de la Facultad de Econom\u00eda y negocios.<\/a>\u00a0\u00a0<\/div><div>\u00a0<\/div><div><b>EL LECTOR<\/b>\u00a0<br \/><a id=\"OWAee7e2b90-04c3-53f1-bd9a-349b8be30edd\" title=\"https:\/\/www.litoralpress.cl\/paginaconsultas\/Servicios_NClipWeb\/Get_Imagen_Nota.aspx?LPKey=7LWNSLQ56GZ6BYKWOPJR3AN3IHTYWYADNXAGXFPM4ZMPA5IP6OYTOKSJFSW7X2OFYG5HTMMVVSFUO\" href=\"https:\/\/www.litoralpress.cl\/paginaconsultas\/Servicios_NClipWeb\/Get_Imagen_Nota.aspx?LPKey=7LWNSLQ56GZ6BYKWOPJR3AN3IHTYWYADNXAGXFPM4ZMPA5IP6OYTOKSJFSW7X2OFYG5HTMMVVSFUO\" target=\"_blank\" rel=\"noopener noreferrer\" data-auth=\"NotApplicable\" data-linkindex=\"18\">Iniciativas buscan acelerar cambios en materia de brecha salarial de g\u00e9nero.\u00a0Se refiere Andrea Bentancor, acad\u00e9mica de la Facultad de Econom\u00eda y negocios.<\/a>\u00a0\u00a0<\/div><div>\u00a0<\/div><div><b>DIARIO EL HERALDO<\/b>\u00a0<br \/><a id=\"OWA7c9b9331-d54c-9e66-d49e-c3f778744530\" title=\"https:\/\/www.diarioelheraldo.cl\/noticia\/iniciativas-buscan-acelerar-cambios-en-materia-de-brecha-salarial-de-genero\" href=\"https:\/\/www.diarioelheraldo.cl\/noticia\/iniciativas-buscan-acelerar-cambios-en-materia-de-brecha-salarial-de-genero\" target=\"_blank\" rel=\"noopener noreferrer\" data-auth=\"NotApplicable\" data-linkindex=\"19\">Iniciativas buscan acelerar cambios en materia de brecha salarial de g\u00e9nero. Se refiere Andrea Bentancor, acad\u00e9mica de la Facultad de Econom\u00eda y negocios.<\/a>\u00a0<\/div><div>\u00a0<\/div><div><b>AD PRENSA<\/b>\u00a0<br \/><a id=\"OWA2bb5c316-d7ae-d254-a860-e67a0bd382bc\" title=\"https:\/\/www.adprensa.cl\/cronica\/iniciativas-buscan-acelerar-cambios-en-materia-de-brecha-salarial-de-genero\/\" href=\"https:\/\/www.adprensa.cl\/cronica\/iniciativas-buscan-acelerar-cambios-en-materia-de-brecha-salarial-de-genero\/\" target=\"_blank\" rel=\"noopener noreferrer\" data-auth=\"NotApplicable\" data-linkindex=\"20\">Iniciativas buscan acelerar cambios en materia de brecha salarial de g\u00e9nero. Se refiere Andrea Bentancor, acad\u00e9mica de la Facultad de Econom\u00eda y negocios.<\/a>\u00a0<\/div><div>\u00a0<\/div><div><b>EL MAULE INFORMA<\/b>\u00a0<br \/><a id=\"OWAc3d97176-26ff-3f64-a27b-2b540cc5f6bd\" title=\"https:\/\/elmauleinforma.cl\/iniciativas-buscan-acelerar-cambios-en-materia-de-brecha-salarial-de-genero\/\" href=\"https:\/\/elmauleinforma.cl\/iniciativas-buscan-acelerar-cambios-en-materia-de-brecha-salarial-de-genero\/\" target=\"_blank\" rel=\"noopener noreferrer\" data-auth=\"NotApplicable\" data-linkindex=\"21\">Iniciativas buscan acelerar cambios en materia de brecha salarial de g\u00e9nero. Se refiere Andrea Bentancor, acad\u00e9mica de la Facultad de Econom\u00eda y negocios.<\/a>\u00a0<\/div><div aria-hidden=\"true\">\u00a0<\/div><div aria-hidden=\"true\">\u00a0<\/div><div><b>DIARIO EL CENTRO<\/b>\u00a0<br \/><a id=\"OWA87321e35-0a13-4b84-2464-98809584fd60\" title=\"https:\/\/www.diarioelcentro.cl\/2026\/03\/06\/resistencia-a-antibioticos-preocupa-a-investigadores-en-chile-mal-uso-impulsaria-crisis-sanitaria-global\/\" href=\"https:\/\/www.diarioelcentro.cl\/2026\/03\/06\/resistencia-a-antibioticos-preocupa-a-investigadores-en-chile-mal-uso-impulsaria-crisis-sanitaria-global\/\" target=\"_blank\" rel=\"noopener noreferrer\" data-auth=\"NotApplicable\" data-linkindex=\"22\">Resistencia a antibi\u00f3ticos preocupa a investigadores en Chile: mal uso impulsar\u00eda crisis sanitaria global. Se refiere Esteban Dur\u00e1n Lara, acad\u00e9mico de la Facultad de Ciencias de la Salud.<\/a>\u202f\u00a0<\/div><div>\u00a0<\/div><div><b>EL MAULE INFORMA<\/b>\u00a0<br \/><a id=\"OWA87227994-7541-2adb-1897-84ca66832741\" title=\"https:\/\/elmauleinforma.cl\/el-maule-se-prepara-para-fortalecer-su-salud-gobierno-del-maule-impulsa-hospitales-que-permitiran-sumar-mas-especialistas\/\" href=\"https:\/\/elmauleinforma.cl\/el-maule-se-prepara-para-fortalecer-su-salud-gobierno-del-maule-impulsa-hospitales-que-permitiran-sumar-mas-especialistas\/\" target=\"_blank\" rel=\"noopener noreferrer\" data-auth=\"NotApplicable\" data-linkindex=\"23\">Instituciones de Educaci\u00f3n Superior se proyectan como actores clave para fortalecer la red hospitalaria del Maule. Se refiere Nelson Brown, director de la Escuela de Medicina.<\/a>\u00a0<\/div><div>\u00a0<\/div><div><b>LINARES EN L\u00cdNEA<\/b>\u00a0<br \/><a id=\"OWA6ed3c1eb-452f-60f1-4ecb-af3f4aaa778b\" title=\"https:\/\/www.linaresenlinea.cl\/2026\/03\/07\/nuevos-hospitales-del-maule-impulsan-alianza-con-universidades-para-formar-profesionales-de-la-salud\/\" href=\"https:\/\/www.linaresenlinea.cl\/2026\/03\/07\/nuevos-hospitales-del-maule-impulsan-alianza-con-universidades-para-formar-profesionales-de-la-salud\/\" target=\"_blank\" rel=\"noopener noreferrer\" data-auth=\"NotApplicable\" data-linkindex=\"24\">Nuevos hospitales del Maule impulsan alianza con universidades para formar profesionales de la salud. Se refiere Nelson Brown, director de la Escuela de Medicina.<\/a>\u00a0<\/div><div>\u00a0<\/div><div aria-hidden=\"true\">\u00a0<\/div><div><b>RADIO ALLEN<\/b>\u00a0<br \/><a id=\"OWA63eb0878-1864-69c9-ccc3-a20d3f1eace1\" title=\"https:\/\/radioallen.cl\/educacion-universidad-de-talca-amplia-su-oferta-de-diplomados-para-2026\/\" href=\"https:\/\/radioallen.cl\/educacion-universidad-de-talca-amplia-su-oferta-de-diplomados-para-2026\/\" target=\"_blank\" rel=\"noopener noreferrer\" data-auth=\"NotApplicable\" data-linkindex=\"25\">Educaci\u00f3n: Universidad de Talca ampl\u00eda su oferta de diplomados para 2026. Se refiere Paula Manr\u00edquez, vicerrectora de Formaci\u00f3n.\u00a0<\/a>\u00a0<\/div><div>\u00a0<\/div><div><b>MEGANOTICIAS<\/b>\u00a0<br \/><a id=\"OWA947dd657-621f-60e4-0a05-e68e447d6269\" title=\"https:\/\/www.litoralpress.cl\/sitio\/RadioTV_Detalles.cshtml?LPKey=ORYGETPWCZ6FTVH6KMJMMDBEAJ3Q3NXRH4CE6CZAY73PM5AQC3HTFIQDDYKRGI3QVYR5NFX2SGCIQ\" href=\"https:\/\/www.litoralpress.cl\/sitio\/RadioTV_Detalles.cshtml?LPKey=ORYGETPWCZ6FTVH6KMJMMDBEAJ3Q3NXRH4CE6CZAY73PM5AQC3HTFIQDDYKRGI3QVYR5NFX2SGCIQ\" target=\"_blank\" rel=\"noopener noreferrer\" data-auth=\"NotApplicable\" data-linkindex=\"26\">Cuenta regresiva para el cambio de mando. Se refiere Mauricio Morales Quiroga, director del Centro de An\u00e1lisis Pol\u00edtico (CAP-UTalca)<\/a>\u00a0<\/div><div aria-hidden=\"true\">\u00a0<\/div><div><b>RADIO INFINITA<\/b>\u00a0<br \/><a id=\"OWAa74b9e04-31f6-b16b-efff-5932ef35a807\" title=\"https:\/\/www.litoralpress.cl\/sitio\/RadioTV_Detalles.cshtml?LPKey=XKZIJ3WL2R73ZXAJCQKQ4IYKHC3WNF2TIODDCSCK6XCTMKP57KUXX74OOTZH6CNXKSKWO7BDP6RQO\" href=\"https:\/\/www.litoralpress.cl\/sitio\/RadioTV_Detalles.cshtml?LPKey=XKZIJ3WL2R73ZXAJCQKQ4IYKHC3WNF2TIODDCSCK6XCTMKP57KUXX74OOTZH6CNXKSKWO7BDP6RQO\" target=\"_blank\" rel=\"noopener noreferrer\" data-auth=\"NotApplicable\" data-linkindex=\"27\">Entrevista: Mauricio Morales\u00a0Quiroga, director del Centro de An\u00e1lisis Pol\u00edtico (CAP-UTalca)<\/a>\u00a0<\/div><div aria-hidden=\"true\">\u00a0<\/div><div><b>DIARIO DE LA ARAUCAN\u00cdA<\/b>\u00a0<br \/><a id=\"OWAc36cd370-7eec-234a-31ab-94b5db43b395\" title=\"https:\/\/www.eldiariodelaaraucania.cl\/2026\/03\/05\/futuros-docentes-ia-cruch\/\" href=\"https:\/\/www.eldiariodelaaraucania.cl\/2026\/03\/05\/futuros-docentes-ia-cruch\/\" target=\"_blank\" rel=\"noopener noreferrer\" data-auth=\"NotApplicable\" data-linkindex=\"28\">Inicia \u201cFuturos docentes en IA\u201d: alianza p\u00fablico-privada para integrar la inteligencia artificial en carreras de pedagog\u00eda<\/a>\u00a0<\/div><div>\u00a0<\/div><div><b>EL REPORTERO DE IQUIQUE<\/b>\u00a0<br \/><a id=\"OWA050de5db-0058-b0b4-9c3c-00b9ef659b56\" title=\"https:\/\/elreporterodeiquique.com\/inicia-futuros-docentes-en-ia-alianza-publico-privada-para-integrar-la-inteligencia-artificial-en-carreras-de-pedagogia\/\" href=\"https:\/\/elreporterodeiquique.com\/inicia-futuros-docentes-en-ia-alianza-publico-privada-para-integrar-la-inteligencia-artificial-en-carreras-de-pedagogia\/\" target=\"_blank\" rel=\"noopener noreferrer\" data-auth=\"NotApplicable\" data-linkindex=\"29\">Inicia \u201cFuturos docentes en IA\u201d: alianza p\u00fablico-privada para integrar la inteligencia artificial en carreras de pedagog\u00eda. Se menciona la Universidad de Talca.<\/a>\u00a0\u00a0<\/div><div>\u00a0<\/div><div><b>APOCALIPSIS FM<\/b>\u00a0<br \/><a id=\"OWA21e3d4dc-fc42-ed77-60aa-2ea62de60012\" title=\"https:\/\/www.apocalipsisfm.cl\/2026\/03\/06\/inicia-futuros-docentes-en-ia-alianza-publico-privada-para-integrar-la-inteligencia-artificial-en-carreras-de-pedagogia\/\" href=\"https:\/\/www.apocalipsisfm.cl\/2026\/03\/06\/inicia-futuros-docentes-en-ia-alianza-publico-privada-para-integrar-la-inteligencia-artificial-en-carreras-de-pedagogia\/\" target=\"_blank\" rel=\"noopener noreferrer\" data-auth=\"NotApplicable\" data-linkindex=\"30\">Inicia \u201cFuturos docentes en IA\u201d: alianza p\u00fablico-privada para integrar la inteligencia artificial en carreras de pedagog\u00eda. Se menciona la Universidad de\u00a0Talca.<\/a>\u00a0<\/div><div>\u00a0<\/div><div><b>MAULE HOY<\/b>\u00a0<br \/><a id=\"OWA3a866c56-03c4-c137-59f1-a6a04f38578f\" title=\"https:\/\/www.litoralpress.cl\/paginaconsultas\/Servicios_NClipWeb\/Get_Imagen_Nota.aspx?LPKey=2V5TO5NLN2G5IYRC4VETNNYKGAMDTOWQSLCZ4TXF34EWUWLPHPOHGJMJQ2XDPDFZWMIIAAPTNQ3GY\" href=\"https:\/\/www.litoralpress.cl\/paginaconsultas\/Servicios_NClipWeb\/Get_Imagen_Nota.aspx?LPKey=2V5TO5NLN2G5IYRC4VETNNYKGAMDTOWQSLCZ4TXF34EWUWLPHPOHGJMJQ2XDPDFZWMIIAAPTNQ3GY\" target=\"_blank\" rel=\"noopener noreferrer\" data-auth=\"NotApplicable\" data-linkindex=\"31\">Joven\u00a0ex-estudiante\u00a0del Liceo Polit\u00e9cnico de Cauquenes ingresa a medicina en la Universidad de Talca. Se menciona la Universidad de Talca.<\/a>\u00a0<\/div><div>\u00a0<\/div><div><b>RADIO AGRICULTURA<\/b>\u00a0<br \/><a id=\"OWA4285ca61-757d-1b86-d31e-71222ea0e32b\" title=\"https:\/\/www.litoralpress.cl\/sitio\/RadioTV_Detalles.cshtml?LPKey=ZMAMRPISQVR35LFIJXVMGOXT65OGKPMM6GE73LOMF3KT7OOYG4PMLLOGAIHPWAFWC4MZZLGEKQJXG\" href=\"https:\/\/www.litoralpress.cl\/sitio\/RadioTV_Detalles.cshtml?LPKey=ZMAMRPISQVR35LFIJXVMGOXT65OGKPMM6GE73LOMF3KT7OOYG4PMLLOGAIHPWAFWC4MZZLGEKQJXG\" target=\"_blank\" rel=\"noopener noreferrer\" data-auth=\"NotApplicable\" data-linkindex=\"32\">Entrevista a Paula Santib\u00e1\u00f1ez, investigadora del Centro de Agricultura y Medioambiente de la Universidad de Chile. Se menciona la Universidad de Talca.<\/a>\u00a0<\/div><div>\u00a0<\/div><div><b>DIARIO TALCA<\/b>\u00a0<br \/><a id=\"OWA75a3ba89-726b-1244-a7d9-087310dabfb4\" title=\"https:\/\/www.litoralpress.cl\/sitio\/Prensa_Detalles.cshtml?LPKey=DFU4XNUKQ5H6HNKE2JIWROZFZEYR3O6K3JMPW7BAIDBNNUTDDEBA\" href=\"https:\/\/www.litoralpress.cl\/sitio\/Prensa_Detalles.cshtml?LPKey=DFU4XNUKQ5H6HNKE2JIWROZFZEYR3O6K3JMPW7BAIDBNNUTDDEBA\" target=\"_blank\" rel=\"noopener noreferrer\" data-auth=\"NotApplicable\" data-linkindex=\"33\">Talca: Los mitos de su historia y la historia de sus mitos. Se menciona la\u00a0Universidad de\u00a0Talca.\u00a0<\/a>\u00a0<\/div><div aria-hidden=\"true\">\u00a0<\/div>\t\t\t\t\t\t<\/div>\n\t\t\t\t<\/div>\n\t\t\t\t\t<\/div>\n\t\t<\/div>\n\t\t\t\t\t\t\t<\/div>\n\t\t<\/section>\n\t\t\t\t\t\t<\/div>\n\t\t\t\t\t<\/div>\n\t\t","protected":false},"excerpt":{"rendered":"<p>EL MERCURIO\u00a0LA FUERZA Y RUPTURA pioneras en Chile de las artistas. Se menciona la Universidad de Talca.\u00a0\u00a0\u00a0EL MOSTRADOR\u00a08M entre avances y retrocesos: el momento que viven los derechos de las mujeres en Chile y el mundo. Se refiere Andrea Bentancor, acad\u00e9mica de la Facultad de Econom\u00eda y Negocios.\u00a0\u00a0CANAL 13 TELETRECE\u00a0Ser mujer en Chile a\u00fan significa &hellip;<\/p>\n<p class=\"read-more\"> <a class=\"\" href=\"https:\/\/www.reportedeprensa.utalca.cl\/?p=13370\"> <span class=\"screen-reader-text\">09 de marzo 2026<\/span> Read More &raquo;<\/a><\/p>\n","protected":false},"author":1,"featured_media":0,"comment_status":"closed","ping_status":"open","sticky":false,"template":"","format":"standard","meta":{"_monsterinsights_skip_tracking":false,"_monsterinsights_sitenote_active":false,"_monsterinsights_sitenote_note":"","_monsterinsights_sitenote_category":0},"categories":[68],"tags":[],"_links":{"self":[{"href":"https:\/\/www.reportedeprensa.utalca.cl\/index.php?rest_route=\/wp\/v2\/posts\/13370"}],"collection":[{"href":"https:\/\/www.reportedeprensa.utalca.cl\/index.php?rest_route=\/wp\/v2\/posts"}],"about":[{"href":"https:\/\/www.reportedeprensa.utalca.cl\/index.php?rest_route=\/wp\/v2\/types\/post"}],"author":[{"embeddable":true,"href":"https:\/\/www.reportedeprensa.utalca.cl\/index.php?rest_route=\/wp\/v2\/users\/1"}],"replies":[{"embeddable":true,"href":"https:\/\/www.reportedeprensa.utalca.cl\/index.php?rest_route=%2Fwp%2Fv2%2Fcomments&post=13370"}],"version-history":[{"count":4,"href":"https:\/\/www.reportedeprensa.utalca.cl\/index.php?rest_route=\/wp\/v2\/posts\/13370\/revisions"}],"predecessor-version":[{"id":13374,"href":"https:\/\/www.reportedeprensa.utalca.cl\/index.php?rest_route=\/wp\/v2\/posts\/13370\/revisions\/13374"}],"wp:attachment":[{"href":"https:\/\/www.reportedeprensa.utalca.cl\/index.php?rest_route=%2Fwp%2Fv2%2Fmedia&parent=13370"}],"wp:term":[{"taxonomy":"category","embeddable":true,"href":"https:\/\/www.reportedeprensa.utalca.cl\/index.php?rest_route=%2Fwp%2Fv2%2Fcategories&post=13370"},{"taxonomy":"post_tag","embeddable":true,"href":"https:\/\/www.reportedeprensa.utalca.cl\/index.php?rest_route=%2Fwp%2Fv2%2Ftags&post=13370"}],"curies":[{"name":"wp","href":"https:\/\/api.w.org\/{rel}","templated":true}]}}