{"id":13379,"date":"2026-03-10T09:39:54","date_gmt":"2026-03-10T12:39:54","guid":{"rendered":"https:\/\/www.reportedeprensa.utalca.cl\/?p=13379"},"modified":"2026-03-10T09:53:44","modified_gmt":"2026-03-10T12:53:44","slug":"09-de-marzo-2026-2","status":"publish","type":"post","link":"https:\/\/www.reportedeprensa.utalca.cl\/?p=13379","title":{"rendered":"10 de marzo 2026"},"content":{"rendered":"\t\t<div data-elementor-type=\"wp-post\" data-elementor-id=\"13379\" class=\"elementor elementor-13379\" data-elementor-settings=\"[]\">\n\t\t\t\t\t\t\t<div class=\"elementor-section-wrap\">\n\t\t\t\t\t\t\t<section class=\"elementor-section elementor-top-section elementor-element elementor-element-bcea1a8 elementor-section-boxed elementor-section-height-default elementor-section-height-default\" data-id=\"bcea1a8\" data-element_type=\"section\">\n\t\t\t\t\t\t<div class=\"elementor-container elementor-column-gap-default\">\n\t\t\t\t\t<div class=\"elementor-column elementor-col-100 elementor-top-column elementor-element elementor-element-e7183bf\" data-id=\"e7183bf\" data-element_type=\"column\">\n\t\t\t<div class=\"elementor-widget-wrap elementor-element-populated\">\n\t\t\t\t\t\t\t\t<div class=\"elementor-element elementor-element-133672f elementor-widget elementor-widget-text-editor\" data-id=\"133672f\" data-element_type=\"widget\" data-widget_type=\"text-editor.default\">\n\t\t\t\t<div class=\"elementor-widget-container\">\n\t\t\t\t\t\t\t\t<div><b data-olk-copy-source=\"MessageBody\">PORTALEDUCA<\/b>\u00a0<br \/><a id=\"OWA90cae949-cbe6-2573-3d34-34a7c429007d\" title=\"https:\/\/portaleduca.cl\/utalca-destaca-a-nivel-nacional-con-alta-adjudicacion-de-becas-de-doctorado\/\" href=\"https:\/\/portaleduca.cl\/utalca-destaca-a-nivel-nacional-con-alta-adjudicacion-de-becas-de-doctorado\/\" target=\"_blank\" rel=\"noopener noreferrer\" data-auth=\"NotApplicable\" data-linkindex=\"0\">UTalca destaca a nivel nacional con alta adjudicaci\u00f3n de becas de doctorado. Se refiere Paula Manr\u00edquez, vicerrectora de Formaci\u00f3n y Sergio Wehinger, director de Postgrado.<\/a>\u00a0<\/div><div aria-hidden=\"true\">\u00a0<\/div><div><b>RADIO MAULE SUR<\/b>\u00a0<br \/><a id=\"OWAf536a9e6-9c51-a8df-ac6a-5b5c3c5f54a8\" title=\"https:\/\/www.radiomaulesur.cl\/2026\/03\/utalca-destaca-nivel-nacional-con-alta.html\" href=\"https:\/\/www.radiomaulesur.cl\/2026\/03\/utalca-destaca-nivel-nacional-con-alta.html\" target=\"_blank\" rel=\"noopener noreferrer\" data-auth=\"NotApplicable\" data-linkindex=\"1\">UTalca\u00a0destaca a nivel nacional con alta adjudicaci\u00f3n de becas de doctorado. Se refiere Paula Manr\u00edquez, vicerrectora de Formaci\u00f3n y Sergio Wehinger, director de Postgrado.<\/a>\u00a0<\/div><div aria-hidden=\"true\">\u00a0<\/div><div><b>HORA NOTICIAS<\/b>\u00a0<br \/><a id=\"OWA39ea6f8e-bbde-8d3f-5335-20457bdfa658\" title=\"https:\/\/horadenoticias.cl\/politica\/primeros-100-dias-del-nuevo-gobierno-luna-de-miel-o-desafios-politicos\" href=\"https:\/\/horadenoticias.cl\/politica\/primeros-100-dias-del-nuevo-gobierno-luna-de-miel-o-desafios-politicos\" target=\"_blank\" rel=\"noopener noreferrer\" data-auth=\"NotApplicable\" data-linkindex=\"2\">Primeros 100 d\u00edas del nuevo gobierno: \u00bfLuna de miel o desaf\u00edos pol\u00edticos? Se refiere Mario Herrera Mu\u00f1oz, acad\u00e9mico del Centro de An\u00e1lisis Pol\u00edtico (CAP-UTalca).<\/a>\u00a0<\/div><div aria-hidden=\"true\">\u00a0<\/div><div><b>EL MAULE INFORMA<\/b>\u00a0<br \/><a id=\"OWA3987a0e1-b333-0c75-c727-759d02c413d6\" title=\"https:\/\/elmauleinforma.cl\/primeros-100-dias-del-nuevo-gobierno-luna-de-miel-o-desafios-politicos\/\" href=\"https:\/\/elmauleinforma.cl\/primeros-100-dias-del-nuevo-gobierno-luna-de-miel-o-desafios-politicos\/\" target=\"_blank\" rel=\"noopener noreferrer\" data-auth=\"NotApplicable\" data-linkindex=\"3\">Primeros 100 d\u00edas del nuevo gobierno: \u00bfLuna de miel o desaf\u00edos pol\u00edticos? Se refiere Mario Herrera Mu\u00f1oz, acad\u00e9mico del Centro de An\u00e1lisis Pol\u00edtico (CAP-UTalca).<\/a>\u00a0<\/div><div aria-hidden=\"true\">\u00a0<\/div><div><b>DIARIO TALCA<\/b>\u00a0<br \/><a id=\"OWA1532111d-9877-5580-3e35-dc8101275d68\" title=\"https:\/\/diariotalca.cl\/primeros-100-dias-del-nuevo-gobierno-luna-de-miel-o-desafios-politicos\/\" href=\"https:\/\/diariotalca.cl\/primeros-100-dias-del-nuevo-gobierno-luna-de-miel-o-desafios-politicos\/\" target=\"_blank\" rel=\"noopener noreferrer\" data-auth=\"NotApplicable\" data-linkindex=\"4\">Primeros 100 d\u00edas del nuevo gobierno: \u00bfLuna de miel o desaf\u00edos pol\u00edticos? Se refiere Mario Herrera Mu\u00f1oz, acad\u00e9mico del Centro de An\u00e1lisis Pol\u00edtico (CAP-UTalca).<\/a>\u00a0<\/div><div aria-hidden=\"true\">\u00a0<\/div><div><b>ADPRENSA<\/b>\u00a0<br \/><a id=\"OWAaa65dc23-a3ef-1bb8-0b6f-8acdd579414a\" title=\"https:\/\/www.adprensa.cl\/politica\/primeros-100-dias-del-nuevo-gobierno-luna-de-miel-o-desafios-politicos\/\" href=\"https:\/\/www.adprensa.cl\/politica\/primeros-100-dias-del-nuevo-gobierno-luna-de-miel-o-desafios-politicos\/\" target=\"_blank\" rel=\"noopener noreferrer\" data-auth=\"NotApplicable\" data-linkindex=\"5\">Primeros 100 d\u00edas del nuevo gobierno: \u00bfLuna de miel o desaf\u00edos pol\u00edticos? Se refiere Mario Herrera Mu\u00f1oz, acad\u00e9mico del Centro de An\u00e1lisis Pol\u00edtico (CAP-UTalca).<\/a>\u00a0<\/div><div aria-hidden=\"true\">\u00a0<\/div><div><b>CANAL 24 HORAS<\/b>\u00a0<br \/><a id=\"OWA0466a7a5-dd88-db72-4986-5c9645034d76\" title=\"https:\/\/www.litoralpress.cl\/sitio\/RadioTV_Detalles.cshtml?LPKey=PI2MIDBRNCKX5JJYWJDBX2JSRLO5JTB324ZV3AFSEZG7NO5HWDSISJJ2GN6LMGHNDXAVBVR7DQQFE\" href=\"https:\/\/www.litoralpress.cl\/sitio\/RadioTV_Detalles.cshtml?LPKey=PI2MIDBRNCKX5JJYWJDBX2JSRLO5JTB324ZV3AFSEZG7NO5HWDSISJJ2GN6LMGHNDXAVBVR7DQQFE\" target=\"_blank\" rel=\"noopener noreferrer\" data-auth=\"NotApplicable\" data-linkindex=\"6\">Confirman casos de influenza aviar en Valpara\u00edso y El Maule. Se refiere \u00c9rika Retamal, directora de Departamento de Salud P\u00fablica.<\/a>\u00a0<\/div><div aria-hidden=\"true\">\u00a0<\/div><div><b>PRIMERA FUENTES NOTICIAS<\/b>\u00a0<br \/><a id=\"OWA03af9fef-d89b-1268-b1a6-9bc199d786a6\" title=\"https:\/\/primerafuente.cl\/nacional\/2026\/03\/09\/nuevos-casos-de-gripe-aviar-en-chile-existe-riesgo-de-contagio-en-humanos\/\" href=\"https:\/\/primerafuente.cl\/nacional\/2026\/03\/09\/nuevos-casos-de-gripe-aviar-en-chile-existe-riesgo-de-contagio-en-humanos\/\" target=\"_blank\" rel=\"noopener noreferrer\" data-auth=\"NotApplicable\" data-linkindex=\"7\">Nuevos casos de Gripe aviar en Chile: \u00bfExiste riesgo de contagio en humanos? Se refiere \u00c9rika Retamal, directora del departamento de Salud P\u00fablica.<\/a>\u00a0<\/div><div aria-hidden=\"true\">\u00a0<\/div><div><b>RADIO INFINITA<\/b>\u00a0<br \/><a id=\"OWA399907cd-283a-303d-caf4-c212accfdb79\" title=\"https:\/\/www.litoralpress.cl\/sitio\/RadioTV_Detalles.cshtml?LPKey=AIJSPT5TAXJCYVR3CPGWT57F6AFWPJR22O4PTUW5HB3TPSN4DQABBRJ5KTMSDJCQSWPBI6O2C3EWA\" href=\"https:\/\/www.litoralpress.cl\/sitio\/RadioTV_Detalles.cshtml?LPKey=AIJSPT5TAXJCYVR3CPGWT57F6AFWPJR22O4PTUW5HB3TPSN4DQABBRJ5KTMSDJCQSWPBI6O2C3EWA\" target=\"_blank\" rel=\"noopener noreferrer\" data-auth=\"NotApplicable\" data-linkindex=\"8\">An\u00e1lisis de la jornada pol\u00edtica. Se refiere Mauricio Morales Quiroga, director del Centro de An\u00e1lisis Pol\u00edtico (CAP-UTalca).<\/a>\u00a0<\/div><div aria-hidden=\"true\">\u00a0<\/div><div><b>CANAL MEGA<\/b>\u00a0<br \/><a id=\"OWA7f6d4e08-92cc-8b40-32ac-5735eef95cb6\" title=\"https:\/\/www.litoralpress.cl\/sitio\/RadioTV_Detalles.cshtml?LPKey=NDTN7UAXHUDAGCHHMQFRMDRW7IOSB4XXGXC255IELV3MV746ZG3CTJXF4RX7H3HPDILN5TEE3VZ5M\" href=\"https:\/\/www.litoralpress.cl\/sitio\/RadioTV_Detalles.cshtml?LPKey=NDTN7UAXHUDAGCHHMQFRMDRW7IOSB4XXGXC255IELV3MV746ZG3CTJXF4RX7H3HPDILN5TEE3VZ5M\" target=\"_blank\" rel=\"noopener noreferrer\" data-auth=\"NotApplicable\" data-linkindex=\"9\">El sorpresivo reencuentro entre\u00a0Boric\u00a0y Kast. Se refiere Mauricio Morales Quiroga, director del Centro de An\u00e1lisis Pol\u00edtico (CAP-UTalca).<\/a>\u00a0<\/div><div aria-hidden=\"true\">\u00a0<\/div><div><b>MUCHO GUSTO<\/b>\u00a0<br \/><a id=\"OWA9e61e8c3-12bc-db0d-649c-fe34a5d37d75\" title=\"https:\/\/www.litoralpress.cl\/sitio\/RadioTV_Detalles.cshtml?LPKey=LSMJNNFBXI3DP7P624GD3CVDLOXZTE4R7KLCMSVYYYUDT2RVZ2VVLJF7ZLQ73UKBRJMSQF7543CYI\" href=\"https:\/\/www.litoralpress.cl\/sitio\/RadioTV_Detalles.cshtml?LPKey=LSMJNNFBXI3DP7P624GD3CVDLOXZTE4R7KLCMSVYYYUDT2RVZ2VVLJF7ZLQ73UKBRJMSQF7543CYI\" target=\"_blank\" rel=\"noopener noreferrer\" data-auth=\"NotApplicable\" data-linkindex=\"10\">Kast se alista para asumir como presidente. Mauricio Morales Quiroga, director del Centro de An\u00e1lisis Pol\u00edtico (CAP-UTalca).<\/a>\u00a0<\/div><div aria-hidden=\"true\">\u00a0<\/div><div><b>CANAL 24 HORAS<\/b>\u00a0<br \/><a id=\"OWAb3c7bec7-efdb-ac46-51ad-a4154f4e5683\" title=\"https:\/\/www.litoralpress.cl\/sitio\/RadioTV_Detalles.cshtml?LPKey=QXDVMDF47RDU4CXBTOQQJLQ4IRYXJLKXVYDSJC5RAFBSCCFPGR4HY6UGJUF4GJ4ZQY4HBKCOBIC6C\" href=\"https:\/\/www.litoralpress.cl\/sitio\/RadioTV_Detalles.cshtml?LPKey=QXDVMDF47RDU4CXBTOQQJLQ4IRYXJLKXVYDSJC5RAFBSCCFPGR4HY6UGJUF4GJ4ZQY4HBKCOBIC6C\" target=\"_blank\" rel=\"noopener noreferrer\" data-auth=\"NotApplicable\" data-linkindex=\"11\">Cuestionan a diputado que construy\u00f3 zanja en frontera. Se refiere Mario Herrera Mu\u00f1oz, acad\u00e9mico del Centro de An\u00e1lisis Pol\u00edtico (CAP-UTalca).<\/a>\u00a0<\/div><div aria-hidden=\"true\">\u00a0<\/div><div><b>LA PRENSA DE CURIC\u00d3<\/b>\u00a0<br \/><a id=\"OWAc17667de-4e0f-52ea-f488-b45f58a5d64f\" title=\"https:\/\/www.litoralpress.cl\/paginaconsultas\/Servicios_NClipWeb\/Get_Imagen_Nota.aspx?LPKey=PXSQFJIYX2TBIBV23CWDQEMSBEL6WOWBQYY5VVYXDVKRGTMEM3PBZNN7YTCQUEYER7I3FLBID5XJU\" href=\"https:\/\/www.litoralpress.cl\/paginaconsultas\/Servicios_NClipWeb\/Get_Imagen_Nota.aspx?LPKey=PXSQFJIYX2TBIBV23CWDQEMSBEL6WOWBQYY5VVYXDVKRGTMEM3PBZNN7YTCQUEYER7I3FLBID5XJU\" target=\"_blank\" rel=\"noopener noreferrer\" data-auth=\"NotApplicable\" data-linkindex=\"12\">Sucede. Se menciona la Universidad de Talca.<\/a>\u00a0<\/div><div aria-hidden=\"true\">\u00a0<\/div><div><b>DIARIO FRUT\u00cdCOLA<\/b>\u00a0<br \/><a id=\"OWAc4aed86b-19cd-24f7-eaa0-be54586e42ce\" title=\"https:\/\/www.diariofruticola.cl\/noticia\/noticias-agricolas\/2026\/03\/maule-impulsa-manejo-de-suelo-y-agua-para-fortalecer-productividad-y-sostenibilidad\" href=\"https:\/\/www.diariofruticola.cl\/noticia\/noticias-agricolas\/2026\/03\/maule-impulsa-manejo-de-suelo-y-agua-para-fortalecer-productividad-y-sostenibilidad\" target=\"_blank\" rel=\"noopener noreferrer\" data-auth=\"NotApplicable\" data-linkindex=\"13\">Maule impulsa manejo de suelo y agua para fortalecer productividad y sostenibilidad. Se menciona la Universidad de Talca.<\/a>\u00a0<\/div>\t\t\t\t\t\t<\/div>\n\t\t\t\t<\/div>\n\t\t\t\t\t<\/div>\n\t\t<\/div>\n\t\t\t\t\t\t\t<\/div>\n\t\t<\/section>\n\t\t\t\t\t\t<\/div>\n\t\t\t\t\t<\/div>\n\t\t","protected":false},"excerpt":{"rendered":"<p>PORTALEDUCA\u00a0UTalca destaca a nivel nacional con alta adjudicaci\u00f3n de becas de doctorado. Se refiere Paula Manr\u00edquez, vicerrectora de Formaci\u00f3n y Sergio Wehinger, director de Postgrado.\u00a0\u00a0RADIO MAULE SUR\u00a0UTalca\u00a0destaca a nivel nacional con alta adjudicaci\u00f3n de becas de doctorado. Se refiere Paula Manr\u00edquez, vicerrectora de Formaci\u00f3n y Sergio Wehinger, director de Postgrado.\u00a0\u00a0HORA NOTICIAS\u00a0Primeros 100 d\u00edas del nuevo &hellip;<\/p>\n<p class=\"read-more\"> <a class=\"\" href=\"https:\/\/www.reportedeprensa.utalca.cl\/?p=13379\"> <span class=\"screen-reader-text\">10 de marzo 2026<\/span> Read More &raquo;<\/a><\/p>\n","protected":false},"author":1,"featured_media":0,"comment_status":"closed","ping_status":"open","sticky":false,"template":"","format":"standard","meta":{"_monsterinsights_skip_tracking":false,"_monsterinsights_sitenote_active":false,"_monsterinsights_sitenote_note":"","_monsterinsights_sitenote_category":0},"categories":[68],"tags":[],"_links":{"self":[{"href":"https:\/\/www.reportedeprensa.utalca.cl\/index.php?rest_route=\/wp\/v2\/posts\/13379"}],"collection":[{"href":"https:\/\/www.reportedeprensa.utalca.cl\/index.php?rest_route=\/wp\/v2\/posts"}],"about":[{"href":"https:\/\/www.reportedeprensa.utalca.cl\/index.php?rest_route=\/wp\/v2\/types\/post"}],"author":[{"embeddable":true,"href":"https:\/\/www.reportedeprensa.utalca.cl\/index.php?rest_route=\/wp\/v2\/users\/1"}],"replies":[{"embeddable":true,"href":"https:\/\/www.reportedeprensa.utalca.cl\/index.php?rest_route=%2Fwp%2Fv2%2Fcomments&post=13379"}],"version-history":[{"count":4,"href":"https:\/\/www.reportedeprensa.utalca.cl\/index.php?rest_route=\/wp\/v2\/posts\/13379\/revisions"}],"predecessor-version":[{"id":13383,"href":"https:\/\/www.reportedeprensa.utalca.cl\/index.php?rest_route=\/wp\/v2\/posts\/13379\/revisions\/13383"}],"wp:attachment":[{"href":"https:\/\/www.reportedeprensa.utalca.cl\/index.php?rest_route=%2Fwp%2Fv2%2Fmedia&parent=13379"}],"wp:term":[{"taxonomy":"category","embeddable":true,"href":"https:\/\/www.reportedeprensa.utalca.cl\/index.php?rest_route=%2Fwp%2Fv2%2Fcategories&post=13379"},{"taxonomy":"post_tag","embeddable":true,"href":"https:\/\/www.reportedeprensa.utalca.cl\/index.php?rest_route=%2Fwp%2Fv2%2Ftags&post=13379"}],"curies":[{"name":"wp","href":"https:\/\/api.w.org\/{rel}","templated":true}]}}