{"id":13387,"date":"2026-03-11T13:06:40","date_gmt":"2026-03-11T16:06:40","guid":{"rendered":"https:\/\/www.reportedeprensa.utalca.cl\/?p=13387"},"modified":"2026-03-11T13:11:50","modified_gmt":"2026-03-11T16:11:50","slug":"11-de-marzo-2026","status":"publish","type":"post","link":"https:\/\/www.reportedeprensa.utalca.cl\/?p=13387","title":{"rendered":"11 de marzo 2026"},"content":{"rendered":"\t\t<div data-elementor-type=\"wp-post\" data-elementor-id=\"13387\" class=\"elementor elementor-13387\" data-elementor-settings=\"[]\">\n\t\t\t\t\t\t\t<div class=\"elementor-section-wrap\">\n\t\t\t\t\t\t\t<section class=\"elementor-section elementor-top-section elementor-element elementor-element-bcea1a8 elementor-section-boxed elementor-section-height-default elementor-section-height-default\" data-id=\"bcea1a8\" data-element_type=\"section\">\n\t\t\t\t\t\t<div class=\"elementor-container elementor-column-gap-default\">\n\t\t\t\t\t<div class=\"elementor-column elementor-col-100 elementor-top-column elementor-element elementor-element-e7183bf\" data-id=\"e7183bf\" data-element_type=\"column\">\n\t\t\t<div class=\"elementor-widget-wrap elementor-element-populated\">\n\t\t\t\t\t\t\t\t<div class=\"elementor-element elementor-element-133672f elementor-widget elementor-widget-text-editor\" data-id=\"133672f\" data-element_type=\"widget\" data-widget_type=\"text-editor.default\">\n\t\t\t\t<div class=\"elementor-widget-container\">\n\t\t\t\t\t\t\t\t<div><b data-olk-copy-source=\"MessageBody\">EMOL<\/b>\u00a0<br \/><a id=\"OWA5084785c-2581-b50e-149c-644cc4a9a2f3\" title=\"https:\/\/www.emol.com\/noticias\/Autos\/2026\/03\/10\/1193802\/consejos-ahorro-combustible-automoviles.html\" href=\"https:\/\/www.emol.com\/noticias\/Autos\/2026\/03\/10\/1193802\/consejos-ahorro-combustible-automoviles.html\" target=\"_blank\" rel=\"noopener noreferrer\" data-auth=\"NotApplicable\" data-linkindex=\"0\">Consejos eficientes para gastar menos combustible en los autos ante alza del petr\u00f3leo. Se refiere\u00a0Gonzalo Pincheira, acad\u00e9mico de la Facultad de Ingenier\u00eda.<\/a>\u00a0<\/div><div>\u00a0<\/div><div><b>FM QUIERO<\/b>\u00a0<br \/><a id=\"OWA02e19662-9afc-b7b8-466d-5f1fcc1e02f5\" title=\"https:\/\/www.fmquiero.cl\/categoria\/magazine\/ahorrar-combustible-auto-aumento-precio-petroleo\" href=\"https:\/\/www.fmquiero.cl\/categoria\/magazine\/ahorrar-combustible-auto-aumento-precio-petroleo\" target=\"_blank\" rel=\"noopener noreferrer\" data-auth=\"NotApplicable\" data-linkindex=\"1\">C\u00f3mo ahorrar combustible en tu auto ante el aumento del precio del\u00a0petr\u00f3leo.\u00a0Se refiere Gonzalo Pincheira, acad\u00e9mico de la Facultad de Ingenier\u00eda.<\/a>\u00a0<\/div><div>\u00a0<\/div><div><b>FM PLUS<\/b>\u00a0<br \/><a id=\"OWA12dc8a72-6b48-2a90-fc29-9490ab4bcc8c\" title=\"https:\/\/www.fmplus.cl\/categoria\/magazine\/ahorrar-combustible-auto-aumento-precio-petroleo\" href=\"https:\/\/www.fmplus.cl\/categoria\/magazine\/ahorrar-combustible-auto-aumento-precio-petroleo\" target=\"_blank\" rel=\"noopener noreferrer\" data-auth=\"NotApplicable\" data-linkindex=\"2\">C\u00f3mo ahorrar combustible en tu auto ante el aumento del precio del petr\u00f3leo.\u00a0Se refiere Gonzalo Pincheira, acad\u00e9mico de la Facultad de Ingenier\u00eda.<\/a>\u00a0<\/div><div>\u00a0<\/div><div><b>RADIO SAGO<\/b>\u00a0<br \/><a id=\"OWA8a57914f-f5aa-7c56-f1a9-ccef807a1b3a\" title=\"https:\/\/www.radiosago.cl\/consejos-eficientes-para-gastar-menos-combustible-en-los-autos-ante-alza-del-petroleo\/\" href=\"https:\/\/www.radiosago.cl\/consejos-eficientes-para-gastar-menos-combustible-en-los-autos-ante-alza-del-petroleo\/\" target=\"_blank\" rel=\"noopener noreferrer\" data-auth=\"NotApplicable\" data-linkindex=\"3\">Consejos eficientes para gastar menos combustible en los autos ante alza del petr\u00f3leo.\u00a0Se refiere Gonzalo Pincheira, acad\u00e9mico de la Facultad de Ingenier\u00eda.<\/a>\u00a0<\/div><div>\u00a0<\/div><div>\u00a0<\/div><div><b>EL HERALDO<\/b>\u00a0<br \/><a id=\"OWA9f6cecf3-cbf3-01e2-e0be-520c98bd076f\" title=\"https:\/\/www.litoralpress.cl\/paginaconsultas\/Servicios_NClipWeb\/Get_Imagen_Nota.aspx?LPKey=X6T6VVQKPG76E6XAZYTM7AQYZKIZBHYUSNTTDVXVKC4CEH34T2E4DC46OV3BHBLAMMYYLW3264MPY\" href=\"https:\/\/www.litoralpress.cl\/paginaconsultas\/Servicios_NClipWeb\/Get_Imagen_Nota.aspx?LPKey=X6T6VVQKPG76E6XAZYTM7AQYZKIZBHYUSNTTDVXVKC4CEH34T2E4DC46OV3BHBLAMMYYLW3264MPY\" target=\"_blank\" rel=\"noopener noreferrer\" data-auth=\"NotApplicable\" data-linkindex=\"4\">Primeros 100 d\u00edas del nuevo gobierno: \u00bfLuna de miel o desaf\u00edos pol\u00edticos? Se refiere Mario Herrera Mu\u00f1oz, acad\u00e9mico del Centro de An\u00e1lisis Pol\u00edtico (CAP-UTalca)<\/a>\u00a0<\/div><div>\u00a0<\/div><div><b>EL LECTOR<\/b>\u00a0<br \/><a id=\"OWA7ef70883-b4bf-ea57-1c29-5e3778bf3cd8\" title=\"https:\/\/www.litoralpress.cl\/paginaconsultas\/Servicios_NClipWeb\/Get_Imagen_Nota.aspx?LPKey=PMW6IH6CMG767KV4SCORBFVYLXMGA2FWARIUH35V7EHWN3FZOXSVVBTXMCCBBNJ56RHV3DP2RPG7I\" href=\"https:\/\/www.litoralpress.cl\/paginaconsultas\/Servicios_NClipWeb\/Get_Imagen_Nota.aspx?LPKey=PMW6IH6CMG767KV4SCORBFVYLXMGA2FWARIUH35V7EHWN3FZOXSVVBTXMCCBBNJ56RHV3DP2RPG7I\" target=\"_blank\" rel=\"noopener noreferrer\" data-auth=\"NotApplicable\" data-linkindex=\"5\">Primeros 100 d\u00edas del nuevo gobierno: \u00bfLuna de miel o desaf\u00edos pol\u00edticos? Se refiere Mario Herrera Mu\u00f1oz, acad\u00e9mico del Centro de An\u00e1lisis Pol\u00edtico (CAP-UTalca)<\/a>\u00a0<\/div><div>\u00a0<\/div><div><b>RADIO INFINITA<\/b>\u00a0<br \/><a id=\"OWA32316b9c-2991-4674-fea7-0d3d4534f094\" title=\"https:\/\/www.litoralpress.cl\/sitio\/RadioTV_Detalles.cshtml?LPKey=77362MBURJP3NZHWA7JX5B6QHSIO6PH7Y6MYXMVOTZMBXUQUFOQ2VKTBU7XFKCH7LNUKCPNDQ2XNC\" href=\"https:\/\/www.litoralpress.cl\/sitio\/RadioTV_Detalles.cshtml?LPKey=77362MBURJP3NZHWA7JX5B6QHSIO6PH7Y6MYXMVOTZMBXUQUFOQ2VKTBU7XFKCH7LNUKCPNDQ2XNC\" target=\"_blank\" rel=\"noopener noreferrer\" data-auth=\"NotApplicable\" data-linkindex=\"6\">An\u00e1lisis pol\u00edtico de la jornada. Se refiere Mauricio Morales Quiroga, director del Centro de An\u00e1lisis Pol\u00edtico (CAP-UTalca).<\/a>\u00a0<\/div><div>\u00a0<\/div><div><b>CANAL MEGA<\/b>\u00a0<br \/><a id=\"OWAe281e420-1e3a-2f91-fbf1-c5c6cdd67169\" title=\"https:\/\/www.litoralpress.cl\/sitio\/RadioTV_Detalles.cshtml?LPKey=5TKB425AZFSRCMG4QGE4UVLBU7Z4AEZJF73V7SF2VP3AT2QORAMYXI2VA6OBIGO7YS6AI7SB5NV7K\" href=\"https:\/\/www.litoralpress.cl\/sitio\/RadioTV_Detalles.cshtml?LPKey=5TKB425AZFSRCMG4QGE4UVLBU7Z4AEZJF73V7SF2VP3AT2QORAMYXI2VA6OBIGO7YS6AI7SB5NV7K\" target=\"_blank\" rel=\"noopener noreferrer\" data-auth=\"NotApplicable\" data-linkindex=\"7\">Avanza remodelaci\u00f3n de nueva casa de\u00a0Boric.\u00a0Se refiere Mauricio Morales Quiroga, director del Centro de An\u00e1lisis Pol\u00edtico (CAP-UTalca).<\/a>\u00a0<\/div><div>\u00a0<\/div><div><b>CANAL MEGA<\/b>\u00a0<br \/><a id=\"OWA0984dd71-623b-2f75-2d3c-4ba4844489a9\" title=\"https:\/\/www.litoralpress.cl\/sitio\/RadioTV_Detalles.cshtml?LPKey=JI7DVE2RH3YPFVUFVCAW6Y57YRRSWA6UI45PGKV5KCMQPOYFLLWE5QJRFFA3E4SKX75Y4B4HWZVEW\" href=\"https:\/\/www.litoralpress.cl\/sitio\/RadioTV_Detalles.cshtml?LPKey=JI7DVE2RH3YPFVUFVCAW6Y57YRRSWA6UI45PGKV5KCMQPOYFLLWE5QJRFFA3E4SKX75Y4B4HWZVEW\" target=\"_blank\" rel=\"noopener noreferrer\" data-auth=\"NotApplicable\" data-linkindex=\"8\">Avanza remodelaci\u00f3n de nueva casa de\u00a0Boric.\u00a0Se refiere Mauricio Morales Quiroga, director del Centro de An\u00e1lisis Pol\u00edtico (CAP-UTalca).<\/a>\u00a0<\/div><div>\u00a0<\/div><div><b>MEGANOTICIAS<\/b>\u00a0<br \/><a id=\"OWA228963e4-1100-8352-f464-79a35731dd82\" title=\"https:\/\/www.litoralpress.cl\/sitio\/RadioTV_Detalles.cshtml?LPKey=JI7DVE2RH3YPFVUFVCAW6Y57YRRSWA6UI45PGKV5KCMQPOYFLLWE5QJRFFA3E4SKX75Y4B4HWZVEW\" href=\"https:\/\/www.litoralpress.cl\/sitio\/RadioTV_Detalles.cshtml?LPKey=JI7DVE2RH3YPFVUFVCAW6Y57YRRSWA6UI45PGKV5KCMQPOYFLLWE5QJRFFA3E4SKX75Y4B4HWZVEW\" target=\"_blank\" rel=\"noopener noreferrer\" data-auth=\"NotApplicable\" data-linkindex=\"9\">Entrevista a Se refiere Mauricio Morales Quiroga, director del Centro de An\u00e1lisis Pol\u00edtico (CAP-UTalca).<\/a>\u00a0<\/div><div>\u00a0<\/div><div><b>DIARIO EL HERALDO<\/b>\u00a0<br \/><a id=\"OWAfff808f6-4f32-94f6-7cc5-31458f45eb92\" title=\"https:\/\/www.diarioelheraldo.cl\/noticia\/primeros-100-dias-del-nuevo-gobierno-luna-de-miel-o-desafios-politicos\" href=\"https:\/\/www.diarioelheraldo.cl\/noticia\/primeros-100-dias-del-nuevo-gobierno-luna-de-miel-o-desafios-politicos\" target=\"_blank\" rel=\"noopener noreferrer\" data-auth=\"NotApplicable\" data-linkindex=\"10\">Primeros 100 d\u00edas del nuevo gobierno: \u00bfLuna de miel o desaf\u00edos pol\u00edticos? Se refiere Mario Herrera Mu\u00f1oz, acad\u00e9mico del Centro de An\u00e1lisis Pol\u00edtico (CAP-UTalca)<\/a>\u00a0<\/div><div>\u00a0<\/div><div><b>CAUQUENES.NET<\/b>\u00a0<br \/><a id=\"OWA7ae8925b-7161-d994-93c0-fecd4f16b973\" title=\"https:\/\/cauquenesnet.cl\/2026\/03\/10\/primeros-100-dias-del-nuevo-gobierno-luna-de-miel-o-desafios-politicos\/\" href=\"https:\/\/cauquenesnet.cl\/2026\/03\/10\/primeros-100-dias-del-nuevo-gobierno-luna-de-miel-o-desafios-politicos\/\" target=\"_blank\" rel=\"noopener noreferrer\" data-auth=\"NotApplicable\" data-linkindex=\"11\">Primeros 100 d\u00edas del nuevo gobierno: \u00bfLuna de miel o desaf\u00edos pol\u00edticos? Se refiere Mario Herrera Mu\u00f1oz, acad\u00e9mico del Centro de An\u00e1lisis Pol\u00edtico (CAP-UTalca)<\/a>\u00a0<\/div><div>\u00a0<\/div><div><b>S\u00c9PTIMA REGI\u00d3N NOTICIAS<\/b>\u00a0<br \/><a id=\"OWAdb248310-df81-a5a9-22dc-b0dd95e719e8\" title=\"https:\/\/www.septimapaginanoticias.cl\/primeros-100-dias-del-nuevo-gobierno-luna-de-miel-o-desafios-politicos\" href=\"https:\/\/www.septimapaginanoticias.cl\/primeros-100-dias-del-nuevo-gobierno-luna-de-miel-o-desafios-politicos\" target=\"_blank\" rel=\"noopener noreferrer\" data-auth=\"NotApplicable\" data-linkindex=\"12\">Primeros 100 d\u00edas del nuevo gobierno: \u00bfLuna de miel o desaf\u00edos pol\u00edticos? Se refiere Mario Herrera Mu\u00f1oz, acad\u00e9mico del Centro de An\u00e1lisis Pol\u00edtico (CAP-UTalca)<\/a>\u00a0<\/div><div>\u00a0<\/div><div><b>DIARIO USACH<\/b>\u00a0<br \/><a id=\"OWAfe8ec3c8-1507-0b47-7716-e2b0895906b6\" title=\"https:\/\/www.diariousach.cl\/el-examen-inicial-del-nuevo-gobierno-que-se-juega-kast-en-sus-primeros\" href=\"https:\/\/www.diariousach.cl\/el-examen-inicial-del-nuevo-gobierno-que-se-juega-kast-en-sus-primeros\" target=\"_blank\" rel=\"noopener noreferrer\" data-auth=\"NotApplicable\" data-linkindex=\"13\">El examen inicial del nuevo gobierno: \u00bfQu\u00e9 se juega Kast en sus primeros 100 d\u00edas en La Moneda? Se refiere Mario Herrera Mu\u00f1oz, acad\u00e9mico del Centro de An\u00e1lisis Pol\u00edtico (CAP-UTalca)<\/a>\u00a0<\/div><div>\u00a0<\/div><div><b>EL MARTUTINO<\/b>\u00a0<br \/><a id=\"OWA4f8b0ef2-4e59-8ce9-3035-0ec33b124f81\" title=\"https:\/\/www.elmartutino.cl\/noticia\/politica\/nuevo-escenario-politico-congreso-fragmentado-obligara-al-gobierno-construir-alianz\" href=\"https:\/\/www.elmartutino.cl\/noticia\/politica\/nuevo-escenario-politico-congreso-fragmentado-obligara-al-gobierno-construir-alianz\" target=\"_blank\" rel=\"noopener noreferrer\" data-auth=\"NotApplicable\" data-linkindex=\"14\">Nuevo escenario pol\u00edtico: Congreso fragmentado obligar\u00e1 al gobierno a construir alianzas. Se refiere Mario Herrera Mu\u00f1oz, acad\u00e9mico del Centro de An\u00e1lisis Pol\u00edtico (CAP-UTalca)<\/a>\u00a0<\/div><div>\u00a0<\/div><div><b>EL MAULE INFORMA<\/b>\u00a0<br \/><a id=\"OWAce2bb2a2-5f42-150b-1b78-fa01258b5f05\" title=\"https:\/\/elmauleinforma.cl\/reconfiguracion-del-congreso-advierten-un-parlamento-mas-fragmentado-y-polarizado\/\" href=\"https:\/\/elmauleinforma.cl\/reconfiguracion-del-congreso-advierten-un-parlamento-mas-fragmentado-y-polarizado\/\" target=\"_blank\" rel=\"noopener noreferrer\" data-auth=\"NotApplicable\" data-linkindex=\"15\">Reconfiguraci\u00f3n del Congreso: Advierten un parlamento m\u00e1s fragmentado y polarizado. Se refiere Mario Herrera Mu\u00f1oz, acad\u00e9mico del Centro de An\u00e1lisis Pol\u00edtico (CAP-UTalca)<\/a>\u00a0<\/div><div>\u00a0<\/div><div><b>RADIO ANCOA<\/b>\u00a0<br \/><a id=\"OWAdc7b86e0-aa32-5203-dd13-1c2c9a0cd370\" title=\"https:\/\/www.radioancoa.cl\/categoria\/local\/100-gobierno-luna-miel-desafios-politicos\" href=\"https:\/\/www.radioancoa.cl\/categoria\/local\/100-gobierno-luna-miel-desafios-politicos\" target=\"_blank\" rel=\"noopener noreferrer\" data-auth=\"NotApplicable\" data-linkindex=\"16\">Primeros 100 d\u00edas del nuevo gobierno: \u00bfLuna de miel o desaf\u00edos pol\u00edticos? Se refiere Mario Herrera Mu\u00f1oz, acad\u00e9mico del Centro de An\u00e1lisis Pol\u00edtico (CAP-UTalca)<\/a>\u00a0<\/div><div>\u00a0<\/div><div><b>MAULE HOY<\/b>\u00a0<br \/><a id=\"OWA342dcaa9-cf88-5d39-2a67-4923e5ba0105\" title=\"https:\/\/maulehoy.cl\/2026\/03\/10\/primeros-100-dias-del-nuevo-gobierno-luna-de-miel-o-desafios-politicos\/\" href=\"https:\/\/maulehoy.cl\/2026\/03\/10\/primeros-100-dias-del-nuevo-gobierno-luna-de-miel-o-desafios-politicos\/\" target=\"_blank\" rel=\"noopener noreferrer\" data-auth=\"NotApplicable\" data-linkindex=\"17\">Primeros 100 d\u00edas del nuevo gobierno: \u00bfLuna de miel o desaf\u00edos pol\u00edticos? Se refiere Mario Herrera Mu\u00f1oz, acad\u00e9mico del Centro de An\u00e1lisis Pol\u00edtico (CAP-UTalca)<\/a>\u00a0<\/div><div>\u00a0<\/div><div><b>RADIO UNIVERSIDAD DE CHILE<\/b>\u00a0<br \/><a id=\"OWAa991dd14-c446-6886-3661-a31bc6e2949a\" title=\"https:\/\/radio.uchile.cl\/2026\/03\/10\/por-que-le-entregaran-las-llaves-de-santiago-a-maria-corina-machado\/\" href=\"https:\/\/radio.uchile.cl\/2026\/03\/10\/por-que-le-entregaran-las-llaves-de-santiago-a-maria-corina-machado\/\" target=\"_blank\" rel=\"noopener noreferrer\" data-auth=\"NotApplicable\" data-linkindex=\"18\">\u00bfPor qu\u00e9 le entregar\u00e1n las llaves de Santiago a Mar\u00eda Corina Machado? Se refiere Mario Herrera Mu\u00f1oz, acad\u00e9mico del Centro de An\u00e1lisis Pol\u00edtico (CAP-UTalca)<\/a>\u00a0<\/div><div>\u00a0<\/div><div><b>TIERRA AMARILLANO<\/b>\u00a0<br \/><a id=\"OWA13d8bdd6-ab89-ea55-ca39-b7ff6366dbc4\" title=\"https:\/\/tierramarillano.cl\/2026\/03\/10\/primeros-100-dias-del-nuevo-gobierno-luna-de-miel-o-desafios-politicos\/\" href=\"https:\/\/tierramarillano.cl\/2026\/03\/10\/primeros-100-dias-del-nuevo-gobierno-luna-de-miel-o-desafios-politicos\/\" target=\"_blank\" rel=\"noopener noreferrer\" data-auth=\"NotApplicable\" data-linkindex=\"19\">Primeros 100 d\u00edas del nuevo gobierno: \u00bfLuna de miel o desaf\u00edos\u00a0pol\u00edticos? Se refiere Mario Herrera Mu\u00f1oz, acad\u00e9mico del Centro de An\u00e1lisis Pol\u00edtico (CAP-UTalca)<\/a>\u00a0<\/div><div>\u00a0<\/div><div><b>TIERRA AMARILLANO<\/b>\u00a0<br \/><a id=\"OWA1248c024-5289-9897-271d-d41a787122a4\" title=\"https:\/\/tierramarillano.cl\/2026\/03\/10\/reconfiguracion-del-congreso-advierten-un-parlamento-mas-fragmentado-y-polarizado\/\" href=\"https:\/\/tierramarillano.cl\/2026\/03\/10\/reconfiguracion-del-congreso-advierten-un-parlamento-mas-fragmentado-y-polarizado\/\" target=\"_blank\" rel=\"noopener noreferrer\" data-auth=\"NotApplicable\" data-linkindex=\"20\">Reconfiguraci\u00f3n del Congreso: Advierten un parlamento m\u00e1s fragmentado y polarizado. Se refiere Mario Herrera Mu\u00f1oz, acad\u00e9mico del Centro de An\u00e1lisis Pol\u00edtico (CAP-UTalca)<\/a>\u00a0<\/div><div aria-hidden=\"true\">\u00a0<\/div><div><b>RADIO AMIGA<\/b>\u00a0<br \/><a id=\"OWA24421cfe-0881-23a5-4528-ff81442974f9\" title=\"https:\/\/www.litoralpress.cl\/sitio\/RadioTV_Detalles.cshtml?LPKey=NQSSJTNGPLBVCWXFQP4AORICPQQJ7MEVMD2PUVRGHTPXF7NQ5TBWUY6HA2YM7YMRKVEJGSM2PNXAM\" href=\"https:\/\/www.litoralpress.cl\/sitio\/RadioTV_Detalles.cshtml?LPKey=NQSSJTNGPLBVCWXFQP4AORICPQQJ7MEVMD2PUVRGHTPXF7NQ5TBWUY6HA2YM7YMRKVEJGSM2PNXAM\" target=\"_blank\" rel=\"noopener noreferrer\" data-auth=\"NotApplicable\" data-linkindex=\"21\">Epidemi\u00f3logos hacen un llamado a la calma enfatizando la necesidad de extremar la medida de prevenci\u00f3n y vigilancia activa por influenza aviar. Se refiere \u00c9rika Retamal, directora del Departamento de Salud P\u00fablica.<\/a>\u00a0<\/div><div>\u00a0<\/div><div><b>MAULE HOY<\/b>\u00a0<br \/><a id=\"OWA1092a971-2191-c26b-4753-b3dd4c55fa6c\" title=\"https:\/\/maulehoy.cl\/2026\/03\/10\/comenzo-campana-de-vacunacion-2026-quienes-deben-inocularse\/\" href=\"https:\/\/maulehoy.cl\/2026\/03\/10\/comenzo-campana-de-vacunacion-2026-quienes-deben-inocularse\/\" target=\"_blank\" rel=\"noopener noreferrer\" data-auth=\"NotApplicable\" data-linkindex=\"22\">Comenz\u00f3 campa\u00f1a de vacunaci\u00f3n 2026: Qui\u00e9nes deben inocularse.\u00a0Se refiere \u00c9rika Retamal, directora del Departamento de Salud P\u00fablica.<\/a>\u00a0<\/div><div>\u00a0<\/div><div><b>S\u00c9PTIMA REGI\u00d3N NOTICIAS<\/b>\u00a0<br \/><a id=\"OWAd201753d-d2fe-0989-73e1-70f2d3474349\" title=\"https:\/\/www.septimapaginanoticias.cl\/nuevos-casos-de-gripe-aviar-en-chile-existe-riesgo-de-contagio-en-humanos\" href=\"https:\/\/www.septimapaginanoticias.cl\/nuevos-casos-de-gripe-aviar-en-chile-existe-riesgo-de-contagio-en-humanos\" target=\"_blank\" rel=\"noopener noreferrer\" data-auth=\"NotApplicable\" data-linkindex=\"23\">Nuevos casos de Gripe aviar en Chile: \u00bfExiste riesgo de contagio en humanos? Se refiere \u00c9rika Retamal, directora del Departamento de Salud P\u00fablica.<\/a>\u00a0<\/div><div>\u00a0<\/div><div><b>\u00a0DIARIO EL CENTRO\u00a0<\/b>\u00a0<br \/><a id=\"OWAdda7aa13-e643-4128-c5a5-ef3c993ed32f\" title=\"https:\/\/www.diarioelcentro.cl\/2026\/03\/10\/confirman-primer-caso-de-gripe-aviar-en-la-region-del-maule-existe-riesgo-de-contagio-en-humanos\/\" href=\"https:\/\/www.diarioelcentro.cl\/2026\/03\/10\/confirman-primer-caso-de-gripe-aviar-en-la-region-del-maule-existe-riesgo-de-contagio-en-humanos\/\" target=\"_blank\" rel=\"noopener noreferrer\" data-auth=\"NotApplicable\" data-linkindex=\"24\">Confirman primer caso de gripe aviar en la regi\u00f3n del Maule: \u00bfExiste riesgo de contagio en humanos? Se refiere \u00c9rika Retamal, directora del Departamento de Salud P\u00fablica.<\/a>\u00a0<\/div><div aria-hidden=\"true\">\u00a0<\/div><div><b>RADIO AMIGA<\/b>\u00a0<br \/><a id=\"OWAa67cd666-6e14-08bd-03b7-ae224888c51c\" title=\"https:\/\/www.litoralpress.cl\/sitio\/RadioTV_Detalles.cshtml?LPKey=NQSSJTNGPLBVCWXFQP4AORICPQQJ7MEVMD2PUVRGHTPXF7NQ5TBWUY6HA2YM7YMRKVEJGSM2PNXAM\" href=\"https:\/\/www.litoralpress.cl\/sitio\/RadioTV_Detalles.cshtml?LPKey=NQSSJTNGPLBVCWXFQP4AORICPQQJ7MEVMD2PUVRGHTPXF7NQ5TBWUY6HA2YM7YMRKVEJGSM2PNXAM\" target=\"_blank\" rel=\"noopener noreferrer\" data-auth=\"NotApplicable\" data-linkindex=\"25\">Visita\u00a0inspectiva\u00a0a las obras de los hospitales de Cauquenes y Parral. Se refiere\u00a0Nelson Brown, director de la Escuela de Medicina<\/a>\u00a0<\/div><div>\u00a0<\/div><div><b>MAULE HOY<\/b>\u00a0<br \/><a id=\"OWA72c708c0-18b4-4c07-9634-a1b2cbd1a682\" title=\"https:\/\/maulehoy.cl\/2026\/03\/10\/desarrollan-tecnica-odontologica-para-mejorar-la-salud-de-personas-mayores\/\" href=\"https:\/\/maulehoy.cl\/2026\/03\/10\/desarrollan-tecnica-odontologica-para-mejorar-la-salud-de-personas-mayores\/\" target=\"_blank\" rel=\"noopener noreferrer\" data-auth=\"NotApplicable\" data-linkindex=\"26\">Desarrollan t\u00e9cnica odontol\u00f3gica para mejorar la salud de personas mayores. Se refiere Soraya Le\u00f3n Araya, decana de la Facultad de Odontolog\u00eda<\/a>\u00a0<\/div><div aria-hidden=\"true\">\u00a0<\/div><div><b>DERECHO.UC<\/b>\u00a0<br \/><a id=\"OWA459ee66c-7d28-a5ed-88db-699fba1126ef\" title=\"https:\/\/derecho.uc.cl\/es\/noticias\/39783-cuarta-sesion-del-ciclo-de-juristas-cerro-su-edicion-2025-con-un-analisis-sobre-la-obra-y-trayectoria-de-destacados-academicos-del-derecho-privado\" href=\"https:\/\/derecho.uc.cl\/es\/noticias\/39783-cuarta-sesion-del-ciclo-de-juristas-cerro-su-edicion-2025-con-un-analisis-sobre-la-obra-y-trayectoria-de-destacados-academicos-del-derecho-privado\" target=\"_blank\" rel=\"noopener noreferrer\" data-auth=\"NotApplicable\" data-linkindex=\"27\">Cuarta sesi\u00f3n del Ciclo de Juristas cerr\u00f3 su edici\u00f3n 2025 con un an\u00e1lisis sobre la obra y trayectoria de destacados acad\u00e9micos del derecho privado.\u00a0Se menciona la Universidad de Talca.<\/a>\u00a0<\/div><div>\u00a0<\/div><div><b>AGENCIA XINHUA<\/b>\u00a0<br \/><a id=\"OWAd5b223f9-18a8-fb13-f93a-bd8245cdc5d7\" title=\"https:\/\/spanish.xinhuanet.com\/20260311\/f7dc187fbfe946fe8b15d503e219fa6c\/c.html\" href=\"https:\/\/spanish.xinhuanet.com\/20260311\/f7dc187fbfe946fe8b15d503e219fa6c\/c.html\" target=\"_blank\" rel=\"noopener noreferrer\" data-auth=\"NotApplicable\" data-linkindex=\"28\">Especial:\u00a0Boric\u00a0deja Presidencia chilena con importantes reformas, plantean expertos. Se refiere Andrea Bentancor Cazenave, acad\u00e9mica de la Facultad de Econom\u00eda y Negocios.<\/a>\u00a0\u00a0<\/div><div aria-hidden=\"true\">\u00a0<\/div><div><b>LA PRENSA DE CURIC\u00d3<\/b>\u00a0<br \/><a id=\"OWA18dcb5a4-f462-2dff-2b44-3770cc002b04\" title=\"https:\/\/www.litoralpress.cl\/paginaconsultas\/Servicios_NClipWeb\/Get_Imagen_Nota.aspx?LPKey=6OMZ22I7P3GVXUURSKXHKZCWI4DT77D7FLEFGSZFDY6AIKQEPYG4OLQPICBO7VP377FVKE7IS7MEG\" href=\"https:\/\/www.litoralpress.cl\/paginaconsultas\/Servicios_NClipWeb\/Get_Imagen_Nota.aspx?LPKey=6OMZ22I7P3GVXUURSKXHKZCWI4DT77D7FLEFGSZFDY6AIKQEPYG4OLQPICBO7VP377FVKE7IS7MEG\" target=\"_blank\" rel=\"noopener noreferrer\" data-auth=\"NotApplicable\" data-linkindex=\"29\">Sucede. Se menciona la Universidad Talca.<\/a>\u00a0<\/div><div>\u00a0<\/div><div><b>TOURINNOVACION<\/b>\u00a0<br \/><a id=\"OWA6a16d216-016b-997b-83a8-02cfa5dfde85\" title=\"https:\/\/www.tourinnovacion.cl\/tecnologia-ciencia\/inicia-futuros-docentes-en-ia-alianza-publico-privada-para-integrar-la-inteligencia-artificial-en-carreras-de-pedagogia\/\" href=\"https:\/\/www.tourinnovacion.cl\/tecnologia-ciencia\/inicia-futuros-docentes-en-ia-alianza-publico-privada-para-integrar-la-inteligencia-artificial-en-carreras-de-pedagogia\/\" target=\"_blank\" rel=\"noopener noreferrer\" data-auth=\"NotApplicable\" data-linkindex=\"30\">Inicia \u201cFuturos docentes en IA\u201d: alianza p\u00fablico-privada para integrar la inteligencia artificial en carreras de pedagog\u00eda. Se menciona la Universidad de Talca.<\/a>\u00a0<\/div><div>\u00a0<\/div><div><b>EL LATINO<\/b>\u00a0<br \/><a id=\"OWAefc2d73c-27bc-f607-2434-fe289ebac491\" title=\"https:\/\/ellatino.cl\/gobierno-presento-resultados-de-estudio-preliminar-para-proyecto-que-desinfecta-el-agua-de-apr-sin-cloro\/\" href=\"https:\/\/ellatino.cl\/gobierno-presento-resultados-de-estudio-preliminar-para-proyecto-que-desinfecta-el-agua-de-apr-sin-cloro\/\" target=\"_blank\" rel=\"noopener noreferrer\" data-auth=\"NotApplicable\" data-linkindex=\"31\">Gobierno present\u00f3 resultados de estudio preliminar para proyecto que desinfecta el agua de APR sin cloro. Se menciona la Universidad de Talca.<\/a>\u00a0<\/div><div>\u00a0<\/div><div><b>REPORTE AGRICOLA<\/b>\u00a0<br \/><a id=\"OWAeb2f58a3-d97c-52fd-24f9-2c6f12126a1a\" title=\"https:\/\/www.reporteagricola.cl\/noticia\/noticias\/2026\/03\/levaduras-nativas-avance-chileno-alargar-vida-util-frutilla\" href=\"https:\/\/www.reporteagricola.cl\/noticia\/noticias\/2026\/03\/levaduras-nativas-avance-chileno-alargar-vida-util-frutilla\" target=\"_blank\" rel=\"noopener noreferrer\" data-auth=\"NotApplicable\" data-linkindex=\"32\">Levaduras nativas: el avance chileno para alargar la vida \u00fatil de la frutilla. Se menciona la Universidad de Talca.<\/a>\u00a0<\/div><div>\u00a0<\/div><div><b>MAULE HOY<\/b>\u00a0<br \/><a id=\"OWAc2bab202-33fe-ac06-9a51-2b0f3caf5832\" title=\"https:\/\/maulehoy.cl\/2026\/03\/10\/joven-ex-estudiante-del-liceo-politecnico-de-cauquenes-ingresa-a-medicina-en-la-universidad-de-talca\/\" href=\"https:\/\/maulehoy.cl\/2026\/03\/10\/joven-ex-estudiante-del-liceo-politecnico-de-cauquenes-ingresa-a-medicina-en-la-universidad-de-talca\/\" target=\"_blank\" rel=\"noopener noreferrer\" data-auth=\"NotApplicable\" data-linkindex=\"33\">Joven\u00a0ex-estudiante\u00a0del Liceo Polit\u00e9cnico de Cauquenes ingresa a medicina en la Universidad de Talca. Se menciona la Universidad de Talca.<\/a>\u00a0<\/div><div>\u00a0<\/div><div><b>EL DIARIO PANGUIPULLI<\/b>\u00a0<br \/><a id=\"OWAdd049473-0635-375b-2d2e-517f0c111e45\" title=\"https:\/\/www.eldiariopanguipulli.cl\/notas\/NOTAS%202026\/03%20MARZO\/10\/proyectoquedesinfectasincloroenaprcozcoz.html\" href=\"https:\/\/www.eldiariopanguipulli.cl\/notas\/NOTAS%202026\/03%20MARZO\/10\/proyectoquedesinfectasincloroenaprcozcoz.html\" target=\"_blank\" rel=\"noopener noreferrer\" data-auth=\"NotApplicable\" data-linkindex=\"34\">Gobierno present\u00f3 resultados de estudio preliminar para proyecto que desinfecta sin cloro el agua de la comuna de Panguipulli. Se menciona la Universidad de Talca.<\/a>\u00a0<\/div><div>\u00a0<\/div><div><b>DIARIO EL CENTRO<\/b>\u00a0<br \/><a id=\"OWA9906930a-831c-ebed-5bb5-188365c66625\" title=\"https:\/\/www.diarioelcentro.cl\/2026\/03\/10\/comenzar-la-educacion-tecnico-profesional-un-paso-que-transforma-el-futuro\/\" href=\"https:\/\/www.diarioelcentro.cl\/2026\/03\/10\/comenzar-la-educacion-tecnico-profesional-un-paso-que-transforma-el-futuro\/\" target=\"_blank\" rel=\"noopener noreferrer\" data-auth=\"NotApplicable\" data-linkindex=\"35\">Comenzar la educaci\u00f3n t\u00e9cnico profesional: un paso que transforma el futuro. Se menciona la Universidad de Talca.<\/a>\u00a0<\/div><div>\u00a0<\/div><div><b>CULTURIZARTE<\/b>\u00a0<br \/><a id=\"OWA9a334e4f-1758-ea66-7ad4-f4cab166edec\" title=\"https:\/\/culturizarte.cl\/con-piezas-originarias-de-diez-paises-de-africa-se-extiende-la-2a-bienal-de-arte-textil-en-el-centro-cultural-la-moneda\/\" href=\"https:\/\/culturizarte.cl\/con-piezas-originarias-de-diez-paises-de-africa-se-extiende-la-2a-bienal-de-arte-textil-en-el-centro-cultural-la-moneda\/\" target=\"_blank\" rel=\"noopener noreferrer\" data-auth=\"NotApplicable\" data-linkindex=\"36\">Con piezas originarias de diez pa\u00edses de \u00c1frica: se extiende la 2\u00aa Bienal de Arte Textil en el Centro Cultural La Moneda. Se menciona la Universidad de Talca.<\/a>\u00a0<\/div><div>\u00a0<\/div><div><b>METEORED<\/b>\u00a0<br \/><a id=\"OWA10e76a9d-ddbe-5e69-19b3-3622792109d0\" title=\"https:\/\/www.meteored.cl\/noticias\/ocio\/las-mejores-fiestas-de-la-vendimia-en-chile-de-curico-a-casablanca-donde-ir-a-catar-vinos-y-vivir-la-tradicion.html\" href=\"https:\/\/www.meteored.cl\/noticias\/ocio\/las-mejores-fiestas-de-la-vendimia-en-chile-de-curico-a-casablanca-donde-ir-a-catar-vinos-y-vivir-la-tradicion.html\" target=\"_blank\" rel=\"noopener noreferrer\" data-auth=\"NotApplicable\" data-linkindex=\"37\">Las mejores fiestas de la vendimia en Chile: de Curic\u00f3 a Casablanca,\u00a0d\u00f3nde ir a catar vinos y vivir la tradici\u00f3n. Se menciona la Universidad de Talca.<\/a>\u00a0<\/div><div>\u00a0<\/div><div><b>M\u00daSICA Y NOTICIAS<\/b>\u00a0<br \/><a id=\"OWAc2676bc1-afbd-eac6-2e41-d2b2f2d42bf6\" title=\"https:\/\/www.musicaynoticias.cl\/cultura-y-espectaculos\/buscan-talentos-para-integrar-la-orquesta-sinfonica-juvenil-regional-del-maule\/+\" href=\"https:\/\/www.musicaynoticias.cl\/cultura-y-espectaculos\/buscan-talentos-para-integrar-la-orquesta-sinfonica-juvenil-regional-del-maule\/+\" target=\"_blank\" rel=\"noopener noreferrer\" data-auth=\"NotApplicable\" data-linkindex=\"38\">Buscan talentos para integrar la Orquesta Sinf\u00f3nica Juvenil Regional del Maule. Se menciona la Universidad de Talca.<\/a>\u00a0<\/div><div aria-hidden=\"true\">\u00a0<\/div>\t\t\t\t\t\t<\/div>\n\t\t\t\t<\/div>\n\t\t\t\t\t<\/div>\n\t\t<\/div>\n\t\t\t\t\t\t\t<\/div>\n\t\t<\/section>\n\t\t\t\t\t\t<\/div>\n\t\t\t\t\t<\/div>\n\t\t","protected":false},"excerpt":{"rendered":"<p>EMOL\u00a0Consejos eficientes para gastar menos combustible en los autos ante alza del petr\u00f3leo. Se refiere\u00a0Gonzalo Pincheira, acad\u00e9mico de la Facultad de Ingenier\u00eda.\u00a0\u00a0FM QUIERO\u00a0C\u00f3mo ahorrar combustible en tu auto ante el aumento del precio del\u00a0petr\u00f3leo.\u00a0Se refiere Gonzalo Pincheira, acad\u00e9mico de la Facultad de Ingenier\u00eda.\u00a0\u00a0FM PLUS\u00a0C\u00f3mo ahorrar combustible en tu auto ante el aumento del precio del &hellip;<\/p>\n<p class=\"read-more\"> <a class=\"\" href=\"https:\/\/www.reportedeprensa.utalca.cl\/?p=13387\"> <span class=\"screen-reader-text\">11 de marzo 2026<\/span> Read More &raquo;<\/a><\/p>\n","protected":false},"author":1,"featured_media":0,"comment_status":"closed","ping_status":"open","sticky":false,"template":"","format":"standard","meta":{"_monsterinsights_skip_tracking":false,"_monsterinsights_sitenote_active":false,"_monsterinsights_sitenote_note":"","_monsterinsights_sitenote_category":0},"categories":[68],"tags":[],"_links":{"self":[{"href":"https:\/\/www.reportedeprensa.utalca.cl\/index.php?rest_route=\/wp\/v2\/posts\/13387"}],"collection":[{"href":"https:\/\/www.reportedeprensa.utalca.cl\/index.php?rest_route=\/wp\/v2\/posts"}],"about":[{"href":"https:\/\/www.reportedeprensa.utalca.cl\/index.php?rest_route=\/wp\/v2\/types\/post"}],"author":[{"embeddable":true,"href":"https:\/\/www.reportedeprensa.utalca.cl\/index.php?rest_route=\/wp\/v2\/users\/1"}],"replies":[{"embeddable":true,"href":"https:\/\/www.reportedeprensa.utalca.cl\/index.php?rest_route=%2Fwp%2Fv2%2Fcomments&post=13387"}],"version-history":[{"count":4,"href":"https:\/\/www.reportedeprensa.utalca.cl\/index.php?rest_route=\/wp\/v2\/posts\/13387\/revisions"}],"predecessor-version":[{"id":13391,"href":"https:\/\/www.reportedeprensa.utalca.cl\/index.php?rest_route=\/wp\/v2\/posts\/13387\/revisions\/13391"}],"wp:attachment":[{"href":"https:\/\/www.reportedeprensa.utalca.cl\/index.php?rest_route=%2Fwp%2Fv2%2Fmedia&parent=13387"}],"wp:term":[{"taxonomy":"category","embeddable":true,"href":"https:\/\/www.reportedeprensa.utalca.cl\/index.php?rest_route=%2Fwp%2Fv2%2Fcategories&post=13387"},{"taxonomy":"post_tag","embeddable":true,"href":"https:\/\/www.reportedeprensa.utalca.cl\/index.php?rest_route=%2Fwp%2Fv2%2Ftags&post=13387"}],"curies":[{"name":"wp","href":"https:\/\/api.w.org\/{rel}","templated":true}]}}