{"id":13399,"date":"2026-03-12T15:19:10","date_gmt":"2026-03-12T18:19:10","guid":{"rendered":"https:\/\/www.reportedeprensa.utalca.cl\/?p=13399"},"modified":"2026-03-13T10:40:14","modified_gmt":"2026-03-13T13:40:14","slug":"11-de-marzo-2026-2","status":"publish","type":"post","link":"https:\/\/www.reportedeprensa.utalca.cl\/?p=13399","title":{"rendered":"12 de marzo 2026"},"content":{"rendered":"\t\t<div data-elementor-type=\"wp-post\" data-elementor-id=\"13399\" class=\"elementor elementor-13399\" data-elementor-settings=\"[]\">\n\t\t\t\t\t\t\t<div class=\"elementor-section-wrap\">\n\t\t\t\t\t\t\t<section class=\"elementor-section elementor-top-section elementor-element elementor-element-bcea1a8 elementor-section-boxed elementor-section-height-default elementor-section-height-default\" data-id=\"bcea1a8\" data-element_type=\"section\">\n\t\t\t\t\t\t<div class=\"elementor-container elementor-column-gap-default\">\n\t\t\t\t\t<div class=\"elementor-column elementor-col-100 elementor-top-column elementor-element elementor-element-e7183bf\" data-id=\"e7183bf\" data-element_type=\"column\">\n\t\t\t<div class=\"elementor-widget-wrap elementor-element-populated\">\n\t\t\t\t\t\t\t\t<div class=\"elementor-element elementor-element-1cf3cd1 elementor-widget elementor-widget-text-editor\" data-id=\"1cf3cd1\" data-element_type=\"widget\" data-widget_type=\"text-editor.default\">\n\t\t\t\t<div class=\"elementor-widget-container\">\n\t\t\t\t\t\t\t\t<p><b><span data-contrast=\"auto\">RADIO ANCOA<\/span><\/b>\u00a0<br \/><a href=\"https:\/\/www.litoralpress.cl\/sitio\/RadioTV_Detalles.cshtml?LPKey=INHH42F3FGHRUAMQCSJMOEIKOXPZGAZASAKI7BKWJJQE5EJ3YFDZHLW3QBKDDYMFLXCAZVAI333U6\"><span data-contrast=\"none\">Entrevista a Mauricio V\u00e9liz Campos, decano de la Facultad de Ciencias de la Educaci\u00f3n.\u00a0<\/span><\/a><span data-ccp-props=\"{}\">\u00a0<\/span><\/p><p><span data-ccp-props=\"{}\">\u00a0<\/span><\/p><p><b><span data-contrast=\"auto\">MEDIABANCO<\/span><\/b>\u00a0<br \/><a href=\"https:\/\/www.mediabanco.com\/quiere-aprender-ingles-estudio-revela-que-la-habilidad-musical-podria-ayudar\/\"><span data-contrast=\"none\">\u00bfQuiere aprender ingl\u00e9s?: estudio revela que la habilidad musical podr\u00eda ayudar. Se refiere Mauricio V\u00e9liz, decano de la Facultad de Ciencias de la Educaci\u00f3n.<\/span><\/a><span data-contrast=\"auto\">\u00a0<\/span><span data-ccp-props=\"{}\">\u00a0<\/span><\/p><p><span data-ccp-props=\"{}\">\u00a0<\/span><\/p><p><b><span data-contrast=\"auto\">MAULE HOY<\/span><\/b>\u00a0<br \/><a href=\"https:\/\/www.litoralpress.cl\/paginaconsultas\/Servicios_NClipWeb\/Get_Imagen_Nota.aspx?LPKey=YO5RWNFSJLIZZ3OOQZXURYOVNWTXIBKXHMKQAQOMQJBNIWBM4XSVXZDATXHW6KINGV2GH432K4KAW\"><span data-contrast=\"none\">Primeros 100 d\u00edas del nuevo gobierno: \u00bfLuna de miel o desaf\u00edos pol\u00edticos? Se refiere Mario Herrera Mu\u00f1oz, acad\u00e9mico del Centro de An\u00e1lisis Pol\u00edtico (CAP-UTalca)<\/span><\/a><span data-ccp-props=\"{}\">\u00a0<\/span><\/p><p><span data-ccp-props=\"{}\">\u00a0<\/span><\/p><p><b><span data-contrast=\"auto\">RADIO INFINITA<\/span><\/b>\u00a0<br \/><a href=\"https:\/\/www.litoralpress.cl\/sitio\/RadioTV_Detalles.cshtml?LPKey=J4OZSYS5L5QOJ64ZVOVZBGR6EFEQCXTMKLTGUF5ZNVA4XOODW7KVJJ4U3O56PUEATFQ3K44CYRWLM\"><span data-contrast=\"none\">Cambio de mando presidencial 2026 IV. Se refiere Mauricio Morales Quiroga, director de Centro de An\u00e1lisis Pol\u00edtico (CAP-UTalca)<\/span><\/a><span data-ccp-props=\"{}\">\u00a0<\/span><\/p><p><span data-ccp-props=\"{}\">\u00a0<\/span><\/p><p><b><span data-contrast=\"auto\">CANAL MEGA<\/span><\/b>\u00a0<br \/><a href=\"https:\/\/www.litoralpress.cl\/sitio\/RadioTV_Detalles.cshtml?LPKey=LW52OFUB2L2FULGRQGRED7HLCT5W73C2BLGMSK5URJMBMD5UGCPDGO5BTHKHBNR6WRHW5CU63OUBS\"><span data-contrast=\"none\">Presidente\u00a0Kast firma primeros decretos. Se refiere Mauricio Morales Quiroga, director de Centro de An\u00e1lisis Pol\u00edtico (CAP-UTalca)<\/span><\/a><span data-ccp-props=\"{}\">\u00a0<\/span><\/p><p><span data-ccp-props=\"{}\">\u00a0<\/span><\/p><p><b><span data-contrast=\"auto\">CANAL MEGANOTICIAS<\/span><\/b>\u00a0<br \/><a href=\"https:\/\/www.litoralpress.cl\/sitio\/RadioTV_Detalles.cshtml?LPKey=D7REXUGMPXJRM74GHWVEN66SLVXKNJBWJPRHU3KOF3ULBUWNUFQSNHYSDQCLMPROPJYU4YXCU2QJU\"><span data-contrast=\"none\">An\u00e1lisis del discurso de Jos\u00e9 Antonio\u00a0Kast.Se\u00a0refiere Mauricio Morales Quiroga, director de Centro de An\u00e1lisis Pol\u00edtico (CAP-UTalca)<\/span><\/a><span data-ccp-props=\"{}\">\u00a0<\/span><\/p><p><span data-ccp-props=\"{}\">\u00a0<\/span><\/p><p><b><span data-contrast=\"auto\">MEGANOTICIAS AHORA<\/span><\/b>\u00a0<br \/><a href=\"https:\/\/www.litoralpress.cl\/sitio\/RadioTV_Detalles.cshtml?LPKey=PJ5PO3YOKESXEHH5MLBNNIRA4I3JLBN6F3ICRFAQTTBIL62WYRM263SSSJQYSVWMURE3QM3NZLRAS\"><span data-contrast=\"none\">Expectaci\u00f3n por discurso en La Moneda. Se refiere Mauricio Morales Quiroga, director de Centro de An\u00e1lisis Pol\u00edtico (CAP-UTalca)<\/span><\/a><span data-ccp-props=\"{}\">\u00a0<\/span><\/p><p><span data-ccp-props=\"{}\">\u00a0<\/span><\/p><p><b><span data-contrast=\"auto\">DIARIO EL HERALDO<\/span><\/b>\u00a0<br \/><a href=\"https:\/\/www.diarioelheraldo.cl\/noticia\/reconfiguracion-del-congreso-advierten-un-parlamento-mas-fragmentado-y-polarizado\"><span data-contrast=\"none\">Reconfiguraci\u00f3n del Congreso: Advierten un parlamento m\u00e1s fragmentado y polarizado. Se refiere Mario Herrera Mu\u00f1oz, acad\u00e9mico del Centro de An\u00e1lisis Pol\u00edtico (CAP-UTalca)<\/span><\/a><span data-ccp-props=\"{}\">\u00a0<\/span><\/p><p><b><span data-contrast=\"auto\">AD PRENSA<\/span><\/b>\u00a0<br \/><a href=\"https:\/\/www.adprensa.cl\/congreso\/reconfiguracion-del-congreso-advierten-un-parlamento-mas-fragmentado-y-polarizado\/\"><span data-contrast=\"none\">Reconfiguraci\u00f3n del Congreso: Advierten un parlamento m\u00e1s fragmentado y polarizado. Se refiere Mario Herrera Mu\u00f1oz, acad\u00e9mico del Centro de An\u00e1lisis Pol\u00edtico (CAP-UTalca)<\/span><\/a><span data-ccp-props=\"{}\">\u00a0<\/span><\/p><p><span data-ccp-props=\"{}\">\u00a0<\/span><\/p><p><b><span data-contrast=\"auto\">DIARIO TALCA<\/span><\/b>\u00a0<br \/><a href=\"https:\/\/diariotalca.cl\/candidatos-carlos-torres-y-arcadio-cerda-pasaron-a-segunda-vuelta-en-elecciones-de-rector-utalca\/\"><span data-contrast=\"none\">Candidatos Carlos Torres y Arcadio Cerda pasaron a segunda vuelta en elecciones de rector\u00a0UTalca<\/span><\/a><span data-ccp-props=\"{}\">\u00a0<\/span><\/p><p><span data-ccp-props=\"{}\">\u00a0<\/span><\/p><p><b><span data-contrast=\"auto\">G5 NOTICIAS<\/span><\/b>\u00a0<br \/><a href=\"https:\/\/g5noticias.cl\/2026\/03\/11\/reconfiguracion-del-congreso-advierten-un-parlamento-mas-fragmentado-y-polarizado\/\"><span data-contrast=\"none\">Reconfiguraci\u00f3n del Congreso: Advierten un parlamento m\u00e1s fragmentado y polarizado. Se refiere Mario Herrera Mu\u00f1oz, acad\u00e9mico del Centro de An\u00e1lisis Pol\u00edtico (CAP-UTalca)<\/span><\/a><span data-ccp-props=\"{}\">\u00a0<\/span><\/p><p><span data-ccp-props=\"{}\">\u00a0<\/span><\/p><p><b><span data-contrast=\"auto\">CAUQUENES.NET<\/span><\/b>\u00a0<br \/><a href=\"https:\/\/cauquenesnet.cl\/2026\/03\/11\/reconfiguracion-del-congreso-advierten-un-parlamento-mas-fragmentado-y-polarizado\/\"><span data-contrast=\"none\">Reconfiguraci\u00f3n del Congreso: Advierten un parlamento m\u00e1s fragmentado y polarizado. Se refiere Mario Herrera Mu\u00f1oz, acad\u00e9mico del Centro de An\u00e1lisis Pol\u00edtico (CAP-UTalca)<\/span><\/a><span data-ccp-props=\"{}\">\u00a0<\/span><\/p><p><span data-ccp-props=\"{}\">\u00a0<\/span><\/p><p><b><span data-contrast=\"auto\">EL SIGLO<\/span><\/b>\u00a0<br \/><a href=\"https:\/\/elsiglo.cl\/primeros-100-dias-del-nuevo-gobierno-luna-de-miel-o-desafios-politicos\/\"><span data-contrast=\"none\">Primeros 100 d\u00edas del nuevo gobierno: \u00bfLuna de miel o desaf\u00edos pol\u00edticos? Se refiere Mario Herrera Mu\u00f1oz, acad\u00e9mico del Centro de An\u00e1lisis Pol\u00edtico (CAP-UTalca)<\/span><\/a><span data-ccp-props=\"{}\">\u00a0<\/span><\/p><p><span data-ccp-props=\"{}\">\u00a0<\/span><\/p><p><b><span data-contrast=\"auto\">INOTICIAS<\/span><\/b>\u00a0<br \/><a href=\"https:\/\/inoticias.cl\/detalle\/primeros-100-dias-del-nuevo-gobierno-luna-de-miel-o\"><span data-contrast=\"none\">Primeros 100 d\u00edas del nuevo gobierno: \u00bfLuna de miel o desaf\u00edos pol\u00edticos? Se refiere Mario Herrera Mu\u00f1oz, acad\u00e9mico del Centro de An\u00e1lisis Pol\u00edtico (CAP-UTalca)<\/span><\/a><span data-ccp-props=\"{}\">\u00a0<\/span><\/p><p><span data-ccp-props=\"{}\">\u00a0<\/span><\/p><p><b><span data-contrast=\"auto\">EL LECTOR<\/span><\/b>\u00a0<br \/><a href=\"https:\/\/www.litoralpress.cl\/paginaconsultas\/Servicios_NClipWeb\/Get_Imagen_Nota.aspx?LPKey=2HKDMSN5WNJYG5IUQEVNPS56UOYQXJKBYAUO3FJVPUCALEKTKLH6VRU5NP7M3XQJAOS4BZSU47PLO\"><span data-contrast=\"none\">Reconfiguraci\u00f3n del Congreso: Advierten un parlamento m\u00e1s fragmentado y polarizado. Se refiere Mario Herrera Mu\u00f1oz, acad\u00e9mico del Centro de An\u00e1lisis Pol\u00edtico (CAP-UTalca)<\/span><\/a><span data-ccp-props=\"{}\">\u00a0<\/span><\/p><p><span data-ccp-props=\"{}\">\u00a0<\/span><\/p><p><b><span data-contrast=\"auto\">EL RANCAG\u00dcINO<\/span><\/b>\u00a0<br \/><a href=\"https:\/\/www.litoralpress.cl\/paginaconsultas\/Servicios_NClipWeb\/Get_Imagen_Nota.aspx?LPKey=TRA5V5OCUJ7PCKQDW6VQSCVD6SHOIC4AUFSSGUIGEJWGOVKGBTBTI6DLU4NLAC2SE6Q5LT2JPAH7U\"><span data-contrast=\"none\">Reconfiguraci\u00f3n del Congreso: Advierten un parlamento m\u00e1s fragmentado y polarizado. Se refiere Mario Herrera Mu\u00f1oz, acad\u00e9mico del Centro de An\u00e1lisis Pol\u00edtico (CAP-UTalca)<\/span><\/a><span data-ccp-props=\"{}\">\u00a0<\/span><\/p><p><span data-ccp-props=\"{}\">\u00a0<\/span><\/p><p><b><span data-contrast=\"auto\">RADIO UNIVERSIDAD DE SANTIAGO<\/span><\/b>\u00a0<br \/><a href=\"https:\/\/www.litoralpress.cl\/sitio\/RadioTV_Detalles.cshtml?LPKey=BZR4E7OFW6TKPSXDS55N56GGGJ3HHNKU6EN5MKULIGHKF43RS5GTPPVHAHTHNWSE6YDQL5EIRT5JM\"><span data-contrast=\"none\">Entrevista a Mario Herrera, profesor y director del Departamento de Ciencia Pol\u00edtica y Administraci\u00f3n P\u00fablica<\/span><\/a><span data-contrast=\"auto\">\u00a0<\/span><span data-ccp-props=\"{}\">\u00a0<\/span><\/p><p><span data-ccp-props=\"{}\">\u00a0<\/span><\/p><p><b><span data-contrast=\"auto\">RADIO VLN<\/span><\/b>\u00a0<br \/><a href=\"https:\/\/www.litoralpress.cl\/sitio\/RadioTV_Detalles.cshtml?LPKey=GGLXUXIJ2BU7VGNP2SGIQGRXOKBTLSYLX663JDMVV36KUNO4MUPZGN3GTXWX4LXXVEHGTMPQ5RIZW\"><span data-contrast=\"none\">Entrevista a Mario Herrera.\u00a0Director de la Escuela de Ciencia Pol\u00edtica y Administraci\u00f3n P\u00fablica<\/span><\/a><span data-contrast=\"auto\">\u00a0<\/span><span data-ccp-props=\"{}\">\u00a0<\/span><\/p><p><span data-ccp-props=\"{}\">\u00a0<\/span><\/p><p><b><span data-contrast=\"auto\">RADIO FAVORITA<\/span><\/b>\u00a0<br \/><a href=\"https:\/\/www.litoralpress.cl\/sitio\/RadioTV_Detalles.cshtml?LPKey=4AD3RPXBR7ZTPKKOZEGGFGPEIOMQFTQ6QUYEGDYO7GVJQF44XHIS7UF5OAKS2HBK7KGEFJJF6A6BK\"><span data-contrast=\"none\">Entrevista a Mario Herrera.\u00a0Director de la Escuela de Ciencia Pol\u00edtica y Administraci\u00f3n P\u00fablica<\/span><\/a><span data-contrast=\"auto\">\u00a0<\/span><span data-ccp-props=\"{}\">\u00a0<\/span><\/p><p><span data-ccp-props=\"{}\">\u00a0<\/span><\/p><p><b><span data-contrast=\"auto\">CAUQUENES.NET<\/span><\/b>\u00a0<br \/><a href=\"https:\/\/cauquenesnet.cl\/2026\/03\/11\/nuevos-hospitales-de-cauquenes-y-parral-proyectan-alianza-con-universidades-para-fortalecer-la-red-de-salud-del-maule\/\"><span data-contrast=\"none\">Nuevos hospitales de Cauquenes y Parral proyectan alianza con universidades para fortalecer la red de salud del Maule. Se refiere\u00a0<\/span><span data-contrast=\"none\">Nelson Brown Vega,\u00a0director de la Escuela de Medicina.<\/span><\/a><span data-contrast=\"auto\">\u00a0<\/span><span data-ccp-props=\"{}\">\u00a0<\/span><\/p><p><span data-ccp-props=\"{}\">\u00a0<\/span><\/p><p><b><span data-contrast=\"auto\">AGENCIA XINHUA<\/span><\/b>\u00a0<br \/><a href=\"http:\/\/spanish.peopledaily.com.cn\/n3\/2026\/0311\/c31617-20434569.html\"><span data-contrast=\"none\">Boric\u00a0deja Presidencia chilena con importantes reformas, plantean expertos. Se refiere Andrea Bentancor, acad\u00e9mica de la Facultad de Econom\u00eda y Negocios.<\/span><\/a><span data-contrast=\"auto\">\u00a0<\/span><span data-ccp-props=\"{}\">\u00a0<\/span><\/p><p><span data-ccp-props=\"{}\">\u00a0<\/span><\/p><p><b><span data-contrast=\"auto\">DIARIO EL CENTRO<\/span><\/b>\u00a0<br \/><a href=\"https:\/\/www.diarioelcentro.cl\/2026\/03\/11\/envejecer-no-es-igual-para-todos-la-desigualdad-tambien-se-acumula\/\"><span data-contrast=\"none\">Envejecer no es igual para todos: la desigualdad tambi\u00e9n se acumula. Se refiere Iv\u00e1n Palomo, director del Centro de Longevidad VITALIS.<\/span><\/a><span data-ccp-props=\"{}\">\u00a0<\/span><\/p><p><span data-ccp-props=\"{}\">\u00a0<\/span><\/p><p><b><span data-contrast=\"auto\">UNIVERSIDAD DE CHILE<\/span><\/b>\u00a0<br \/><a href=\"https:\/\/minas.uchile.cl\/noticias\/237645\/nuevo-doctor-en-ingenieria-de-minas-de-la-universidad-de-chile1\"><span data-contrast=\"none\">Nuevo Doctor en Ingenier\u00eda de Minas de la Universidad de Chile investiga proceso para extraer cobre desde minerales de baja ley. Se menciona la Universidad de Talca.<\/span><\/a><span data-ccp-props=\"{}\">\u00a0<\/span><\/p><p><b><span data-contrast=\"auto\">EL HERALDO<\/span><\/b>\u00a0<br \/><a href=\"https:\/\/www.litoralpress.cl\/paginaconsultas\/Servicios_NClipWeb\/Get_Imagen_Nota.aspx?LPKey=GMS7RZYHWCYHRRM2MQYDRGXPHDCZ4HBD5IYGV5RQK6IT3BNOBWAYUNMXXE2Z7FSOE45CEJ6CCD4DY\"><span data-contrast=\"none\">Delegada Aly Valderrama es despedida por decenas de dirigentes sociales de la provincia. Se menciona la Universidad de Talca.<\/span><\/a><span data-ccp-props=\"{}\">\u00a0<\/span><\/p><p><span data-ccp-props=\"{}\">\u00a0<\/span><\/p><p><b><span data-contrast=\"auto\">LA PRENSA DE CURIC\u00d3<\/span><\/b>\u00a0<br \/><a href=\"https:\/\/www.litoralpress.cl\/paginaconsultas\/Servicios_NClipWeb\/Get_Imagen_Nota.aspx?LPKey=PRUXOZJDMJIA7GTH5CWLCRBYOISQGZNTOSILSPTNE5TFNCX3VCMNCPOFQS2RBVIBVLXT7FBFEPXKC\"><span data-contrast=\"none\">Sucede. Se menciona la Universidad de Talca.<\/span><\/a><span data-contrast=\"auto\">\u00a0<\/span><span data-ccp-props=\"{}\">\u00a0<\/span><\/p><p><span data-ccp-props=\"{}\">\u00a0<\/span><\/p><p><b><span data-contrast=\"auto\">DIARIO EL HERALDO<\/span><\/b>\u00a0<br \/><a href=\"https:\/\/www.diarioelheraldo.cl\/noticia\/delegada-aly-valderrama-es-despedida-por-decenas-de-dirigentes-sociales-de-la-provincia-\"><span data-contrast=\"none\">Delegada\u00a0Aly Valderrama es despedida por decenas de dirigentes sociales de la provincia. Se menciona la Universidad de Talca.<\/span><\/a><span data-ccp-props=\"{}\">\u00a0<\/span><\/p><p><span data-ccp-props=\"{}\">\u00a0<\/span><\/p><p><b><span data-contrast=\"auto\">CIENCIA EN CHILE<\/span><\/b>\u00a0<br \/><a href=\"https:\/\/www.cienciaenchile.cl\/gobierno-presento-resultados-de-estudio-preliminar-para-proyecto-que-desinfecta-el-agua-de-apr-sin-cloro\/\"><span data-contrast=\"none\">Gobierno present\u00f3 resultados de estudio preliminar para proyecto que desinfecta el agua de APR sin cloro. Se menciona la Universidad de Talca.<\/span><\/a><span data-ccp-props=\"{}\">\u00a0<\/span><\/p><p><span data-ccp-props=\"{}\">\u00a0<\/span><\/p><p><b><span data-contrast=\"auto\">UNIVERSIDAD DE CHILE<\/span><\/b>\u00a0<br \/><a href=\"https:\/\/uchile.cl\/noticias\/237648\/higado-graso\"><span data-contrast=\"none\">Estudio U. de Chile alerta sobre los riesgos de la mala alimentaci\u00f3n y el consumo de alcohol en el h\u00edgado graso. Se menciona la Universidad de Talca.<\/span><\/a><span data-contrast=\"auto\">\u00a0<\/span><span data-ccp-props=\"{}\">\u00a0<\/span><\/p><p><span data-ccp-props=\"{}\">\u00a0<\/span><\/p>\t\t\t\t\t\t<\/div>\n\t\t\t\t<\/div>\n\t\t\t\t\t<\/div>\n\t\t<\/div>\n\t\t\t\t\t\t\t<\/div>\n\t\t<\/section>\n\t\t\t\t\t\t<\/div>\n\t\t\t\t\t<\/div>\n\t\t","protected":false},"excerpt":{"rendered":"<p>RADIO ANCOA\u00a0Entrevista a Mauricio V\u00e9liz Campos, decano de la Facultad de Ciencias de la Educaci\u00f3n.\u00a0\u00a0 \u00a0 MEDIABANCO\u00a0\u00bfQuiere aprender ingl\u00e9s?: estudio revela que la habilidad musical podr\u00eda ayudar. Se refiere Mauricio V\u00e9liz, decano de la Facultad de Ciencias de la Educaci\u00f3n.\u00a0\u00a0 \u00a0 MAULE HOY\u00a0Primeros 100 d\u00edas del nuevo gobierno: \u00bfLuna de miel o desaf\u00edos pol\u00edticos? Se &hellip;<\/p>\n<p class=\"read-more\"> <a class=\"\" href=\"https:\/\/www.reportedeprensa.utalca.cl\/?p=13399\"> <span class=\"screen-reader-text\">12 de marzo 2026<\/span> Read More &raquo;<\/a><\/p>\n","protected":false},"author":1,"featured_media":0,"comment_status":"closed","ping_status":"open","sticky":false,"template":"","format":"standard","meta":{"_monsterinsights_skip_tracking":false,"_monsterinsights_sitenote_active":false,"_monsterinsights_sitenote_note":"","_monsterinsights_sitenote_category":0},"categories":[68],"tags":[],"_links":{"self":[{"href":"https:\/\/www.reportedeprensa.utalca.cl\/index.php?rest_route=\/wp\/v2\/posts\/13399"}],"collection":[{"href":"https:\/\/www.reportedeprensa.utalca.cl\/index.php?rest_route=\/wp\/v2\/posts"}],"about":[{"href":"https:\/\/www.reportedeprensa.utalca.cl\/index.php?rest_route=\/wp\/v2\/types\/post"}],"author":[{"embeddable":true,"href":"https:\/\/www.reportedeprensa.utalca.cl\/index.php?rest_route=\/wp\/v2\/users\/1"}],"replies":[{"embeddable":true,"href":"https:\/\/www.reportedeprensa.utalca.cl\/index.php?rest_route=%2Fwp%2Fv2%2Fcomments&post=13399"}],"version-history":[{"count":4,"href":"https:\/\/www.reportedeprensa.utalca.cl\/index.php?rest_route=\/wp\/v2\/posts\/13399\/revisions"}],"predecessor-version":[{"id":13403,"href":"https:\/\/www.reportedeprensa.utalca.cl\/index.php?rest_route=\/wp\/v2\/posts\/13399\/revisions\/13403"}],"wp:attachment":[{"href":"https:\/\/www.reportedeprensa.utalca.cl\/index.php?rest_route=%2Fwp%2Fv2%2Fmedia&parent=13399"}],"wp:term":[{"taxonomy":"category","embeddable":true,"href":"https:\/\/www.reportedeprensa.utalca.cl\/index.php?rest_route=%2Fwp%2Fv2%2Fcategories&post=13399"},{"taxonomy":"post_tag","embeddable":true,"href":"https:\/\/www.reportedeprensa.utalca.cl\/index.php?rest_route=%2Fwp%2Fv2%2Ftags&post=13399"}],"curies":[{"name":"wp","href":"https:\/\/api.w.org\/{rel}","templated":true}]}}