{"id":13404,"date":"2026-03-13T10:40:27","date_gmt":"2026-03-13T13:40:27","guid":{"rendered":"https:\/\/www.reportedeprensa.utalca.cl\/?p=13404"},"modified":"2026-03-13T10:57:53","modified_gmt":"2026-03-13T13:57:53","slug":"13-de-marzo-2026","status":"publish","type":"post","link":"https:\/\/www.reportedeprensa.utalca.cl\/?p=13404","title":{"rendered":"13 de marzo 2026"},"content":{"rendered":"\t\t<div data-elementor-type=\"wp-post\" data-elementor-id=\"13404\" class=\"elementor elementor-13404\" data-elementor-settings=\"[]\">\n\t\t\t\t\t\t\t<div class=\"elementor-section-wrap\">\n\t\t\t\t\t\t\t<section class=\"elementor-section elementor-top-section elementor-element elementor-element-bcea1a8 elementor-section-boxed elementor-section-height-default elementor-section-height-default\" data-id=\"bcea1a8\" data-element_type=\"section\">\n\t\t\t\t\t\t<div class=\"elementor-container elementor-column-gap-default\">\n\t\t\t\t\t<div class=\"elementor-column elementor-col-100 elementor-top-column elementor-element elementor-element-e7183bf\" data-id=\"e7183bf\" data-element_type=\"column\">\n\t\t\t<div class=\"elementor-widget-wrap elementor-element-populated\">\n\t\t\t\t\t\t\t\t<div class=\"elementor-element elementor-element-1cf3cd1 elementor-widget elementor-widget-text-editor\" data-id=\"1cf3cd1\" data-element_type=\"widget\" data-widget_type=\"text-editor.default\">\n\t\t\t\t<div class=\"elementor-widget-container\">\n\t\t\t\t\t\t\t\t<div><b data-olk-copy-source=\"MessageBody\">RADIO BIOB\u00cdO<\/b><b>\u00a0<\/b>\u00a0<br \/><a title=\"https:\/\/www.biobiochile.cl\/noticias\/servicios\/consejos-bbcl-contigo\/2026\/03\/12\/alza-de-las-bencinas-5-practicas-sencillas-para-gastar-menos-combustible-al-conducir.shtml\" href=\"https:\/\/www.biobiochile.cl\/noticias\/servicios\/consejos-bbcl-contigo\/2026\/03\/12\/alza-de-las-bencinas-5-practicas-sencillas-para-gastar-menos-combustible-al-conducir.shtml\" target=\"_blank\" rel=\"noopener noreferrer\" data-auth=\"NotApplicable\" data-linkindex=\"0\">Alza de las bencinas: 5 pr\u00e1cticas sencillas para gastar menos combustible al conducir. Se refiere Gonzalo Pincheira Orellana, acad\u00e9mico de la Facultad de Ingenier\u00eda<\/a><a title=\"https:\/\/www.biobiochile.cl\/noticias\/servicios\/consejos-bbcl-contigo\/2026\/03\/12\/alza-de-las-bencinas-5-practicas-sencillas-para-gastar-menos-combustible-al-conducir.shtml\" href=\"https:\/\/www.biobiochile.cl\/noticias\/servicios\/consejos-bbcl-contigo\/2026\/03\/12\/alza-de-las-bencinas-5-practicas-sencillas-para-gastar-menos-combustible-al-conducir.shtml\" target=\"_blank\" rel=\"noopener noreferrer\" data-auth=\"NotApplicable\" data-linkindex=\"1\">\u00a0<\/a><\/div><div>\u00a0<\/div><div><b>MSN CHILE<\/b>\u00a0<br \/><a id=\"OWA480c9c6e-12e9-09a1-5d1c-23858dc670d3\" title=\"https:\/\/dialogosur.cl\/2026\/03\/higado-graso-chile-riesgos-alcohol-alimentacion\/\" href=\"https:\/\/dialogosur.cl\/2026\/03\/higado-graso-chile-riesgos-alcohol-alimentacion\/\" target=\"_blank\" rel=\"noopener noreferrer\" data-auth=\"NotApplicable\" data-linkindex=\"2\">Alza de las bencinas: 5 pr\u00e1cticas sencillas para gastar menos combustible al conducir. Se refiere Gonzalo Pincheira Orellana, acad\u00e9mico de la Facultad de Ingenier\u00eda<\/a>\u00a0<\/div><div aria-hidden=\"true\">\u00a0<\/div><div><b>EL MARTUTINO<\/b>\u00a0<br \/><a id=\"OWAe77569c1-6054-0f82-ce7f-61f30b999212\" title=\"https:\/\/www.elmartutino.cl\/noticia\/economia\/como-ahorrar-bencina-ante-alza-del-petroleo-experto-entrega-claves-para-reducir-el-\" href=\"https:\/\/www.elmartutino.cl\/noticia\/economia\/como-ahorrar-bencina-ante-alza-del-petroleo-experto-entrega-claves-para-reducir-el-\" target=\"_blank\" rel=\"noopener noreferrer\" data-auth=\"NotApplicable\" data-linkindex=\"3\">C\u00f3mo ahorrar bencina ante alza del petr\u00f3leo: experto entrega claves para reducir el consumo. Se refiere Gonzalo Pincheira Orellana, acad\u00e9mico de la Facultad de Ingenier\u00eda<\/a>\u00a0<\/div><div><b>EL MAULE INFORMA<\/b>\u00a0<br \/><a id=\"OWA097c7e3c-61ab-71ca-fca4-afb7a8f1fe59\" title=\"https:\/\/elmauleinforma.cl\/alza-de-petroleo-como-gastar-menos-combustible\/\" href=\"https:\/\/elmauleinforma.cl\/alza-de-petroleo-como-gastar-menos-combustible\/\" target=\"_blank\" rel=\"noopener noreferrer\" data-auth=\"NotApplicable\" data-linkindex=\"4\">Alza de petr\u00f3leo: \u00bfC\u00f3mo gastar menos combustible? Se refiere Gonzalo Pincheira Orellana, acad\u00e9mico de la Facultad de Ingenier\u00eda<\/a>\u00a0<\/div><div>\u00a0<\/div><div><b>DIARIO EL CENTRO<\/b>\u00a0<br \/><a id=\"OWAc0fd4338-56c6-679b-eb68-d097a13c6d92\" title=\"https:\/\/www.diarioelcentro.cl\/2026\/03\/12\/universidad-de-talca-definira-a-su-rector-en-segunda-vuelta-para-el-periodo-2026-2030\/\" href=\"https:\/\/www.diarioelcentro.cl\/2026\/03\/12\/universidad-de-talca-definira-a-su-rector-en-segunda-vuelta-para-el-periodo-2026-2030\/\" target=\"_blank\" rel=\"noopener noreferrer\" data-auth=\"NotApplicable\" data-linkindex=\"5\">Universidad de Talca definir\u00e1 a su rector en segunda vuelta para el periodo 2026-2030. Se refiere Isabel Hern\u00e1ndez Fern\u00e1ndez, secretaria general.<\/a>\u00a0<\/div><div>\u00a0<\/div><div><b>LA PRENSA DE CURIC\u00d3<\/b>\u00a0<br \/><a id=\"OWA6148630a-3a4a-0a8d-2a09-627c01cf9e0b\" title=\"https:\/\/www.litoralpress.cl\/paginaconsultas\/Servicios_NClipWeb\/Get_Imagen_Nota.aspx?LPKey=Y5ISNT3TAL6PVPGPERISZP6XWLL5J5HMNUHQ5ICNFY3JUS27GAGVZMOHKVGYBWV2I55ZA4WVVGJY4\" href=\"https:\/\/www.litoralpress.cl\/paginaconsultas\/Servicios_NClipWeb\/Get_Imagen_Nota.aspx?LPKey=Y5ISNT3TAL6PVPGPERISZP6XWLL5J5HMNUHQ5ICNFY3JUS27GAGVZMOHKVGYBWV2I55ZA4WVVGJY4\" target=\"_blank\" rel=\"noopener noreferrer\" data-auth=\"NotApplicable\" data-linkindex=\"6\">No se lleg\u00f3 a mayor\u00eda necesaria para definir rector de Universidad de Talca.\u00a0Se refiere Isabel Hern\u00e1ndez Fern\u00e1ndez, secretaria general.<\/a>\u00a0<\/div><div>\u00a0<\/div><div><b>MAULE HOY<\/b>\u00a0<br \/><a id=\"OWA48a09960-25e2-1fec-6526-ba1081e5aa6f\" title=\"https:\/\/www.litoralpress.cl\/paginaconsultas\/Servicios_NClipWeb\/Get_Imagen_Nota.aspx?LPKey=NIRMUDA5WOR46HMS4ACJ2WUEJ6T2U4H35MMHJSCIITBNTRSGNPYM5LHTL5D2VWRD6XD3VIEG4TS32\" href=\"https:\/\/www.litoralpress.cl\/paginaconsultas\/Servicios_NClipWeb\/Get_Imagen_Nota.aspx?LPKey=NIRMUDA5WOR46HMS4ACJ2WUEJ6T2U4H35MMHJSCIITBNTRSGNPYM5LHTL5D2VWRD6XD3VIEG4TS32\" target=\"_blank\" rel=\"noopener noreferrer\" data-auth=\"NotApplicable\" data-linkindex=\"7\">Arcadio Cerda y Carlos Torres pasan a segunda\u00a0vuelta para elegir rector de la U. de Talca.\u00a0Se refiere Isabel Hern\u00e1ndez Fern\u00e1ndez, secretaria general.<\/a>\u00a0<\/div><div>\u00a0<\/div><div><b>DIARIO LA PRENSA<\/b>\u00a0<br \/><a id=\"OWA3161814d-4769-cc34-1974-87a9a7ee1c89\" title=\"https:\/\/new.diariolaprensa.cl\/index.php\/2026\/03\/12\/no-se-llego-a-mayoria-necesaria-para-definir-rector-de-universidad-de-talca\/\" href=\"https:\/\/new.diariolaprensa.cl\/index.php\/2026\/03\/12\/no-se-llego-a-mayoria-necesaria-para-definir-rector-de-universidad-de-talca\/\" target=\"_blank\" rel=\"noopener noreferrer\" data-auth=\"NotApplicable\" data-linkindex=\"8\">No se lleg\u00f3 a mayor\u00eda necesaria para definir rector de Universidad de Talca.\u00a0Se refiere Isabel Hern\u00e1ndez Fern\u00e1ndez, secretaria general.<\/a>\u00a0<\/div><div>\u00a0<\/div><div><b>TV5<\/b>\u00a0<br \/><a id=\"OWA73fa25dc-fa5d-9239-0e89-f05882bacf09\" title=\"https:\/\/www.tv5.cl\/categoria\/local\/universidad-talca-definira-rector-vuelta\" href=\"https:\/\/www.tv5.cl\/categoria\/local\/universidad-talca-definira-rector-vuelta\" target=\"_blank\" rel=\"noopener noreferrer\" data-auth=\"NotApplicable\" data-linkindex=\"9\">Universidad de Talca definir\u00e1 a su pr\u00f3ximo rector en segunda vuelta.\u00a0Se refiere Isabel Hern\u00e1ndez Fern\u00e1ndez, secretaria general.<\/a>\u00a0<\/div><div aria-hidden=\"true\">\u00a0<\/div><div><b>AD PRENSA<\/b>\u00a0<br \/><a id=\"OWAc10e6eaa-0fec-ff71-917d-47854e5686a2\" title=\"https:\/\/www.adprensa.cl\/cronica\/quiere-aprender-ingles-estudio-revela-que-la-habilidad-musical-podria-ayudar\/\" href=\"https:\/\/www.adprensa.cl\/cronica\/quiere-aprender-ingles-estudio-revela-que-la-habilidad-musical-podria-ayudar\/\" target=\"_blank\" rel=\"noopener noreferrer\" data-auth=\"NotApplicable\" data-linkindex=\"10\">\u00bfQuiere aprender ingl\u00e9s?: estudio revela que la habilidad musical podr\u00eda ayudar. Se refiere Mauricio V\u00e9liz, decano de la Facultad de Ciencias de la Educaci\u00f3n<\/a>\u00a0<\/div><div>\u00a0<\/div><div><b>DIARIO USACH<\/b>\u00a0<br \/><a id=\"OWAce6f2101-7db5-96b1-742c-92f664dedd02\" title=\"https:\/\/www.diariousach.cl\/quiere-aprender-ingles-estudio-revela-que-la-habilidad-musical-podria\" href=\"https:\/\/www.diariousach.cl\/quiere-aprender-ingles-estudio-revela-que-la-habilidad-musical-podria\" target=\"_blank\" rel=\"noopener noreferrer\" data-auth=\"NotApplicable\" data-linkindex=\"11\">\u00bfQuiere aprender ingl\u00e9s?: Estudio revela que la habilidad musical podr\u00eda ayudarte. Se refiere Mauricio V\u00e9liz, decano de la Facultad de Ciencias de la Educaci\u00f3n<\/a>\u00a0<\/div><div>\u00a0<\/div><div><b>RADIO LAUTARO<\/b>\u00a0<br \/><a id=\"OWA28419a20-6dcb-9665-ed96-ae460f93055e\" title=\"https:\/\/radiolautarotalca.cl\/quiere-aprender-ingles-estudio-revela-que-la-habilidad-musical-podria-ayudar\/\" href=\"https:\/\/radiolautarotalca.cl\/quiere-aprender-ingles-estudio-revela-que-la-habilidad-musical-podria-ayudar\/\" target=\"_blank\" rel=\"noopener noreferrer\" data-auth=\"NotApplicable\" data-linkindex=\"12\">\u00bfQuiere aprender ingl\u00e9s?: estudio revela que la habilidad musical podr\u00eda ayudar. Se refiere Mauricio V\u00e9liz, decano de la Facultad de Ciencias de la Educaci\u00f3n<\/a>\u00a0<\/div><div aria-hidden=\"true\">\u00a0<\/div><div aria-hidden=\"true\">\u00a0<\/div><div><b>EL LECTOR<\/b>\u00a0<br \/><a id=\"OWA291ed3f4-2b7e-72cb-511e-c2f4f8ae2bd4\" title=\"https:\/\/www.litoralpress.cl\/paginaconsultas\/Servicios_NClipWeb\/Get_Imagen_Nota.aspx?LPKey=KAFPFVQUZVHRQERGDJRYMBTEFP6LCTWIS7LEZZOEOMEOWDWA5RXLLX7WUH36GYLU22OFM7NH7JFAY\" href=\"https:\/\/www.litoralpress.cl\/paginaconsultas\/Servicios_NClipWeb\/Get_Imagen_Nota.aspx?LPKey=KAFPFVQUZVHRQERGDJRYMBTEFP6LCTWIS7LEZZOEOMEOWDWA5RXLLX7WUH36GYLU22OFM7NH7JFAY\" target=\"_blank\" rel=\"noopener noreferrer\" data-auth=\"NotApplicable\" data-linkindex=\"13\">\u00bfQuiere aprender ingl\u00e9s ?: estudio revela que la habilidad musical podr\u00eda ayudar. Se refiere Mauricio V\u00e9liz, decano de la Facultad de Ciencias de la Educaci\u00f3n.<\/a>\u00a0<\/div><div>\u00a0<\/div><div><b>RADIO AMIGA<\/b>\u00a0<br \/><a id=\"OWA7b6b6408-ec4e-0970-eb37-ba0c5e4fdbc8\" title=\"https:\/\/www.litoralpress.cl\/sitio\/RadioTV_Detalles.cshtml?LPKey=ZGIG2CATVHPVJWZ2HTGZZP4CSDEJQHDP4ITGY3BCE35EHV44SDXOS2JSBUYEIRPR2JJACI5UT4CP2\" href=\"https:\/\/www.litoralpress.cl\/sitio\/RadioTV_Detalles.cshtml?LPKey=ZGIG2CATVHPVJWZ2HTGZZP4CSDEJQHDP4ITGY3BCE35EHV44SDXOS2JSBUYEIRPR2JJACI5UT4CP2\" target=\"_blank\" rel=\"noopener noreferrer\" data-auth=\"NotApplicable\" data-linkindex=\"14\">Ministerio de Salud est\u00e1 desarrollando la campa\u00f1a de vacunaci\u00f3n contra la influenza y el COVID 19. Se refiere \u00c9rika Retamal, directora del Departamento de Salud P\u00fablica.<\/a>\u00a0<\/div><div>\u00a0<\/div><div><b>RADIO INFINITA<\/b>\u00a0<br \/><a id=\"OWA0c9b2ca5-5586-54af-d090-1cc973ef86f8\" title=\"https:\/\/www.litoralpress.cl\/sitio\/RadioTV_Detalles.cshtml?LPKey=OTSDKXINKF56ISGTNCNJA7SWL2A4ZN2ZU63QSPH2HTV5GQLACUHQFFBCQWPCAORXRQTJOXAWMUWNS\" href=\"https:\/\/www.litoralpress.cl\/sitio\/RadioTV_Detalles.cshtml?LPKey=OTSDKXINKF56ISGTNCNJA7SWL2A4ZN2ZU63QSPH2HTV5GQLACUHQFFBCQWPCAORXRQTJOXAWMUWNS\" target=\"_blank\" rel=\"noopener noreferrer\" data-auth=\"NotApplicable\" data-linkindex=\"15\">Primer discurso de Jos\u00e9 Antonio Kast como\u00a0Presidente\u00a0de la Rep\u00fablica. Se refiere Mauricio Morales Quiroga, director del Centro de An\u00e1lisis Pol\u00edtico (CAP-UTalca)<\/a>\u00a0<\/div><div>\u00a0<\/div><div><b>LA OPI\u00d1ON<\/b>\u00a0<br \/><a id=\"OWA971fa53c-09c3-a3ad-9e5c-4cfb98c923d5\" title=\"https:\/\/www.laopinon.cl\/noticia\/politica\/reconfiguracion-del-congreso-advierten-un-parlamento-mas-fragmentado-y-polarizado\" href=\"https:\/\/www.laopinon.cl\/noticia\/politica\/reconfiguracion-del-congreso-advierten-un-parlamento-mas-fragmentado-y-polarizado\" target=\"_blank\" rel=\"noopener noreferrer\" data-auth=\"NotApplicable\" data-linkindex=\"16\">Reconfiguraci\u00f3n del Congreso: Advierten un parlamento m\u00e1s fragmentado y polarizado. Se refiere Mario herrera Mu\u00f1oz, acad\u00e9mico del Centro de An\u00e1lisis Pol\u00edtico (CAP-UTalca)<\/a>\u00a0<\/div><div>\u00a0<\/div><div><b>EL REPUERTERO<\/b>\u00a0<br \/><a id=\"OWA429e2801-98c6-756f-2210-0a662e1b65f0\" title=\"https:\/\/www.elrepuertero.cl\/noticia\/politica\/reconfiguracion-del-congreso-advierten-un-parlamento-mas-fragmentado-y-polarizado\" href=\"https:\/\/www.elrepuertero.cl\/noticia\/politica\/reconfiguracion-del-congreso-advierten-un-parlamento-mas-fragmentado-y-polarizado\" target=\"_blank\" rel=\"noopener noreferrer\" data-auth=\"NotApplicable\" data-linkindex=\"17\">Reconfiguraci\u00f3n del Congreso: Advierten un parlamento m\u00e1s fragmentado y polarizado. Se refiere Mario herrera Mu\u00f1oz, acad\u00e9mico del Centro de An\u00e1lisis Pol\u00edtico (CAP-UTalca)<\/a>\u00a0<\/div><div>\u00a0<\/div><div><b>EL MAGALLANEWS<\/b>\u00a0<br \/><a id=\"OWAb14463d0-861f-350c-3935-1c9e6ce8e863\" title=\"https:\/\/www.elmagallanews.cl\/noticia\/politica\/reconfiguracion-del-congreso-advierten-un-parlamento-mas-fragmentado-y-polarizado\" href=\"https:\/\/www.elmagallanews.cl\/noticia\/politica\/reconfiguracion-del-congreso-advierten-un-parlamento-mas-fragmentado-y-polarizado\" target=\"_blank\" rel=\"noopener noreferrer\" data-auth=\"NotApplicable\" data-linkindex=\"18\">Reconfiguraci\u00f3n del Congreso: Advierten un parlamento m\u00e1s fragmentado y polarizado. Se refiere Mario herrera Mu\u00f1oz, acad\u00e9mico del Centro de An\u00e1lisis Pol\u00edtico (CAP-UTalca)<\/a>\u00a0<\/div><div>\u00a0<\/div><div><b>EL AMAULE<\/b>\u00a0<br \/><a id=\"OWA0c47ba92-6a97-9b45-dfb3-da4796f9fb3e\" title=\"https:\/\/www.elamaule.cl\/noticia\/politica\/reconfiguracion-del-congreso-advierten-un-parlamento-mas-fragmentado-y-polarizado\" href=\"https:\/\/www.elamaule.cl\/noticia\/politica\/reconfiguracion-del-congreso-advierten-un-parlamento-mas-fragmentado-y-polarizado\" target=\"_blank\" rel=\"noopener noreferrer\" data-auth=\"NotApplicable\" data-linkindex=\"19\">Reconfiguraci\u00f3n del Congreso: Advierten un parlamento m\u00e1s fragmentado y polarizado. Se refiere Mario herrera Mu\u00f1oz, acad\u00e9mico del Centro de An\u00e1lisis Pol\u00edtico (CAP-UTalca)<\/a>\u00a0<\/div><div>\u00a0<\/div><div><b>EL BOYA AL D\u00cdA<\/b>\u00a0<br \/><a id=\"OWA20e6f386-d96e-4729-99ce-694ac868009f\" title=\"https:\/\/www.elboyaldia.cl\/noticia\/politica\/reconfiguracion-del-congreso-advierten-un-parlamento-mas-fragmentado-y-polarizado\" href=\"https:\/\/www.elboyaldia.cl\/noticia\/politica\/reconfiguracion-del-congreso-advierten-un-parlamento-mas-fragmentado-y-polarizado\" target=\"_blank\" rel=\"noopener noreferrer\" data-auth=\"NotApplicable\" data-linkindex=\"20\">Reconfiguraci\u00f3n del Congreso: Advierten un parlamento m\u00e1s fragmentado y polarizado. Se refiere Mario herrera Mu\u00f1oz, acad\u00e9mico del Centro de An\u00e1lisis Pol\u00edtico (CAP-UTalca)<\/a>\u00a0<\/div><div>\u00a0<\/div><div><b>EL MARTUTINO<\/b>\u00a0<br \/><a id=\"OWAe40c63f8-74df-01ea-0a35-c2ddedcd3362\" title=\"https:\/\/www.elmartutino.cl\/noticia\/politica\/reconfiguracion-del-congreso-advierten-un-parlamento-mas-fragmentado-y-polarizado\" href=\"https:\/\/www.elmartutino.cl\/noticia\/politica\/reconfiguracion-del-congreso-advierten-un-parlamento-mas-fragmentado-y-polarizado\" target=\"_blank\" rel=\"noopener noreferrer\" data-auth=\"NotApplicable\" data-linkindex=\"21\">Reconfiguraci\u00f3n del Congreso: Advierten un parlamento m\u00e1s fragmentado y polarizado. Se refiere Mario herrera Mu\u00f1oz, acad\u00e9mico del Centro de An\u00e1lisis Pol\u00edtico (CAP-UTalca)<\/a>\u00a0<\/div><div>\u00a0<\/div><div><b>EL VACANUDO<\/b>\u00a0<br \/><a id=\"OWAb67558fa-9ca6-94b8-a454-b9f87c30d7d0\" title=\"https:\/\/www.elvacanudo.cl\/noticia\/politica\/reconfiguracion-del-congreso-advierten-un-parlamento-mas-fragmentado-y-polarizado\" href=\"https:\/\/www.elvacanudo.cl\/noticia\/politica\/reconfiguracion-del-congreso-advierten-un-parlamento-mas-fragmentado-y-polarizado\" target=\"_blank\" rel=\"noopener noreferrer\" data-auth=\"NotApplicable\" data-linkindex=\"22\">Reconfiguraci\u00f3n del Congreso: Advierten un parlamento m\u00e1s fragmentado y polarizado. Se refiere Mario herrera Mu\u00f1oz, acad\u00e9mico del Centro de An\u00e1lisis Pol\u00edtico (CAP-UTalca)<\/a>\u00a0\u00a0<\/div><div>\u00a0<\/div><div><b>EL RANCAHUASO<\/b>\u00a0<br \/><a id=\"OWA32cb3d68-4e0d-dce9-a57a-a772ee6968ff\" title=\"https:\/\/www.elrancahuaso.cl\/noticia\/politica\/reconfiguracion-del-congreso-advierten-un-parlamento-mas-fragmentado-y-polarizado\" href=\"https:\/\/www.elrancahuaso.cl\/noticia\/politica\/reconfiguracion-del-congreso-advierten-un-parlamento-mas-fragmentado-y-polarizado\" target=\"_blank\" rel=\"noopener noreferrer\" data-auth=\"NotApplicable\" data-linkindex=\"23\">Reconfiguraci\u00f3n del Congreso: Advierten un parlamento m\u00e1s fragmentado y polarizado. Se refiere Mario herrera Mu\u00f1oz, acad\u00e9mico del Centro de An\u00e1lisis Pol\u00edtico (CAP-UTalca)<\/a>\u00a0<\/div><div>\u00a0<\/div><div><b>EL QUE HAY DE CIERTO<\/b>\u00a0<br \/><a id=\"OWAf66d3a82-0dd7-b8c6-52c3-4de80738bd53\" title=\"https:\/\/www.elquehaydecierto.cl\/noticia\/politica\/reconfiguracion-del-congreso-advierten-un-parlamento-mas-fragmentado-y-polarizado\" href=\"https:\/\/www.elquehaydecierto.cl\/noticia\/politica\/reconfiguracion-del-congreso-advierten-un-parlamento-mas-fragmentado-y-polarizado\" target=\"_blank\" rel=\"noopener noreferrer\" data-auth=\"NotApplicable\" data-linkindex=\"24\">Reconfiguraci\u00f3n del Congreso: Advierten un parlamento m\u00e1s fragmentado y polarizado. Se refiere Mario herrera Mu\u00f1oz, acad\u00e9mico del Centro de An\u00e1lisis Pol\u00edtico (CAP-UTalca)<\/a>\u00a0\u00a0<\/div><div aria-hidden=\"true\">\u00a0<\/div><div><b>ACTUALIDAD JUR\u00cdDICA<\/b>\u00a0<br \/><a id=\"OWAc7018d85-7b4f-86a1-975e-7c2fa9aabc50\" title=\"https:\/\/actualidadjuridica.doe.cl\/carolina-riveros-la-legislacion-protege-a-ninos-y-adolescentes-pero-omite-a-otros-grupos-vulnerables\/\" href=\"https:\/\/actualidadjuridica.doe.cl\/carolina-riveros-la-legislacion-protege-a-ninos-y-adolescentes-pero-omite-a-otros-grupos-vulnerables\/\" target=\"_blank\" rel=\"noopener noreferrer\" data-auth=\"NotApplicable\" data-linkindex=\"25\">\u201cLa legislaci\u00f3n protege a ni\u00f1os y adolescentes, pero omite a otros grupos vulnerables\u201d. Se refiere Carolina Riveros, acad\u00e9mica de la Facultad de Ciencias Jur\u00eddicas y Sociales.<\/a>\u00a0\u00a0<\/div><div>\u00a0<\/div><div><b>EXTRA NOTICIAS<\/b>\u00a0<br \/><a id=\"OWAae00492e-bc93-267d-bb4a-e30f98475ef8\" title=\"https:\/\/www.extranoticias.cl\/instituciones-de-educacion-superior-abordan-formacion-de-personal-para-nuevos-hospitales-del-maule\/\" href=\"https:\/\/www.extranoticias.cl\/instituciones-de-educacion-superior-abordan-formacion-de-personal-para-nuevos-hospitales-del-maule\/\" target=\"_blank\" rel=\"noopener noreferrer\" data-auth=\"NotApplicable\" data-linkindex=\"26\">Instituciones de educaci\u00f3n superior abordan formaci\u00f3n de personal para nuevos hospitales del Maule. Se refiere Nelson Brown,\u00a0director de la Escuela de Medicina.<\/a>\u00a0<\/div><div>\u00a0<br \/>\u00a0<\/div><div><b>PUBLIMICRO<\/b>\u00a0<br \/><a id=\"OWA44c7c133-f8fc-fa77-e837-c9b9040e687c\" title=\"https:\/\/publimicro.cl\/universidad-de-talca-define-su-rector-en-segunda-vuelta-tras-empate-tecnico\/\" href=\"https:\/\/publimicro.cl\/universidad-de-talca-define-su-rector-en-segunda-vuelta-tras-empate-tecnico\/\" target=\"_blank\" rel=\"noopener noreferrer\" data-auth=\"NotApplicable\" data-linkindex=\"27\">Universidad de Talca define su rector en segunda vuelta tras empate t\u00e9cnico. Se menciona la Universidad de Talca.<\/a>\u00a0<\/div><div>\u00a0<\/div><div><b>EL LECTOR<\/b>\u00a0<br \/><a id=\"OWA85e7c032-d20b-24b6-b7fe-8a3caa663572\" title=\"https:\/\/www.litoralpress.cl\/paginaconsultas\/Servicios_NClipWeb\/Get_Imagen_Nota.aspx?LPKey=NEE3PEOH7BAKZ4JOJGX6TTRIPB2ZRN5XZT7VK6WIKY2SWE5MCYGN4RFGZRNXOOJZHP2U6OQDKFHUO\" href=\"https:\/\/www.litoralpress.cl\/paginaconsultas\/Servicios_NClipWeb\/Get_Imagen_Nota.aspx?LPKey=NEE3PEOH7BAKZ4JOJGX6TTRIPB2ZRN5XZT7VK6WIKY2SWE5MCYGN4RFGZRNXOOJZHP2U6OQDKFHUO\" target=\"_blank\" rel=\"noopener noreferrer\" data-auth=\"NotApplicable\" data-linkindex=\"28\">Delegada Aly Valderrama es despedida por decenas de dirigentes sociales de la provincia. Se menciona la Universidad de Talca.<\/a>\u00a0<\/div><div>\u00a0<\/div><div><b>LA PRENSA DE CURIC\u00d3<\/b>\u00a0<br \/><a id=\"OWA30701480-303a-3699-3631-3d6c3845dc6b\" title=\"https:\/\/www.litoralpress.cl\/paginaconsultas\/Servicios_NClipWeb\/Get_Imagen_Nota.aspx?LPKey=RDVY4NNABZWPBAD532HM5MTGXBI6TZ4FHI4LOXB63NNFLGWUFRUMFUKF2FNVKQEC3IANC7XVEJY4A\" href=\"https:\/\/www.litoralpress.cl\/paginaconsultas\/Servicios_NClipWeb\/Get_Imagen_Nota.aspx?LPKey=RDVY4NNABZWPBAD532HM5MTGXBI6TZ4FHI4LOXB63NNFLGWUFRUMFUKF2FNVKQEC3IANC7XVEJY4A\" target=\"_blank\" rel=\"noopener noreferrer\" data-auth=\"NotApplicable\" data-linkindex=\"29\">Sucede. Se menciona la Universidad de Talca.<\/a>\u00a0<\/div><div>\u00a0<\/div><div><b>MAULE HOY<\/b>\u00a0<br \/><a id=\"OWAa88bc4f2-799a-a71d-2158-ec8b6099ae0c\" title=\"https:\/\/www.litoralpress.cl\/paginaconsultas\/Servicios_NClipWeb\/Get_Imagen_Nota.aspx?LPKey=XWLWK6EXJPQXHUC4M3I6ZQOCMQ4AASI3KGQWFGDI4YE5USKPRHLS54DQ5NE5YA3R6AV226IZW5UFY\" href=\"https:\/\/www.litoralpress.cl\/paginaconsultas\/Servicios_NClipWeb\/Get_Imagen_Nota.aspx?LPKey=XWLWK6EXJPQXHUC4M3I6ZQOCMQ4AASI3KGQWFGDI4YE5USKPRHLS54DQ5NE5YA3R6AV226IZW5UFY\" target=\"_blank\" rel=\"noopener noreferrer\" data-auth=\"NotApplicable\" data-linkindex=\"30\">Portada. Se menciona la Universidad de Talca.<\/a>\u00a0<\/div><div>\u00a0<\/div><div><b>MAULE HOY<\/b>\u00a0<br \/><a id=\"OWA6592a309-e7ce-35cb-805c-57d3dde98a00\" title=\"https:\/\/www.litoralpress.cl\/paginaconsultas\/Servicios_NClipWeb\/Get_Imagen_Nota.aspx?LPKey=QF6ZRN4PCQEZ6URUVZWOTPRPD3FLAE7SSPVHFLIHGALO674OCARFXMY66IW6J66Y66VQFW55UYMCK\" href=\"https:\/\/www.litoralpress.cl\/paginaconsultas\/Servicios_NClipWeb\/Get_Imagen_Nota.aspx?LPKey=QF6ZRN4PCQEZ6URUVZWOTPRPD3FLAE7SSPVHFLIHGALO674OCARFXMY66IW6J66Y66VQFW55UYMCK\" target=\"_blank\" rel=\"noopener noreferrer\" data-auth=\"NotApplicable\" data-linkindex=\"31\">Delegada Aly Valderrama fue despedida por decenas de dirigentes sociales. Se menciona la Universidad de Talca.<\/a>\u00a0<\/div><div>\u00a0<\/div><div><b>PANORAMIA<\/b>\u00a0<br \/><a id=\"OWAdfd1a902-f1bf-e10c-48af-4e999768ac90\" title=\"https:\/\/panoramia.cl\/opinion-comenzar-la-educacion-tecnico-profesional-un-paso-que-transforma-el-futuro\/\" href=\"https:\/\/panoramia.cl\/opinion-comenzar-la-educacion-tecnico-profesional-un-paso-que-transforma-el-futuro\/\" target=\"_blank\" rel=\"noopener noreferrer\" data-auth=\"NotApplicable\" data-linkindex=\"32\">Comenzar la educaci\u00f3n t\u00e9cnico profesional: un paso que transforma el futuro. Se menciona la Universidad de Talca.<\/a>\u00a0<\/div><div>\u00a0<\/div><div><b>DI\u00c1LOGO SUR<\/b>\u00a0<br \/><a id=\"OWA85ccf905-eb46-c4c9-9969-6381636940ee\" title=\"https:\/\/dialogosur.cl\/2026\/03\/higado-graso-chile-riesgos-alcohol-alimentacion\/\" href=\"https:\/\/dialogosur.cl\/2026\/03\/higado-graso-chile-riesgos-alcohol-alimentacion\/\" target=\"_blank\" rel=\"noopener noreferrer\" data-auth=\"NotApplicable\" data-linkindex=\"33\">Estudio alerta sobre la combinaci\u00f3n de mala alimentaci\u00f3n y consumo de alcohol. Se menciona la Universidad de Talca.<\/a>\u00a0<\/div>\t\t\t\t\t\t<\/div>\n\t\t\t\t<\/div>\n\t\t\t\t\t<\/div>\n\t\t<\/div>\n\t\t\t\t\t\t\t<\/div>\n\t\t<\/section>\n\t\t\t\t\t\t<\/div>\n\t\t\t\t\t<\/div>\n\t\t","protected":false},"excerpt":{"rendered":"<p>RADIO BIOB\u00cdO\u00a0\u00a0Alza de las bencinas: 5 pr\u00e1cticas sencillas para gastar menos combustible al conducir. Se refiere Gonzalo Pincheira Orellana, acad\u00e9mico de la Facultad de Ingenier\u00eda\u00a0\u00a0MSN CHILE\u00a0Alza de las bencinas: 5 pr\u00e1cticas sencillas para gastar menos combustible al conducir. Se refiere Gonzalo Pincheira Orellana, acad\u00e9mico de la Facultad de Ingenier\u00eda\u00a0\u00a0EL MARTUTINO\u00a0C\u00f3mo ahorrar bencina ante alza del &hellip;<\/p>\n<p class=\"read-more\"> <a class=\"\" href=\"https:\/\/www.reportedeprensa.utalca.cl\/?p=13404\"> <span class=\"screen-reader-text\">13 de marzo 2026<\/span> Read More &raquo;<\/a><\/p>\n","protected":false},"author":1,"featured_media":0,"comment_status":"closed","ping_status":"open","sticky":false,"template":"","format":"standard","meta":{"_monsterinsights_skip_tracking":false,"_monsterinsights_sitenote_active":false,"_monsterinsights_sitenote_note":"","_monsterinsights_sitenote_category":0},"categories":[68],"tags":[],"_links":{"self":[{"href":"https:\/\/www.reportedeprensa.utalca.cl\/index.php?rest_route=\/wp\/v2\/posts\/13404"}],"collection":[{"href":"https:\/\/www.reportedeprensa.utalca.cl\/index.php?rest_route=\/wp\/v2\/posts"}],"about":[{"href":"https:\/\/www.reportedeprensa.utalca.cl\/index.php?rest_route=\/wp\/v2\/types\/post"}],"author":[{"embeddable":true,"href":"https:\/\/www.reportedeprensa.utalca.cl\/index.php?rest_route=\/wp\/v2\/users\/1"}],"replies":[{"embeddable":true,"href":"https:\/\/www.reportedeprensa.utalca.cl\/index.php?rest_route=%2Fwp%2Fv2%2Fcomments&post=13404"}],"version-history":[{"count":4,"href":"https:\/\/www.reportedeprensa.utalca.cl\/index.php?rest_route=\/wp\/v2\/posts\/13404\/revisions"}],"predecessor-version":[{"id":13408,"href":"https:\/\/www.reportedeprensa.utalca.cl\/index.php?rest_route=\/wp\/v2\/posts\/13404\/revisions\/13408"}],"wp:attachment":[{"href":"https:\/\/www.reportedeprensa.utalca.cl\/index.php?rest_route=%2Fwp%2Fv2%2Fmedia&parent=13404"}],"wp:term":[{"taxonomy":"category","embeddable":true,"href":"https:\/\/www.reportedeprensa.utalca.cl\/index.php?rest_route=%2Fwp%2Fv2%2Fcategories&post=13404"},{"taxonomy":"post_tag","embeddable":true,"href":"https:\/\/www.reportedeprensa.utalca.cl\/index.php?rest_route=%2Fwp%2Fv2%2Ftags&post=13404"}],"curies":[{"name":"wp","href":"https:\/\/api.w.org\/{rel}","templated":true}]}}