{"id":1341,"date":"2021-06-30T09:31:00","date_gmt":"2021-06-30T12:31:00","guid":{"rendered":"https:\/\/www.reportedeprensa.utalca.cl\/?p=1341"},"modified":"2021-06-30T11:39:33","modified_gmt":"2021-06-30T14:39:33","slug":"30-de-junio-de-2021","status":"publish","type":"post","link":"https:\/\/www.reportedeprensa.utalca.cl\/?p=1341","title":{"rendered":"30 de junio de 2021"},"content":{"rendered":"\t\t<div data-elementor-type=\"wp-post\" data-elementor-id=\"1341\" class=\"elementor elementor-1341\" data-elementor-settings=\"[]\">\n\t\t\t\t\t\t\t<div class=\"elementor-section-wrap\">\n\t\t\t\t\t\t\t<section class=\"elementor-section elementor-top-section elementor-element elementor-element-1450aef8 elementor-section-boxed elementor-section-height-default elementor-section-height-default\" data-id=\"1450aef8\" data-element_type=\"section\">\n\t\t\t\t\t\t<div class=\"elementor-container elementor-column-gap-default\">\n\t\t\t\t\t<div class=\"elementor-column elementor-col-100 elementor-top-column elementor-element elementor-element-b59ee9b\" data-id=\"b59ee9b\" data-element_type=\"column\">\n\t\t\t<div class=\"elementor-widget-wrap elementor-element-populated\">\n\t\t\t\t\t\t\t\t<div class=\"elementor-element elementor-element-7e8f1e1 elementor-widget elementor-widget-text-editor\" data-id=\"7e8f1e1\" data-element_type=\"widget\" data-widget_type=\"text-editor.default\">\n\t\t\t\t<div class=\"elementor-widget-container\">\n\t\t\t\t\t\t\t\t<p><b>UNIVERSIDADESESTATALES.CL<\/b><\/p><p><a style=\"font-style: inherit; font-weight: inherit; background-color: #ffffff; font-family: -apple-system, BlinkMacSystemFont,;\" href=\"http:\/\/www.universidadesestatales.cl\/cue\/?q=node\/8939\" target=\"_blank\" rel=\"noopener\">Con variada agenda UTalca conmemora la Semana de la Diversidad.<\/a><\/p><p>\u00a0<\/p><p><b>DIARIOTALCA.CL<\/b><\/p><p><a style=\"font-style: inherit; font-weight: inherit; background-color: #ffffff; font-family: -apple-system, BlinkMacSystemFont,;\" href=\"https:\/\/www.diariotalca.cl\/utalca-tendra-una-semana-cargada-de-actividades-en-la-semana-de-la-diversidad\/\" target=\"_blank\" rel=\"noopener\">UTalca tendr\u00e1 una semana cargada de actividades en la Semana de la Diversidad.<\/a><\/p><p>\u00a0<\/p><p><b>EL HERALDO<\/b><\/p><p><a style=\"font-style: inherit; font-weight: inherit; background-color: #ffffff; font-family: -apple-system, BlinkMacSystemFont,;\" href=\"https:\/\/www.litoralpress.cl\/paginaconsultas\/Servicios_NClip\/Get_Imagen_Nota.aspx?LPKey=VETAJS4IGI4ALNOIKREWZ25JGKC57TIYQCTXEEABNJQOVIUOGTV7T5PFO6HN6HVCFEMXUS64MCGCG\" target=\"_blank\" rel=\"noopener\">Con variada agenda UTalca conmemora la Semana de la Diversidad.<\/a><\/p><p>\u00a0<\/p><p><b>DIARIOELHERALDO.CL<\/b><\/p><p><a style=\"font-style: inherit; font-weight: inherit; background-color: #ffffff; font-family: -apple-system, BlinkMacSystemFont,;\" href=\"http:\/\/www.diarioelheraldo.cl\/noticia\/con-variada-agenda-utalca-conmemora-la-semana-de-la-diversidad\" target=\"_blank\" rel=\"noopener\">Con variada agenda UTalca conmemora la Semana de la Diversidad.<\/a><\/p><p>\u00a0<\/p><p><b>EL LECTOR<\/b><\/p><p><a style=\"font-style: inherit; font-weight: inherit; background-color: #ffffff; font-family: -apple-system, BlinkMacSystemFont,;\" href=\"https:\/\/www.litoralpress.cl\/paginaconsultas\/Servicios_NClip\/Get_Imagen_Nota.aspx?LPKey=ODT5P4NDN62AYKRSMUMOLH7H43ABAFAFPVNXLK7GFYUOGPENQMDSDKZ3S6ZXHCXQCD455RTMCN6YU\" target=\"_blank\" rel=\"noopener\">Con variada agenda UTalca conmemora la Semana de la Diversidad.<\/a><\/p><p>\u00a0<\/p><p><b>LINARESENLINEA.CL<\/b><\/p><p><a style=\"font-style: inherit; font-weight: inherit; background-color: #ffffff; font-family: -apple-system, BlinkMacSystemFont,;\" href=\"https:\/\/www.linaresenlinea.cl\/2021\/06\/29\/con-variada-agenda-utalca-conmemora-la-semana-de-la-diversidad\/\" target=\"_blank\" rel=\"noopener\">Con variada agenda UTalca conmemora la Semana de la Diversidad.<\/a><\/p><p>\u00a0<\/p><p><b>RANCAGUATV.CL<\/b><\/p><p><a style=\"font-style: inherit; font-weight: inherit; background-color: #ffffff; font-family: -apple-system, BlinkMacSystemFont,;\" href=\"https:\/\/www.rancaguatv.cl\/rancaguatv-noticias\/actualidad-del-maule\/181-talca\/4149-con-variada-agenda-utalca-conmemora-la-semana-de-la-diversidad\" target=\"_blank\" rel=\"noopener\">Con variada agenda UTalca conmemora la Semana de la Diversidad.<\/a><\/p><p>\u00a0<\/p><p><b>DIARIOTALCA.CL<\/b><\/p><p><a style=\"font-style: inherit; font-weight: inherit; background-color: #ffffff; font-family: -apple-system, BlinkMacSystemFont,;\" href=\"https:\/\/www.diariotalca.cl\/amplia-participacion-de-la-utalca-en-mesa-tecnica-nacional-de-salud\/\" target=\"_blank\" rel=\"noopener\">Amplia participaci\u00f3n de la UTalca en mesa t\u00e9cnica nacional de salud.<\/a><\/p><p>\u00a0<\/p><p><b>ELMOSTRADOR.CL<\/b><\/p><p><a style=\"font-style: inherit; font-weight: inherit; background-color: #ffffff; font-family: -apple-system, BlinkMacSystemFont,;\" href=\"https:\/\/www.elmostrador.cl\/noticias\/pais\/2021\/06\/29\/sociedad-chilena-de-inmunologia-emplaza-al-gobierno-a-entregar-los-resultados-de-la-vacunacion-y-respalda-la-urgencia-de-la-tercera-dosis\/\" target=\"_blank\" rel=\"noopener\">Sociedad Chilena de Inmunolog\u00eda emplaza al Gobierno a entregar los resultados de la vacunaci\u00f3n y respalda la urgencia de la tercera dosis. Se menciona a Sergio Wehinger, director del Mag\u00edster en Ciencias Biom\u00e9dicas de la UTalca.<\/a><\/p><p>\u00a0<\/p><p><b>ADPRENSA.CL<\/b><\/p><p><a style=\"font-style: inherit; font-weight: inherit; background-color: #ffffff; font-family: -apple-system, BlinkMacSystemFont,;\" href=\"https:\/\/www.adprensa.cl\/cronica\/experto-utalca-heladas-en-la-zona-central-se-podrian-extender-hasta-el-mes-de-septiembre\/\" target=\"_blank\" rel=\"noopener\">Experto UTalca: Heladas en la zona central se podr\u00edan extender hasta el mes de septiembre.<\/a><\/p><p>\u00a0<\/p><p><b>CANAL CONTIVISI\u00d3N<\/b><\/p><p><a style=\"font-style: inherit; font-weight: inherit; background-color: #ffffff; font-family: -apple-system, BlinkMacSystemFont,;\" href=\"https:\/\/www.litoralpress.cl\/sitio\/RadioTV_Detalles.cshtml?LPKey=XGTAQNDBPN2HJLRYGU3RAJUTBYJ55D5ZT3Z6DBJNJTVN7Z2TAGHQ\" target=\"_blank\" rel=\"noopener\">Colisi\u00f3n m\u00faltiple involucr\u00f3 a cerca de 20 veh\u00edculos en la Ruta 5 Sur. Se refiere Patricio Gonz\u00e1lez, agroclimat\u00f3logo de la UTalca.<\/a><\/p><p>\u00a0<\/p><p><b>CANAL HOLVOET<\/b><\/p><p><a style=\"font-style: inherit; font-weight: inherit; background-color: #ffffff; font-family: -apple-system, BlinkMacSystemFont,;\" href=\"https:\/\/www.litoralpress.cl\/sitio\/RadioTV_Detalles.cshtml?LPKey=TTBBL57SNACACWOMG2LFSWYMZWMNGTUK4TXKXFA7UD6HYE77SHKA\" target=\"_blank\" rel=\"noopener\">Talca registr\u00f3 temperatura m\u00e1s baja del a\u00f1o 5,6 grados bajo cero lo que provoc\u00f3 congelamiento de la niebla. Se refiere Patricio Gonz\u00e1lez, agroclimat\u00f3logo de la UTalca.<\/a><\/p><p>\u00a0<\/p><p><b>REDMAULE.COM<\/b><\/p><p><a style=\"font-style: inherit; font-weight: inherit; background-color: #ffffff; font-family: -apple-system, BlinkMacSystemFont,;\" href=\"https:\/\/www.redmaule.com\/nacional\/heladas-en-la-zona-central-se-podrian-extender-hasta-el-mes-de-septiembre\" target=\"_blank\" rel=\"noopener\">Heladas en la zona central se podr\u00edan extender hasta el mes de septiembre. Se refiere Patricio Gonz\u00e1lez, agroclimat\u00f3logo de la UTalca.<\/a><\/p><p>\u00a0<\/p><p><b>SEPTIMAPAGINANOTICIAS.CL<\/b><\/p><p><a style=\"font-style: inherit; font-weight: inherit; background-color: #ffffff; font-family: -apple-system, BlinkMacSystemFont,;\" href=\"https:\/\/www.septimapaginanoticias.cl\/post\/experto-utalca-heladas-en-la-zona-central-se-podrian-extender-hasta-el-mes-de-septiembre\" target=\"_blank\" rel=\"noopener\">Experto UTalca: Heladas en la zona central se podr\u00edan extender hasta el mes de septiembre.<\/a><\/p><p>\u00a0<\/p><p><b>G5NOTICIAS.CL<\/b><\/p><p><a style=\"font-style: inherit; font-weight: inherit; background-color: #ffffff; font-family: -apple-system, BlinkMacSystemFont,;\" href=\"https:\/\/g5noticias.cl\/2021\/06\/29\/experto-utalca-heladas-en-la-zona-central-se-podrian-extender-hasta-el-mes-de-septiembre\/\" target=\"_blank\" rel=\"noopener\">Experto UTalca: Heladas en la zona central se podr\u00edan extender hasta el mes de septiembre.<\/a><\/p><p>\u00a0<\/p><p><b>TVMAULINOS.CL<\/b><\/p><p><a style=\"font-style: inherit; font-weight: inherit; background-color: #ffffff; font-family: -apple-system, BlinkMacSystemFont,;\" href=\"http:\/\/tvmaulinos.com\/agroclimatologo-asegura-que-heladas-en-la-zona-central-se-podrian-extender-hasta-septiembre\/\" target=\"_blank\" rel=\"noopener\">Agroclimat\u00f3logo asegura que heladas en la zona central se podr\u00edan extender hasta septiembre. Se refiere Patricio Gonz\u00e1lez, agroclimat\u00f3logo de la UTalca.<\/a><\/p><p>\u00a0<\/p><p><b>ELMAULEINFORMA.CL<\/b><\/p><p><a style=\"font-style: inherit; font-weight: inherit; background-color: #ffffff; font-family: -apple-system, BlinkMacSystemFont,;\" href=\"https:\/\/elmauleinforma.cl\/talca-vivio-historica-jornada-de-baja-temperatura-este-lunes-28-de-junio-la-minima-fue-de-55\/\" target=\"_blank\" rel=\"noopener\">Talca vivi\u00f3 hist\u00f3rica jornada de baja temperatura este lunes 28 de junio: La m\u00ednima fue de -5,5 \u00b0. Se refiere Patricio Gonz\u00e1lez, agroclimat\u00f3logo de la UTalca.<\/a><\/p><p>\u00a0<\/p><p><b>LADISCUSION.CL<\/b><\/p><p><a style=\"font-style: inherit; font-weight: inherit; background-color: #ffffff; font-family: -apple-system, BlinkMacSystemFont,;\" href=\"http:\/\/www.ladiscusion.cl\/nuble-esta-vulnerable-ante-la-llegada-de-la-variante-delta-a-chile\/\" target=\"_blank\" rel=\"noopener\">\u00bf\u00d1uble est\u00e1 vulnerable ante la llegada de la variante Delta a Chile? Se refiere Loreto N\u00fa\u00f1ez, acad\u00e9mica del Departamento de Salud P\u00fablica de la UTalca.<\/a><\/p><p>\u00a0<\/p><p><b>EL LECTOR<\/b><\/p><p><a style=\"font-style: inherit; font-weight: inherit; background-color: #ffffff; font-family: -apple-system, BlinkMacSystemFont,;\" href=\"https:\/\/www.litoralpress.cl\/paginaconsultas\/Servicios_NClip\/Get_Imagen_Nota.aspx?LPKey=BBG7EI7L6FDW7CHMYML5IGAMKK3OQDIKM4NREIEHPBDVZXM3FZPPRRMSWW5SVYZK5EVBQWNBEYR5G\" target=\"_blank\" rel=\"noopener\">Expertos UTalca llaman a extremar precauciones sanitarias ante llegada de variante Delta de COVID-19.<\/a><\/p><p>\u00a0<\/p><p><b>EL HERALDO<\/b><\/p><p><a style=\"font-style: inherit; font-weight: inherit; background-color: #ffffff; font-family: -apple-system, BlinkMacSystemFont,;\" href=\"https:\/\/www.litoralpress.cl\/paginaconsultas\/Servicios_NClip\/Get_Imagen_Nota.aspx?LPKey=PLGXWWFF6JMTKRV44A2S5PFLA4C4Q2QFD6ZZ4WXGVQE72XCIO7KPESOTDNTQD2KMSKRMVECPAAC7K\" target=\"_blank\" rel=\"noopener\">Estrategia de mitigaci\u00f3n para enfrentar la enfermedad de Sharka avanza exitosamente. Se menciona a la UTalca.<\/a><\/p><p>\u00a0<\/p><p><b>DIARIOELHERALDO.CL<\/b><\/p><p><a style=\"font-style: inherit; font-weight: inherit; background-color: #ffffff; font-family: -apple-system, BlinkMacSystemFont,;\" href=\"http:\/\/www.diarioelheraldo.cl\/noticia\/estrategia-de-mitigacion-para-enfrentar-la-enfermedad-de-sharka-avanza-exitosamente\" target=\"_blank\" rel=\"noopener\">Estrategia de mitigaci\u00f3n para enfrentar la enfermedad de Sharka avanza exitosamente. Se menciona a la UTalca.<\/a><\/p><p>\u00a0<\/p><p><b>G5NOTICIAS.CL<\/b><\/p><p><a style=\"font-style: inherit; font-weight: inherit; background-color: #ffffff; font-family: -apple-system, BlinkMacSystemFont,;\" href=\"https:\/\/g5noticias.cl\/2021\/06\/28\/adultos-mayores-es-fundamental-avanzar-hacia-politicas-estatales-de-proteccion\/\" target=\"_blank\" rel=\"noopener\">Adultos mayores: es fundamental avanzar hacia pol\u00edticas estatales de protecci\u00f3n. Se refiere Carolina Riveros, acad\u00e9mica de la Facultad de Ciencias Jur\u00eddicas y Sociales de la UTalca.<\/a><\/p><p>\u00a0<\/p><p><b>ELMAULEINFORMA.CL<\/b><\/p><p><a style=\"font-style: inherit; font-weight: inherit; background-color: #ffffff; font-family: -apple-system, BlinkMacSystemFont,;\" href=\"https:\/\/elmauleinforma.cl\/investigan-nuevas-variedades-de-alamos-para-potencial-de-riberas-de-rios-como-fuente-de-produccion-de-biomasa\/\" target=\"_blank\" rel=\"noopener\">Investigan nuevas variedades de \u00e1lamos para potencial de riberas de r\u00edos como fuente de producci\u00f3n de biomasa. Se menciona a la UTalca.<\/a><\/p><p>\u00a0<\/p><p><b>REVISTA MUNDO AGRO<\/b><\/p><p><a style=\"font-style: inherit; font-weight: inherit; background-color: #ffffff; font-family: -apple-system, BlinkMacSystemFont,;\" href=\"https:\/\/www.litoralpress.cl\/paginaconsultas\/Servicios_NClip\/Get_Imagen_Nota.aspx?LPKey=UO4QZQKNOBXH7ZGUOWZOTYN6T4XHOKS5LFWE7CKKULQS7TKBPSKQCO3TSXDCIR4FA3ONVMVX232FM\" target=\"_blank\" rel=\"noopener\">Golpes a la exportaci\u00f3n. Se menciona a Centro de Pom\u00e1ceas de la UTalca.<\/a><\/p><p>\u00a0<\/p><p><b>BLOGLEMU.BLOGSPOT.COM<\/b><\/p><p><a style=\"font-style: inherit; font-weight: inherit; background-color: #ffffff; font-family: -apple-system, BlinkMacSystemFont,;\" href=\"http:\/\/bloglemu.blogspot.com\/2021\/06\/maqui-murta-y-calafate-las-maravillosas.html\" target=\"_blank\" rel=\"noopener\">Maqui, murta y calafate: las maravillosas propiedades de los frutos patag\u00f3nicos. Se mencionan a Guillermo Schmeda Hirschmann y Cristina Theoduloz, investigadores de la UTalca.<\/a><\/p><p>\u00a0<\/p><p><b>EMOL.COM<\/b><\/p><p><a style=\"font-style: inherit; font-weight: inherit; background-color: #ffffff; font-family: -apple-system, BlinkMacSystemFont,;\" href=\"https:\/\/www.emol.com\/noticias\/Nacional\/2021\/06\/29\/1025238\/suprema-elige-rodrigo-pica-tc.html\" target=\"_blank\" rel=\"noopener\">Pleno de la Corte Suprema elige por un nuevo periodo a Rodrigo Pica como ministro del Tribunal Constitucional. Se menciona la UTalca.<\/a><\/p><p>\u00a0<\/p><p><b>ELMOSTRADOR.CL<\/b><\/p><p><a style=\"font-style: inherit; font-weight: inherit; background-color: #ffffff; font-family: -apple-system, BlinkMacSystemFont,;\" href=\"https:\/\/www.elmostrador.cl\/dia\/2021\/06\/29\/por-amplia-mayoria-corte-suprema-eligio-a-rodrigo-pica-como-ministro-del-tribunal-constitucional\/\" target=\"_blank\" rel=\"noopener\">Corte Suprema eligi\u00f3 a Rodrigo Pica como ministro del Tribunal Constitucional. Se menciona la UTalca.<\/a><\/p><p>\u00a0<\/p><p><b>LEGALNEWS.CL<\/b><\/p><p><a style=\"font-style: inherit; font-weight: inherit; background-color: #ffffff; font-family: -apple-system, BlinkMacSystemFont,;\" href=\"https:\/\/www.legalnews.cl\/2021\/06\/29\/rodrigo-pica-presenta-exposicion-para-lograr-su-reeleccion-como-ministro-del-tc\/\" target=\"_blank\" rel=\"noopener\">Rodrigo Pica presenta exposici\u00f3n para lograr su reelecci\u00f3n como ministro del TC. Se menciona la UTalca.<\/a><\/p><p>\u00a0<\/p><p><b>MMA.GOB.CL<\/b><\/p><p><a style=\"font-style: inherit; font-weight: inherit; background-color: #ffffff; font-family: -apple-system, BlinkMacSystemFont,;\" href=\"https:\/\/mma.gob.cl\/convocan-a-consejo-consultivo-del-medio-ambiente-region-del-maule-a-participar-en-consulta-publica-del-anteproyecto-de-norma-luminica\/\" target=\"_blank\" rel=\"noopener\">Convocan a Consejo Consultivo del Medio Ambiente Regi\u00f3n del Maule a participar en consulta p\u00fablica del Anteproyecto de Norma Lum\u00ednica. Se menciona a la UTalca.<\/a><\/p><p>\u00a0<\/p><p><b>REVISTAEI.CL<\/b><\/p><p><a style=\"font-style: inherit; font-weight: inherit; background-color: #ffffff; font-family: -apple-system, BlinkMacSystemFont,;\" href=\"https:\/\/www.revistaei.cl\/2021\/06\/29\/energia-solar-el-uso-de-esta-tecnologia-para-electrificar-a-comunidades-aisladas\/\" target=\"_blank\" rel=\"noopener\">Energ\u00eda Solar: El uso de esta tecnolog\u00eda para electrificar a comunidades aisladas. Se menciona a la UTalca.<\/a><\/p><p>\u00a0<\/p><p><b>ELMERCURIO.COM<\/b><\/p><p><a style=\"font-style: inherit; font-weight: inherit; background-color: #ffffff; font-family: -apple-system, BlinkMacSystemFont,;\" href=\"https:\/\/www.litoralpress.cl\/paginaconsultas\/Documentos\/Get_Imagen.aspx?lpkey=BFGLJ6EWLMG7USFICVOEDT2DYVYAW3ZOH6EENSTQFXHGH4XQUZZBVPDTOP7X6LKW7UGGYPY47PDMA\" target=\"_blank\" rel=\"noopener\">Un tercio de los alcaldes que asumen son independientes y sus per\u00edodos ser\u00e1n m\u00e1s cortos. Se refiere Mauricio Morales, director del Centro de An\u00e1lisis Pol\u00edtico (CAP) de la UTalca.<\/a><\/p><p>\u00a0<\/p><p><b>RADIO ADN<\/b><\/p><p><a style=\"font-style: inherit; font-weight: inherit; background-color: #ffffff; font-family: -apple-system, BlinkMacSystemFont,;\" href=\"https:\/\/www.litoralpress.cl\/sitio\/RadioTV_Detalles.cshtml?LPKey=UQ6JY64QENK6QKULR7CUJOI34JI62X5NMXE45BEUWY2S6BUPEHMQ\" target=\"_blank\" rel=\"noopener\">Revisi\u00f3n de la pauta. Se menciona a Mauricio Morales, director del Centro de An\u00e1lisis Pol\u00edtico (CAP) de la UTalca.<\/a><\/p><p>\u00a0<\/p><p><b>RADIO AMIGA<\/b><\/p><p><a style=\"font-style: inherit; font-weight: inherit; background-color: #ffffff; font-family: -apple-system, BlinkMacSystemFont,;\" href=\"https:\/\/www.litoralpress.cl\/sitio\/RadioTV_Detalles.cshtml?LPKey=FWNPZ5Z634WFUKXAHVKRIUQZ25YOJUNBJ2I5ZVTKYFDZPQKBH4ZA\" target=\"_blank\" rel=\"noopener\">Acad\u00e9mica U Talca asegura que Chile debe migrar a un estado social de derecho para cubrir las necesidades fundamentales.<\/a><\/p><p>\u00a0<\/p><p><b>LA PRENSA<\/b><\/p><p><a style=\"font-style: inherit; font-weight: inherit; background-color: #ffffff; font-family: -apple-system, BlinkMacSystemFont,;\" href=\"https:\/\/www.litoralpress.cl\/paginaconsultas\/Servicios_NClip\/Get_Imagen_Nota.aspx?LPKey=BGQUS63RHFSYZYZZMOWQNR5IJ3FEGWMMR5BV4WI7T6GXPML3KHFT6BQ4EBYJI35VARUME3I52WTRA\" target=\"_blank\" rel=\"noopener\">Extensi\u00f3n Cultural-Art\u00edstica UTalca: Contenidos virtuales buscan aportar al desarrollo de la identidad regional.<\/a><\/p><p>\u00a0<\/p><p><b>LA PRENSA AUSTRAL<\/b><\/p><p><a style=\"font-style: inherit; font-weight: inherit; background-color: #ffffff; font-family: -apple-system, BlinkMacSystemFont,;\" href=\"https:\/\/www.litoralpress.cl\/paginaconsultas\/Servicios_NClip\/Get_Imagen_Nota.aspx?LPKey=57AOUKJBL6TI76H35TCINZCFCGNKGXYZMG2GT3UL43MGLRUHHPF4ZONE5G66AF42GAEG5663HEUCG\" target=\"_blank\" rel=\"noopener\">Difunden contenidos culturales a trav\u00e9s de plataformas digitales. Se refiere Carlos Torres, vicerrector de Gesti\u00f3n Econ\u00f3mica y Administraci\u00f3n y Marcela Albornoz, directora de Extensi\u00f3n Cultural \u2013 Art\u00edstica y Editorial<\/a><a style=\"font-style: inherit; font-weight: inherit; background-color: #ffffff; font-family: -apple-system, BlinkMacSystemFont,;\" href=\"https:\/\/www.litoralpress.cl\/paginaconsultas\/Servicios_NClip\/Get_Imagen_Nota.aspx?LPKey=57AOUKJBL6TI76H35TCINZCFCGNKGXYZMG2GT3UL43MGLRUHHPF4ZONE5G66AF42GAEG5663HEUCG\" target=\"_blank\" rel=\"noopener\">.<\/a><\/p><p>\u00a0<\/p><p><b>LAPRENSAAUSTRAL.CL<\/b><\/p><p><a style=\"font-style: inherit; font-weight: inherit; background-color: #ffffff; font-family: -apple-system, BlinkMacSystemFont,;\" href=\"https:\/\/laprensaaustral.cl\/2021\/06\/29\/difunden-contenidos-culturales-a-traves-de-plataformas-digitales\/\" target=\"_blank\" rel=\"noopener\">Difunden contenidos culturales a trav\u00e9s de plataformas digitales. Se refiere Carlos Torres, vicerrector de Gesti\u00f3n Econ\u00f3mica y Administraci\u00f3n y Marcela Albornoz, directora de Extensi\u00f3n Cultural \u2013 Art\u00edstica y Editorial.<\/a><\/p><p>\u00a0<\/p><p><b>PORTALEDUCACION.CL<\/b><\/p><p><a style=\"font-style: inherit; font-weight: inherit; background-color: #ffffff; font-family: -apple-system, BlinkMacSystemFont,;\" href=\"https:\/\/portaleducacion.cl\/index.php\/2021\/06\/29\/con-taller-de-cortometrajes-y-serie-animada-extension-utalca-dio-inicio-al-proyecto-de-virtualizacion-de-contenidos\/\" target=\"_blank\" rel=\"noopener\">Con taller de cortometrajes y serie animada Extensi\u00f3n UTalca dio inicio al proyecto de virtualizaci\u00f3n de contenidos.<\/a><\/p><p>\u00a0<\/p><p><b>EL HERALDO<\/b><\/p><p><a style=\"font-style: inherit; font-weight: inherit; background-color: #ffffff; font-family: -apple-system, BlinkMacSystemFont,;\" href=\"https:\/\/www.litoralpress.cl\/paginaconsultas\/Servicios_NClip\/Get_Imagen_Nota.aspx?LPKey=LQLQ7RA6SK3T3HKBA77DWKJ7SDBYJSIMMXLNP4GXG7MJ3UFPQRSFK5KM4MJ4CBI7CQ3HRF3ILQAPC\" target=\"_blank\" rel=\"noopener\">Con taller de cortometrajes y serie animada Extensi\u00f3n UTalca dio inicio al proyecto de virtualizaci\u00f3n de contenidos.<\/a><\/p><p>\u00a0<\/p><p><b>LINARESENLINEA.CL<\/b><\/p><p><a style=\"font-style: inherit; font-weight: inherit; background-color: #ffffff; font-family: -apple-system, BlinkMacSystemFont,;\" href=\"https:\/\/www.linaresenlinea.cl\/2021\/06\/29\/con-taller-de-cortometrajes-y-serie-animada-extension-utalca-dio-inicio-al-proyecto-de-virtualizacion-de-contenidos\/\" target=\"_blank\" rel=\"noopener\">Con taller de cortometrajes y serie animada Extensi\u00f3n UTalca dio inicio al proyecto de virtualizaci\u00f3n de contenidos.<\/a><\/p>\t\t\t\t\t\t<\/div>\n\t\t\t\t<\/div>\n\t\t\t\t\t<\/div>\n\t\t<\/div>\n\t\t\t\t\t\t\t<\/div>\n\t\t<\/section>\n\t\t\t\t\t\t<\/div>\n\t\t\t\t\t<\/div>\n\t\t","protected":false},"excerpt":{"rendered":"<p>UNIVERSIDADESESTATALES.CL Con variada agenda UTalca conmemora la Semana de la Diversidad. \u00a0 DIARIOTALCA.CL UTalca tendr\u00e1 una semana cargada de actividades en la Semana de la Diversidad. \u00a0 EL HERALDO Con variada agenda UTalca conmemora la Semana de la Diversidad. \u00a0 DIARIOELHERALDO.CL Con variada agenda UTalca conmemora la Semana de la Diversidad. \u00a0 EL LECTOR Con &hellip;<\/p>\n<p class=\"read-more\"> <a class=\"\" href=\"https:\/\/www.reportedeprensa.utalca.cl\/?p=1341\"> <span class=\"screen-reader-text\">30 de junio de 2021<\/span> Read More &raquo;<\/a><\/p>\n","protected":false},"author":1,"featured_media":0,"comment_status":"closed","ping_status":"open","sticky":false,"template":"elementor_theme","format":"standard","meta":{"_monsterinsights_skip_tracking":false,"_monsterinsights_sitenote_active":false,"_monsterinsights_sitenote_note":"","_monsterinsights_sitenote_category":0},"categories":[9],"tags":[],"_links":{"self":[{"href":"https:\/\/www.reportedeprensa.utalca.cl\/index.php?rest_route=\/wp\/v2\/posts\/1341"}],"collection":[{"href":"https:\/\/www.reportedeprensa.utalca.cl\/index.php?rest_route=\/wp\/v2\/posts"}],"about":[{"href":"https:\/\/www.reportedeprensa.utalca.cl\/index.php?rest_route=\/wp\/v2\/types\/post"}],"author":[{"embeddable":true,"href":"https:\/\/www.reportedeprensa.utalca.cl\/index.php?rest_route=\/wp\/v2\/users\/1"}],"replies":[{"embeddable":true,"href":"https:\/\/www.reportedeprensa.utalca.cl\/index.php?rest_route=%2Fwp%2Fv2%2Fcomments&post=1341"}],"version-history":[{"count":7,"href":"https:\/\/www.reportedeprensa.utalca.cl\/index.php?rest_route=\/wp\/v2\/posts\/1341\/revisions"}],"predecessor-version":[{"id":1363,"href":"https:\/\/www.reportedeprensa.utalca.cl\/index.php?rest_route=\/wp\/v2\/posts\/1341\/revisions\/1363"}],"wp:attachment":[{"href":"https:\/\/www.reportedeprensa.utalca.cl\/index.php?rest_route=%2Fwp%2Fv2%2Fmedia&parent=1341"}],"wp:term":[{"taxonomy":"category","embeddable":true,"href":"https:\/\/www.reportedeprensa.utalca.cl\/index.php?rest_route=%2Fwp%2Fv2%2Fcategories&post=1341"},{"taxonomy":"post_tag","embeddable":true,"href":"https:\/\/www.reportedeprensa.utalca.cl\/index.php?rest_route=%2Fwp%2Fv2%2Ftags&post=1341"}],"curies":[{"name":"wp","href":"https:\/\/api.w.org\/{rel}","templated":true}]}}