{"id":13416,"date":"2026-03-16T12:55:21","date_gmt":"2026-03-16T15:55:21","guid":{"rendered":"https:\/\/www.reportedeprensa.utalca.cl\/?p=13416"},"modified":"2026-03-16T12:57:02","modified_gmt":"2026-03-16T15:57:02","slug":"16-de-marzo-2026","status":"publish","type":"post","link":"https:\/\/www.reportedeprensa.utalca.cl\/?p=13416","title":{"rendered":"16 de marzo 2026"},"content":{"rendered":"\t\t<div data-elementor-type=\"wp-post\" data-elementor-id=\"13416\" class=\"elementor elementor-13416\" data-elementor-settings=\"[]\">\n\t\t\t\t\t\t\t<div class=\"elementor-section-wrap\">\n\t\t\t\t\t\t\t<section class=\"elementor-section elementor-top-section elementor-element elementor-element-bcea1a8 elementor-section-boxed elementor-section-height-default elementor-section-height-default\" data-id=\"bcea1a8\" data-element_type=\"section\">\n\t\t\t\t\t\t<div class=\"elementor-container elementor-column-gap-default\">\n\t\t\t\t\t<div class=\"elementor-column elementor-col-100 elementor-top-column elementor-element elementor-element-e7183bf\" data-id=\"e7183bf\" data-element_type=\"column\">\n\t\t\t<div class=\"elementor-widget-wrap elementor-element-populated\">\n\t\t\t\t\t\t\t\t<div class=\"elementor-element elementor-element-1cf3cd1 elementor-widget elementor-widget-text-editor\" data-id=\"1cf3cd1\" data-element_type=\"widget\" data-widget_type=\"text-editor.default\">\n\t\t\t\t<div class=\"elementor-widget-container\">\n\t\t\t\t\t\t\t\t\t\t\t\t\t\t<\/div>\n\t\t\t\t<\/div>\n\t\t\t\t<div class=\"elementor-element elementor-element-ae31125 elementor-widget elementor-widget-text-editor\" data-id=\"ae31125\" data-element_type=\"widget\" data-widget_type=\"text-editor.default\">\n\t\t\t\t<div class=\"elementor-widget-container\">\n\t\t\t\t\t\t\t\t<div><b data-olk-copy-source=\"MessageBody\">MAULE HOY<\/b>\u00a0<br \/><a id=\"OWA06261fe7-53e9-10b4-4b41-1e62c3006a62\" title=\"https:\/\/www.litoralpress.cl\/paginaconsultas\/Servicios_NClipWeb\/Get_Imagen_Nota.aspx?LPKey=YONBH4ISAIYTKPOZIJINTXQZWLGYURXUYBA4CMXNQAXPFRAHB5D7L3JMVUDG72267C4XXURUTJWNQ\" href=\"https:\/\/www.litoralpress.cl\/paginaconsultas\/Servicios_NClipWeb\/Get_Imagen_Nota.aspx?LPKey=YONBH4ISAIYTKPOZIJINTXQZWLGYURXUYBA4CMXNQAXPFRAHB5D7L3JMVUDG72267C4XXURUTJWNQ\" target=\"_blank\" rel=\"noopener noreferrer\" data-auth=\"NotApplicable\" data-linkindex=\"0\">Reconfiguraci\u00f3n del Congreso: Advierten un parlamento m\u00e1s fragmentado y polarizado. Se refiere Mario Herrera\u00a0Mu\u00f1oz, acad\u00e9mico del Centro de An\u00e1lisis Pol\u00edtico (CAP-UTalca)<\/a>\u00a0<\/div><div>\u00a0<\/div><div><b>EMOL<\/b>\u00a0<br \/><a id=\"OWAfa8377b9-425a-3582-70e7-4964c2811f33\" title=\"https:\/\/www.emol.com\/noticias\/Nacional\/2026\/03\/15\/1194352\/analisis-primeros-dias-kast.html\" href=\"https:\/\/www.emol.com\/noticias\/Nacional\/2026\/03\/15\/1194352\/analisis-primeros-dias-kast.html\" target=\"_blank\" rel=\"noopener noreferrer\" data-auth=\"NotApplicable\" data-linkindex=\"1\">&#8216;Estrategia clara&#8217;: El an\u00e1lisis a los gestos y primeras medidas de Kast tras su llegada a La Moneda. Se refiere Mario Herrera Mu\u00f1oz, acad\u00e9mico del Centro de An\u00e1lisis Pol\u00edtico (CAP-UTalca)<\/a>\u00a0<\/div><div>\u00a0<\/div><div><b>RADIO UNIVERSIDAD DE CHILE<\/b>\u00a0<br \/><a id=\"OWAffd91288-46a0-2e9f-0395-ed45fd10c63f\" title=\"https:\/\/www.litoralpress.cl\/sitio\/RadioTV_Detalles.cshtml?LPKey=OWMF263BUDKMV3CL33DDIXVKLCWICAXZUSIXK2GQT2I4HUPRXVWVO72R5HNQPLPAMQGVGGX3CXXJ2\" href=\"https:\/\/www.litoralpress.cl\/sitio\/RadioTV_Detalles.cshtml?LPKey=OWMF263BUDKMV3CL33DDIXVKLCWICAXZUSIXK2GQT2I4HUPRXVWVO72R5HNQPLPAMQGVGGX3CXXJ2\" target=\"_blank\" rel=\"noopener noreferrer\" data-auth=\"NotApplicable\" data-linkindex=\"2\">An\u00e1lisis Pol\u00edtico. Se refiere Mario Herrera Mu\u00f1oz, acad\u00e9mico del Centro de An\u00e1lisis Pol\u00edtico (CAP-UTalca)<\/a>\u00a0<\/div><div>\u00a0<\/div><div><b>DIARIO EL CENTRO<\/b>\u00a0<\/div><div><a id=\"OWA5c7c5906-2766-0cc2-b95c-8fc02a69fb03\" title=\"https:\/\/www.diarioelcentro.cl\/2026\/03\/13\/alza-del-petroleo-experto-entrega-claves-para-ahorrar-combustible-al-conducir\/\" href=\"https:\/\/www.diarioelcentro.cl\/2026\/03\/13\/alza-del-petroleo-experto-entrega-claves-para-ahorrar-combustible-al-conducir\/\" target=\"_blank\" rel=\"noopener noreferrer\" data-auth=\"NotApplicable\" data-linkindex=\"3\">Alza del petr\u00f3leo: experto entrega claves para ahorrar combustible al conducir. Se refiere\u00a0Gonzalo Pincheira, acad\u00e9mico Facultad de Ingenier\u00eda<\/a>\u00a0<\/div><div>\u00a0<\/div><div><b>CANAL 2 LINARES<\/b>\u00a0<br \/><a id=\"OWA28f70ec7-b5d4-a7d4-d4df-faf6a20a81c9\" title=\"https:\/\/www.canal2linares.cl\/2026\/03\/alza-de-petroleo-como-gastar-menos.html\" href=\"https:\/\/www.canal2linares.cl\/2026\/03\/alza-de-petroleo-como-gastar-menos.html\" target=\"_blank\" rel=\"noopener noreferrer\" data-auth=\"NotApplicable\" data-linkindex=\"4\">Alza del petr\u00f3leo: experto entrega claves para ahorrar combustible al conducir. Se refiere\u00a0Gonzalo Pincheira, acad\u00e9mico Facultad de Ingenier\u00eda<\/a>\u00a0<\/div><div>\u00a0<\/div><div><b>RADIO ALLEN<\/b>\u00a0<br \/><a id=\"OWA97030708-5f01-ccfa-687b-74d6ee5b494f\" title=\"https:\/\/radioallen.cl\/alza-de-petroleo-como-gastar-menos-combustible\/\" href=\"https:\/\/radioallen.cl\/alza-de-petroleo-como-gastar-menos-combustible\/\" target=\"_blank\" rel=\"noopener noreferrer\" data-auth=\"NotApplicable\" data-linkindex=\"5\">Alza del petr\u00f3leo: experto entrega claves para ahorrar combustible al conducir. Se refiere\u00a0Gonzalo Pincheira, acad\u00e9mico Facultad de Ingenier\u00eda<\/a>\u00a0<\/div><div>\u00a0<\/div><div><b>RADIO LAUTARO<\/b>\u00a0<br \/><a id=\"OWA5f413c3f-da9d-9222-72bd-6e9e10c0bf86\" title=\"https:\/\/radiolautarotalca.cl\/alza-de-petroleo-como-gastar-menos-combustible\/\" href=\"https:\/\/radiolautarotalca.cl\/alza-de-petroleo-como-gastar-menos-combustible\/\" target=\"_blank\" rel=\"noopener noreferrer\" data-auth=\"NotApplicable\" data-linkindex=\"6\">Alza del petr\u00f3leo: experto entrega claves para ahorrar combustible al conducir. Se refiere\u00a0Gonzalo Pincheira, acad\u00e9mico Facultad de Ingenier\u00eda<\/a>\u00a0<\/div><div>\u00a0<\/div><div><b>S\u00c9PTIMA REGI\u00d3N NOTICIAS<\/b>\u00a0<br \/><a id=\"OWA362274bc-c0c6-edfe-f407-3337bb9d010c\" title=\"https:\/\/www.septimapaginanoticias.cl\/alza-de-petroleo-como-gastar-menos-combustible\" href=\"https:\/\/www.septimapaginanoticias.cl\/alza-de-petroleo-como-gastar-menos-combustible\" target=\"_blank\" rel=\"noopener noreferrer\" data-auth=\"NotApplicable\" data-linkindex=\"7\">Alza del petr\u00f3leo: experto entrega claves para ahorrar combustible al conducir. Se refiere\u00a0Gonzalo Pincheira, acad\u00e9mico Facultad de Ingenier\u00eda<\/a>\u00a0<\/div><div>\u00a0<\/div><div><b>DIARIO CHA\u00d1ARCILLO<\/b>\u00a0<br \/><a id=\"OWA99b8085d-8ff5-e4c2-c202-3d1c8638719a\" title=\"https:\/\/www.litoralpress.cl\/paginaconsultas\/Servicios_NClipWeb\/Get_Imagen_Nota.aspx?LPKey=ZADIKS7BUCSDF3UF7VYTCFJDWUQOS5R537XSKI4FAYJIV6CL7PHKCQQW5IQPTGFWDW4O5QNHRN4F6\" href=\"https:\/\/www.litoralpress.cl\/paginaconsultas\/Servicios_NClipWeb\/Get_Imagen_Nota.aspx?LPKey=ZADIKS7BUCSDF3UF7VYTCFJDWUQOS5R537XSKI4FAYJIV6CL7PHKCQQW5IQPTGFWDW4O5QNHRN4F6\" target=\"_blank\" rel=\"noopener noreferrer\" data-auth=\"NotApplicable\" data-linkindex=\"8\">Alza del petr\u00f3leo: experto entrega claves para ahorrar combustible al conducir. Se refiere Gonzalo Pincheira, acad\u00e9mico Facultad de Ingenier\u00eda<\/a>\u00a0<\/div><div>\u00a0<\/div><div><b>RADIO LAUTARO<\/b>\u00a0<br \/><a id=\"OWA1c6d5bd4-3ac2-25e3-83f5-f9c6958c0446\" title=\"https:\/\/radiolautarotalca.cl\/primeros-100-dias-del-nuevo-gobierno-luna-de-miel-o-desafios-politicos\/\" href=\"https:\/\/radiolautarotalca.cl\/primeros-100-dias-del-nuevo-gobierno-luna-de-miel-o-desafios-politicos\/\" target=\"_blank\" rel=\"noopener noreferrer\" data-auth=\"NotApplicable\" data-linkindex=\"9\">Primeros 100 d\u00edas del nuevo gobierno: \u00bfLuna de miel o desaf\u00edos pol\u00edticos? Se refiere Mario Herrera Mu\u00f1oz, acad\u00e9mico del Centro de An\u00e1lisis Pol\u00edtico (CAP-UTalca)<\/a>\u00a0<\/div><div>\u00a0<\/div><div><b>RADIO INFINITA<\/b>\u00a0<br \/><a id=\"OWA475e8c13-c517-7cfa-8d92-944464b272dd\" title=\"https:\/\/www.litoralpress.cl\/sitio\/RadioTV_Detalles.cshtml?LPKey=53336PSCQDADBIOIGYHZ5IDVSIIPWKKJ5HL4XXC7FO4RZERILKJO5GBENJAWRKSDJYX3Z7WTFT37Q\" href=\"https:\/\/www.litoralpress.cl\/sitio\/RadioTV_Detalles.cshtml?LPKey=53336PSCQDADBIOIGYHZ5IDVSIIPWKKJ5HL4XXC7FO4RZERILKJO5GBENJAWRKSDJYX3Z7WTFT37Q\" target=\"_blank\" rel=\"noopener noreferrer\" data-auth=\"NotApplicable\" data-linkindex=\"10\">Se anticipan eventuales lluvias para este fin de semana en la regi\u00f3n. Se refiere\u00a0Patricio Gonz\u00e1lez Colville,\u00a0agroclimat\u00f3logo\u00a0y acad\u00e9mico del Centro de Investigaci\u00f3n y Transferencia en Riego y\u00a0Agroclimatolog\u00eda\u00a0(CITRA).<\/a>\u00a0<\/div><div>\u00a0<\/div><div><b>DIARIO TALCA<\/b>\u00a0<br \/><a id=\"OWAb1b3cb17-178b-05da-5ccc-f34e024bc0aa\" title=\"https:\/\/diariotalca.cl\/confirman-que-el-maule-se-vera-afectado-por-sistema-frontal-frio-a-partir-de-este-domingo\/\" href=\"https:\/\/diariotalca.cl\/confirman-que-el-maule-se-vera-afectado-por-sistema-frontal-frio-a-partir-de-este-domingo\/\" target=\"_blank\" rel=\"noopener noreferrer\" data-auth=\"NotApplicable\" data-linkindex=\"11\">Confirman que el Maule se ver\u00e1 afectado por sistema frontal fr\u00edo a partir de este domingo. Se refiere Patricio Gonz\u00e1lez Colville,\u00a0agroclimat\u00f3logo\u00a0y acad\u00e9mico del Centro de Investigaci\u00f3n y Transferencia en Riego y\u00a0Agroclimatolog\u00eda\u00a0(CITRA).<\/a>\u00a0<\/div><div>\u00a0<\/div><div><b>DIARIO EL CENTRO<\/b>\u00a0<br \/><a id=\"OWA57a0a99f-934d-bc58-f9f7-fde6920564c3\" title=\"https:\/\/www.diarioelcentro.cl\/2026\/03\/13\/alerta-preventiva-en-el-maule-por-fuertes-lluvias-hasta-30-mm-desde-este-domingo\/\" href=\"https:\/\/www.diarioelcentro.cl\/2026\/03\/13\/alerta-preventiva-en-el-maule-por-fuertes-lluvias-hasta-30-mm-desde-este-domingo\/\" target=\"_blank\" rel=\"noopener noreferrer\" data-auth=\"NotApplicable\" data-linkindex=\"12\">Alerta preventiva en el Maule por fuertes lluvias: hasta 30 mm desde este domingo. Se refiere Patricio Gonz\u00e1lez Colville,\u00a0agroclimat\u00f3logo\u00a0y acad\u00e9mico del Centro de Investigaci\u00f3n y Transferencia en Riego y\u00a0Agroclimatolog\u00eda\u00a0(CITRA).<\/a>\u00a0<\/div><div>\u00a0<\/div><div><b>LA PRENSA DE CURIC\u00d3<\/b>\u00a0<br \/><a id=\"OWA62b82856-cbbd-0511-df1e-9391dc5490a5\" title=\"https:\/\/www.litoralpress.cl\/paginaconsultas\/Servicios_NClipWeb\/Get_Imagen_Nota.aspx?LPKey=5O7NEDSKRX3O2QRT4BLWYBR6XZDPQ5UKLJSIFFMHXJSZ72MQPLHNZPX4AVVMGG5LBVNDOGQK7G43E\" href=\"https:\/\/www.litoralpress.cl\/paginaconsultas\/Servicios_NClipWeb\/Get_Imagen_Nota.aspx?LPKey=5O7NEDSKRX3O2QRT4BLWYBR6XZDPQ5UKLJSIFFMHXJSZ72MQPLHNZPX4AVVMGG5LBVNDOGQK7G43E\" target=\"_blank\" rel=\"noopener noreferrer\" data-auth=\"NotApplicable\" data-linkindex=\"13\">Sistema frontal fr\u00edo llegar\u00e1 al Maule ma\u00f1ana. Se refiere Patricio Gonz\u00e1lez Colville,\u00a0agroclimat\u00f3logo\u00a0y acad\u00e9mico del Centro de Investigaci\u00f3n y Transferencia en Riego y\u00a0Agroclimatolog\u00eda\u00a0(CITRA).<\/a>\u00a0<\/div><div>\u00a0<\/div><div><b>DIARIO EL CENTRO<\/b>\u00a0<br \/><a id=\"OWA9a8fd995-242b-6552-f8ab-749e11408ca1\" title=\"https:\/\/www.diarioelcentro.cl\/2026\/03\/14\/atencion-maule-manana-inicia-sistema-frontal-con-duracion-hasta-el-lunes\/\" href=\"https:\/\/www.diarioelcentro.cl\/2026\/03\/14\/atencion-maule-manana-inicia-sistema-frontal-con-duracion-hasta-el-lunes\/\" target=\"_blank\" rel=\"noopener noreferrer\" data-auth=\"NotApplicable\" data-linkindex=\"14\">ATENCI\u00d3N MAULE: Ma\u00f1ana inicia sistema frontal con duraci\u00f3n hasta el lunes. Se refiere Patricio Gonz\u00e1lez Colville,\u00a0agroclimat\u00f3logo\u00a0y acad\u00e9mico del Centro de Investigaci\u00f3n y Transferencia en Riego y\u00a0Agroclimatolog\u00eda\u00a0(CITRA).<\/a>\u00a0<\/div><div>\u00a0<\/div><div><b>MEGANOTICIAS<\/b>\u00a0<br \/><a id=\"OWAa224c65e-9064-5072-9d72-5e2973c22dcc\" title=\"https:\/\/www.meganoticias.cl\/nacional\/517074-columna-mauricio-morales-diseno-presidencial-jose-antonio-kast-15-03-2026.html\" href=\"https:\/\/www.meganoticias.cl\/nacional\/517074-columna-mauricio-morales-diseno-presidencial-jose-antonio-kast-15-03-2026.html\" target=\"_blank\" rel=\"noopener noreferrer\" data-auth=\"NotApplicable\" data-linkindex=\"15\">Columna : &#8220;El dise\u00f1o presidencial de Kast&#8221;. Se refiere Mauricio Morals, director Centro de An\u00e1lisis Pol\u00edtico (CAP-UTalca)<\/a>\u00a0<\/div><div>\u00a0<\/div><div><b>CHILL\u00c1N ONLINE<\/b>\u00a0<br \/><a id=\"OWAb5308af0-b70b-2f91-1f93-8e191132f1de\" title=\"https:\/\/www.chillanonline.cl\/V7\/2026\/03\/15\/nueva-convocatoria-de-talleres-gratuitos-de-ciencia-y-tecnologia-para-escolares\/\" href=\"https:\/\/www.chillanonline.cl\/V7\/2026\/03\/15\/nueva-convocatoria-de-talleres-gratuitos-de-ciencia-y-tecnologia-para-escolares\/\" target=\"_blank\" rel=\"noopener noreferrer\" data-auth=\"NotApplicable\" data-linkindex=\"16\">Nueva convocatoria de talleres gratuitos de ciencia y tecnolog\u00eda para escolares. Se refiere Karin Saavedra, directora general de Vinculaci\u00f3n con el Medio.\u00a0<\/a>\u00a0<\/div><div>\u00a0<\/div><div><b>EL MAULE INFORMA<\/b>\u00a0<br \/><a id=\"OWAddfdda6f-ea02-0083-d43c-f14ca0f6231f\" title=\"https:\/\/elmauleinforma.cl\/enfermedades-del-rinon-factores-de-riesgo-y-prevencion\/\" href=\"https:\/\/elmauleinforma.cl\/enfermedades-del-rinon-factores-de-riesgo-y-prevencion\/\" target=\"_blank\" rel=\"noopener noreferrer\" data-auth=\"NotApplicable\" data-linkindex=\"17\">Enfermedades del ri\u00f1\u00f3n: factores de riesgo y prevenci\u00f3n. Se refiere Jos\u00e9 Arroyo Roco, acad\u00e9mico de la Escuela de Enfermer\u00eda.<\/a>\u00a0<\/div><div>\u00a0<\/div><div><b>EL HERALDO<\/b>\u00a0<br \/><a id=\"OWA98020355-0089-2e04-52c1-7ae604c3f7c6\" title=\"https:\/\/www.litoralpress.cl\/paginaconsultas\/Servicios_NClipWeb\/Get_Imagen_Nota.aspx?LPKey=LS47VTRAS4ECE5SFAJHWDSGJTQ6UDMGFYPBP2TDGP6WIK3ZOFW3FQRNKPAGPHA2SRGSKNTX6APXEQ\" href=\"https:\/\/www.litoralpress.cl\/paginaconsultas\/Servicios_NClipWeb\/Get_Imagen_Nota.aspx?LPKey=LS47VTRAS4ECE5SFAJHWDSGJTQ6UDMGFYPBP2TDGP6WIK3ZOFW3FQRNKPAGPHA2SRGSKNTX6APXEQ\" target=\"_blank\" rel=\"noopener noreferrer\" data-auth=\"NotApplicable\" data-linkindex=\"18\">Enfermedades del ri\u00f1\u00f3n: factores de riesgo y prevenci\u00f3n. Se refiere Jos\u00e9 Arroyo Roco, acad\u00e9mico de la Escuela de Enfermer\u00eda.<\/a>\u00a0<\/div><div>\u00a0<\/div><div><b>MAULE HOY<\/b>\u00a0<br \/><a id=\"OWA4a3483b7-fdc6-0f74-b2de-64fb007f6887\" title=\"https:\/\/www.litoralpress.cl\/paginaconsultas\/Servicios_NClipWeb\/Get_Imagen_Nota.aspx?LPKey=DDSUKZAFNLGM5CIFQ5KV74D53NNEP6EKJQOWOQFKRZZTPA5BQBZV4UJLYIJ2AHJSVK636ZUC36SEO\" href=\"https:\/\/www.litoralpress.cl\/paginaconsultas\/Servicios_NClipWeb\/Get_Imagen_Nota.aspx?LPKey=DDSUKZAFNLGM5CIFQ5KV74D53NNEP6EKJQOWOQFKRZZTPA5BQBZV4UJLYIJ2AHJSVK636ZUC36SEO\" target=\"_blank\" rel=\"noopener noreferrer\" data-auth=\"NotApplicable\" data-linkindex=\"19\">Enfermedades del ri\u00f1\u00f3n: factores de riesgo y prevenci\u00f3n. Se refiere Jos\u00e9 Arroyo Roco, acad\u00e9mico de la Escuela de Enfermer\u00eda.<\/a>\u00a0<\/div><div>\u00a0<\/div><div><b>RADIO LAUTARO<\/b>\u00a0<br \/><a id=\"OWAb0b68875-d0d9-124a-42aa-d7e82460badf\" title=\"https:\/\/radiolautarotalca.cl\/enfermedades-del-rinon-factores-de-riesgo-y-prevencion\/\" href=\"https:\/\/radiolautarotalca.cl\/enfermedades-del-rinon-factores-de-riesgo-y-prevencion\/\" target=\"_blank\" rel=\"noopener noreferrer\" data-auth=\"NotApplicable\" data-linkindex=\"20\">Enfermedades del ri\u00f1\u00f3n: factores de riesgo y prevenci\u00f3n. Se refiere Jos\u00e9 Arroyo Roco, acad\u00e9mico de la Escuela de Enfermer\u00eda.<\/a>\u00a0<\/div><div>\u00a0<\/div><div><b>EL LECTOR<\/b>\u00a0<br \/><a id=\"OWA969aff0f-4b6f-3005-8529-0c7b80ad8181\" title=\"https:\/\/www.litoralpress.cl\/paginaconsultas\/Servicios_NClipWeb\/Get_Imagen_Nota.aspx?LPKey=MJVYYBOU24HMGNNEGOMC76JLDGHI66W3UCGWHWN4KJY5MWQCX3PESD3U7GZNQIFUTPCHAG2INJEJK\" href=\"https:\/\/www.litoralpress.cl\/paginaconsultas\/Servicios_NClipWeb\/Get_Imagen_Nota.aspx?LPKey=MJVYYBOU24HMGNNEGOMC76JLDGHI66W3UCGWHWN4KJY5MWQCX3PESD3U7GZNQIFUTPCHAG2INJEJK\" target=\"_blank\" rel=\"noopener noreferrer\" data-auth=\"NotApplicable\" data-linkindex=\"21\">Alza de petr\u00f3leo: \u00bfC\u00f3mo gastar menos combustible?\u00a0Se refiere Gonzalo Pincheira Orrellana, acad\u00e9mico de la Facultad de Ingenier\u00eda.<\/a>\u00a0<\/div><div>\u00a0<\/div><div><b>DIARIO TALCA<\/b>\u00a0<br \/><a id=\"OWA86da1014-d11b-369e-2aac-de25b0173c6b\" title=\"https:\/\/diariotalca.cl\/alza-de-petroleo-como-gastar-menos-combustible\/\" href=\"https:\/\/diariotalca.cl\/alza-de-petroleo-como-gastar-menos-combustible\/\" target=\"_blank\" rel=\"noopener noreferrer\" data-auth=\"NotApplicable\" data-linkindex=\"22\">Alza de petr\u00f3leo: \u00bfC\u00f3mo gastar menos combustible? Se refiere Gonzalo Pincheira Orrellana, acad\u00e9mico de la Facultad de Ingenier\u00eda.<\/a>\u00a0<\/div><div aria-hidden=\"true\">\u00a0<\/div><div><b>DIARIO EL HERALDO<\/b>\u00a0<br \/><a id=\"OWA7c0bf24f-7012-cca6-99fa-702669565ec3\" title=\"https:\/\/www.litoralpress.cl\/sitio\/Prensa_Detalles.cshtml?LPKey=RQDXUEPF4YM3RWXUUMX24UL7NUT5EVNNA2MIPCWPZBCDDJNWVGYQ\" href=\"https:\/\/www.litoralpress.cl\/sitio\/Prensa_Detalles.cshtml?LPKey=RQDXUEPF4YM3RWXUUMX24UL7NUT5EVNNA2MIPCWPZBCDDJNWVGYQ\" target=\"_blank\" rel=\"noopener noreferrer\" data-auth=\"NotApplicable\" data-linkindex=\"23\">UTalca integra proyecto Chile-Suiza sobre calefacci\u00f3n sostenible.\u00a0Se refiere Carlos Ch\u00e1vez Rebolledo, acad\u00e9mico de la Facultad de Econom\u00eda y Negocios (FEN).<\/a>\u00a0<\/div><div>\u00a0<\/div><div><b>CHILLAN ONLINE<\/b>\u00a0<br \/><a id=\"OWA988317eb-2461-3d91-cde6-9c16ca545525\" title=\"https:\/\/www.chillanonline.cl\/V7\/2026\/03\/14\/utalca-integra-proyecto-chile-suiza-sobre-calefaccion-sostenible\/\" href=\"https:\/\/www.chillanonline.cl\/V7\/2026\/03\/14\/utalca-integra-proyecto-chile-suiza-sobre-calefaccion-sostenible\/\" target=\"_blank\" rel=\"noopener noreferrer\" data-auth=\"NotApplicable\" data-linkindex=\"24\">UTalca\u00a0integra proyecto Chile\u2013Suiza sobre calefacci\u00f3n sostenible. Se refiere Carlos Ch\u00e1vez Rebolledo, acad\u00e9mico de la Facultad de Econom\u00eda y Negocios (FEN).<\/a>\u00a0<\/div><div>\u00a0<\/div><div><b>PORTAL METROPOLITANO<\/b>\u00a0<br \/><a id=\"OWA0932223c-b9f1-ae4f-170d-7c101d8633a5\" title=\"https:\/\/portalmetropolitano.cl\/universidad-de-talca-se-integra-a-proyecto-chile-suiza-para-impulsar-sistemas-de-calefaccion-sostenibles\/\" href=\"https:\/\/portalmetropolitano.cl\/universidad-de-talca-se-integra-a-proyecto-chile-suiza-para-impulsar-sistemas-de-calefaccion-sostenibles\/\" target=\"_blank\" rel=\"noopener noreferrer\" data-auth=\"NotApplicable\" data-linkindex=\"25\">UTalca\u00a0integra proyecto Chile\u2013Suiza sobre calefacci\u00f3n sostenible. Se refiere Carlos Ch\u00e1vez Rebolledo, acad\u00e9mico de la Facultad de Econom\u00eda y Negocios (FEN).<\/a><\/div><div>\u00a0<\/div><div><b>MAULE HOY<\/b>\u00a0<br \/><a id=\"OWAb880b246-4f88-4b9c-115f-1b753c71fdc5\" title=\"https:\/\/www.litoralpress.cl\/paginaconsultas\/Servicios_NClipWeb\/Get_Imagen_Nota.aspx?LPKey=2YF5LLV6MMPNQ24WQU4EEZC364HO7D3KFS6KINT74H65D62GVBFHBJXW2KQ75PZSWUUL3PW2RVQZ6\" href=\"https:\/\/www.litoralpress.cl\/paginaconsultas\/Servicios_NClipWeb\/Get_Imagen_Nota.aspx?LPKey=2YF5LLV6MMPNQ24WQU4EEZC364HO7D3KFS6KINT74H65D62GVBFHBJXW2KQ75PZSWUUL3PW2RVQZ6\" target=\"_blank\" rel=\"noopener noreferrer\" data-auth=\"NotApplicable\" data-linkindex=\"26\">UTalca\u00a0destaca a nivel nacional con alta adjudicaci\u00f3n de becas de doctorado. Se refiere Paula Mar\u00edquez, vicerrectora de\u00a0Formaci\u00f3n y\u00a0Sergio Wehinger, director de Postgrado.<\/a>\u00a0\u00a0<\/div><div>\u00a0<\/div><div><b>RADIO AMIGA\u00a0<\/b>\u00a0<br \/><a id=\"OWA4dad44c2-883f-7150-835c-530429e119e6\" title=\"https:\/\/www.litoralpress.cl\/sitio\/RadioTV_Detalles.cshtml?LPKey=LEKE6OI6GIEZETESQUGEYMS73FYYKT3XCZFA7FP5BXIQOQRTO44HZSHSEAIDHYRPBRYGCBDQ6BCMI\" href=\"https:\/\/www.litoralpress.cl\/sitio\/RadioTV_Detalles.cshtml?LPKey=LEKE6OI6GIEZETESQUGEYMS73FYYKT3XCZFA7FP5BXIQOQRTO44HZSHSEAIDHYRPBRYGCBDQ6BCMI\" target=\"_blank\" rel=\"noopener noreferrer\" data-auth=\"NotApplicable\" data-linkindex=\"27\">Estudio revela que la habilidad musical podr\u00eda ayudarte. Se refiere Mauricio V\u00e9liz, decano de la Facultad de Ciencias de la Educaci\u00f3n.<\/a>\u00a0<\/div><div>\u00a0<\/div><div><b>PUBLIMICRO<\/b>\u00a0<br \/><a id=\"OWA09632aa9-ab63-fc7d-1ae4-b67588957b4d\" title=\"https:\/\/publimicro.cl\/gripe-aviar-h5n1-llega-al-maule-sag-activa-alerta-sanitaria-y-advierte-sobre-riesgo-en-aves-productivas\/\" href=\"https:\/\/publimicro.cl\/gripe-aviar-h5n1-llega-al-maule-sag-activa-alerta-sanitaria-y-advierte-sobre-riesgo-en-aves-productivas\/\" target=\"_blank\" rel=\"noopener noreferrer\" data-auth=\"NotApplicable\" data-linkindex=\"28\">Gripe aviar H5N1 llega al Maule: SAG activa alerta sanitaria y advierte sobre riesgo en aves productivas. Se refiere \u00c9rika Retamal Contreras, directora del Departamento de Salud P\u00fablica.<\/a>\u00a0<\/div><div>\u00a0\u00a0<\/div><div><b>EL LECTOR<\/b>\u00a0<br \/><a id=\"OWA2ac92281-e8b5-7bd2-eac8-ef5bd96ca833\" title=\"https:\/\/www.litoralpress.cl\/paginaconsultas\/Servicios_NClipWeb\/Get_Imagen_Nota.aspx?LPKey=EFQDLAQND37XRCYNA3HZBF7RQI74JIXKB4C3K55OD6NNPUM26KZLE4LPIL2A4S5DR7MRFLMT3PUGO\" href=\"https:\/\/www.litoralpress.cl\/paginaconsultas\/Servicios_NClipWeb\/Get_Imagen_Nota.aspx?LPKey=EFQDLAQND37XRCYNA3HZBF7RQI74JIXKB4C3K55OD6NNPUM26KZLE4LPIL2A4S5DR7MRFLMT3PUGO\" target=\"_blank\" rel=\"noopener noreferrer\" data-auth=\"NotApplicable\" data-linkindex=\"29\">Universidad de Talca ampl\u00eda su oferta de diplomados para 2026. Se refiere Sergio Wehinger, director de Postgrado.<\/a>\u00a0<\/div><div aria-hidden=\"true\">\u00a0<\/div><div><b>PORTAL METROPOLITANO<\/b>\u00a0<br \/><a id=\"OWA7caa5059-8332-2a97-8ee0-0870bf6b64a1\" title=\"https:\/\/portalmetropolitano.cl\/talagante-inauguro-el-ano-escolar-2026-y-marco-un-hito-historico-con-el-inicio-de-la-ensenanza-media-en-la-escuela-pino-viejo-de-lonquen\/\" href=\"https:\/\/portalmetropolitano.cl\/talagante-inauguro-el-ano-escolar-2026-y-marco-un-hito-historico-con-el-inicio-de-la-ensenanza-media-en-la-escuela-pino-viejo-de-lonquen\/\" target=\"_blank\" rel=\"noopener noreferrer\" data-auth=\"NotApplicable\" data-linkindex=\"30\">Talagante inaugur\u00f3 el a\u00f1o escolar 2026 y marc\u00f3 un hito hist\u00f3rico con el inicio de la\u00a0ense\u00f1anza media en la Escuela Pino Viejo de Lonqu\u00e9n. Se menciona la Universidad de Talca.<\/a>\u00a0<\/div><div>\u00a0<\/div><div><b>LA PRENSA DE CURIC\u00d3\u00a0<\/b>\u00a0<br \/><a id=\"OWA565ed96a-9824-de68-afd2-ee002867d905\" title=\"https:\/\/www.litoralpress.cl\/paginaconsultas\/Servicios_NClipWeb\/Get_Imagen_Nota.aspx?LPKey=U7UP2RWD2LHOEVKS6NUGV4O7UZLSQAWBU4SHJACMTQW2UUIJ67ZTCZNKD7UFTP2SIA4DVSZ5KESJM\" href=\"https:\/\/www.litoralpress.cl\/paginaconsultas\/Servicios_NClipWeb\/Get_Imagen_Nota.aspx?LPKey=U7UP2RWD2LHOEVKS6NUGV4O7UZLSQAWBU4SHJACMTQW2UUIJ67ZTCZNKD7UFTP2SIA4DVSZ5KESJM\" target=\"_blank\" rel=\"noopener noreferrer\" data-auth=\"NotApplicable\" data-linkindex=\"31\">Sucede. Se menciona la Universidad de Talca.<\/a>\u00a0<\/div><div>\u00a0<\/div><div><b>LA PRENSA DE CURIC\u00d3<\/b>\u00a0<br \/><a id=\"OWAc3e54c9b-74c0-8ca9-5056-3e1cf280a159\" title=\"https:\/\/www.litoralpress.cl\/paginaconsultas\/Servicios_NClipWeb\/Get_Imagen_Nota.aspx?LPKey=WC4GNCYIONBLMSQT4ONMZNYUBZKGFRELM3ZAHCOYAPVH3EHWQHHLKGP3GCT3VSWUSZPBMDLGR45YC\" href=\"https:\/\/www.litoralpress.cl\/paginaconsultas\/Servicios_NClipWeb\/Get_Imagen_Nota.aspx?LPKey=WC4GNCYIONBLMSQT4ONMZNYUBZKGFRELM3ZAHCOYAPVH3EHWQHHLKGP3GCT3VSWUSZPBMDLGR45YC\" target=\"_blank\" rel=\"noopener noreferrer\" data-auth=\"NotApplicable\" data-linkindex=\"32\">&#8220;La biblioteca imaginaria&#8221; aterriz\u00f3 en centro de extensi\u00f3n de la\u00a0UTalca. Se menciona la Universidad de Talca.<\/a>\u00a0<\/div><div>\u00a0<\/div><div><b>DIARIO LA PRENSA<\/b>\u00a0<br \/><a id=\"OWA16c2aaa3-03c2-27a9-8348-be8b44f2fbc0\" title=\"https:\/\/new.diariolaprensa.cl\/index.php\/2026\/03\/13\/la-biblioteca-imaginaria-aterrizo-en-centro-de-extension-de-la-utal\/\" href=\"https:\/\/new.diariolaprensa.cl\/index.php\/2026\/03\/13\/la-biblioteca-imaginaria-aterrizo-en-centro-de-extension-de-la-utal\/\" target=\"_blank\" rel=\"noopener noreferrer\" data-auth=\"NotApplicable\" data-linkindex=\"33\">&#8220;La biblioteca imaginaria&#8221; aterriz\u00f3 en centro de extensi\u00f3n de la\u00a0UTalca. Se menciona la Universidad de Talca.<\/a>\u00a0<\/div><div>\u00a0<\/div><div><b>LA CUARTA<\/b>\u00a0<br \/><a id=\"OWA451be11a-c61a-a048-3efc-05d2cd801bfc\" title=\"https:\/\/www.lacuarta.com\/tendencias\/noticia\/con-piezas-originarias-de-10-paises-de-africa-extienden-muestra-de-la-bienal-de-arte-textil\/\" href=\"https:\/\/www.lacuarta.com\/tendencias\/noticia\/con-piezas-originarias-de-10-paises-de-africa-extienden-muestra-de-la-bienal-de-arte-textil\/\" target=\"_blank\" rel=\"noopener noreferrer\" data-auth=\"NotApplicable\" data-linkindex=\"34\">Con piezas originarias de 10 pa\u00edses de \u00c1frica: extienden muestra de la Bienal de Arte Textil. Se menciona la Universidad de Talca.<\/a>\u00a0<\/div><div>\u00a0<\/div><div><b>\u00a0EL AMAULE<\/b>\u00a0<br \/><a id=\"OWA2e3aee70-148b-9f54-4dd6-e964e82fb005\" title=\"https:\/\/www.elamaule.cl\/noticia\/cultura\/vendimia-universitaria-2026-en-la-universidad-de-talca-vino-cultura-y-tradicion-en-c\" href=\"https:\/\/www.elamaule.cl\/noticia\/cultura\/vendimia-universitaria-2026-en-la-universidad-de-talca-vino-cultura-y-tradicion-en-c\" target=\"_blank\" rel=\"noopener noreferrer\" data-auth=\"NotApplicable\" data-linkindex=\"35\">Vendimia Universitaria 2026 en la Universidad de Talca: vino, cultura y tradici\u00f3n en Colchagua. Se menciona la Universidad de Talca.<\/a>\u00a0<\/div><div>\u00a0<\/div><div><b>UNIVERSIDAD DE CHILE\u00a0<\/b>\u00a0<br \/><a id=\"OWA1a0d920f-0767-afc1-3fac-71fba2adcdac\" title=\"https:\/\/odontologia.uchile.cl\/noticias\/237759\/6-ano-fouch-rendira-eno-2026\" href=\"https:\/\/odontologia.uchile.cl\/noticias\/237759\/6-ano-fouch-rendira-eno-2026\" target=\"_blank\" rel=\"noopener noreferrer\" data-auth=\"NotApplicable\" data-linkindex=\"36\">6\u00b0 A\u00f1o FOUCh rendir\u00e1 ENO 2026.\u00a0 Se menciona la Universidad de Talca.<\/a>\u00a0<\/div><div>\u00a0<\/div><div><b>LA PRENSA DE CURIC\u00d3<\/b>\u00a0<br \/><a id=\"OWA4fade618-4cdc-95f5-67ac-c0c5ff59007f\" title=\"https:\/\/www.litoralpress.cl\/paginaconsultas\/Servicios_NClipWeb\/Get_Imagen_Nota.aspx?LPKey=OX7DLVFWPEBUSJ7U2YVHAQUJ4CZAYAMEA52AXKRKCJLS3FOIXJPXOLWQYA7FEK5BA43Q2AB6D77AC\" href=\"https:\/\/www.litoralpress.cl\/paginaconsultas\/Servicios_NClipWeb\/Get_Imagen_Nota.aspx?LPKey=OX7DLVFWPEBUSJ7U2YVHAQUJ4CZAYAMEA52AXKRKCJLS3FOIXJPXOLWQYA7FEK5BA43Q2AB6D77AC\" target=\"_blank\" rel=\"noopener noreferrer\" data-auth=\"NotApplicable\" data-linkindex=\"37\">Sucede. Se menciona la Universidad de Talca.<\/a>\u00a0\u00a0<\/div><div>\u00a0<\/div><div><b>EL MAULE INFORMA<\/b>\u00a0<br \/><a id=\"OWA68aaad8d-ba1d-fcb6-b5ec-55f85ca00c13\" title=\"https:\/\/elmauleinforma.cl\/sernameg-maule-premio-a-las-ganadoras-del-concurso-literario-mujeres-entre-letras\/\" href=\"https:\/\/elmauleinforma.cl\/sernameg-maule-premio-a-las-ganadoras-del-concurso-literario-mujeres-entre-letras\/\" target=\"_blank\" rel=\"noopener noreferrer\" data-auth=\"NotApplicable\" data-linkindex=\"38\">SernamEG\u00a0Maule premi\u00f3 a las ganadoras del Concurso Literario \u201cMujeres Entre Letras\u201d. Se menciona la Universidad de Talca.<\/a>\u00a0<\/div>\t\t\t\t\t\t<\/div>\n\t\t\t\t<\/div>\n\t\t\t\t\t<\/div>\n\t\t<\/div>\n\t\t\t\t\t\t\t<\/div>\n\t\t<\/section>\n\t\t\t\t\t\t<\/div>\n\t\t\t\t\t<\/div>\n\t\t","protected":false},"excerpt":{"rendered":"<p>MAULE HOY\u00a0Reconfiguraci\u00f3n del Congreso: Advierten un parlamento m\u00e1s fragmentado y polarizado. Se refiere Mario Herrera\u00a0Mu\u00f1oz, acad\u00e9mico del Centro de An\u00e1lisis Pol\u00edtico (CAP-UTalca)\u00a0\u00a0EMOL\u00a0&#8216;Estrategia clara&#8217;: El an\u00e1lisis a los gestos y primeras medidas de Kast tras su llegada a La Moneda. Se refiere Mario Herrera Mu\u00f1oz, acad\u00e9mico del Centro de An\u00e1lisis Pol\u00edtico (CAP-UTalca)\u00a0\u00a0RADIO UNIVERSIDAD DE CHILE\u00a0An\u00e1lisis Pol\u00edtico. &hellip;<\/p>\n<p class=\"read-more\"> <a class=\"\" href=\"https:\/\/www.reportedeprensa.utalca.cl\/?p=13416\"> <span class=\"screen-reader-text\">16 de marzo 2026<\/span> Read More &raquo;<\/a><\/p>\n","protected":false},"author":1,"featured_media":0,"comment_status":"closed","ping_status":"open","sticky":false,"template":"","format":"standard","meta":{"_monsterinsights_skip_tracking":false,"_monsterinsights_sitenote_active":false,"_monsterinsights_sitenote_note":"","_monsterinsights_sitenote_category":0},"categories":[68],"tags":[],"_links":{"self":[{"href":"https:\/\/www.reportedeprensa.utalca.cl\/index.php?rest_route=\/wp\/v2\/posts\/13416"}],"collection":[{"href":"https:\/\/www.reportedeprensa.utalca.cl\/index.php?rest_route=\/wp\/v2\/posts"}],"about":[{"href":"https:\/\/www.reportedeprensa.utalca.cl\/index.php?rest_route=\/wp\/v2\/types\/post"}],"author":[{"embeddable":true,"href":"https:\/\/www.reportedeprensa.utalca.cl\/index.php?rest_route=\/wp\/v2\/users\/1"}],"replies":[{"embeddable":true,"href":"https:\/\/www.reportedeprensa.utalca.cl\/index.php?rest_route=%2Fwp%2Fv2%2Fcomments&post=13416"}],"version-history":[{"count":4,"href":"https:\/\/www.reportedeprensa.utalca.cl\/index.php?rest_route=\/wp\/v2\/posts\/13416\/revisions"}],"predecessor-version":[{"id":13420,"href":"https:\/\/www.reportedeprensa.utalca.cl\/index.php?rest_route=\/wp\/v2\/posts\/13416\/revisions\/13420"}],"wp:attachment":[{"href":"https:\/\/www.reportedeprensa.utalca.cl\/index.php?rest_route=%2Fwp%2Fv2%2Fmedia&parent=13416"}],"wp:term":[{"taxonomy":"category","embeddable":true,"href":"https:\/\/www.reportedeprensa.utalca.cl\/index.php?rest_route=%2Fwp%2Fv2%2Fcategories&post=13416"},{"taxonomy":"post_tag","embeddable":true,"href":"https:\/\/www.reportedeprensa.utalca.cl\/index.php?rest_route=%2Fwp%2Fv2%2Ftags&post=13416"}],"curies":[{"name":"wp","href":"https:\/\/api.w.org\/{rel}","templated":true}]}}