{"id":13421,"date":"2026-03-17T09:10:09","date_gmt":"2026-03-17T12:10:09","guid":{"rendered":"https:\/\/www.reportedeprensa.utalca.cl\/?p=13421"},"modified":"2026-03-17T11:55:52","modified_gmt":"2026-03-17T14:55:52","slug":"17-de-marzo-2026","status":"publish","type":"post","link":"https:\/\/www.reportedeprensa.utalca.cl\/?p=13421","title":{"rendered":"17 de marzo 2026"},"content":{"rendered":"\t\t<div data-elementor-type=\"wp-post\" data-elementor-id=\"13421\" class=\"elementor elementor-13421\" data-elementor-settings=\"[]\">\n\t\t\t\t\t\t\t<div class=\"elementor-section-wrap\">\n\t\t\t\t\t\t\t<section class=\"elementor-section elementor-top-section elementor-element elementor-element-bcea1a8 elementor-section-boxed elementor-section-height-default elementor-section-height-default\" data-id=\"bcea1a8\" data-element_type=\"section\">\n\t\t\t\t\t\t<div class=\"elementor-container elementor-column-gap-default\">\n\t\t\t\t\t<div class=\"elementor-column elementor-col-100 elementor-top-column elementor-element elementor-element-e7183bf\" data-id=\"e7183bf\" data-element_type=\"column\">\n\t\t\t<div class=\"elementor-widget-wrap elementor-element-populated\">\n\t\t\t\t\t\t\t\t<div class=\"elementor-element elementor-element-ae31125 elementor-widget elementor-widget-text-editor\" data-id=\"ae31125\" data-element_type=\"widget\" data-widget_type=\"text-editor.default\">\n\t\t\t\t<div class=\"elementor-widget-container\">\n\t\t\t\t\t\t\t\t<div><b data-olk-copy-source=\"MessageBody\">DIARIO TALCA<\/b>\u00a0<br \/><a id=\"OWAd1cc00f7-1a60-1f6e-9c1e-166d968b40b3\" title=\"https:\/\/diariotalca.cl\/nueva-convocatoria-de-talleres-gratuitos-de-ciencia-y-tecnologia-para-escolares\/\" href=\"https:\/\/diariotalca.cl\/nueva-convocatoria-de-talleres-gratuitos-de-ciencia-y-tecnologia-para-escolares\/\" target=\"_blank\" rel=\"noopener noreferrer\" data-auth=\"NotApplicable\" data-linkindex=\"0\">Nueva convocatoria de talleres gratuitos de ciencia y tecnolog\u00eda para escolares. Se refiere Karin Saavedra Redlich, directora general de Vinculaci\u00f3n con el Medio.<\/a>\u00a0<\/div><div aria-hidden=\"true\">\u00a0<\/div><div><b>HORA DE NOTICIAS<\/b>\u00a0<br \/><a id=\"OWA518decb7-e468-2435-46ab-6be0c64b4be4\" title=\"https:\/\/horadenoticias.cl\/educacion\/abren-postulaciones-para-talleres-gratuitos-de-robotica-y-creacion-de-videojuegos\" href=\"https:\/\/horadenoticias.cl\/educacion\/abren-postulaciones-para-talleres-gratuitos-de-robotica-y-creacion-de-videojuegos\" target=\"_blank\" rel=\"noopener noreferrer\" data-auth=\"NotApplicable\" data-linkindex=\"1\">Abren postulaciones para talleres gratuitos de rob\u00f3tica y creaci\u00f3n de videojuegos. Se refiere\u00a0Karin Saavedra Redlich, directora general de Vinculaci\u00f3n con el Medio.<\/a>\u00a0<\/div><div aria-hidden=\"true\">\u00a0<\/div><div><b>ADPRENSA<\/b>\u00a0<br \/><a id=\"OWA8bdd890d-fd9f-6fa1-3c8a-284b286c207c\" title=\"https:\/\/www.adprensa.cl\/actividades-academicas\/advierten-que-antes-de-rebajar-de-impuestos-se-debe-disminuir-la-brecha-fiscal\/\" href=\"https:\/\/www.adprensa.cl\/actividades-academicas\/advierten-que-antes-de-rebajar-de-impuestos-se-debe-disminuir-la-brecha-fiscal\/\" target=\"_blank\" rel=\"noopener noreferrer\" data-auth=\"NotApplicable\" data-linkindex=\"2\">Advierten que antes de rebajar de impuestos se debe disminuir la brecha fiscal. Se refiere Andrea Bentancor Cazenave.<\/a>\u00a0<\/div><div aria-hidden=\"true\">\u00a0<\/div><div><b>MEDIABANCO<\/b>\u00a0<br \/><a id=\"OWA0c502785-352f-ac79-4c9d-15bd3c1b5963\" title=\"https:\/\/www.mediabanco.com\/advierten-que-antes-de-rebajar-de-impuestos-se-debe-disminuir-la-brecha-fiscal\/\" href=\"https:\/\/www.mediabanco.com\/advierten-que-antes-de-rebajar-de-impuestos-se-debe-disminuir-la-brecha-fiscal\/\" target=\"_blank\" rel=\"noopener noreferrer\" data-auth=\"NotApplicable\" data-linkindex=\"3\">Advierten que antes de rebajar de impuestos se debe disminuir la brecha fiscal. Se refiere Andrea Bentancor Cazenave.<\/a>\u00a0\u00a0<\/div><div aria-hidden=\"true\">\u00a0<\/div><div><b>G5 NOTICIAS<\/b>\u00a0<br \/><a id=\"OWAaf4cad9e-9965-eda6-81dc-8fb505724626\" title=\"https:\/\/g5noticias.cl\/2026\/03\/16\/advierten-que-antes-de-rebajar-de-impuestos-se-debe-disminuir-la-brecha-fiscal\/\" href=\"https:\/\/g5noticias.cl\/2026\/03\/16\/advierten-que-antes-de-rebajar-de-impuestos-se-debe-disminuir-la-brecha-fiscal\/\" target=\"_blank\" rel=\"noopener noreferrer\" data-auth=\"NotApplicable\" data-linkindex=\"4\">Advierten que antes de rebajar de impuestos se debe disminuir la brecha fiscal. Se refiere Andrea Bentancor Cazenave.<\/a>\u00a0<\/div><div aria-hidden=\"true\">\u00a0<\/div><div><b>CR\u00d3NICA DE CHILL\u00c1N<\/b>\u00a0<br \/><a id=\"OWA59740cb4-38e4-ed55-2123-c2df8f8a317b\" title=\"https:\/\/www.litoralpress.cl\/paginaconsultas\/Servicios_NClipWeb\/Get_Imagen_Nota.aspx?LPKey=54AS44W4EHHUCJFN7P5A7COM3NVBGZFLBBHLNLI65EV7ZFS6BR7GWZBZ66KCCSWBJNGWJEAZHJBPW\" href=\"https:\/\/www.litoralpress.cl\/paginaconsultas\/Servicios_NClipWeb\/Get_Imagen_Nota.aspx?LPKey=54AS44W4EHHUCJFN7P5A7COM3NVBGZFLBBHLNLI65EV7ZFS6BR7GWZBZ66KCCSWBJNGWJEAZHJBPW\" target=\"_blank\" rel=\"noopener noreferrer\" data-auth=\"NotApplicable\" data-linkindex=\"5\">Elecci\u00f3n de las testeras en ambas c\u00e1maras devela las tensiones y apoyos entre partidos. Se refiere Mario Herrera Mu\u00f1oz, acad\u00e9mico del Centro de An\u00e1lisis Pol\u00edtico (CAP-UTalca)<\/a>\u00a0<\/div><div aria-hidden=\"true\">\u00a0<\/div><div><b>HORA DE NOTICIAS\u00a0<\/b>\u00a0<br \/><a id=\"OWAd44c14c1-f7e5-18b7-e487-bc538a9850a8\" title=\"https:\/\/horadenoticias.cl\/politica\/experto-advierte-desafios-de-gobernabilidad-ante-congreso-fragmentado\" href=\"https:\/\/horadenoticias.cl\/politica\/experto-advierte-desafios-de-gobernabilidad-ante-congreso-fragmentado\" target=\"_blank\" rel=\"noopener noreferrer\" data-auth=\"NotApplicable\" data-linkindex=\"6\">Experto advierte desaf\u00edos de gobernabilidad ante Congreso fragmentado. Se refiere Mario Herrera Mu\u00f1oz, acad\u00e9mico del Centro de An\u00e1lisis Pol\u00edtico (CAP-UTalca)<\/a>\u00a0<\/div><div aria-hidden=\"true\">\u00a0<\/div><div><b>G5 NOTICIAS<\/b>\u00a0<br \/><a id=\"OWA76a93882-369b-6ba1-6dc3-6ce8326d63ea\" title=\"https:\/\/g5noticias.cl\/2026\/03\/16\/utalca-integra-proyecto-chile-suiza-sobre-calefaccion-sostenible\/\" href=\"https:\/\/g5noticias.cl\/2026\/03\/16\/utalca-integra-proyecto-chile-suiza-sobre-calefaccion-sostenible\/\" target=\"_blank\" rel=\"noopener noreferrer\" data-auth=\"NotApplicable\" data-linkindex=\"7\">UTalca\u00a0integra proyecto Chile\u2013Suiza sobre calefacci\u00f3n sostenible. Se refiere Carlos Ch\u00e1vez Rebolledo, acad\u00e9mico de la Facultad de Econom\u00eda y Negocios (FEN).<\/a>\u00a0<\/div><div><b>EL DESCONCIERTO<\/b>\u00a0<br \/><a id=\"OWAcbb2a979-4f0e-d4c0-36f3-03539e27e873\" title=\"https:\/\/eldesconcierto.cl\/2026\/03\/16\/utalca-sera-parte-de-iniciativa-chileno-suiza-para-brindar-calefaccion-sostenible-a-familias-vulnerables-en-ancud\" href=\"https:\/\/eldesconcierto.cl\/2026\/03\/16\/utalca-sera-parte-de-iniciativa-chileno-suiza-para-brindar-calefaccion-sostenible-a-familias-vulnerables-en-ancud\" target=\"_blank\" rel=\"noopener noreferrer\" data-auth=\"NotApplicable\" data-linkindex=\"8\">UTalca\u00a0ser\u00e1 parte de iniciativa chileno-suiza para brindar calefacci\u00f3n sostenible a\u00a0familias vulnerables en Ancud. Se refiere Carlos Ch\u00e1vez Rebolledo, acad\u00e9mico de la Facultad de Econom\u00eda y Negocios (FEN).<\/a>\u00a0<\/div><div aria-hidden=\"true\">\u00a0<\/div><div><b>EL CIUDADANO<\/b>\u00a0<br \/><a id=\"OWAa9734dcd-a1df-c287-2ba3-48ae516c4656\" title=\"https:\/\/www.elciudadano.com\/chile\/proyecto-cientifico-chile-suiza-busca-avanzar-hacia-sistemas-de-calefaccion-ambientalmente-sostenibles-y-socialmente-justos\/03\/16\/\" href=\"https:\/\/www.elciudadano.com\/chile\/proyecto-cientifico-chile-suiza-busca-avanzar-hacia-sistemas-de-calefaccion-ambientalmente-sostenibles-y-socialmente-justos\/03\/16\/\" target=\"_blank\" rel=\"noopener noreferrer\" data-auth=\"NotApplicable\" data-linkindex=\"9\">Proyecto cient\u00edfico Chile\u2013Suiza busca avanzar hacia sistemas de calefacci\u00f3n ambientalmente sostenibles y socialmente justos. Se refiere Carlos Ch\u00e1vez Rebolledo, acad\u00e9mico de la Facultad de Econom\u00eda y Negocios (FEN).<\/a>\u00a0<\/div><div aria-hidden=\"true\">\u00a0<\/div><div><b>INOTICIAS<\/b>\u00a0<br \/><a id=\"OWAa6ed6c28-5e97-1761-ab0e-072e67baf30d\" title=\"https:\/\/inoticias.cl\/detalle\/proyecto-cientifico-chilesuiza-busca-avanzar-hacia-sistemas\" href=\"https:\/\/inoticias.cl\/detalle\/proyecto-cientifico-chilesuiza-busca-avanzar-hacia-sistemas\" target=\"_blank\" rel=\"noopener noreferrer\" data-auth=\"NotApplicable\" data-linkindex=\"10\">Proyecto cient\u00edfico Chile\u2013Suiza busca avanzar hacia sistemas de calefacci\u00f3n ambientalmente sostenibles y socialmente justos. Se refiere Carlos Ch\u00e1vez Rebolledo, acad\u00e9mico de la Facultad de Econom\u00eda y Negocios (FEN).<\/a>\u00a0<\/div><div aria-hidden=\"true\">\u00a0<\/div><div><b>RADIO POLAR<\/b>\u00a0<br \/><a id=\"OWAc23d6593-7143-82db-ac5c-48391db324f2\" title=\"https:\/\/www.radiopolar.com\/estudio-revela-personas-mayores-chile-cuentan-amigo-hablar-temas-personales\" href=\"https:\/\/www.radiopolar.com\/estudio-revela-personas-mayores-chile-cuentan-amigo-hablar-temas-personales\" target=\"_blank\" rel=\"noopener noreferrer\" data-auth=\"NotApplicable\" data-linkindex=\"11\">Estudio revela que personas mayores en Chile solo cuentan con un amigo para hablar temas personales. Se refiere Emilio Moyano, acad\u00e9mico de la Facultad de Psicolog\u00eda.<\/a>\u00a0<\/div><div aria-hidden=\"true\">\u00a0<\/div><div><b>HORA DE NOTICIAS<\/b>\u00a0<br \/><a id=\"OWA4aa3eeee-3f81-322d-9cfe-72932cde1e52\" title=\"https:\/\/horadenoticias.cl\/salud\/enfermedad-renal-cronica-afecta-al-10-de-la-poblacion-y-muchas-veces-se-detecta-tarde\" href=\"https:\/\/horadenoticias.cl\/salud\/enfermedad-renal-cronica-afecta-al-10-de-la-poblacion-y-muchas-veces-se-detecta-tarde\" target=\"_blank\" rel=\"noopener noreferrer\" data-auth=\"NotApplicable\" data-linkindex=\"12\">Enfermedad renal cr\u00f3nica afecta al 10% de la poblaci\u00f3n y muchas veces se detecta tarde. Se refiere\u00a0Jos\u00e9 Arroyo Roco, acad\u00e9mico de la\u00a0Escuela de Enfermer\u00eda.<\/a>\u00a0<\/div><div aria-hidden=\"true\">\u00a0<\/div><div><b>LA PRENSA DE CURIC\u00d3<\/b>\u00a0<br \/><a id=\"OWA7535cb2f-a594-1fb6-63d9-3ce15e19135e\" title=\"https:\/\/www.litoralpress.cl\/paginaconsultas\/Servicios_NClipWeb\/Get_Imagen_Nota.aspx?LPKey=U4PMWFY6XMRJWLC6VZHQADRCX7RRG7VMJ3QQH66ESYLJFXOHBT4UNGJJ32643BHNOMZ3SOFBHHQQ4\" href=\"https:\/\/www.litoralpress.cl\/paginaconsultas\/Servicios_NClipWeb\/Get_Imagen_Nota.aspx?LPKey=U4PMWFY6XMRJWLC6VZHQADRCX7RRG7VMJ3QQH66ESYLJFXOHBT4UNGJJ32643BHNOMZ3SOFBHHQQ4\" target=\"_blank\" rel=\"noopener noreferrer\" data-auth=\"NotApplicable\" data-linkindex=\"13\">Sucede. Se menciona la Universidad de Talca.<\/a>\u00a0\u00a0<\/div><div aria-hidden=\"true\">\u00a0<\/div><div><b>DIARIO CURIC\u00d3<\/b>\u00a0<br \/><a id=\"OWAeb57d6dc-dee7-2e73-5102-c85a82e4a3e1\" title=\"https:\/\/diariocurico.cl\/concurso-literario-mujeres-entre-letras-4-ganadoras-de-la-provincia-de-curico\/\" href=\"https:\/\/diariocurico.cl\/concurso-literario-mujeres-entre-letras-4-ganadoras-de-la-provincia-de-curico\/\" target=\"_blank\" rel=\"noopener noreferrer\" data-auth=\"NotApplicable\" data-linkindex=\"14\">Concurso Literario \u201cMujeres Entre Letras\u201d: 4 ganadoras de la provincia de Curic\u00f3. Se menciona la Universidad de Talca.<\/a>\u00a0<\/div><div aria-hidden=\"true\">\u00a0<\/div><div><b>PODER Y LIDERAZGO<\/b>\u00a0<br \/><a id=\"OWAba7c408f-e793-61c6-3787-75cb7a92fdea\" title=\"https:\/\/www.poderyliderazgo.cl\/universidades-regionales-el-otro-chile-que-produce-ciencia-lejos-de-santiago\/\" href=\"https:\/\/www.poderyliderazgo.cl\/universidades-regionales-el-otro-chile-que-produce-ciencia-lejos-de-santiago\/\" target=\"_blank\" rel=\"noopener noreferrer\" data-auth=\"NotApplicable\" data-linkindex=\"15\">Universidades regionales: el otro Chile que produce ciencia lejos de Santiago. Se menciona la Universidad de Talca.<\/a>\u00a0<\/div><div><b>DIARIO LA MA\u00d1ANA<\/b>\u00a0<br \/><a id=\"OWA08e12ea4-8aeb-2866-5fe6-e590df46e9d0\" title=\"https:\/\/xn--diariolamaana-rkb.cl\/talca-recibe-la-sexta-edicion-de-migrafest-festival-de-cine-latinoamericano\/\" href=\"https:\/\/xn--diariolamaana-rkb.cl\/talca-recibe-la-sexta-edicion-de-migrafest-festival-de-cine-latinoamericano\/\" target=\"_blank\" rel=\"noopener noreferrer\" data-auth=\"NotApplicable\" data-linkindex=\"16\">Talca recibe la sexta edici\u00f3n de\u00a0MigraFest, Festival de Cine Latinoamericano. Se menciona la Universidad de Talca.<\/a>\u00a0<\/div><div aria-hidden=\"true\">\u00a0<\/div><div><b>AM NOTICIAS<\/b>\u00a0<br \/><a id=\"OWA4fc35248-624b-b75e-b2be-243fd3f713cf\" title=\"https:\/\/amnoticias.cl\/talca-recibe-la-sexta-edicion-de-migrafest-festival-de-cine-latinoamericano\/\" href=\"https:\/\/amnoticias.cl\/talca-recibe-la-sexta-edicion-de-migrafest-festival-de-cine-latinoamericano\/\" target=\"_blank\" rel=\"noopener noreferrer\" data-auth=\"NotApplicable\" data-linkindex=\"17\">Talca recibe la sexta edici\u00f3n de\u00a0MigraFest, Festival de Cine Latinoamericano. Se menciona la Universidad de Talca.<\/a>\u00a0<\/div><div aria-hidden=\"true\">\u00a0<\/div><div><b>DIARIO EL CENTRO<\/b>\u00a0<br \/><a id=\"OWA14e8ff1a-9401-700e-9bb7-3e9b875562b3\" title=\"https:\/\/www.diarioelcentro.cl\/2026\/03\/16\/fundacion-de-orquestas-juveniles-e-infantiles-abre-segundo-proceso-de-postulacion-para-nuevos-talentos\/\" href=\"https:\/\/www.diarioelcentro.cl\/2026\/03\/16\/fundacion-de-orquestas-juveniles-e-infantiles-abre-segundo-proceso-de-postulacion-para-nuevos-talentos\/\" target=\"_blank\" rel=\"noopener noreferrer\" data-auth=\"NotApplicable\" data-linkindex=\"18\">Fundaci\u00f3n de Orquestas Juveniles e Infantiles abre segundo proceso de postulaci\u00f3n para nuevos talentos. Se menciona la Universidad de Talca.<\/a>\u00a0<\/div><div aria-hidden=\"true\">\u00a0<\/div><div><b>RADIO MAULE SUR<\/b>\u00a0<br \/><a id=\"OWA5ad5de55-521e-b28e-bb0d-062f1dd650ed\" title=\"https:\/\/www.radiomaulesur.cl\/2026\/03\/sernameg-maule-premio-las-ganadoras-del.html\" href=\"https:\/\/www.radiomaulesur.cl\/2026\/03\/sernameg-maule-premio-las-ganadoras-del.html\" target=\"_blank\" rel=\"noopener noreferrer\" data-auth=\"NotApplicable\" data-linkindex=\"19\">SERNAMEG Maule premi\u00f3 a las ganadoras del concurso literario \u201cMujeres entre letras\u201d. Se menciona la Universidad de Talca.<\/a>\u00a0<\/div><div aria-hidden=\"true\">\u00a0<\/div><div><b>RADIO LAUTARO<\/b>\u00a0<br \/><a id=\"OWAd8f43afc-294d-0ae2-593d-0fa1f5daaab1\" title=\"https:\/\/www.utalca.cl\/noticias\/nueva-convocatoria-de-talleres-escolares-de-ciencia-y-tecnologia\/\" href=\"https:\/\/www.utalca.cl\/noticias\/nueva-convocatoria-de-talleres-escolares-de-ciencia-y-tecnologia\/\" target=\"_blank\" rel=\"noopener noreferrer\" data-auth=\"NotApplicable\" data-linkindex=\"20\">Nueva convocatoria de talleres gratuitos de ciencia y tecnolog\u00eda para escolares. Se menciona la Universidad de Talca.<\/a>\u00a0<\/div><div aria-hidden=\"true\">\u00a0<\/div><div><b>RADIO LAUTARO<\/b>\u00a0<br \/><a id=\"OWA3edadabb-5d18-12ca-f851-6630fb7d75c8\" title=\"https:\/\/radiolautarotalca.cl\/sernameg-maule-premio-a-las-ganadoras-del-concurso-literario-mujeres-entre-letras\/\" href=\"https:\/\/radiolautarotalca.cl\/sernameg-maule-premio-a-las-ganadoras-del-concurso-literario-mujeres-entre-letras\/\" target=\"_blank\" rel=\"noopener noreferrer\" data-auth=\"NotApplicable\" data-linkindex=\"21\">SernamEG\u00a0Maule premi\u00f3 a las ganadoras del Concurso Literario \u201cMujeres Entre Letras\u201d. Se Menciona la Universidad de Talca.<\/a>\u00a0<\/div><div aria-hidden=\"true\">\u00a0<\/div>\t\t\t\t\t\t<\/div>\n\t\t\t\t<\/div>\n\t\t\t\t\t<\/div>\n\t\t<\/div>\n\t\t\t\t\t\t\t<\/div>\n\t\t<\/section>\n\t\t\t\t\t\t<\/div>\n\t\t\t\t\t<\/div>\n\t\t","protected":false},"excerpt":{"rendered":"<p>DIARIO TALCA\u00a0Nueva convocatoria de talleres gratuitos de ciencia y tecnolog\u00eda para escolares. Se refiere Karin Saavedra Redlich, directora general de Vinculaci\u00f3n con el Medio.\u00a0\u00a0HORA DE NOTICIAS\u00a0Abren postulaciones para talleres gratuitos de rob\u00f3tica y creaci\u00f3n de videojuegos. Se refiere\u00a0Karin Saavedra Redlich, directora general de Vinculaci\u00f3n con el Medio.\u00a0\u00a0ADPRENSA\u00a0Advierten que antes de rebajar de impuestos se debe &hellip;<\/p>\n<p class=\"read-more\"> <a class=\"\" href=\"https:\/\/www.reportedeprensa.utalca.cl\/?p=13421\"> <span class=\"screen-reader-text\">17 de marzo 2026<\/span> Read More &raquo;<\/a><\/p>\n","protected":false},"author":1,"featured_media":0,"comment_status":"closed","ping_status":"open","sticky":false,"template":"","format":"standard","meta":{"_monsterinsights_skip_tracking":false,"_monsterinsights_sitenote_active":false,"_monsterinsights_sitenote_note":"","_monsterinsights_sitenote_category":0},"categories":[68],"tags":[],"_links":{"self":[{"href":"https:\/\/www.reportedeprensa.utalca.cl\/index.php?rest_route=\/wp\/v2\/posts\/13421"}],"collection":[{"href":"https:\/\/www.reportedeprensa.utalca.cl\/index.php?rest_route=\/wp\/v2\/posts"}],"about":[{"href":"https:\/\/www.reportedeprensa.utalca.cl\/index.php?rest_route=\/wp\/v2\/types\/post"}],"author":[{"embeddable":true,"href":"https:\/\/www.reportedeprensa.utalca.cl\/index.php?rest_route=\/wp\/v2\/users\/1"}],"replies":[{"embeddable":true,"href":"https:\/\/www.reportedeprensa.utalca.cl\/index.php?rest_route=%2Fwp%2Fv2%2Fcomments&post=13421"}],"version-history":[{"count":4,"href":"https:\/\/www.reportedeprensa.utalca.cl\/index.php?rest_route=\/wp\/v2\/posts\/13421\/revisions"}],"predecessor-version":[{"id":13425,"href":"https:\/\/www.reportedeprensa.utalca.cl\/index.php?rest_route=\/wp\/v2\/posts\/13421\/revisions\/13425"}],"wp:attachment":[{"href":"https:\/\/www.reportedeprensa.utalca.cl\/index.php?rest_route=%2Fwp%2Fv2%2Fmedia&parent=13421"}],"wp:term":[{"taxonomy":"category","embeddable":true,"href":"https:\/\/www.reportedeprensa.utalca.cl\/index.php?rest_route=%2Fwp%2Fv2%2Fcategories&post=13421"},{"taxonomy":"post_tag","embeddable":true,"href":"https:\/\/www.reportedeprensa.utalca.cl\/index.php?rest_route=%2Fwp%2Fv2%2Ftags&post=13421"}],"curies":[{"name":"wp","href":"https:\/\/api.w.org\/{rel}","templated":true}]}}