{"id":13661,"date":"2026-04-21T09:53:54","date_gmt":"2026-04-21T12:53:54","guid":{"rendered":"https:\/\/www.reportedeprensa.utalca.cl\/?p=13661"},"modified":"2026-04-22T09:54:45","modified_gmt":"2026-04-22T12:54:45","slug":"22-de-abril-2026","status":"publish","type":"post","link":"https:\/\/www.reportedeprensa.utalca.cl\/?p=13661","title":{"rendered":"21 de abril 2026"},"content":{"rendered":"\t\t<div data-elementor-type=\"wp-post\" data-elementor-id=\"13661\" class=\"elementor elementor-13661\" data-elementor-settings=\"[]\">\n\t\t\t\t\t\t\t<div class=\"elementor-section-wrap\">\n\t\t\t\t\t\t\t<section class=\"elementor-section elementor-top-section elementor-element elementor-element-bcea1a8 elementor-section-boxed elementor-section-height-default elementor-section-height-default\" data-id=\"bcea1a8\" data-element_type=\"section\">\n\t\t\t\t\t\t<div class=\"elementor-container elementor-column-gap-default\">\n\t\t\t\t\t<div class=\"elementor-column elementor-col-100 elementor-top-column elementor-element elementor-element-e7183bf\" data-id=\"e7183bf\" data-element_type=\"column\">\n\t\t\t<div class=\"elementor-widget-wrap elementor-element-populated\">\n\t\t\t\t\t\t\t\t<div class=\"elementor-element elementor-element-fe93665 elementor-widget elementor-widget-text-editor\" data-id=\"fe93665\" data-element_type=\"widget\" data-widget_type=\"text-editor.default\">\n\t\t\t\t<div class=\"elementor-widget-container\">\n\t\t\t\t\t\t\t\t<p><b><span data-contrast=\"auto\">CU\u00c1L\u00a0ES\u00a0TU\u00a0HUELLA<\/span><\/b>\u00a0<br \/><a href=\"https:\/\/www.cualestuhuella.cl\/noticia\/noticias\/2026\/04\/cual-es-el-mejor-horario-estudiar\"><span data-contrast=\"none\">\u00bfCu\u00e1l es el mejor horario para estudiar? Se refiere Roberto Ferreira, acad\u00e9mico de la Facultad de Ciencias de la Educaci\u00f3n.<\/span><\/a><span data-ccp-props=\"{}\">\u00a0<\/span><\/p><p><span data-ccp-props=\"{}\">\u00a0<\/span><\/p><p><b><span data-contrast=\"auto\">CANAL2LINARES.CL<\/span><\/b>\u00a0<br \/><a href=\"https:\/\/www.canal2linares.cl\/2026\/04\/manana-o-tarde-cual-es-el-mejor-horario.html\"><span data-contrast=\"none\">Ma\u00f1ana o tarde: \u00bfcu\u00e1l es el mejor horario para estudiar? Se refiere Roberto Ferreira, acad\u00e9mico de la Facultad de Ciencias de la Educaci\u00f3n.<\/span><\/a><span data-ccp-props=\"{}\">\u00a0<\/span><\/p><p><span data-ccp-props=\"{}\">\u00a0<\/span><\/p><p><b><span data-contrast=\"auto\">ADPRENSA.CL<\/span><\/b>\u00a0<br \/><a href=\"https:\/\/adprensa.cl\/manana-o-tarde-cual-es-el-mejor-horario-para-estudiar\/\"><span data-contrast=\"none\">Ma\u00f1ana o tarde: \u00bfcu\u00e1l es el mejor horario para estudiar? Se refiere Roberto Ferreira, acad\u00e9mico de la Facultad de Ciencias de la Educaci\u00f3n.<\/span><\/a><span data-ccp-props=\"{}\">\u00a0<\/span><\/p><p><span data-ccp-props=\"{}\">\u00a0<\/span><\/p><p><b><span data-contrast=\"auto\">ELCIUDADANO.COM<\/span><\/b>\u00a0<br \/><a href=\"https:\/\/www.elciudadano.com\/chile\/pacientes-abandonados-en-hospitales-evidencian-crisis-de-cuidados-en-chile\/04\/20\/\"><span data-contrast=\"none\">Pacientes abandonados en hospitales evidencian crisis de cuidados en Chile. Se refiere Carolina Riveros Ferrada, acad\u00e9mica de la Facultad de Ciencias Jur\u00eddicas y Sociales.<\/span><\/a><span data-ccp-props=\"{}\">\u00a0<\/span><\/p><p><span data-ccp-props=\"{}\">\u00a0<\/span><\/p><p><b><span data-contrast=\"auto\">INOTICIAS.CL<\/span><\/b>\u00a0<br \/><a href=\"https:\/\/inoticias.cl\/detalle\/pacientes-abandonados-en-hospitales-evidencian-crisis-de\"><span data-contrast=\"none\">Pacientes abandonados en hospitales evidencian crisis de cuidados en Chile. Se refiere Carolina Riveros Ferrada, acad\u00e9mica de la Facultad de Ciencias Jur\u00eddicas y Sociales.<\/span><\/a><span data-ccp-props=\"{}\">\u00a0<\/span><\/p><p><span data-ccp-props=\"{}\">\u00a0<\/span><\/p><p><b><span data-contrast=\"auto\">HORA\u00a0DE\u00a0NOTICIAS<\/span><\/b>\u00a0<br \/><a href=\"https:\/\/horadenoticias.cl\/salud\/pacientes-abandonados-en-hospitales-evidencian-crisis-de-cuidado-en-chile\"><span data-contrast=\"none\">Pacientes abandonados en hospitales evidencian crisis de cuidado en Chile. Se refiere Carolina Riveros Ferrada, acad\u00e9mica de la Facultad de Ciencias Jur\u00eddicas y Sociales.<\/span><\/a><span data-ccp-props=\"{}\">\u00a0<\/span><\/p><p><span data-ccp-props=\"{}\">\u00a0<\/span><\/p><p><b><span data-contrast=\"auto\">TUS\u00a0NOTICIAS<\/span><\/b>\u00a0<br \/><a href=\"https:\/\/www.tusnoticias.cl\/pacientes-abandonados-en-hospitales-evidencian-crisis-de-cuidado-en-chile\/\"><span data-contrast=\"none\">Pacientes abandonados en hospitales evidencian crisis de cuidado en Chile. Se refiere Carolina Riveros Ferrada, acad\u00e9mica de la Facultad de Ciencias Jur\u00eddicas y Sociales.<\/span><\/a><span data-ccp-props=\"{}\">\u00a0<\/span><\/p><p><span data-ccp-props=\"{}\">\u00a0<\/span><\/p><p><b><span data-contrast=\"auto\">RADIOLAUTAROTALCA.CL<\/span><\/b>\u00a0<br \/><a href=\"https:\/\/radiolautarotalca.cl\/tecnologia-que-cuida-innovador-sistema-de-telerehabilitacion-acerca-la-salud-a-las-personas-del-maule\/\"><span data-contrast=\"none\">Tecnolog\u00eda que cuida: innovador sistema de\u00a0telerehabilitaci\u00f3n\u00a0acerca la salud a las personas del Maule. Se refiere Valeska Gatica, directora del laboratorio de Control Motor Humano.<\/span><\/a><span data-ccp-props=\"{}\">\u00a0<\/span><\/p><p><span data-ccp-props=\"{}\">\u00a0<\/span><\/p><p><b><span data-contrast=\"auto\">RADIOFMMAS.CL<\/span><\/b>\u00a0<br \/><a href=\"https:\/\/radiofmmas.cl\/innovador-sistema-de-telerehabilitacion-acerca-la-salud-a-las-personas-del-maule\/\"><span data-contrast=\"none\">Innovador sistema de\u00a0telerehabilitaci\u00f3n\u00a0acerca la salud a las personas del Maule. Se refiere Valeska Gatica, directora del laboratorio de Control Motor Humano.<\/span><\/a><span data-ccp-props=\"{}\">\u00a0<\/span><\/p><p><span data-ccp-props=\"{}\">\u00a0<\/span><\/p><p><b><span data-contrast=\"auto\">LUNMAS.CL<\/span><\/b>\u00a0<br \/><a href=\"https:\/\/lunmas.cl\/ocho-universidades-chilenas-brillan-en-ranking-mundial-de-agronomia\/\"><span data-contrast=\"none\">Ocho universidades chilenas brillan en ranking mundial de Agronom\u00eda. Se refiere Gonzalo D\u00edaz, decano de la Facultad de Ciencias Agrarias.<\/span><\/a><span data-ccp-props=\"{}\">\u00a0<\/span><\/p><p><span data-ccp-props=\"{}\">\u00a0<\/span><\/p><p><b><span data-contrast=\"auto\">PRENSAEVENTOS.CL<\/span><\/b>\u00a0<br \/><a href=\"https:\/\/prensaeventos.cl\/academico-de-la-utalca-presenta-obra-en-el-xi-salon-de-arte-abstracto-de-madrid\/\"><span data-contrast=\"none\">Acad\u00e9mico de la\u00a0UTalca\u00a0presenta obra en el XI Sal\u00f3n de Arte Abstracto de Madrid. Se refiere Iv\u00e1n Palomo Gonz\u00e1lez, acad\u00e9mico de la Facultad de Ciencias.<\/span><\/a><span data-ccp-props=\"{}\">\u00a0<\/span><\/p><p><span data-ccp-props=\"{}\">\u00a0<\/span><\/p><p><b><span data-contrast=\"auto\">EL D\u00cdA &#8211; CHILE<\/span><\/b>\u00a0<br \/><a href=\"https:\/\/mediastation.simbiu.es\/files\/index\/1\/136801988\/pressRecorte\/2026-04-20\/eldchig_007_T136801988_20260420120000.jpg\/420866411?trackingToken=eyJhbGciOiJIUzI1NiIsInR5cCI6IkpXVCJ9.eyJpZFVzZXIiOiI5NDI1IiwiaWRDb3Jwb3JhdGUiOiI0OTY3In0.YJxkiGNFlNmZnG2N-r0uR81WkuvHMtZDRZo0QO-JNAo\"><span data-contrast=\"none\">Estudio revela alta inmunidad contra el covid-19 en La Serena y Coquimbo. Se menciona a la Universidad de Talca.<\/span><\/a><span data-ccp-props=\"{}\">\u00a0<\/span><\/p><p><span data-ccp-props=\"{}\">\u00a0<\/span><\/p><p><b><span data-contrast=\"auto\">EL MERCURIO (DEPORTES) &#8211; CHILE<\/span><\/b>\u00a0<br \/><a href=\"https:\/\/mediastation.simbiu.es\/files\/index\/1\/136800516\/pressRecorte\/2026-04-20\/merchde_004_T136800516_20260420120000.jpg\/420832887?trackingToken=eyJhbGciOiJIUzI1NiIsInR5cCI6IkpXVCJ9.eyJpZFVzZXIiOiI5NDI1IiwiaWRDb3Jwb3JhdGUiOiI0OTY3In0.YJxkiGNFlNmZnG2N-r0uR81WkuvHMtZDRZo0QO-JNAo\"><span data-contrast=\"none\">RODEO: Santa\u00a0Mar\u00eda y Vidaurrazaga ganan. Se menciona a la Universidad de Talca.<\/span><\/a><span data-ccp-props=\"{}\">\u00a0<\/span><\/p><p><span data-ccp-props=\"{}\">\u00a0<\/span><\/p><p><b><span data-contrast=\"auto\">LA PRENSA DE CURIC\u00d3 &#8211; CHILE<\/span><\/b>\u00a0<br \/><a href=\"https:\/\/mediastation.simbiu.es\/files\/index\/1\/136804603\/pressRecorte\/2026-04-20\/lprchig_002_T136804603_20260420120000.jpg\/420944574?trackingToken=eyJhbGciOiJIUzI1NiIsInR5cCI6IkpXVCJ9.eyJpZFVzZXIiOiI5NDI1IiwiaWRDb3Jwb3JhdGUiOiI0OTY3In0.YJxkiGNFlNmZnG2N-r0uR81WkuvHMtZDRZo0QO-JNAo\"><span data-contrast=\"none\">Sucede. Se menciona a la Universidad de Talca.<\/span><\/a><span data-ccp-props=\"{}\">\u00a0<\/span><\/p><p><span data-ccp-props=\"{}\">\u00a0<\/span><\/p><p><b><span data-contrast=\"auto\">LA PRENSA DE CURIC\u00d3 &#8211; CHILE<\/span><\/b>\u00a0<br \/><a href=\"https:\/\/mediastation.simbiu.es\/files\/index\/1\/136804607\/pressRecorte\/2026-04-20\/lprchig_020_T136804607_20260420120000.jpg\/420945046?trackingToken=eyJhbGciOiJIUzI1NiIsInR5cCI6IkpXVCJ9.eyJpZFVzZXIiOiI5NDI1IiwiaWRDb3Jwb3JhdGUiOiI0OTY3In0.YJxkiGNFlNmZnG2N-r0uR81WkuvHMtZDRZo0QO-JNAo\"><span data-contrast=\"none\">Gonzalo Santa Mar\u00eda y Francisco Vidaurrazaga campeones del Nacional Universitario. Se menciona a la Universidad de Talca.<\/span><\/a><span data-ccp-props=\"{}\">\u00a0<\/span><\/p><p><span data-ccp-props=\"{}\">\u00a0<\/span><\/p><p><b><span data-contrast=\"auto\">LAS \u00daLTIMAS NOTICIAS SEGUNDA EDICI\u00d3N\u00a0<\/span><\/b>\u00a0<br \/><a href=\"https:\/\/mediastation.simbiu.es\/files\/index\/1\/136802833\/pressRecorte\/2026-04-20\/lunsedi_011_T136802833_20260420060719.jpg\/420891773?trackingToken=eyJhbGciOiJIUzI1NiIsInR5cCI6IkpXVCJ9.eyJpZFVzZXIiOiI5NDI1IiwiaWRDb3Jwb3JhdGUiOiI0OTY3In0.YJxkiGNFlNmZnG2N-r0uR81WkuvHMtZDRZo0QO-JNAo\"><span data-contrast=\"none\">El Nacional Universitario de Rodeo ya tiene a sus nuevos campeones. Se menciona a la Universidad de Talca.<\/span><\/a><span data-ccp-props=\"{}\">\u00a0<\/span><\/p><p><span data-ccp-props=\"{}\">\u00a0<\/span><\/p><p><b><span data-contrast=\"auto\">RADIO INFINITA<\/span><\/b>\u00a0<br \/><a href=\"https:\/\/mediastation.simbiu.es\/files\/OirNoticia\/40005994\/3\/https:%2F%2Fmediastation.simbiu.es%2F_BD%2F2026%2FABR%2F20%2Frinfint-20260420-lun-1200-1400-00_20260420_192903_00.mp4\/false?trackingToken=eyJhbGciOiJIUzI1NiIsInR5cCI6IkpXVCJ9.eyJpZFVzZXIiOiI5NDI1IiwiaWRDb3Jwb3JhdGUiOiI0OTY3In0.YJxkiGNFlNmZnG2N-r0uR81WkuvHMtZDRZo0QO-JNAo\"><span data-contrast=\"none\">Entrevista a\u00a0ministra Ximena Lincolado. Se menciona a la Universidad de Talca.<\/span><\/a><span data-ccp-props=\"{}\">\u00a0<\/span><\/p><p><span data-ccp-props=\"{}\">\u00a0<\/span><\/p><p><b><span data-contrast=\"auto\">DIARIOELCENTRO.CL<\/span><\/b>\u00a0<br \/><a href=\"https:\/\/www.diarioelcentro.cl\/2026\/04\/20\/universidad-de-talca-conquista-el-campeonato-nacional-universitario-de-rodeo-en-curico\/\"><span data-contrast=\"none\">Universidad de Talca conquista el Campeonato Nacional Universitario de rodeo en Curic\u00f3. Se menciona a la Universidad de Talca.<\/span><\/a><span data-ccp-props=\"{}\">\u00a0<\/span><\/p><p><span data-ccp-props=\"{}\">\u00a0<\/span><\/p><p><b><span data-contrast=\"auto\">MAULEHOY.CL<\/span><\/b>\u00a0<br \/><a href=\"https:\/\/maulehoy.cl\/2026\/04\/20\/nueva-seremi-del-mop-yasna-cancino-rosson-panguilemo-esta-considerada-dentro-de-una-zona-de-estudio-mayor-donde-se-estan-analizando-las-mejores-posibilidades-para-un-aeropuerto-de-carga\/\"><span data-contrast=\"none\">Nueva Seremi del MOP Yasna\u00a0Cancino\u00a0Rosson \u00abPanguilemo\u00a0est\u00e1 considerada dentro\u00a0de una zona de estudio mayor, donde se est\u00e1n analizando las mejores posibilidades para un aeropuerto de carga\u00bb. Se menciona a la Universidad de Talca.<\/span><\/a><span data-ccp-props=\"{}\">\u00a0<\/span><\/p><p><span data-ccp-props=\"{}\">\u00a0<\/span><\/p><p><b><span data-contrast=\"auto\">RADIOMAULESUR.CL<\/span><\/b>\u00a0<br \/><a href=\"https:\/\/www.radiomaulesur.cl\/2026\/04\/actores-de-ciencia-e-innovacion-del.html\"><span data-contrast=\"none\">Actores de ciencia e innovaci\u00f3n del maule dialogan con ministra y proyectan desaf\u00edos regionales junto a la\u00a0UCM. Se menciona a la Universidad de Talca.<\/span><\/a><span data-ccp-props=\"{}\">\u00a0<\/span><\/p><p><span data-ccp-props=\"{}\">\u00a0<\/span><\/p><p><b><span data-contrast=\"auto\">CABALLOYRODEO.CL<\/span><\/b>\u00a0<br \/><a href=\"https:\/\/caballoyrodeo.cl\/portal_rodeo\/site\/artic\/20260420\/pags\/20260420152454.html\"><span data-contrast=\"none\">Santa Mar\u00eda y Vidaurrazaga se &#8220;graduaron con excelencia&#8221; en el 38\u00b0 Nacional Universitario. Se menciona a la Universidad de Talca.<\/span><\/a><span data-ccp-props=\"{}\">\u00a0<\/span><\/p><p><span data-ccp-props=\"{}\">\u00a0<\/span><\/p><p><b><span data-contrast=\"auto\">ELMAULEINFORMA.CL<\/span><\/b>\u00a0<br \/><a href=\"https:\/\/elmauleinforma.cl\/sernameg-maule-y-universidad-de-talca-inician-programa-de-formacion-para-fortalecer-el-liderazgo-y-la-participacion-politica-de-las-mujeres\/\"><span data-contrast=\"none\">SernamEG\u00a0Maule y Universidad de Talca inician programa de formaci\u00f3n para fortalecer el liderazgo y la participaci\u00f3n pol\u00edtica de las mujeres. Se menciona a la Universidad de Talca.<\/span><\/a><span data-ccp-props=\"{}\">\u00a0<\/span><\/p><p><span data-ccp-props=\"{}\">\u00a0<\/span><\/p><p><b><span data-contrast=\"auto\">DIARIOELNORTINO.CL<\/span><\/b>\u00a0<br \/><a href=\"https:\/\/diarioelnortino.cl\/fenotipado-digital-como-una-herramienta-clave-para-seleccionar-plantas\/\"><span data-contrast=\"none\">Fenotipado digital como una herramienta clave para seleccionar plantas. Se menciona a la Universidad de Talca.<\/span><\/a><span data-ccp-props=\"{}\">\u00a0<\/span><\/p><p><b><span data-contrast=\"auto\">MSN.COM\/ES-CL<\/span><\/b>\u00a0<br \/><a href=\"https:\/\/www.msn.com\/es-cl\/noticias\/otras\/gonzalo-santa-mar%C3%ADa-y-francisco-vidaurrazaga-ganan-el-nacional-universitario-de-rodeo\/ar-AA21jwjn\"><span data-contrast=\"none\">Gonzalo Santa Mar\u00eda y Francisco Vidaurrazaga ganan el Nacional Universitario de Rodeo. Se menciona a la Universidad de Talca.<\/span><\/a><span data-ccp-props=\"{}\">\u00a0<\/span><\/p><p><span data-ccp-props=\"{}\">\u00a0<\/span><\/p><p><b><span data-contrast=\"auto\">INOTICIAS.CL<\/span><\/b>\u00a0<br \/><a href=\"https:\/\/inoticias.cl\/detalle\/gonzalo-santa-maria-y-francisco-vidaurrazaga-ganan-el\"><span data-contrast=\"none\">Gonzalo Santa Mar\u00eda y Francisco Vidaurrazaga ganan el Nacional Universitario de Rodeo. Se menciona a la Universidad de Talca.<\/span><\/a><span data-ccp-props=\"{}\">\u00a0<\/span><\/p><p><span data-ccp-props=\"{}\">\u00a0<\/span><\/p><p><b><span data-contrast=\"auto\">DIARIOLAMAA\u00d1ANA.CL<\/span><\/b>\u00a0<br \/><a href=\"https:\/\/xn--diariolamaana-rkb.cl\/programa-gratuito-impulsa-liderazgo-y-participacion-de-mujeres-en-el-maule\/\"><span data-contrast=\"none\">Programa gratuito impulsa liderazgo y participaci\u00f3n de mujeres en el Maule. Se menciona a la Universidad de Talca.<\/span><\/a><span data-ccp-props=\"{}\">\u00a0<\/span><\/p><p><span data-ccp-props=\"{}\">\u00a0<\/span><\/p><p><b><span data-contrast=\"auto\">LATERCERA.COM<\/span><\/b>\u00a0<br \/><a href=\"https:\/\/www.latercera.com\/el-deportivo\/noticia\/gonzalo-santa-maria-y-francisco-vidaurrazaga-ganan-el-nacional-universitario-de-rodeo\/\"><span data-contrast=\"none\">Gonzalo Santa Mar\u00eda y Francisco Vidaurrazaga ganan el Nacional Universitario de Rodeo. Se menciona a la Universidad de Talca.<\/span><\/a><span data-ccp-props=\"{}\">\u00a0<\/span><\/p><p><span data-ccp-props=\"{}\">\u00a0<\/span><\/p><p><b><span data-contrast=\"auto\">AMNOTICIAS.CL<\/span><\/b>\u00a0<br \/><a href=\"https:\/\/amnoticias.cl\/programa-gratuito-impulsa-liderazgo-y-participacion-de-mujeres-en-el-maule\/\"><span data-contrast=\"none\">Programa gratuito impulsa liderazgo y participaci\u00f3n de mujeres en el Maule. Se menciona a la Universidad de Talca.<\/span><\/a><span data-ccp-props=\"{}\">\u00a0<\/span><\/p><p><span data-ccp-props=\"{}\">\u00a0<\/span><\/p><p><b><span data-contrast=\"auto\">RADIOMONTECARLO.CL<\/span><\/b>\u00a0<br \/><a href=\"https:\/\/www.radiomontecarlo.cl\/estudio-revela-alta-inmunidad-contra-el-covid-19-en-la-serena-y-coquimbo-pero-advierte-brechas-en-vacunacion\/\"><span data-contrast=\"none\">Estudio revela alta inmunidad contra el COVID-19 en La Serena y Coquimbo, pero\u00a0advierte brechas en vacunaci\u00f3n. Se menciona a la Universidad de Talca.<\/span><\/a>\u00a0<br \/><span data-ccp-props=\"{}\">\u00a0<\/span><\/p><p><span data-ccp-props=\"{}\">\u00a0<\/span><\/p>\t\t\t\t\t\t<\/div>\n\t\t\t\t<\/div>\n\t\t\t\t\t<\/div>\n\t\t<\/div>\n\t\t\t\t\t\t\t<\/div>\n\t\t<\/section>\n\t\t\t\t\t\t<\/div>\n\t\t\t\t\t<\/div>\n\t\t","protected":false},"excerpt":{"rendered":"<p>CU\u00c1L\u00a0ES\u00a0TU\u00a0HUELLA\u00a0\u00bfCu\u00e1l es el mejor horario para estudiar? Se refiere Roberto Ferreira, acad\u00e9mico de la Facultad de Ciencias de la Educaci\u00f3n.\u00a0 \u00a0 CANAL2LINARES.CL\u00a0Ma\u00f1ana o tarde: \u00bfcu\u00e1l es el mejor horario para estudiar? Se refiere Roberto Ferreira, acad\u00e9mico de la Facultad de Ciencias de la Educaci\u00f3n.\u00a0 \u00a0 ADPRENSA.CL\u00a0Ma\u00f1ana o tarde: \u00bfcu\u00e1l es el mejor horario para estudiar? &hellip;<\/p>\n<p class=\"read-more\"> <a class=\"\" href=\"https:\/\/www.reportedeprensa.utalca.cl\/?p=13661\"> <span class=\"screen-reader-text\">21 de abril 2026<\/span> Read More &raquo;<\/a><\/p>\n","protected":false},"author":1,"featured_media":0,"comment_status":"closed","ping_status":"open","sticky":false,"template":"","format":"standard","meta":{"_monsterinsights_skip_tracking":false,"_monsterinsights_sitenote_active":false,"_monsterinsights_sitenote_note":"","_monsterinsights_sitenote_category":0},"categories":[69],"tags":[],"_links":{"self":[{"href":"https:\/\/www.reportedeprensa.utalca.cl\/index.php?rest_route=\/wp\/v2\/posts\/13661"}],"collection":[{"href":"https:\/\/www.reportedeprensa.utalca.cl\/index.php?rest_route=\/wp\/v2\/posts"}],"about":[{"href":"https:\/\/www.reportedeprensa.utalca.cl\/index.php?rest_route=\/wp\/v2\/types\/post"}],"author":[{"embeddable":true,"href":"https:\/\/www.reportedeprensa.utalca.cl\/index.php?rest_route=\/wp\/v2\/users\/1"}],"replies":[{"embeddable":true,"href":"https:\/\/www.reportedeprensa.utalca.cl\/index.php?rest_route=%2Fwp%2Fv2%2Fcomments&post=13661"}],"version-history":[{"count":5,"href":"https:\/\/www.reportedeprensa.utalca.cl\/index.php?rest_route=\/wp\/v2\/posts\/13661\/revisions"}],"predecessor-version":[{"id":13666,"href":"https:\/\/www.reportedeprensa.utalca.cl\/index.php?rest_route=\/wp\/v2\/posts\/13661\/revisions\/13666"}],"wp:attachment":[{"href":"https:\/\/www.reportedeprensa.utalca.cl\/index.php?rest_route=%2Fwp%2Fv2%2Fmedia&parent=13661"}],"wp:term":[{"taxonomy":"category","embeddable":true,"href":"https:\/\/www.reportedeprensa.utalca.cl\/index.php?rest_route=%2Fwp%2Fv2%2Fcategories&post=13661"},{"taxonomy":"post_tag","embeddable":true,"href":"https:\/\/www.reportedeprensa.utalca.cl\/index.php?rest_route=%2Fwp%2Fv2%2Ftags&post=13661"}],"curies":[{"name":"wp","href":"https:\/\/api.w.org\/{rel}","templated":true}]}}