{"id":13667,"date":"2026-04-22T09:54:47","date_gmt":"2026-04-22T12:54:47","guid":{"rendered":"https:\/\/www.reportedeprensa.utalca.cl\/?p=13667"},"modified":"2026-04-22T09:55:59","modified_gmt":"2026-04-22T12:55:59","slug":"22-de-abril-2026-2","status":"publish","type":"post","link":"https:\/\/www.reportedeprensa.utalca.cl\/?p=13667","title":{"rendered":"22 de abril 2026"},"content":{"rendered":"\t\t<div data-elementor-type=\"wp-post\" data-elementor-id=\"13667\" class=\"elementor elementor-13667\" data-elementor-settings=\"[]\">\n\t\t\t\t\t\t\t<div class=\"elementor-section-wrap\">\n\t\t\t\t\t\t\t<section class=\"elementor-section elementor-top-section elementor-element elementor-element-bcea1a8 elementor-section-boxed elementor-section-height-default elementor-section-height-default\" data-id=\"bcea1a8\" data-element_type=\"section\">\n\t\t\t\t\t\t<div class=\"elementor-container elementor-column-gap-default\">\n\t\t\t\t\t<div class=\"elementor-column elementor-col-100 elementor-top-column elementor-element elementor-element-e7183bf\" data-id=\"e7183bf\" data-element_type=\"column\">\n\t\t\t<div class=\"elementor-widget-wrap elementor-element-populated\">\n\t\t\t\t\t\t\t\t<div class=\"elementor-element elementor-element-fe93665 elementor-widget elementor-widget-text-editor\" data-id=\"fe93665\" data-element_type=\"widget\" data-widget_type=\"text-editor.default\">\n\t\t\t\t<div class=\"elementor-widget-container\">\n\t\t\t\t\t\t\t\t<div><b data-olk-copy-source=\"MessageBody\">RADIO AMIGA\u00a0<\/b>\u00a0<br \/><a id=\"OWA53d83260-4da3-d4f7-a40f-74fcef84bbbc\" title=\"https:\/\/mediastation.simbiu.es\/_BD\/2026\/ABR\/21\/ramiga-20260421-mar-1330-1400-00_20260421_234901_03.mp4\" href=\"https:\/\/mediastation.simbiu.es\/_BD\/2026\/ABR\/21\/ramiga-20260421-mar-1330-1400-00_20260421_234901_03.mp4\" target=\"_blank\" rel=\"noopener noreferrer\" data-auth=\"NotApplicable\" data-linkindex=\"0\">Ministra de Ciencias y Delegado Presidencial lideran encuentro de innovaci\u00f3n.\u00a0Se refiere Arcadio Cerda, rector\u00a0electo.<\/a>\u00a0<\/div><div aria-hidden=\"true\">\u00a0<\/div><div><b>PORTALEDUCA.CL<\/b>\u00a0<br \/><a id=\"OWA5425cb02-fc69-621c-4543-787fd4fab745\" title=\"https:\/\/portaleduca.cl\/manana-o-tarde-cual-es-el-mejor-horario-para-estudiar\/\" href=\"https:\/\/portaleduca.cl\/manana-o-tarde-cual-es-el-mejor-horario-para-estudiar\/\" target=\"_blank\" rel=\"noopener noreferrer\" data-auth=\"NotApplicable\" data-linkindex=\"1\">Ma\u00f1ana o tarde: \u00bfcu\u00e1l es el mejor horario para estudiar? Se refiere Roberto Ferreira, acad\u00e9mico de la Facultad de Ciencias de la Educaci\u00f3n.<\/a>\u00a0<\/div><div aria-hidden=\"true\">\u00a0<\/div><div><b>EL HERALDO DE LINARES\u00a0<\/b>\u00a0<br \/><a id=\"OWA242d244b-4a30-39b2-9064-2cb1dd8c1c66\" title=\"https:\/\/mediastation.simbiu.es\/files\/index\/1\/136823652\/pressRecorte\/2026-04-21\/hlichig_012_T136823652_20260421022543.jpg\/421188779\" href=\"https:\/\/mediastation.simbiu.es\/files\/index\/1\/136823652\/pressRecorte\/2026-04-21\/hlichig_012_T136823652_20260421022543.jpg\/421188779\" target=\"_blank\" rel=\"noopener noreferrer\" data-auth=\"NotApplicable\" data-linkindex=\"2\">Ma\u00f1ana o tarde: \u00bfcu\u00e1l es el mejor horario para estudiar? Se refiere Roberto Ferreira, acad\u00e9mico de la Facultad de Ciencias de la Educaci\u00f3n.<\/a>\u00a0<\/div><div aria-hidden=\"true\">\u00a0<\/div><div><b>ELMAULEINFORMA.CL<\/b>\u00a0<br \/><a id=\"OWA3432b20e-bc49-b6cf-9ed2-34d78331f1b1\" title=\"https:\/\/elmauleinforma.cl\/manana-o-tarde-cual-es-el-mejor-horario-para-estudiar\/\" href=\"https:\/\/elmauleinforma.cl\/manana-o-tarde-cual-es-el-mejor-horario-para-estudiar\/\" target=\"_blank\" rel=\"noopener noreferrer\" data-auth=\"NotApplicable\" data-linkindex=\"3\">Ma\u00f1ana o tarde: \u00bfcu\u00e1l es el mejor horario para estudiar? Se refiere Roberto Ferreira, acad\u00e9mico de la Facultad de Ciencias de la Educaci\u00f3n.<\/a>\u00a0<\/div><div aria-hidden=\"true\">\u00a0<\/div><div><b>DIARIOELCENTRO.CL<\/b>\u00a0<br \/><a id=\"OWA36a5204c-2d7b-374f-0506-836ff337adbc\" title=\"https:\/\/www.diarioelcentro.cl\/2026\/04\/21\/manana-o-noche-experto-revela-cual-es-la-mejor-hora-para-estudiar\/\" href=\"https:\/\/www.diarioelcentro.cl\/2026\/04\/21\/manana-o-noche-experto-revela-cual-es-la-mejor-hora-para-estudiar\/\" target=\"_blank\" rel=\"noopener noreferrer\" data-auth=\"NotApplicable\" data-linkindex=\"4\">\u00bfMa\u00f1ana o noche? Experto revela cu\u00e1l es la mejor hora para estudiar. Se refiere Roberto Ferreira, acad\u00e9mico de la Facultad de Ciencias de la Educaci\u00f3n.<\/a>\u00a0<\/div><div aria-hidden=\"true\">\u00a0<\/div><div><b>RADIOLAUTAROTALCA.CL<\/b>\u00a0<br \/><a id=\"OWA5d5bf591-c963-d4e9-ec2d-99a74742f926\" title=\"https:\/\/radiolautarotalca.cl\/manana-o-tarde-cual-es-el-mejor-horario-para-estudiar\/\" href=\"https:\/\/radiolautarotalca.cl\/manana-o-tarde-cual-es-el-mejor-horario-para-estudiar\/\" target=\"_blank\" rel=\"noopener noreferrer\" data-auth=\"NotApplicable\" data-linkindex=\"5\">Ma\u00f1ana o tarde: \u00bfcu\u00e1l es el mejor horario para estudiar? Se refiere Roberto Ferreira, acad\u00e9mico de la Facultad de Ciencias de la Educaci\u00f3n.<\/a>\u00a0<\/div><div aria-hidden=\"true\">\u00a0<\/div><div><b>DIARIOELHERALDO.CL<\/b>\u00a0<br \/><a id=\"OWA6a19189f-eca3-e79d-8594-61d65929cde0\" title=\"https:\/\/mediastation.simbiu.es\/files\/VerNoticia\/119177578?tipoMedio=5\" href=\"https:\/\/mediastation.simbiu.es\/files\/VerNoticia\/119177578?tipoMedio=5\" target=\"_blank\" rel=\"noopener noreferrer\" data-auth=\"NotApplicable\" data-linkindex=\"6\">Ma\u00f1ana o tarde: \u00bfcu\u00e1l es el mejor horario para estudiar? Se refiere Roberto Ferreira, acad\u00e9mico de la Facultad de Ciencias de la Educaci\u00f3n de la Universidad de Talca.<\/a>\u00a0<\/div><div aria-hidden=\"true\">\u00a0<\/div><div><b>LA PRENSA DE CURIC\u00d3\u00a0<\/b>\u00a0<br \/><a id=\"OWA0e01e7df-1d4c-28c4-e82e-96899a08cd1c\" title=\"https:\/\/mediastation.simbiu.es\/files\/index\/1\/136829131\/pressRecorte\/2026-04-21\/lprchig_009_T136829131_20260421120000.jpg\/421494718\" href=\"https:\/\/mediastation.simbiu.es\/files\/index\/1\/136829131\/pressRecorte\/2026-04-21\/lprchig_009_T136829131_20260421120000.jpg\/421494718\" target=\"_blank\" rel=\"noopener noreferrer\" data-auth=\"NotApplicable\" data-linkindex=\"7\">Cartas: \u00bfCu\u00e1l es el mejor horario para estudiar? Se refiere Roberto Ferreira, acad\u00e9mico de la Facultad de Ciencias de la Educaci\u00f3n.<\/a>\u00a0<\/div><div aria-hidden=\"true\">\u00a0<\/div><div aria-hidden=\"true\">\u00a0<\/div><div><b>EL HERALDO DE LINARES\u00a0<\/b>\u00a0<br \/><a id=\"OWA2631772e-e3d3-5fe6-e918-a8fa0d098631\" title=\"https:\/\/mediastation.simbiu.es\/files\/index\/1\/136823538\/pressRecorte\/2026-04-21\/hlichig_008_T136823538_20260421021506.jpg\/421184402\" href=\"https:\/\/mediastation.simbiu.es\/files\/index\/1\/136823538\/pressRecorte\/2026-04-21\/hlichig_008_T136823538_20260421021506.jpg\/421184402\" target=\"_blank\" rel=\"noopener noreferrer\" data-auth=\"NotApplicable\" data-linkindex=\"8\">Acad\u00e9mico de la\u00a0UTalca\u00a0presenta obra en el XI Sal\u00f3n de Arte Abstracto de Madrid. Se refiere Iv\u00e1n Palomo Gonz\u00e1lez, acad\u00e9mico de la Facultad de Ciencias de la Salud.<\/a>\u00a0<\/div><div aria-hidden=\"true\">\u00a0<\/div><div><b>RADIOMAULESUR.CL<\/b>\u00a0<br \/><a id=\"OWA629cc9c3-3bc8-61f3-0407-5fbdc32e47ed\" title=\"https:\/\/www.radiomaulesur.cl\/2026\/04\/utalca-y-el-ind-acuerdan-fomentar-la.html\" href=\"https:\/\/www.radiomaulesur.cl\/2026\/04\/utalca-y-el-ind-acuerdan-fomentar-la.html\" target=\"_blank\" rel=\"noopener noreferrer\" data-auth=\"NotApplicable\" data-linkindex=\"9\">UTalca\u00a0y el IND acuerdan fomentar la actividad f\u00edsica en personas mayores. Se refiere\u00a0Iv\u00e1n Palomo, director del Centro de Longevidad Vitalis de la Facultad de Ciencias de la Salud de la Universidad de Talca.<\/a>\u00a0<\/div><div aria-hidden=\"true\">\u00a0<\/div><div><b>DIARIOELHERALDO.CL<\/b>\u00a0<br \/><a id=\"OWA56cff71d-ddfe-0dbf-de69-d809d4f64c76\" title=\"https:\/\/www.diarioelheraldo.cl\/noticia\/academico-de-la-utalca-presenta-obra-en-el-xi-salon-de-arte-abstracto-de-madrid\" href=\"https:\/\/www.diarioelheraldo.cl\/noticia\/academico-de-la-utalca-presenta-obra-en-el-xi-salon-de-arte-abstracto-de-madrid\" target=\"_blank\" rel=\"noopener noreferrer\" data-auth=\"NotApplicable\" data-linkindex=\"10\">Acad\u00e9mico de la\u00a0UTalca\u00a0presenta obra en el XI Sal\u00f3n de Arte Abstracto de Madrid. Se refiere Iv\u00e1n Palomo Gonz\u00e1lez, acad\u00e9mico de la Facultad de Ciencias de la Salud.<\/a>\u00a0<\/div><div aria-hidden=\"true\">\u00a0<\/div><div><b>CANAL MEGA<\/b>\u00a0<br \/><a id=\"OWA512158fe-2b67-dff3-310b-36b8fd596112\" title=\"https:\/\/mediastation.simbiu.es\/files\/OirNoticia\/40102359\/4\/https%3A%2F%2Fmediastation.simbiu.es%2F_BD%2F2026%2FABR%2F21%2Ftmegacl-20260421-mar-1000-1259-00_20260421_174227_00.mp4\/false\" href=\"https:\/\/mediastation.simbiu.es\/files\/OirNoticia\/40102359\/4\/https%3A%2F%2Fmediastation.simbiu.es%2F_BD%2F2026%2FABR%2F21%2Ftmegacl-20260421-mar-1000-1259-00_20260421_174227_00.mp4\/false\" target=\"_blank\" rel=\"noopener noreferrer\" data-auth=\"NotApplicable\" data-linkindex=\"11\">Terror en paraderos de micros por asaltos armados.\u00a0Se refiere Mauricio Morales Quiroga, director del Centro de An\u00e1lisis Pol\u00edtico (CAP-UTalca)<\/a>\u00a0<\/div><div aria-hidden=\"true\">\u00a0<\/div><div><b>EL LECTOR\u00a0<\/b>\u00a0<br \/><a id=\"OWAd043dfed-883c-5590-d40e-b4680a2046b8\" title=\"https:\/\/mediastation.simbiu.es\/files\/index\/1\/136823621\/pressRecorte\/2026-04-21\/lecchig_011_T136823621_20260421120000.jpg\/421187460\" href=\"https:\/\/mediastation.simbiu.es\/files\/index\/1\/136823621\/pressRecorte\/2026-04-21\/lecchig_011_T136823621_20260421120000.jpg\/421187460\" target=\"_blank\" rel=\"noopener noreferrer\" data-auth=\"NotApplicable\" data-linkindex=\"12\">Advierten vac\u00edos legales para proteger a denunciantes de casos de corrupci\u00f3n en Chile. Se refiere Ra\u00fal Carnevali Rodr\u00edguez, director del Centro de Estudios de Derecho Penal (CEDEP).<\/a>\u00a0<\/div><div aria-hidden=\"true\">\u00a0<\/div><div><b>PORTAL\u00a0RED\u00a0SALUD<\/b>\u00a0<br \/><a id=\"OWA7ca312d4-1186-f6a5-7754-18ad05259d06\" title=\"https:\/\/portalredsalud.cl\/2026\/04\/21\/pacientes-abandonados-en-hospitales-evidencian-crisis-de-cuidado-en-chile\/\" href=\"https:\/\/portalredsalud.cl\/2026\/04\/21\/pacientes-abandonados-en-hospitales-evidencian-crisis-de-cuidado-en-chile\/\" target=\"_blank\" rel=\"noopener noreferrer\" data-auth=\"NotApplicable\" data-linkindex=\"13\">Pacientes abandonados en hospitales evidencian crisis de cuidado en Chile. Se refiere Carolina Riveros Ferrada, acad\u00e9mica de la Facultad de Ciencias Jur\u00eddicas y Sociales.<\/a>\u00a0<\/div><div aria-hidden=\"true\">\u00a0<\/div><div><b>DIARIOELCENTRO.CL<\/b>\u00a0<br \/><a id=\"OWA09cb0c09-ad25-7ede-e404-fd2af42cd464\" title=\"https:\/\/mediastation.simbiu.es\/files\/VerNoticia\/119437813?tipoMedio=5\" href=\"https:\/\/mediastation.simbiu.es\/files\/VerNoticia\/119437813?tipoMedio=5\" target=\"_blank\" rel=\"noopener noreferrer\" data-auth=\"NotApplicable\" data-linkindex=\"14\">Cuando la violencia irrumpe en el espacio educativo. Se\u00a0menciona la Universidad de Talca.<\/a>\u00a0<\/div><div aria-hidden=\"true\">\u00a0<\/div><div><b>LA PRENSA DE CURIC\u00d3\u00a0<\/b>\u00a0<br \/><a id=\"OWA4dbc2477-9ac4-f555-d831-6a4592768805\" title=\"https:\/\/mediastation.simbiu.es\/files\/index\/1\/136829122\/pressRecorte\/2026-04-21\/lprchig_002_T136829122_20260421120000.jpg\/421494326\" href=\"https:\/\/mediastation.simbiu.es\/files\/index\/1\/136829122\/pressRecorte\/2026-04-21\/lprchig_002_T136829122_20260421120000.jpg\/421494326\" target=\"_blank\" rel=\"noopener noreferrer\" data-auth=\"NotApplicable\" data-linkindex=\"15\">Sucede. Se menciona a la Universidad de Talca.<\/a>\u00a0<\/div><div aria-hidden=\"true\">\u00a0<\/div><div><b>LAS \u00daLTIMAS NOTICIAS SEGUNDA EDICI\u00d3N &#8211; CHILE<\/b>\u00a0<br \/><a id=\"OWAe1617389-ff8b-9c07-e906-bf6ecb8308b4\" title=\"https:\/\/mediastation.simbiu.es\/files\/index\/1\/136830446\/pressRecorte\/2026-04-21\/lunsedi_018_T136830446_20260421024448.jpg\/421584684\" href=\"https:\/\/mediastation.simbiu.es\/files\/index\/1\/136830446\/pressRecorte\/2026-04-21\/lunsedi_018_T136830446_20260421024448.jpg\/421584684\" target=\"_blank\" rel=\"noopener noreferrer\" data-auth=\"NotApplicable\" data-linkindex=\"16\">As\u00ed funciona el sello que avala la calidad de los ingenieros chilenos en EE.UU. Se menciona a la Universidad de Talca.<\/a>\u00a0<\/div><div aria-hidden=\"true\">\u00a0<\/div><div><b>RADIO AMIGA (TALCA)<\/b>\u00a0<br \/><a id=\"OWAdd0776e5-956f-9753-9436-8d7b265114f9\" title=\"https:\/\/mediastation.simbiu.es\/_BD\/2026\/ABR\/21\/ramiga-20260421-mar-1330-1400-00_20260421_234401_00.mp4\" href=\"https:\/\/mediastation.simbiu.es\/_BD\/2026\/ABR\/21\/ramiga-20260421-mar-1330-1400-00_20260421_234401_00.mp4\" target=\"_blank\" rel=\"noopener noreferrer\" data-auth=\"NotApplicable\" data-linkindex=\"17\">Titulares. Se menciona a la Universidad de Talca.<\/a>\u00a0<\/div><div aria-hidden=\"true\">\u00a0<\/div><div><b>UCHILE.CL<\/b>\u00a0<br \/><a id=\"OWAb8cc28a7-2146-a87f-f0f8-5fae93aca5d5\" title=\"https:\/\/uchile.cl\/noticias\/239216\/equipo-u-de-chile-presenta-informativos-sobre-insectos-plaga-\" href=\"https:\/\/uchile.cl\/noticias\/239216\/equipo-u-de-chile-presenta-informativos-sobre-insectos-plaga-\" target=\"_blank\" rel=\"noopener noreferrer\" data-auth=\"NotApplicable\" data-linkindex=\"18\">Equipo U. de Chile presenta informativos descargables y de libre uso sobre insectos plaga y cambio clim\u00e1tico. Se menciona a la Universidad de Talca.<\/a>\u00a0<\/div><div aria-hidden=\"true\">\u00a0<\/div><div><b>UCM.CL<\/b>\u00a0<br \/><a id=\"OWAa643de7d-66c6-0d2f-ece4-75ab8e9ea325\" title=\"https:\/\/www.ucm.cl\/noticias\/actores-de-ciencia-e-innovacion-del-maule-dialogan-con-ministra-y-proyectan-desafios-regionales-junto-a-la-ucm\/\" href=\"https:\/\/www.ucm.cl\/noticias\/actores-de-ciencia-e-innovacion-del-maule-dialogan-con-ministra-y-proyectan-desafios-regionales-junto-a-la-ucm\/\" target=\"_blank\" rel=\"noopener noreferrer\" data-auth=\"NotApplicable\" data-linkindex=\"19\">Actores de ciencia e innovaci\u00f3n del Maule dialogan con ministra y proyectan desaf\u00edos regionales junto a la UCM. Se menciona a la Universidad de Talca.<\/a>\u00a0<\/div>\t\t\t\t\t\t<\/div>\n\t\t\t\t<\/div>\n\t\t\t\t<div class=\"elementor-element elementor-element-4c35fce elementor-widget elementor-widget-text-editor\" data-id=\"4c35fce\" data-element_type=\"widget\" data-widget_type=\"text-editor.default\">\n\t\t\t\t<div class=\"elementor-widget-container\">\n\t\t\t\t\t\t\t\t<p><b><span data-contrast=\"auto\">CU\u00c1L\u00a0ES\u00a0TU\u00a0HUELLA<\/span><\/b>\u00a0<br \/><a href=\"https:\/\/www.cualestuhuella.cl\/noticia\/noticias\/2026\/04\/cual-es-el-mejor-horario-estudiar\"><span data-contrast=\"none\">\u00bfCu\u00e1l es el mejor horario para estudiar? Se refiere Roberto Ferreira, acad\u00e9mico de la Facultad de Ciencias de la Educaci\u00f3n.<\/span><\/a><span data-ccp-props=\"{}\">\u00a0<\/span><\/p><p><span data-ccp-props=\"{}\">\u00a0<\/span><\/p><p><b><span data-contrast=\"auto\">CANAL2LINARES.CL<\/span><\/b>\u00a0<br \/><a href=\"https:\/\/www.canal2linares.cl\/2026\/04\/manana-o-tarde-cual-es-el-mejor-horario.html\"><span data-contrast=\"none\">Ma\u00f1ana o tarde: \u00bfcu\u00e1l es el mejor horario para estudiar? Se refiere Roberto Ferreira, acad\u00e9mico de la Facultad de Ciencias de la Educaci\u00f3n.<\/span><\/a><span data-ccp-props=\"{}\">\u00a0<\/span><\/p><p><span data-ccp-props=\"{}\">\u00a0<\/span><\/p><p><b><span data-contrast=\"auto\">ADPRENSA.CL<\/span><\/b>\u00a0<br \/><a href=\"https:\/\/adprensa.cl\/manana-o-tarde-cual-es-el-mejor-horario-para-estudiar\/\"><span data-contrast=\"none\">Ma\u00f1ana o tarde: \u00bfcu\u00e1l es el mejor horario para estudiar? Se refiere Roberto Ferreira, acad\u00e9mico de la Facultad de Ciencias de la Educaci\u00f3n.<\/span><\/a><span data-ccp-props=\"{}\">\u00a0<\/span><\/p><p><span data-ccp-props=\"{}\">\u00a0<\/span><\/p><p><b><span data-contrast=\"auto\">ELCIUDADANO.COM<\/span><\/b>\u00a0<br \/><a href=\"https:\/\/www.elciudadano.com\/chile\/pacientes-abandonados-en-hospitales-evidencian-crisis-de-cuidados-en-chile\/04\/20\/\"><span data-contrast=\"none\">Pacientes abandonados en hospitales evidencian crisis de cuidados en Chile. Se refiere Carolina Riveros Ferrada, acad\u00e9mica de la Facultad de Ciencias Jur\u00eddicas y Sociales.<\/span><\/a><span data-ccp-props=\"{}\">\u00a0<\/span><\/p><p><span data-ccp-props=\"{}\">\u00a0<\/span><\/p><p><b><span data-contrast=\"auto\">INOTICIAS.CL<\/span><\/b>\u00a0<br \/><a href=\"https:\/\/inoticias.cl\/detalle\/pacientes-abandonados-en-hospitales-evidencian-crisis-de\"><span data-contrast=\"none\">Pacientes abandonados en hospitales evidencian crisis de cuidados en Chile. Se refiere Carolina Riveros Ferrada, acad\u00e9mica de la Facultad de Ciencias Jur\u00eddicas y Sociales.<\/span><\/a><span data-ccp-props=\"{}\">\u00a0<\/span><\/p><p><span data-ccp-props=\"{}\">\u00a0<\/span><\/p><p><b><span data-contrast=\"auto\">HORA\u00a0DE\u00a0NOTICIAS<\/span><\/b>\u00a0<br \/><a href=\"https:\/\/horadenoticias.cl\/salud\/pacientes-abandonados-en-hospitales-evidencian-crisis-de-cuidado-en-chile\"><span data-contrast=\"none\">Pacientes abandonados en hospitales evidencian crisis de cuidado en Chile. Se refiere Carolina Riveros Ferrada, acad\u00e9mica de la Facultad de Ciencias Jur\u00eddicas y Sociales.<\/span><\/a><span data-ccp-props=\"{}\">\u00a0<\/span><\/p><p><span data-ccp-props=\"{}\">\u00a0<\/span><\/p><p><b><span data-contrast=\"auto\">TUS\u00a0NOTICIAS<\/span><\/b>\u00a0<br \/><a href=\"https:\/\/www.tusnoticias.cl\/pacientes-abandonados-en-hospitales-evidencian-crisis-de-cuidado-en-chile\/\"><span data-contrast=\"none\">Pacientes abandonados en hospitales evidencian crisis de cuidado en Chile. Se refiere Carolina Riveros Ferrada, acad\u00e9mica de la Facultad de Ciencias Jur\u00eddicas y Sociales.<\/span><\/a><span data-ccp-props=\"{}\">\u00a0<\/span><\/p><p><span data-ccp-props=\"{}\">\u00a0<\/span><\/p><p><b><span data-contrast=\"auto\">RADIOLAUTAROTALCA.CL<\/span><\/b>\u00a0<br \/><a href=\"https:\/\/radiolautarotalca.cl\/tecnologia-que-cuida-innovador-sistema-de-telerehabilitacion-acerca-la-salud-a-las-personas-del-maule\/\"><span data-contrast=\"none\">Tecnolog\u00eda que cuida: innovador sistema de\u00a0telerehabilitaci\u00f3n\u00a0acerca la salud a las personas del Maule. Se refiere Valeska Gatica, directora del laboratorio de Control Motor Humano.<\/span><\/a><span data-ccp-props=\"{}\">\u00a0<\/span><\/p><p><span data-ccp-props=\"{}\">\u00a0<\/span><\/p><p><b><span data-contrast=\"auto\">RADIOFMMAS.CL<\/span><\/b>\u00a0<br \/><a href=\"https:\/\/radiofmmas.cl\/innovador-sistema-de-telerehabilitacion-acerca-la-salud-a-las-personas-del-maule\/\"><span data-contrast=\"none\">Innovador sistema de\u00a0telerehabilitaci\u00f3n\u00a0acerca la salud a las personas del Maule. Se refiere Valeska Gatica, directora del laboratorio de Control Motor Humano.<\/span><\/a><span data-ccp-props=\"{}\">\u00a0<\/span><\/p><p><span data-ccp-props=\"{}\">\u00a0<\/span><\/p><p><b><span data-contrast=\"auto\">LUNMAS.CL<\/span><\/b>\u00a0<br \/><a href=\"https:\/\/lunmas.cl\/ocho-universidades-chilenas-brillan-en-ranking-mundial-de-agronomia\/\"><span data-contrast=\"none\">Ocho universidades chilenas brillan en ranking mundial de Agronom\u00eda. Se refiere Gonzalo D\u00edaz, decano de la Facultad de Ciencias Agrarias.<\/span><\/a><span data-ccp-props=\"{}\">\u00a0<\/span><\/p><p><span data-ccp-props=\"{}\">\u00a0<\/span><\/p><p><b><span data-contrast=\"auto\">PRENSAEVENTOS.CL<\/span><\/b>\u00a0<br \/><a href=\"https:\/\/prensaeventos.cl\/academico-de-la-utalca-presenta-obra-en-el-xi-salon-de-arte-abstracto-de-madrid\/\"><span data-contrast=\"none\">Acad\u00e9mico de la\u00a0UTalca\u00a0presenta obra en el XI Sal\u00f3n de Arte Abstracto de Madrid. Se refiere Iv\u00e1n Palomo Gonz\u00e1lez, acad\u00e9mico de la Facultad de Ciencias.<\/span><\/a><span data-ccp-props=\"{}\">\u00a0<\/span><\/p><p><span data-ccp-props=\"{}\">\u00a0<\/span><\/p><p><b><span data-contrast=\"auto\">EL D\u00cdA &#8211; CHILE<\/span><\/b>\u00a0<br \/><a href=\"https:\/\/mediastation.simbiu.es\/files\/index\/1\/136801988\/pressRecorte\/2026-04-20\/eldchig_007_T136801988_20260420120000.jpg\/420866411?trackingToken=eyJhbGciOiJIUzI1NiIsInR5cCI6IkpXVCJ9.eyJpZFVzZXIiOiI5NDI1IiwiaWRDb3Jwb3JhdGUiOiI0OTY3In0.YJxkiGNFlNmZnG2N-r0uR81WkuvHMtZDRZo0QO-JNAo\"><span data-contrast=\"none\">Estudio revela alta inmunidad contra el covid-19 en La Serena y Coquimbo. Se menciona a la Universidad de Talca.<\/span><\/a><span data-ccp-props=\"{}\">\u00a0<\/span><\/p><p><span data-ccp-props=\"{}\">\u00a0<\/span><\/p><p><b><span data-contrast=\"auto\">EL MERCURIO (DEPORTES) &#8211; CHILE<\/span><\/b>\u00a0<br \/><a href=\"https:\/\/mediastation.simbiu.es\/files\/index\/1\/136800516\/pressRecorte\/2026-04-20\/merchde_004_T136800516_20260420120000.jpg\/420832887?trackingToken=eyJhbGciOiJIUzI1NiIsInR5cCI6IkpXVCJ9.eyJpZFVzZXIiOiI5NDI1IiwiaWRDb3Jwb3JhdGUiOiI0OTY3In0.YJxkiGNFlNmZnG2N-r0uR81WkuvHMtZDRZo0QO-JNAo\"><span data-contrast=\"none\">RODEO: Santa\u00a0Mar\u00eda y Vidaurrazaga ganan. Se menciona a la Universidad de Talca.<\/span><\/a><span data-ccp-props=\"{}\">\u00a0<\/span><\/p><p><span data-ccp-props=\"{}\">\u00a0<\/span><\/p><p><b><span data-contrast=\"auto\">LA PRENSA DE CURIC\u00d3 &#8211; CHILE<\/span><\/b>\u00a0<br \/><a href=\"https:\/\/mediastation.simbiu.es\/files\/index\/1\/136804603\/pressRecorte\/2026-04-20\/lprchig_002_T136804603_20260420120000.jpg\/420944574?trackingToken=eyJhbGciOiJIUzI1NiIsInR5cCI6IkpXVCJ9.eyJpZFVzZXIiOiI5NDI1IiwiaWRDb3Jwb3JhdGUiOiI0OTY3In0.YJxkiGNFlNmZnG2N-r0uR81WkuvHMtZDRZo0QO-JNAo\"><span data-contrast=\"none\">Sucede. Se menciona a la Universidad de Talca.<\/span><\/a><span data-ccp-props=\"{}\">\u00a0<\/span><\/p><p><span data-ccp-props=\"{}\">\u00a0<\/span><\/p><p><b><span data-contrast=\"auto\">LA PRENSA DE CURIC\u00d3 &#8211; CHILE<\/span><\/b>\u00a0<br \/><a href=\"https:\/\/mediastation.simbiu.es\/files\/index\/1\/136804607\/pressRecorte\/2026-04-20\/lprchig_020_T136804607_20260420120000.jpg\/420945046?trackingToken=eyJhbGciOiJIUzI1NiIsInR5cCI6IkpXVCJ9.eyJpZFVzZXIiOiI5NDI1IiwiaWRDb3Jwb3JhdGUiOiI0OTY3In0.YJxkiGNFlNmZnG2N-r0uR81WkuvHMtZDRZo0QO-JNAo\"><span data-contrast=\"none\">Gonzalo Santa Mar\u00eda y Francisco Vidaurrazaga campeones del Nacional Universitario. Se menciona a la Universidad de Talca.<\/span><\/a><span data-ccp-props=\"{}\">\u00a0<\/span><\/p><p><span data-ccp-props=\"{}\">\u00a0<\/span><\/p><p><b><span data-contrast=\"auto\">LAS \u00daLTIMAS NOTICIAS SEGUNDA EDICI\u00d3N\u00a0<\/span><\/b>\u00a0<br \/><a href=\"https:\/\/mediastation.simbiu.es\/files\/index\/1\/136802833\/pressRecorte\/2026-04-20\/lunsedi_011_T136802833_20260420060719.jpg\/420891773?trackingToken=eyJhbGciOiJIUzI1NiIsInR5cCI6IkpXVCJ9.eyJpZFVzZXIiOiI5NDI1IiwiaWRDb3Jwb3JhdGUiOiI0OTY3In0.YJxkiGNFlNmZnG2N-r0uR81WkuvHMtZDRZo0QO-JNAo\"><span data-contrast=\"none\">El Nacional Universitario de Rodeo ya tiene a sus nuevos campeones. Se menciona a la Universidad de Talca.<\/span><\/a><span data-ccp-props=\"{}\">\u00a0<\/span><\/p><p><span data-ccp-props=\"{}\">\u00a0<\/span><\/p><p><b><span data-contrast=\"auto\">RADIO INFINITA<\/span><\/b>\u00a0<br \/><a href=\"https:\/\/mediastation.simbiu.es\/files\/OirNoticia\/40005994\/3\/https:%2F%2Fmediastation.simbiu.es%2F_BD%2F2026%2FABR%2F20%2Frinfint-20260420-lun-1200-1400-00_20260420_192903_00.mp4\/false?trackingToken=eyJhbGciOiJIUzI1NiIsInR5cCI6IkpXVCJ9.eyJpZFVzZXIiOiI5NDI1IiwiaWRDb3Jwb3JhdGUiOiI0OTY3In0.YJxkiGNFlNmZnG2N-r0uR81WkuvHMtZDRZo0QO-JNAo\"><span data-contrast=\"none\">Entrevista a\u00a0ministra Ximena Lincolado. Se menciona a la Universidad de Talca.<\/span><\/a><span data-ccp-props=\"{}\">\u00a0<\/span><\/p><p><span data-ccp-props=\"{}\">\u00a0<\/span><\/p><p><b><span data-contrast=\"auto\">DIARIOELCENTRO.CL<\/span><\/b>\u00a0<br \/><a href=\"https:\/\/www.diarioelcentro.cl\/2026\/04\/20\/universidad-de-talca-conquista-el-campeonato-nacional-universitario-de-rodeo-en-curico\/\"><span data-contrast=\"none\">Universidad de Talca conquista el Campeonato Nacional Universitario de rodeo en Curic\u00f3. Se menciona a la Universidad de Talca.<\/span><\/a><span data-ccp-props=\"{}\">\u00a0<\/span><\/p><p><span data-ccp-props=\"{}\">\u00a0<\/span><\/p><p><b><span data-contrast=\"auto\">MAULEHOY.CL<\/span><\/b>\u00a0<br \/><a href=\"https:\/\/maulehoy.cl\/2026\/04\/20\/nueva-seremi-del-mop-yasna-cancino-rosson-panguilemo-esta-considerada-dentro-de-una-zona-de-estudio-mayor-donde-se-estan-analizando-las-mejores-posibilidades-para-un-aeropuerto-de-carga\/\"><span data-contrast=\"none\">Nueva Seremi del MOP Yasna\u00a0Cancino\u00a0Rosson \u00abPanguilemo\u00a0est\u00e1 considerada dentro\u00a0de una zona de estudio mayor, donde se est\u00e1n analizando las mejores posibilidades para un aeropuerto de carga\u00bb. Se menciona a la Universidad de Talca.<\/span><\/a><span data-ccp-props=\"{}\">\u00a0<\/span><\/p><p><span data-ccp-props=\"{}\">\u00a0<\/span><\/p><p><b><span data-contrast=\"auto\">RADIOMAULESUR.CL<\/span><\/b>\u00a0<br \/><a href=\"https:\/\/www.radiomaulesur.cl\/2026\/04\/actores-de-ciencia-e-innovacion-del.html\"><span data-contrast=\"none\">Actores de ciencia e innovaci\u00f3n del maule dialogan con ministra y proyectan desaf\u00edos regionales junto a la\u00a0UCM. Se menciona a la Universidad de Talca.<\/span><\/a><span data-ccp-props=\"{}\">\u00a0<\/span><\/p><p><span data-ccp-props=\"{}\">\u00a0<\/span><\/p><p><b><span data-contrast=\"auto\">CABALLOYRODEO.CL<\/span><\/b>\u00a0<br \/><a href=\"https:\/\/caballoyrodeo.cl\/portal_rodeo\/site\/artic\/20260420\/pags\/20260420152454.html\"><span data-contrast=\"none\">Santa Mar\u00eda y Vidaurrazaga se &#8220;graduaron con excelencia&#8221; en el 38\u00b0 Nacional Universitario. Se menciona a la Universidad de Talca.<\/span><\/a><span data-ccp-props=\"{}\">\u00a0<\/span><\/p><p><span data-ccp-props=\"{}\">\u00a0<\/span><\/p><p><b><span data-contrast=\"auto\">ELMAULEINFORMA.CL<\/span><\/b>\u00a0<br \/><a href=\"https:\/\/elmauleinforma.cl\/sernameg-maule-y-universidad-de-talca-inician-programa-de-formacion-para-fortalecer-el-liderazgo-y-la-participacion-politica-de-las-mujeres\/\"><span data-contrast=\"none\">SernamEG\u00a0Maule y Universidad de Talca inician programa de formaci\u00f3n para fortalecer el liderazgo y la participaci\u00f3n pol\u00edtica de las mujeres. Se menciona a la Universidad de Talca.<\/span><\/a><span data-ccp-props=\"{}\">\u00a0<\/span><\/p><p><span data-ccp-props=\"{}\">\u00a0<\/span><\/p><p><b><span data-contrast=\"auto\">DIARIOELNORTINO.CL<\/span><\/b>\u00a0<br \/><a href=\"https:\/\/diarioelnortino.cl\/fenotipado-digital-como-una-herramienta-clave-para-seleccionar-plantas\/\"><span data-contrast=\"none\">Fenotipado digital como una herramienta clave para seleccionar plantas. Se menciona a la Universidad de Talca.<\/span><\/a><span data-ccp-props=\"{}\">\u00a0<\/span><\/p><p><b><span data-contrast=\"auto\">MSN.COM\/ES-CL<\/span><\/b>\u00a0<br \/><a href=\"https:\/\/www.msn.com\/es-cl\/noticias\/otras\/gonzalo-santa-mar%C3%ADa-y-francisco-vidaurrazaga-ganan-el-nacional-universitario-de-rodeo\/ar-AA21jwjn\"><span data-contrast=\"none\">Gonzalo Santa Mar\u00eda y Francisco Vidaurrazaga ganan el Nacional Universitario de Rodeo. Se menciona a la Universidad de Talca.<\/span><\/a><span data-ccp-props=\"{}\">\u00a0<\/span><\/p><p><span data-ccp-props=\"{}\">\u00a0<\/span><\/p><p><b><span data-contrast=\"auto\">INOTICIAS.CL<\/span><\/b>\u00a0<br \/><a href=\"https:\/\/inoticias.cl\/detalle\/gonzalo-santa-maria-y-francisco-vidaurrazaga-ganan-el\"><span data-contrast=\"none\">Gonzalo Santa Mar\u00eda y Francisco Vidaurrazaga ganan el Nacional Universitario de Rodeo. Se menciona a la Universidad de Talca.<\/span><\/a><span data-ccp-props=\"{}\">\u00a0<\/span><\/p><p><span data-ccp-props=\"{}\">\u00a0<\/span><\/p><p><b><span data-contrast=\"auto\">DIARIOLAMAA\u00d1ANA.CL<\/span><\/b>\u00a0<br \/><a href=\"https:\/\/xn--diariolamaana-rkb.cl\/programa-gratuito-impulsa-liderazgo-y-participacion-de-mujeres-en-el-maule\/\"><span data-contrast=\"none\">Programa gratuito impulsa liderazgo y participaci\u00f3n de mujeres en el Maule. Se menciona a la Universidad de Talca.<\/span><\/a><span data-ccp-props=\"{}\">\u00a0<\/span><\/p><p><span data-ccp-props=\"{}\">\u00a0<\/span><\/p><p><b><span data-contrast=\"auto\">LATERCERA.COM<\/span><\/b>\u00a0<br \/><a href=\"https:\/\/www.latercera.com\/el-deportivo\/noticia\/gonzalo-santa-maria-y-francisco-vidaurrazaga-ganan-el-nacional-universitario-de-rodeo\/\"><span data-contrast=\"none\">Gonzalo Santa Mar\u00eda y Francisco Vidaurrazaga ganan el Nacional Universitario de Rodeo. Se menciona a la Universidad de Talca.<\/span><\/a><span data-ccp-props=\"{}\">\u00a0<\/span><\/p><p><span data-ccp-props=\"{}\">\u00a0<\/span><\/p><p><b><span data-contrast=\"auto\">AMNOTICIAS.CL<\/span><\/b>\u00a0<br \/><a href=\"https:\/\/amnoticias.cl\/programa-gratuito-impulsa-liderazgo-y-participacion-de-mujeres-en-el-maule\/\"><span data-contrast=\"none\">Programa gratuito impulsa liderazgo y participaci\u00f3n de mujeres en el Maule. Se menciona a la Universidad de Talca.<\/span><\/a><span data-ccp-props=\"{}\">\u00a0<\/span><\/p><p><span data-ccp-props=\"{}\">\u00a0<\/span><\/p><p><b><span data-contrast=\"auto\">RADIOMONTECARLO.CL<\/span><\/b>\u00a0<br \/><a href=\"https:\/\/www.radiomontecarlo.cl\/estudio-revela-alta-inmunidad-contra-el-covid-19-en-la-serena-y-coquimbo-pero-advierte-brechas-en-vacunacion\/\"><span data-contrast=\"none\">Estudio revela alta inmunidad contra el COVID-19 en La Serena y Coquimbo, pero\u00a0advierte brechas en vacunaci\u00f3n. Se menciona a la Universidad de Talca.<\/span><\/a>\u00a0<br \/><span data-ccp-props=\"{}\">\u00a0<\/span><\/p><p><span data-ccp-props=\"{}\">\u00a0<\/span><\/p>\t\t\t\t\t\t<\/div>\n\t\t\t\t<\/div>\n\t\t\t\t\t<\/div>\n\t\t<\/div>\n\t\t\t\t\t\t\t<\/div>\n\t\t<\/section>\n\t\t\t\t\t\t<\/div>\n\t\t\t\t\t<\/div>\n\t\t","protected":false},"excerpt":{"rendered":"<p>RADIO AMIGA\u00a0\u00a0Ministra de Ciencias y Delegado Presidencial lideran encuentro de innovaci\u00f3n.\u00a0Se refiere Arcadio Cerda, rector\u00a0electo.\u00a0\u00a0PORTALEDUCA.CL\u00a0Ma\u00f1ana o tarde: \u00bfcu\u00e1l es el mejor horario para estudiar? Se refiere Roberto Ferreira, acad\u00e9mico de la Facultad de Ciencias de la Educaci\u00f3n.\u00a0\u00a0EL HERALDO DE LINARES\u00a0\u00a0Ma\u00f1ana o tarde: \u00bfcu\u00e1l es el mejor horario para estudiar? Se refiere Roberto Ferreira, acad\u00e9mico de &hellip;<\/p>\n<p class=\"read-more\"> <a class=\"\" href=\"https:\/\/www.reportedeprensa.utalca.cl\/?p=13667\"> <span class=\"screen-reader-text\">22 de abril 2026<\/span> Read More &raquo;<\/a><\/p>\n","protected":false},"author":1,"featured_media":0,"comment_status":"closed","ping_status":"open","sticky":false,"template":"","format":"standard","meta":{"_monsterinsights_skip_tracking":false,"_monsterinsights_sitenote_active":false,"_monsterinsights_sitenote_note":"","_monsterinsights_sitenote_category":0},"categories":[69],"tags":[],"_links":{"self":[{"href":"https:\/\/www.reportedeprensa.utalca.cl\/index.php?rest_route=\/wp\/v2\/posts\/13667"}],"collection":[{"href":"https:\/\/www.reportedeprensa.utalca.cl\/index.php?rest_route=\/wp\/v2\/posts"}],"about":[{"href":"https:\/\/www.reportedeprensa.utalca.cl\/index.php?rest_route=\/wp\/v2\/types\/post"}],"author":[{"embeddable":true,"href":"https:\/\/www.reportedeprensa.utalca.cl\/index.php?rest_route=\/wp\/v2\/users\/1"}],"replies":[{"embeddable":true,"href":"https:\/\/www.reportedeprensa.utalca.cl\/index.php?rest_route=%2Fwp%2Fv2%2Fcomments&post=13667"}],"version-history":[{"count":7,"href":"https:\/\/www.reportedeprensa.utalca.cl\/index.php?rest_route=\/wp\/v2\/posts\/13667\/revisions"}],"predecessor-version":[{"id":13674,"href":"https:\/\/www.reportedeprensa.utalca.cl\/index.php?rest_route=\/wp\/v2\/posts\/13667\/revisions\/13674"}],"wp:attachment":[{"href":"https:\/\/www.reportedeprensa.utalca.cl\/index.php?rest_route=%2Fwp%2Fv2%2Fmedia&parent=13667"}],"wp:term":[{"taxonomy":"category","embeddable":true,"href":"https:\/\/www.reportedeprensa.utalca.cl\/index.php?rest_route=%2Fwp%2Fv2%2Fcategories&post=13667"},{"taxonomy":"post_tag","embeddable":true,"href":"https:\/\/www.reportedeprensa.utalca.cl\/index.php?rest_route=%2Fwp%2Fv2%2Ftags&post=13667"}],"curies":[{"name":"wp","href":"https:\/\/api.w.org\/{rel}","templated":true}]}}