{"id":13678,"date":"2026-04-23T17:51:26","date_gmt":"2026-04-23T20:51:26","guid":{"rendered":"https:\/\/www.reportedeprensa.utalca.cl\/?p=13678"},"modified":"2026-04-23T17:52:07","modified_gmt":"2026-04-23T20:52:07","slug":"23-de-abril-2026","status":"publish","type":"post","link":"https:\/\/www.reportedeprensa.utalca.cl\/?p=13678","title":{"rendered":"23 de abril 2026"},"content":{"rendered":"\t\t<div data-elementor-type=\"wp-post\" data-elementor-id=\"13678\" class=\"elementor elementor-13678\" data-elementor-settings=\"[]\">\n\t\t\t\t\t\t\t<div class=\"elementor-section-wrap\">\n\t\t\t\t\t\t\t<section class=\"elementor-section elementor-top-section elementor-element elementor-element-bcea1a8 elementor-section-boxed elementor-section-height-default elementor-section-height-default\" data-id=\"bcea1a8\" data-element_type=\"section\">\n\t\t\t\t\t\t<div class=\"elementor-container elementor-column-gap-default\">\n\t\t\t\t\t<div class=\"elementor-column elementor-col-100 elementor-top-column elementor-element elementor-element-e7183bf\" data-id=\"e7183bf\" data-element_type=\"column\">\n\t\t\t<div class=\"elementor-widget-wrap elementor-element-populated\">\n\t\t\t\t\t\t\t\t<div class=\"elementor-element elementor-element-8a49add elementor-widget elementor-widget-text-editor\" data-id=\"8a49add\" data-element_type=\"widget\" data-widget_type=\"text-editor.default\">\n\t\t\t\t<div class=\"elementor-widget-container\">\n\t\t\t\t\t\t\t\t<div><b data-olk-copy-source=\"MessageBody\">LA PRENSA DE CURIC\u00d3<\/b>\u00a0<br \/><a id=\"OWAc896b054-a34a-65a0-5b98-e99a5b7644e9\" title=\"https:\/\/mediastation.simbiu.es\/files\/index\/1\/136852053\/pressRecorte\/2026-04-22\/lprchig_011_T136852053_20260422092420.jpg\/421888966\" href=\"https:\/\/mediastation.simbiu.es\/files\/index\/1\/136852053\/pressRecorte\/2026-04-22\/lprchig_011_T136852053_20260422092420.jpg\/421888966\" target=\"_blank\" rel=\"noopener noreferrer\" data-auth=\"NotApplicable\" data-linkindex=\"0\">Universidad de Talca e IND acuerdan fomentar la actividad f\u00edsica en personas mayores. Se refiere Iv\u00e1n Palomo, director del Centro de Longevidad.<\/a>\u00a0<\/div><div aria-hidden=\"true\">\u00a0<\/div><div><b>DIARIO\u00a0EL HERALDO DE LINARES\u00a0<\/b>\u00a0<br \/><a id=\"OWA19887f1c-0d1c-202c-3bd7-5417093c83cd\" title=\"https:\/\/mediastation.simbiu.es\/files\/index\/1\/136848533\/pressRecorte\/2026-04-22\/hlichig_010_T136848533_20260422120000.jpg\/421718223\" href=\"https:\/\/mediastation.simbiu.es\/files\/index\/1\/136848533\/pressRecorte\/2026-04-22\/hlichig_010_T136848533_20260422120000.jpg\/421718223\" target=\"_blank\" rel=\"noopener noreferrer\" data-auth=\"NotApplicable\" data-linkindex=\"1\">UTalca\u00a0y el IND acuerdan fomentar la actividad f\u00edsica en personas mayores. Se refiere Iv\u00e1n Palomo, director del Centro de Longevidad Vitalis.<\/a>\u00a0<\/div><div aria-hidden=\"true\">\u00a0<\/div><div><b>EL LECTOR<\/b>\u00a0<br \/><a id=\"OWAdd9a6adb-19ff-dc77-ebcc-2cf5f29f2b3a\" title=\"https:\/\/mediastation.simbiu.es\/files\/index\/1\/136848562\/pressRecorte\/2026-04-22\/lecchig_011_T136848562_20260422120000.jpg\/421719666\" href=\"https:\/\/mediastation.simbiu.es\/files\/index\/1\/136848562\/pressRecorte\/2026-04-22\/lecchig_011_T136848562_20260422120000.jpg\/421719666\" target=\"_blank\" rel=\"noopener noreferrer\" data-auth=\"NotApplicable\" data-linkindex=\"2\">UTalca\u00a0y el IND acuerdan fomentar la actividad f\u00edsica en personas mayores. Se refiere Iv\u00e1n Palomo, director del Centro de Longevidad Vitalis.<\/a>\u00a0<\/div><div aria-hidden=\"true\">\u00a0<\/div><div><b>MAULE HOY &#8211; CHILE<\/b>\u00a0<br \/><a id=\"OWAb5fef62d-de04-fdb1-cb30-9c7961494478\" title=\"https:\/\/mediastation.simbiu.es\/files\/index\/1\/136848686\/pressRecorte\/2026-04-22\/maulhoy_010_T136848686_20260422120000.jpg\/421728740\" href=\"https:\/\/mediastation.simbiu.es\/files\/index\/1\/136848686\/pressRecorte\/2026-04-22\/maulhoy_010_T136848686_20260422120000.jpg\/421728740\" target=\"_blank\" rel=\"noopener noreferrer\" data-auth=\"NotApplicable\" data-linkindex=\"3\">UTalca y el IND acuerdan fomentar la actividad f\u00edsica en personas mayores. Se refiere Iv\u00e1n Palomo, director del Centro de Longevidad Vitalis.<\/a>\u00a0<\/div><div aria-hidden=\"true\">\u00a0<\/div><div><b>DIARIOELHERALDO.CL<\/b>\u00a0<br \/><a id=\"OWAf15bfcaf-6479-bc3c-defc-2493264c9330\" title=\"https:\/\/www.diarioelheraldo.cl\/noticia\/utalca-y-el-ind-acuerdan-fomentar-la-actividad-fisica-en-personas-mayores\" href=\"https:\/\/www.diarioelheraldo.cl\/noticia\/utalca-y-el-ind-acuerdan-fomentar-la-actividad-fisica-en-personas-mayores\" target=\"_blank\" rel=\"noopener noreferrer\" data-auth=\"NotApplicable\" data-linkindex=\"4\">UTalca y el IND acuerdan fomentar la actividad f\u00edsica en personas mayores. Se refiere Iv\u00e1n Palomo, director del Centro de Longevidad Vitalis.<\/a>\u00a0<\/div><div aria-hidden=\"true\">\u00a0<\/div><div><b>COOPERATIVA.CL<\/b>\u00a0<br \/><a id=\"OWA226d06d8-fd04-85c3-d4eb-a4accfbe0b01\" title=\"https:\/\/opinion.cooperativa.cl\/opinion\/internacional\/guerra-regional-en-medio-oriente-efectos-politicos-y-juridicos-a-nivel\/2026-04-22\/090320.html\" href=\"https:\/\/opinion.cooperativa.cl\/opinion\/internacional\/guerra-regional-en-medio-oriente-efectos-politicos-y-juridicos-a-nivel\/2026-04-22\/090320.html\" target=\"_blank\" rel=\"noopener noreferrer\" data-auth=\"NotApplicable\" data-linkindex=\"5\">Guerra regional en Medio Oriente: efectos pol\u00edticos y jur\u00eddicos a nivel internacional. Se refieren Alejandra M\u00e1rquez, acad\u00e9mica de la Facultad de Ciencias Jur\u00eddicas y Sociales y Gustavo Larba, investigadores del Centro de Estudios de Derecho Penal (Cedep-UTalca)<\/a>\u00a0<\/div><div aria-hidden=\"true\">\u00a0<\/div><div><b>RADIONUEVOMUNDO.CL<\/b>\u00a0<br \/><a id=\"OWA4a2538f3-ea91-fd41-4300-61182a6d9c4b\" title=\"https:\/\/radionuevomundo.cl\/2026\/04\/investigadores-crean-hidrogel-a-base-de-veneno-de-avispa-que-cura-lesiones-de-pie-diabetico\/\" href=\"https:\/\/radionuevomundo.cl\/2026\/04\/investigadores-crean-hidrogel-a-base-de-veneno-de-avispa-que-cura-lesiones-de-pie-diabetico\/\" target=\"_blank\" rel=\"noopener noreferrer\" data-auth=\"NotApplicable\" data-linkindex=\"6\">Investigadores crean hidrogel a base de veneno de avispa que cura lesiones de pie diab\u00e9tico. Se refiere Esteban Dur\u00e1n Lara, profesor del Departamento de Microbiolog\u00eda de la Universidad de Talca.<\/a>\u00a0<\/div><div aria-hidden=\"true\">\u00a0<\/div><div><b>DIARIOELCENTRO.CL<\/b>\u00a0<br \/><a id=\"OWA8cb2deaa-8327-66ec-547d-0e1764b07b6e\" title=\"https:\/\/www.diarioelcentro.cl\/2026\/04\/22\/alta-medica-sin-salida-abandono-de-pacientes-en-hospitales-expone-grave-deuda-de-cuidados-en-chile\/\" href=\"https:\/\/www.diarioelcentro.cl\/2026\/04\/22\/alta-medica-sin-salida-abandono-de-pacientes-en-hospitales-expone-grave-deuda-de-cuidados-en-chile\/\" target=\"_blank\" rel=\"noopener noreferrer\" data-auth=\"NotApplicable\" data-linkindex=\"7\">Alta m\u00e9dica sin salida: abandono de pacientes en hospitales expone grave deuda de cuidados en Chile. Se refiere Carolina Riveros Ferrada, acad\u00e9mica de la Universidad de Talca.<\/a>\u00a0<\/div><div aria-hidden=\"true\">\u00a0<\/div><div aria-hidden=\"true\">\u00a0<\/div><div><b>MAULE HOY\u00a0<\/b>\u00a0<br \/><a id=\"OWAe0ad766c-3ce4-6488-8ff4-64a76eccfe0e\" title=\"https:\/\/mediastation.simbiu.es\/files\/index\/1\/136848679\/pressRecorte\/2026-04-22\/maulhoy_008_T136848679_20260422120000.jpg\/421728669\" href=\"https:\/\/mediastation.simbiu.es\/files\/index\/1\/136848679\/pressRecorte\/2026-04-22\/maulhoy_008_T136848679_20260422120000.jpg\/421728669\" target=\"_blank\" rel=\"noopener noreferrer\" data-auth=\"NotApplicable\" data-linkindex=\"8\">Acad\u00e9mico de la\u00a0UTalca\u00a0presenta obra en el XI Sal\u00f3n de Arte Abstracto de Madrid. Se refiere Iv\u00e1n Palomo Gonz\u00e1lez, acad\u00e9mico de la Facultad de Ciencias de la Salud.<\/a>\u00a0<\/div><div aria-hidden=\"true\">\u00a0<\/div><div><b>MEGANOTICIAS<\/b>\u00a0<br \/><a id=\"OWA159fed46-a9e0-9c1c-b3da-2de298a8ecae\" title=\"https:\/\/www.meganoticias.cl\/nacional\/520185-mauricio-morales-analiza-proyecto-reconstruccion-nacional-kast-apoyo-pdg-22-04-2026.html\" href=\"https:\/\/www.meganoticias.cl\/nacional\/520185-mauricio-morales-analiza-proyecto-reconstruccion-nacional-kast-apoyo-pdg-22-04-2026.html\" target=\"_blank\" rel=\"noopener noreferrer\" data-auth=\"NotApplicable\" data-linkindex=\"9\">Plan de Kast y el factor clave del PDG en la discusi\u00f3n por proyecto de Reconstrucci\u00f3n Nacional. Se refiere Mauricio Morales Quiroga, director del Centro de An\u00e1lisis Pol\u00edtico (CAP-UTalca)<\/a>\u00a0<\/div><div aria-hidden=\"true\">\u00a0<\/div><div><b>EMOL.COM<\/b>\u00a0<br \/><a id=\"OWAf2564aa9-e682-553c-3c07-e4648b9f34bf\" title=\"https:\/\/www.emol.com\/noticias\/Nacional\/2026\/04\/21\/1197860\/oposicion-por-tc-y-plan.html\" href=\"https:\/\/www.emol.com\/noticias\/Nacional\/2026\/04\/21\/1197860\/oposicion-por-tc-y-plan.html\" target=\"_blank\" rel=\"noopener noreferrer\" data-auth=\"NotApplicable\" data-linkindex=\"10\">\u00bfRecurrir al TC?: Los pro y contra de la opci\u00f3n que tiene la oposici\u00f3n para enfrentar Reconstrucci\u00f3n. Se refiere Mauricio Morales, director del Centro de An\u00e1lisis Pol\u00edtico (CAP-UTalca)<\/a>\u00a0<\/div><div aria-hidden=\"true\">\u00a0<\/div><div aria-hidden=\"true\">\u00a0<\/div><div><b>RADIO AMIGA (TALCA)<\/b>\u00a0<br \/><a id=\"OWAc121d4b3-07c7-2683-763d-57b85527a446\" title=\"https:\/\/mediastation.simbiu.es\/files\/index\/1\/136848686\/pressRecorte\/2026-04-22\/maulhoy_010_T136848686_20260422120000.jpg\/421728740\" href=\"https:\/\/mediastation.simbiu.es\/files\/index\/1\/136848686\/pressRecorte\/2026-04-22\/maulhoy_010_T136848686_20260422120000.jpg\/421728740\" target=\"_blank\" rel=\"noopener noreferrer\" data-auth=\"NotApplicable\" data-linkindex=\"11\">Innovador sistema de\u00a0telerehabilitaci\u00f3n\u00a0acerca la salud a las personas del Maule. Se refiere Valeska Gatica, directora del Laboratorio de Control Motor Humano.<\/a>\u00a0<\/div><div>\u00a0<br \/>\u00a0<\/div><div><b>LA PRENSA DE CURIC\u00d3 &#8211; CHILE<\/b>\u00a0<br \/><a id=\"OWA09efff5e-3828-41f1-8771-0f9d669357c6\" title=\"https:\/\/mediastation.simbiu.es\/files\/index\/1\/136852025\/pressRecorte\/2026-04-22\/lprchig_002_T136852025_20260422092034.jpg\/421887540?trackingToken=eyJhbGciOiJIUzI1NiIsInR5cCI6IkpXVCJ9.eyJpZFVzZXIiOiI5NDI1IiwiaWRDb3Jwb3JhdGUiOiI0OTY3In0.YJxkiGNFlNmZnG2N-r0uR81WkuvHMtZDRZo0QO-JNAo\" href=\"https:\/\/mediastation.simbiu.es\/files\/index\/1\/136852025\/pressRecorte\/2026-04-22\/lprchig_002_T136852025_20260422092034.jpg\/421887540?trackingToken=eyJhbGciOiJIUzI1NiIsInR5cCI6IkpXVCJ9.eyJpZFVzZXIiOiI5NDI1IiwiaWRDb3Jwb3JhdGUiOiI0OTY3In0.YJxkiGNFlNmZnG2N-r0uR81WkuvHMtZDRZo0QO-JNAo\" target=\"_blank\" rel=\"noopener noreferrer\" data-auth=\"NotApplicable\" data-linkindex=\"12\">Sucede. Se menciona a la Universidad de Talca.<\/a>\u00a0<\/div><div aria-hidden=\"true\">\u00a0<\/div><div><b>LA PRENSA DE CURIC\u00d3 &#8211; CHILE<\/b>\u00a0<br \/><a id=\"OWAfe65a6e7-d63f-c7eb-de1c-0cc98e9800b4\" title=\"https:\/\/mediastation.simbiu.es\/files\/index\/1\/136852038\/pressRecorte\/2026-04-22\/lprchig_005_T136852038_20260422092151.jpg\/421888257?trackingToken=eyJhbGciOiJIUzI1NiIsInR5cCI6IkpXVCJ9.eyJpZFVzZXIiOiI5NDI1IiwiaWRDb3Jwb3JhdGUiOiI0OTY3In0.YJxkiGNFlNmZnG2N-r0uR81WkuvHMtZDRZo0QO-JNAo\" href=\"https:\/\/mediastation.simbiu.es\/files\/index\/1\/136852038\/pressRecorte\/2026-04-22\/lprchig_005_T136852038_20260422092151.jpg\/421888257?trackingToken=eyJhbGciOiJIUzI1NiIsInR5cCI6IkpXVCJ9.eyJpZFVzZXIiOiI5NDI1IiwiaWRDb3Jwb3JhdGUiOiI0OTY3In0.YJxkiGNFlNmZnG2N-r0uR81WkuvHMtZDRZo0QO-JNAo\" target=\"_blank\" rel=\"noopener noreferrer\" data-auth=\"NotApplicable\" data-linkindex=\"13\">Talca ser\u00e1 sede de Cumbre Mil Mujeres: que estar\u00e1 enfocada en agroindustria. Se menciona a la Universidad de Talca.<\/a>\u00a0<\/div><div><b>MAULE HOY &#8211; CHILE<\/b>\u00a0<br \/><a id=\"OWA815a847c-dbeb-4613-f8fd-155276bc5aa4\" title=\"https:\/\/mediastation.simbiu.es\/files\/index\/1\/136848677\/pressRecorte\/2026-04-22\/maulhoy_007_T136848677_20260422120000.jpg\/421728629?trackingToken=eyJhbGciOiJIUzI1NiIsInR5cCI6IkpXVCJ9.eyJpZFVzZXIiOiI5NDI1IiwiaWRDb3Jwb3JhdGUiOiI0OTY3In0.YJxkiGNFlNmZnG2N-r0uR81WkuvHMtZDRZo0QO-JNAo\" href=\"https:\/\/mediastation.simbiu.es\/files\/index\/1\/136848677\/pressRecorte\/2026-04-22\/maulhoy_007_T136848677_20260422120000.jpg\/421728629?trackingToken=eyJhbGciOiJIUzI1NiIsInR5cCI6IkpXVCJ9.eyJpZFVzZXIiOiI5NDI1IiwiaWRDb3Jwb3JhdGUiOiI0OTY3In0.YJxkiGNFlNmZnG2N-r0uR81WkuvHMtZDRZo0QO-JNAo\" target=\"_blank\" rel=\"noopener noreferrer\" data-auth=\"NotApplicable\" data-linkindex=\"14\">SernamEG\u00a0Maule y\u00a0UTalca\u00a0inician programa de formaci\u00f3n para fortalecer el liderazgo y la participaci\u00f3n pol\u00edtica de las mujeres. Se menciona a la Universidad de Talca.<\/a>\u00a0<br \/>\u00a0<\/div><div><b>INOTICIAS.CL<\/b>\u00a0<br \/><a id=\"OWA775a1c19-4448-95b4-98f6-35c413fe5c8b\" title=\"https:\/\/inoticias.cl\/detalle\/la-tradicional-y-maratonica-lectura-del-quijote-se-traslada\" href=\"https:\/\/inoticias.cl\/detalle\/la-tradicional-y-maratonica-lectura-del-quijote-se-traslada\" target=\"_blank\" rel=\"noopener noreferrer\" data-auth=\"NotApplicable\" data-linkindex=\"15\">La tradicional y marat\u00f3nica Lectura del Quijote se traslada por primera vez a regiones. Se menciona a la Universidad de Talca.<\/a>\u00a0<\/div><div aria-hidden=\"true\">\u00a0<\/div><div><b>ENLINEAMAULE.CL<\/b>\u00a0<br \/><a id=\"OWA271df87d-d243-d013-09bc-80c287e98f13\" title=\"https:\/\/enlineamaule.cl\/archivo\/62140\" href=\"https:\/\/enlineamaule.cl\/archivo\/62140\" target=\"_blank\" rel=\"noopener noreferrer\" data-auth=\"NotApplicable\" data-linkindex=\"16\">Masiva caminata en la Universidad de Talca sella alianza regional en favor del envejecimiento activo. Se menciona a la Universidad de Talca.<\/a>\u00a0<\/div><div aria-hidden=\"true\">\u00a0<\/div><div><b>CRONICANOTICIAS.CL<\/b>\u00a0<br \/><a id=\"OWA77b54f82-a2e4-331c-dd4b-0dd98cf005cf\" title=\"https:\/\/cronicanoticias.cl\/2026\/04\/22\/la-clinica-odontologica-municipal-de-curico-somos-dent-cumple-un-ano-de-gestion-bajo-la-direccion-del-dr-franco-cordova-pinochet-con-hitos-historicos-en-tecnologia-y-convenios\/\" href=\"https:\/\/cronicanoticias.cl\/2026\/04\/22\/la-clinica-odontologica-municipal-de-curico-somos-dent-cumple-un-ano-de-gestion-bajo-la-direccion-del-dr-franco-cordova-pinochet-con-hitos-historicos-en-tecnologia-y-convenios\/\" target=\"_blank\" rel=\"noopener noreferrer\" data-auth=\"NotApplicable\" data-linkindex=\"17\">La Cl\u00ednica Odontol\u00f3gica Municipal de Curic\u00f3 Somos Dent cumple un a\u00f1o de gesti\u00f3n. Se menciona a la Universidad de Talca.<\/a>\u00a0<\/div><div aria-hidden=\"true\">\u00a0<\/div><div><b>EL LECTOR<\/b>\u00a0<br \/><a id=\"OWAa36cf7d4-6d2d-84a6-06f1-813378d63c82\" title=\"https:\/\/mediastation.simbiu.es\/Files\/Index\/1\/136848560\/PressRecorte?medio=EL%20LECTOR%20-%20CHILE&amp;trackingToken=eyJhbGciOiJIUzI1NiIsInR5cCI6IkpXVCJ9.eyJpZFVzZXIiOiI5NDI1IiwiaWRDb3Jwb3JhdGUiOiI0OTY3In0.YJxkiGNFlNmZnG2N-r0uR81WkuvHMtZDRZo0QO-JNAo\" href=\"https:\/\/mediastation.simbiu.es\/Files\/Index\/1\/136848560\/PressRecorte?medio=EL%20LECTOR%20-%20CHILE&amp;trackingToken=eyJhbGciOiJIUzI1NiIsInR5cCI6IkpXVCJ9.eyJpZFVzZXIiOiI5NDI1IiwiaWRDb3Jwb3JhdGUiOiI0OTY3In0.YJxkiGNFlNmZnG2N-r0uR81WkuvHMtZDRZo0QO-JNAo\" target=\"_blank\" rel=\"noopener noreferrer\" data-auth=\"NotApplicable\" data-linkindex=\"18\">Actores de ciencia e innovaci\u00f3n del Maule dialogan con ministra y proyectan desaf\u00edos regionales junto a la UCM.\u00a0Se menciona la Universidad de Talca.<\/a>\u00a0<br \/>\u00a0<\/div><div><b>RADIO LAUTARO<\/b>\u00a0<br \/><a id=\"OWA2baad8eb-9d11-5f97-80d8-ab7fac825159\" title=\"https:\/\/radiolautarotalca.cl\/analizan-nueva-normativa-que-consagra-el-cuidado-como-derecho-social-en-chile\/\" href=\"https:\/\/radiolautarotalca.cl\/analizan-nueva-normativa-que-consagra-el-cuidado-como-derecho-social-en-chile\/\" target=\"_blank\" rel=\"noopener noreferrer\" data-auth=\"NotApplicable\" data-linkindex=\"19\">Analizan nueva normativa que consagra el cuidado como derecho social en Chile. Se refiere\u00a0\u00c9rika Retamal,\u202fdirectora\u202fdel\u202fDepartamento\u202fde Salud P\u00fablica\u202fde la\u202fUTalca.<\/a>\u00a0<\/div>\t\t\t\t\t\t<\/div>\n\t\t\t\t<\/div>\n\t\t\t\t\t<\/div>\n\t\t<\/div>\n\t\t\t\t\t\t\t<\/div>\n\t\t<\/section>\n\t\t\t\t\t\t<\/div>\n\t\t\t\t\t<\/div>\n\t\t","protected":false},"excerpt":{"rendered":"<p>LA PRENSA DE CURIC\u00d3\u00a0Universidad de Talca e IND acuerdan fomentar la actividad f\u00edsica en personas mayores. Se refiere Iv\u00e1n Palomo, director del Centro de Longevidad.\u00a0\u00a0DIARIO\u00a0EL HERALDO DE LINARES\u00a0\u00a0UTalca\u00a0y el IND acuerdan fomentar la actividad f\u00edsica en personas mayores. Se refiere Iv\u00e1n Palomo, director del Centro de Longevidad Vitalis.\u00a0\u00a0EL LECTOR\u00a0UTalca\u00a0y el IND acuerdan fomentar la actividad &hellip;<\/p>\n<p class=\"read-more\"> <a class=\"\" href=\"https:\/\/www.reportedeprensa.utalca.cl\/?p=13678\"> <span class=\"screen-reader-text\">23 de abril 2026<\/span> Read More &raquo;<\/a><\/p>\n","protected":false},"author":1,"featured_media":0,"comment_status":"closed","ping_status":"open","sticky":false,"template":"","format":"standard","meta":{"_monsterinsights_skip_tracking":false,"_monsterinsights_sitenote_active":false,"_monsterinsights_sitenote_note":"","_monsterinsights_sitenote_category":0},"categories":[69],"tags":[],"_links":{"self":[{"href":"https:\/\/www.reportedeprensa.utalca.cl\/index.php?rest_route=\/wp\/v2\/posts\/13678"}],"collection":[{"href":"https:\/\/www.reportedeprensa.utalca.cl\/index.php?rest_route=\/wp\/v2\/posts"}],"about":[{"href":"https:\/\/www.reportedeprensa.utalca.cl\/index.php?rest_route=\/wp\/v2\/types\/post"}],"author":[{"embeddable":true,"href":"https:\/\/www.reportedeprensa.utalca.cl\/index.php?rest_route=\/wp\/v2\/users\/1"}],"replies":[{"embeddable":true,"href":"https:\/\/www.reportedeprensa.utalca.cl\/index.php?rest_route=%2Fwp%2Fv2%2Fcomments&post=13678"}],"version-history":[{"count":4,"href":"https:\/\/www.reportedeprensa.utalca.cl\/index.php?rest_route=\/wp\/v2\/posts\/13678\/revisions"}],"predecessor-version":[{"id":13682,"href":"https:\/\/www.reportedeprensa.utalca.cl\/index.php?rest_route=\/wp\/v2\/posts\/13678\/revisions\/13682"}],"wp:attachment":[{"href":"https:\/\/www.reportedeprensa.utalca.cl\/index.php?rest_route=%2Fwp%2Fv2%2Fmedia&parent=13678"}],"wp:term":[{"taxonomy":"category","embeddable":true,"href":"https:\/\/www.reportedeprensa.utalca.cl\/index.php?rest_route=%2Fwp%2Fv2%2Fcategories&post=13678"},{"taxonomy":"post_tag","embeddable":true,"href":"https:\/\/www.reportedeprensa.utalca.cl\/index.php?rest_route=%2Fwp%2Fv2%2Ftags&post=13678"}],"curies":[{"name":"wp","href":"https:\/\/api.w.org\/{rel}","templated":true}]}}