{"id":13690,"date":"2026-04-24T13:29:47","date_gmt":"2026-04-24T16:29:47","guid":{"rendered":"https:\/\/www.reportedeprensa.utalca.cl\/?p=13690"},"modified":"2026-04-24T13:30:24","modified_gmt":"2026-04-24T16:30:24","slug":"24-de-abril-2026","status":"publish","type":"post","link":"https:\/\/www.reportedeprensa.utalca.cl\/?p=13690","title":{"rendered":"24 de abril 2026"},"content":{"rendered":"\t\t<div data-elementor-type=\"wp-post\" data-elementor-id=\"13690\" class=\"elementor elementor-13690\" data-elementor-settings=\"[]\">\n\t\t\t\t\t\t\t<div class=\"elementor-section-wrap\">\n\t\t\t\t\t\t\t<section class=\"elementor-section elementor-top-section elementor-element elementor-element-bcea1a8 elementor-section-boxed elementor-section-height-default elementor-section-height-default\" data-id=\"bcea1a8\" data-element_type=\"section\">\n\t\t\t\t\t\t<div class=\"elementor-container elementor-column-gap-default\">\n\t\t\t\t\t<div class=\"elementor-column elementor-col-100 elementor-top-column elementor-element elementor-element-e7183bf\" data-id=\"e7183bf\" data-element_type=\"column\">\n\t\t\t<div class=\"elementor-widget-wrap elementor-element-populated\">\n\t\t\t\t\t\t\t\t<div class=\"elementor-element elementor-element-8cfe948 elementor-widget elementor-widget-text-editor\" data-id=\"8cfe948\" data-element_type=\"widget\" data-widget_type=\"text-editor.default\">\n\t\t\t\t<div class=\"elementor-widget-container\">\n\t\t\t\t\t\t\t\t<div class=\"x_elementToProof\"><b data-olk-copy-source=\"MessageBody\">BIOBIO CHILE<\/b>\u00a0<br \/><a id=\"OWAfcdffa7d-0554-15b5-f31e-e8a844fcb89f\" class=\"x_Hyperlink x_SCXW265076272 x_BCX0 x_OWAAutoLink\" title=\"https:\/\/www.biobiochile.cl\/noticias\/salud-y-bienestar\/cuerpo\/2026\/04\/23\/que-pasa-cuando-dejas-de-consumir-azucar-por-seis-semanas.shtml\" href=\"https:\/\/www.biobiochile.cl\/noticias\/salud-y-bienestar\/cuerpo\/2026\/04\/23\/que-pasa-cuando-dejas-de-consumir-azucar-por-seis-semanas.shtml\" target=\"_blank\" rel=\"noreferrer noopener\" data-auth=\"NotApplicable\" data-linkindex=\"0\">Qu\u00e9 pasa cuando dejas de consumir az\u00facar por seis semanas. Se refiere \u00c1ngela S\u00e1nchez, directora Escuela de Nutrici\u00f3n y Diet\u00e9tica.<\/a>\u00a0\u00a0<\/div><div class=\"x_elementToProof\" aria-hidden=\"true\">\u00a0<\/div><div class=\"x_elementToProof\"><b>CNN CHILE<\/b>\u00a0<br \/><a id=\"OWA27421279-4c98-0c5d-8eea-71073033db79\" class=\"x_Hyperlink x_SCXW265076272 x_BCX0 x_OWAAutoLink\" title=\"https:\/\/mediastation.simbiu.es\/n\/fH4KE4Jy\" href=\"https:\/\/mediastation.simbiu.es\/n\/fH4KE4Jy\" target=\"_blank\" rel=\"noreferrer noopener\" data-auth=\"NotApplicable\" data-linkindex=\"1\">Hoy se celebra el D\u00eda del Libro en gran parte del mundo. Se refiere Marcela Albornoz, directora de Extensi\u00f3n Cultural-Art\u00edstica.\u00a0<\/a>\u00a0<\/div><div class=\"x_elementToProof\" aria-hidden=\"true\">\u00a0<\/div><div class=\"x_elementToProof\"><b>PORTAL RED SALUD<\/b>\u00a0<br \/><a id=\"OWA47b5eba5-74bc-6d43-07e8-56adcb2cd5ba\" class=\"x_Hyperlink x_SCXW265076272 x_BCX0 x_OWAAutoLink\" title=\"https:\/\/portalredsalud.cl\/2026\/04\/23\/nuevo-servicio-de-defensoria-de-victimas-cual-es-su-verdadero-alcance\/\" href=\"https:\/\/portalredsalud.cl\/2026\/04\/23\/nuevo-servicio-de-defensoria-de-victimas-cual-es-su-verdadero-alcance\/\" target=\"_blank\" rel=\"noreferrer noopener\" data-auth=\"NotApplicable\" data-linkindex=\"2\">Nuevo servicio de defensor\u00eda de v\u00edctimas: \u00bfcu\u00e1l es su verdadero alcance? Se refiere\u00a0Gloria Mancilla, investigadora Centro de Derecho Penal (CEDEP-UTalca).<\/a>\u00a0<\/div><div class=\"x_elementToProof\" aria-hidden=\"true\">\u00a0<\/div><div class=\"x_elementToProof\"><b>PORTAL RED SALUD<\/b>\u00a0<br \/><a id=\"OWA8801d9ba-740f-b82a-30c6-6ea318000b73\" class=\"x_Hyperlink x_SCXW265076272 x_BCX0 x_OWAAutoLink\" title=\"https:\/\/portalredsalud.cl\/2026\/04\/23\/analizan-nueva-normativa-que-consagra-el-cuidado-como-derecho-social-en-chile\/\" href=\"https:\/\/portalredsalud.cl\/2026\/04\/23\/analizan-nueva-normativa-que-consagra-el-cuidado-como-derecho-social-en-chile\/\" target=\"_blank\" rel=\"noreferrer noopener\" data-auth=\"NotApplicable\" data-linkindex=\"3\">Analizan nueva normativa que consagra el cuidado como derecho social en Chile. Se refiere Rodrigo Palomo, acad\u00e9mico Facultad de Ciencias Jur\u00eddicas y Sociales y \u00c9rica Retamal, directo Departamento de Salud P\u00fablica.\u00a0<\/a>\u00a0<\/div><div class=\"x_elementToProof\" aria-hidden=\"true\">\u00a0<\/div><div class=\"x_elementToProof\"><b>CANAL 2 LINARES<\/b>\u00a0<br \/><a id=\"OWA02785879-6e81-365a-7b00-b7f4a667aae7\" class=\"x_Hyperlink x_SCXW265076272 x_BCX0 x_OWAAutoLink\" title=\"https:\/\/www.canal2linares.cl\/2026\/04\/utalca-y-el-ind-acuerdan-fomentar-la.html\" href=\"https:\/\/www.canal2linares.cl\/2026\/04\/utalca-y-el-ind-acuerdan-fomentar-la.html\" target=\"_blank\" rel=\"noreferrer noopener\" data-auth=\"NotApplicable\" data-linkindex=\"4\">UTalca y el IND acuerdan fomentar la actividad f\u00edsica en personas mayores. Se refiere Iv\u00e1n Palomo, director Centro de Longevidad Vitalis.\u00a0<\/a>\u00a0<\/div><div class=\"x_elementToProof\" aria-hidden=\"true\">\u00a0<\/div><div class=\"x_elementToProof\"><b>DIARIO EL LECTOR<\/b>\u00a0<br \/><a id=\"OWAc025d0c5-1959-85f2-a07f-4bda8e13970f\" class=\"x_Hyperlink x_SCXW265076272 x_BCX0 x_OWAAutoLink\" title=\"https:\/\/mediastation.simbiu.es\/n\/tgBC5nky\" href=\"https:\/\/mediastation.simbiu.es\/n\/tgBC5nky\" target=\"_blank\" rel=\"noreferrer noopener\" data-auth=\"NotApplicable\" data-linkindex=\"5\">UTalca y el IND acuerdan fomentar la actividad f\u00edsica en personas mayores. Se refiere Iv\u00e1n Palomo, director Centro de Longevidad Vitalis.<\/a>\u00a0<\/div><div class=\"x_elementToProof\" aria-hidden=\"true\">\u00a0<\/div><div class=\"x_elementToProof\"><b>RADIO AMIGA<\/b>\u00a0<br \/><a id=\"OWA0488c5c9-af95-dd09-5a95-31dbeb212bb9\" class=\"x_Hyperlink x_SCXW265076272 x_BCX0 x_OWAAutoLink\" title=\"https:\/\/mediastation.simbiu.es\/n\/Q_e5Qarj\" href=\"https:\/\/mediastation.simbiu.es\/n\/Q_e5Qarj\" target=\"_blank\" rel=\"noreferrer noopener\" data-auth=\"NotApplicable\" data-linkindex=\"6\">Masiva caminata en la Universidad de Talca.\u00a0Se refiere Iv\u00e1n Palomo, director Centro de Longevidad Vitalis.<\/a>\u00a0<\/div><div class=\"x_elementToProof\" aria-hidden=\"true\">\u00a0<\/div><div class=\"x_elementToProof\"><b>RADIO LAUTARO<\/b>\u00a0<br \/><a id=\"OWAd4de3fa7-00f1-c2ee-5e40-f8aaa3253e87\" class=\"x_Hyperlink x_SCXW265076272 x_BCX0 x_OWAAutoLink\" title=\"https:\/\/radiolautarotalca.cl\/cientificos-de-la-utalca-crean-hidrogel-basado-en-toxina-de-avispa-para-sanar-heridas-de-pie-diabetico\/\" href=\"https:\/\/radiolautarotalca.cl\/cientificos-de-la-utalca-crean-hidrogel-basado-en-toxina-de-avispa-para-sanar-heridas-de-pie-diabetico\/\" target=\"_blank\" rel=\"noreferrer noopener\" data-auth=\"NotApplicable\" data-linkindex=\"7\">Cient\u00edficos de la\u00a0UTalca\u00a0crean hidrogel basado en toxina de avispa para sanar heridas de pie diab\u00e9tico. Se refiere Esteban Dur\u00e1n, Departamento de Microbiolog\u00eda.\u00a0<\/a>\u00a0<\/div><div class=\"x_elementToProof\" aria-hidden=\"true\">\u00a0<\/div><div class=\"x_elementToProof\"><b>BIOBIO\u00a0CHILE<\/b>\u00a0<br \/><a id=\"OWA4dac5f2d-205e-446b-6e88-ee05667c4b40\" class=\"x_Hyperlink x_SCXW265076272 x_BCX0 x_OWAAutoLink\" title=\"https:\/\/www.biobiochile.cl\/noticias\/nacional\/chile\/2026\/04\/23\/la-reactivacion-de-jara-en-medio-de-tensiones-con-el-partido-comunista.shtml\" href=\"https:\/\/www.biobiochile.cl\/noticias\/nacional\/chile\/2026\/04\/23\/la-reactivacion-de-jara-en-medio-de-tensiones-con-el-partido-comunista.shtml\" target=\"_blank\" rel=\"noreferrer noopener\" data-auth=\"NotApplicable\" data-linkindex=\"8\">La reactivaci\u00f3n de Jeannette Jara en medio de tensiones con el Partido Comunista.\u00a0Se refiere Mario Herrera, acad\u00e9mico Centro de An\u00e1lisis Pol\u00edtico (CAP).<\/a>\u00a0<\/div><div class=\"x_elementToProof\" aria-hidden=\"true\">\u00a0<\/div><div class=\"x_elementToProof\"><b>BIOBIO\u00a0CHILE<\/b>\u00a0<br \/><a id=\"OWAbf956e28-07df-d72d-65b8-71c65e698259\" class=\"x_Hyperlink x_SCXW265076272 x_BCX0 x_OWAAutoLink\" title=\"https:\/\/www.biobiochile.cl\/noticias\/nacional\/chile\/2026\/04\/23\/los-recortes-llegan-a-presidencia-kast-prepara-reduccion-enfocada-en-personal-y-actividades-oficiales.shtml\" href=\"https:\/\/www.biobiochile.cl\/noticias\/nacional\/chile\/2026\/04\/23\/los-recortes-llegan-a-presidencia-kast-prepara-reduccion-enfocada-en-personal-y-actividades-oficiales.shtml\" target=\"_blank\" rel=\"noreferrer noopener\" data-auth=\"NotApplicable\" data-linkindex=\"9\">Los recortes llegan a Presidencia: Kast prepara reducci\u00f3n enfocada en personal y actividades oficiales. Se refiere Mario Herrera, acad\u00e9mico Centro de An\u00e1lisis Pol\u00edtico (CAP).<\/a>\u00a0<br \/>\u00a0<\/div><div class=\"x_elementToProof\"><b>LA PRENSA DE CURIC\u00d3<\/b>\u00a0<br \/><a id=\"OWAa1f1181a-f122-641b-3089-dae03d42d728\" class=\"x_Hyperlink x_SCXW265076272 x_BCX0 x_OWAAutoLink\" title=\"https:\/\/mediastation.simbiu.es\/Files\/Index\/1\/136873820\/PressRecorte?medio=LA%20PRENSA%20DE%20CURIC%C3%93%20-%20CHILE&amp;trackingToken=eyJhbGciOiJIUzI1NiIsInR5cCI6IkpXVCJ9.eyJpZFVzZXIiOiI5NDI0IiwiaWRDb3Jwb3JhdGUiOiI0OTY3In0.i-ayuEQErM1IthZEJmuGV4qj7aj3eGZ6HROyBJg4oUk\" href=\"https:\/\/mediastation.simbiu.es\/Files\/Index\/1\/136873820\/PressRecorte?medio=LA%20PRENSA%20DE%20CURIC%C3%93%20-%20CHILE&amp;trackingToken=eyJhbGciOiJIUzI1NiIsInR5cCI6IkpXVCJ9.eyJpZFVzZXIiOiI5NDI0IiwiaWRDb3Jwb3JhdGUiOiI0OTY3In0.i-ayuEQErM1IthZEJmuGV4qj7aj3eGZ6HROyBJg4oUk\" target=\"_blank\" rel=\"noreferrer noopener\" data-auth=\"NotApplicable\" data-linkindex=\"10\">Acad\u00e9mico de U Talca se\u00f1ala importancia del descanso y buen dormir para elevar rendimiento en los estudios. Se refiere Roberto Ferreira, acad\u00e9mico Facultad de Ciencias de la Educaci\u00f3n.\u00a0<\/a>\u00a0<\/div><div class=\"x_elementToProof\" aria-hidden=\"true\">\u00a0<\/div><div class=\"x_elementToProof\"><b>UCV RADIO<\/b>\u00a0<br \/><a id=\"OWAebad2bcb-61a5-dcb4-bef1-7377b844855d\" class=\"x_Hyperlink x_SCXW265076272 x_BCX0 x_OWAAutoLink\" title=\"https:\/\/ucvradio.cl\/news\/presidencia-alista-recorte-de-706-millones-en-medio-de-ajuste-fiscal-impulsado-por-el-gobierno\/\" href=\"https:\/\/ucvradio.cl\/news\/presidencia-alista-recorte-de-706-millones-en-medio-de-ajuste-fiscal-impulsado-por-el-gobierno\/\" target=\"_blank\" rel=\"noreferrer noopener\" data-auth=\"NotApplicable\" data-linkindex=\"11\">Presidencia alista recorte de $706 millones en medio de ajuste fiscal impulsado por el Gobierno. Se refiere Mario Herrera, acad\u00e9mico Centro de An\u00e1lisis Pol\u00edtico\u00a0(CAP).<\/a>\u00a0<\/div><div class=\"x_elementToProof\" aria-hidden=\"true\">\u00a0<\/div><div class=\"x_elementToProof\"><b>EL MAULE INFORMA<\/b>\u00a0<br \/><a id=\"OWA1c6fcd2d-6915-d031-fd6f-75b764d67555\" class=\"x_Hyperlink x_SCXW265076272 x_BCX0 x_OWAAutoLink\" title=\"https:\/\/elmauleinforma.cl\/seremi-de-energia-realiza-con-exito-el-primer-encuentro-regional-de-comunas-energeticas\/\" href=\"https:\/\/elmauleinforma.cl\/seremi-de-energia-realiza-con-exito-el-primer-encuentro-regional-de-comunas-energeticas\/\" target=\"_blank\" rel=\"noreferrer noopener\" data-auth=\"NotApplicable\" data-linkindex=\"12\">Seremi de Energ\u00eda realiza con \u00e9xito el Primer Encuentro Regional de Comunas Energ\u00e9ticas. Se menciona la Universidad de Talca.\u00a0<\/a>\u00a0<\/div><div class=\"x_elementToProof\" aria-hidden=\"true\">\u00a0<\/div><div class=\"x_elementToProof\"><b>DIARIO AUCH<\/b>\u00a0<br \/><a id=\"OWA686575b4-66a7-ff5c-850b-7933bbc81a62\" class=\"x_Hyperlink x_SCXW265076272 x_BCX0 x_OWAAutoLink\" title=\"https:\/\/diario.uach.cl\/cruch-acuerda-agenda-de-colaboracion-con-el-mineduc-tras-sesion-plenaria-en-nuble\/\" href=\"https:\/\/diario.uach.cl\/cruch-acuerda-agenda-de-colaboracion-con-el-mineduc-tras-sesion-plenaria-en-nuble\/\" target=\"_blank\" rel=\"noreferrer noopener\" data-auth=\"NotApplicable\" data-linkindex=\"13\">CRUCH acuerda agenda de colaboraci\u00f3n con el Mineduc tras sesi\u00f3n plenaria en \u00d1uble.\u00a0Se menciona la Universidad de Talca.<\/a>\u00a0<\/div><div class=\"x_elementToProof\" aria-hidden=\"true\">\u00a0<\/div><div class=\"x_elementToProof\"><b>CONSEJOS DE RECTORES<\/b>\u00a0<br \/><a id=\"OWA40219a6b-c919-7a3a-e0ff-daaaf4139077\" class=\"x_Hyperlink x_SCXW265076272 x_BCX0 x_OWAAutoLink\" title=\"https:\/\/diario.uach.cl\/cruch-acuerda-agenda-de-colaboracion-con-el-mineduc-tras-sesion-plenaria-en-nuble\/\" href=\"https:\/\/diario.uach.cl\/cruch-acuerda-agenda-de-colaboracion-con-el-mineduc-tras-sesion-plenaria-en-nuble\/\" target=\"_blank\" rel=\"noreferrer noopener\" data-auth=\"NotApplicable\" data-linkindex=\"14\">CRUCH acuerda agenda de colaboraci\u00f3n con el Mineduc tras sesi\u00f3n plenaria en \u00d1uble. Se menciona la Universidad de Talca.<\/a>\u00a0<\/div><div class=\"x_elementToProof\" aria-hidden=\"true\">\u00a0<\/div><div class=\"x_elementToProof\"><b>TV5 LINARES<\/b>\u00a0<br \/><a id=\"OWAd7d1186e-5e93-0e8a-6295-e9bc560915c6\" class=\"x_Hyperlink x_SCXW265076272 x_BCX0 x_OWAAutoLink\" title=\"https:\/\/www.tv5.cl\/categoria\/local\/seminario-talca-impulsa-innovacion-desarrollo-apicultura-regional\" href=\"https:\/\/www.tv5.cl\/categoria\/local\/seminario-talca-impulsa-innovacion-desarrollo-apicultura-regional\" target=\"_blank\" rel=\"noreferrer noopener\" data-auth=\"NotApplicable\" data-linkindex=\"15\">Seminario en Talca impulsa innovaci\u00f3n y desarrollo de la apicultura regional. Se menciona la Universidad de Talca.\u00a0<\/a>\u00a0<\/div><div class=\"x_elementToProof\" aria-hidden=\"true\">\u00a0<\/div><div class=\"x_elementToProof\"><b>LA TERCERA<\/b>\u00a0<br \/><a id=\"OWA40bbe0b1-ec3d-fd45-8466-3277098f0aa0\" class=\"x_Hyperlink x_SCXW265076272 x_BCX0 x_OWAAutoLink\" title=\"https:\/\/www.latercera.com\/finde\/noticia\/materia-gesto-y-memoria-la-exposicion-que-reune-mas-de-50-obras-de-gracia-barrios-en-mavi-uc\/\" href=\"https:\/\/www.latercera.com\/finde\/noticia\/materia-gesto-y-memoria-la-exposicion-que-reune-mas-de-50-obras-de-gracia-barrios-en-mavi-uc\/\" target=\"_blank\" rel=\"noreferrer noopener\" data-auth=\"NotApplicable\" data-linkindex=\"16\">Materia, Gesto y Memoria, la exposici\u00f3n que re\u00fane m\u00e1s de 50 obras de Gracia Barrios en MAVI UC.\u00a0Se menciona la Universidad de Talca.<\/a>\u00a0<\/div><div class=\"x_elementToProof\" aria-hidden=\"true\">\u00a0<\/div><div class=\"x_elementToProof\"><b>DIARIO TALCA<\/b>\u00a0<br \/><a id=\"OWAf59cb096-a8b5-f343-c061-79e384573cb4\" class=\"x_Hyperlink x_SCXW265076272 x_BCX0 x_OWAAutoLink\" title=\"https:\/\/diariotalca.cl\/antologia-reune-a-destacadas-poetas-maulinas-en-el-dia-del-libro\/\" href=\"https:\/\/diariotalca.cl\/antologia-reune-a-destacadas-poetas-maulinas-en-el-dia-del-libro\/\" target=\"_blank\" rel=\"noreferrer noopener\" data-auth=\"NotApplicable\" data-linkindex=\"17\">Antolog\u00eda re\u00fane a destacadas poetas maulinas en el D\u00eda del Libro. Se menciona la Universidad de Talca.<\/a>\u00a0\u00a0<\/div><div class=\"x_elementToProof\" aria-hidden=\"true\">\u00a0<\/div><div class=\"x_elementToProof\"><b>EL MERCURIO &#8211; INNOVACI\u00d3N<\/b>\u00a0<br \/><a id=\"OWA91859c5d-b7a4-ccff-4047-ff406c35dd7c\" class=\"x_Hyperlink x_SCXW265076272 x_BCX0 x_OWAAutoLink\" title=\"https:\/\/mediastation.simbiu.es\/n\/83mMHXNB\" href=\"https:\/\/mediastation.simbiu.es\/n\/83mMHXNB\" target=\"_blank\" rel=\"noreferrer noopener\" data-auth=\"NotApplicable\" data-linkindex=\"18\">Carmenere: el redescubrimiento que impuls\u00f3 la ciencia vitivin\u00edcola chilena. Se menciona la Universidad de Talca.\u00a0<\/a>\u00a0<\/div><div class=\"x_elementToProof\">\u00a0<\/div>\t\t\t\t\t\t<\/div>\n\t\t\t\t<\/div>\n\t\t\t\t\t<\/div>\n\t\t<\/div>\n\t\t\t\t\t\t\t<\/div>\n\t\t<\/section>\n\t\t\t\t\t\t<\/div>\n\t\t\t\t\t<\/div>\n\t\t","protected":false},"excerpt":{"rendered":"<p>BIOBIO CHILE\u00a0Qu\u00e9 pasa cuando dejas de consumir az\u00facar por seis semanas. Se refiere \u00c1ngela S\u00e1nchez, directora Escuela de Nutrici\u00f3n y Diet\u00e9tica.\u00a0\u00a0\u00a0CNN CHILE\u00a0Hoy se celebra el D\u00eda del Libro en gran parte del mundo. Se refiere Marcela Albornoz, directora de Extensi\u00f3n Cultural-Art\u00edstica.\u00a0\u00a0\u00a0PORTAL RED SALUD\u00a0Nuevo servicio de defensor\u00eda de v\u00edctimas: \u00bfcu\u00e1l es su verdadero alcance? Se refiere\u00a0Gloria &hellip;<\/p>\n<p class=\"read-more\"> <a class=\"\" href=\"https:\/\/www.reportedeprensa.utalca.cl\/?p=13690\"> <span class=\"screen-reader-text\">24 de abril 2026<\/span> Read More &raquo;<\/a><\/p>\n","protected":false},"author":1,"featured_media":0,"comment_status":"closed","ping_status":"open","sticky":false,"template":"","format":"standard","meta":{"_monsterinsights_skip_tracking":false,"_monsterinsights_sitenote_active":false,"_monsterinsights_sitenote_note":"","_monsterinsights_sitenote_category":0},"categories":[69],"tags":[],"_links":{"self":[{"href":"https:\/\/www.reportedeprensa.utalca.cl\/index.php?rest_route=\/wp\/v2\/posts\/13690"}],"collection":[{"href":"https:\/\/www.reportedeprensa.utalca.cl\/index.php?rest_route=\/wp\/v2\/posts"}],"about":[{"href":"https:\/\/www.reportedeprensa.utalca.cl\/index.php?rest_route=\/wp\/v2\/types\/post"}],"author":[{"embeddable":true,"href":"https:\/\/www.reportedeprensa.utalca.cl\/index.php?rest_route=\/wp\/v2\/users\/1"}],"replies":[{"embeddable":true,"href":"https:\/\/www.reportedeprensa.utalca.cl\/index.php?rest_route=%2Fwp%2Fv2%2Fcomments&post=13690"}],"version-history":[{"count":4,"href":"https:\/\/www.reportedeprensa.utalca.cl\/index.php?rest_route=\/wp\/v2\/posts\/13690\/revisions"}],"predecessor-version":[{"id":13694,"href":"https:\/\/www.reportedeprensa.utalca.cl\/index.php?rest_route=\/wp\/v2\/posts\/13690\/revisions\/13694"}],"wp:attachment":[{"href":"https:\/\/www.reportedeprensa.utalca.cl\/index.php?rest_route=%2Fwp%2Fv2%2Fmedia&parent=13690"}],"wp:term":[{"taxonomy":"category","embeddable":true,"href":"https:\/\/www.reportedeprensa.utalca.cl\/index.php?rest_route=%2Fwp%2Fv2%2Fcategories&post=13690"},{"taxonomy":"post_tag","embeddable":true,"href":"https:\/\/www.reportedeprensa.utalca.cl\/index.php?rest_route=%2Fwp%2Fv2%2Ftags&post=13690"}],"curies":[{"name":"wp","href":"https:\/\/api.w.org\/{rel}","templated":true}]}}