{"id":13696,"date":"2026-04-27T10:31:50","date_gmt":"2026-04-27T13:31:50","guid":{"rendered":"https:\/\/www.reportedeprensa.utalca.cl\/?p=13696"},"modified":"2026-04-27T10:32:35","modified_gmt":"2026-04-27T13:32:35","slug":"27-de-abril-2026","status":"publish","type":"post","link":"https:\/\/www.reportedeprensa.utalca.cl\/?p=13696","title":{"rendered":"27 de abril 2026"},"content":{"rendered":"\t\t<div data-elementor-type=\"wp-post\" data-elementor-id=\"13696\" class=\"elementor elementor-13696\" data-elementor-settings=\"[]\">\n\t\t\t\t\t\t\t<div class=\"elementor-section-wrap\">\n\t\t\t\t\t\t\t<section class=\"elementor-section elementor-top-section elementor-element elementor-element-bcea1a8 elementor-section-boxed elementor-section-height-default elementor-section-height-default\" data-id=\"bcea1a8\" data-element_type=\"section\">\n\t\t\t\t\t\t<div class=\"elementor-container elementor-column-gap-default\">\n\t\t\t\t\t<div class=\"elementor-column elementor-col-100 elementor-top-column elementor-element elementor-element-e7183bf\" data-id=\"e7183bf\" data-element_type=\"column\">\n\t\t\t<div class=\"elementor-widget-wrap elementor-element-populated\">\n\t\t\t\t\t\t\t\t<div class=\"elementor-element elementor-element-8cfe948 elementor-widget elementor-widget-text-editor\" data-id=\"8cfe948\" data-element_type=\"widget\" data-widget_type=\"text-editor.default\">\n\t\t\t\t<div class=\"elementor-widget-container\">\n\t\t\t\t\t\t\t\t<div><b data-olk-copy-source=\"MailCompose\">LA TERCERA <\/b>\u00a0<br \/><a id=\"OWAcc5104f6-c538-d2e8-cf21-f7c7c3f96904\" class=\"Hyperlink SCXW266133507 BCX0 OWAAutoLink\" href=\"https:\/\/mediastation.simbiu.es\/files\/index\/1\/136934972\/pressRecorte\/2026-04-26\/lterce2_008_T136934972_20260426044346.jpg\/423322787?trackingToken=eyJhbGciOiJIUzI1NiIsInR5cCI6IkpXVCJ9.eyJpZFVzZXIiOiI5NDI1IiwiaWRDb3Jwb3JhdGUiOiI0OTY3In0.YJxkiGNFlNmZnG2N-r0uR81WkuvHMtZDRZo0QO-JNAo\" target=\"_blank\" rel=\"noreferrer noopener\">Aula invertida: aprender sin una sala fija. Se refiere Nibaldo Benavides, director del Mag\u00edster en Pol\u00edtica y Gesti\u00f3n Educacional.<\/a>\u00a0<\/div><div>\u00a0<\/div><div><b>NOSTALGICA.CL<\/b>\u00a0<br \/><a id=\"OWAa6411eec-cf60-af60-899f-7160216ab208\" class=\"Hyperlink SCXW266133507 BCX0 OWAAutoLink\" href=\"https:\/\/www.nostalgica.cl\/que-pasa-cuando-dejas-de-consumir-azucar-por-seis-semanas\/\" target=\"_blank\" rel=\"noreferrer noopener\">Qu\u00e9 pasa cuando dejas de consumir az\u00facar por seis semanas. Se refiere \u00c1ngela S\u00e1nchez Agurto, directora de la Escuela de Nutrici\u00f3n y Diet\u00e9tica.<\/a>\u00a0<\/div><div><b>\u00a0<\/b><\/div><div><b>CHILLAN\u00a0ONLINE<\/b>\u00a0<br \/><a id=\"OWA9ee7760d-742c-dd95-1b41-ef5d16e3a59a\" class=\"Hyperlink SCXW266133507 BCX0 OWAAutoLink\" href=\"https:\/\/www.chillanonline.cl\/V7\/2026\/04\/26\/entre-copas-y-versos-nueva-edicion-del-festival-vino-y-poesia\/\" target=\"_blank\" rel=\"noreferrer noopener\">Entre copas y versos: nueva edici\u00f3n del Festival Vino y Poes\u00eda. Se refieren Carlos Torres Fuchslocher, rector de la Universidad de Talca; y Patricio G\u00f3mez Arismendi, director del Campus Colchagua.<\/a>\u00a0<\/div><div>\u00a0<\/div><div><b>MEDIABANCO<\/b>\u00a0<br \/><a id=\"OWA666cb680-8671-1329-d291-42afe98e14ee\" class=\"Hyperlink SCXW266133507 BCX0 OWAAutoLink\" href=\"https:\/\/www.mediabanco.com\/entre-copas-y-versos-nueva-edicion-del-festival-vino-y-poesia\/\" target=\"_blank\" rel=\"noreferrer noopener\">Entre copas y versos: nueva edici\u00f3n del Festival Vino y Poes\u00eda. Se refieren Carlos Torres Fuchslocher, rector de la Universidad de Talca; y Patricio G\u00f3mez Arismendi, director del Campus Colchagua.<\/a>\u00a0<\/div><div>\u00a0<\/div><div><b>EL LECTOR &#8211; CHILE<\/b>\u00a0<br \/><a id=\"OWA605d5bcc-1489-4726-441d-0922dc74318b\" class=\"Hyperlink SCXW266133507 BCX0 OWAAutoLink\" href=\"https:\/\/mediastation.simbiu.es\/files\/index\/1\/136917541\/pressRecorte\/2026-04-25\/lecchig_011_T136917541_20260425120000.jpg\/423150709?trackingToken=eyJhbGciOiJIUzI1NiIsInR5cCI6IkpXVCJ9.eyJpZFVzZXIiOiI5NDI1IiwiaWRDb3Jwb3JhdGUiOiI0OTY3In0.YJxkiGNFlNmZnG2N-r0uR81WkuvHMtZDRZo0QO-JNAo\" target=\"_blank\" rel=\"noreferrer noopener\">\u00bfPor qu\u00e9 no baja la obesidad infantil en Chile? Expertos explican las causas. Se refieren Mauricio Orellana, acad\u00e9mico de la Escuela de Nutrici\u00f3n y Diet\u00e9tica y Daisy Ram\u00edrez, acad\u00e9mica de la Escuela de Kinesiolog\u00eda.<\/a>\u00a0<\/div><div>\u00a0<\/div><div><b>PORTAL RED SALUD <\/b>\u00a0<br \/><a id=\"OWA204df12a-3132-5234-210e-dfb4fdccdbcc\" class=\"Hyperlink SCXW266133507 BCX0 OWAAutoLink\" href=\"https:\/\/mediastation.simbiu.es\/files\/VerNoticia\/119902850?tipoMedio=5\" target=\"_blank\" rel=\"noreferrer noopener\">\u00bfPor qu\u00e9 no baja la obesidad infantil en Chile? Expertos explican las causas. Se refieren Mauricio Orellana, acad\u00e9mico de la Escuela de Nutrici\u00f3n y Diet\u00e9tica y Daisy Ram\u00edrez, acad\u00e9mica de la Escuela de Kinesiolog\u00eda.<\/a>\u00a0<\/div><div>\u00a0<\/div><div><b>RADIOLAUTAROTALCA.CL<\/b>\u00a0<br \/><a id=\"OWA8c7985aa-0935-3a61-4363-90c9b3f6a0bc\" class=\"Hyperlink SCXW266133507 BCX0 OWAAutoLink\" href=\"https:\/\/radiolautarotalca.cl\/por-que-no-baja-la-obesidad-infantil-en-chile-expertos-explican-las-causas\/\" target=\"_blank\" rel=\"noreferrer noopener\">\u00bfPor qu\u00e9 no baja la obesidad infantil en Chile? Expertos explican las causas. Se refieren Mauricio Orellana, acad\u00e9mico de la Escuela de Nutrici\u00f3n y Diet\u00e9tica de la y Daisy Ram\u00edrez, acad\u00e9mica de la Escuela de Kinesiolog\u00eda.<\/a>\u00a0<\/div><div>\u00a0<\/div><div><b>DIARIOELCENTRO.CL<\/b>\u00a0<br \/><a id=\"OWA49c7aa64-da41-c663-700f-ed24c02f5222\" class=\"Hyperlink SCXW266133507 BCX0 OWAAutoLink\" href=\"https:\/\/www.diarioelcentro.cl\/2026\/04\/25\/obesidad-infantil-en-chile-no-cede-y-preocupa-a-expertos-mas-del-50-de-escolares-sufre-malnutricion\/\" target=\"_blank\" rel=\"noreferrer noopener\">Obesidad infantil en Chile no cede y preocupa a expertos: m\u00e1s del 50% de escolares sufre malnutrici\u00f3n. Se refieren Mauricio Orellana, acad\u00e9mico de la Escuela de Nutrici\u00f3n y Diet\u00e9tica y Daisy Ram\u00edrez, acad\u00e9mica de la Escuela de Kinesiolog\u00eda.<\/a>\u00a0<\/div><div>\u00a0<\/div><div><b>ADPRENSA.CL<\/b>\u00a0<br \/><a id=\"OWA83af8784-bd4c-9774-1b76-0e8092134dd2\" class=\"Hyperlink SCXW266133507 BCX0 OWAAutoLink\" href=\"https:\/\/adprensa.cl\/por-que-no-baja-la-obesidad-infantil-en-chile-expertos-explican-las-causas\/\" target=\"_blank\" rel=\"noreferrer noopener\">\u00bfPor qu\u00e9 no baja la obesidad infantil en Chile? Expertos explican las causas. Se refieren Mauricio Orellana, acad\u00e9mico de la Escuela de Nutrici\u00f3n y Diet\u00e9tica y Daisy Ram\u00edrez, acad\u00e9mica de la Escuela de Kinesiolog\u00eda.<\/a>\u00a0<\/div><div>\u00a0<\/div><div><b>MEDIABANCO.COM<\/b>\u00a0<br \/><a id=\"OWAd035e4f9-b79f-938f-4e2e-5ecbc619ef34\" class=\"Hyperlink SCXW266133507 BCX0 OWAAutoLink\" href=\"https:\/\/www.mediabanco.com\/por-que-no-baja-la-obesidad-infantil-en-chile-expertos-explican-las-causas\/\" target=\"_blank\" rel=\"noreferrer noopener\">\u00bfPor qu\u00e9 no baja la obesidad infantil en Chile? Expertos explican las causas. Se refieren Mauricio Orellana, acad\u00e9mico de la Escuela de Nutrici\u00f3n y Diet\u00e9tica y Daisy Ram\u00edrez, acad\u00e9mica de la Escuela de Kinesiolog\u00eda.<\/a>\u00a0<\/div><div>\u00a0<\/div><div><b>REDAYSEN.COM<\/b>\u00a0<br \/><a id=\"OWAfcf166c6-0eff-4857-8c71-475730b7a3c6\" class=\"Hyperlink SCXW266133507 BCX0 OWAAutoLink\" href=\"https:\/\/mediastation.simbiu.es\/files\/VerNoticia\/119924901?tipoMedio=5\" target=\"_blank\" rel=\"noreferrer noopener\">Alerta en escolares: Cifras de obesidad infantil se estancan y expertos advierten grave sedentarismo digital. Se refieren Mauricio Orellana, acad\u00e9mico de la Escuela de Nutrici\u00f3n y Diet\u00e9tica y Daisy Ram\u00edrez, acad\u00e9mica de la Escuela de Kinesiolog\u00eda.<\/a>\u00a0<\/div><div>\u00a0<\/div><div><b>REDTARAPACA.COM<\/b>\u00a0<br \/><a id=\"OWA0911797c-6486-b8b4-d67f-33af00ad68c5\" class=\"Hyperlink SCXW266133507 BCX0 OWAAutoLink\" href=\"https:\/\/redtarapaca.com\/por-que-no-baja-la-obesidad-infantil-en-chile-expertos-explican-las\" target=\"_blank\" rel=\"noreferrer noopener\">Alerta en escolares: Cifras de obesidad infantil se estancan y expertos advierten grave sedentarismo digital. Se refieren Mauricio Orellana, acad\u00e9mico de la Escuela de Nutrici\u00f3n y Diet\u00e9tica y Daisy Ram\u00edrez, acad\u00e9mica de la Escuela de Kinesiolog\u00eda.<\/a>\u00a0<\/div><div>\u00a0<\/div><div><b>DIARIOSENRED.COM<\/b>\u00a0<br \/><a id=\"OWAa3bb08fc-42ac-146b-5922-e54f7dcb29fe\" class=\"Hyperlink SCXW266133507 BCX0 OWAAutoLink\" href=\"https:\/\/www.diariosenred.com\/por-que-no-baja-la-obesidad-infantil-en-chile-expertos-explican-las\" target=\"_blank\" rel=\"noreferrer noopener\">Alerta en escolares: Cifras de obesidad infantil se estancan y expertos advierten grave sedentarismo digital. Se refieren Mauricio Orellana, acad\u00e9mico de la Escuela de Nutrici\u00f3n y Diet\u00e9tica y Daisy Ram\u00edrez, acad\u00e9mica de la Escuela de Kinesiolog\u00eda.<\/a>\u00a0<\/div><div>\u00a0<\/div><div><b>REDANTOFAGASTA.COM<\/b>\u00a0<br \/><a id=\"OWA7df6f695-09ba-49ad-d0dd-e4960745d334\" class=\"Hyperlink SCXW266133507 BCX0 OWAAutoLink\" href=\"https:\/\/www.redantofagasta.com\/por-que-no-baja-la-obesidad-infantil-en-chile-expertos-explican-las\" target=\"_blank\" rel=\"noreferrer noopener\">Alerta en escolares: Cifras de obesidad infantil se estancan y expertos advierten grave sedentarismo digital. Se refieren Mauricio Orellana, acad\u00e9mico de la Escuela de Nutrici\u00f3n y Diet\u00e9tica y Daisy Ram\u00edrez, acad\u00e9mica de la Escuela de Kinesiolog\u00eda.<\/a>\u00a0<\/div><div>\u00a0<\/div><div><b>REDARAUCANIA.COM<\/b>\u00a0<br \/><a id=\"OWA76c0d896-a182-7517-84d1-a33be90dd7be\" class=\"Hyperlink SCXW266133507 BCX0 OWAAutoLink\" href=\"https:\/\/www.redaraucania.com\/por-que-no-baja-la-obesidad-infantil-en-chile-expertos-explican-las\" target=\"_blank\" rel=\"noreferrer noopener\">\u00bfPor qu\u00e9 no baja la obesidad infantil en Chile? Expertos explican las causas. Se refieren Mauricio Orellana, acad\u00e9mico de la Escuela de Nutrici\u00f3n y Diet\u00e9tica y Daisy Ram\u00edrez, acad\u00e9mica de la Escuela de Kinesiolog\u00eda.<\/a>\u00a0<\/div><div>\u00a0<\/div><div><b>REDARICA.COM<\/b>\u00a0<br \/><a id=\"OWA8391c909-d6f7-2b7e-b01e-aee9b3c13b2e\" class=\"Hyperlink SCXW266133507 BCX0 OWAAutoLink\" href=\"https:\/\/www.redarica.com\/por-que-no-baja-la-obesidad-infantil-en-chile-expertos-explican-las\" target=\"_blank\" rel=\"noreferrer noopener\">\u00bfPor qu\u00e9 no baja la obesidad infantil en Chile? Expertos explican las causas. Se refieren Mauricio Orellana, acad\u00e9mico de la Escuela de Nutrici\u00f3n y Diet\u00e9tica y Daisy Ram\u00edrez, acad\u00e9mica de la Escuela de Kinesiolog\u00eda.<\/a>\u00a0<\/div><div>\u00a0<\/div><div><b>G5NOTICIAS.CL<\/b>\u00a0<br \/><a id=\"OWAb0fd5a37-c833-ef49-62e9-d72f3027d105\" class=\"Hyperlink SCXW266133507 BCX0 OWAAutoLink\" href=\"https:\/\/g5noticias.cl\/2026\/04\/26\/por-que-no-baja-la-obesidad-infantil-en-chile-expertos-explican-las-causas\/\" target=\"_blank\" rel=\"noreferrer noopener\">\u00bfPor qu\u00e9 no baja la obesidad infantil en Chile? Expertos explican las causas. Se refieren Mauricio Orellana, acad\u00e9mico de la Escuela de Nutrici\u00f3n y Diet\u00e9tica y Daisy Ram\u00edrez, acad\u00e9mica de la Escuela de Kinesiolog\u00eda.<\/a>\u00a0<\/div><div>\u00a0<\/div><div><b>MEDIABANCO.COM<\/b>\u00a0<br \/><a id=\"OWAd3351a4b-1103-6365-8b2a-2838a9200f5c\" class=\"Hyperlink SCXW266133507 BCX0 OWAAutoLink\" href=\"https:\/\/www.mediabanco.com\/nuevo-servicio-de-defensoria-de-victimas-cual-es-su-verdadero-alcance\/\" target=\"_blank\" rel=\"noreferrer noopener\">Nuevo servicio de defensor\u00eda de v\u00edctimas: \u00bfcu\u00e1l es su verdadero alcance? Se refiere Gloria Mancilla Ibacache, investigadora del Centro de Derecho Penal de la Universidad de Talca (CEDEP-UTalca).<\/a>\u00a0<\/div><div>\u00a0<\/div><div><b>CAUQUENESNET.CL<\/b>\u00a0<br \/><a id=\"OWA6d5fd716-ace4-60de-2278-b36fba52ad5e\" class=\"Hyperlink SCXW266133507 BCX0 OWAAutoLink\" href=\"https:\/\/cauquenesnet.cl\/2026\/04\/23\/nuevo-servicio-de-defensoria-de-victimas-cual-es-su-verdadero-alcance\/\" target=\"_blank\" rel=\"noreferrer noopener\">Nuevo servicio de defensor\u00eda de v\u00edctimas: \u00bfcu\u00e1l es su verdadero alcance? Se refiere Gloria Mancilla Ibacache, investigadora del Centro de Derecho Penal de la Universidad de Talca (CEDEP-UTalca).<\/a>\u00a0<\/div><div>\u00a0<\/div><div><b>ADPRENSA.CL<\/b>\u00a0<br \/><a id=\"OWA46621035-0a08-6863-bed0-2b3ed47c9d21\" class=\"Hyperlink SCXW266133507 BCX0 OWAAutoLink\" href=\"https:\/\/adprensa.cl\/nuevo-servicio-de-defensoria-de-victimas-cual-es-su-verdadero-alcance\/\" target=\"_blank\" rel=\"noreferrer noopener\">Nuevo servicio de defensor\u00eda de v\u00edctimas: \u00bfcu\u00e1l es su verdadero alcance? Se refiere Gloria Mancilla Ibacache, investigadora del Centro de Derecho Penal de la Universidad de Talca (CEDEP-UTalca).<\/a>\u00a0<\/div><div>\u00a0<\/div><div><b>CHILLANONLINE.CL<\/b>\u00a0<br \/><a id=\"OWAcc5186ed-c8ee-44ae-3ec9-7f21ba158926\" class=\"Hyperlink SCXW266133507 BCX0 OWAAutoLink\" href=\"https:\/\/mediastation.simbiu.es\/files\/VerNoticia\/119999784?tipoMedio=5\" target=\"_blank\" rel=\"noreferrer noopener\">Explora Maule abre postulaciones 2026 para fortalecer la ciencia escolar en la regi\u00f3n. Se refieren C\u00e9sar Retamal Bravo, director del Programa Explora Maule y jefe de la Unidad de Divulgaci\u00f3n de la Direcci\u00f3n General de Vinculaci\u00f3n con el Medio y Camila D\u00edaz Bravo, coordinadora de Rutas Formativas del Programa.<\/a>\u00a0<\/div><div>\u00a0<\/div><div><b>LINARESENLINEA.CL<\/b>\u00a0<br \/><a id=\"OWA39571648-2d0d-48bb-03f5-a73bf30c4845\" class=\"Hyperlink SCXW266133507 BCX0 OWAAutoLink\" href=\"https:\/\/www.linaresenlinea.cl\/2026\/04\/25\/explora-maule-abre-postulaciones-2026-para-impulsar-la-ciencia-e-innovacion-en-las-aulas\/\" target=\"_blank\" rel=\"noreferrer noopener\">Explora Maule abre postulaciones 2026 para impulsar la ciencia e innovaci\u00f3n en las aulas. Se refieren C\u00e9sar Retamal Bravo, director del Programa Explora Maule y jefe de la Unidad de Divulgaci\u00f3n de la Direcci\u00f3n General de Vinculaci\u00f3n con el Medio de la UTalca y Camila D\u00edaz Bravo, coordinadora de Rutas Formativas del Programa.<\/a>\u00a0<\/div><div>\u00a0<\/div><div><b>MEDIABANCO.COM<\/b>\u00a0<br \/><a id=\"OWA1e691594-4665-ad3d-ef05-58a1dab298e7\" class=\"Hyperlink SCXW266133507 BCX0 OWAAutoLink\" href=\"https:\/\/www.mediabanco.com\/explora-maule-abre-postulaciones-2026-para-fortalecer-la-ciencia-escolar-en-la-region\/\" target=\"_blank\" rel=\"noreferrer noopener\">Explora Maule abre postulaciones 2026 para fortalecer la ciencia escolar en la regi\u00f3n. Se refieren C\u00e9sar Retamal Bravo, director del Programa Explora Maule y jefe de la Unidad de Divulgaci\u00f3n de la Direcci\u00f3n General de Vinculaci\u00f3n con el Medio y Camila D\u00edaz Bravo, coordinadora de Rutas Formativas del Programa.<\/a>\u00a0<\/div><div>\u00a0<\/div><div><b>G5NOTICIAS.CL<\/b>\u00a0<br \/><a id=\"OWA3fe589cf-780a-0994-95db-505bfd592dbc\" class=\"Hyperlink SCXW266133507 BCX0 OWAAutoLink\" href=\"https:\/\/g5noticias.cl\/2026\/04\/25\/analizan-nueva-normativa-que-consagra-el-cuidado-como-derecho-social-en-chile\/\" target=\"_blank\" rel=\"noreferrer noopener\">Analizan nueva normativa que consagra el cuidado como derecho social en Chile. Se refieren Rodrigo Palomo, acad\u00e9mico de la Facultad de Ciencias Jur\u00eddicas y Sociales y Erika Retamal, directora del Departamento de Salud P\u00fablica.<\/a>\u00a0<br \/>\u00a0<\/div><div><b>CANAL2LINARES.CL<\/b>\u00a0<br \/><a id=\"OWA9a0f3282-2f46-4ae3-d610-d5ec52ff3b07\" class=\"Hyperlink SCXW266133507 BCX0 OWAAutoLink\" href=\"https:\/\/www.canal2linares.cl\/2026\/04\/explora-maule-abre-postulaciones-2026.html\" target=\"_blank\" rel=\"noreferrer noopener\">Explora Maule abre postulaciones 2026 para fortalecer la ciencia escolar en la regi\u00f3n. Se refieren C\u00e9sar Retamal Bravo, director del Programa Explora Maule y jefe de la Unidad de Divulgaci\u00f3n de la Direcci\u00f3n General de Vinculaci\u00f3n con el Medio y Camila D\u00edaz Bravo, coordinadora de Rutas Formativas del Programa.<\/a>\u00a0<\/div><div>\u00a0<\/div><div><b>EMOL.COM<\/b>\u00a0<br \/><a id=\"OWAfec633aa-570c-d3e5-436a-6fbca529daea\" class=\"Hyperlink SCXW266133507 BCX0 OWAAutoLink\" href=\"https:\/\/www.emol.com\/noticias\/Nacional\/2026\/04\/24\/1198159\/oposicion-y-reconstruccion-al-tc.html\" target=\"_blank\" rel=\"noreferrer noopener\">\u00bfTiene viabilidad?: Idea de la oposici\u00f3n de llevar Reconstrucci\u00f3n al TC abre debate constitucional y pol\u00edtico. Se refiere Mauricio Morales Quiroga, directora del Centro de An\u00e1lisis Pol\u00edtico (CAP-UTalca).<\/a>\u00a0<\/div><div>\u00a0<\/div><div><b>MEGANOTICIAS.CL<\/b>\u00a0<br \/><a id=\"OWA93b0cf3e-0e1b-a0e5-cc26-622d2a288629\" class=\"Hyperlink SCXW266133507 BCX0 OWAAutoLink\" href=\"https:\/\/www.meganoticias.cl\/deportes\/520503-triunfo-historico-chile-pura-sangre-teao-gana-gran-premio-latinoamericano-hipica-26-04-2026.html\" target=\"_blank\" rel=\"noreferrer noopener\">Columna de Mauricio Morales: &#8220;El PDG lo entendi\u00f3 todo&#8221;. Se refiere Mauricio Morales, Quiroga, director del Centrod e An\u00e1lisis Pol\u00edtico (CAP-UTalca).<\/a>\u00a0<\/div><div>\u00a0\u00a0<\/div><div><b>EL LECTOR <\/b>\u00a0<br \/><a id=\"OWA432cfada-885c-78ca-9931-25dacc7ca81d\" class=\"Hyperlink SCXW266133507 BCX0 OWAAutoLink\" href=\"https:\/\/mediastation.simbiu.es\/files\/index\/1\/136917536\/pressRecorte\/2026-04-25\/lecchig_007_T136917536_20260425120000.jpg\/423150544?trackingToken=eyJhbGciOiJIUzI1NiIsInR5cCI6IkpXVCJ9.eyJpZFVzZXIiOiI5NDI1IiwiaWRDb3Jwb3JhdGUiOiI0OTY3In0.YJxkiGNFlNmZnG2N-r0uR81WkuvHMtZDRZo0QO-JNAo\" target=\"_blank\" rel=\"noreferrer noopener\">Seminario reuni\u00f3 en Talca a expertos y productores para fortalecer la apicultura regional.\u00a0Se refiere\u00a0Ver\u00f3nica Olate, acad\u00e9mica de la Facultad de Ciencias de la Salud.<\/a>\u00a0<\/div><div>\u00a0<\/div><div><b>EL LECTOR &#8211; CHILE<\/b>\u00a0<br \/><a id=\"OWA483914d4-6424-c4bb-9ee2-3d77f54da9a8\" class=\"Hyperlink SCXW266133507 BCX0 OWAAutoLink\" href=\"https:\/\/mediastation.simbiu.es\/files\/index\/1\/136893569\/pressRecorte\/2026-04-24\/lecchig_003_T136893569_20260424120000.jpg\/422606088?trackingToken=eyJhbGciOiJIUzI1NiIsInR5cCI6IkpXVCJ9.eyJpZFVzZXIiOiI5NDI1IiwiaWRDb3Jwb3JhdGUiOiI0OTY3In0.YJxkiGNFlNmZnG2N-r0uR81WkuvHMtZDRZo0QO-JNAo\" target=\"_blank\" rel=\"noreferrer noopener\">\u00bfProblemas con la devoluci\u00f3n de impuestos? Cl\u00ednica tributaria UTalca ofrece apoyo gratuito. Se refiere Guisela Osses Valderrama, acad\u00e9mica de la Escuela de Auditor\u00eda e Ingenier\u00eda en Control de Gesti\u00f3n.<\/a>\u00a0<\/div><div>\u00a0<\/div><div><b>MAULEHOY.CL<\/b>\u00a0<br \/><a id=\"OWAe9af2b7d-7cbf-2018-92b1-421cf0eb2077\" class=\"Hyperlink SCXW266133507 BCX0 OWAAutoLink\" href=\"https:\/\/maulehoy.cl\/2026\/04\/25\/academico-de-la-utalca-presenta-obra-en-el-xi-salon-de-arte-abstracto-de-madrid\/\" target=\"_blank\" rel=\"noreferrer noopener\">Acad\u00e9mico de la UTalca presenta obra en el XI Sal\u00f3n de Arte Abstracto de Madrid. Se refiere Iv\u00e1n Palomo Gonz\u00e1lez, acad\u00e9mico de la Facultad de Ciencias de la Salud.<\/a>\u00a0<\/div><div>\u00a0<\/div><div><b>MAULE HOY &#8211; CHILE<\/b>\u00a0<br \/><a id=\"OWAa819e440-632a-7fce-68c2-eaa8b3e9526b\" class=\"Hyperlink SCXW266133507 BCX0 OWAAutoLink\" href=\"https:\/\/mediastation.simbiu.es\/files\/index\/1\/136893598\/pressRecorte\/2026-04-24\/maulhoy_004_T136893598_20260424120000.jpg\/422608179?trackingToken=eyJhbGciOiJIUzI1NiIsInR5cCI6IkpXVCJ9.eyJpZFVzZXIiOiI5NDI1IiwiaWRDb3Jwb3JhdGUiOiI0OTY3In0.YJxkiGNFlNmZnG2N-r0uR81WkuvHMtZDRZo0QO-JNAo\" target=\"_blank\" rel=\"noreferrer noopener\">Analizan nueva normativa que consagra el cuidado como derecho social en Chile. Se refieren Rodrigo Palomo, acad\u00e9mico de la Facultad de Ciencias Jur\u00eddicas y Sociales y Erika Retamal, directora del Departamento de Salud P\u00fablica.<\/a>\u00a0<\/div><div>\u00a0<br \/>\u00a0<\/div><div><b>LA PRENSA DE CURIC\u00d3 &#8211; CHILE<\/b>\u00a0<br \/><a id=\"OWA50e2b405-f91a-89e9-62df-186dc639046e\" class=\"Hyperlink SCXW266133507 BCX0 OWAAutoLink\" href=\"https:\/\/mediastation.simbiu.es\/files\/index\/1\/136935545\/pressRecorte\/2026-04-26\/lprchig_002_T136935545_20260426120000.jpg\/423392394\" target=\"_blank\" rel=\"noreferrer noopener\">Sucede. Se menciona a la Universidad de Talca.<\/a>\u00a0<\/div><div>\u00a0<\/div><div><b>MAULE HOY &#8211; CHILE<\/b>\u00a0<br \/><a id=\"OWAc070caea-6058-18ef-4ab6-1f5eba4760fd\" class=\"Hyperlink SCXW266133507 BCX0 OWAAutoLink\" href=\"https:\/\/mediastation.simbiu.es\/files\/index\/1\/136935563\/pressRecorte\/2026-04-26\/maulhoy_002_T136935563_20260426120000.jpg\/423395990?trackingToken=eyJhbGciOiJIUzI1NiIsInR5cCI6IkpXVCJ9.eyJpZFVzZXIiOiI5NDI1IiwiaWRDb3Jwb3JhdGUiOiI0OTY3In0.YJxkiGNFlNmZnG2N-r0uR81WkuvHMtZDRZo0QO-JNAo\" target=\"_blank\" rel=\"noreferrer noopener\">\u00abVoces po\u00e9ticas, mujeres del Maule\u00bb. Se menciona a la Universidad de Talca.<\/a>\u00a0<\/div><div>\u00a0<\/div><div><b>MAULE HOY &#8211; CHILE<\/b>\u00a0<br \/><a id=\"OWAf1ebd416-94ef-abd2-3368-298f7700f1b6\" class=\"Hyperlink SCXW266133507 BCX0 OWAAutoLink\" href=\"https:\/\/mediastation.simbiu.es\/files\/index\/1\/136935548\/pressRecorte\/2026-04-26\/maulhoy_003_T136935548_20260426120000.jpg\/423395465?trackingToken=eyJhbGciOiJIUzI1NiIsInR5cCI6IkpXVCJ9.eyJpZFVzZXIiOiI5NDI1IiwiaWRDb3Jwb3JhdGUiOiI0OTY3In0.YJxkiGNFlNmZnG2N-r0uR81WkuvHMtZDRZo0QO-JNAo\" target=\"_blank\" rel=\"noreferrer noopener\">Exministro Mario Marcel inaugurar\u00e1 A\u00f1o Acad\u00e9mico en UTalca. Se menciona a la Universidad de Talca.<\/a>\u00a0<\/div><div>\u00a0<\/div><div><b>MAULE HOY &#8211; CHILE<\/b>\u00a0<br \/><a id=\"OWAbafc251c-65de-170f-c2a0-db812d455e1e\" class=\"Hyperlink SCXW266133507 BCX0 OWAAutoLink\" href=\"https:\/\/mediastation.simbiu.es\/files\/index\/1\/136935555\/pressRecorte\/2026-04-26\/maulhoy_010_T136935555_20260426120000.jpg\/423395768?trackingToken=eyJhbGciOiJIUzI1NiIsInR5cCI6IkpXVCJ9.eyJpZFVzZXIiOiI5NDI1IiwiaWRDb3Jwb3JhdGUiOiI0OTY3In0.YJxkiGNFlNmZnG2N-r0uR81WkuvHMtZDRZo0QO-JNAo\" target=\"_blank\" rel=\"noreferrer noopener\">\u00abLas medidas que se van a tomar, van en la l\u00ednea de destrabar todas las inversiones en Chile\u00bb. Se menciona a la Universidad de Talca.<\/a>\u00a0<\/div><div>\u00a0<\/div><div><b>MAULE HOY &#8211; CHILE<\/b>\u00a0<br \/><a id=\"OWA6be3003c-2037-6ee0-ebfb-74c6d38283ed\" class=\"Hyperlink SCXW266133507 BCX0 OWAAutoLink\" href=\"https:\/\/mediastation.simbiu.es\/files\/index\/1\/136935573\/pressRecorte\/2026-04-26\/maulhoy_012_T136935573_20260426120000.jpg\/423396187?trackingToken=eyJhbGciOiJIUzI1NiIsInR5cCI6IkpXVCJ9.eyJpZFVzZXIiOiI5NDI1IiwiaWRDb3Jwb3JhdGUiOiI0OTY3In0.YJxkiGNFlNmZnG2N-r0uR81WkuvHMtZDRZo0QO-JNAo\" target=\"_blank\" rel=\"noreferrer noopener\">Seremi de Energ\u00eda realiza con \u00e9xito el Primer Encuentro Regional de Comunas Energ\u00e9ticas. Se menciona a la Universidad de Talca.<\/a>\u00a0<\/div><div>\u00a0<\/div><div><b>EL LECTOR &#8211; CHILE<\/b>\u00a0<br \/><a id=\"OWA7b63e548-92ce-500c-0037-e4025e7b06e6\" class=\"Hyperlink SCXW266133507 BCX0 OWAAutoLink\" href=\"https:\/\/mediastation.simbiu.es\/files\/index\/1\/136917542\/pressRecorte\/2026-04-25\/lecchig_012_T136917542_20260425120000.jpg\/423150900?trackingToken=eyJhbGciOiJIUzI1NiIsInR5cCI6IkpXVCJ9.eyJpZFVzZXIiOiI5NDI1IiwiaWRDb3Jwb3JhdGUiOiI0OTY3In0.YJxkiGNFlNmZnG2N-r0uR81WkuvHMtZDRZo0QO-JNAo\" target=\"_blank\" rel=\"noreferrer noopener\">SEREMI de energ\u00eda realiza con \u00e9xito el primer encuentro regional de comunas energ\u00e9ticas. Se menciona a la Universidad de Talca.<\/a>\u00a0<\/div><div>\u00a0<\/div><div><b>LA PRENSA DE CURIC\u00d3 &#8211; CHILE<\/b>\u00a0<br \/><a id=\"OWA894091bb-98a2-3c77-d668-2cc5cdde6da7\" class=\"Hyperlink SCXW266133507 BCX0 OWAAutoLink\" href=\"https:\/\/mediastation.simbiu.es\/files\/index\/1\/136917384\/pressRecorte\/2026-04-25\/lprchig_002_T136917384_20260425120000.jpg\/423136793?trackingToken=eyJhbGciOiJIUzI1NiIsInR5cCI6IkpXVCJ9.eyJpZFVzZXIiOiI5NDI1IiwiaWRDb3Jwb3JhdGUiOiI0OTY3In0.YJxkiGNFlNmZnG2N-r0uR81WkuvHMtZDRZo0QO-JNAo\" target=\"_blank\" rel=\"noreferrer noopener\">Sucede. Se menciona a la Universidad de Talca.<\/a>\u00a0<\/div><div>\u00a0<\/div><div><b>MAULE HOY &#8211; CHILE<\/b>\u00a0<br \/><a id=\"OWA2aae1356-ace9-e2ce-fe85-5861dcb7e802\" class=\"Hyperlink SCXW266133507 BCX0 OWAAutoLink\" href=\"https:\/\/mediastation.simbiu.es\/files\/index\/1\/136917483\/pressRecorte\/2026-04-25\/maulhoy_005_T136917483_20260425120000.jpg\/423147284?trackingToken=eyJhbGciOiJIUzI1NiIsInR5cCI6IkpXVCJ9.eyJpZFVzZXIiOiI5NDI1IiwiaWRDb3Jwb3JhdGUiOiI0OTY3In0.YJxkiGNFlNmZnG2N-r0uR81WkuvHMtZDRZo0QO-JNAo\" target=\"_blank\" rel=\"noreferrer noopener\">Foto Noticia. Se menciona a la Universidad de Talca.<\/a>\u00a0<\/div><div>\u00a0<\/div><div><b>EL LECTOR &#8211; CHILE<\/b>\u00a0<br \/><a id=\"OWAf8c63758-3293-41bd-a67c-8a7c3230e998\" class=\"Hyperlink SCXW266133507 BCX0 OWAAutoLink\" href=\"https:\/\/mediastation.simbiu.es\/files\/index\/1\/136893585\/pressRecorte\/2026-04-24\/lecchig_011_T136893585_20260424120000.jpg\/422606665?trackingToken=eyJhbGciOiJIUzI1NiIsInR5cCI6IkpXVCJ9.eyJpZFVzZXIiOiI5NDI1IiwiaWRDb3Jwb3JhdGUiOiI0OTY3In0.YJxkiGNFlNmZnG2N-r0uR81WkuvHMtZDRZo0QO-JNAo\" target=\"_blank\" rel=\"noreferrer noopener\">Investigaci\u00f3n impulsa la nanotecnolog\u00eda para potenciar una agricultura m\u00e1s sostenible en Chile. Se menciona a la Universidad de Talca.<\/a>\u00a0<\/div><div>\u00a0<\/div><div><b>ELMAULEINFORMA.CL<\/b>\u00a0<br \/><a id=\"OWA65894c1c-f9f1-3de5-784e-36b016c8eade\" class=\"Hyperlink SCXW266133507 BCX0 OWAAutoLink\" href=\"https:\/\/elmauleinforma.cl\/investigacion-impulsa-la-nanotecnologia-para-potenciar-una-agricultura-mas-sostenible-en-chile\/\" target=\"_blank\" rel=\"noreferrer noopener\">Investigaci\u00f3n impulsa la nanotecnolog\u00eda para potenciar una agricultura m\u00e1s sostenible en Chile. Se menciona a la Universidad de Talca.<\/a>\u00a0<\/div><div>\u00a0<\/div><div><b>MAULEHOY.CL<\/b>\u00a0<br \/><a id=\"OWAc679046c-e23a-6b9e-d103-6ab4698c951d\" class=\"Hyperlink SCXW266133507 BCX0 OWAAutoLink\" href=\"https:\/\/maulehoy.cl\/2026\/04\/25\/sernameg-maule-y-utalca-inician-programa-de-formacion-para-fortalecer-el-liderazgo-y-la-participacion-politica-de-las-mujeres\/\" target=\"_blank\" rel=\"noreferrer noopener\">SernamEG Maule y UTalca inician programa de formaci\u00f3n para fortalecer el liderazgo y la participaci\u00f3n pol\u00edtica de las mujeres. Se menciona a la Universidad de Talca.<\/a>\u00a0<\/div><div>\u00a0<\/div><div><b>DIARIOELCENTRO.CL<\/b>\u00a0<br \/><a id=\"OWA1322ed1f-a792-7289-209a-2dd59ec4ba5e\" class=\"Hyperlink SCXW266133507 BCX0 OWAAutoLink\" href=\"https:\/\/www.diarioelcentro.cl\/2026\/04\/24\/senadora-beatriz-sanchez-el-alza-en-el-costo-de-la-vida-en-el-maule-es-responsabilidad-del-gobierno-y-no-quiere-hacerse-cargo\/\" target=\"_blank\" rel=\"noreferrer noopener\">Senadora Beatriz S\u00e1nchez: \u201cEl alza en el costo de la vida en el Maule es responsabilidad del gobierno y no quiere hacerse cargo\u201d. Se menciona a la Universidad de Talca.<\/a>\u00a0<\/div><div>\u00a0<\/div><div><b>LINARESENLINEA.CL<\/b>\u00a0<br \/><a id=\"OWA75961a39-999e-1668-518c-ddb7ca9afd1c\" class=\"Hyperlink SCXW266133507 BCX0 OWAAutoLink\" href=\"https:\/\/mediastation.simbiu.es\/files\/VerNoticia\/119872086?tipoMedio=5\" target=\"_blank\" rel=\"noreferrer noopener\">Senadora Beatriz S\u00e1nchez: \u201cEl alza en el costo de la vida en el Maule es\u00a0responsabilidad del gobierno y no quiere hacerse cargo\u201c. Se menciona a la Universidad de Talca.<\/a>\u00a0<\/div><div>\u00a0<\/div><div><b>UPLA.CL<\/b>\u00a0<br \/><a id=\"OWA28847326-f2f9-7470-7cd6-dd875bee725e\" class=\"Hyperlink SCXW266133507 BCX0 OWAAutoLink\" href=\"https:\/\/upla.cl\/noticias\/2026\/04\/24\/cruch-acuerda-agenda-de-colaboracion-con-el-mineduc-tras-sesion-plenaria-en-nuble\/\" target=\"_blank\" rel=\"noreferrer noopener\">CRUCH acuerda agenda de colaboraci\u00f3n con el Mineduc tras sesi\u00f3n plenaria en \u00d1uble. Se menciona a la Universidad de Talca.<\/a>\u00a0<\/div><div>\u00a0<\/div><div><b>ELAMAULE.CL<\/b>\u00a0<br \/><a id=\"OWA9650e989-3180-dbd2-34b2-83b673cfb456\" class=\"Hyperlink SCXW266133507 BCX0 OWAAutoLink\" href=\"https:\/\/www.elamaule.cl\/noticia\/educacion\/ciencia-chilena-desarrolla-fertilizantes-inteligentes-para-reducir-impacto-ambient\" target=\"_blank\" rel=\"noreferrer noopener\">Ciencia chilena desarrolla fertilizantes inteligentes para reducir impacto ambiental. Se menciona a la Universidad de Talca.<\/a>\u00a0<\/div><div>\u00a0<\/div><div><b>EMB.CL<\/b>\u00a0<br \/><a id=\"OWAfc5e5ea8-3b05-7a09-a4c5-b141cc420ab8\" class=\"Hyperlink SCXW266133507 BCX0 OWAAutoLink\" href=\"https:\/\/www.emb.cl\/electroindustria\/noticia.mvc?nid=20260424w5&amp;ni=ignacio-santelices-es-el-nuevo-presidente-de-anesco-chile-ag\" target=\"_blank\" rel=\"noreferrer noopener\">Ignacio Santelices es el nuevo presidente de Anesco Chile A.G. Se menciona a la Universidad de Talca.<\/a>\u00a0<\/div><div>\u00a0<\/div><div><b>LANOTICIA.CL<\/b>\u00a0<br \/><a id=\"OWA889aeeb8-b8a6-f56d-b174-03f51172eecf\" class=\"Hyperlink SCXW266133507 BCX0 OWAAutoLink\" href=\"https:\/\/lanoticia.cl\/seremi-de-energia-realiza-con-exito-el-primer-encuentro-regional-de-comunas-energeticas\/\" target=\"_blank\" rel=\"noreferrer noopener\">SEREMI de energ\u00eda realiza con \u00e9xito el primer encuentro regional de comunas energ\u00e9ticas. Se menciona a la Universidad de Talca.<\/a>\u00a0<\/div><div>\u00a0<\/div><div><b>LINARESENLINEA.CL<\/b>\u00a0<br \/><a id=\"OWAaf0b1ca0-f80d-32b8-707a-3a42907848a6\" class=\"Hyperlink SCXW266133507 BCX0 OWAAutoLink\" href=\"https:\/\/www.linaresenlinea.cl\/2026\/04\/24\/voces-poeticas-mujeres-del-maule-lanzan-libro-que-reune-a-18-autoras-de-la-region\/\" target=\"_blank\" rel=\"noreferrer noopener\">\u201cVoces po\u00e9ticas, mujeres del Maule\u201d: lanzan libro que re\u00fane a 18 autoras de la regi\u00f3n. Se menciona a la Universidad de Talca.<\/a>\u00a0<\/div><div>\u00a0<\/div>\t\t\t\t\t\t<\/div>\n\t\t\t\t<\/div>\n\t\t\t\t\t<\/div>\n\t\t<\/div>\n\t\t\t\t\t\t\t<\/div>\n\t\t<\/section>\n\t\t\t\t\t\t<\/div>\n\t\t\t\t\t<\/div>\n\t\t","protected":false},"excerpt":{"rendered":"<p>LA TERCERA \u00a0Aula invertida: aprender sin una sala fija. Se refiere Nibaldo Benavides, director del Mag\u00edster en Pol\u00edtica y Gesti\u00f3n Educacional.\u00a0\u00a0NOSTALGICA.CL\u00a0Qu\u00e9 pasa cuando dejas de consumir az\u00facar por seis semanas. Se refiere \u00c1ngela S\u00e1nchez Agurto, directora de la Escuela de Nutrici\u00f3n y Diet\u00e9tica.\u00a0\u00a0CHILLAN\u00a0ONLINE\u00a0Entre copas y versos: nueva edici\u00f3n del Festival Vino y Poes\u00eda. Se refieren &hellip;<\/p>\n<p class=\"read-more\"> <a class=\"\" href=\"https:\/\/www.reportedeprensa.utalca.cl\/?p=13696\"> <span class=\"screen-reader-text\">27 de abril 2026<\/span> Read More &raquo;<\/a><\/p>\n","protected":false},"author":1,"featured_media":0,"comment_status":"closed","ping_status":"open","sticky":false,"template":"","format":"standard","meta":{"_monsterinsights_skip_tracking":false,"_monsterinsights_sitenote_active":false,"_monsterinsights_sitenote_note":"","_monsterinsights_sitenote_category":0},"categories":[69],"tags":[],"_links":{"self":[{"href":"https:\/\/www.reportedeprensa.utalca.cl\/index.php?rest_route=\/wp\/v2\/posts\/13696"}],"collection":[{"href":"https:\/\/www.reportedeprensa.utalca.cl\/index.php?rest_route=\/wp\/v2\/posts"}],"about":[{"href":"https:\/\/www.reportedeprensa.utalca.cl\/index.php?rest_route=\/wp\/v2\/types\/post"}],"author":[{"embeddable":true,"href":"https:\/\/www.reportedeprensa.utalca.cl\/index.php?rest_route=\/wp\/v2\/users\/1"}],"replies":[{"embeddable":true,"href":"https:\/\/www.reportedeprensa.utalca.cl\/index.php?rest_route=%2Fwp%2Fv2%2Fcomments&post=13696"}],"version-history":[{"count":4,"href":"https:\/\/www.reportedeprensa.utalca.cl\/index.php?rest_route=\/wp\/v2\/posts\/13696\/revisions"}],"predecessor-version":[{"id":13700,"href":"https:\/\/www.reportedeprensa.utalca.cl\/index.php?rest_route=\/wp\/v2\/posts\/13696\/revisions\/13700"}],"wp:attachment":[{"href":"https:\/\/www.reportedeprensa.utalca.cl\/index.php?rest_route=%2Fwp%2Fv2%2Fmedia&parent=13696"}],"wp:term":[{"taxonomy":"category","embeddable":true,"href":"https:\/\/www.reportedeprensa.utalca.cl\/index.php?rest_route=%2Fwp%2Fv2%2Fcategories&post=13696"},{"taxonomy":"post_tag","embeddable":true,"href":"https:\/\/www.reportedeprensa.utalca.cl\/index.php?rest_route=%2Fwp%2Fv2%2Ftags&post=13696"}],"curies":[{"name":"wp","href":"https:\/\/api.w.org\/{rel}","templated":true}]}}