{"id":13708,"date":"2026-04-28T16:40:59","date_gmt":"2026-04-28T19:40:59","guid":{"rendered":"https:\/\/www.reportedeprensa.utalca.cl\/?p=13708"},"modified":"2026-04-29T16:43:16","modified_gmt":"2026-04-29T19:43:16","slug":"28-de-abril-2026","status":"publish","type":"post","link":"https:\/\/www.reportedeprensa.utalca.cl\/?p=13708","title":{"rendered":"28 de abril 2026"},"content":{"rendered":"\t\t<div data-elementor-type=\"wp-post\" data-elementor-id=\"13708\" class=\"elementor elementor-13708\" data-elementor-settings=\"[]\">\n\t\t\t\t\t\t\t<div class=\"elementor-section-wrap\">\n\t\t\t\t\t\t\t<section class=\"elementor-section elementor-top-section elementor-element elementor-element-bcea1a8 elementor-section-boxed elementor-section-height-default elementor-section-height-default\" data-id=\"bcea1a8\" data-element_type=\"section\">\n\t\t\t\t\t\t<div class=\"elementor-container elementor-column-gap-default\">\n\t\t\t\t\t<div class=\"elementor-column elementor-col-100 elementor-top-column elementor-element elementor-element-e7183bf\" data-id=\"e7183bf\" data-element_type=\"column\">\n\t\t\t<div class=\"elementor-widget-wrap elementor-element-populated\">\n\t\t\t\t\t\t\t\t<div class=\"elementor-element elementor-element-afff445 elementor-widget elementor-widget-text-editor\" data-id=\"afff445\" data-element_type=\"widget\" data-widget_type=\"text-editor.default\">\n\t\t\t\t<div class=\"elementor-widget-container\">\n\t\t\t\t\t\t\t\t<div><b data-olk-copy-source=\"MessageBody\">EL MERCURIO (REVISTA DEL CAMPO)\u00a0<\/b>\u00a0<br \/><a id=\"OWA5dc015f7-9f63-76df-2282-8f09dc4e3ad9\" title=\"https:\/\/mediastation.simbiu.es\/files\/index\/1\/136951386\/pressRecorte\/2026-04-27\/merchrc_009_T136951386_20260427120000.jpg\/423554466?trackingToken=eyJhbGciOiJIUzI1NiIsInR5cCI6IkpXVCJ9.eyJpZFVzZXIiOiI5NDI1IiwiaWRDb3Jwb3JhdGUiOiI0OTY3In0.YJxkiGNFlNmZnG2N-r0uR81WkuvHMtZDRZo0QO-JNAo\" href=\"https:\/\/mediastation.simbiu.es\/files\/index\/1\/136951386\/pressRecorte\/2026-04-27\/merchrc_009_T136951386_20260427120000.jpg\/423554466?trackingToken=eyJhbGciOiJIUzI1NiIsInR5cCI6IkpXVCJ9.eyJpZFVzZXIiOiI5NDI1IiwiaWRDb3Jwb3JhdGUiOiI0OTY3In0.YJxkiGNFlNmZnG2N-r0uR81WkuvHMtZDRZo0QO-JNAo\" target=\"_blank\" rel=\"noopener noreferrer\" data-auth=\"NotApplicable\" data-linkindex=\"0\">Tecnolog\u00edas y manejos para enfrentar el golpe de sol. Se refiere \u00c1lvaro Sep\u00falveda, responsable del Laboratorio de Ecofisiolog\u00eda Frutal del Centro de Pom\u00e1ceas.<\/a>\u00a0<\/div><div aria-hidden=\"true\">\u00a0<\/div><div><b>EL MERCURIO DE VALPARA\u00cdSO\u00a0<\/b>\u00a0<br \/><a id=\"OWA27255453-0430-49f0-32b0-e989f40fd5a3\" title=\"https:\/\/mediastation.simbiu.es\/files\/index\/1\/136954725\/pressRecorte\/2026-04-27\/mervaig_006_T136954725_20260427120000.jpg\/423632549?trackingToken=eyJhbGciOiJIUzI1NiIsInR5cCI6IkpXVCJ9.eyJpZFVzZXIiOiI5NDI1IiwiaWRDb3Jwb3JhdGUiOiI0OTY3In0.YJxkiGNFlNmZnG2N-r0uR81WkuvHMtZDRZo0QO-JNAo\" href=\"https:\/\/mediastation.simbiu.es\/files\/index\/1\/136954725\/pressRecorte\/2026-04-27\/mervaig_006_T136954725_20260427120000.jpg\/423632549?trackingToken=eyJhbGciOiJIUzI1NiIsInR5cCI6IkpXVCJ9.eyJpZFVzZXIiOiI5NDI1IiwiaWRDb3Jwb3JhdGUiOiI0OTY3In0.YJxkiGNFlNmZnG2N-r0uR81WkuvHMtZDRZo0QO-JNAo\" target=\"_blank\" rel=\"noopener noreferrer\" data-auth=\"NotApplicable\" data-linkindex=\"1\">Valpara\u00edso cuenta con la primera carta de amenazas por marejadas en Chile. Se refiere Mat\u00edas G\u00f3mez, acad\u00e9mico del Departamento de Ingenier\u00eda.<\/a>\u00a0<\/div><div aria-hidden=\"true\">\u00a0<\/div><div><b>EL CIUDADANO<\/b>\u00a0<br \/><a id=\"OWAe8c0f71d-7503-ca54-81a9-92ea56883551\" title=\"https:\/\/www.elciudadano.com\/chile\/crisis-hidrica-innovador-proyecto-que-recargo-pozos-subterraneos-con-agua-de-lluvia-deja-alentadores-resultados\/04\/27\/\" href=\"https:\/\/www.elciudadano.com\/chile\/crisis-hidrica-innovador-proyecto-que-recargo-pozos-subterraneos-con-agua-de-lluvia-deja-alentadores-resultados\/04\/27\/\" target=\"_blank\" rel=\"noopener noreferrer\" data-auth=\"NotApplicable\" data-linkindex=\"2\">Crisis h\u00eddrica: Innovador proyecto que recarg\u00f3 pozos subterr\u00e1neos con agua de lluvia deja alentadores resultados. Se refiere Roberto Pizarro Tapia, acad\u00e9mico de la C\u00e1tedra Unesco en Hidrolog\u00eda de Superficie.<\/a>\u00a0<\/div><div aria-hidden=\"true\">\u00a0<\/div><div><b>REPORTEAGRICOLA.CL<\/b>\u00a0<br \/><a id=\"OWA6b699935-8683-84d0-4f85-5c1078c71eee\" title=\"https:\/\/www.reporteagricola.cl\/noticia\/noticias\/2026\/04\/crisis-hidrica-iniciativa-busca-recargar-pozos-aguas-de-lluvia\" href=\"https:\/\/www.reporteagricola.cl\/noticia\/noticias\/2026\/04\/crisis-hidrica-iniciativa-busca-recargar-pozos-aguas-de-lluvia\" target=\"_blank\" rel=\"noopener noreferrer\" data-auth=\"NotApplicable\" data-linkindex=\"3\">Crisis h\u00eddrica: iniciativa busca recargar pozos con aguas de lluvia. Se refiere Roberto Pizarro Tapia, acad\u00e9mico de la C\u00e1tedra Unesco en Hidrolog\u00eda de Superficie de la UTalca.<\/a>\u00a0<\/div><div aria-hidden=\"true\">\u00a0<\/div><div><b>ELMAULEINFORMA.CL<\/b>\u00a0<br \/><a id=\"OWA65ce0bb9-a77a-98ee-e4d0-f6e1d6721d36\" title=\"https:\/\/mediastation.simbiu.es\/files\/VerNoticia\/120799715?tipoMedio=5\" href=\"https:\/\/mediastation.simbiu.es\/files\/VerNoticia\/120799715?tipoMedio=5\" target=\"_blank\" rel=\"noopener noreferrer\" data-auth=\"NotApplicable\" data-linkindex=\"4\">Crisis h\u00eddrica: iniciativa busca recargar pozos con aguas de lluvia. Se refiere Roberto Pizarro Tapia, acad\u00e9mico de la C\u00e1tedra Unesco en Hidrolog\u00eda de Superficie.<\/a>\u00a0<\/div><div aria-hidden=\"true\">\u00a0<\/div><div><b>DIARIOELCENTRO.CL<\/b>\u00a0<br \/><a id=\"OWA6ff15a52-b4f7-df2b-8400-5d218a366b36\" title=\"https:\/\/www.diarioelcentro.cl\/2026\/04\/27\/innovadora-alternativa-busca-combatir-la-sequia-recargando-pozos-rurales-en-centro-sur-de-chile\/\" href=\"https:\/\/www.diarioelcentro.cl\/2026\/04\/27\/innovadora-alternativa-busca-combatir-la-sequia-recargando-pozos-rurales-en-centro-sur-de-chile\/\" target=\"_blank\" rel=\"noopener noreferrer\" data-auth=\"NotApplicable\" data-linkindex=\"5\">Innovadora alternativa busca combatir la sequ\u00eda recargando pozos rurales en centro-sur de Chile. Se refiere Roberto Pizarro Tapia, acad\u00e9mico de la C\u00e1tedra Unesco en Hidrolog\u00eda de Superficie.<\/a>\u00a0<\/div><div aria-hidden=\"true\">\u00a0<\/div><div><b>CHILLANONLINE.CL<\/b>\u00a0<br \/><a id=\"OWAef1b9186-dfa7-36f0-8621-f77be54945cf\" title=\"https:\/\/www.chillanonline.cl\/V7\/2026\/04\/27\/crisis-hidrica-iniciativa-busca-recargar-pozos-con-aguas-de-lluvia\/\" href=\"https:\/\/www.chillanonline.cl\/V7\/2026\/04\/27\/crisis-hidrica-iniciativa-busca-recargar-pozos-con-aguas-de-lluvia\/\" target=\"_blank\" rel=\"noopener noreferrer\" data-auth=\"NotApplicable\" data-linkindex=\"6\">Crisis h\u00eddrica: iniciativa busca recargar pozos con aguas de lluvia. Se refiere Roberto Pizarro Tapia, acad\u00e9mico de la C\u00e1tedra Unesco en Hidrolog\u00eda de Superficie.<\/a>\u00a0<\/div><div aria-hidden=\"true\">\u00a0<\/div><div><b>INOTICIAS.CL<\/b>\u00a0<br \/><a id=\"OWA38da38c8-b6ba-2348-5d51-543a27477bc3\" title=\"https:\/\/inoticias.cl\/detalle\/crisis-hidrica-innovador-proyecto-que-recargo-pozos\" href=\"https:\/\/inoticias.cl\/detalle\/crisis-hidrica-innovador-proyecto-que-recargo-pozos\" target=\"_blank\" rel=\"noopener noreferrer\" data-auth=\"NotApplicable\" data-linkindex=\"7\">Crisis h\u00eddrica: Innovador proyecto que recarg\u00f3 pozos subterr\u00e1neos con agua de lluvia deja alentadores resultados. Se refiere Roberto Pizarro Tapia, acad\u00e9mico de la C\u00e1tedra Unesco en Hidrolog\u00eda de Superficie.<\/a>\u00a0<\/div><div aria-hidden=\"true\">\u00a0<\/div><div><b>MEDIABANCO.COM<\/b>\u00a0<br \/><a id=\"OWAfd356123-b2b1-a5e7-3324-5957ab605f9c\" title=\"https:\/\/www.mediabanco.com\/crisis-hidrica-iniciativa-busca-recargar-pozos-con-aguas-de-lluvia\/\" href=\"https:\/\/www.mediabanco.com\/crisis-hidrica-iniciativa-busca-recargar-pozos-con-aguas-de-lluvia\/\" target=\"_blank\" rel=\"noopener noreferrer\" data-auth=\"NotApplicable\" data-linkindex=\"8\">Crisis h\u00eddrica: iniciativa busca recargar pozos con aguas de lluvia. Se refiere Roberto Pizarro Tapia, acad\u00e9mico de la C\u00e1tedra Unesco en Hidrolog\u00eda de Superficie.<\/a>\u00a0<\/div><div aria-hidden=\"true\">\u00a0<\/div><div aria-hidden=\"true\">\u00a0<\/div><div aria-hidden=\"true\">\u00a0<\/div><div><b>REPORTE AGRICOLA<\/b>\u00a0<br \/><a id=\"OWA5a598ea7-6164-c4f8-72cb-efa8a8603493\" title=\"https:\/\/www.reporteagricola.cl\/noticia\/eventos\/2026\/04\/entre-copas-versos-realizo-nueva-edicion-festival-internacional-vino-y-poesia+\" href=\"https:\/\/www.reporteagricola.cl\/noticia\/eventos\/2026\/04\/entre-copas-versos-realizo-nueva-edicion-festival-internacional-vino-y-poesia+\" target=\"_blank\" rel=\"noopener noreferrer\" data-auth=\"NotApplicable\" data-linkindex=\"9\">Entre copas y versos: se realiz\u00f3 una nueva edici\u00f3n del &#8220;Festival Internacional Vino y Poes\u00eda&#8221;. Se refieren Carlos Torres Fuchslocher, rector y Patricio G\u00f3mez Arismendi, director del Campus Colchagua.<\/a>\u00a0<\/div><div aria-hidden=\"true\">\u00a0<\/div><div><b>LA PRENSA DE CURIC\u00d3 &#8211; CHILE<\/b>\u00a0<br \/><a id=\"OWA20e809a0-f434-29b8-633a-7046120e180d\" title=\"https:\/\/mediastation.simbiu.es\/files\/index\/1\/136955422\/pressRecorte\/2026-04-27\/lprchig_018_T136955422_20260427120000.jpg\/423705834?trackingToken=eyJhbGciOiJIUzI1NiIsInR5cCI6IkpXVCJ9.eyJpZFVzZXIiOiI5NDI1IiwiaWRDb3Jwb3JhdGUiOiI0OTY3In0.YJxkiGNFlNmZnG2N-r0uR81WkuvHMtZDRZo0QO-JNAo\" href=\"https:\/\/mediastation.simbiu.es\/files\/index\/1\/136955422\/pressRecorte\/2026-04-27\/lprchig_018_T136955422_20260427120000.jpg\/423705834?trackingToken=eyJhbGciOiJIUzI1NiIsInR5cCI6IkpXVCJ9.eyJpZFVzZXIiOiI5NDI1IiwiaWRDb3Jwb3JhdGUiOiI0OTY3In0.YJxkiGNFlNmZnG2N-r0uR81WkuvHMtZDRZo0QO-JNAo\" target=\"_blank\" rel=\"noopener noreferrer\" data-auth=\"NotApplicable\" data-linkindex=\"10\">Entre copas y versos: nueva edici\u00f3n del Festival Vino y Poes\u00eda. Se refiere Carlos Torres Fuchslocher, rector.<\/a>\u00a0<\/div><div aria-hidden=\"true\">\u00a0<\/div><div><b>RADIOLAUTAROTALCA<\/b>\u00a0<br \/><a id=\"OWA005dddec-fdb7-b0f9-8215-4134d50b49a0\" title=\"https:\/\/radiolautarotalca.cl\/entre-copas-y-versos-nueva-edicion-del-festival-vino-y-poesia\/\" href=\"https:\/\/radiolautarotalca.cl\/entre-copas-y-versos-nueva-edicion-del-festival-vino-y-poesia\/\" target=\"_blank\" rel=\"noopener noreferrer\" data-auth=\"NotApplicable\" data-linkindex=\"11\">Entre copas y versos: nueva edici\u00f3n del Festival Vino y Poes\u00eda. Se refieren Carlos Torres Fuchslocher, rector y Patricio G\u00f3mez Arismendi, director del Campus Colchagua.<\/a>\u00a0<\/div><div aria-hidden=\"true\">\u00a0<\/div><div><b>CANAL2LINARES.CL<\/b>\u00a0<br \/><a id=\"OWAb7646a7e-9cfa-6f6f-08ed-7ededaca55f5\" title=\"https:\/\/www.canal2linares.cl\/2026\/04\/entre-copas-y-versos-nueva-edicion-del.html\" href=\"https:\/\/www.canal2linares.cl\/2026\/04\/entre-copas-y-versos-nueva-edicion-del.html\" target=\"_blank\" rel=\"noopener noreferrer\" data-auth=\"NotApplicable\" data-linkindex=\"12\">Entre copas y versos: nueva edici\u00f3n del Festival Vino y Poes\u00eda. Se refieren Carlos Torres Fuchslocher, rector y Patricio G\u00f3mez Arismendi, director del Campus Colchagua.<\/a>\u00a0<\/div><div aria-hidden=\"true\">\u00a0<\/div><div><b>PORTALEDUCA.CL<\/b>\u00a0<br \/><a id=\"OWA5d606738-0fdd-a681-d79e-95f69e372f24\" title=\"https:\/\/portaleduca.cl\/explora-maule-abre-postulaciones-2026-para-fortalecer-la-ciencia-escolar-en-la-region\/\" href=\"https:\/\/portaleduca.cl\/explora-maule-abre-postulaciones-2026-para-fortalecer-la-ciencia-escolar-en-la-region\/\" target=\"_blank\" rel=\"noopener noreferrer\" data-auth=\"NotApplicable\" data-linkindex=\"13\">Explora Maule abre postulaciones 2026 para fortalecer la ciencia escolar en la regi\u00f3n. Se refieren C\u00e9sar Retamal Bravo, director del Programa Explora Maule y jefe de la Unidad de Divulgaci\u00f3n de la Direcci\u00f3n General de Vinculaci\u00f3n con el Medio y Camila D\u00edaz Bravo, coordinadora de Rutas Formativas del Programa Explora Maule.<\/a>\u00a0<\/div><div aria-hidden=\"true\">\u00a0<\/div><div><b>SEPTIMAPAGINANOTICIAS.CL<\/b>\u00a0<br \/><a id=\"OWAd2d550e1-9caa-a1d0-fc72-68d9a1f929ba\" title=\"https:\/\/www.septimapaginanoticias.cl\/explora-maule-abre-postulaciones-2026-para-fortalecer-la-ciencia-escolar-en-la-region\" href=\"https:\/\/www.septimapaginanoticias.cl\/explora-maule-abre-postulaciones-2026-para-fortalecer-la-ciencia-escolar-en-la-region\" target=\"_blank\" rel=\"noopener noreferrer\" data-auth=\"NotApplicable\" data-linkindex=\"14\">Explora Maule abre postulaciones 2026 para fortalecer la ciencia escolar en la regi\u00f3n. Se refieren C\u00e9sar Retamal Bravo, director del Programa Explora Maule y jefe de la Unidad de Divulgaci\u00f3n de la Direcci\u00f3n General de Vinculaci\u00f3n con el Medio y Camila D\u00edaz Bravo, coordinadora de Rutas Formativas del Programa Explora Maule.<\/a>\u00a0<\/div><div aria-hidden=\"true\">\u00a0<\/div><div><b>DIARIOTALCA.CL<\/b>\u00a0<br \/><a id=\"OWA5dad4846-0541-2237-6653-bff6cd0f6c5b\" title=\"https:\/\/diariotalca.cl\/explora-maule-abre-postulaciones-2026-para-fortalecer-la-ciencia-escolar-en-la-region\/\" href=\"https:\/\/diariotalca.cl\/explora-maule-abre-postulaciones-2026-para-fortalecer-la-ciencia-escolar-en-la-region\/\" target=\"_blank\" rel=\"noopener noreferrer\" data-auth=\"NotApplicable\" data-linkindex=\"15\">Explora Maule abre postulaciones 2026 para fortalecer la ciencia escolar en la regi\u00f3n. Se refieren C\u00e9sar Retamal Bravo, director del Programa Explora Maule y jefe de la Unidad de Divulgaci\u00f3n de la Direcci\u00f3n General de Vinculaci\u00f3n con el Medio y Camila D\u00edaz Bravo, coordinadora de Rutas Formativas del Programa Explora Maule.<\/a>\u00a0<\/div><div aria-hidden=\"true\">\u00a0<\/div><div><b>CANAL2LINARES.CL<\/b>\u00a0<br \/><a id=\"OWA9ecb3327-5521-8476-7234-f96a002e3ca0\" title=\"https:\/\/www.canal2linares.cl\/2026\/04\/por-que-no-baja-la-obesidad-infantil-en.html\" href=\"https:\/\/www.canal2linares.cl\/2026\/04\/por-que-no-baja-la-obesidad-infantil-en.html\" target=\"_blank\" rel=\"noopener noreferrer\" data-auth=\"NotApplicable\" data-linkindex=\"16\">\u00bfPor qu\u00e9 no baja la obesidad infantil en Chile? Expertos explican las causas. Se refieren Mauricio Orellana, acad\u00e9mico de la Escuela de Nutrici\u00f3n y Diet\u00e9tica y Daisy Ram\u00edrez, acad\u00e9mica de la Escuela de Kinesiolog\u00eda.<\/a>\u00a0<\/div><div aria-hidden=\"true\">\u00a0<\/div><div><b>SEPTIMAPAGINANOTICIAS.CL<\/b>\u00a0<br \/><a id=\"OWA68855e5f-5007-5985-9155-611364107fad\" title=\"https:\/\/www.septimapaginanoticias.cl\/por-que-no-baja-la-obesidad-infantil-en-chile-expertos-explican-las-causas\" href=\"https:\/\/www.septimapaginanoticias.cl\/por-que-no-baja-la-obesidad-infantil-en-chile-expertos-explican-las-causas\" target=\"_blank\" rel=\"noopener noreferrer\" data-auth=\"NotApplicable\" data-linkindex=\"17\">\u00bfPor qu\u00e9 no baja la obesidad infantil en Chile? Expertos explican las causas. Se refieren Mauricio Orellana, acad\u00e9mico de la Escuela de Nutrici\u00f3n y Diet\u00e9tica y Daisy Ram\u00edrez, acad\u00e9mica de la Escuela de Kinesiolog\u00eda.<\/a>\u00a0<\/div><div aria-hidden=\"true\">\u00a0<\/div><div><b>RADIO GUAYAC\u00c1N (LA SERENA)<\/b>\u00a0<br \/><a id=\"OWAcc31a9fb-1381-c1f8-4e95-d4925b88faa0\" title=\"https:\/\/mediastation.simbiu.es\/_BD\/2026\/ABR\/27\/rguayls-20260427-lun-1800-2000-00_20260427_010220_00.mp4\" href=\"https:\/\/mediastation.simbiu.es\/_BD\/2026\/ABR\/27\/rguayls-20260427-lun-1800-2000-00_20260427_010220_00.mp4\" target=\"_blank\" rel=\"noopener noreferrer\" data-auth=\"NotApplicable\" data-linkindex=\"18\">Entrevista\u00a0a\u00a0Ruperto Pinochet Olave,\u00a0acad\u00e9mico de la Facultad de Ciencias Jur\u00eddicas y Sociales.<\/a>\u00a0<\/div><div aria-hidden=\"true\">\u00a0<\/div><div><b>RADIO AMIGA (TALCA)<\/b>\u00a0<br \/><a id=\"OWAf5d12694-a6d0-97dc-ce68-d006cc8f26e8\" title=\"https:\/\/mediastation.simbiu.es\/_BD\/2026\/ABR\/27\/ramiga-20260427-lun-1330-1400-00_20260427_233136_06.mp4\" href=\"https:\/\/mediastation.simbiu.es\/_BD\/2026\/ABR\/27\/ramiga-20260427-lun-1330-1400-00_20260427_233136_06.mp4\" target=\"_blank\" rel=\"noopener noreferrer\" data-auth=\"NotApplicable\" data-linkindex=\"19\">Investigadores crean hidrogel a base de veneno de avispa que cura lesiones de pie diab\u00e9tico. Se refiere Esteban Dur\u00e1n, acad\u00e9mico de la Facultad de Ciencias de la Salud.<\/a>\u00a0<\/div><div><b>EL MERCURIO (REVISTA DEL CAMPO)\u00a0<\/b>\u00a0<br \/><a id=\"OWA1559cd82-2f0f-be17-4f51-7a2b41de3aaf\" title=\"https:\/\/mediastation.simbiu.es\/files\/index\/1\/136951389\/pressRecorte\/2026-04-27\/merchrc_012_T136951389_20260427120000.jpg\/423554824?trackingToken=eyJhbGciOiJIUzI1NiIsInR5cCI6IkpXVCJ9.eyJpZFVzZXIiOiI5NDI1IiwiaWRDb3Jwb3JhdGUiOiI0OTY3In0.YJxkiGNFlNmZnG2N-r0uR81WkuvHMtZDRZo0QO-JNAo\" href=\"https:\/\/mediastation.simbiu.es\/files\/index\/1\/136951389\/pressRecorte\/2026-04-27\/merchrc_012_T136951389_20260427120000.jpg\/423554824?trackingToken=eyJhbGciOiJIUzI1NiIsInR5cCI6IkpXVCJ9.eyJpZFVzZXIiOiI5NDI1IiwiaWRDb3Jwb3JhdGUiOiI0OTY3In0.YJxkiGNFlNmZnG2N-r0uR81WkuvHMtZDRZo0QO-JNAo\" target=\"_blank\" rel=\"noopener noreferrer\" data-auth=\"NotApplicable\" data-linkindex=\"20\">Dos futuros agr\u00f3nomos son los campeones universitarios. Se\u00a0menciona\u00a0la Universidad de Talca.<\/a>\u00a0\u00a0<\/div><div aria-hidden=\"true\">\u00a0<\/div><div><b>LA PRENSA DE CURIC\u00d3 &#8211; CHILE<\/b>\u00a0<br \/><a id=\"OWAcb1dc316-3baa-4a11-f19f-d70c2cd57aac\" title=\"https:\/\/mediastation.simbiu.es\/files\/index\/1\/136955394\/pressRecorte\/2026-04-27\/lprchig_002_T136955394_20260427120000.jpg\/423705069?trackingToken=eyJhbGciOiJIUzI1NiIsInR5cCI6IkpXVCJ9.eyJpZFVzZXIiOiI5NDI1IiwiaWRDb3Jwb3JhdGUiOiI0OTY3In0.YJxkiGNFlNmZnG2N-r0uR81WkuvHMtZDRZo0QO-JNAo\" href=\"https:\/\/mediastation.simbiu.es\/files\/index\/1\/136955394\/pressRecorte\/2026-04-27\/lprchig_002_T136955394_20260427120000.jpg\/423705069?trackingToken=eyJhbGciOiJIUzI1NiIsInR5cCI6IkpXVCJ9.eyJpZFVzZXIiOiI5NDI1IiwiaWRDb3Jwb3JhdGUiOiI0OTY3In0.YJxkiGNFlNmZnG2N-r0uR81WkuvHMtZDRZo0QO-JNAo\" target=\"_blank\" rel=\"noopener noreferrer\" data-auth=\"NotApplicable\" data-linkindex=\"21\">Sucede. Se menciona a la Universidad de Talca.<\/a>\u00a0<\/div><div aria-hidden=\"true\">\u00a0<\/div><div><b>RADIO AMIGA (TALCA)<\/b>\u00a0<br \/><a id=\"OWA0e5187d8-28fe-e2b5-3293-4c23845e086e\" title=\"https:\/\/mediastation.simbiu.es\/_BD\/2026\/ABR\/27\/ramiga-20260427-lun-1330-1400-00_20260427_223107_00.mp4\" href=\"https:\/\/mediastation.simbiu.es\/_BD\/2026\/ABR\/27\/ramiga-20260427-lun-1330-1400-00_20260427_223107_00.mp4\" target=\"_blank\" rel=\"noopener noreferrer\" data-auth=\"NotApplicable\" data-linkindex=\"22\">TITULARES. Se menciona a la Universidad de Talca.<\/a>\u00a0<\/div><div aria-hidden=\"true\">\u00a0<\/div><div><b>CODEXVERDE.CL<\/b>\u00a0<br \/><a id=\"OWA574cced8-93f9-322b-9346-b27e5f3f9ba6\" title=\"https:\/\/codexverde.cl\/ignacio-santelices-liderara-anesco-chile\/\" href=\"https:\/\/codexverde.cl\/ignacio-santelices-liderara-anesco-chile\/\" target=\"_blank\" rel=\"noopener noreferrer\" data-auth=\"NotApplicable\" data-linkindex=\"23\">Ignacio Santelices liderar\u00e1 ANESCO Chile en una nueva etapa para la eficiencia energ\u00e9tica. Se menciona a la Universidad de Talca.<\/a>\u00a0<\/div><div aria-hidden=\"true\">\u00a0<\/div><div><b>MAULEHOY.CL<\/b>\u00a0<br \/><a id=\"OWAbd3b697f-795f-d8f4-ba8e-953261df638e\" title=\"https:\/\/maulehoy.cl\/2026\/04\/27\/las-medidas-que-se-van-a-tomar-van-en-la-linea-de-destrabar-todas-las-inversiones-en-chile\/\" href=\"https:\/\/maulehoy.cl\/2026\/04\/27\/las-medidas-que-se-van-a-tomar-van-en-la-linea-de-destrabar-todas-las-inversiones-en-chile\/\" target=\"_blank\" rel=\"noopener noreferrer\" data-auth=\"NotApplicable\" data-linkindex=\"24\">\u00abLas medidas que se van a tomar, van en la l\u00ednea de destrabar todas las inversiones en Chile\u00bb. Se menciona a la Universidad de Talca.<\/a>\u00a0<\/div><div aria-hidden=\"true\">\u00a0<\/div><div><b>MAULEHOY.CL<\/b>\u00a0<br \/><a id=\"OWAf93368ad-e6bf-0da8-8094-36d649608709\" title=\"https:\/\/maulehoy.cl\/2026\/04\/27\/seremi-de-energia-realiza-con-exito-el-primer-encuentro-regional-de-comunas-energeticas\/\" href=\"https:\/\/maulehoy.cl\/2026\/04\/27\/seremi-de-energia-realiza-con-exito-el-primer-encuentro-regional-de-comunas-energeticas\/\" target=\"_blank\" rel=\"noopener noreferrer\" data-auth=\"NotApplicable\" data-linkindex=\"25\">Seremi de Energ\u00eda realiza con \u00e9xito el Primer Encuentro Regional de Comunas Energ\u00e9ticas. Se menciona a la Universidad de Talca.<\/a>\u00a0<\/div><div aria-hidden=\"true\">\u00a0<\/div><div><b>UTA.CL<\/b>\u00a0<br \/><a id=\"OWA5dac38a2-cb97-6342-1219-1bf5bb8038aa\" title=\"https:\/\/www.uta.cl\/index.php\/2026\/04\/27\/cruch-acuerda-agenda-de-colaboracion-con-el-mineduc-tras-sesion-plenaria-en-nuble\/\" href=\"https:\/\/www.uta.cl\/index.php\/2026\/04\/27\/cruch-acuerda-agenda-de-colaboracion-con-el-mineduc-tras-sesion-plenaria-en-nuble\/\" target=\"_blank\" rel=\"noopener noreferrer\" data-auth=\"NotApplicable\" data-linkindex=\"26\">Universidad de Tarapac\u00e1. Se menciona a la Universidad de Talca.<\/a>\u00a0<\/div><div aria-hidden=\"true\">\u00a0<\/div><div><b>MUSICAYNOTICIAS.CL<\/b>\u00a0<br \/><a id=\"OWA786078b7-ecf1-3f61-2312-281d44d78f71\" title=\"https:\/\/www.musicaynoticias.cl\/region-del-maule\/provincia-talca\/talca\/senadora-beatriz-sanchez-advierte-necesidad-de-medidas-ante-alza-de-combustibles-en-el-maule-y-el-pais\/\" href=\"https:\/\/www.musicaynoticias.cl\/region-del-maule\/provincia-talca\/talca\/senadora-beatriz-sanchez-advierte-necesidad-de-medidas-ante-alza-de-combustibles-en-el-maule-y-el-pais\/\" target=\"_blank\" rel=\"noopener noreferrer\" data-auth=\"NotApplicable\" data-linkindex=\"27\">Senadora Beatriz S\u00e1nchez advierte necesidad de medidas ante alza de combustibles en el Maule y el pa\u00eds. Se menciona a la Universidad de Talca.<\/a>\u00a0<\/div><div aria-hidden=\"true\">\u00a0<\/div><div><b>ELECTROMINERIA.CL<\/b>\u00a0<br \/><a id=\"OWAdcb1a980-5376-d134-dc64-4fd115c58ffc\" title=\"https:\/\/electromineria.cl\/ignacio-santelices-presidente-asociacion-empresas-eficiencia-energetica\/\" href=\"https:\/\/electromineria.cl\/ignacio-santelices-presidente-asociacion-empresas-eficiencia-energetica\/\" target=\"_blank\" rel=\"noopener noreferrer\" data-auth=\"NotApplicable\" data-linkindex=\"28\">Ignacio Santelices asume como presidente de la Asociaci\u00f3n Nacional de Empresas de Eficiencia Energ\u00e9tica. Se menciona a la Universidad de Talca.<\/a>\u00a0<br \/>\u00a0<\/div>\t\t\t\t\t\t<\/div>\n\t\t\t\t<\/div>\n\t\t\t\t\t<\/div>\n\t\t<\/div>\n\t\t\t\t\t\t\t<\/div>\n\t\t<\/section>\n\t\t\t\t\t\t<\/div>\n\t\t\t\t\t<\/div>\n\t\t","protected":false},"excerpt":{"rendered":"<p>EL MERCURIO (REVISTA DEL CAMPO)\u00a0\u00a0Tecnolog\u00edas y manejos para enfrentar el golpe de sol. Se refiere \u00c1lvaro Sep\u00falveda, responsable del Laboratorio de Ecofisiolog\u00eda Frutal del Centro de Pom\u00e1ceas.\u00a0\u00a0EL MERCURIO DE VALPARA\u00cdSO\u00a0\u00a0Valpara\u00edso cuenta con la primera carta de amenazas por marejadas en Chile. Se refiere Mat\u00edas G\u00f3mez, acad\u00e9mico del Departamento de Ingenier\u00eda.\u00a0\u00a0EL CIUDADANO\u00a0Crisis h\u00eddrica: Innovador proyecto que &hellip;<\/p>\n<p class=\"read-more\"> <a class=\"\" href=\"https:\/\/www.reportedeprensa.utalca.cl\/?p=13708\"> <span class=\"screen-reader-text\">28 de abril 2026<\/span> Read More &raquo;<\/a><\/p>\n","protected":false},"author":1,"featured_media":0,"comment_status":"closed","ping_status":"open","sticky":false,"template":"","format":"standard","meta":{"_monsterinsights_skip_tracking":false,"_monsterinsights_sitenote_active":false,"_monsterinsights_sitenote_note":"","_monsterinsights_sitenote_category":0},"categories":[69],"tags":[],"_links":{"self":[{"href":"https:\/\/www.reportedeprensa.utalca.cl\/index.php?rest_route=\/wp\/v2\/posts\/13708"}],"collection":[{"href":"https:\/\/www.reportedeprensa.utalca.cl\/index.php?rest_route=\/wp\/v2\/posts"}],"about":[{"href":"https:\/\/www.reportedeprensa.utalca.cl\/index.php?rest_route=\/wp\/v2\/types\/post"}],"author":[{"embeddable":true,"href":"https:\/\/www.reportedeprensa.utalca.cl\/index.php?rest_route=\/wp\/v2\/users\/1"}],"replies":[{"embeddable":true,"href":"https:\/\/www.reportedeprensa.utalca.cl\/index.php?rest_route=%2Fwp%2Fv2%2Fcomments&post=13708"}],"version-history":[{"count":8,"href":"https:\/\/www.reportedeprensa.utalca.cl\/index.php?rest_route=\/wp\/v2\/posts\/13708\/revisions"}],"predecessor-version":[{"id":13717,"href":"https:\/\/www.reportedeprensa.utalca.cl\/index.php?rest_route=\/wp\/v2\/posts\/13708\/revisions\/13717"}],"wp:attachment":[{"href":"https:\/\/www.reportedeprensa.utalca.cl\/index.php?rest_route=%2Fwp%2Fv2%2Fmedia&parent=13708"}],"wp:term":[{"taxonomy":"category","embeddable":true,"href":"https:\/\/www.reportedeprensa.utalca.cl\/index.php?rest_route=%2Fwp%2Fv2%2Fcategories&post=13708"},{"taxonomy":"post_tag","embeddable":true,"href":"https:\/\/www.reportedeprensa.utalca.cl\/index.php?rest_route=%2Fwp%2Fv2%2Ftags&post=13708"}],"curies":[{"name":"wp","href":"https:\/\/api.w.org\/{rel}","templated":true}]}}