{"id":13713,"date":"2026-04-29T16:41:54","date_gmt":"2026-04-29T19:41:54","guid":{"rendered":"https:\/\/www.reportedeprensa.utalca.cl\/?p=13713"},"modified":"2026-04-30T11:38:10","modified_gmt":"2026-04-30T14:38:10","slug":"29-de-abril-2026","status":"publish","type":"post","link":"https:\/\/www.reportedeprensa.utalca.cl\/?p=13713","title":{"rendered":"29 de abril 2026"},"content":{"rendered":"\t\t<div data-elementor-type=\"wp-post\" data-elementor-id=\"13713\" class=\"elementor elementor-13713\" data-elementor-settings=\"[]\">\n\t\t\t\t\t\t\t<div class=\"elementor-section-wrap\">\n\t\t\t\t\t\t\t<section class=\"elementor-section elementor-top-section elementor-element elementor-element-bcea1a8 elementor-section-boxed elementor-section-height-default elementor-section-height-default\" data-id=\"bcea1a8\" data-element_type=\"section\">\n\t\t\t\t\t\t<div class=\"elementor-container elementor-column-gap-default\">\n\t\t\t\t\t<div class=\"elementor-column elementor-col-100 elementor-top-column elementor-element elementor-element-e7183bf\" data-id=\"e7183bf\" data-element_type=\"column\">\n\t\t\t<div class=\"elementor-widget-wrap elementor-element-populated\">\n\t\t\t\t\t\t\t\t<div class=\"elementor-element elementor-element-8cfe948 elementor-widget elementor-widget-text-editor\" data-id=\"8cfe948\" data-element_type=\"widget\" data-widget_type=\"text-editor.default\">\n\t\t\t\t<div class=\"elementor-widget-container\">\n\t\t\t\t\t\t\t\t<div><b data-olk-copy-source=\"MessageBody\">CNN CHILE<\/b>\u00a0<br \/><a id=\"OWAc6226540-98cd-e019-31bc-75fad12d73da\" title=\"https:\/\/mediastation.simbiu.es\/_BD\/2026\/ABR\/28\/cnnchil-20260428-mar-2158-2258-00_20260428_063327_03.mp4\" href=\"https:\/\/mediastation.simbiu.es\/_BD\/2026\/ABR\/28\/cnnchil-20260428-mar-2158-2258-00_20260428_063327_03.mp4\" target=\"_blank\" rel=\"noopener noreferrer\" data-auth=\"NotApplicable\" data-linkindex=\"0\">Hidrogel de veneno de avispa para pie diab\u00e9tico. Se refieren Esteban Dur\u00e1n Lara, acad\u00e9mico de Microbiolog\u00eda de la UTalca.<\/a>\u00a0<\/div><div aria-hidden=\"true\">\u00a0<\/div><div><b>RADIO BIOB\u00cdO (VALPARA\u00cdSO)<\/b>\u00a0<br \/><a id=\"OWAe85832f7-c8a3-db76-01a6-db17a98632a4\" title=\"https:\/\/mediastation.simbiu.es\/_BD\/2026\/ABR\/28\/rbbvalp-20260428-mar-1600-1830-00_20260428_230528_00.mp4\" href=\"https:\/\/mediastation.simbiu.es\/_BD\/2026\/ABR\/28\/rbbvalp-20260428-mar-1600-1830-00_20260428_230528_00.mp4\" target=\"_blank\" rel=\"noopener noreferrer\" data-auth=\"NotApplicable\" data-linkindex=\"1\">Entrevista a Valentina Parot, acad\u00e9mica de la Escuela de Nutrici\u00f3n y Diet\u00e9tica de la Universidad de Talca. Se refiere Valentina Parot, acad\u00e9mica de la Escuela de Nutrici\u00f3n y Diet\u00e9tica.<\/a>\u00a0<\/div><div aria-hidden=\"true\">\u00a0<\/div><div><b>RADIO AGRICULTURA<\/b>\u00a0<br \/><a id=\"OWA45210537-1f02-d1cc-467a-3eb07ae3d6da\" title=\"https:\/\/www.radioagricultura.cl\/noticias\/dato-practico\/como-fortalecer-el-sistema-inmune-en-invierno-alimentos-clave-segun-experta_20260428\/\" href=\"https:\/\/www.radioagricultura.cl\/noticias\/dato-practico\/como-fortalecer-el-sistema-inmune-en-invierno-alimentos-clave-segun-experta_20260428\/\" target=\"_blank\" rel=\"noopener noreferrer\" data-auth=\"NotApplicable\" data-linkindex=\"2\">C\u00f3mo fortalecer el sistema inmune en invierno: alimentos clave seg\u00fan experta. Se refiere Carla G\u00f3mez, acad\u00e9mica de la Escuela de Nutrici\u00f3n y Diet\u00e9tica.<\/a>\u00a0<\/div><div aria-hidden=\"true\">\u00a0<\/div><div><b>SEMANARIOLOCAL.CL<\/b>\u00a0<br \/><a id=\"OWAda50d1dc-a20c-e614-8682-814fa9d4f996\" title=\"https:\/\/www.semanariolocal.cl\/?p=34605\" href=\"https:\/\/www.semanariolocal.cl\/?p=34605\" target=\"_blank\" rel=\"noopener noreferrer\" data-auth=\"NotApplicable\" data-linkindex=\"3\">M\u00e1s all\u00e1 de la vitamina C: qu\u00e9 comer en \u00e9poca de fr\u00edo para apoyar el sistema inmune. Se refiere Carla G\u00f3mez, acad\u00e9mica de la Escuela de Nutrici\u00f3n y Diet\u00e9tica.<\/a>\u00a0<\/div><div aria-hidden=\"true\">\u00a0<\/div><div><b>MEDIABANCO.COM<\/b>\u00a0<br \/><a id=\"OWAb9de597f-ec0e-310d-78ce-ad677a79d08f\" title=\"https:\/\/www.mediabanco.com\/mas-alla-de-la-vitamina-c-que-comer-en-epoca-de-frio-para-apoyar-el-sistema-inmune\/\" href=\"https:\/\/www.mediabanco.com\/mas-alla-de-la-vitamina-c-que-comer-en-epoca-de-frio-para-apoyar-el-sistema-inmune\/\" target=\"_blank\" rel=\"noopener noreferrer\" data-auth=\"NotApplicable\" data-linkindex=\"4\">M\u00e1s all\u00e1 de la vitamina C: qu\u00e9 comer en \u00e9poca de fr\u00edo para apoyar el sistema inmune. Se refiere Carla G\u00f3mez, acad\u00e9mica de la Escuela de Nutrici\u00f3n y Diet\u00e9tica.<\/a>\u00a0<\/div><div aria-hidden=\"true\">\u00a0<\/div><div><b>RADIOANTILLANCA.CL<\/b>\u00a0<br \/><a id=\"OWA3881ddb2-a997-3699-6a19-a48e46edbc77\" title=\"https:\/\/www.radioantillanca.cl\/2026\/04\/28\/como-fortalecer-el-sistema-inmune-en-invierno-alimentos-clave-segun-experta\/\" href=\"https:\/\/www.radioantillanca.cl\/2026\/04\/28\/como-fortalecer-el-sistema-inmune-en-invierno-alimentos-clave-segun-experta\/\" target=\"_blank\" rel=\"noopener noreferrer\" data-auth=\"NotApplicable\" data-linkindex=\"5\">C\u00f3mo fortalecer el sistema inmune en invierno: alimentos clave seg\u00fan experta. Se refiere Carla G\u00f3mez, acad\u00e9mica de la Escuela de Nutrici\u00f3n y Diet\u00e9tica.<\/a>\u00a0<\/div><div aria-hidden=\"true\">\u00a0<\/div><div><b>MAULE HOY &#8211; CHILE<\/b>\u00a0<br \/><a id=\"OWAf3efbf26-0591-6d51-34f2-93d8b5c17835\" title=\"https:\/\/mediastation.simbiu.es\/files\/index\/1\/136975010\/pressRecorte\/2026-04-28\/maulhoy_014_T136975010_20260428120000.jpg\/424052778?trackingToken=eyJhbGciOiJIUzI1NiIsInR5cCI6IkpXVCJ9.eyJpZFVzZXIiOiI5NDI1IiwiaWRDb3Jwb3JhdGUiOiI0OTY3In0.YJxkiGNFlNmZnG2N-r0uR81WkuvHMtZDRZo0QO-JNAo\" href=\"https:\/\/mediastation.simbiu.es\/files\/index\/1\/136975010\/pressRecorte\/2026-04-28\/maulhoy_014_T136975010_20260428120000.jpg\/424052778?trackingToken=eyJhbGciOiJIUzI1NiIsInR5cCI6IkpXVCJ9.eyJpZFVzZXIiOiI5NDI1IiwiaWRDb3Jwb3JhdGUiOiI0OTY3In0.YJxkiGNFlNmZnG2N-r0uR81WkuvHMtZDRZo0QO-JNAo\" target=\"_blank\" rel=\"noopener noreferrer\" data-auth=\"NotApplicable\" data-linkindex=\"6\">Entre copas y versos: nueva edici\u00f3n del Festival Vino y Poes\u00eda. Se refieren Carlos Torres Fuchslocher, rector y Patricio G\u00f3mez Arismendi, director del Campus Colchagua.<\/a>\u00a0<\/div><div aria-hidden=\"true\">\u00a0<\/div><div><b>RADIO AMIGA (TALCA)<\/b>\u00a0<br \/><a id=\"OWA6090be4c-091d-3a06-7426-484580fefb15\" title=\"https:\/\/mediastation.simbiu.es\/_BD\/2026\/ABR\/28\/ramiga-20260428-mar-1330-1400-00_20260428_234938_05.mp4\" href=\"https:\/\/mediastation.simbiu.es\/_BD\/2026\/ABR\/28\/ramiga-20260428-mar-1330-1400-00_20260428_234938_05.mp4\" target=\"_blank\" rel=\"noopener noreferrer\" data-auth=\"NotApplicable\" data-linkindex=\"7\">Entre copas y versos: nueva edici\u00f3n del Festival Vino y Poes\u00eda. Se refieren Carlos Torres, rector y Patricio G\u00f3mez, director del Campus Colchagua.<\/a>\u00a0<\/div><div aria-hidden=\"true\">\u00a0<\/div><div><b>MAULEHOY.CL<\/b>\u00a0<br \/><a id=\"OWAe738437d-c7ba-1060-712b-d2c4556c76f5\" title=\"https:\/\/maulehoy.cl\/2026\/04\/28\/entre-copas-y-versos-nueva-edicion-del-festival-vino-y-poesia\/\" href=\"https:\/\/maulehoy.cl\/2026\/04\/28\/entre-copas-y-versos-nueva-edicion-del-festival-vino-y-poesia\/\" target=\"_blank\" rel=\"noopener noreferrer\" data-auth=\"NotApplicable\" data-linkindex=\"8\">Entre copas y versos: nueva edici\u00f3n del Festival Vino y Poes\u00eda. Se refieren Carlos Torres Fuchslocher, rector y Patricio G\u00f3mez Arismendi, director del Campus Colchagua.<\/a>\u00a0<\/div><div aria-hidden=\"true\">\u00a0<\/div><div aria-hidden=\"true\">\u00a0<\/div><div><b>PORTAL AGRO CHILE<\/b>\u00a0<br \/><a id=\"OWAc3a5f4cc-7476-67a4-a505-0c0443c8ebb9\" title=\"https:\/\/www.portalagrochile.cl\/2026\/04\/28\/crisis-hidrica-iniciativa-busca-recargar-pozos-con-aguas-de-lluvia\/\" href=\"https:\/\/www.portalagrochile.cl\/2026\/04\/28\/crisis-hidrica-iniciativa-busca-recargar-pozos-con-aguas-de-lluvia\/\" target=\"_blank\" rel=\"noopener noreferrer\" data-auth=\"NotApplicable\" data-linkindex=\"9\">Crisis h\u00eddrica: iniciativa busca recargar pozos con aguas de lluvia. Se refiere Roberto Pizarro Tapia, director de la C\u00e1tedra Unesco en Hidrolog\u00eda de Superficie.<\/a>\u00a0<\/div><div aria-hidden=\"true\">\u00a0<\/div><div><b>EL HERALDO DE LINARES\u00a0<\/b>\u00a0<br \/><a id=\"OWA4219aa64-bc02-c6d5-0d07-64233b6d8e2e\" title=\"https:\/\/mediastation.simbiu.es\/files\/index\/1\/136973204\/pressRecorte\/2026-04-28\/hlichig_008_T136973204_20260428120000.jpg\/424012623?trackingToken=eyJhbGciOiJIUzI1NiIsInR5cCI6IkpXVCJ9.eyJpZFVzZXIiOiI5NDI1IiwiaWRDb3Jwb3JhdGUiOiI0OTY3In0.YJxkiGNFlNmZnG2N-r0uR81WkuvHMtZDRZo0QO-JNAo\" href=\"https:\/\/mediastation.simbiu.es\/files\/index\/1\/136973204\/pressRecorte\/2026-04-28\/hlichig_008_T136973204_20260428120000.jpg\/424012623?trackingToken=eyJhbGciOiJIUzI1NiIsInR5cCI6IkpXVCJ9.eyJpZFVzZXIiOiI5NDI1IiwiaWRDb3Jwb3JhdGUiOiI0OTY3In0.YJxkiGNFlNmZnG2N-r0uR81WkuvHMtZDRZo0QO-JNAo\" target=\"_blank\" rel=\"noopener noreferrer\" data-auth=\"NotApplicable\" data-linkindex=\"10\">Crisis h\u00eddrica: iniciativa busca recargar pozos con aguas de lluvia. Se refiere Roberto Pizarro Tapia,\u00a0director\u00a0de la C\u00e1tedra Unesco en Hidrolog\u00eda de Superficie.<\/a>\u00a0<\/div><div aria-hidden=\"true\">\u00a0<\/div><div><b>EL LECTOR\u00a0<\/b>\u00a0<br \/><a id=\"OWA1d1edef6-c12f-6c80-6bbe-3a6773d14aac\" title=\"https:\/\/mediastation.simbiu.es\/files\/index\/1\/136973436\/pressRecorte\/2026-04-28\/lecchig_011_T136973436_20260428120000.jpg\/424025389?trackingToken=eyJhbGciOiJIUzI1NiIsInR5cCI6IkpXVCJ9.eyJpZFVzZXIiOiI5NDI1IiwiaWRDb3Jwb3JhdGUiOiI0OTY3In0.YJxkiGNFlNmZnG2N-r0uR81WkuvHMtZDRZo0QO-JNAo\" href=\"https:\/\/mediastation.simbiu.es\/files\/index\/1\/136973436\/pressRecorte\/2026-04-28\/lecchig_011_T136973436_20260428120000.jpg\/424025389?trackingToken=eyJhbGciOiJIUzI1NiIsInR5cCI6IkpXVCJ9.eyJpZFVzZXIiOiI5NDI1IiwiaWRDb3Jwb3JhdGUiOiI0OTY3In0.YJxkiGNFlNmZnG2N-r0uR81WkuvHMtZDRZo0QO-JNAo\" target=\"_blank\" rel=\"noopener noreferrer\" data-auth=\"NotApplicable\" data-linkindex=\"11\">Crisis h\u00eddrica: iniciativa busca recargar pozos con aguas de lluvia. Se refiere Roberto Pizarro Tapia,\u00a0director\u00a0de la C\u00e1tedra Unesco en Hidrolog\u00eda de Superficie.<\/a>\u00a0<\/div><div aria-hidden=\"true\">\u00a0<\/div><div><b>MAULE HOY &#8211; CHILE<\/b>\u00a0<br \/><a id=\"OWA9226e885-2f35-5f6a-52e1-c00397b6bf0b\" title=\"https:\/\/mediastation.simbiu.es\/files\/index\/1\/136974997\/pressRecorte\/2026-04-28\/maulhoy_004_T136974997_20260428120000.jpg\/424052034?trackingToken=eyJhbGciOiJIUzI1NiIsInR5cCI6IkpXVCJ9.eyJpZFVzZXIiOiI5NDI1IiwiaWRDb3Jwb3JhdGUiOiI0OTY3In0.YJxkiGNFlNmZnG2N-r0uR81WkuvHMtZDRZo0QO-JNAo\" href=\"https:\/\/mediastation.simbiu.es\/files\/index\/1\/136974997\/pressRecorte\/2026-04-28\/maulhoy_004_T136974997_20260428120000.jpg\/424052034?trackingToken=eyJhbGciOiJIUzI1NiIsInR5cCI6IkpXVCJ9.eyJpZFVzZXIiOiI5NDI1IiwiaWRDb3Jwb3JhdGUiOiI0OTY3In0.YJxkiGNFlNmZnG2N-r0uR81WkuvHMtZDRZo0QO-JNAo\" target=\"_blank\" rel=\"noopener noreferrer\" data-auth=\"NotApplicable\" data-linkindex=\"12\">Iniciativa busca recargar pozos con aguas de lluvia. Se refiere Roberto Pizarro Tapia,\u00a0director\u00a0de la C\u00e1tedra Unesco en Hidrolog\u00eda de Superficie.<\/a>\u00a0<\/div><div aria-hidden=\"true\">\u00a0<\/div><div><b>CANAL2LINARES.CL<\/b>\u00a0<br \/><a id=\"OWA9c4d4928-7aff-0bb0-9ad1-9f0129eb8920\" title=\"https:\/\/www.canal2linares.cl\/2026\/04\/crisis-hidrica-iniciativa-busca.html\" href=\"https:\/\/www.canal2linares.cl\/2026\/04\/crisis-hidrica-iniciativa-busca.html\" target=\"_blank\" rel=\"noopener noreferrer\" data-auth=\"NotApplicable\" data-linkindex=\"13\">Crisis h\u00eddrica: iniciativa busca recargar pozos con aguas de lluvia. Se refiere Roberto Pizarro Tapia, director de la C\u00e1tedra Unesco en Hidrolog\u00eda de Superficie.<\/a>\u00a0<\/div><div aria-hidden=\"true\">\u00a0<\/div><div><b>ADPRENSA.CL<\/b>\u00a0<br \/><a id=\"OWAbbe763d4-dee9-e98d-1eb5-4b983c2a2c89\" title=\"https:\/\/adprensa.cl\/crisis-hidrica-iniciativa-busca-recargar-pozos-con-aguas-de-lluvia\/\" href=\"https:\/\/adprensa.cl\/crisis-hidrica-iniciativa-busca-recargar-pozos-con-aguas-de-lluvia\/\" target=\"_blank\" rel=\"noopener noreferrer\" data-auth=\"NotApplicable\" data-linkindex=\"14\">Crisis h\u00eddrica: iniciativa busca recargar pozos con aguas de lluvia. Se refiere Roberto Pizarro Tapia, director de la C\u00e1tedra Unesco en Hidrolog\u00eda de Superficie.<\/a>\u00a0<\/div><div aria-hidden=\"true\">\u00a0<\/div><div><b>MAULEHOY.CL<\/b>\u00a0<br \/><a id=\"OWA6ba10d66-536c-0f15-3e9a-f8dd798a6910\" title=\"https:\/\/maulehoy.cl\/2026\/04\/28\/crisis-hidrica-iniciativa-busca-recargar-pozos-con-aguas-de-lluvia\/\" href=\"https:\/\/maulehoy.cl\/2026\/04\/28\/crisis-hidrica-iniciativa-busca-recargar-pozos-con-aguas-de-lluvia\/\" target=\"_blank\" rel=\"noopener noreferrer\" data-auth=\"NotApplicable\" data-linkindex=\"15\">Crisis h\u00eddrica: Iniciativa busca recargar pozos con aguas de lluvia. Se refiere Roberto Pizarro Tapia, director de la C\u00e1tedra Unesco en Hidrolog\u00eda de Superficie.<\/a>\u00a0<\/div><div aria-hidden=\"true\">\u00a0<\/div><div><b>RADIOLILA.CL<\/b>\u00a0<br \/><a id=\"OWA152561f0-d6de-eb3b-1065-0726861dde5f\" title=\"https:\/\/radiolila.cl\/crisis-hidrica-iniciativa-busca-recargar-pozos-con-aguas-de-lluvia\/\" href=\"https:\/\/radiolila.cl\/crisis-hidrica-iniciativa-busca-recargar-pozos-con-aguas-de-lluvia\/\" target=\"_blank\" rel=\"noopener noreferrer\" data-auth=\"NotApplicable\" data-linkindex=\"16\">Crisis h\u00eddrica: iniciativa busca recargar pozos con aguas de lluvia. Se refiere Roberto Pizarro Tapia, director de la C\u00e1tedra Unesco en Hidrolog\u00eda de Superficie.<\/a>\u00a0<\/div><div aria-hidden=\"true\">\u00a0<\/div><div><b>DIARIOTALCA.CL<\/b>\u00a0<br \/><a id=\"OWA7cf002e7-6999-d309-2145-f906c0954013\" title=\"https:\/\/diariotalca.cl\/crisis-hidrica-innovador-proyecto-busca-recargar-pozos-con-aguas-de-lluvia\/\" href=\"https:\/\/diariotalca.cl\/crisis-hidrica-innovador-proyecto-busca-recargar-pozos-con-aguas-de-lluvia\/\" target=\"_blank\" rel=\"noopener noreferrer\" data-auth=\"NotApplicable\" data-linkindex=\"17\">Crisis h\u00eddrica: innovador proyecto busca recargar pozos con aguas de lluvia. Se refiere Roberto Pizarro Tapia, director de la C\u00e1tedra Unesco en Hidrolog\u00eda de Superficie.<\/a>\u00a0<\/div><div aria-hidden=\"true\">\u00a0<\/div><div><b>FRUTASDECHILE.CL<\/b>\u00a0<br \/><a id=\"OWA8a8fec73-fc38-8cdf-8964-56b0c0947660\" title=\"https:\/\/frutasdechile.cl\/news\/crisis-hidrica-utalca-busca-recargar-pozos-con-aguas-de-lluvia\/\" href=\"https:\/\/frutasdechile.cl\/news\/crisis-hidrica-utalca-busca-recargar-pozos-con-aguas-de-lluvia\/\" target=\"_blank\" rel=\"noopener noreferrer\" data-auth=\"NotApplicable\" data-linkindex=\"18\">Crisis h\u00eddrica:\u00a0UTalca\u00a0busca recargar pozos con aguas de lluvia. Se refiere Roberto Pizarro Tapia, director de la C\u00e1tedra Unesco en Hidrolog\u00eda de Superficie.<\/a>\u00a0<\/div><div aria-hidden=\"true\">\u00a0<\/div><div><b>DIARIOELHERALDO.CL<\/b>\u00a0<br \/><a id=\"OWAd7488c09-bd83-b4a8-fa60-66ec03e914a0\" title=\"https:\/\/www.diarioelheraldo.cl\/noticia\/crisis-hidrica-iniciativa-busca-recargar-pozos-con-aguas-de-lluvia\" href=\"https:\/\/www.diarioelheraldo.cl\/noticia\/crisis-hidrica-iniciativa-busca-recargar-pozos-con-aguas-de-lluvia\" target=\"_blank\" rel=\"noopener noreferrer\" data-auth=\"NotApplicable\" data-linkindex=\"19\">Crisis h\u00eddrica: iniciativa busca recargar pozos con aguas de lluvia. Se refiere Roberto Pizarro Tapia, director de la C\u00e1tedra Unesco en Hidrolog\u00eda de Superficie.<\/a>\u00a0<\/div><div aria-hidden=\"true\">\u00a0<\/div><div><b>RADIO UNIVERSIDAD DE CHILE<\/b>\u00a0<br \/><a id=\"OWA2d601b22-a26a-58a9-5239-ce4ab9bc42e5\" title=\"https:\/\/mediastation.simbiu.es\/_BD\/2026\/ABR\/28\/ruchile-20260428-mar-1300-1400-00_20260428_200303_01.mp4\" href=\"https:\/\/mediastation.simbiu.es\/_BD\/2026\/ABR\/28\/ruchile-20260428-mar-1300-1400-00_20260428_200303_01.mp4\" target=\"_blank\" rel=\"noopener noreferrer\" data-auth=\"NotApplicable\" data-linkindex=\"20\">Pol\u00e9mica a ra\u00edz de los oficios enviados por el Ministerio de Hacienda. Se refiere Mario Herrera Mu\u00f1oz, acad\u00e9mico del Centro de An\u00e1lisis Pol\u00edtico (CAP-UTalca)<\/a>\u00a0<\/div><div aria-hidden=\"true\">\u00a0<\/div><div><b>RADIO.UCHILE.CL<\/b>\u00a0<br \/><a id=\"OWA5f6d08b9-d5eb-bace-f32c-90bc08c031b3\" title=\"https:\/\/radio.uchile.cl\/2026\/04\/28\/mario-herrera-no-hay-una-persona-que-lidere-la-comunicacion-en-el-gobierno\/\" href=\"https:\/\/radio.uchile.cl\/2026\/04\/28\/mario-herrera-no-hay-una-persona-que-lidere-la-comunicacion-en-el-gobierno\/\" target=\"_blank\" rel=\"noopener noreferrer\" data-auth=\"NotApplicable\" data-linkindex=\"21\">\u201cNo hay una persona que lidere la comunicaci\u00f3n en el Gobierno\u201d. Se refiere Mario Herrera Mu\u00f1oz, acad\u00e9mico del Centro de An\u00e1lisis Pol\u00edtico (CAP-UTalca)<\/a>\u00a0<\/div><div aria-hidden=\"true\">\u00a0<\/div><div><b>EMOL.COM<\/b>\u00a0<br \/><a id=\"OWAfecdf53c-82ee-c59b-0078-6540997cacad\" title=\"https:\/\/www.emol.com\/noticias\/Nacional\/2026\/04\/28\/1198423\/segundo-piso-errores-critica-oficialista.html\" href=\"https:\/\/www.emol.com\/noticias\/Nacional\/2026\/04\/28\/1198423\/segundo-piso-errores-critica-oficialista.html\" target=\"_blank\" rel=\"noopener noreferrer\" data-auth=\"NotApplicable\" data-linkindex=\"22\">Segundo Piso en el radar: La serie de errores que abrieron cr\u00edticas del oficialismo al n\u00facleo de Kast. Se refiere Mario Herrera Mu\u00f1oz, acad\u00e9mico del Centro de An\u00e1lisis Pol\u00edtico (CAP-UTalca)<\/a>\u00a0<\/div><div aria-hidden=\"true\">\u00a0<\/div><div><b>MAULE HOY &#8211; CHILE<\/b>\u00a0<br \/><a id=\"OWA8d88b44e-310d-7ff3-e3fc-e97eb5f0ae0c\" title=\"https:\/\/mediastation.simbiu.es\/files\/index\/1\/136975001\/pressRecorte\/2026-04-28\/maulhoy_008_T136975001_20260428120000.jpg\/424052367?trackingToken=eyJhbGciOiJIUzI1NiIsInR5cCI6IkpXVCJ9.eyJpZFVzZXIiOiI5NDI1IiwiaWRDb3Jwb3JhdGUiOiI0OTY3In0.YJxkiGNFlNmZnG2N-r0uR81WkuvHMtZDRZo0QO-JNAo\" href=\"https:\/\/mediastation.simbiu.es\/files\/index\/1\/136975001\/pressRecorte\/2026-04-28\/maulhoy_008_T136975001_20260428120000.jpg\/424052367?trackingToken=eyJhbGciOiJIUzI1NiIsInR5cCI6IkpXVCJ9.eyJpZFVzZXIiOiI5NDI1IiwiaWRDb3Jwb3JhdGUiOiI0OTY3In0.YJxkiGNFlNmZnG2N-r0uR81WkuvHMtZDRZo0QO-JNAo\" target=\"_blank\" rel=\"noopener noreferrer\" data-auth=\"NotApplicable\" data-linkindex=\"23\">Explora Maule abre postulaciones 2026 para fortalecer la ciencia escolar en la regi\u00f3n. Se refiere C\u00e9sar Retamal Bravo, director del Programa Explora Maule y jefe de la Unidad de Divulgaci\u00f3n de la Direcci\u00f3n General de Vinculaci\u00f3n con el Medio.<\/a>\u00a0<\/div><div aria-hidden=\"true\">\u00a0<\/div><div><b>MAULEHOY.CL<\/b>\u00a0<br \/><a id=\"OWA12b1f467-abd1-cb1b-f33a-00444a06eecb\" title=\"https:\/\/maulehoy.cl\/2026\/04\/28\/explora-maule-abre-postulaciones-2026-para-fortalecer-la-ciencia-escolar-en-la-region\/\" href=\"https:\/\/maulehoy.cl\/2026\/04\/28\/explora-maule-abre-postulaciones-2026-para-fortalecer-la-ciencia-escolar-en-la-region\/\" target=\"_blank\" rel=\"noopener noreferrer\" data-auth=\"NotApplicable\" data-linkindex=\"24\">Explora Maule abre postulaciones 2026 para fortalecer la ciencia escolar en la regi\u00f3n. Se refiere C\u00e9sar Retamal Bravo, director del Programa Explora Maule y jefe de la Unidad de Divulgaci\u00f3n de la Direcci\u00f3n General de Vinculaci\u00f3n con el Medio.<\/a>\u00a0<\/div><div aria-hidden=\"true\">\u00a0<\/div><div><b>DIARIOELCENTRO.CL<\/b>\u00a0<br \/><a id=\"OWAb5bece1e-9d3d-5cf9-81fd-bbecddf9edc0\" title=\"https:\/\/www.diarioelcentro.cl\/2026\/04\/28\/aniversario-de-logia-ciencia-y-virtud-no-239\/\" href=\"https:\/\/www.diarioelcentro.cl\/2026\/04\/28\/aniversario-de-logia-ciencia-y-virtud-no-239\/\" target=\"_blank\" rel=\"noopener noreferrer\" data-auth=\"NotApplicable\" data-linkindex=\"25\">Aniversario de Logia Ciencia y Virtud\u00a0N\u00ba\u00a0239. Se refiere Jorge Navarrete Bustamante, acad\u00e9mico de la Facultad de Econom\u00eda y Negocios.<\/a>\u00a0<\/div><div aria-hidden=\"true\">\u00a0<\/div><div><b>ELMARTUTINO.CL<\/b>\u00a0<br \/><a id=\"OWA390b6db3-8dbe-cdbc-9543-2de11fef1726\" title=\"https:\/\/www.elmartutino.cl\/noticia\/salud\/como-fortalecer-el-sistema-inmune-en-invierno-alimentos-clave\" href=\"https:\/\/www.elmartutino.cl\/noticia\/salud\/como-fortalecer-el-sistema-inmune-en-invierno-alimentos-clave\" target=\"_blank\" rel=\"noopener noreferrer\" data-auth=\"NotApplicable\" data-linkindex=\"26\">C\u00f3mo fortalecer el sistema inmune en invierno: alimentos clave. Se refiere Carla G\u00f3mez, acad\u00e9mica de la Escuela de Nutrici\u00f3n y Diet\u00e9tica.<\/a>\u00a0<\/div><div aria-hidden=\"true\">\u00a0<\/div><div><b>DIARIOELCENTRO.CL<\/b>\u00a0<br \/><a id=\"OWAb1121ee1-45e3-75fa-54c6-4d4562e59789\" title=\"https:\/\/www.diarioelcentro.cl\/2026\/04\/28\/donde-dije-digo-digo-diego\/\" href=\"https:\/\/www.diarioelcentro.cl\/2026\/04\/28\/donde-dije-digo-digo-diego\/\" target=\"_blank\" rel=\"noopener noreferrer\" data-auth=\"NotApplicable\" data-linkindex=\"27\">Donde dije digo, digo Diego. Se refiere Diego Palomo, acad\u00e9mico\u00a0de la Facultas de Ciencias Jur\u00eddicas y Sociales.<\/a>\u00a0\u00a0<\/div><div aria-hidden=\"true\">\u00a0<\/div><div><b>DIARIOTALCA.CL<\/b>\u00a0<br \/><a id=\"OWAed6a79d1-703e-e6ba-5431-df03b32b4194\" title=\"https:\/\/diariotalca.cl\/por-que-no-baja-la-obesidad-infantil-en-chile-expertos-explican-las-causas\/\" href=\"https:\/\/diariotalca.cl\/por-que-no-baja-la-obesidad-infantil-en-chile-expertos-explican-las-causas\/\" target=\"_blank\" rel=\"noopener noreferrer\" data-auth=\"NotApplicable\" data-linkindex=\"28\">\u00bfPor qu\u00e9 no baja la obesidad infantil en Chile? Expertos explican las causas. Se refieren Mauricio Orellana, acad\u00e9mico de la Escuela de Nutrici\u00f3n y Diet\u00e9tica y Daisy Ram\u00edrez, acad\u00e9mica de la Escuela de Kinesiolog\u00eda.<\/a>\u00a0<br \/>\u00a0<\/div><div><b>LA PRENSA DE CURIC\u00d3 &#8211; CHILE<\/b>\u00a0<br \/><a id=\"OWAa45e5826-f92a-e118-ed9e-4d03509e1d80\" title=\"https:\/\/mediastation.simbiu.es\/Files\/Index\/1\/136976141\/PressRecorte?idNoticia=424121430&amp;medio=LA%20PRENSA%20DE%20CURIC%C3%93%20-%20CHILE&amp;trackingToken=eyJhbGciOiJIUzI1NiIsInR5cCI6IkpXVCJ9.eyJpZFVzZXIiOiI5NDI1IiwiaWRDb3Jwb3JhdGUiOiI0OTY3In0.YJxkiGNFlNmZnG2N-r0uR81WkuvHMtZDRZo0QO-JNAo\" href=\"https:\/\/mediastation.simbiu.es\/Files\/Index\/1\/136976141\/PressRecorte?idNoticia=424121430&amp;medio=LA%20PRENSA%20DE%20CURIC%C3%93%20-%20CHILE&amp;trackingToken=eyJhbGciOiJIUzI1NiIsInR5cCI6IkpXVCJ9.eyJpZFVzZXIiOiI5NDI1IiwiaWRDb3Jwb3JhdGUiOiI0OTY3In0.YJxkiGNFlNmZnG2N-r0uR81WkuvHMtZDRZo0QO-JNAo\" target=\"_blank\" rel=\"noopener noreferrer\" data-auth=\"NotApplicable\" data-linkindex=\"29\">Sucede. Se menciona a la Universidad de Talca.<\/a>\u00a0<\/div><div aria-hidden=\"true\">\u00a0<\/div><div><b>LA PRENSA DE CURIC\u00d3 &#8211; CHILE<\/b>\u00a0<br \/><a id=\"OWA072369dc-d1ce-cf50-50f7-513fcbd3e442\" title=\"https:\/\/mediastation.simbiu.es\/Files\/Index\/1\/136976139\/PressRecorte?idNoticia=424121443&amp;medio=LA%20PRENSA%20DE%20CURIC%C3%93%20-%20CHILE&amp;trackingToken=eyJhbGciOiJIUzI1NiIsInR5cCI6IkpXVCJ9.eyJpZFVzZXIiOiI5NDI1IiwiaWRDb3Jwb3JhdGUiOiI0OTY3In0.YJxkiGNFlNmZnG2N-r0uR81WkuvHMtZDRZo0QO-JNAo\" href=\"https:\/\/mediastation.simbiu.es\/Files\/Index\/1\/136976139\/PressRecorte?idNoticia=424121443&amp;medio=LA%20PRENSA%20DE%20CURIC%C3%93%20-%20CHILE&amp;trackingToken=eyJhbGciOiJIUzI1NiIsInR5cCI6IkpXVCJ9.eyJpZFVzZXIiOiI5NDI1IiwiaWRDb3Jwb3JhdGUiOiI0OTY3In0.YJxkiGNFlNmZnG2N-r0uR81WkuvHMtZDRZo0QO-JNAo\" target=\"_blank\" rel=\"noopener noreferrer\" data-auth=\"NotApplicable\" data-linkindex=\"30\">Universidad de Talca presentar\u00e1 libro &#8220;Voces Po\u00e9ticas Mujeres del Maule&#8221;. Se menciona a la Universidad de Talca.<\/a>\u00a0<\/div><div aria-hidden=\"true\">\u00a0<\/div><div><b>VLNRADIO.CL<\/b>\u00a0<br \/><a id=\"OWA74d656aa-8e65-6aed-cde6-3d578ee7a8a4\" title=\"https:\/\/www.vlnradio.cl\/noticias\/nacional\/region-del-maule\/2026\/04\/28\/exministro-mario-marcel-dictara-charla-magistral-para-inaugurar-el-ano-academico-de-la-universidad-de-talca\/\" href=\"https:\/\/www.vlnradio.cl\/noticias\/nacional\/region-del-maule\/2026\/04\/28\/exministro-mario-marcel-dictara-charla-magistral-para-inaugurar-el-ano-academico-de-la-universidad-de-talca\/\" target=\"_blank\" rel=\"noopener noreferrer\" data-auth=\"NotApplicable\" data-linkindex=\"31\">Exministro Mario Marcel dictar\u00e1 charla magistral para inaugurar el a\u00f1o acad\u00e9mico de la Universidad de Talca. Se menciona a la Universidad de Talca.<\/a>\u00a0<\/div><div>\u00a0<\/div><div><b>DIARIOELCENTRO.CL<\/b>\u00a0<br \/><a id=\"OWA21501abe-48d8-feb3-ab06-bd5e0413572b\" title=\"https:\/\/www.diarioelcentro.cl\/2026\/04\/28\/preuniversitarios-sociales-amplian-acceso-a-la-educacion-superior-en-la-region-del-maule\/\" href=\"https:\/\/www.diarioelcentro.cl\/2026\/04\/28\/preuniversitarios-sociales-amplian-acceso-a-la-educacion-superior-en-la-region-del-maule\/\" target=\"_blank\" rel=\"noopener noreferrer\" data-auth=\"NotApplicable\" data-linkindex=\"32\">Preuniversitarios sociales ampl\u00edan acceso a la educaci\u00f3n superior en la Regi\u00f3n del Maule. Se menciona a la Universidad de Talca.<\/a>\u00a0<\/div><div aria-hidden=\"true\">\u00a0<\/div><div><b>DIARIOLAMAA\u00d1ANA.CL<\/b>\u00a0<br \/><a id=\"OWA698d5aa7-3950-220f-12cb-080215de235b\" title=\"https:\/\/xn--diariolamaana-rkb.cl\/beatriz-sanchez-critica-alza-del-costo-de-la-vida-en-el-maule\/\" href=\"https:\/\/xn--diariolamaana-rkb.cl\/beatriz-sanchez-critica-alza-del-costo-de-la-vida-en-el-maule\/\" target=\"_blank\" rel=\"noopener noreferrer\" data-auth=\"NotApplicable\" data-linkindex=\"33\">Beatriz S\u00e1nchez critica alza del costo de la vida en el Maule. Se menciona a la Universidad de Talca.<\/a>\u00a0<\/div>\t\t\t\t\t\t<\/div>\n\t\t\t\t<\/div>\n\t\t\t\t\t<\/div>\n\t\t<\/div>\n\t\t\t\t\t\t\t<\/div>\n\t\t<\/section>\n\t\t\t\t\t\t<\/div>\n\t\t\t\t\t<\/div>\n\t\t","protected":false},"excerpt":{"rendered":"<p>CNN CHILE\u00a0Hidrogel de veneno de avispa para pie diab\u00e9tico. Se refieren Esteban Dur\u00e1n Lara, acad\u00e9mico de Microbiolog\u00eda de la UTalca.\u00a0\u00a0RADIO BIOB\u00cdO (VALPARA\u00cdSO)\u00a0Entrevista a Valentina Parot, acad\u00e9mica de la Escuela de Nutrici\u00f3n y Diet\u00e9tica de la Universidad de Talca. Se refiere Valentina Parot, acad\u00e9mica de la Escuela de Nutrici\u00f3n y Diet\u00e9tica.\u00a0\u00a0RADIO AGRICULTURA\u00a0C\u00f3mo fortalecer el sistema inmune &hellip;<\/p>\n<p class=\"read-more\"> <a class=\"\" href=\"https:\/\/www.reportedeprensa.utalca.cl\/?p=13713\"> <span class=\"screen-reader-text\">29 de abril 2026<\/span> Read More &raquo;<\/a><\/p>\n","protected":false},"author":1,"featured_media":0,"comment_status":"closed","ping_status":"open","sticky":false,"template":"","format":"standard","meta":{"_monsterinsights_skip_tracking":false,"_monsterinsights_sitenote_active":false,"_monsterinsights_sitenote_note":"","_monsterinsights_sitenote_category":0},"categories":[69],"tags":[],"_links":{"self":[{"href":"https:\/\/www.reportedeprensa.utalca.cl\/index.php?rest_route=\/wp\/v2\/posts\/13713"}],"collection":[{"href":"https:\/\/www.reportedeprensa.utalca.cl\/index.php?rest_route=\/wp\/v2\/posts"}],"about":[{"href":"https:\/\/www.reportedeprensa.utalca.cl\/index.php?rest_route=\/wp\/v2\/types\/post"}],"author":[{"embeddable":true,"href":"https:\/\/www.reportedeprensa.utalca.cl\/index.php?rest_route=\/wp\/v2\/users\/1"}],"replies":[{"embeddable":true,"href":"https:\/\/www.reportedeprensa.utalca.cl\/index.php?rest_route=%2Fwp%2Fv2%2Fcomments&post=13713"}],"version-history":[{"count":4,"href":"https:\/\/www.reportedeprensa.utalca.cl\/index.php?rest_route=\/wp\/v2\/posts\/13713\/revisions"}],"predecessor-version":[{"id":13730,"href":"https:\/\/www.reportedeprensa.utalca.cl\/index.php?rest_route=\/wp\/v2\/posts\/13713\/revisions\/13730"}],"wp:attachment":[{"href":"https:\/\/www.reportedeprensa.utalca.cl\/index.php?rest_route=%2Fwp%2Fv2%2Fmedia&parent=13713"}],"wp:term":[{"taxonomy":"category","embeddable":true,"href":"https:\/\/www.reportedeprensa.utalca.cl\/index.php?rest_route=%2Fwp%2Fv2%2Fcategories&post=13713"},{"taxonomy":"post_tag","embeddable":true,"href":"https:\/\/www.reportedeprensa.utalca.cl\/index.php?rest_route=%2Fwp%2Fv2%2Ftags&post=13713"}],"curies":[{"name":"wp","href":"https:\/\/api.w.org\/{rel}","templated":true}]}}