{"id":13723,"date":"2026-04-30T11:36:51","date_gmt":"2026-04-30T14:36:51","guid":{"rendered":"https:\/\/www.reportedeprensa.utalca.cl\/?p=13723"},"modified":"2026-04-30T11:37:12","modified_gmt":"2026-04-30T14:37:12","slug":"30-de-abril-2026","status":"publish","type":"post","link":"https:\/\/www.reportedeprensa.utalca.cl\/?p=13723","title":{"rendered":"30 de abril 2026"},"content":{"rendered":"\t\t<div data-elementor-type=\"wp-post\" data-elementor-id=\"13723\" class=\"elementor elementor-13723\" data-elementor-settings=\"[]\">\n\t\t\t\t\t\t\t<div class=\"elementor-section-wrap\">\n\t\t\t\t\t\t\t<section class=\"elementor-section elementor-top-section elementor-element elementor-element-bcea1a8 elementor-section-boxed elementor-section-height-default elementor-section-height-default\" data-id=\"bcea1a8\" data-element_type=\"section\">\n\t\t\t\t\t\t<div class=\"elementor-container elementor-column-gap-default\">\n\t\t\t\t\t<div class=\"elementor-column elementor-col-100 elementor-top-column elementor-element elementor-element-e7183bf\" data-id=\"e7183bf\" data-element_type=\"column\">\n\t\t\t<div class=\"elementor-widget-wrap elementor-element-populated\">\n\t\t\t\t\t\t\t\t<div class=\"elementor-element elementor-element-3590887 elementor-widget elementor-widget-text-editor\" data-id=\"3590887\" data-element_type=\"widget\" data-widget_type=\"text-editor.default\">\n\t\t\t\t<div class=\"elementor-widget-container\">\n\t\t\t\t\t\t\t\t<p><b><span data-contrast=\"auto\">ELCIUDADANO.COM<\/span><\/b>\u00a0<br \/><a href=\"https:\/\/www.elciudadano.com\/chile\/exministro-marcel-la-politica-economica-esta-para-reducir-la-incertidumbre-y-no-para-maximizar-el-dolor\/04\/29\/\"><span data-contrast=\"none\">Exministro Marcel: \u00abLa pol\u00edtica econ\u00f3mica est\u00e1 para reducir la incertidumbre y no para maximizar el dolor\u00bb. Se menciona a la Universidad de Talca.<\/span><\/a><span data-ccp-props=\"{}\">\u00a0<\/span><\/p><p><span data-ccp-props=\"{}\">\u00a0<\/span><\/p><p><b><span data-contrast=\"auto\">DF.CL<\/span><\/b>\u00a0<br \/><a href=\"https:\/\/www.df.cl\/economia-y-politica\/macro\/marcel-arremete-contra-sugerencia-de-recortar-presupuesto-de-la-pgu-y\"><span data-contrast=\"none\">Marcel arremete contra sugerencia de recortar presupuesto de la PGU y refuerza que el monto est\u00e1 determinado por una ley. Se menciona a la Universidad de Talca.<\/span><\/a><span data-ccp-props=\"{}\">\u00a0<\/span><\/p><p><span data-ccp-props=\"{}\">\u00a0<\/span><\/p><p><span data-ccp-props=\"{}\">\u00a0<\/span><\/p><p><b><span data-contrast=\"auto\">BIOBIOCHILE.CL<\/span><\/b>\u00a0<br \/><a href=\"https:\/\/www.biobiochile.cl\/noticias\/nacional\/chile\/2026\/04\/29\/marcel-se-suma-a-debate-por-ajustes-fiscales-es-dificil-interpretarlo-de-una-manera-no-radical.shtml\"><span data-contrast=\"none\">Marcel se suma a debate por ajustes fiscales: &#8220;Es dif\u00edcil interpretarlo de una manera no radical&#8221;. Se menciona a la Universidad de Talca.<\/span><\/a><span data-ccp-props=\"{}\">\u00a0<\/span><\/p><p><span data-ccp-props=\"{}\">\u00a0<\/span><\/p><p><b><span data-contrast=\"auto\">MSN.COM\/ES-CL<\/span><\/b>\u00a0<br \/><a href=\"https:\/\/www.msn.com\/es-cl\/noticias\/chile\/quiroz-descart%C3%B3-recortes-en-ayudas-incluida-la-pgu-no-se-va-a-tocar-ning%C3%BAn-beneficio-social\/ar-AA2221j9\"><span data-contrast=\"none\">Quiroz descart\u00f3 recortes en ayudas, incluida la PGU: &#8220;No se va a tocar ning\u00fan beneficio social&#8221;. Se menciona a la Universidad de Talca.<\/span><\/a><span data-ccp-props=\"{}\">\u00a0<\/span><\/p><p><span data-ccp-props=\"{}\">\u00a0<\/span><\/p><p><b><span data-contrast=\"auto\">MSN.COM\/ES-CL<\/span><\/b>\u00a0<br \/><a href=\"https:\/\/www.msn.com\/es-cl\/noticias\/other\/marcel-se-suma-a-debate-por-ajustes-fiscales-es-dif%C3%ADcil-interpretarlo-de-una-manera-no-radical\/ar-AA2215bN\"><span data-contrast=\"none\">Marcel se suma a debate por ajustes fiscales: &#8220;Es dif\u00edcil interpretarlo de una manera no radical&#8221;. Se menciona a la Universidad de Talca.<\/span><\/a><span data-ccp-props=\"{}\">\u00a0<\/span><\/p><p><span data-ccp-props=\"{}\">\u00a0<\/span><\/p><p><b><span data-contrast=\"auto\">COOPERATIVA.CL<\/span><\/b>\u00a0<br \/><a href=\"https:\/\/www.cooperativa.cl\/noticias\/economia\/presupuesto\/quiroz-descarto-recortes-en-ayudas-incluida-la-pgu-no-se-va-a-tocar\/2026-04-29\/143527.html\"><span data-contrast=\"none\">Quiroz descart\u00f3 recortes en ayudas, incluida la PGU: &#8220;No se va a tocar ning\u00fan beneficio social&#8221;. Se menciona a la Universidad de Talca.<\/span><\/a><span data-ccp-props=\"{}\">\u00a0<\/span><\/p><p><span data-ccp-props=\"{}\">\u00a0<\/span><\/p><p><b><span data-contrast=\"auto\">INOTICIAS.CL<\/span><\/b>\u00a0<br \/><a href=\"https:\/\/inoticias.cl\/detalle\/exministro-marcel-la-politica-economica-esta-para-reducir\"><span data-contrast=\"none\">Exministro Marcel: \u00abLa pol\u00edtica econ\u00f3mica est\u00e1 para reducir la incertidumbre y no para maximizar el dolor\u00bb. Se menciona a la Universidad de Talca.<\/span><\/a><span data-ccp-props=\"{}\">\u00a0<\/span><\/p><p><span data-ccp-props=\"{}\">\u00a0<\/span><\/p><p><b><span data-contrast=\"auto\">REPORTEDIARIO.CL<\/span><\/b>\u00a0<br \/><a href=\"https:\/\/reportediario.cl\/2026\/04\/29\/mario-marcel-y-ajustes-fiscales-es-dificil-una-mirada-no-radical\/\"><span data-contrast=\"none\">Mario Marcel y ajustes fiscales: \u2018Es dif\u00edcil una mirada no radical. Se menciona a la Universidad de Talca.<\/span><\/a><span data-ccp-props=\"{}\">\u00a0<\/span><\/p><p><span data-ccp-props=\"{}\">\u00a0<\/span><\/p><p><b><span data-contrast=\"auto\">RADIO.UCHILE.CL<\/span><\/b>\u00a0<br \/><a href=\"https:\/\/radio.uchile.cl\/2026\/04\/29\/exministro-marcel-por-eventual-recorte-a-la-pgu-hay-gastos-que-estan-determinados-por-ley\/\"><span data-contrast=\"none\">Exministro Marcel por eventual recorte a la PGU: \u201cHay gastos que est\u00e1n determinados por ley&#8221;. Se menciona a la Universidad de Talca.<\/span><\/a><span data-ccp-props=\"{}\">\u00a0<\/span><\/p><p><span data-ccp-props=\"{}\">\u00a0<\/span><\/p><p><span data-ccp-props=\"{}\">\u00a0<\/span><\/p><p><b><span data-contrast=\"auto\">G5NOTICIAS.CL<\/span><\/b>\u00a0<br \/><a href=\"https:\/\/g5noticias.cl\/2026\/04\/29\/exministro-marcel-la-politica-economica-esta-para-reducir-la-incertidumbre-y-no-para-maximizar-el-dolor\/\"><span data-contrast=\"none\">Exministro Marcel: \u201cLa pol\u00edtica econ\u00f3mica est\u00e1 para reducir la incertidumbre y no para maximizar el dolor\u201d. Se refiere Carlos Torres Fuchslocher, rector.<\/span><\/a><span data-ccp-props=\"{}\">\u00a0<\/span><\/p><p><span data-ccp-props=\"{}\">\u00a0<\/span><\/p><p><b><span data-contrast=\"auto\">RADIO COOPERATIVA<\/span><\/b>\u00a0<br \/><a href=\"https:\/\/mediastation.simbiu.es\/_BD\/2026\/ABR\/29\/rcooper-20260429-mie-1800-2000-00_20260429_004547_00.mp4\"><span data-contrast=\"none\">Ministro Marcel coment\u00f3 sobre los recortes del gobierno. Se menciona a la Universidad de Talca.<\/span><\/a><span data-ccp-props=\"{}\">\u00a0<\/span><\/p><p><span data-ccp-props=\"{}\">\u00a0<\/span><\/p><p><b><span data-contrast=\"auto\">MAULENEWS.COM<\/span><\/b>\u00a0<br \/><a href=\"https:\/\/www.maulenews.com\/2026\/04\/exministro-marcel-la-politica-economica.html\"><span data-contrast=\"none\">Exministro Marcel: \u201cLa pol\u00edtica econ\u00f3mica est\u00e1 para reducir la incertidumbre y no para maximizar el dolor\u201d. Se refiere Carlos Torres Fuchslocher, rector.<\/span><\/a><span data-ccp-props=\"{}\">\u00a0<\/span><\/p><p><span data-ccp-props=\"{}\">\u00a0<\/span><\/p><p><b><span data-contrast=\"auto\">RADIOFMMAS.CL<\/span><\/b>\u00a0<br \/><a href=\"https:\/\/radiofmmas.cl\/marcel-advierte-contra-ajustes-extremos-la-politica-economica-esta-para-reducir-la-incertidumbre-y-no-para-maximizar-el-dolor\/\"><span data-contrast=\"none\">Marcel advierte contra ajustes extremos: \u201cLa pol\u00edtica econ\u00f3mica est\u00e1 para reducir la incertidumbre y no para maximizar el dolor\u201d. Se refiere Carlos Torres Fuchslocher.<\/span><\/a><span data-ccp-props=\"{}\">\u00a0<\/span><\/p><p><span data-ccp-props=\"{}\">\u00a0<\/span><\/p><p><b><span data-contrast=\"auto\">ADPRENSA.CL<\/span><\/b>\u00a0<br \/><a href=\"https:\/\/adprensa.cl\/exministro-marcel-la-politica-economica-esta-para-reducir-la-incertidumbre-y-no-para-maximizar-el-dolor\/\"><span data-contrast=\"none\">Exministro Marcel: \u201cLa pol\u00edtica econ\u00f3mica est\u00e1 para reducir la incertidumbre y no para maximizar el dolor\u201d. Se refiere Carlos Torres Fuchslocher, rector.<\/span><\/a><span data-ccp-props=\"{}\">\u00a0<\/span><\/p><p><span data-ccp-props=\"{}\">\u00a0<\/span><\/p><p><b><span data-contrast=\"auto\">SEPTIMAPAGINANOTICIAS.CL<\/span><\/b>\u00a0<br \/><a href=\"https:\/\/www.septimapaginanoticias.cl\/exministro-marcel-la-politica-economica-esta-para-reducir-la-incertidumbre-y-no-para-maximizar-el-dolor\"><span data-contrast=\"none\">ExMinistro Marcel: \u201cLa pol\u00edtica econ\u00f3mica est\u00e1 para reducir la incertidumbre y no para maximizar el dolor\u201d. Se refiere Carlos Torres Fuchslocher, rector.<\/span><\/a><span data-ccp-props=\"{}\">\u00a0<\/span><\/p><p><span data-ccp-props=\"{}\">\u00a0<\/span><\/p><p><b><span data-contrast=\"auto\">MEDIABANCO.COM<\/span><\/b>\u00a0<br \/><a href=\"https:\/\/www.mediabanco.com\/exministro-marcel-la-politica-economica-esta-para-reducir-la-incertidumbre-y-no-para-maximizar-el-dolor\/\"><span data-contrast=\"none\">Exministro Marcel: \u201cLa pol\u00edtica econ\u00f3mica est\u00e1 para reducir la incertidumbre y no para maximizar el dolor\u201d. Se refiere Carlos Torres Fuchslocher, rector.<\/span><\/a><span data-ccp-props=\"{}\">\u00a0<\/span><\/p><p><span data-ccp-props=\"{}\">\u00a0<\/span><\/p><p><b><span data-contrast=\"auto\">CNN CHILE<\/span><\/b>\u00a0<br \/><a href=\"https:\/\/mediastation.simbiu.es\/_BD\/2026\/ABR\/29\/cnnchil-20260429-mie-1430-1729-00_20260429_233413_04.mp4\"><span data-contrast=\"none\">Hidrogel de veneno de avispa para pie diab\u00e9tico. Se refieren Esteban Dur\u00e1n Lara, acad\u00e9mico de Microbiolog\u00eda UTalca.<\/span><\/a><span data-ccp-props=\"{}\">\u00a0<\/span><\/p><p><span data-ccp-props=\"{}\">\u00a0<\/span><\/p><p><b><span data-contrast=\"auto\">EL LECTOR <\/span><\/b>\u00a0<br \/><a href=\"https:\/\/mediastation.simbiu.es\/files\/index\/1\/136990786\/pressRecorte\/2026-04-29\/lecchig_011_T136990786_20260429120000.jpg\/424391170?trackingToken=eyJhbGciOiJIUzI1NiIsInR5cCI6IkpXVCJ9.eyJpZFVzZXIiOiI5NDI1IiwiaWRDb3Jwb3JhdGUiOiI0OTY3In0.YJxkiGNFlNmZnG2N-r0uR81WkuvHMtZDRZo0QO-JNAo\"><span data-contrast=\"none\">Entre copas y versos: nueva edici\u00f3n del Festival Vino y Poes\u00eda. Se refieren Carlos Torres Fuchslocher, rector y Patricio G\u00f3mez Arismendi, director del Campus Colchagua.<\/span><\/a><span data-ccp-props=\"{}\">\u00a0<\/span><\/p><p><span data-ccp-props=\"{}\">\u00a0<\/span><\/p><p><b><span data-contrast=\"auto\">ADPRENSA.CL<\/span><\/b>\u00a0<br \/><a href=\"https:\/\/adprensa.cl\/entre-copas-y-versos-nueva-edicion-del-festival-vino-y-poesia\/\"><span data-contrast=\"none\">Entre copas y versos: nueva edici\u00f3n del Festival Vino y Poes\u00eda. Se refieren Carlos Torres Fuchslocher, rector y Patricio G\u00f3mez Arismendi, director del Campus Colchagua.<\/span><\/a><span data-ccp-props=\"{}\">\u00a0<\/span><\/p><p><span data-ccp-props=\"{}\">\u00a0<\/span><\/p><p><b><span data-contrast=\"auto\">DIARIOELCENTRO.CL<\/span><\/b>\u00a0<br \/><a href=\"https:\/\/www.diarioelcentro.cl\/2026\/04\/29\/expertos-alertan-por-uso-excesivo-de-enjuagues-bucales-y-su-posible-vinculo-con-cancer-oral\/\"><span data-contrast=\"none\">Expertos alertan por uso excesivo de enjuagues bucales y su posible v\u00ednculo con c\u00e1ncer oral. Se refiere C\u00e9sar Rivera Mart\u00ednez, acad\u00e9mico de la Facultad de Odontolog\u00eda.<\/span><\/a><span data-ccp-props=\"{}\">\u00a0<\/span><\/p><p><span data-ccp-props=\"{}\">\u00a0<\/span><\/p><p><b><span data-contrast=\"auto\">REDMAULE.COM<\/span><\/b>\u00a0<br \/><a href=\"https:\/\/redmaule.com\/pocos-lo-saben-el-peligro-de-usar-enjuague-bucal-con-alcohol-de-forma\"><span data-contrast=\"none\">Pocos lo saben: El peligro de usar enjuague bucal con alcohol de forma permanente. Se refiere C\u00e9sar Rivera Mart\u00ednez, acad\u00e9mico de la Facultad de Odontolog\u00eda.<\/span><\/a><span data-ccp-props=\"{}\">\u00a0<\/span><\/p><p><span data-ccp-props=\"{}\">\u00a0<\/span><\/p><p><b><span data-contrast=\"auto\">MEDIABANCO.COM<\/span><\/b>\u00a0<br \/><a href=\"https:\/\/www.mediabanco.com\/enjuagues-bucales-riesgos-de-usarlos-permanentemente\/\"><span data-contrast=\"none\">Enjuagues bucales: riesgos de usarlos permanentemente. Se refiere C\u00e9sar Rivera Mart\u00ednez, acad\u00e9mico de la Facultad de Odontolog\u00eda.<\/span><\/a><span data-ccp-props=\"{}\">\u00a0<\/span><\/p><p><span data-ccp-props=\"{}\">\u00a0<\/span><\/p><p><b><span data-contrast=\"auto\">RADIOALLEN.CL<\/span><\/b>\u00a0<br \/><a href=\"https:\/\/radioallen.cl\/salud-enjuagues-bucales-riesgos-de-usarlos-permanentemente\/\"><span data-contrast=\"none\">Salud: Enjuagues bucales, riesgos de usarlos permanentemente. Se refiere C\u00e9sar Rivera Mart\u00ednez, acad\u00e9mico de la Facultad de Odontolog\u00eda.<\/span><\/a><span data-ccp-props=\"{}\">\u00a0<\/span><\/p><p><span data-ccp-props=\"{}\">\u00a0<\/span><\/p><p><b><span data-contrast=\"auto\">REDARAUCANIA.COM<\/span><\/b>\u00a0<br \/><a href=\"https:\/\/www.redaraucania.com\/pocos-lo-saben-el-peligro-de-usar-enjuague-bucal-con-alcohol-de-forma\"><span data-contrast=\"none\">Pocos lo saben: El peligro de usar enjuague bucal con alcohol de forma permanente. Se refiere C\u00e9sar Rivera Mart\u00ednez, acad\u00e9mico de la Facultad de Odontolog\u00eda.<\/span><\/a><span data-ccp-props=\"{}\">\u00a0<\/span><\/p><p><span data-ccp-props=\"{}\">\u00a0<\/span><\/p><p><b><span data-contrast=\"auto\">REDAYSEN.COM<\/span><\/b>\u00a0<br \/><a href=\"https:\/\/www.redaysen.com\/pocos-lo-saben-el-peligro-de-usar-enjuague-bucal-con-alcohol-de-forma\"><span data-contrast=\"none\">Pocos lo saben: El peligro de usar enjuague bucal con alcohol de forma permanente. Se refiere C\u00e9sar Rivera Mart\u00ednez, acad\u00e9mico de la Facultad de Odontolog\u00eda.<\/span><\/a><span data-ccp-props=\"{}\">\u00a0<\/span><\/p><p><span data-ccp-props=\"{}\">\u00a0<\/span><\/p><p><b><span data-contrast=\"auto\">DIARIOSENRED.COM<\/span><\/b>\u00a0<br \/><a href=\"https:\/\/www.diariosenred.com\/pocos-lo-saben-el-peligro-de-usar-enjuague-bucal-con-alcohol-de-forma\"><span data-contrast=\"none\">Pocos lo saben: El peligro de usar enjuague bucal con alcohol de forma permanente. Se refiere C\u00e9sar Rivera Mart\u00ednez, acad\u00e9mico de la Facultad de Odontolog\u00eda.<\/span><\/a><span data-ccp-props=\"{}\">\u00a0<\/span><\/p><p><span data-ccp-props=\"{}\">\u00a0<\/span><\/p><p><b><span data-contrast=\"auto\">CANAL2LINARES.CL<\/span><\/b>\u00a0<br \/><a href=\"https:\/\/www.canal2linares.cl\/2026\/04\/mas-alla-de-la-vitamina-c-que-comer-en.html\"><span data-contrast=\"none\">M\u00e1s all\u00e1 de la vitamina C: qu\u00e9 comer en \u00e9poca de fr\u00edo para apoyar el sistema inmune. Se refiere Carla G\u00f3mez, acad\u00e9mica de la Escuela de Nutrici\u00f3n y Diet\u00e9tica.<\/span><\/a><span data-ccp-props=\"{}\">\u00a0<\/span><\/p><p><span data-ccp-props=\"{}\">\u00a0<\/span><\/p><p><b><span data-contrast=\"auto\">PAGINAV.CL<\/span><\/b>\u00a0<br \/><a href=\"https:\/\/paginav.cl\/2026\/04\/29\/mas-alla-de-la-vitamina-c-que-comer-en-epoca-de-frio-para-apoyar-el-sistema-inmune\/\"><span data-contrast=\"none\">M\u00e1s all\u00e1 de la vitamina C: qu\u00e9 comer en \u00e9poca de fr\u00edo para apoyar el sistema inmune. Se refiere Carla G\u00f3mez, acad\u00e9mica de la Escuela de Nutrici\u00f3n y Diet\u00e9tica.<\/span><\/a><span data-ccp-props=\"{}\">\u00a0<\/span><\/p><p><span data-ccp-props=\"{}\">\u00a0<\/span><\/p><p><b><span data-contrast=\"auto\">DIARIOTALCA.CL<\/span><\/b>\u00a0<br \/><a href=\"https:\/\/diariotalca.cl\/mas-alla-de-la-vitamina-c-sugieren-que-comer-en-epoca-de-frio-para-apoyar-el-sistema-inmune\/\"><span data-contrast=\"none\">M\u00e1s all\u00e1 de la vitamina C: sugieren qu\u00e9 comer en \u00e9poca de fr\u00edo para apoyar el sistema inmune. Se refiere Carla G\u00f3mez, acad\u00e9mica de la Escuela de Nutrici\u00f3n y Diet\u00e9tica.<\/span><\/a><span data-ccp-props=\"{}\">\u00a0<\/span><\/p><p><span data-ccp-props=\"{}\">\u00a0<\/span><\/p><p><b><span data-contrast=\"auto\">RADIOCRISTALINA.CL<\/span><\/b>\u00a0<br \/><a href=\"https:\/\/radiocristalina.cl\/salud-mas-alla-de-la-vitamina-c-que-comer-en-epoca-de-frio-para-apoyar-el-sistema-inmune\/\"><span data-contrast=\"none\">SALUD: M\u00e1s all\u00e1 de la vitamina C, qu\u00e9 comer en \u00e9poca de fr\u00edo para apoyar el sistema inmune. Se refiere Carla G\u00f3mez, acad\u00e9mica de la Escuela de Nutrici\u00f3n y Diet\u00e9tica.<\/span><\/a><span data-ccp-props=\"{}\">\u00a0<\/span><\/p><p><span data-ccp-props=\"{}\">\u00a0<\/span><\/p><p><b><span data-contrast=\"auto\">LA PRENSA DE CURIC\u00d3 <\/span><\/b>\u00a0<br \/><a href=\"https:\/\/mediastation.simbiu.es\/files\/index\/1\/136999412\/pressRecorte\/2026-04-29\/lprchig_011_T136999412_20260429120000.jpg\/424595626?trackingToken=eyJhbGciOiJIUzI1NiIsInR5cCI6IkpXVCJ9.eyJpZFVzZXIiOiI5NDI1IiwiaWRDb3Jwb3JhdGUiOiI0OTY3In0.YJxkiGNFlNmZnG2N-r0uR81WkuvHMtZDRZo0QO-JNAo\"><span data-contrast=\"none\">Proyecto encabezado por Universidad de Talca busca recargar pozos con aguas de lluvia. Se refiere Roberto Pizarro Tapia, director de la C\u00e1tedra Unesco en Hidrolog\u00eda de Superficie.<\/span><\/a><span data-ccp-props=\"{}\">\u00a0<\/span><\/p><p><span data-ccp-props=\"{}\">\u00a0<\/span><\/p><p><b><span data-contrast=\"auto\">PAGINAV.CL<\/span><\/b>\u00a0<br \/><a href=\"https:\/\/paginav.cl\/2026\/04\/29\/crisis-hidrica-iniciativa-busca-recargar-pozos-con-aguas-de-lluvia\/\"><span data-contrast=\"none\">Crisis h\u00eddrica: iniciativa busca recargar pozos con aguas de lluvia. Se refiere Roberto Pizarro Tapia, director de la C\u00e1tedra Unesco en Hidrolog\u00eda de Superficie..<\/span><\/a><span data-ccp-props=\"{}\">\u00a0<\/span><\/p><p><span data-ccp-props=\"{}\">\u00a0<\/span><\/p><p><b><span data-contrast=\"auto\">RADIO GUAYAC\u00c1N <\/span><\/b>\u00a0<br \/><a href=\"https:\/\/mediastation.simbiu.es\/_BD\/2026\/ABR\/29\/rguayls-20260429-mie-1800-2000-00_20260429_011541_00.mp4\"><span data-contrast=\"none\">Entrevista a Rodrigo Saens, acad\u00e9mico de la Facultad de econom\u00eda y Negocios.<\/span><\/a><span data-ccp-props=\"{}\">\u00a0<\/span><\/p><p><span data-ccp-props=\"{}\">\u00a0<\/span><\/p><p><b><span data-contrast=\"auto\">RADIO UNIVERSIDAD DE CHILE<\/span><\/b>\u00a0<br \/><a href=\"https:\/\/mediastation.simbiu.es\/_BD\/2026\/ABR\/29\/ruchile-20260429-mie-0700-1000-00_20260429_142303_02.mp4\"><span data-contrast=\"none\">Experto cuestiona respuesta del Gobierno y advierte desorden comunicacional. Se refiere Mario Herrera Mu\u00f1oz, acad\u00e9mico del Centro de an\u00e1lisis Pol\u00edtico (CAP-UTalca)<\/span><\/a><span data-ccp-props=\"{}\">\u00a0<\/span><\/p><p><span data-ccp-props=\"{}\">\u00a0<\/span><\/p><p><b><span data-contrast=\"auto\">RADIONUEVOMUNDO.CL<\/span><\/b>\u00a0<br \/><a href=\"https:\/\/radionuevomundo.cl\/2026\/04\/manana-o-tarde-cual-es-el-mejor-horario-para-estudiar\/\"><span data-contrast=\"none\">Ma\u00f1ana o tarde: \u00bfcu\u00e1l es el mejor horario para estudiar? Se refiere Roberto Ferreira, acad\u00e9mico de la Facultad de Ciencias de la Educaci\u00f3n de la Universidad de Talca.<\/span><\/a><span data-ccp-props=\"{}\">\u00a0<\/span><\/p><p><span data-ccp-props=\"{}\">\u00a0<\/span><\/p><p><b><span data-contrast=\"auto\">ADPRENSA.CL<\/span><\/b>\u00a0<br \/><a href=\"https:\/\/adprensa.cl\/explora-maule-abre-postulaciones-2026-para-fortalecer-la-ciencia-escolar-en-la-region\/\"><span data-contrast=\"none\">Explora Maule abre postulaciones 2026 para fortalecer la ciencia escolar en la regi\u00f3n. Se refiere C\u00e9sar Retamal Bravo, director del Programa Explora Maule y jefe de la Unidad de Divulgaci\u00f3n de la Direcci\u00f3n General de Vinculaci\u00f3n con el Medio.<\/span><\/a><span data-ccp-props=\"{}\">\u00a0<\/span><\/p><p><span data-ccp-props=\"{}\">\u00a0<\/span><\/p><p><b><span data-contrast=\"auto\">LA PRENSA DE CURIC\u00d3 &#8211; CHILE<\/span><\/b>\u00a0<br \/><a href=\"https:\/\/mediastation.simbiu.es\/files\/index\/1\/136999423\/pressRecorte\/2026-04-29\/lprchig_002_T136999423_20260429120000.jpg\/424595800?trackingToken=eyJhbGciOiJIUzI1NiIsInR5cCI6IkpXVCJ9.eyJpZFVzZXIiOiI5NDI1IiwiaWRDb3Jwb3JhdGUiOiI0OTY3In0.YJxkiGNFlNmZnG2N-r0uR81WkuvHMtZDRZo0QO-JNAo\"><span data-contrast=\"none\">Sucede. Se menciona a la Universidad de Talca.<\/span><\/a><span data-ccp-props=\"{}\">\u00a0<\/span><\/p><p><span data-ccp-props=\"{}\">\u00a0<\/span><\/p><p><b><span data-contrast=\"auto\">ELMERCURIO.COM <\/span><\/b>\u00a0<br \/><a href=\"https:\/\/www.elmercurio.com\/Campo\/Noticias\/Noticias\/2026\/04\/29\/910343\/rodeo-29-de-abril.aspx\"><span data-contrast=\"none\">Dos futuros agr\u00f3nomos son los campeones universitarios. Se menciona la Universidad de Talca.<\/span><\/a><span data-ccp-props=\"{}\">\u00a0<\/span><\/p><p><span data-ccp-props=\"{}\">\u00a0<\/span><\/p><p><b><span data-contrast=\"auto\">MAULE HOY &#8211; CHILE<\/span><\/b>\u00a0<br \/><a href=\"https:\/\/mediastation.simbiu.es\/files\/index\/1\/136996468\/pressRecorte\/2026-04-29\/maulhoy_006_T136996468_20260429052302.jpg\/424496818?trackingToken=eyJhbGciOiJIUzI1NiIsInR5cCI6IkpXVCJ9.eyJpZFVzZXIiOiI5NDI1IiwiaWRDb3Jwb3JhdGUiOiI0OTY3In0.YJxkiGNFlNmZnG2N-r0uR81WkuvHMtZDRZo0QO-JNAo\"><span data-contrast=\"none\">\u00abEl alza en el costo de la vida en el Maule es responsabilidad del gobierno y no quiere hacerse cargo\u00bb. Se menciona a la Universidad de Talca.<\/span><\/a><span data-ccp-props=\"{}\">\u00a0<\/span><\/p><p><span data-ccp-props=\"{}\">\u00a0<\/span><\/p><p><b><span data-contrast=\"auto\">MAULE HOY &#8211; CHILE<\/span><\/b>\u00a0<br \/><a href=\"https:\/\/mediastation.simbiu.es\/files\/index\/1\/136996260\/pressRecorte\/2026-04-29\/maulhoy_010_T136996260_20260429120000.jpg\/424488946?trackingToken=eyJhbGciOiJIUzI1NiIsInR5cCI6IkpXVCJ9.eyJpZFVzZXIiOiI5NDI1IiwiaWRDb3Jwb3JhdGUiOiI0OTY3In0.YJxkiGNFlNmZnG2N-r0uR81WkuvHMtZDRZo0QO-JNAo\"><span data-contrast=\"none\">Preuniversitarios sociales de Fundaci\u00f3n Maule impulsan acceso a la educaci\u00f3n superior en la Regi\u00f3n. Se menciona a la Universidad de Talca.<\/span><\/a><span data-ccp-props=\"{}\">\u00a0<\/span><\/p><p><span data-ccp-props=\"{}\">\u00a0<\/span><\/p><p><b><span data-contrast=\"auto\">RADIO AMIGA (TALCA)<\/span><\/b>\u00a0<br \/><a href=\"https:\/\/mediastation.simbiu.es\/_BD\/2026\/ABR\/29\/ramiga-20260429-mie-1330-1400-00_20260429_222150_06.mp4\"><span data-contrast=\"none\">Exministro de Hacienda visita UTalca. Habla: &#8211; Mario Marcel, Ministro de Hacienda. Se menciona a la Universidad de Talca.<\/span><\/a><span data-ccp-props=\"{}\">\u00a0<\/span><\/p><p><span data-ccp-props=\"{}\">\u00a0<\/span><\/p><p><b><span data-contrast=\"auto\">RADIO AMIGA (TALCA)<\/span><\/b>\u00a0<br \/><a href=\"https:\/\/mediastation.simbiu.es\/files\/OirNoticia\/40813329\/3\/https:%2F%2Fmediastation.simbiu.es%2F_BD%2F2026%2FABR%2F29%2Framiga-20260429-mie-1330-1400-00_20260429_221945_05.mp4\/false?trackingToken=eyJhbGciOiJIUzI1NiIsInR5cCI6IkpXVCJ9.eyJpZFVzZXIiOiI5NDI1IiwiaWRDb3Jwb3JhdGUiOiI0OTY3In0.YJxkiGNFlNmZnG2N-r0uR81WkuvHMtZDRZo0QO-JNAo\"><span data-contrast=\"none\">Preuniversitarios sociales de Fundaci\u00f3n Maule impulsan acceso a la educaci\u00f3n superior en la regi\u00f3n. Se menciona a la Universidad de Talca.<\/span><\/a><span data-ccp-props=\"{}\">\u00a0<\/span><\/p><p><span data-ccp-props=\"{}\">\u00a0<\/span><\/p><p><b><span data-contrast=\"auto\">RADIO UNIVERSIDAD DE CHILE<\/span><\/b>\u00a0<br \/><a href=\"https:\/\/mediastation.simbiu.es\/_BD\/2026\/ABR\/29\/ruchile-20260429-mie-1300-1400-00_20260429_200623_01.mp4\"><span data-contrast=\"none\">Se cuestion\u00f3 la reducci\u00f3n de programas del gobierno. Se menciona a la Universidad de Talca.<\/span><\/a><span data-ccp-props=\"{}\">\u00a0<\/span><\/p><p><span data-ccp-props=\"{}\">\u00a0<\/span><\/p><p><b><span data-contrast=\"auto\">CANAL TVN RED MAULE<\/span><\/b>\u00a0<br \/><a href=\"https:\/\/mediastation.simbiu.es\/_BD\/2026\/ABR\/29\/tvnmaul_440d94d6-5122-4f78-bed8-b3f5d55149b3_20260429_093131_02.mp4\"><span data-contrast=\"none\">Exministro Mario Marcel dict\u00f3 charla magistral. Se menciona a la Universidad de Talca.<\/span><\/a><span data-ccp-props=\"{}\">\u00a0<\/span><\/p><p><span data-ccp-props=\"{}\">\u00a0<\/span><\/p><p><b><span data-contrast=\"auto\">VLNRADIO.CL<\/span><\/b>\u00a0<br \/><a href=\"https:\/\/www.vlnradio.cl\/noticias\/nacional\/region-del-maule\/2026\/04\/29\/autoridades-llaman-a-respetar-feriado-irrenunciable-del-1-de-mayo-multas-alcanzan-hasta-los-4-millones-por-trabajador\/\"><span data-contrast=\"none\">Autoridades llaman a respetar feriado irrenunciable del 1 de mayo: Multas alcanzan hasta los 4 millones por trabajador. Se menciona a la Universidad de Talca.<\/span><\/a><span data-ccp-props=\"{}\">\u00a0<\/span><\/p><p><span data-ccp-props=\"{}\">\u00a0<\/span><\/p><p><b><span data-contrast=\"auto\">COOPERATIVACIENCIA.CL<\/span><\/b>\u00a0<br \/><a href=\"https:\/\/www.cooperativaciencia.cl\/salud\/2026\/04\/29\/estudio-revela-que-inmunidad-frente-al-covid-19-llega-al-100-en-chile\/\"><span data-contrast=\"none\">Estudio revela alta inmunidad frente al COVID-19 en Chile, pero advierte brechas en vacunaci\u00f3n. Se menciona a la Universidad de Talca.<\/span><\/a><span data-ccp-props=\"{}\">\u00a0<\/span><\/p><p><span data-ccp-props=\"{}\">\u00a0<\/span><\/p><p><b><span data-contrast=\"auto\">SANGUCHITODEPALTA.CL<\/span><\/b>\u00a0<br \/><a href=\"https:\/\/sanguchitodepalta.cl\/eventos\/panoramas-de-mayo-2026-fiestas-de-la-vendimia-2026-en-nunoa-buin-talca-y-valparaiso\/\"><span data-contrast=\"none\">Panoramas de mayo 2026: Fiestas de la Vendimia 2026 en \u00d1u\u00f1oa, Buin, Talca y Valpara\u00edso. Se menciona a la Universidad de Talca.<\/span><\/a>\u00a0<br \/><span data-ccp-props=\"{}\">\u00a0<\/span><\/p><p><span data-ccp-props=\"{}\">\u00a0<\/span><\/p>\t\t\t\t\t\t<\/div>\n\t\t\t\t<\/div>\n\t\t\t\t\t<\/div>\n\t\t<\/div>\n\t\t\t\t\t\t\t<\/div>\n\t\t<\/section>\n\t\t\t\t\t\t<\/div>\n\t\t\t\t\t<\/div>\n\t\t","protected":false},"excerpt":{"rendered":"<p>ELCIUDADANO.COM\u00a0Exministro Marcel: \u00abLa pol\u00edtica econ\u00f3mica est\u00e1 para reducir la incertidumbre y no para maximizar el dolor\u00bb. Se menciona a la Universidad de Talca.\u00a0 \u00a0 DF.CL\u00a0Marcel arremete contra sugerencia de recortar presupuesto de la PGU y refuerza que el monto est\u00e1 determinado por una ley. Se menciona a la Universidad de Talca.\u00a0 \u00a0 \u00a0 BIOBIOCHILE.CL\u00a0Marcel se &hellip;<\/p>\n<p class=\"read-more\"> <a class=\"\" href=\"https:\/\/www.reportedeprensa.utalca.cl\/?p=13723\"> <span class=\"screen-reader-text\">30 de abril 2026<\/span> Read More &raquo;<\/a><\/p>\n","protected":false},"author":1,"featured_media":0,"comment_status":"closed","ping_status":"open","sticky":false,"template":"","format":"standard","meta":{"_monsterinsights_skip_tracking":false,"_monsterinsights_sitenote_active":false,"_monsterinsights_sitenote_note":"","_monsterinsights_sitenote_category":0},"categories":[69],"tags":[],"_links":{"self":[{"href":"https:\/\/www.reportedeprensa.utalca.cl\/index.php?rest_route=\/wp\/v2\/posts\/13723"}],"collection":[{"href":"https:\/\/www.reportedeprensa.utalca.cl\/index.php?rest_route=\/wp\/v2\/posts"}],"about":[{"href":"https:\/\/www.reportedeprensa.utalca.cl\/index.php?rest_route=\/wp\/v2\/types\/post"}],"author":[{"embeddable":true,"href":"https:\/\/www.reportedeprensa.utalca.cl\/index.php?rest_route=\/wp\/v2\/users\/1"}],"replies":[{"embeddable":true,"href":"https:\/\/www.reportedeprensa.utalca.cl\/index.php?rest_route=%2Fwp%2Fv2%2Fcomments&post=13723"}],"version-history":[{"count":4,"href":"https:\/\/www.reportedeprensa.utalca.cl\/index.php?rest_route=\/wp\/v2\/posts\/13723\/revisions"}],"predecessor-version":[{"id":13727,"href":"https:\/\/www.reportedeprensa.utalca.cl\/index.php?rest_route=\/wp\/v2\/posts\/13723\/revisions\/13727"}],"wp:attachment":[{"href":"https:\/\/www.reportedeprensa.utalca.cl\/index.php?rest_route=%2Fwp%2Fv2%2Fmedia&parent=13723"}],"wp:term":[{"taxonomy":"category","embeddable":true,"href":"https:\/\/www.reportedeprensa.utalca.cl\/index.php?rest_route=%2Fwp%2Fv2%2Fcategories&post=13723"},{"taxonomy":"post_tag","embeddable":true,"href":"https:\/\/www.reportedeprensa.utalca.cl\/index.php?rest_route=%2Fwp%2Fv2%2Ftags&post=13723"}],"curies":[{"name":"wp","href":"https:\/\/api.w.org\/{rel}","templated":true}]}}