{"id":14561,"date":"2026-08-31T12:13:21","date_gmt":"2026-08-31T15:13:21","guid":{"rendered":"https:\/\/www.reportedeprensa.utalca.cl\/?p=14561"},"modified":"2026-08-31T12:15:21","modified_gmt":"2026-08-31T15:15:21","slug":"31-de-agosto-2026","status":"publish","type":"post","link":"https:\/\/www.reportedeprensa.utalca.cl\/?p=14561","title":{"rendered":"31 de agosto 2026"},"content":{"rendered":"\t\t<div data-elementor-type=\"wp-post\" data-elementor-id=\"14561\" class=\"elementor elementor-14561\" data-elementor-settings=\"[]\">\n\t\t\t\t\t\t\t<div class=\"elementor-section-wrap\">\n\t\t\t\t\t\t\t<section class=\"elementor-section elementor-top-section elementor-element elementor-element-bcea1a8 elementor-section-boxed elementor-section-height-default elementor-section-height-default\" data-id=\"bcea1a8\" data-element_type=\"section\">\n\t\t\t\t\t\t<div class=\"elementor-container elementor-column-gap-default\">\n\t\t\t\t\t<div class=\"elementor-column elementor-col-100 elementor-top-column elementor-element elementor-element-e7183bf\" data-id=\"e7183bf\" data-element_type=\"column\">\n\t\t\t<div class=\"elementor-widget-wrap elementor-element-populated\">\n\t\t\t\t\t\t\t\t<div class=\"elementor-element elementor-element-9becbf1 elementor-widget elementor-widget-text-editor\" data-id=\"9becbf1\" data-element_type=\"widget\" data-widget_type=\"text-editor.default\">\n\t\t\t\t<div class=\"elementor-widget-container\">\n\t\t\t\t\t\t\t\t<div class=\"wnVEW\"><div data-test-id=\"mailMessageBodyContainer\"><div class=\"Yy5or customScrollBar GNqVo allowTextSelection\"><div class=\"OuGoX BIZfh\" tabindex=\"0\" role=\"document\" aria-label=\"Cuerpo del mensaje\" aria-live=\"polite\" aria-atomic=\"false\"><div><div><div dir=\"ltr\"><div><b data-olk-copy-source=\"MessageBody\">EL MAULE INFORMA<\/b>\u00a0<\/div><div><a id=\"OWA8bdd4ad4-b8ef-2eb0-51e6-c407645d434c\" title=\"https:\/\/elmauleinforma.cl\/seminario-celebro-el-liderazgo-femenino-en-el-maule\/\" href=\"https:\/\/elmauleinforma.cl\/seminario-celebro-el-liderazgo-femenino-en-el-maule\/\" target=\"_blank\" rel=\"noopener noreferrer\" data-auth=\"NotApplicable\" data-linkindex=\"0\">Seminario celebr\u00f3 el liderazgo femenino en el Maule. Se refieren Arcadio Cerda Urrutia, rector y Lina Uribe V\u00e9lez, vicerrectora acad\u00e9mica<\/a>.\u00a0<\/div><div>\u00a0\u00a0<\/div><div><b>DIARIOTALCA.CL<\/b>\u00a0<br \/><a id=\"OWA392e3895-e82a-c56d-0c85-47d58764bc7c\" title=\"https:\/\/diariotalca.cl\/exrector-utalca-alvaro-rojas-fue-distinguido-por-su-trayectoria-en-la-educacion-superior\/\" href=\"https:\/\/diariotalca.cl\/exrector-utalca-alvaro-rojas-fue-distinguido-por-su-trayectoria-en-la-educacion-superior\/\" target=\"_blank\" rel=\"noopener noreferrer\" data-auth=\"NotApplicable\" data-linkindex=\"1\">Exrector UTalca \u00c1lvaro Rojas fue distinguido por su trayectoria en la educaci\u00f3n superior. Se refiere Arcadio Cerda Urrutia, rector.<\/a>\u00a0<\/div><div aria-hidden=\"true\">\u00a0<\/div><div><b>RADIO LAUTARO TALCA<\/b>\u00a0<\/div><div><a id=\"OWA1b9fa8e7-fcef-32b5-fef0-42dec667ced6\" title=\"https:\/\/radiolautarotalca.cl\/utalca-convoca-a-prestigioso-jurado-internacional-en-el-marco-de-los-25-anos-del-premio-jose-donoso\/\" href=\"https:\/\/radiolautarotalca.cl\/utalca-convoca-a-prestigioso-jurado-internacional-en-el-marco-de-los-25-anos-del-premio-jose-donoso\/\" target=\"_blank\" rel=\"noopener noreferrer\" data-auth=\"NotApplicable\" data-linkindex=\"2\">UTalca convoca a prestigioso jurado internacional en el marco de los 25 a\u00f1os del Premio Jos\u00e9 Donoso. Se refieren Arcadio Cerda Urrutia, rector, Mar\u00eda Teresa C\u00e1rdenas, coordinadora del jurado internacional y Marcela Albornoz Dachelet, directora de Extensi\u00f3n Cultural-Art\u00edstica y de la Editorial, Universidad de Talca.<\/a>\u00a0<\/div><div aria-hidden=\"true\">\u00a0<\/div><div><b>LATERCERA.COM<\/b>\u00a0<\/div><div><a id=\"OWA124d5c23-09cf-74a2-4466-0b0048e564dd\" title=\"https:\/\/www.latercera.com\/nacional\/noticia\/entre-la-nieve-y-las-compras-el-boom-de-turistas-brasilenos-en-chile\/\" href=\"https:\/\/www.latercera.com\/nacional\/noticia\/entre-la-nieve-y-las-compras-el-boom-de-turistas-brasilenos-en-chile\/\" target=\"_blank\" rel=\"noopener noreferrer\" data-auth=\"NotApplicable\" data-linkindex=\"3\">Entre la nieve y las compras: el boom 2.0 de turistas brasile\u00f1os en Chile. Se refiere Mario Herrera Mu\u00f1oz, acad\u00e9mico del Centro de An\u00e1lisis Pol\u00edtico (CAP-UTalca).<\/a>\u00a0<\/div><div>\u00a0<\/div><div><b>CNN CHILE<\/b>\u00a0<\/div><div><a id=\"OWA3e863a2b-2f33-3eaa-8b9e-979e062da77e\" title=\"https:\/\/mediastation.simbiu.es\/files\/OirNoticia\/48832427\/4\/cnnchil-20260828-vie-1444-1659-00_20260828_232531_00.mp4\/false\" href=\"https:\/\/mediastation.simbiu.es\/files\/OirNoticia\/48832427\/4\/cnnchil-20260828-vie-1444-1659-00_20260828_232531_00.mp4\/false\" target=\"_blank\" rel=\"noopener noreferrer\" data-auth=\"NotApplicable\" data-linkindex=\"4\">&#8220;El Ni\u00f1o&#8221; amenaza con profundizar la crisis alimentaria en el mundo durante 2027.<\/a>\u00a0<br \/><a id=\"OWA7c484b9e-2167-cb9b-9a48-32dfe9926260\" title=\"https:\/\/mediastation.simbiu.es\/files\/index\/1\/139258951\/PressRecorte\/2026-08-20\/merchic_001_T139258951_20260820075508.jpg\/568085474\" href=\"https:\/\/mediastation.simbiu.es\/files\/index\/1\/139258951\/PressRecorte\/2026-08-20\/merchic_001_T139258951_20260820075508.jpg\/568085474\" target=\"_blank\" rel=\"noopener noreferrer\" data-auth=\"NotApplicable\" data-linkindex=\"5\">Se refiere Patricio Gonz\u00e1lez Colville, acad\u00e9mico del Centro de Investigaci\u00f3n y Transferencia en Riego y Agroclimatolog\u00eda (CITRA).<\/a>\u00a0<\/div><div aria-hidden=\"true\">\u00a0<\/div><div><b>CANAL 24 HORAS<\/b>\u00a0<\/div><div><a id=\"OWA99897e7d-b6c7-f63d-eb2b-24e0ca16e634\" title=\"https:\/\/mediastation.simbiu.es\/files\/OirNoticia\/48845190\/4\/t24hsch-20260828-vie-2100-2250-00_20260828_033318_01.mp4\/false\" href=\"https:\/\/mediastation.simbiu.es\/files\/OirNoticia\/48845190\/4\/t24hsch-20260828-vie-2100-2250-00_20260828_033318_01.mp4\/false\" target=\"_blank\" rel=\"noopener noreferrer\" data-auth=\"NotApplicable\" data-linkindex=\"6\">Guagua naci\u00f3 en peaje: \u00bfdescriterio o falta de protocolo? Se refiere Miguel Arriagada, acad\u00e9mico de la Facultad de Ingenier\u00eda.<\/a>\u00a0<\/div><div>\u00a0<\/div><div><b>EL D\u00cdNAMO<\/b><\/div><div><a id=\"OWA5ca51ca9-156b-f6a0-4c93-49ca9235b1f3\" title=\"https:\/\/www.eldinamo.cl\/pais\/2026\/08\/28\/el-olvidado-vinculo-del-centro-historico-de-santiago-con-el-vino\/\" href=\"https:\/\/www.eldinamo.cl\/pais\/2026\/08\/28\/el-olvidado-vinculo-del-centro-historico-de-santiago-con-el-vino\/\" target=\"_blank\" rel=\"noopener noreferrer\" data-auth=\"NotApplicable\" data-linkindex=\"7\">El olvidado v\u00ednculo del centro hist\u00f3rico de Santiago con el vino. Se menciona a la Universidad de Talca.<\/a><\/div><div><br \/><b>G5 NOTICIAS<\/b>\u00a0<br \/><a id=\"OWAd3f99b06-d214-6294-567c-77d58f251d6a\" title=\"https:\/\/g5noticias.cl\/2026\/08\/30\/recetas-del-abate-molina-vuelven-a-la-mesa-de-la-mano-de-la-utalca-y-el-cocinero-ruben-tapia\/\" href=\"https:\/\/g5noticias.cl\/2026\/08\/30\/recetas-del-abate-molina-vuelven-a-la-mesa-de-la-mano-de-la-utalca-y-el-cocinero-ruben-tapia\/\" target=\"_blank\" rel=\"noopener noreferrer\" data-auth=\"NotApplicable\" data-linkindex=\"8\">Recetas del Abate Molina vuelven a la mesa de la mano de la UTalca y el cocinero Rub\u00e9n Tapia. Se refiere Mauricio Lorca, director proyecto y Eduardo Aguirre, director de creaci\u00f3n.\u00a0<\/a>\u00a0<\/div><div aria-hidden=\"true\">\u00a0<\/div><div><b>EL MAULE INFORMA<\/b>\u00a0<br \/><a id=\"OWA33f6517b-e672-d83f-a724-c62de5d04e5b\" title=\"https:\/\/g5noticias.cl\/2026\/08\/30\/recetas-del-abate-molina-vuelven-a-la-mesa-de-la-mano-de-la-utalca-y-el-cocinero-ruben-tapia\/\" href=\"https:\/\/g5noticias.cl\/2026\/08\/30\/recetas-del-abate-molina-vuelven-a-la-mesa-de-la-mano-de-la-utalca-y-el-cocinero-ruben-tapia\/\" target=\"_blank\" rel=\"noopener noreferrer\" data-auth=\"NotApplicable\" data-linkindex=\"9\">Recetas del Abate Molina vuelven a la mesa de la mano de la UTalca y el cocinero Rub\u00e9n Tapia. Se refiere Mauricio Lorca, director proyecto y Eduardo Aguirre, director de creaci\u00f3n.<\/a>\u00a0<\/div><div aria-hidden=\"true\">\u00a0<\/div><div><b>CHILLANONLINE.CL<\/b>\u00a0<br \/><a id=\"OWAc120f27d-32e4-5634-fd55-eab09d92a0ea\" title=\"https:\/\/www.chillanonline.cl\/V7\/2026\/08\/29\/seminario-celebro-el-liderazgo-femenino-en-el-maule\/\" href=\"https:\/\/www.chillanonline.cl\/V7\/2026\/08\/29\/seminario-celebro-el-liderazgo-femenino-en-el-maule\/\" target=\"_blank\" rel=\"noopener noreferrer\" data-auth=\"NotApplicable\" data-linkindex=\"10\">Seminario celebr\u00f3 el liderazgo femenino en el Maule. Se refieren Arcadio Cerda Urrutia, rector y Lina Uribe V\u00e9lez, vicerrectora acad\u00e9mica.<\/a>\u00a0<\/div><div>\u00a0<\/div><div><b>ATENTOS.CL<\/b>\u00a0<br \/><a id=\"OWA8b9d06d1-f0e4-b37f-ca58-39cfc170c8d3\" title=\"https:\/\/www.atentos.cl\/talca-otorga-medalla-al-merito-a-talquina-que-es-primera-mujer-rectora-de-la-universidad-de-concepcion-en-sus-107-anos-de-historia\/\" href=\"https:\/\/www.atentos.cl\/talca-otorga-medalla-al-merito-a-talquina-que-es-primera-mujer-rectora-de-la-universidad-de-concepcion-en-sus-107-anos-de-historia\/\" target=\"_blank\" rel=\"noopener noreferrer\" data-auth=\"NotApplicable\" data-linkindex=\"11\">Talca otorga Medalla al M\u00e9rito a talquina que es primera mujer rectora de la Universidad de Concepci\u00f3n en sus 107 a\u00f1os de historia. Se refieren Arcadio Cerda Urrutia, rector y Lina Uribe V\u00e9lez, vicerrectora acad\u00e9mica.<\/a>\u00a0<\/div><div aria-hidden=\"true\">\u00a0<\/div><div><b>DIARIOTALCA.CL<\/b>\u00a0<br \/><a id=\"OWA1f50c695-0d4f-db30-8957-ddb164ab4355\" title=\"https:\/\/diariotalca.cl\/talca-otorga-medalla-al-merito-a-talquina-que-es-primera-mujer-rectora-de-la-universidad-de-concepcion\/\" href=\"https:\/\/diariotalca.cl\/talca-otorga-medalla-al-merito-a-talquina-que-es-primera-mujer-rectora-de-la-universidad-de-concepcion\/\" target=\"_blank\" rel=\"noopener noreferrer\" data-auth=\"NotApplicable\" data-linkindex=\"12\">Talca otorga Medalla al M\u00e9rito a talquina que es primera mujer rectora de la Universidad de Concepci\u00f3n. Se refiere Arcadio Cerda Urrutia, rector.<\/a>\u00a0<\/div><div aria-hidden=\"true\">\u00a0<\/div><div><b>G5NOTICIAS.CL<\/b>\u00a0<br \/><a id=\"OWAf707dbdf-f541-4425-7c94-a6c34ede11c7\" title=\"https:\/\/g5noticias.cl\/2026\/08\/29\/seminario-celebro-el-liderazgo-femenino-en-el-maule\/\" href=\"https:\/\/g5noticias.cl\/2026\/08\/29\/seminario-celebro-el-liderazgo-femenino-en-el-maule\/\" target=\"_blank\" rel=\"noopener noreferrer\" data-auth=\"NotApplicable\" data-linkindex=\"13\">Seminario celebr\u00f3 el liderazgo femenino en el Maule. Se refieren Arcadio Cerda Urrutia, rector y Lina Uribe V\u00e9lez, vicerrectora acad\u00e9mica.<\/a>\u00a0<\/div><div>\u00a0<br \/><b>MAULEHOY.CL<\/b>\u00a0<br \/><a id=\"OWAb052fa11-af25-8658-c0a5-68eea3a0f1c3\" title=\"https:\/\/maulehoy.cl\/2026\/08\/29\/talca-otorga-medalla-al-merito-a-talquina-que-es-primera-mujer-rectora-de-la-universidad-de-concepcion-en-sus-107-anos-de-historia\/\" href=\"https:\/\/maulehoy.cl\/2026\/08\/29\/talca-otorga-medalla-al-merito-a-talquina-que-es-primera-mujer-rectora-de-la-universidad-de-concepcion-en-sus-107-anos-de-historia\/\" target=\"_blank\" rel=\"noopener noreferrer\" data-auth=\"NotApplicable\" data-linkindex=\"14\">Talca otorga Medalla al M\u00e9rito a talquina que es primera mujer rectora de la Universidad de Concepci\u00f3n en sus 107 a\u00f1os de historia. Se refieren Arcadio Cerda Urrutia, rector y Lina Uribe V\u00e9lez, vicerrectora acad\u00e9mica.<\/a>\u00a0<\/div><div>\u00a0<\/div><div>\u00a0<br \/><b>MEDIABANCO.COM<\/b>\u00a0<\/div><div><a id=\"OWA1105fe36-16a2-ebdf-bb53-08420ac9e187\" title=\"https:\/\/www.mediabanco.com\/seminario-celebro-el-liderazgo-femenino-en-el-maule\/\" href=\"https:\/\/www.mediabanco.com\/seminario-celebro-el-liderazgo-femenino-en-el-maule\/\" target=\"_blank\" rel=\"noopener noreferrer\" data-auth=\"NotApplicable\" data-linkindex=\"15\">Seminario celebr\u00f3 el liderazgo femenino en el Maule. Se refieren Arcadio Cerda Urrutia, rector y Lina Uribe V\u00e9lez, vicerrectora acad\u00e9mica.<\/a>\u00a0<\/div><div aria-hidden=\"true\">\u00a0<\/div><div><b>RADIOFMMAS.CL<\/b>\u00a0<\/div><div><a id=\"OWA3c8219b3-d833-b699-17f2-779291caec36\" title=\"https:\/\/radiofmmas.cl\/talca-reconoce-a-jacqueline-sepulveda-primera-rectora-de-la-udec-en-107-anos\/\" href=\"https:\/\/radiofmmas.cl\/talca-reconoce-a-jacqueline-sepulveda-primera-rectora-de-la-udec-en-107-anos\/\" target=\"_blank\" rel=\"noopener noreferrer\" data-auth=\"NotApplicable\" data-linkindex=\"16\">Talca reconoce a Jacqueline Sep\u00falveda, primera rectora de la UdeC en 107 a\u00f1os. Se refieren Arcadio Cerda Urrutia, rector y Lina Uribe V\u00e9lez, vicerrectora acad\u00e9mica.<\/a>\u00a0<\/div><div aria-hidden=\"true\">\u00a0<\/div><div><b>SEPTIMAPAGINANOTICIAS.CL<\/b>\u00a0<\/div><div><a id=\"OWA59deaf61-1565-a307-16b8-dcd1a7f1104c\" title=\"https:\/\/www.septimapaginanoticias.cl\/talca-otorga-medalla-al-merito-a-talquina-que-es-primera-mujer-rectora-de-la-universidad-de-concepcion-en-sus-107-anos-de-historia\" href=\"https:\/\/www.septimapaginanoticias.cl\/talca-otorga-medalla-al-merito-a-talquina-que-es-primera-mujer-rectora-de-la-universidad-de-concepcion-en-sus-107-anos-de-historia\" target=\"_blank\" rel=\"noopener noreferrer\" data-auth=\"NotApplicable\" data-linkindex=\"17\">Talca otorga Medalla al M\u00e9rito a talquina que es primera mujer rectora de la Universidad de Concepci\u00f3n en sus 107 a\u00f1os de historia. Se refieren Arcadio Cerda Urrutia, rector y Lina Uribe V\u00e9lez, vicerrectora acad\u00e9mica.<\/a>\u00a0<\/div><div aria-hidden=\"true\">\u00a0<\/div><div><b>MAULE HOY &#8211; CHILE<\/b>\u00a0<\/div><div><a id=\"OWA3d6bf625-d4ff-be09-2f14-9452d86d0b63\" title=\"https:\/\/mediastation.simbiu.es\/files\/index\/1\/139426099\/PressRecorte\/2026-08-29\/maulhoy_009_T139426099_20260829111926.jpg\/583309344\" href=\"https:\/\/mediastation.simbiu.es\/files\/index\/1\/139426099\/PressRecorte\/2026-08-29\/maulhoy_009_T139426099_20260829111926.jpg\/583309344\" target=\"_blank\" rel=\"noopener noreferrer\" data-auth=\"NotApplicable\" data-linkindex=\"18\">Talca otorga Medalla al M\u00e9rito a talquina que es primera mujer rectora de la Universidad de Concepci\u00f3n en sus 107 a\u00f1os de historia. Se refieren Arcadio Cerda Urrutia, rector y Lina Uribe V\u00e9lez, vicerrectora acad\u00e9mica.<\/a>\u00a0<\/div><div aria-hidden=\"true\">\u00a0<\/div><div><b>MEDIABANCO.COM<\/b>\u00a0<\/div><div><a id=\"OWAa513715c-2924-3122-8b4d-6aa11bda22a0\" title=\"https:\/\/www.mediabanco.com\/exrector-utalca-es-distinguido-por-su-trayectoria-en-la-educacion-superior-chilena\/\" href=\"https:\/\/www.mediabanco.com\/exrector-utalca-es-distinguido-por-su-trayectoria-en-la-educacion-superior-chilena\/\" target=\"_blank\" rel=\"noopener noreferrer\" data-auth=\"NotApplicable\" data-linkindex=\"19\">Exrector UTalca es distinguido por su trayectoria en la educaci\u00f3n superior chilena. Se refiere Arcadio Cerda Urrutia, rector.<\/a>\u00a0<\/div><div aria-hidden=\"true\">\u00a0<\/div><div><b>CANAL2LINARES.CL<\/b>\u00a0<\/div><div><a id=\"OWAeb2db655-9faf-558c-1950-6bbda6072348\" title=\"https:\/\/www.canal2linares.cl\/2026\/08\/exrector-utalca-es-distinguido-por-su.html\" href=\"https:\/\/www.canal2linares.cl\/2026\/08\/exrector-utalca-es-distinguido-por-su.html\" target=\"_blank\" rel=\"noopener noreferrer\" data-auth=\"NotApplicable\" data-linkindex=\"20\">Exrector UTalca es distinguido por su trayectoria en la educaci\u00f3n superior chilena. Se refiere Arcadio Cerda Urrutia, rector.<\/a>\u00a0<\/div><div aria-hidden=\"true\">\u00a0<\/div><div><b>EL LECTOR &#8211; CHILE<\/b>\u00a0<\/div><div><a id=\"OWA03a0a8cd-79c8-b3e6-cf24-b88c27dcf10a\" title=\"https:\/\/mediastation.simbiu.es\/files\/index\/1\/139424990\/PressRecorte\/2026-08-29\/lecchig_011_T139424990_20260829075118.jpg\/583055234\" href=\"https:\/\/mediastation.simbiu.es\/files\/index\/1\/139424990\/PressRecorte\/2026-08-29\/lecchig_011_T139424990_20260829075118.jpg\/583055234\" target=\"_blank\" rel=\"noopener noreferrer\" data-auth=\"NotApplicable\" data-linkindex=\"21\">Exrector UTalca es distinguido por su trayectoria en la educaci\u00f3n superior chilena. Se refiere Arcadio Cerda Urrutia, rector.<\/a>\u00a0<\/div><div aria-hidden=\"true\">\u00a0<\/div><div><b>ADPRENSA.CL<\/b>\u00a0<\/div><div><a id=\"OWA2638340f-aaea-5af5-1c6d-e93b7724209b\" title=\"https:\/\/adprensa.cl\/utalca-convoca-a-prestigioso-jurado-internacional-en-el-marco-de-los-25-anos-del-premio-jose-donoso\/\" href=\"https:\/\/adprensa.cl\/utalca-convoca-a-prestigioso-jurado-internacional-en-el-marco-de-los-25-anos-del-premio-jose-donoso\/\" target=\"_blank\" rel=\"noopener noreferrer\" data-auth=\"NotApplicable\" data-linkindex=\"22\">UTalca convoca a prestigioso jurado internacional en el marco de los 25 a\u00f1os del Premio Jos\u00e9 Donoso. Se refieren Arcadio Cerda Urrutia, rector, Mar\u00eda Teresa C\u00e1rdenas, coordinadora del jurado internacional y Marcela Albornoz Dachelet, directora de Extensi\u00f3n Cultural-Art\u00edstica y de la Editorial, Universidad de Talca.<\/a>\u00a0<\/div><div aria-hidden=\"true\">\u00a0<\/div><div><b>DIARIOTALCA.CL<\/b>\u00a0<\/div><div><a id=\"OWA3948dd11-c95f-7acf-5987-028f1ec590c4\" title=\"https:\/\/diariotalca.cl\/utalca-convoco-a-prestigioso-jurado-internacional-en-el-marco-de-los-25-anos-del-premio-jose-donoso\/\" href=\"https:\/\/diariotalca.cl\/utalca-convoco-a-prestigioso-jurado-internacional-en-el-marco-de-los-25-anos-del-premio-jose-donoso\/\" target=\"_blank\" rel=\"noopener noreferrer\" data-auth=\"NotApplicable\" data-linkindex=\"23\">UTalca convoc\u00f3 a prestigioso jurado internacional en el marco de los 25 a\u00f1os del Premio Jos\u00e9 Donoso. Se refiere Arcadio Cerda Urrutia, rector.<\/a>\u00a0<\/div><div aria-hidden=\"true\">\u00a0<\/div><div><b>MEDIABANCO.COM<\/b>\u00a0<\/div><div><a id=\"OWAaa7ec464-37c9-4c23-b24e-a3faabce4246\" title=\"https:\/\/www.mediabanco.com\/utalca-convoca-a-prestigioso-jurado-internacional-en-el-marco-de-los-25-anos-del-premio-jose-donoso\/\" href=\"https:\/\/www.mediabanco.com\/utalca-convoca-a-prestigioso-jurado-internacional-en-el-marco-de-los-25-anos-del-premio-jose-donoso\/\" target=\"_blank\" rel=\"noopener noreferrer\" data-auth=\"NotApplicable\" data-linkindex=\"24\">UTalca convoca a prestigioso jurado internacional en el marco de los 25 a\u00f1os del Premio Jos\u00e9 Donoso. Se refieren Arcadio Cerda Urrutia, rector, Mar\u00eda Teresa C\u00e1rdenas, coordinadora del jurado internacional y Marcela Albornoz Dachelet, directora de Extensi\u00f3n Cultural-Art\u00edstica y de la Editorial, Universidad de Talca.<\/a>\u00a0<\/div><div aria-hidden=\"true\">\u00a0<\/div><div><b>NOTICIAS.UDEC.CL<\/b>\u00a0<\/div><div><a id=\"OWA86ab1273-799a-b3c5-f5f1-fb1927184440\" title=\"https:\/\/noticias.udec.cl\/universidades-de-concepcion-y-de-talca-impulsan-alianza-para-potenciar-el-desarrollo-academico-y-cientifico-regional\/\" href=\"https:\/\/noticias.udec.cl\/universidades-de-concepcion-y-de-talca-impulsan-alianza-para-potenciar-el-desarrollo-academico-y-cientifico-regional\/\" target=\"_blank\" rel=\"noopener noreferrer\" data-auth=\"NotApplicable\" data-linkindex=\"25\">Universidades de Concepci\u00f3n y de Talca impulsan alianza para potenciar el desarrollo acad\u00e9mico y cient\u00edfico regional. Se refiere Arcadio Cerda Urrutia, rector.<\/a>\u00a0<\/div><div aria-hidden=\"true\">\u00a0<\/div><div><b>LAHORA.CL<\/b>\u00a0<\/div><div><a id=\"OWA421d4867-252b-a745-12e8-eea5d54c4a4d\" title=\"https:\/\/lahora.cl\/cronica\/2026\/08\/28\/el-cuech-llama-a-priorizar-desarrollo-cientifico-y-crear-politica-de-inteligencia-artificial-en-la-educacion-publica\/\" href=\"https:\/\/lahora.cl\/cronica\/2026\/08\/28\/el-cuech-llama-a-priorizar-desarrollo-cientifico-y-crear-politica-de-inteligencia-artificial-en-la-educacion-publica\/\" target=\"_blank\" rel=\"noopener noreferrer\" data-auth=\"NotApplicable\" data-linkindex=\"26\">El CUECH llama a priorizar desarrollo cient\u00edfico y crear pol\u00edtica de inteligencia artificial en la Educaci\u00f3n P\u00fablica. Se refiere Arcadio Cerda Urrutia, rector.<\/a>\u00a0<\/div><div aria-hidden=\"true\">\u00a0<\/div><div><b>PORTALAGROCHILE.CL<\/b>\u00a0<\/div><div><a id=\"OWA9bf1de03-e56d-4f5a-9410-1590ac763733\" title=\"https:\/\/www.portalagrochile.cl\/2026\/08\/28\/citagro-reunio-a-mas-de-200-personas-asociadas-al-sistema-agroalimentario-y-la-ciencia-en-su-lanzamiento\/\" href=\"https:\/\/www.portalagrochile.cl\/2026\/08\/28\/citagro-reunio-a-mas-de-200-personas-asociadas-al-sistema-agroalimentario-y-la-ciencia-en-su-lanzamiento\/\" target=\"_blank\" rel=\"noopener noreferrer\" data-auth=\"NotApplicable\" data-linkindex=\"27\">CITAGRO reuni\u00f3 a m\u00e1s de 200 personas asociadas al sistema agroalimentario y la ciencia en su lanzamiento. Se refieren Arcadio Cerda Urrutia, rector de la Universidad de Talca y Laurens Klerkx, acad\u00e9mico de la Facultad de Ciencias Agrarias.<\/a>\u00a0<\/div><div aria-hidden=\"true\">\u00a0<\/div><div><b>DIARIOTALCA.CL<\/b>\u00a0<\/div><div><a id=\"OWA83081b57-9a1a-816d-63c4-5f34b03716ef\" title=\"https:\/\/diariotalca.cl\/masivo-interes-por-seminario-mujeres-que-lideran-organizad-por-la-municipalidad-de-talca\/\" href=\"https:\/\/diariotalca.cl\/masivo-interes-por-seminario-mujeres-que-lideran-organizad-por-la-municipalidad-de-talca\/\" target=\"_blank\" rel=\"noopener noreferrer\" data-auth=\"NotApplicable\" data-linkindex=\"28\">Masivo inter\u00e9s por seminario \u201cMujeres que Lideran\u201d organizado por la municipalidad de Talca. Se refiere Lina Uribe V\u00e9lez, vicerrectora acad\u00e9mica.<\/a>\u00a0<\/div><div>\u00a0\u00a0<\/div><div><b>REPORTE AGR\u00cdCOLA<\/b><\/div><div><a id=\"OWAbe9b5bca-5b49-189d-cb3a-dc37774c77ab\" title=\"https:\/\/www.reporteagricola.cl\/noticia\/noticias\/2026\/08\/agroclimatologo-anticipa-primavera-calida-humeda-seguida-verano-temperaturas-extremas\" href=\"https:\/\/www.reporteagricola.cl\/noticia\/noticias\/2026\/08\/agroclimatologo-anticipa-primavera-calida-humeda-seguida-verano-temperaturas-extremas\" target=\"_blank\" rel=\"noopener noreferrer\" data-auth=\"NotApplicable\" data-linkindex=\"29\">Agroclimat\u00f3logo anticipa primavera c\u00e1lida y h\u00fameda seguida de un verano con temperaturas extremas. <\/a><a id=\"OWA178c0834-430d-9256-7881-522145a566c4\" title=\"https:\/\/mediastation.simbiu.es\/files\/index\/1\/139258951\/PressRecorte\/2026-08-20\/merchic_001_T139258951_20260820075508.jpg\/568085474\" href=\"https:\/\/mediastation.simbiu.es\/files\/index\/1\/139258951\/PressRecorte\/2026-08-20\/merchic_001_T139258951_20260820075508.jpg\/568085474\" target=\"_blank\" rel=\"noopener noreferrer\" data-auth=\"NotApplicable\" data-linkindex=\"30\">Se refiere Patricio Gonz\u00e1lez Colville, acad\u00e9mico del Centro de Investigaci\u00f3n y Transferencia en Riego y Agroclimatolog\u00eda (CITRA).\u202f<\/a>\u00a0<\/div><div>\u00a0<\/div><div><b>DIARIOELCENTRO.CL<\/b>\u00a0<\/div><div><a id=\"OWA2d11ded2-bcb3-a80d-07a8-0f78110bbcdc\" title=\"https:\/\/www.diarioelcentro.cl\/2026\/08\/28\/primavera-calida-y-humeda-anticipa-un-verano-con-temperaturas-extremas-segun-experto\/\" href=\"https:\/\/www.diarioelcentro.cl\/2026\/08\/28\/primavera-calida-y-humeda-anticipa-un-verano-con-temperaturas-extremas-segun-experto\/\" target=\"_blank\" rel=\"noopener noreferrer\" data-auth=\"NotApplicable\" data-linkindex=\"31\">Primavera c\u00e1lida y h\u00fameda anticipa un verano con temperaturas extremas, seg\u00fan experto. <\/a><a id=\"OWA2d91f9c6-091c-0343-fa25-2ee4a937538d\" title=\"https:\/\/mediastation.simbiu.es\/files\/index\/1\/139258951\/PressRecorte\/2026-08-20\/merchic_001_T139258951_20260820075508.jpg\/568085474\" href=\"https:\/\/mediastation.simbiu.es\/files\/index\/1\/139258951\/PressRecorte\/2026-08-20\/merchic_001_T139258951_20260820075508.jpg\/568085474\" target=\"_blank\" rel=\"noopener noreferrer\" data-auth=\"NotApplicable\" data-linkindex=\"32\">Se refiere Patricio Gonz\u00e1lez Colville, acad\u00e9mico del Centro de Investigaci\u00f3n y Transferencia en Riego y Agroclimatolog\u00eda (CITRA).\u202f<\/a>\u00a0<\/div><div aria-hidden=\"true\">\u00a0<\/div><div><b>DIARIOELHERALDO.CL<\/b>\u00a0<\/div><div><a id=\"OWA440d3dfa-afb9-a792-1ffb-2e74d80dd712\" title=\"https:\/\/www.diarioelheraldo.cl\/noticia\/anticipan-primavera-calida-y-humeda-seguida-de-un-verano-con-temperaturas-extremas\" href=\"https:\/\/www.diarioelheraldo.cl\/noticia\/anticipan-primavera-calida-y-humeda-seguida-de-un-verano-con-temperaturas-extremas\" target=\"_blank\" rel=\"noopener noreferrer\" data-auth=\"NotApplicable\" data-linkindex=\"33\">Anticipan primavera c\u00e1lida y h\u00fameda seguida de un verano con temperaturas extremas. <\/a><a id=\"OWA0756cff7-2571-9593-9fee-ced20598d305\" title=\"https:\/\/mediastation.simbiu.es\/files\/index\/1\/139258951\/PressRecorte\/2026-08-20\/merchic_001_T139258951_20260820075508.jpg\/568085474\" href=\"https:\/\/mediastation.simbiu.es\/files\/index\/1\/139258951\/PressRecorte\/2026-08-20\/merchic_001_T139258951_20260820075508.jpg\/568085474\" target=\"_blank\" rel=\"noopener noreferrer\" data-auth=\"NotApplicable\" data-linkindex=\"34\">Se refiere Patricio Gonz\u00e1lez Colville, acad\u00e9mico del Centro de Investigaci\u00f3n y Transferencia en Riego y Agroclimatolog\u00eda (CITRA).<\/a>\u00a0<\/div><div aria-hidden=\"true\">\u00a0<\/div><div><b>PORTALAGROCHILE.CL<\/b>\u00a0<\/div><div><a id=\"OWAd159b607-bdcf-d432-3239-fe2768eb35fc\" title=\"https:\/\/www.portalagrochile.cl\/2026\/08\/28\/anticipan-primavera-calida-y-humeda-seguida-de-un-verano-con-temperaturas-extremas\/\" href=\"https:\/\/www.portalagrochile.cl\/2026\/08\/28\/anticipan-primavera-calida-y-humeda-seguida-de-un-verano-con-temperaturas-extremas\/\" target=\"_blank\" rel=\"noopener noreferrer\" data-auth=\"NotApplicable\" data-linkindex=\"35\">Anticipan primavera c\u00e1lida y h\u00fameda seguida de un verano con temperaturas extremas. <\/a><a id=\"OWA5b1d16fc-9d6b-73c7-ca4c-3fa4b71ea3ff\" title=\"https:\/\/mediastation.simbiu.es\/files\/index\/1\/139258951\/PressRecorte\/2026-08-20\/merchic_001_T139258951_20260820075508.jpg\/568085474\" href=\"https:\/\/mediastation.simbiu.es\/files\/index\/1\/139258951\/PressRecorte\/2026-08-20\/merchic_001_T139258951_20260820075508.jpg\/568085474\" target=\"_blank\" rel=\"noopener noreferrer\" data-auth=\"NotApplicable\" data-linkindex=\"36\">Se refiere Patricio Gonz\u00e1lez Colville, acad\u00e9mico del Centro de Investigaci\u00f3n y Transferencia en Riego y Agroclimatolog\u00eda (CITRA).\u202f<\/a>\u00a0<\/div><div aria-hidden=\"true\">\u00a0<\/div><div><b>THECLINIC.CL<\/b>\u00a0<\/div><div><a id=\"OWA874ab541-409c-c19e-f6c4-b38f7b375f92\" title=\"https:\/\/www.theclinic.cl\/2026\/08\/28\/el-nino-golpea-de-nuevo-advierten-de-un-verano-con-temperaturas-extremas-tras-una-primavera-calida-y-lluviosa\/\" href=\"https:\/\/www.theclinic.cl\/2026\/08\/28\/el-nino-golpea-de-nuevo-advierten-de-un-verano-con-temperaturas-extremas-tras-una-primavera-calida-y-lluviosa\/\" target=\"_blank\" rel=\"noopener noreferrer\" data-auth=\"NotApplicable\" data-linkindex=\"37\">El Ni\u00f1o golpea de nuevo: advierten de un verano con temperaturas extremas tras una primavera c\u00e1lida y lluviosa. <\/a><a id=\"OWA56301219-5324-58a9-16d8-74c14e02c7f5\" title=\"https:\/\/mediastation.simbiu.es\/files\/index\/1\/139258951\/PressRecorte\/2026-08-20\/merchic_001_T139258951_20260820075508.jpg\/568085474\" href=\"https:\/\/mediastation.simbiu.es\/files\/index\/1\/139258951\/PressRecorte\/2026-08-20\/merchic_001_T139258951_20260820075508.jpg\/568085474\" target=\"_blank\" rel=\"noopener noreferrer\" data-auth=\"NotApplicable\" data-linkindex=\"38\">Se refiere Patricio Gonz\u00e1lez Colville, acad\u00e9mico del Centro de Investigaci\u00f3n y Transferencia en Riego y Agroclimatolog\u00eda (CITRA).\u202f<\/a>\u00a0<\/div><div aria-hidden=\"true\">\u00a0<\/div><div><b>VGRAFICO.CL<\/b>\u00a0<\/div><div><a id=\"OWA2aa4def5-2b37-3e78-98fd-368606ba0a5a\" title=\"https:\/\/vgrafico.cl\/anticipantemperaturas-extremas\/\" href=\"https:\/\/vgrafico.cl\/anticipantemperaturas-extremas\/\" target=\"_blank\" rel=\"noopener noreferrer\" data-auth=\"NotApplicable\" data-linkindex=\"39\">Anticipan una primavera muy c\u00e1lida y h\u00fameda y un verano con temperaturas extremas. <\/a><a id=\"OWA81469689-397b-54d6-b1b4-ee9042197949\" title=\"https:\/\/mediastation.simbiu.es\/files\/index\/1\/139258951\/PressRecorte\/2026-08-20\/merchic_001_T139258951_20260820075508.jpg\/568085474\" href=\"https:\/\/mediastation.simbiu.es\/files\/index\/1\/139258951\/PressRecorte\/2026-08-20\/merchic_001_T139258951_20260820075508.jpg\/568085474\" target=\"_blank\" rel=\"noopener noreferrer\" data-auth=\"NotApplicable\" data-linkindex=\"40\">Se refiere Patricio Gonz\u00e1lez Colville, acad\u00e9mico del Centro de Investigaci\u00f3n y Transferencia en Riego y Agroclimatolog\u00eda (CITRA).<\/a>\u00a0<\/div><div aria-hidden=\"true\">\u00a0<\/div><div><b>EL HERALDO DE LINARES &#8211; CHILE<\/b>\u00a0<\/div><div><a id=\"OWA990ce54f-f2e1-0fd8-4062-55d1c3c6e73b\" title=\"https:\/\/mediastation.simbiu.es\/files\/index\/1\/139405565\/PressRecorte\/2026-08-28\/hlichig_007_T139405565_20260828073857.jpg\/581393632\" href=\"https:\/\/mediastation.simbiu.es\/files\/index\/1\/139405565\/PressRecorte\/2026-08-28\/hlichig_007_T139405565_20260828073857.jpg\/581393632\" target=\"_blank\" rel=\"noopener noreferrer\" data-auth=\"NotApplicable\" data-linkindex=\"41\">Anticipan primavera c\u00e1lida y h\u00fameda seguida de un verano con temperaturas extremas. <\/a><a id=\"OWA8b2f3769-4485-d0bd-11c6-7e82c2b9e481\" title=\"https:\/\/mediastation.simbiu.es\/files\/index\/1\/139258951\/PressRecorte\/2026-08-20\/merchic_001_T139258951_20260820075508.jpg\/568085474\" href=\"https:\/\/mediastation.simbiu.es\/files\/index\/1\/139258951\/PressRecorte\/2026-08-20\/merchic_001_T139258951_20260820075508.jpg\/568085474\" target=\"_blank\" rel=\"noopener noreferrer\" data-auth=\"NotApplicable\" data-linkindex=\"42\">Se refiere Patricio Gonz\u00e1lez Colville, acad\u00e9mico del Centro de Investigaci\u00f3n y Transferencia en Riego y Agroclimatolog\u00eda (CITRA).<\/a>\u00a0<\/div><div aria-hidden=\"true\">\u00a0<\/div><div><b>EL LECTOR &#8211; CHILE<\/b>\u00a0<\/div><div><a id=\"OWAc7f1829e-8b60-5e5c-8e64-8b517432bd6c\" title=\"https:\/\/mediastation.simbiu.es\/files\/index\/1\/139405669\/PressRecorte\/2026-08-28\/lecchig_011_T139405669_20260828010218.jpg\/581421517\" href=\"https:\/\/mediastation.simbiu.es\/files\/index\/1\/139405669\/PressRecorte\/2026-08-28\/lecchig_011_T139405669_20260828010218.jpg\/581421517\" target=\"_blank\" rel=\"noopener noreferrer\" data-auth=\"NotApplicable\" data-linkindex=\"43\">Anticipan primavera c\u00e1lida y h\u00fameda seguida de un verano con temperaturas extremas. <\/a><a id=\"OWA9b65ca4a-cdd1-4a22-e430-10e052c3290b\" title=\"https:\/\/mediastation.simbiu.es\/files\/index\/1\/139258951\/PressRecorte\/2026-08-20\/merchic_001_T139258951_20260820075508.jpg\/568085474\" href=\"https:\/\/mediastation.simbiu.es\/files\/index\/1\/139258951\/PressRecorte\/2026-08-20\/merchic_001_T139258951_20260820075508.jpg\/568085474\" target=\"_blank\" rel=\"noopener noreferrer\" data-auth=\"NotApplicable\" data-linkindex=\"44\">Se refiere Patricio Gonz\u00e1lez Colville, acad\u00e9mico del Centro de Investigaci\u00f3n y Transferencia en Riego y Agroclimatolog\u00eda (CITRA).<\/a>\u00a0<\/div><div aria-hidden=\"true\">\u00a0<\/div><div><b>LA PRENSA DE CURIC\u00d3 &#8211; CHILE<\/b>\u00a0<\/div><div><a id=\"OWA99997dff-6386-d18a-fea5-807034df0644\" title=\"https:\/\/mediastation.simbiu.es\/files\/index\/1\/139409460\/PressRecorte\/2026-08-28\/lprchig_005_T139409460_20260828041016.jpg\/582026269\" href=\"https:\/\/mediastation.simbiu.es\/files\/index\/1\/139409460\/PressRecorte\/2026-08-28\/lprchig_005_T139409460_20260828041016.jpg\/582026269\" target=\"_blank\" rel=\"noopener noreferrer\" data-auth=\"NotApplicable\" data-linkindex=\"45\">Expertos de UTalca pronostican c\u00e1lida y h\u00fameda primavera como antesala de un verano extremo. <\/a><a id=\"OWA93de7eae-09dd-18c3-770d-e17cbafa6020\" title=\"https:\/\/mediastation.simbiu.es\/files\/index\/1\/139258951\/PressRecorte\/2026-08-20\/merchic_001_T139258951_20260820075508.jpg\/568085474\" href=\"https:\/\/mediastation.simbiu.es\/files\/index\/1\/139258951\/PressRecorte\/2026-08-20\/merchic_001_T139258951_20260820075508.jpg\/568085474\" target=\"_blank\" rel=\"noopener noreferrer\" data-auth=\"NotApplicable\" data-linkindex=\"46\">Se refiere Patricio Gonz\u00e1lez Colville, acad\u00e9mico del Centro de Investigaci\u00f3n y Transferencia en Riego y Agroclimatolog\u00eda (CITRA).<\/a>\u00a0<\/div><div aria-hidden=\"true\">\u00a0<\/div><div><b>MAULE HOY &#8211; CHILE<\/b>\u00a0<\/div><div><a id=\"OWAd30ae61a-5f4a-7e71-be7e-b8d95b9306e9\" title=\"https:\/\/mediastation.simbiu.es\/files\/index\/1\/139405704\/PressRecorte\/2026-08-28\/maulhoy_011_T139405704_20260828082035.jpg\/581446075\" href=\"https:\/\/mediastation.simbiu.es\/files\/index\/1\/139405704\/PressRecorte\/2026-08-28\/maulhoy_011_T139405704_20260828082035.jpg\/581446075\" target=\"_blank\" rel=\"noopener noreferrer\" data-auth=\"NotApplicable\" data-linkindex=\"47\">Anticipan primavera c\u00e1lida y h\u00fameda seguida de un verano con temperaturas extremas. <\/a><a id=\"OWAac11881f-d215-4c96-6851-a24b6ab0a880\" title=\"https:\/\/mediastation.simbiu.es\/files\/index\/1\/139258951\/PressRecorte\/2026-08-20\/merchic_001_T139258951_20260820075508.jpg\/568085474\" href=\"https:\/\/mediastation.simbiu.es\/files\/index\/1\/139258951\/PressRecorte\/2026-08-20\/merchic_001_T139258951_20260820075508.jpg\/568085474\" target=\"_blank\" rel=\"noopener noreferrer\" data-auth=\"NotApplicable\" data-linkindex=\"48\">Se refiere Patricio Gonz\u00e1lez Colville, acad\u00e9mico del Centro de Investigaci\u00f3n y Transferencia en Riego y Agroclimatolog\u00eda (CITRA).<\/a>\u00a0<\/div><div aria-hidden=\"true\">\u00a0<\/div><div><b>RADIOLAUTAROTALCA.CL<\/b>\u00a0<\/div><div><a id=\"OWA6a7c49c5-2679-15e8-c7c1-fa803f40c2f3\" title=\"https:\/\/radiolautarotalca.cl\/anticipan-primavera-calida-y-humeda-seguida-de-un-verano-con-temperaturas-extremas\/\" href=\"https:\/\/radiolautarotalca.cl\/anticipan-primavera-calida-y-humeda-seguida-de-un-verano-con-temperaturas-extremas\/\" target=\"_blank\" rel=\"noopener noreferrer\" data-auth=\"NotApplicable\" data-linkindex=\"49\">Anticipan primavera c\u00e1lida y h\u00fameda seguida de un verano con temperaturas extremas. <\/a><a id=\"OWAe6ba1aaa-9978-fa2b-1223-20de7fcd6efe\" title=\"https:\/\/mediastation.simbiu.es\/files\/index\/1\/139258951\/PressRecorte\/2026-08-20\/merchic_001_T139258951_20260820075508.jpg\/568085474\" href=\"https:\/\/mediastation.simbiu.es\/files\/index\/1\/139258951\/PressRecorte\/2026-08-20\/merchic_001_T139258951_20260820075508.jpg\/568085474\" target=\"_blank\" rel=\"noopener noreferrer\" data-auth=\"NotApplicable\" data-linkindex=\"50\">Se refiere Patricio Gonz\u00e1lez Colville, acad\u00e9mico del Centro de Investigaci\u00f3n y Transferencia en Riego y Agroclimatolog\u00eda (CITRA).<\/a>\u00a0<\/div><div aria-hidden=\"true\">\u00a0<\/div><div><b>MSN.COM\/ES-CL<\/b>\u00a0<\/div><div><a id=\"OWA595da8de-7d87-619d-20ef-fffb0f9cd055\" title=\"https:\/\/www.msn.com\/es-cl\/estilo-de-vida\/other\/entre-la-nieve-y-las-compras-el-boom-2-0-de-turistas-brasile%C3%B1os-en-chile\/ar-AA2batoj\" href=\"https:\/\/www.msn.com\/es-cl\/estilo-de-vida\/other\/entre-la-nieve-y-las-compras-el-boom-2-0-de-turistas-brasile%C3%B1os-en-chile\/ar-AA2batoj\" target=\"_blank\" rel=\"noopener noreferrer\" data-auth=\"NotApplicable\" data-linkindex=\"51\">Entre la nieve y las compras: el boom 2.0 de turistas brasile\u00f1os en Chile. Se refiere Mario Herrera Mu\u00f1oz, acad\u00e9mico del Centro de An\u00e1lisis Pol\u00edtico (CAP-UTalca).<\/a>\u00a0<\/div><div aria-hidden=\"true\">\u00a0<\/div><div><b>LA TERCERA &#8211; CHILE<\/b>\u00a0<\/div><div><a id=\"OWA1e80c3a9-85ab-8d5c-3e49-28ed87162376\" title=\"https:\/\/mediastation.simbiu.es\/files\/index\/1\/139422599\/PressRecorte\/2026-08-29\/terghig_014_T139422599_20260829065009.jpg\/582976930\" href=\"https:\/\/mediastation.simbiu.es\/files\/index\/1\/139422599\/PressRecorte\/2026-08-29\/terghig_014_T139422599_20260829065009.jpg\/582976930\" target=\"_blank\" rel=\"noopener noreferrer\" data-auth=\"NotApplicable\" data-linkindex=\"52\">Entre la nieve y las compras: el boom 2.0 de turistas brasile\u00f1os en Chile. Se refiere Mario Herrera Mu\u00f1oz, acad\u00e9mico del Centro de An\u00e1lisis Pol\u00edtico (CAP-UTalca).<\/a>\u00a0<\/div><div aria-hidden=\"true\">\u00a0<\/div><div><b>PORTALAGROCHILE.CL<\/b>\u00a0<\/div><div><a id=\"OWA64d78cb5-6109-1366-fea9-febb852ef999\" title=\"https:\/\/www.portalagrochile.cl\/2026\/08\/29\/reportaje-la-calidad-se-construye-a-lo-largo-de-toda-la-cadena-fitopatologia-y-postcosecha-se-unen-en-torno-a-la-calidad-hortofruticola\/\" href=\"https:\/\/www.portalagrochile.cl\/2026\/08\/29\/reportaje-la-calidad-se-construye-a-lo-largo-de-toda-la-cadena-fitopatologia-y-postcosecha-se-unen-en-torno-a-la-calidad-hortofruticola\/\" target=\"_blank\" rel=\"noopener noreferrer\" data-auth=\"NotApplicable\" data-linkindex=\"53\">Reportaje | La calidad se construye a lo largo de toda la cadena: fitopatolog\u00eda y postcosecha se unen en torno a la calidad hortofrut\u00edcola. Se refiere Claudia Moggia Lucchini, directora del Mag\u00edster en Hortofruticultura.<\/a>\u00a0<\/div><div aria-hidden=\"true\">\u00a0<\/div><div><b>ELMAULEINFORMA.CL<\/b>\u00a0<\/div><div><a id=\"OWAfa9a4c9e-07f2-01c4-3262-47d714eece41\" title=\"https:\/\/elmauleinforma.cl\/talca-otorga-medalla-al-merito-a-talquina-que-es-primera-mujer-rectora-de-la-universidad-de-concepcion-en-sus-107-anos-de-historia\/\" href=\"https:\/\/elmauleinforma.cl\/talca-otorga-medalla-al-merito-a-talquina-que-es-primera-mujer-rectora-de-la-universidad-de-concepcion-en-sus-107-anos-de-historia\/\" target=\"_blank\" rel=\"noopener noreferrer\" data-auth=\"NotApplicable\" data-linkindex=\"54\">Talca otorga Medalla al M\u00e9rito a talquina que es primera mujer rectora de la Universidad de Concepci\u00f3n en sus 107 a\u00f1os de historia. Se menciona a la Universidad de Talca.<\/a>\u00a0<\/div><div aria-hidden=\"true\">\u00a0<\/div><div><b>DIARIO.UACH.CL<\/b>\u00a0<\/div><div><a id=\"OWA3114f209-19c1-1890-eb4a-b446e78c5092\" title=\"https:\/\/diario.uach.cl\/alvaro-rojas-recibe-el-reconocimiento-cruch-a-la-contribucion-en-educacion-superior-2026\/\" href=\"https:\/\/diario.uach.cl\/alvaro-rojas-recibe-el-reconocimiento-cruch-a-la-contribucion-en-educacion-superior-2026\/\" target=\"_blank\" rel=\"noopener noreferrer\" data-auth=\"NotApplicable\" data-linkindex=\"55\">\u00c1lvaro Rojas recibe el Reconocimiento CRUCH a la Contribuci\u00f3n en Educaci\u00f3n Superior 2026. Se menciona a la Universidad de Talca.<\/a>\u00a0<\/div><div aria-hidden=\"true\">\u00a0<\/div><div><b>PORTALEDUCA.CL<\/b>\u00a0<\/div><div><a id=\"OWAf7f6bb36-74d7-e72a-2b4b-944785c8447b\" title=\"https:\/\/portaleduca.cl\/alvaro-rojas-recibe-el-reconocimiento-cruch-a-la-contribucion-en-educacion-superior-2026\/\" href=\"https:\/\/portaleduca.cl\/alvaro-rojas-recibe-el-reconocimiento-cruch-a-la-contribucion-en-educacion-superior-2026\/\" target=\"_blank\" rel=\"noopener noreferrer\" data-auth=\"NotApplicable\" data-linkindex=\"56\">\u00c1lvaro Rojas recibe el Reconocimiento CRUCH a la Contribuci\u00f3n en Educaci\u00f3n Superior 2026. Se menciona a la Universidad de Talca.<\/a>\u00a0<\/div><div aria-hidden=\"true\">\u00a0<\/div><div><b>ELZORRONORTINO.CL<\/b>\u00a0<\/div><div><a id=\"OWAa8a35659-e74f-0379-3691-67cb3f84b002\" title=\"https:\/\/www.elzorronortino.cl\/agricultura-y-pesca\/odepa-destaca-lanzamiento-de-citagro-nuevo-centro-nacional-que-vincula-ciencia-y-politicas-publicas-para-el-agro\/\" href=\"https:\/\/www.elzorronortino.cl\/agricultura-y-pesca\/odepa-destaca-lanzamiento-de-citagro-nuevo-centro-nacional-que-vincula-ciencia-y-politicas-publicas-para-el-agro\/\" target=\"_blank\" rel=\"noopener noreferrer\" data-auth=\"NotApplicable\" data-linkindex=\"57\">Odepa destaca lanzamiento de CITAGRO, nuevo centro nacional que vincula ciencia y pol\u00edticas p\u00fablicas para el agro. Se menciona a la Universidad de Talca.<\/a>\u00a0<\/div><div aria-hidden=\"true\">\u00a0<\/div><div><b>DIARIOTALCA.CL<\/b>\u00a0<\/div><div><a id=\"OWA72a47782-8a25-d3bd-6ab8-8ea87fa249a4\" title=\"https:\/\/diariotalca.cl\/ucm-conmemora-su-35-aniversario-con-enfasis-en-su-crecimiento-y-proyeccion-institucional\/\" href=\"https:\/\/diariotalca.cl\/ucm-conmemora-su-35-aniversario-con-enfasis-en-su-crecimiento-y-proyeccion-institucional\/\" target=\"_blank\" rel=\"noopener noreferrer\" data-auth=\"NotApplicable\" data-linkindex=\"58\">UCM conmemora su 35\u00b0 aniversario con \u00e9nfasis en su crecimiento y proyecci\u00f3n institucional. Se refiere Arcadio Cerda Urrutia, rector.<\/a>\u00a0<\/div><div aria-hidden=\"true\">\u00a0<\/div><div><b>RADIOMAULESUR.CL<\/b>\u00a0<\/div><div><a id=\"OWA2e8701f0-4e9e-8531-e5ab-e8f7aa56e69c\" title=\"https:\/\/www.radiomaulesur.cl\/2026\/08\/ucm-conmemora-su-35-aniversario-con.html\" href=\"https:\/\/www.radiomaulesur.cl\/2026\/08\/ucm-conmemora-su-35-aniversario-con.html\" target=\"_blank\" rel=\"noopener noreferrer\" data-auth=\"NotApplicable\" data-linkindex=\"59\">UCM conmemora su 35\u00b0 aniversario con \u00e9nfasis en su crecimiento y proyecci\u00f3n institucional. Se refiere Arcadio Cerda Urrutia, rector.<\/a>\u00a0<\/div><div aria-hidden=\"true\">\u00a0<\/div><div><b>VITRINADEPORTIVA.CL<\/b>\u00a0<\/div><div><a id=\"OWA9d0f68fa-2212-650a-f523-f061e2c25f74\" title=\"https:\/\/vitrinadeportiva.cl\/ucm-conmemora-su-35-aniversario-con-enfasis-en-su-crecimiento-y-proyeccion-institucional\/\" href=\"https:\/\/vitrinadeportiva.cl\/ucm-conmemora-su-35-aniversario-con-enfasis-en-su-crecimiento-y-proyeccion-institucional\/\" target=\"_blank\" rel=\"noopener noreferrer\" data-auth=\"NotApplicable\" data-linkindex=\"60\">UCM conmemora su 35\u00b0 aniversario con \u00e9nfasis en su crecimiento y proyecci\u00f3n institucional. Se refiere Arcadio Cerda Urrutia, rector.<\/a>\u00a0<\/div><div aria-hidden=\"true\">\u00a0<\/div><div><b>EL LECTOR &#8211; CHILE<\/b>\u00a0<\/div><div><a id=\"OWA48cb43a4-69b6-87ea-ceb7-a9005403d843\" title=\"https:\/\/mediastation.simbiu.es\/files\/index\/1\/139424998\/PressRecorte\/2026-08-29\/lecchig_011_T139424998_20260829075118.jpg\/583055435\" href=\"https:\/\/mediastation.simbiu.es\/files\/index\/1\/139424998\/PressRecorte\/2026-08-29\/lecchig_011_T139424998_20260829075118.jpg\/583055435\" target=\"_blank\" rel=\"noopener noreferrer\" data-auth=\"NotApplicable\" data-linkindex=\"61\">UCM conmemora su 35\u00ba aniversario con \u00e9nfasis en su crecimiento y proyecci\u00f3n institucional. Se refiere Arcadio Cerda Urrutia, rector.<\/a>\u00a0<\/div><div aria-hidden=\"true\">\u00a0<\/div><div>\u00a0<\/div><div><b>CONTRAPLANO.CL<\/b>\u00a0<\/div><div><a id=\"OWA3b91a1d3-5f60-fef7-22ca-7974680fd568\" title=\"https:\/\/contraplano.cl\/enoturismo-urbano-en-santiago\/\" href=\"https:\/\/contraplano.cl\/enoturismo-urbano-en-santiago\/\" target=\"_blank\" rel=\"noopener noreferrer\" data-auth=\"NotApplicable\" data-linkindex=\"62\">Enoturismo urbano en Santiago: un fascinante viaje por la cuna del vino chileno. Se menciona a la Universidad de Talca.<\/a>\u00a0<\/div><div><b>CUT.CL<\/b>\u00a0<\/div><div><a id=\"OWAbab507b7-2778-f5fe-e6eb-9c87846df9a3\" title=\"https:\/\/cut.cl\/web\/cut-provincial-talca-realiza-conversatorio-chile-actual-y-sus-reformas\/\" href=\"https:\/\/cut.cl\/web\/cut-provincial-talca-realiza-conversatorio-chile-actual-y-sus-reformas\/\" target=\"_blank\" rel=\"noopener noreferrer\" data-auth=\"NotApplicable\" data-linkindex=\"63\">CUT Provincial Talca realiza conversatorio \u00abChile actual y sus reformas\u00bb. Se menciona a la Universidad de Talca.<\/a>\u00a0<\/div><div aria-hidden=\"true\">\u00a0<\/div><div><b>DIARIOELHERALDO.CL<\/b>\u00a0<\/div><div><a id=\"OWA7936fa0f-7a69-0dec-14a5-4a941bf04da7\" title=\"https:\/\/www.diarioelheraldo.cl\/noticia\/asalto-a-estudiante-en-practica-en-las-afueras-del-campus-linares-de-la-utalca-activa-exigencia-de-mayor-seguridad\" href=\"https:\/\/www.diarioelheraldo.cl\/noticia\/asalto-a-estudiante-en-practica-en-las-afueras-del-campus-linares-de-la-utalca-activa-exigencia-de-mayor-seguridad\" target=\"_blank\" rel=\"noopener noreferrer\" data-auth=\"NotApplicable\" data-linkindex=\"64\">Asalto a estudiante en pr\u00e1ctica en las afueras del Campus Linares de la UTalca activa exigencia de mayor seguridad. Se menciona a la Universidad de Talca.<\/a>\u00a0<\/div><div aria-hidden=\"true\">\u00a0<\/div><div><b>DIARIOLAMA\u00d1ANA.CL<\/b>\u00a0<\/div><\/div><\/div><\/div><\/div><\/div><\/div><\/div><div class=\"wnVEW\"><div data-test-id=\"mailMessageBodyContainer\"><div class=\"T31hC customScrollBar GNqVo allowTextSelection\"><div class=\"OuGoX BIZfh\" tabindex=\"0\" role=\"document\" aria-label=\"Cuerpo del mensaje\" aria-live=\"polite\" aria-atomic=\"false\" data-fui-focus-visible=\"\"><div><div><div dir=\"ltr\"><div><a id=\"OWA27c476ca-70ec-d153-9ec6-c14363d975ec\" title=\"https:\/\/xn--diariolamaana-rkb.cl\/estudiantes-de-derecho-conocen-el-trabajo-cientifico-detras-de-una-investigacion-penal\/\" href=\"https:\/\/xn--diariolamaana-rkb.cl\/estudiantes-de-derecho-conocen-el-trabajo-cientifico-detras-de-una-investigacion-penal\/\" target=\"_blank\" rel=\"noopener noreferrer\" data-auth=\"NotApplicable\" data-linkindex=\"0\">Estudiantes de Derecho conocen el trabajo cient\u00edfico detr\u00e1s de una investigaci\u00f3n penal. Se menciona a la Universidad de Talca.<\/a>\u00a0<\/div><div>\u00a0\u00a0<\/div><div><b>G5NOTICIAS.CL<\/b>\u00a0<\/div><div><a id=\"OWAd6a70e4c-4468-c472-6e84-eb5bc54df0c6\" title=\"https:\/\/g5noticias.cl\/2026\/08\/28\/enoturismo-urbano-la-nueva-apuesta-turistica-del-centro-historico-de-santiago\/\" href=\"https:\/\/g5noticias.cl\/2026\/08\/28\/enoturismo-urbano-la-nueva-apuesta-turistica-del-centro-historico-de-santiago\/\" target=\"_blank\" rel=\"noopener noreferrer\" data-auth=\"NotApplicable\" data-linkindex=\"1\">Enoturismo urbano: la nueva apuesta tur\u00edstica del Centro Hist\u00f3rico de Santiago. Se menciona a la Universidad de Talca.<\/a>\u00a0<\/div><div aria-hidden=\"true\">\u00a0<\/div><div><b>LANOTICIA.CL<\/b>\u00a0<\/div><div><a id=\"OWA2f3ea18a-0b0c-6cf2-a3eb-b8a9836bef37\" title=\"https:\/\/lanoticia.cl\/estudiantes-de-derecho-de-la-universidad-de-talca-conocieron-el-trabajo-especializado-de-labocar\/\" href=\"https:\/\/lanoticia.cl\/estudiantes-de-derecho-de-la-universidad-de-talca-conocieron-el-trabajo-especializado-de-labocar\/\" target=\"_blank\" rel=\"noopener noreferrer\" data-auth=\"NotApplicable\" data-linkindex=\"2\">Estudiantes de Derecho de la Universidad de Talca conocieron el trabajo especializado de Labocar. Se menciona a la Universidad de Talca.<\/a>\u00a0<\/div><div aria-hidden=\"true\">\u00a0<\/div><div><b>PUBLIMICRO.CL<\/b>\u00a0<\/div><div><a id=\"OWA490b18c6-e609-b170-2a3b-bf8adb49f820\" title=\"https:\/\/publimicro.cl\/sociologa-de-contextus-presentara-datos-sobre-estudio-de-masculinidades-en-curso-jornada-en-la-universidad-de-talca\/\" href=\"https:\/\/publimicro.cl\/sociologa-de-contextus-presentara-datos-sobre-estudio-de-masculinidades-en-curso-jornada-en-la-universidad-de-talca\/\" target=\"_blank\" rel=\"noopener noreferrer\" data-auth=\"NotApplicable\" data-linkindex=\"3\">Soci\u00f3loga de Contextus presentar\u00e1 datos sobre estudio de Masculinidades en curso\/jornada en la Universidad de Talca. Se menciona a la Universidad de Talca.<\/a>\u00a0<\/div><div aria-hidden=\"true\">\u00a0<\/div><div><b>REPORTEAGRICOLA.CL<\/b>\u00a0<\/div><div><a id=\"OWA5e1a389c-1787-5912-d04f-25c930316e51\" title=\"https:\/\/www.reporteagricola.cl\/noticia\/eventos\/2026\/08\/talleres-gratuitos-ensenaran-nuevas-herramientas-para-enfrentar-el-cambio-climatico-en-vinedos\" href=\"https:\/\/www.reporteagricola.cl\/noticia\/eventos\/2026\/08\/talleres-gratuitos-ensenaran-nuevas-herramientas-para-enfrentar-el-cambio-climatico-en-vinedos\" target=\"_blank\" rel=\"noopener noreferrer\" data-auth=\"NotApplicable\" data-linkindex=\"4\">Talleres gratuitos ense\u00f1ar\u00e1n nuevas herramientas para enfrentar el cambio clim\u00e1tico en vi\u00f1edos. Se menciona a la Universidad de Talca.<\/a>\u00a0<\/div><div aria-hidden=\"true\">\u00a0<\/div><div><b>UCHILE.CL<\/b>\u00a0<\/div><div><a id=\"OWA6e9cbff6-30d0-e6f1-5eb7-4c92abb3c1ee\" title=\"https:\/\/uchile.cl\/noticias\/244163\/cruch-entrega-propuesta-para-fortalecer-la-articulacion-del-sistema\" href=\"https:\/\/uchile.cl\/noticias\/244163\/cruch-entrega-propuesta-para-fortalecer-la-articulacion-del-sistema\" target=\"_blank\" rel=\"noopener noreferrer\" data-auth=\"NotApplicable\" data-linkindex=\"5\">CRUCH entrega propuesta para fortalecer la articulaci\u00f3n del sistema a la Subsecretar\u00eda de Educaci\u00f3n Superior. Se menciona a la Universidad de Talca.<\/a>\u00a0<\/div><div aria-hidden=\"true\">\u00a0<\/div><div aria-hidden=\"true\">\u00a0<\/div><div><b>EL HERALDO DE LINARES &#8211; CHILE<\/b>\u00a0<\/div><div><a id=\"OWAd958a70c-b3c8-d031-b768-f0f35740a2f6\" title=\"https:\/\/mediastation.simbiu.es\/files\/index\/1\/139405559\/PressRecorte\/2026-08-28\/hlichig_001_T139405559_20260828073856.jpg\/581393317\" href=\"https:\/\/mediastation.simbiu.es\/files\/index\/1\/139405559\/PressRecorte\/2026-08-28\/hlichig_001_T139405559_20260828073856.jpg\/581393317\" target=\"_blank\" rel=\"noopener noreferrer\" data-auth=\"NotApplicable\" data-linkindex=\"6\">PORTADA EL HERALDO DE LINARES CHILE. Se menciona a la Universidad de Talca.<\/a>\u00a0<\/div><div aria-hidden=\"true\">\u00a0<\/div><div><b>EL HERALDO DE LINARES &#8211; CHILE<\/b>\u00a0<\/div><div><a id=\"OWAb2188e9f-2933-32cd-c3ff-a31948465bc2\" title=\"https:\/\/mediastation.simbiu.es\/files\/index\/1\/139405569\/PressRecorte\/2026-08-28\/hlichig_011_T139405569_20260828073857.jpg\/581393995\" href=\"https:\/\/mediastation.simbiu.es\/files\/index\/1\/139405569\/PressRecorte\/2026-08-28\/hlichig_011_T139405569_20260828073857.jpg\/581393995\" target=\"_blank\" rel=\"noopener noreferrer\" data-auth=\"NotApplicable\" data-linkindex=\"7\">Asalto a estudiante en pr\u00e1ctica en las afueras del Campus Linares de la UTalca activa exigencia de mayor seguridad. Se menciona a la Universidad de Talca.<\/a>\u00a0<\/div><div><b>ELMOSTRADOR.CL<\/b>\u00a0<\/div><div><a id=\"OWAf9d89585-0bcb-6eff-5361-ec987e42cfd6\" title=\"https:\/\/www.elmostrador.cl\/revista-jengibre\/vinos\/2026\/08\/29\/casco-historico-de-santiago-reivindica-su-historia-vitivinicola-con-nueva-guia-de-enoturismo-urbano\/\" href=\"https:\/\/www.elmostrador.cl\/revista-jengibre\/vinos\/2026\/08\/29\/casco-historico-de-santiago-reivindica-su-historia-vitivinicola-con-nueva-guia-de-enoturismo-urbano\/\" target=\"_blank\" rel=\"noopener noreferrer\" data-auth=\"NotApplicable\" data-linkindex=\"8\">Casco Hist\u00f3rico de Santiago reivindica su historia vitivin\u00edcola con nueva gu\u00eda de enoturismo urbano. Se menciona a la Universidad de Talca.<\/a>\u00a0<\/div><div aria-hidden=\"true\">\u00a0<\/div><div><b>RADIO AGRICULTURA<\/b>\u00a0<\/div><div><a id=\"OWA976d7012-e60d-a3d1-7b41-f21a1fb766c6\" title=\"https:\/\/mediastation.simbiu.es\/files\/OirNoticia\/48857400\/3\/ragricu-20260829-s...\" href=\"https:\/\/mediastation.simbiu.es\/files\/OirNoticia\/48857400\/3\/ragricu-20260829-s...\" target=\"_blank\" rel=\"noopener noreferrer\" data-auth=\"NotApplicable\" data-linkindex=\"9\">Entrevista a Francisca Gebauer, directora ejecutiva de Campo Limpio. Se menciona la Universidad de Talca.<\/a>\u00a0<\/div><div aria-hidden=\"true\">\u00a0<\/div><div><b>CANAL TV+<\/b>\u00a0<\/div><div><a id=\"OWAafec53c8-2c75-2547-d120-fbaa80a5d0dc\" title=\"https:\/\/mediastation.simbiu.es\/files\/OirNoticia\/48860650\/4\/tvplusc_5afa79ed-a...\" href=\"https:\/\/mediastation.simbiu.es\/files\/OirNoticia\/48860650\/4\/tvplusc_5afa79ed-a...\" target=\"_blank\" rel=\"noopener noreferrer\" data-auth=\"NotApplicable\" data-linkindex=\"10\">Entrevista a Francisca Gebauer, directora Ejecutiva Campo Limpio. Se menciona la Universidad de Talca.<\/a>\u00a0\u00a0<\/div><div aria-hidden=\"true\">\u00a0<\/div><div><b>RADIO CONCIERTO<\/b>\u00a0<\/div><div><a id=\"OWA5a2c7c6f-0beb-7315-6d4f-e9c6f36cedcb\" title=\"https:\/\/mediastation.simbiu.es\/files\/OirNoticia\/48800201\/3\/rconcto-20260828-v...\" href=\"https:\/\/mediastation.simbiu.es\/files\/OirNoticia\/48800201\/3\/rconcto-20260828-v...\" target=\"_blank\" rel=\"noopener noreferrer\" data-auth=\"NotApplicable\" data-linkindex=\"11\">Entrevista a: Viviana Ecina. Se menciona la Universidad de Talca.<\/a>\u00a0\u00a0<\/div><\/div><\/div><\/div><\/div><\/div><\/div><\/div>\t\t\t\t\t\t<\/div>\n\t\t\t\t<\/div>\n\t\t\t\t\t<\/div>\n\t\t<\/div>\n\t\t\t\t\t\t\t<\/div>\n\t\t<\/section>\n\t\t\t\t\t\t<\/div>\n\t\t\t\t\t<\/div>\n\t\t","protected":false},"excerpt":{"rendered":"<p>EL MAULE INFORMA\u00a0Seminario celebr\u00f3 el liderazgo femenino en el Maule. Se refieren Arcadio Cerda Urrutia, rector y Lina Uribe V\u00e9lez, vicerrectora acad\u00e9mica.\u00a0\u00a0\u00a0DIARIOTALCA.CL\u00a0Exrector UTalca \u00c1lvaro Rojas fue distinguido por su trayectoria en la educaci\u00f3n superior. Se refiere Arcadio Cerda Urrutia, rector.\u00a0\u00a0RADIO LAUTARO TALCA\u00a0UTalca convoca a prestigioso jurado internacional en el marco de los 25 a\u00f1os del &hellip;<\/p>\n<p class=\"read-more\"> <a class=\"\" href=\"https:\/\/www.reportedeprensa.utalca.cl\/?p=14561\"> <span class=\"screen-reader-text\">31 de agosto 2026<\/span> Read More &raquo;<\/a><\/p>\n","protected":false},"author":1,"featured_media":0,"comment_status":"closed","ping_status":"open","sticky":false,"template":"","format":"standard","meta":{"_monsterinsights_skip_tracking":false,"_monsterinsights_sitenote_active":false,"_monsterinsights_sitenote_note":"","_monsterinsights_sitenote_category":0},"categories":[73],"tags":[],"_links":{"self":[{"href":"https:\/\/www.reportedeprensa.utalca.cl\/index.php?rest_route=\/wp\/v2\/posts\/14561"}],"collection":[{"href":"https:\/\/www.reportedeprensa.utalca.cl\/index.php?rest_route=\/wp\/v2\/posts"}],"about":[{"href":"https:\/\/www.reportedeprensa.utalca.cl\/index.php?rest_route=\/wp\/v2\/types\/post"}],"author":[{"embeddable":true,"href":"https:\/\/www.reportedeprensa.utalca.cl\/index.php?rest_route=\/wp\/v2\/users\/1"}],"replies":[{"embeddable":true,"href":"https:\/\/www.reportedeprensa.utalca.cl\/index.php?rest_route=%2Fwp%2Fv2%2Fcomments&post=14561"}],"version-history":[{"count":4,"href":"https:\/\/www.reportedeprensa.utalca.cl\/index.php?rest_route=\/wp\/v2\/posts\/14561\/revisions"}],"predecessor-version":[{"id":14565,"href":"https:\/\/www.reportedeprensa.utalca.cl\/index.php?rest_route=\/wp\/v2\/posts\/14561\/revisions\/14565"}],"wp:attachment":[{"href":"https:\/\/www.reportedeprensa.utalca.cl\/index.php?rest_route=%2Fwp%2Fv2%2Fmedia&parent=14561"}],"wp:term":[{"taxonomy":"category","embeddable":true,"href":"https:\/\/www.reportedeprensa.utalca.cl\/index.php?rest_route=%2Fwp%2Fv2%2Fcategories&post=14561"},{"taxonomy":"post_tag","embeddable":true,"href":"https:\/\/www.reportedeprensa.utalca.cl\/index.php?rest_route=%2Fwp%2Fv2%2Ftags&post=14561"}],"curies":[{"name":"wp","href":"https:\/\/api.w.org\/{rel}","templated":true}]}}