{"id":14585,"date":"2026-09-02T11:08:12","date_gmt":"2026-09-02T14:08:12","guid":{"rendered":"https:\/\/www.reportedeprensa.utalca.cl\/?p=14585"},"modified":"2026-09-03T10:53:28","modified_gmt":"2026-09-03T13:53:28","slug":"01-de-septiembre-2026-2","status":"publish","type":"post","link":"https:\/\/www.reportedeprensa.utalca.cl\/?p=14585","title":{"rendered":"02 de septiembre 2026"},"content":{"rendered":"\t\t<div data-elementor-type=\"wp-post\" data-elementor-id=\"14585\" class=\"elementor elementor-14585\" data-elementor-settings=\"[]\">\n\t\t\t\t\t\t\t<div class=\"elementor-section-wrap\">\n\t\t\t\t\t\t\t<section class=\"elementor-section elementor-top-section elementor-element elementor-element-bcea1a8 elementor-section-boxed elementor-section-height-default elementor-section-height-default\" data-id=\"bcea1a8\" data-element_type=\"section\">\n\t\t\t\t\t\t<div class=\"elementor-container elementor-column-gap-default\">\n\t\t\t\t\t<div class=\"elementor-column elementor-col-100 elementor-top-column elementor-element elementor-element-e7183bf\" data-id=\"e7183bf\" data-element_type=\"column\">\n\t\t\t<div class=\"elementor-widget-wrap elementor-element-populated\">\n\t\t\t\t\t\t\t\t<div class=\"elementor-element elementor-element-9becbf1 elementor-widget elementor-widget-text-editor\" data-id=\"9becbf1\" data-element_type=\"widget\" data-widget_type=\"text-editor.default\">\n\t\t\t\t<div class=\"elementor-widget-container\">\n\t\t\t\t\t\t\t\t<div><b data-olk-copy-source=\"MessageBody\">CIENCIAENCHILE.CL<\/b>\u00a0<\/div><div><a id=\"OWAe318ead9-ee46-d711-93d2-7f2c1b6906c0\" title=\"https:\/\/www.cienciaenchile.cl\/citagro-reunio-a-mas-de-200-personas-asociadas-al-sistema-agroalimentario-y-la-ciencia-en-su-lanzamiento\/\" href=\"https:\/\/www.cienciaenchile.cl\/citagro-reunio-a-mas-de-200-personas-asociadas-al-sistema-agroalimentario-y-la-ciencia-en-su-lanzamiento\/\" target=\"_blank\" rel=\"noopener noreferrer\" data-auth=\"NotApplicable\" data-linkindex=\"0\">CITAGRO reuni\u00f3 a m\u00e1s de 200 personas asociadas al sistema agroalimentario y la ciencia en su lanzamiento. Se refieren Arcadio Cerda Urrutia, rector y Laurens Klerkx, acad\u00e9mico de la Facultad de Ciencias Agrarias.<\/a>\u00a0<\/div><div aria-hidden=\"true\">\u00a0<\/div><div><b>PRIMERA FUENTE<\/b>\u00a0<\/div><div><a id=\"OWAaa02321d-5f79-37a8-0091-f2b3f7362f96\" title=\"https:\/\/primerafuente.cl\/talca\/2026\/09\/01\/talca-otorga-medalla-al-merito-a-talquina-que-es-primera-mujer-rectora-de-la-universidad-de-concepcion-en-sus-107-anos-de-historia\/\" href=\"https:\/\/primerafuente.cl\/talca\/2026\/09\/01\/talca-otorga-medalla-al-merito-a-talquina-que-es-primera-mujer-rectora-de-la-universidad-de-concepcion-en-sus-107-anos-de-historia\/\" target=\"_blank\" rel=\"noopener noreferrer\" data-auth=\"NotApplicable\" data-linkindex=\"1\">Talca otorga Medalla al M\u00e9rito a talquina que es primera mujer rectora de la Universidad de Concepci\u00f3n en sus 107 a\u00f1os de historia. Se refieren Arcadio Cerda Urrutia, rector y Lina Uribe V\u00e9lez, vicerrectora acad\u00e9mica.<\/a>\u00a0<\/div><div aria-hidden=\"true\">\u00a0<\/div><div><b>RADIO AMIGA <\/b>\u00a0<\/div><div><a id=\"OWAd3dddade-d91b-8081-0ec2-2292350dbb81\" title=\"https:\/\/mediastation.simbiu.es\/files\/OirNoticia\/49057913\/3\/ramiga-20260901-mar-1330-1400-00_20260901_030306_08.mp4\/false\" href=\"https:\/\/mediastation.simbiu.es\/files\/OirNoticia\/49057913\/3\/ramiga-20260901-mar-1330-1400-00_20260901_030306_08.mp4\/false\" target=\"_blank\" rel=\"noopener noreferrer\" data-auth=\"NotApplicable\" data-linkindex=\"2\">La Universidad de Talca revela el jurado internacional que va a elegir el ganador del premio Jos\u00e9 Donoso. Se refiere Arcadio Cerda Urrutia, rector.<\/a>\u00a0<\/div><div aria-hidden=\"true\">\u00a0<\/div><div><b>ELMAULEINFORMA.CL<\/b>\u00a0<\/div><div><a id=\"OWAf9b98a31-6e96-e7ee-67da-25b22c43a055\" title=\"https:\/\/elmauleinforma.cl\/ohiggins-y-maule-avanzan-en-una-hoja-de-ruta-conjunta-para-impulsar-la-ciencia-tecnologia-e-innovacion-desde-los-desafios-del-territorio\/\" href=\"https:\/\/elmauleinforma.cl\/ohiggins-y-maule-avanzan-en-una-hoja-de-ruta-conjunta-para-impulsar-la-ciencia-tecnologia-e-innovacion-desde-los-desafios-del-territorio\/\" target=\"_blank\" rel=\"noopener noreferrer\" data-auth=\"NotApplicable\" data-linkindex=\"3\">OHiggins y Maule avanzan en una hoja de ruta conjunta para impulsar la ciencia, tecnolog\u00eda e innovaci\u00f3n desde los desaf\u00edos del territorio. Se refiere Lina Uribe V\u00e9lez, vicerrectora acad\u00e9mica.<\/a>\u00a0<\/div><div aria-hidden=\"true\">\u00a0<\/div><div><b>LAS \u00daLTIMAS NOTICIAS<\/b>\u00a0<\/div><div><a id=\"OWA950a6331-1fa9-0b0d-70a0-7ce42c60ba20\" title=\"https:\/\/mediastation.simbiu.es\/files\/index\/1\/139475464\/PressRecorte\/2026-09-01\/ulnchig_015_T139475464_20260901073649.jpg\/588010817\" href=\"https:\/\/mediastation.simbiu.es\/files\/index\/1\/139475464\/PressRecorte\/2026-09-01\/ulnchig_015_T139475464_20260901073649.jpg\/588010817\" target=\"_blank\" rel=\"noopener noreferrer\" data-auth=\"NotApplicable\" data-linkindex=\"4\">U. de Talca jubila al examen de grado de Derecho: ya no se rinde tras egresar. Se refiere Oscar Guzm\u00e1n Zepeda, director de la Escuela de Derecho, Campus Talca.<\/a>\u00a0<\/div><div aria-hidden=\"true\">\u00a0<\/div><div><b>T13.CL<\/b>\u00a0<\/div><div><a id=\"OWA0a0c2951-3052-4061-44dd-5fd90163e201\" title=\"https:\/\/www.t13.cl\/noticia\/nacional\/universidad-talca-ya-no-aplicara-examen-grado-para-futuros-abogados-asi-se-hara-1-9-2026\" href=\"https:\/\/www.t13.cl\/noticia\/nacional\/universidad-talca-ya-no-aplicara-examen-grado-para-futuros-abogados-asi-se-hara-1-9-2026\" target=\"_blank\" rel=\"noopener noreferrer\" data-auth=\"NotApplicable\" data-linkindex=\"5\">Universidad de Talca prepara in\u00e9dito cambio para quienes estudien derecho: eliminar\u00e1 el examen de grado. Se refiere Oscar Guzm\u00e1n Zepeda, director de la Escuela de Derecho, Campus Talca.<\/a>\u00a0<\/div><div aria-hidden=\"true\">\u00a0<\/div><div><b>ELDINAMO.CL<\/b>\u00a0<\/div><div><a id=\"OWA1ef4034f-dad5-33d1-5f49-020f8a95aca6\" title=\"https:\/\/www.eldinamo.cl\/pais\/2026\/09\/01\/inedito-cambio-en-u-de-talca-elimina-examen-de-grado-para-sus-estudiantes-de-derecho\/\" href=\"https:\/\/www.eldinamo.cl\/pais\/2026\/09\/01\/inedito-cambio-en-u-de-talca-elimina-examen-de-grado-para-sus-estudiantes-de-derecho\/\" target=\"_blank\" rel=\"noopener noreferrer\" data-auth=\"NotApplicable\" data-linkindex=\"6\">In\u00e9dito cambio en U. de Talca: elimina examen de grado para sus estudiantes de Derecho. Se refiere Oscar Guzm\u00e1n Zepeda, director de la Escuela de Derecho, Campus Talca.<\/a>\u00a0<\/div><div aria-hidden=\"true\">\u00a0<\/div><div><b>MEGANOTICIAS.CL<\/b>\u00a0<\/div><div><a id=\"OWA09ba2c16-d41d-cfc0-8dca-33de04768282\" title=\"https:\/\/www.meganoticias.cl\/nacional\/530689-u-de-talca-elimina-examen-de-grado-derecho-01-09-2026.html\" href=\"https:\/\/www.meganoticias.cl\/nacional\/530689-u-de-talca-elimina-examen-de-grado-derecho-01-09-2026.html\" target=\"_blank\" rel=\"noopener noreferrer\" data-auth=\"NotApplicable\" data-linkindex=\"7\">Adi\u00f3s al examen de grado: Universidad cambia la forma de evaluar a sus futuros abogados. Se refiere Oscar Guzm\u00e1n Zepeda, director de la Escuela de Derecho, Campus Talca.<\/a>\u00a0<\/div><div aria-hidden=\"true\">\u00a0<\/div><div><b>EL LECTOR &#8211; CHILE<\/b>\u00a0<\/div><div><a id=\"OWA59982835-e415-7a9b-d389-5b491fa7444e\" title=\"https:\/\/mediastation.simbiu.es\/files\/index\/1\/139475640\/PressRecorte\/2026-09-01\/lecchig_011_T139475640_20260901081807.jpg\/588060519\" href=\"https:\/\/mediastation.simbiu.es\/files\/index\/1\/139475640\/PressRecorte\/2026-09-01\/lecchig_011_T139475640_20260901081807.jpg\/588060519\" target=\"_blank\" rel=\"noopener noreferrer\" data-auth=\"NotApplicable\" data-linkindex=\"8\">Investigaci\u00f3n busca a mujeres embarazadas en Talca para medir efectos del calor y contaminaci\u00f3n en reci\u00e9n nacidos. Se refiere Mar\u00eda Elisa Quinteros C\u00e1ceres, acad\u00e9mica e investigadora de la Facultad de Ciencias de la Salud.<\/a>\u00a0<\/div><div aria-hidden=\"true\">\u00a0<\/div><div><b>PORTALREDSALUD.CL<\/b>\u00a0<\/div><div><a id=\"OWA5d7b583c-b6b8-843f-3b78-eb639a8e8959\" title=\"https:\/\/portalredsalud.cl\/2026\/09\/01\/investigacion-busca-a-mujeres-embarazadas-en-talca-para-medir-efectos-del-calor-y-contaminacion-en-recien-nacidos\/\" href=\"https:\/\/portalredsalud.cl\/2026\/09\/01\/investigacion-busca-a-mujeres-embarazadas-en-talca-para-medir-efectos-del-calor-y-contaminacion-en-recien-nacidos\/\" target=\"_blank\" rel=\"noopener noreferrer\" data-auth=\"NotApplicable\" data-linkindex=\"9\">Investigaci\u00f3n busca a mujeres embarazadas en Talca para medir efectos del calor y contaminaci\u00f3n en reci\u00e9n nacidos. Se refiere Mar\u00eda Elisa Quinteros C\u00e1ceres, acad\u00e9mica e investigadora de la Facultad de Ciencias de la Salud.<\/a>\u00a0<\/div><div aria-hidden=\"true\">\u00a0<\/div><div><b>RADIO B\u00cdO B\u00cdO SANTIAGO<\/b>\u00a0<\/div><div><a id=\"OWA2436d58e-0abf-1d1a-eb4b-e323830cff09\" title=\"https:\/\/mediastation.simbiu.es\/files\/OirNoticia\/49022632\/3\/rbbsant-20260901-m...\" href=\"https:\/\/mediastation.simbiu.es\/files\/OirNoticia\/49022632\/3\/rbbsant-20260901-m...\" target=\"_blank\" rel=\"noopener noreferrer\" data-auth=\"NotApplicable\" data-linkindex=\"10\">Comentario de los conductores de Radiograma Matinal y Expreso Biob\u00edo. Se refiere Mario Herrera Mu\u00f1oz, acad\u00e9mico del Centro de An\u00e1lisis Pol\u00edtico (CAP-UTalca).<\/a>\u00a0\u00a0<\/div><div aria-hidden=\"true\">\u00a0<\/div><div><b>RADIO INFINITA<\/b>\u00a0<\/div><div><a id=\"OWA57fba044-129b-50f4-7cd2-cb9336f66daf\" title=\"https:\/\/mediastation.simbiu.es\/files\/OirNoticia\/49013192\/3\/rinfint-20260901-m...\" href=\"https:\/\/mediastation.simbiu.es\/files\/OirNoticia\/49013192\/3\/rinfint-20260901-m...\" target=\"_blank\" rel=\"noopener noreferrer\" data-auth=\"NotApplicable\" data-linkindex=\"11\">Pol\u00edtica y relaciones con Argentina. Se refiere Mauricio Morales Quiroga, director del Centro de An\u00e1lisis Pol\u00edtico (CAP-UTalca).<\/a>\u00a0<\/div><div aria-hidden=\"true\">\u00a0<\/div><div><b>CAUQUENESNET.CL<\/b>\u00a0<\/div><div><a id=\"OWA5f891153-7cb6-2602-8b1a-646f111aa6e4\" title=\"https:\/\/cauquenesnet.cl\/2026\/09\/01\/anticipan-primavera-calida-y-humeda-seguida-de-un-verano-con-temperaturas-extremas\/\" href=\"https:\/\/cauquenesnet.cl\/2026\/09\/01\/anticipan-primavera-calida-y-humeda-seguida-de-un-verano-con-temperaturas-extremas\/\" target=\"_blank\" rel=\"noopener noreferrer\" data-auth=\"NotApplicable\" data-linkindex=\"12\">Anticipan primavera c\u00e1lida y h\u00fameda seguida de un verano con temperaturas extremas. <\/a><a id=\"OWAda0bbc2f-cca0-c14d-d7ba-31426a4c2855\" title=\"https:\/\/mediastation.simbiu.es\/files\/index\/1\/139258951\/PressRecorte\/2026-08-20\/merchic_001_T139258951_20260820075508.jpg\/568085474\" href=\"https:\/\/mediastation.simbiu.es\/files\/index\/1\/139258951\/PressRecorte\/2026-08-20\/merchic_001_T139258951_20260820075508.jpg\/568085474\" target=\"_blank\" rel=\"noopener noreferrer\" data-auth=\"NotApplicable\" data-linkindex=\"13\">Se refiere Patricio Gonz\u00e1lez Colville, acad\u00e9mico del Centro de Investigaci\u00f3n y Transferencia en Riego y Agroclimatolog\u00eda (CITRA).\u202f<\/a>\u00a0<\/div><div><b>LA PRENSA DE CURIC\u00d3 &#8211; CHILE<\/b>\u00a0<\/div><div><a id=\"OWAedcef3af-215e-3417-1954-d9ae9e7cb1ec\" title=\"https:\/\/mediastation.simbiu.es\/files\/index\/1\/139480151\/PressRecorte\/2026-09-01\/lprchig_018_T139480151_20260901100845.jpg\/588603617\" href=\"https:\/\/mediastation.simbiu.es\/files\/index\/1\/139480151\/PressRecorte\/2026-09-01\/lprchig_018_T139480151_20260901100845.jpg\/588603617\" target=\"_blank\" rel=\"noopener noreferrer\" data-auth=\"NotApplicable\" data-linkindex=\"14\">Hist\u00f3rico encuentro de Orquesta de Cuerdas Infanto Juvenil de Constituci\u00f3n con Sinfonietta de UTalca. Se refiere Donan Lamotte, director de la Sinfonietta.<\/a>\u00a0<\/div><div aria-hidden=\"true\">\u00a0<\/div><div><b>MEDIABANCO.COM<\/b>\u00a0<\/div><div><a id=\"OWA4d2e3680-c4e4-6bc2-ed23-a219c59018e2\" title=\"https:\/\/www.mediabanco.com\/mas-de-un-centenar-de-estudiantes-participaron-en-las-olimpiadas-de-quimica-en-la-utalca\/\" href=\"https:\/\/www.mediabanco.com\/mas-de-un-centenar-de-estudiantes-participaron-en-las-olimpiadas-de-quimica-en-la-utalca\/\" target=\"_blank\" rel=\"noopener noreferrer\" data-auth=\"NotApplicable\" data-linkindex=\"15\">M\u00e1s de un centenar de estudiantes participaron en las Olimpiadas de Qu\u00edmica en la UTalca. Se refiere Adolfo Marican Riquelme, director de la Escuela de Qu\u00edmica y Farmacia.<\/a>\u00a0<\/div><div aria-hidden=\"true\">\u00a0<\/div><div><b>DIARIOELCENTRO.CL<\/b>\u00a0<\/div><div><a id=\"OWA4214c804-a080-c258-e0b3-3f4d51b5fb37\" title=\"https:\/\/www.diarioelcentro.cl\/2026\/09\/01\/recetas-del-abate-molina-regresan-a-la-mesa-del-maule-y-preservan-su-legado-culinario\/\" href=\"https:\/\/www.diarioelcentro.cl\/2026\/09\/01\/recetas-del-abate-molina-regresan-a-la-mesa-del-maule-y-preservan-su-legado-culinario\/\" target=\"_blank\" rel=\"noopener noreferrer\" data-auth=\"NotApplicable\" data-linkindex=\"16\">Recetas del Abate Molina regresan a la mesa del Maule y preservan su legado culinario. Se refiere Eduardo Aguirre Le\u00f3n, director de Creaci\u00f3n.<\/a>\u00a0<\/div><div aria-hidden=\"true\">\u00a0<\/div><div><b>EL LECTOR &#8211; CHILE<\/b>\u00a0<\/div><div><a id=\"OWAb85081c4-3011-e4fb-b952-720270a50293\" title=\"https:\/\/mediastation.simbiu.es\/files\/index\/1\/139475644\/PressRecorte\/2026-09-01\/lecchig_009_T139475644_20260901081807.jpg\/588060676\" href=\"https:\/\/mediastation.simbiu.es\/files\/index\/1\/139475644\/PressRecorte\/2026-09-01\/lecchig_009_T139475644_20260901081807.jpg\/588060676\" target=\"_blank\" rel=\"noopener noreferrer\" data-auth=\"NotApplicable\" data-linkindex=\"17\">SLEP Maule Costa realiza segundo Encuentro de Centros de Alumnos de Ense\u00f1anza Media para fortalecer el liderazgo estudiantil. Se menciona la Universidad de Talca.<\/a>\u00a0<\/div><div aria-hidden=\"true\">\u00a0<\/div><div><b>EL RANCAG\u00dcINO &#8211; CHILE<\/b>\u00a0<\/div><div><a id=\"OWAf6c5c2bf-ee16-35b3-be7d-875b256af331\" title=\"https:\/\/mediastation.simbiu.es\/files\/index\/1\/139480320\/PressRecorte\/2026-09-01\/elrchig_020_T139480320_20260901030038.jpg\/588937337\" href=\"https:\/\/mediastation.simbiu.es\/files\/index\/1\/139480320\/PressRecorte\/2026-09-01\/elrchig_020_T139480320_20260901030038.jpg\/588937337\" target=\"_blank\" rel=\"noopener noreferrer\" data-auth=\"NotApplicable\" data-linkindex=\"18\">El Teniente capacita a estudiantes en est\u00e1ndares de seguridad minera. Se menciona a la Universidad de Talca.<\/a>\u00a0<\/div><div aria-hidden=\"true\">\u00a0<\/div><div><b>ELURBANORURAL.CL<\/b>\u00a0<\/div><div><a id=\"OWAb626d708-18ad-c164-e8ca-5055ff069042\" title=\"http:\/\/elurbanorural.cl\/ohiggins-conmemoro-el-mes-de-la-mineria-con-una-agenda-centrada-en-seguridad-pequena-mineria-mujeres-y-formacion-de-nuevos-talentos\/\" href=\"http:\/\/elurbanorural.cl\/ohiggins-conmemoro-el-mes-de-la-mineria-con-una-agenda-centrada-en-seguridad-pequena-mineria-mujeres-y-formacion-de-nuevos-talentos\/\" target=\"_blank\" rel=\"noopener noreferrer\" data-auth=\"NotApplicable\" data-linkindex=\"19\">OHiggins conmemor\u00f3 el Mes de la Miner\u00eda con una agenda centrada en seguridad, peque\u00f1a miner\u00eda, mujeres y formaci\u00f3n de nuevos talentos. Se menciona a la Universidad de Talca.<\/a>\u00a0<\/div><div aria-hidden=\"true\">\u00a0<\/div><div><b>DIARIORANCAGUA.CL<\/b>\u00a0<\/div><div><a id=\"OWA56fe7388-ba06-5eb6-6042-0472a9b1cac3\" title=\"https:\/\/diariorancagua.cl\/ohiggins-conmemoro-el-mes-de-la-mineria-con-una-agenda-centrada-en-seguridad-pequena-mineria-mujeres-y-formacion-de-nuevos-talentos\/\" href=\"https:\/\/diariorancagua.cl\/ohiggins-conmemoro-el-mes-de-la-mineria-con-una-agenda-centrada-en-seguridad-pequena-mineria-mujeres-y-formacion-de-nuevos-talentos\/\" target=\"_blank\" rel=\"noopener noreferrer\" data-auth=\"NotApplicable\" data-linkindex=\"20\">OHiggins conmemor\u00f3 el Mes de la Miner\u00eda con una agenda centrada en seguridad, peque\u00f1a miner\u00eda, mujeres y formaci\u00f3n de nuevos talentos. Se menciona a la Universidad de Talca.<\/a>\u00a0<\/div><div aria-hidden=\"true\">\u00a0<\/div><div><b>ELMAULEINFORMA.CL<\/b>\u00a0<\/div><div><a id=\"OWA8b966494-e6c9-2275-b81c-45c616ea1442\" title=\"https:\/\/elmauleinforma.cl\/citra-utalca-emplea-inteligencia-artificial-y-drones-para-combatir-escasez-hidrica\/\" href=\"https:\/\/elmauleinforma.cl\/citra-utalca-emplea-inteligencia-artificial-y-drones-para-combatir-escasez-hidrica\/\" target=\"_blank\" rel=\"noopener noreferrer\" data-auth=\"NotApplicable\" data-linkindex=\"21\">CITRA UTalca emplea inteligencia artificial y?drones?para combatir escasez h\u00eddrica. Se menciona a la Universidad de Talca.<\/a>\u00a0<\/div><div aria-hidden=\"true\">\u00a0<\/div><div><b>PORTALEDUCA.CL<\/b>\u00a0<\/div><div><a id=\"OWA2ff1aceb-4196-6913-63f1-c19e4bc89298\" title=\"https:\/\/portaleduca.cl\/consejo-ctci-presento-estrategia-nacional-2026-a-rectores-del-consorcio-de-universidades-del-estado-de-chile-cuech\/\" href=\"https:\/\/portaleduca.cl\/consejo-ctci-presento-estrategia-nacional-2026-a-rectores-del-consorcio-de-universidades-del-estado-de-chile-cuech\/\" target=\"_blank\" rel=\"noopener noreferrer\" data-auth=\"NotApplicable\" data-linkindex=\"22\">Consejo CTCI present\u00f3 Estrategia Nacional 2026 a rectores del Consorcio de Universidades del Estado de Chile (CUECH). Se menciona a la Universidad de Talca.<\/a>\u00a0<\/div><div aria-hidden=\"true\">\u00a0<\/div><div><b>G5NOTICIAS.CL<\/b>\u00a0<\/div><div><a id=\"OWAcf20f874-949a-b406-9bcc-0da8dcb1639a\" title=\"https:\/\/g5noticias.cl\/2026\/09\/01\/taller-gratuito-para-organizaciones-conoce-tus-datos-un-paso-imprescindible-para-la-ia-llega-a-vina-del-mar\/\" href=\"https:\/\/g5noticias.cl\/2026\/09\/01\/taller-gratuito-para-organizaciones-conoce-tus-datos-un-paso-imprescindible-para-la-ia-llega-a-vina-del-mar\/\" target=\"_blank\" rel=\"noopener noreferrer\" data-auth=\"NotApplicable\" data-linkindex=\"23\">Taller gratuito para organizaciones \u00abConoce tus Datos: un paso imprescindible para la IA\u00bb llega a Vi\u00f1a del Mar. Se menciona a la Universidad de Talca.<\/a>\u00a0<\/div><div aria-hidden=\"true\">\u00a0<\/div><div><b>UCHILE.CL<\/b>\u00a0<\/div><div><a id=\"OWA2dd7d396-086e-f82c-67ee-b7ce2d2dc3d2\" title=\"https:\/\/uchile.cl\/noticias\/244275\/congreso-iei-2026-inaugura-su-quinta-edicion-en-la-universidad-de-chile0\" href=\"https:\/\/uchile.cl\/noticias\/244275\/congreso-iei-2026-inaugura-su-quinta-edicion-en-la-universidad-de-chile0\" target=\"_blank\" rel=\"noopener noreferrer\" data-auth=\"NotApplicable\" data-linkindex=\"24\">Congreso IEI 2026 debuta en la U. de Chile con llamado a fortalecer la inter y transdisciplina en Am\u00e9rica Latina. Se menciona a la Universidad de Talca.<\/a>\u00a0<\/div><div aria-hidden=\"true\">\u00a0<\/div><div><b>UCHILE.CL<\/b>\u00a0<\/div><div><a id=\"OWA58aeda20-a176-3173-3df7-e8e1f782dc13\" title=\"https:\/\/uchile.cl\/noticias\/244265\/congreso-iei-2026-inaugura-su-quinta-edicion-en-la-universidad-de-chile\" href=\"https:\/\/uchile.cl\/noticias\/244265\/congreso-iei-2026-inaugura-su-quinta-edicion-en-la-universidad-de-chile\" target=\"_blank\" rel=\"noopener noreferrer\" data-auth=\"NotApplicable\" data-linkindex=\"25\">Congreso IEI 2026 inaugura su quinta edici\u00f3n en la Universidad de Chile con llamado a fortalecer la inter y transdisciplina en Am\u00e9rica Latina. Se menciona a la Universidad de Talca.<\/a>\u00a0<\/div><div aria-hidden=\"true\">\u00a0<\/div><div><b>PAUTA.CL<\/b>\u00a0<\/div><div><a id=\"OWAdd95fb7f-0f8b-feca-0092-cb686ae3a08f\" title=\"https:\/\/www.pauta.cl\/cultura\/2026\/09\/01\/todavia-existo-el-libro-que-reconstruye-la-vida-de-matilde-perez-la-artista-que-puso-en-movimiento-el-arte-chileno.html\" href=\"https:\/\/www.pauta.cl\/cultura\/2026\/09\/01\/todavia-existo-el-libro-que-reconstruye-la-vida-de-matilde-perez-la-artista-que-puso-en-movimiento-el-arte-chileno.html\" target=\"_blank\" rel=\"noopener noreferrer\" data-auth=\"NotApplicable\" data-linkindex=\"26\">\u201cTodav\u00eda existo\u201d: el libro que reconstruye la vida de Matilde P\u00e9rez, la artista que puso en movimiento el arte chileno. Se menciona a la Universidad de Talca.<\/a>\u00a0<\/div><div aria-hidden=\"true\">\u00a0<\/div><div><b>NUEVOPODER.CL<\/b>\u00a0<\/div><div><a id=\"OWAcbb43e1b-f0f4-7983-2a67-eb4352fbc2a3\" title=\"https:\/\/www.nuevopoder.cl\/kast-propone-al-senado-cinco-candidatos-para-cubrir-vacantes-en-tribunales-ambientales\/\" href=\"https:\/\/www.nuevopoder.cl\/kast-propone-al-senado-cinco-candidatos-para-cubrir-vacantes-en-tribunales-ambientales\/\" target=\"_blank\" rel=\"noopener noreferrer\" data-auth=\"NotApplicable\" data-linkindex=\"27\">Kast propone al Senado cinco candidatos para cubrir vacantes en tribunales ambientales. Se menciona a la Universidad de Talca.<\/a>\u00a0<\/div><div aria-hidden=\"true\">\u00a0<\/div><div><b>LATERCERA.COM<\/b>\u00a0<\/div><div><a id=\"OWA6e4e065b-1513-db97-b292-15c22e5ae195\" title=\"https:\/\/www.latercera.com\/pulso\/noticia\/los-candidatos-a-los-tribunales-ambientales-que-presento-kast-al-senado\/\" href=\"https:\/\/www.latercera.com\/pulso\/noticia\/los-candidatos-a-los-tribunales-ambientales-que-presento-kast-al-senado\/\" target=\"_blank\" rel=\"noopener noreferrer\" data-auth=\"NotApplicable\" data-linkindex=\"28\">Los candidatos a los tribunales ambientales que present\u00f3 Kast al Senado. Se menciona a la Universidad de Talca.<\/a>\u00a0<\/div><div aria-hidden=\"true\">\u00a0<\/div><div><b>RADIO ADN<\/b>\u00a0<\/div><div><a id=\"OWAb40a0555-e24f-e4bf-68fc-cb7a1a7d0ab9\" title=\"https:\/\/mediastation.simbiu.es\/files\/OirNoticia\/48998498\/3\/radadn-20260901-mar-0600-0700-00_20260901_133204_09.mp4\/false\" href=\"https:\/\/mediastation.simbiu.es\/files\/OirNoticia\/48998498\/3\/radadn-20260901-mar-0600-0700-00_20260901_133204_09.mp4\/false\" target=\"_blank\" rel=\"noopener noreferrer\" data-auth=\"NotApplicable\" data-linkindex=\"29\">Lectura de la prensa. Se menciona a la Universidad de Talca.<\/a>\u00a0<\/div><div aria-hidden=\"true\">\u00a0<\/div>\t\t\t\t\t\t<\/div>\n\t\t\t\t<\/div>\n\t\t\t\t\t<\/div>\n\t\t<\/div>\n\t\t\t\t\t\t\t<\/div>\n\t\t<\/section>\n\t\t\t\t\t\t<\/div>\n\t\t\t\t\t<\/div>\n\t\t","protected":false},"excerpt":{"rendered":"<p>CIENCIAENCHILE.CL\u00a0CITAGRO reuni\u00f3 a m\u00e1s de 200 personas asociadas al sistema agroalimentario y la ciencia en su lanzamiento. Se refieren Arcadio Cerda Urrutia, rector y Laurens Klerkx, acad\u00e9mico de la Facultad de Ciencias Agrarias.\u00a0\u00a0PRIMERA FUENTE\u00a0Talca otorga Medalla al M\u00e9rito a talquina que es primera mujer rectora de la Universidad de Concepci\u00f3n en sus 107 a\u00f1os de &hellip;<\/p>\n<p class=\"read-more\"> <a class=\"\" href=\"https:\/\/www.reportedeprensa.utalca.cl\/?p=14585\"> <span class=\"screen-reader-text\">02 de septiembre 2026<\/span> Read More &raquo;<\/a><\/p>\n","protected":false},"author":1,"featured_media":0,"comment_status":"closed","ping_status":"open","sticky":false,"template":"","format":"standard","meta":{"_monsterinsights_skip_tracking":false,"_monsterinsights_sitenote_active":false,"_monsterinsights_sitenote_note":"","_monsterinsights_sitenote_category":0},"categories":[74],"tags":[],"_links":{"self":[{"href":"https:\/\/www.reportedeprensa.utalca.cl\/index.php?rest_route=\/wp\/v2\/posts\/14585"}],"collection":[{"href":"https:\/\/www.reportedeprensa.utalca.cl\/index.php?rest_route=\/wp\/v2\/posts"}],"about":[{"href":"https:\/\/www.reportedeprensa.utalca.cl\/index.php?rest_route=\/wp\/v2\/types\/post"}],"author":[{"embeddable":true,"href":"https:\/\/www.reportedeprensa.utalca.cl\/index.php?rest_route=\/wp\/v2\/users\/1"}],"replies":[{"embeddable":true,"href":"https:\/\/www.reportedeprensa.utalca.cl\/index.php?rest_route=%2Fwp%2Fv2%2Fcomments&post=14585"}],"version-history":[{"count":4,"href":"https:\/\/www.reportedeprensa.utalca.cl\/index.php?rest_route=\/wp\/v2\/posts\/14585\/revisions"}],"predecessor-version":[{"id":14596,"href":"https:\/\/www.reportedeprensa.utalca.cl\/index.php?rest_route=\/wp\/v2\/posts\/14585\/revisions\/14596"}],"wp:attachment":[{"href":"https:\/\/www.reportedeprensa.utalca.cl\/index.php?rest_route=%2Fwp%2Fv2%2Fmedia&parent=14585"}],"wp:term":[{"taxonomy":"category","embeddable":true,"href":"https:\/\/www.reportedeprensa.utalca.cl\/index.php?rest_route=%2Fwp%2Fv2%2Fcategories&post=14585"},{"taxonomy":"post_tag","embeddable":true,"href":"https:\/\/www.reportedeprensa.utalca.cl\/index.php?rest_route=%2Fwp%2Fv2%2Ftags&post=14585"}],"curies":[{"name":"wp","href":"https:\/\/api.w.org\/{rel}","templated":true}]}}