{"id":1482,"date":"2021-07-14T09:50:26","date_gmt":"2021-07-14T12:50:26","guid":{"rendered":"https:\/\/www.reportedeprensa.utalca.cl\/?p=1482"},"modified":"2021-07-14T10:01:02","modified_gmt":"2021-07-14T13:01:02","slug":"14-de-julio-de-2021","status":"publish","type":"post","link":"https:\/\/www.reportedeprensa.utalca.cl\/?p=1482","title":{"rendered":"14 de julio de 2021"},"content":{"rendered":"\t\t<div data-elementor-type=\"wp-post\" data-elementor-id=\"1482\" class=\"elementor elementor-1482\" data-elementor-settings=\"[]\">\n\t\t\t\t\t\t\t<div class=\"elementor-section-wrap\">\n\t\t\t\t\t\t\t<section class=\"elementor-section elementor-top-section elementor-element elementor-element-a06ca45 elementor-section-boxed elementor-section-height-default elementor-section-height-default\" data-id=\"a06ca45\" data-element_type=\"section\">\n\t\t\t\t\t\t<div class=\"elementor-container elementor-column-gap-default\">\n\t\t\t\t\t<div class=\"elementor-column elementor-col-100 elementor-top-column elementor-element elementor-element-1486c35\" data-id=\"1486c35\" data-element_type=\"column\">\n\t\t\t<div class=\"elementor-widget-wrap elementor-element-populated\">\n\t\t\t\t\t\t\t\t<div class=\"elementor-element elementor-element-42b145e elementor-widget elementor-widget-text-editor\" data-id=\"42b145e\" data-element_type=\"widget\" data-widget_type=\"text-editor.default\">\n\t\t\t\t<div class=\"elementor-widget-container\">\n\t\t\t\t\t\t\t\t<p><b>LAS \u00daLTIMAS NOTICIAS<\/b><\/p><p><a style=\"font-style: inherit; font-weight: inherit; background-color: #ffffff; font-family: -apple-system, BlinkMacSystemFont,;\" href=\"https:\/\/www.litoralpress.cl\/paginaconsultas\/Servicios_NClip\/Get_Imagen_Nota.aspx?LPKey=IPC6OVFUD22IPH4NEBFLMBZDMBR2FFXI2RWNSNJBULSO3FBPRTCHK4UE3YUAE57WXMG2X5URSBEHE\" target=\"_blank\" rel=\"noopener\">Daniel Jim\u00e9nez, epidemi\u00f3logo de la Universidad de Talca: \u201cHay que aprovechar la baja incidencia para fortalecer la trazabilidad\u201d.<\/a><\/p><p>\u00a0<\/p><p><b>ADPRENSA.CL<\/b><\/p><p><a style=\"font-style: inherit; font-weight: inherit; background-color: #ffffff; font-family: -apple-system, BlinkMacSystemFont,;\" href=\"https:\/\/www.adprensa.cl\/cronica\/once-variantes-del-covid-han-sido-detectadas-en-chile\/\" target=\"_blank\" rel=\"noopener\">Once variantes del COVID han sido detectadas en Chile. Se refiere Daniel Jim\u00e9nez, director de Salud del Estudiante y Sergio Wehinger, director del Mag\u00edster en Ciencias Biom\u00e9dicas de la UTalca.<\/a><\/p><p>\u00a0<\/p><p><b>ELPERIODISTA.CL<\/b><\/p><p><a style=\"font-style: inherit; font-weight: inherit; background-color: #ffffff; font-family: -apple-system, BlinkMacSystemFont,;\" href=\"https:\/\/www.elperiodista.cl\/2021\/07\/once-variantes-del-covid-han-sido-detectadas-en-chile\/\" target=\"_blank\" rel=\"noopener\">Once variantes del COVID han sido detectadas en Chile. Se refiere Daniel Jim\u00e9nez, director de Salud del Estudiante y Sergio Wehinger, director del Mag\u00edster en Ciencias Biom\u00e9dicas de la UTalca.<\/a><\/p><p>\u00a0<\/p><p><b>UNIVERSIDADESESTATALES.CL<\/b><\/p><p><a style=\"font-style: inherit; font-weight: inherit; background-color: #ffffff; font-family: -apple-system, BlinkMacSystemFont,;\" href=\"http:\/\/www.universidadesestatales.cl\/cue\/?q=node\/9002\" target=\"_blank\" rel=\"noopener\">Once variantes del COVID han sido detectadas en Chile. Se refiere Daniel Jim\u00e9nez, director de Salud del Estudiante y Sergio Wehinger, director del Mag\u00edster en Ciencias Biom\u00e9dicas de la UTalca.<\/a><\/p><p>\u00a0<\/p><p><b>MAULEE.CL<\/b><\/p><p><a style=\"font-style: inherit; font-weight: inherit; background-color: #ffffff; font-family: -apple-system, BlinkMacSystemFont,;\" href=\"https:\/\/www.maulee.cl\/once-variantes-del-covid-han-sido-detectadas-en-chile\/\" target=\"_blank\" rel=\"noopener\">Once variantes del COVID han sido detectadas en Chile. Se refiere Daniel Jim\u00e9nez, director de Salud del Estudiante y Sergio Wehinger, director del Mag\u00edster en Ciencias Biom\u00e9dicas de la UTalca.<\/a><\/p><p>\u00a0<\/p><p><b>ELMAULEINFORMA.CL<\/b><\/p><p><a style=\"font-style: inherit; font-weight: inherit; background-color: #ffffff; font-family: -apple-system, BlinkMacSystemFont,;\" href=\"https:\/\/elmauleinforma.cl\/once-variantes-del-covid-han-sido-detectadas-en-chile\/\" target=\"_blank\" rel=\"noopener\">Once variantes del COVID han sido detectadas en Chile. Se refiere Daniel Jim\u00e9nez, director de Salud del Estudiante y Sergio Wehinger, director del Mag\u00edster en Ciencias Biom\u00e9dicas de la UTalca.<\/a><\/p><p>\u00a0<\/p><p><b>SEXTANOTICIAS.CL<\/b><\/p><p><a style=\"font-style: inherit; font-weight: inherit; background-color: #ffffff; font-family: -apple-system, BlinkMacSystemFont,;\" href=\"https:\/\/www.sextanoticias.cl\/once-variantes-del-covid-han-sido-detectadas-en-chile\/\" target=\"_blank\" rel=\"noopener\">Once variantes del COVID han sido detectadas en Chile. Se refiere Daniel Jim\u00e9nez, director de Salud del Estudiante y Sergio Wehinger, director del Mag\u00edster en Ciencias Biom\u00e9dicas de la UTalca.<\/a><\/p><p>\u00a0<\/p><p><b>DIALOGOSUR.CL<\/b><\/p><p><a style=\"font-style: inherit; font-weight: inherit; background-color: #ffffff; font-family: -apple-system, BlinkMacSystemFont,;\" href=\"https:\/\/dialogosur.cl\/once-variantes-del-covid-han-sido-detectadas-en-chile\/\" target=\"_blank\" rel=\"noopener\">Once variantes del COVID han sido detectadas en Chile. Se refiere Daniel Jim\u00e9nez, director de Salud del Estudiante y Sergio Wehinger, director del Mag\u00edster en Ciencias Biom\u00e9dicas de la UTalca.<\/a><\/p><p>\u00a0<\/p><p><b>RADIOPOLAR.COM<\/b><\/p><p><a style=\"font-style: inherit; font-weight: inherit; background-color: #ffffff; font-family: -apple-system, BlinkMacSystemFont,;\" href=\"http:\/\/radiopolar.com\/noticia_168299.html\" target=\"_blank\" rel=\"noopener\">Once variantes del COVID han sido detectadas en Chile. Se refiere Daniel Jim\u00e9nez, director de Salud del Estudiante y Sergio Wehinger, director del Mag\u00edster en Ciencias Biom\u00e9dicas de la UTalca.<\/a><\/p><p>\u00a0<\/p><p><b>CANAL TVN RED AUSTRAL<\/b><\/p><p><a style=\"font-style: inherit; font-weight: inherit; background-color: #ffffff; font-family: -apple-system, BlinkMacSystemFont,;\" href=\"https:\/\/www.litoralpress.cl\/sitio\/RadioTV_Detalles.cshtml?LPKey=7BQYYCLYSBX26VRURYMYJL4SHVQTHLDNR3GFSYF4ZILB2DXUEHQA\" target=\"_blank\" rel=\"noopener\">Cuatro viajeros en cuarentena por contacto con caso de variante Delta. Se refiere Sergio Wehinger, director del Mag\u00edster en Ciencias Biom\u00e9dicas de la UTalca.<\/a><\/p><p>\u00a0<\/p><p><b>CANAL TVN RED AUSTRAL<\/b><\/p><p><a style=\"font-style: inherit; font-weight: inherit; background-color: #ffffff; font-family: -apple-system, BlinkMacSystemFont,;\" href=\"https:\/\/www.litoralpress.cl\/sitio\/RadioTV_Detalles.cshtml?LPKey=EJZNBFZ42XCD6RHDSEL2LAEGSBMMCGQBWSGLVWQQIA4CINXTKPBA\" target=\"_blank\" rel=\"noopener\">Regi\u00f3n de Magallanes: Comenz\u00f3 inoculaci\u00f3n para adolescentes de 16 a\u00f1os. Se refiere Daniel Jim\u00e9nez, director de Salud del Estudiante de la UTalca.<\/a><\/p><p>\u00a0<\/p><p><b>EL AUSTRAL DE OSORNO<\/b><\/p><p><a style=\"font-style: inherit; font-weight: inherit; background-color: #ffffff; font-family: -apple-system, BlinkMacSystemFont,;\" href=\"https:\/\/www.litoralpress.cl\/paginaconsultas\/Servicios_NClip\/Get_Imagen_Nota.aspx?LPKey=7V2LZOPE6I2UURMAOXVN3PDD5LNPHJBCDDTIAHLJVNGRIKTAYE4YDSOJ3SZ3HNLSMUYPEOOP6Q7DG\" target=\"_blank\" rel=\"noopener\">Menos restricciones para los vacunados. Se refiere Erika Retamal, directora de Salud P\u00fablica de la UTalca.<\/a><\/p><p>\u00a0<\/p><p><b>CR\u00d3NICA DE CHILL\u00c1N<\/b><\/p><p><a style=\"font-style: inherit; font-weight: inherit; background-color: #ffffff; font-family: -apple-system, BlinkMacSystemFont,;\" href=\"https:\/\/www.litoralpress.cl\/paginaconsultas\/Servicios_NClip\/Get_Imagen_Nota.aspx?LPKey=QHYWCU7XXQT4JQL2VHXXKVO4X5VKCQRZ4CYQVKLWGBSYRODLL6NFDBYP7YYTMMWQRNLNWI4IPXMJK\" target=\"_blank\" rel=\"noopener\">Menos restricciones para los vacunados. Se refiere Erika Retamal, directora de Salud P\u00fablica de la UTalca.<\/a><\/p><p>\u00a0<\/p><p><b>RADIO ADN<\/b><\/p><p><a style=\"font-style: inherit; font-weight: inherit; background-color: #ffffff; font-family: -apple-system, BlinkMacSystemFont,;\" href=\"https:\/\/www.litoralpress.cl\/sitio\/RadioTV_Detalles.cshtml?LPKey=CLFRQRNPETAPTNLP2VRN22R7MAQOBM2S5LCNWAKIVW4E4VREIRJA\" target=\"_blank\" rel=\"noopener\">Balance COVID-19. Se menciona a la UTalca.<\/a><\/p><p>\u00a0<\/p><p><b>LA PRENSA<\/b><\/p><p><a style=\"font-style: inherit; font-weight: inherit; background-color: #ffffff; font-family: -apple-system, BlinkMacSystemFont,;\" href=\"https:\/\/www.litoralpress.cl\/paginaconsultas\/Servicios_NClip\/Get_Imagen_Nota.aspx?LPKey=GXBBKQ6E7A653VCZ2KVNXQSKHDLQLHNQ5CQLTV6H6AAQ5LMFMAM3I57LK5HRCZMHQUSYVXVAFMC7E\" target=\"_blank\" rel=\"noopener\">Plantean que nueva Constituci\u00f3n debe proteger el suelo agr\u00edcola. Se refiere Hern\u00e1n Paill\u00e1n, acad\u00e9mico de Facultad de Ciencias Agrarias de la UTalca.<\/a><\/p><p>\u00a0<\/p><p><b>DIARIOLAPRENSA.CL<\/b><\/p><p><a style=\"font-style: inherit; font-weight: inherit; background-color: #ffffff; font-family: -apple-system, BlinkMacSystemFont,;\" href=\"https:\/\/new.diariolaprensa.cl\/index.php\/2021\/07\/13\/plantean-que-nueva-constitucion-debe-proteger-el-suelo-agricola\/\" target=\"_blank\" rel=\"noopener\">Plantean que nueva Constituci\u00f3n debe proteger el suelo agr\u00edcola. Se refiere Hern\u00e1n Paill\u00e1n, acad\u00e9mico de Facultad de Ciencias Agrarias de la UTalca.<\/a><\/p><p>\u00a0<\/p><p><b>EL HERALDO<\/b><\/p><p><a style=\"font-style: inherit; font-weight: inherit; background-color: #ffffff; font-family: -apple-system, BlinkMacSystemFont,;\" href=\"https:\/\/www.litoralpress.cl\/paginaconsultas\/Servicios_NClip\/Get_Imagen_Nota.aspx?LPKey=K42LEJVER4IM5QORSRUVOPE5PXNAODVQVC3IBU56LHUL7RBKVQQ2OYYQQTJO5SUXZE5TF7RFW73UA\" target=\"_blank\" rel=\"noopener\">Acad\u00e9mico UTalca: nueva Constituci\u00f3n debe proteger el suelo agr\u00edcola.<\/a><\/p><p>\u00a0<\/p><p><b>ELMAULEINFORMA.CL<\/b><\/p><p><a style=\"font-style: inherit; font-weight: inherit; background-color: #ffffff; font-family: -apple-system, BlinkMacSystemFont,;\" href=\"https:\/\/elmauleinforma.cl\/academico-utalca-nueva-constitucion-debe-proteger-el-suelo-agricola\/\" target=\"_blank\" rel=\"noopener\">Acad\u00e9mico UTalca: nueva Constituci\u00f3n debe proteger el suelo agr\u00edcola.<\/a><\/p><p>\u00a0<\/p><p><b>LINARESENLINEA.CL<\/b><\/p><p><a style=\"font-style: inherit; font-weight: inherit; background-color: #ffffff; font-family: -apple-system, BlinkMacSystemFont,;\" href=\"https:\/\/www.linaresenlinea.cl\/2021\/07\/13\/academico-utalca-nueva-constitucion-debe-proteger-el-suelo-agricola\/\" target=\"_blank\" rel=\"noopener\">Acad\u00e9mico UTalca: nueva Constituci\u00f3n debe proteger el suelo agr\u00edcola.<\/a><\/p><p>\u00a0<\/p><p><b>G5NOTICIAS.CL<\/b><\/p><p><a style=\"font-style: inherit; font-weight: inherit; background-color: #ffffff; font-family: -apple-system, BlinkMacSystemFont,;\" href=\"https:\/\/g5noticias.cl\/2021\/07\/13\/academico-utalca-nueva-constitucion-debe-proteger-el-suelo-agricola\/\" target=\"_blank\" rel=\"noopener\">Acad\u00e9mico UTalca: nueva Constituci\u00f3n debe proteger el suelo agr\u00edcola.<\/a><\/p><p>\u00a0<\/p><p><b>CANAL TV5<\/b><\/p><p><a style=\"font-style: inherit; font-weight: inherit; background-color: #ffffff; font-family: -apple-system, BlinkMacSystemFont,;\" href=\"https:\/\/www.litoralpress.cl\/sitio\/RadioTV_Detalles.cshtml?LPKey=AJAZB6DGOOXOJJTMHNPNVX3E5L4UMFYRGH5CMHNIJGGSMMQ4AYWA\" target=\"_blank\" rel=\"noopener\">Entrevista a Sebasti\u00e1n Donoso, acad\u00e9mico del Instituto de Investigaci\u00f3n y Desarrollo Educacional (IIDE) de la UTalca.<\/a><\/p><p>\u00a0<\/p><p><b>CANAL ITV PATAGONIA<\/b><\/p><p><a style=\"font-style: inherit; font-weight: inherit; background-color: #ffffff; font-family: -apple-system, BlinkMacSystemFont,;\" href=\"https:\/\/www.litoralpress.cl\/sitio\/RadioTV_Detalles.cshtml?LPKey=SEGFAK2QRDXLPTQOGIFOXLR7RQIACM5L5WLWDSIX2UCBBWBXYQEA\" target=\"_blank\" rel=\"noopener\">Entrevista a Mar\u00eda Ignacia Sandoval, acad\u00e9mica del Centro de Estudios Constitucionales de Chile (Cecoch) de la UTalca.<\/a><\/p><p>\u00a0<\/p><p><b>CANAL CNN CHILE<\/b><\/p><p><a style=\"font-style: inherit; font-weight: inherit; background-color: #ffffff; font-family: -apple-system, BlinkMacSystemFont,;\" href=\"https:\/\/www.litoralpress.cl\/sitio\/RadioTV_Detalles.cshtml?LPKey=PRBZXCJZX3T7BG6I2CVF3B3SVQVVH3CS3PRWZ4GRGPAT53SQTQZA\" target=\"_blank\" rel=\"noopener\">Entrevista a Mauricio Morales, director del Centro de An\u00e1lisis Pol\u00edtico (CAP) de la UTalca.<\/a><\/p><p>\u00a0<\/p><p><b>CANAL MEGA<\/b><\/p><p><a style=\"font-style: inherit; font-weight: inherit; background-color: #ffffff; font-family: -apple-system, BlinkMacSystemFont,;\" href=\"https:\/\/www.litoralpress.cl\/sitio\/RadioTV_Detalles.cshtml?LPKey=2NSUNKBAAQTPQGG5M7JHYRURFWACVYKCENBMN6T7LBN7V6CMECEA\" target=\"_blank\" rel=\"noopener\">Lo que debe saber en contexto de primarias presidenciales. Se refiere Mauricio Morales, director del Centro de An\u00e1lisis Pol\u00edtico (CAP) de la UTalca.<\/a><\/p><p>\u00a0<\/p><p><b>CANAL MEGA PLUS<\/b><\/p><p><a style=\"font-style: inherit; font-weight: inherit; background-color: #ffffff; font-family: -apple-system, BlinkMacSystemFont,;\" href=\"https:\/\/www.litoralpress.cl\/sitio\/RadioTV_Detalles.cshtml?LPKey=EWLYFNYF6KQXY6OGWLTXQQP2B32GU6ZYEIZCY6J4FLTUJ5R5MLOA\" target=\"_blank\" rel=\"noopener\">Lo que debe saber en contexto de primarias presidenciales. Se refiere Mauricio Morales, director del Centro de An\u00e1lisis Pol\u00edtico (CAP) de la UTalca.<\/a><\/p><p>\u00a0<\/p><p><b>CANAL TVN<\/b><\/p><p><a style=\"font-style: inherit; font-weight: inherit; background-color: #ffffff; font-family: -apple-system, BlinkMacSystemFont,;\" href=\"https:\/\/www.litoralpress.cl\/sitio\/RadioTV_Detalles.cshtml?LPKey=EHSQ6OVDOGP5PP34EC2OSBDFWRB3RXVTKZDNU6IZIY2GOULXB23A\" target=\"_blank\" rel=\"noopener\">Gobernadores regionales critican duramente al Gobierno a s\u00f3lo horas de asumir. Se refiere Mauricio Morales, director del Centro de An\u00e1lisis Pol\u00edtico (CAP) de la UTalca.<\/a><\/p><p>\u00a0<\/p><p><b>CANAL 24 HORAS<\/b><\/p><p><a style=\"font-style: inherit; font-weight: inherit; background-color: #ffffff; font-family: -apple-system, BlinkMacSystemFont,;\" href=\"https:\/\/www.litoralpress.cl\/sitio\/RadioTV_Detalles.cshtml?LPKey=VC73PM6IUYQI52A5CAHKIYXSWSW2EP33Z6B6FZYAJH76YOJQYE2Q\" target=\"_blank\" rel=\"noopener\">Gobernadores regionales critican duramente al Gobierno a s\u00f3lo horas de asumir. Se refiere Mauricio Morales, director del Centro de An\u00e1lisis Pol\u00edtico (CAP) de la UTalca.<\/a><\/p><p>\u00a0<\/p><p><b>LA SEGUNDA<\/b><\/p><p><a style=\"font-style: inherit; font-weight: inherit; background-color: #ffffff; font-family: -apple-system, BlinkMacSystemFont,;\" href=\"https:\/\/www.litoralpress.cl\/sitio\/Prensa_PaginaCompleta.cshtml?LPKey=2JDX7NLXS6LLSWCKMNKBED4EYLZWRJAACIRBXO45JCG6QIT7IHIA\" target=\"_blank\" rel=\"noopener\">Lav\u00edn no brill\u00f3, pero tampoco pas\u00f3 susto en debate enfocado al voto de derecha. Se refiere Mauricio Morales, director del Centro de An\u00e1lisis Pol\u00edtico (CAP) de la UTalca.<\/a><\/p><p>\u00a0<\/p><p><b>RADIO PAUTA<\/b><\/p><p><a style=\"font-style: inherit; font-weight: inherit; background-color: #ffffff; font-family: -apple-system, BlinkMacSystemFont,;\" href=\"https:\/\/www.litoralpress.cl\/sitio\/RadioTV_Detalles.cshtml?LPKey=RA6LFAABLE2EW2QDEDI4W4TPCUFJPZYNCHENH6OQNKUIMUE2TCIQ\" target=\"_blank\" rel=\"noopener\">Reuni\u00f3n de pauta. Se menciona a Mauricio Morales, director del Centro de An\u00e1lisis Pol\u00edtico (CAP) de la UTalca.<\/a><\/p><p>\u00a0<\/p><p><b>CLINICASDECHILE.CL<\/b><\/p><p><a style=\"font-style: inherit; font-weight: inherit; background-color: #ffffff; font-family: -apple-system, BlinkMacSystemFont,;\" href=\"https:\/\/www.clinicasdechile.cl\/noticias\/minsal-inicia-estudio-para-tercera-dosis-con-mas-de-500-voluntarios-primeros-resultados-estaran-este-mes\/\" target=\"_blank\" rel=\"noopener\">Minsal inicia estudio para tercera dosis con m\u00e1s de 500 voluntarios: primeros resultados estar\u00e1n este mes. Se refiere Erika Retamal, directora de Salud P\u00fablica de la UTalca.<\/a><\/p>\t\t\t\t\t\t<\/div>\n\t\t\t\t<\/div>\n\t\t\t\t\t<\/div>\n\t\t<\/div>\n\t\t\t\t\t\t\t<\/div>\n\t\t<\/section>\n\t\t\t\t\t\t<\/div>\n\t\t\t\t\t<\/div>\n\t\t","protected":false},"excerpt":{"rendered":"<p>LAS \u00daLTIMAS NOTICIAS Daniel Jim\u00e9nez, epidemi\u00f3logo de la Universidad de Talca: \u201cHay que aprovechar la baja incidencia para fortalecer la trazabilidad\u201d. \u00a0 ADPRENSA.CL Once variantes del COVID han sido detectadas en Chile. Se refiere Daniel Jim\u00e9nez, director de Salud del Estudiante y Sergio Wehinger, director del Mag\u00edster en Ciencias Biom\u00e9dicas de la UTalca. \u00a0 ELPERIODISTA.CL &hellip;<\/p>\n<p class=\"read-more\"> <a class=\"\" href=\"https:\/\/www.reportedeprensa.utalca.cl\/?p=1482\"> <span class=\"screen-reader-text\">14 de julio de 2021<\/span> Read More &raquo;<\/a><\/p>\n","protected":false},"author":1,"featured_media":0,"comment_status":"closed","ping_status":"open","sticky":false,"template":"elementor_theme","format":"standard","meta":{"_monsterinsights_skip_tracking":false,"_monsterinsights_sitenote_active":false,"_monsterinsights_sitenote_note":"","_monsterinsights_sitenote_category":0},"categories":[10],"tags":[],"_links":{"self":[{"href":"https:\/\/www.reportedeprensa.utalca.cl\/index.php?rest_route=\/wp\/v2\/posts\/1482"}],"collection":[{"href":"https:\/\/www.reportedeprensa.utalca.cl\/index.php?rest_route=\/wp\/v2\/posts"}],"about":[{"href":"https:\/\/www.reportedeprensa.utalca.cl\/index.php?rest_route=\/wp\/v2\/types\/post"}],"author":[{"embeddable":true,"href":"https:\/\/www.reportedeprensa.utalca.cl\/index.php?rest_route=\/wp\/v2\/users\/1"}],"replies":[{"embeddable":true,"href":"https:\/\/www.reportedeprensa.utalca.cl\/index.php?rest_route=%2Fwp%2Fv2%2Fcomments&post=1482"}],"version-history":[{"count":4,"href":"https:\/\/www.reportedeprensa.utalca.cl\/index.php?rest_route=\/wp\/v2\/posts\/1482\/revisions"}],"predecessor-version":[{"id":1486,"href":"https:\/\/www.reportedeprensa.utalca.cl\/index.php?rest_route=\/wp\/v2\/posts\/1482\/revisions\/1486"}],"wp:attachment":[{"href":"https:\/\/www.reportedeprensa.utalca.cl\/index.php?rest_route=%2Fwp%2Fv2%2Fmedia&parent=1482"}],"wp:term":[{"taxonomy":"category","embeddable":true,"href":"https:\/\/www.reportedeprensa.utalca.cl\/index.php?rest_route=%2Fwp%2Fv2%2Fcategories&post=1482"},{"taxonomy":"post_tag","embeddable":true,"href":"https:\/\/www.reportedeprensa.utalca.cl\/index.php?rest_route=%2Fwp%2Fv2%2Ftags&post=1482"}],"curies":[{"name":"wp","href":"https:\/\/api.w.org\/{rel}","templated":true}]}}