{"id":1493,"date":"2021-07-15T09:50:00","date_gmt":"2021-07-15T12:50:00","guid":{"rendered":"https:\/\/www.reportedeprensa.utalca.cl\/?p=1493"},"modified":"2021-07-15T09:58:55","modified_gmt":"2021-07-15T12:58:55","slug":"15-de-julio-de-2021","status":"publish","type":"post","link":"https:\/\/www.reportedeprensa.utalca.cl\/?p=1493","title":{"rendered":"15 de julio de 2021"},"content":{"rendered":"\t\t<div data-elementor-type=\"wp-post\" data-elementor-id=\"1493\" class=\"elementor elementor-1493\" data-elementor-settings=\"[]\">\n\t\t\t\t\t\t\t<div class=\"elementor-section-wrap\">\n\t\t\t\t\t\t\t<section class=\"elementor-section elementor-top-section elementor-element elementor-element-a06ca45 elementor-section-boxed elementor-section-height-default elementor-section-height-default\" data-id=\"a06ca45\" data-element_type=\"section\">\n\t\t\t\t\t\t<div class=\"elementor-container elementor-column-gap-default\">\n\t\t\t\t\t<div class=\"elementor-column elementor-col-100 elementor-top-column elementor-element elementor-element-1486c35\" data-id=\"1486c35\" data-element_type=\"column\">\n\t\t\t<div class=\"elementor-widget-wrap elementor-element-populated\">\n\t\t\t\t\t\t\t\t<div class=\"elementor-element elementor-element-42b145e elementor-widget elementor-widget-text-editor\" data-id=\"42b145e\" data-element_type=\"widget\" data-widget_type=\"text-editor.default\">\n\t\t\t\t<div class=\"elementor-widget-container\">\n\t\t\t\t\t\t\t\t<p><b>EL MERCURIO<\/b><\/p><p><a style=\"font-style: inherit; font-weight: inherit; background-color: #ffffff; font-family: -apple-system, BlinkMacSystemFont,;\" href=\"https:\/\/www.litoralpress.cl\/paginaconsultas\/Servicios_NClip\/Get_Imagen_Nota.aspx?LPKey=4DCZT7AMHO3NJ3NUI6JIEWUPOUKA3WIWGISJISL7OX2JDTMMLZ2EFM7EW7S533OGJEIUG3SMLIC6A\" target=\"_blank\" rel=\"noopener\">En el aula, en gesti\u00f3n y en la comunidad: el compromiso de la Universidad de Talca con la transformaci\u00f3n digital.<\/a><\/p><p>\u00a0<\/p><p><b>ADPRENSA.CL<\/b><\/p><p><a style=\"font-style: inherit; font-weight: inherit; background-color: #ffffff; font-family: -apple-system, BlinkMacSystemFont,;\" href=\"https:\/\/www.adprensa.cl\/cronica\/estudio-utalca-revela-diferencias-y-similitudes-entre-programas-de-candidatos-a-primarias\/\" target=\"_blank\" rel=\"noopener\">Estudio UTalca revela diferencias y similitudes entre Programas de candidatos a Primarias.<\/a><\/p><p>\u00a0<\/p><p><b>UNIVERSIDADESESTATALES.CL<\/b><\/p><p><a style=\"font-style: inherit; font-weight: inherit; background-color: #ffffff; font-family: -apple-system, BlinkMacSystemFont,;\" href=\"http:\/\/www.universidadesestatales.cl\/cue\/?q=node\/9009\" target=\"_blank\" rel=\"noopener\">Estudio UTalca revela diferencias y similitudes entre Programas de candidatos a Primarias.<\/a><\/p><p>\u00a0<\/p><p><b>ADPRENSA.CL<\/b><\/p><p><a style=\"font-style: inherit; font-weight: inherit; background-color: #ffffff; font-family: -apple-system, BlinkMacSystemFont,;\" href=\"https:\/\/www.adprensa.cl\/cronica\/tecnologia-permitira-un-mejor-manejo-de-los-incendios-forestales-y-protegera-la-vida-de-los-bomberos\/\" target=\"_blank\" rel=\"noopener\">Tecnolog\u00eda permitir\u00e1 un mejor manejo de los incendios forestales y proteger\u00e1 la vida de los bomberos. Se refiere Matthew Bardeen, acad\u00e9mico de la Facultad de Ingenier\u00eda de la UTalca.<\/a><\/p><p>\u00a0<\/p><p><b>DIARIOELHERALDO.CL<\/b><\/p><p><a style=\"font-style: inherit; font-weight: inherit; background-color: #ffffff; font-family: -apple-system, BlinkMacSystemFont,;\" href=\"http:\/\/www.diarioelheraldo.cl\/noticia\/tecnologia-permitira-un-mejor-manejo-de-los-incendios-forestales-y-protegera-la-vida-de-los-bomberos\" target=\"_blank\" rel=\"noopener\">Tecnolog\u00eda permitir\u00e1 un mejor manejo de los incendios forestales y proteger\u00e1 la vida de los bomberos. Se refiere Matthew Bardeen, acad\u00e9mico de la Facultad de Ingenier\u00eda de la UTalca.<\/a><\/p><p>\u00a0<\/p><p><b>REDMAULE.COM<\/b><\/p><p><a style=\"font-style: inherit; font-weight: inherit; background-color: #ffffff; font-family: -apple-system, BlinkMacSystemFont,;\" href=\"https:\/\/www.redmaule.com\/nacional\/tecnologia-permitira-un-mejor-manejo-de-los-incendios-forestales-y\" target=\"_blank\" rel=\"noopener\">Tecnolog\u00eda permitir\u00e1 un mejor manejo de los incendios forestales y proteger\u00e1 la vida de los bomberos. Se refiere Matthew Bardeen, acad\u00e9mico de la Facultad de Ingenier\u00eda de la UTalca.<\/a><\/p><p>\u00a0<\/p><p><b>DIALOGOSUR.CL<\/b><\/p><p><a style=\"font-style: inherit; font-weight: inherit; background-color: #ffffff; font-family: -apple-system, BlinkMacSystemFont,;\" href=\"https:\/\/dialogosur.cl\/tecnologia-permitira-un-mejor-manejo-de-los-incendios-forestales-y-protegera-la-vida-de-los-bomberos\/\" target=\"_blank\" rel=\"noopener\">Tecnolog\u00eda permitir\u00e1 un mejor manejo de los incendios forestales y proteger\u00e1 la vida de los bomberos. Se refiere Matthew Bardeen, acad\u00e9mico de la Facultad de Ingenier\u00eda de la UTalca.<\/a><\/p><p>\u00a0<\/p><p><b>ELMERCURIO.COM<\/b><\/p><p><a style=\"font-style: inherit; font-weight: inherit; background-color: #ffffff; font-family: -apple-system, BlinkMacSystemFont,;\" href=\"https:\/\/www.litoralpress.cl\/paginaconsultas\/Documentos\/Get_Imagen.aspx?lpkey=RAATF5LTIX67HVZFEHBUJRX3HC3BEVIAP7AUFADKJKGS6X4MZKSNLKDEVIGKQ64CYCAPHDVUIS3AA\" target=\"_blank\" rel=\"noopener\">Los pros y contras de reducir la jornada laboral. Columna de Bernardo Lara, acad\u00e9mico de la Facultad de Econom\u00eda y Negocios (FEN) de la UTalca.<\/a><\/p><p>\u00a0<\/p><p><b>EL HERALDO<\/b><\/p><p><a style=\"font-style: inherit; font-weight: inherit; background-color: #ffffff; font-family: -apple-system, BlinkMacSystemFont,;\" href=\"https:\/\/www.litoralpress.cl\/paginaconsultas\/Servicios_NClip\/Get_Imagen_Nota.aspx?LPKey=6JOOVIO2RGRNFO5MED3KOCP22B7RVJVEQ2HEQTBFI527Q7TLD73CTX2RX3XKN7FXSBHO6V4KMBZE2\" target=\"_blank\" rel=\"noopener\">Once variantes del COVID han sido detectadas en Chile. Se refiere Daniel Jim\u00e9nez, director de Salud del Estudiante y Sergio Wehinger, director del Mag\u00edster en Ciencias Biom\u00e9dicas de la UTalca.<\/a><\/p><p>\u00a0<\/p><p><b>DIARIOELHERALDO.CL<\/b><\/p><p><a style=\"font-style: inherit; font-weight: inherit; background-color: #ffffff; font-family: -apple-system, BlinkMacSystemFont,;\" href=\"http:\/\/www.diarioelheraldo.cl\/noticia\/-once-variantes-del-covid-han-sido-detectadas-en-chile-\" target=\"_blank\" rel=\"noopener\">Once variantes del COVID han sido detectadas en Chile. Se refiere Daniel Jim\u00e9nez, director de Salud del Estudiante y Sergio Wehinger, director del Mag\u00edster en Ciencias Biom\u00e9dicas de la UTalca.<\/a><\/p><p>\u00a0<\/p><p><b>SEPTIMAPAGINANOTICIAS.CL<\/b><\/p><p><a style=\"font-style: inherit; font-weight: inherit; background-color: #ffffff; font-family: -apple-system, BlinkMacSystemFont,;\" href=\"https:\/\/www.septimapaginanoticias.cl\/post\/once-variantes-del-covid-han-sido-detectadas-en-chile\" target=\"_blank\" rel=\"noopener\">Once variantes del COVID han sido detectadas en Chile. Se refiere Daniel Jim\u00e9nez, director de Salud del Estudiante y Sergio Wehinger, director del Mag\u00edster en Ciencias Biom\u00e9dicas de la UTalca.<\/a><\/p><p>\u00a0<\/p><p><b>RADIORTL.CL<\/b><\/p><p><a style=\"font-style: inherit; font-weight: inherit; background-color: #ffffff; font-family: -apple-system, BlinkMacSystemFont,;\" href=\"https:\/\/radiortl.cl\/2021\/07\/14\/once-variantes-del-covid-han-sido-detectadas-en-chile\/\" target=\"_blank\" rel=\"noopener\">Once variantes del COVID han sido detectadas en Chile. Se refiere Daniel Jim\u00e9nez, director de Salud del Estudiante y Sergio Wehinger, director del Mag\u00edster en Ciencias Biom\u00e9dicas de la UTalca.<\/a><\/p><p>\u00a0<\/p><p><b>RANCAGUATV.CL<\/b><\/p><p><a style=\"font-style: inherit; font-weight: inherit; background-color: #ffffff; font-family: -apple-system, BlinkMacSystemFont,;\" href=\"https:\/\/www.rancaguatv.cl\/o-higgins-noticias-cronicas-de-actualidad\/141-salud\/covid-19\/4289-talca-once-variantes-del-covid-han-sido-detectadas-en-chile\" target=\"_blank\" rel=\"noopener\">Talca: Once variantes del COVID han sido detectadas en Chile. Se refiere Daniel Jim\u00e9nez, director de Salud del Estudiante y Sergio Wehinger, director del Mag\u00edster en Ciencias Biom\u00e9dicas de la UTalca.<\/a><\/p><p>\u00a0<\/p><p><b>G5NOTICIAS.CL<\/b><\/p><p><a style=\"font-style: inherit; font-weight: inherit; background-color: #ffffff; font-family: -apple-system, BlinkMacSystemFont,;\" href=\"https:\/\/g5noticias.cl\/2021\/07\/13\/once-variantes-del-covid-han-sido-detectadas-en-chile\/\" target=\"_blank\" rel=\"noopener\">Once variantes del COVID han sido detectadas en Chile. Se refiere Daniel Jim\u00e9nez, director de Salud del Estudiante y Sergio Wehinger, director del Mag\u00edster en Ciencias Biom\u00e9dicas de la UTalca.<\/a><\/p><p>\u00a0<\/p><p><b>REDMAULE.COM<\/b><\/p><p><a style=\"font-style: inherit; font-weight: inherit; background-color: #ffffff; font-family: -apple-system, BlinkMacSystemFont,;\" href=\"https:\/\/www.litoralpress.cl\/sitio\/RadioTV_Detalles.cshtml?LPKey=2H4WWVB7LVRDKNLBIDGLDERCSIFVXFYJQOEEAVWDJ7WUYIOEGQGQ\" target=\"_blank\" rel=\"noopener\">Entrevista a Sergio Wehinger, director del Mag\u00edster en Ciencias Biom\u00e9dicas de la Universidad de Talca.<\/a><\/p><p>\u00a0<\/p><p><b>LWYR.CL<\/b><\/p><p><a style=\"font-style: inherit; font-weight: inherit; background-color: #ffffff; font-family: -apple-system, BlinkMacSystemFont,;\" href=\"http:\/\/www.lwyr.cl\/opinion\/alertas-de-seguridad-formuladas-por-medios-digitales-cumplen-con-el-estandar-normativo\/\" target=\"_blank\" rel=\"noopener\">Alertas de seguridad formuladas por medios digitales: \u00bfcumplen con el est\u00e1ndar normativo? Columna de opini\u00f3n de Erika Isler, acad\u00e9mica de la Facultad de Ciencias Jur\u00eddicas y Sociales de la UTalca.<\/a><\/p><p>\u00a0<\/p><p><b>IDEALEX.PRESS<\/b><\/p><p><a style=\"font-style: inherit; font-weight: inherit; background-color: #ffffff; font-family: -apple-system, BlinkMacSystemFont,;\" href=\"https:\/\/idealex.press\/la-garantia-legal-en-el-proyecto-de-ley-pro-consumidor\/\" target=\"_blank\" rel=\"noopener\">La garant\u00eda legal en el proyecto de ley \u201cpro consumidor\u201d. Columna de opini\u00f3n, una de cuyas autoras es Erika Isler, acad\u00e9mica de la Facultad de Ciencias Jur\u00eddicas y Sociales de la UTalca.<\/a><\/p><p>\u00a0<\/p><p><b>CANAL TVN<\/b><\/p><p><a style=\"font-style: inherit; font-weight: inherit; background-color: #ffffff; font-family: -apple-system, BlinkMacSystemFont,;\" href=\"https:\/\/www.litoralpress.cl\/sitio\/RadioTV_Detalles.cshtml?LPKey=FF5YOY2EB74XW2WQ62C4EVUHSI7Z225ALQU3EJZRYZXH2EXHPW2Q\" target=\"_blank\" rel=\"noopener\">Servel aclar\u00f3 las dudas m\u00e1s recurrentes de las primarias. Se refiere Mauricio Morales, director del Centro de An\u00e1lisis Pol\u00edtico (CAP) de la UTalca.<\/a><\/p><p>\u00a0<\/p><p><b>ELMOSTRADOR.CL<\/b><\/p><p><a style=\"font-style: inherit; font-weight: inherit; background-color: #ffffff; font-family: -apple-system, BlinkMacSystemFont,;\" href=\"https:\/\/www.elmostrador.cl\/noticias\/pais\/2021\/07\/14\/pocos-dientes-pero-con-garras-gobierno-regional-de-magallanes-debuta-con-dos-demandas-en-contra-del-estado\/\" target=\"_blank\" rel=\"noopener\">Pocos dientes pero con garras: Gobierno Regional de Magallanes debuta con dos demandas en contra del Estado. Se refiere Mauricio Morales, director del Centro de An\u00e1lisis Pol\u00edtico (CAP) de la UTalca.<\/a><\/p><p>\u00a0<\/p><p><b>RADIO UNIVERSO<\/b><\/p><p><a style=\"font-style: inherit; font-weight: inherit; background-color: #ffffff; font-family: -apple-system, BlinkMacSystemFont,;\" href=\"https:\/\/www.litoralpress.cl\/sitio\/RadioTV_Detalles.cshtml?LPKey=TWBJOYTGMTK6KR3GB4TCFQDIQUY6RDOSST3G6NUIWDKDOQK7XXCQ\" target=\"_blank\" rel=\"noopener\">Entrevista a Mauricio Morales, director del Centro de An\u00e1lisis Pol\u00edtico (CAP) de la UTalca.<\/a><\/p><p>\u00a0<\/p><p><b>PUBLIMETRO<\/b><\/p><p><a style=\"font-style: inherit; font-weight: inherit; background-color: #ffffff; font-family: -apple-system, BlinkMacSystemFont,;\" href=\"https:\/\/www.litoralpress.cl\/paginaconsultas\/Servicios_NClip\/Get_Imagen_Nota.aspx?LPKey=2AGBMFFECSVSVFHAHZV6L3PFOMFGHOAVXD2Y2S3O3AXYWPVVU5BRE262NAZLJIOBIVWVL7E7PGRAQ\" target=\"_blank\" rel=\"noopener\">\u00bfSichel podria dar la sorpresa de la jornada? Se refiere Mauricio Morales, director del Centro de An\u00e1lisis Pol\u00edtico (CAP) de la UTalca.<\/a><\/p><p>\u00a0<\/p><p><b>ELDESCONCIERTO.CL<\/b><\/p><p><a style=\"font-style: inherit; font-weight: inherit; background-color: #ffffff; font-family: -apple-system, BlinkMacSystemFont,;\" href=\"https:\/\/www.eldesconcierto.cl\/nacional\/2021\/07\/14\/gobernador-de-magallanes-se-estrena-con-dos-demandas-contra-el-estado.html\" target=\"_blank\" rel=\"noopener\">Gobernador de Magallanes se estrena con dos demandas contra el Estado por da\u00f1os y perjuicios en contra de la regi\u00f3n. Se refiere Mauricio Morales, director del Centro de An\u00e1lisis Pol\u00edtico (CAP) de la UTalca.<\/a><\/p><p>\u00a0<\/p><p><b>CANAL TVN RED MAULE<\/b><\/p><p><a style=\"font-style: inherit; font-weight: inherit; background-color: #ffffff; font-family: -apple-system, BlinkMacSystemFont,;\" href=\"https:\/\/www.litoralpress.cl\/sitio\/RadioTV_Detalles.cshtml?LPKey=5PUAJGDMZDYEL7EZPNFNOPBEZCX6KWNLW542RXPWLL5BXCCRSYFA\" target=\"_blank\" rel=\"noopener\">Este mi\u00e9rcoles se inaugura la exposici\u00f3n &#8220;El viaje de Dinora&#8221; en la Universidad de Talca.<\/a><\/p><p>\u00a0<\/p><p><b>CANAL CONTIVISI\u00d3N<\/b><\/p><p><a style=\"font-style: inherit; font-weight: inherit; background-color: #ffffff; font-family: -apple-system, BlinkMacSystemFont,;\" href=\"https:\/\/www.litoralpress.cl\/sitio\/RadioTV_Detalles.cshtml?LPKey=4LYW7WPA53U67CKRYHZ4WRDS67FUKMJF57EDHLC7XL7INFFJ7QEA\" target=\"_blank\" rel=\"noopener\">Se estrenar\u00e1 viaje al origen del presente, a trav\u00e9s de recorrido virtual. Se refiere Marcela Albornoz, directora de Extensi\u00f3n Cultural-Art\u00edstica de la UTalca y Carlota Du Pontavice, curadora y dise\u00f1adora textil.<\/a><\/p>\t\t\t\t\t\t<\/div>\n\t\t\t\t<\/div>\n\t\t\t\t\t<\/div>\n\t\t<\/div>\n\t\t\t\t\t\t\t<\/div>\n\t\t<\/section>\n\t\t\t\t\t\t<\/div>\n\t\t\t\t\t<\/div>\n\t\t","protected":false},"excerpt":{"rendered":"<p>EL MERCURIO En el aula, en gesti\u00f3n y en la comunidad: el compromiso de la Universidad de Talca con la transformaci\u00f3n digital. \u00a0 ADPRENSA.CL Estudio UTalca revela diferencias y similitudes entre Programas de candidatos a Primarias. \u00a0 UNIVERSIDADESESTATALES.CL Estudio UTalca revela diferencias y similitudes entre Programas de candidatos a Primarias. \u00a0 ADPRENSA.CL Tecnolog\u00eda permitir\u00e1 un &hellip;<\/p>\n<p class=\"read-more\"> <a class=\"\" href=\"https:\/\/www.reportedeprensa.utalca.cl\/?p=1493\"> <span class=\"screen-reader-text\">15 de julio de 2021<\/span> Read More &raquo;<\/a><\/p>\n","protected":false},"author":1,"featured_media":0,"comment_status":"closed","ping_status":"open","sticky":false,"template":"elementor_theme","format":"standard","meta":{"_monsterinsights_skip_tracking":false,"_monsterinsights_sitenote_active":false,"_monsterinsights_sitenote_note":"","_monsterinsights_sitenote_category":0},"categories":[10],"tags":[],"_links":{"self":[{"href":"https:\/\/www.reportedeprensa.utalca.cl\/index.php?rest_route=\/wp\/v2\/posts\/1493"}],"collection":[{"href":"https:\/\/www.reportedeprensa.utalca.cl\/index.php?rest_route=\/wp\/v2\/posts"}],"about":[{"href":"https:\/\/www.reportedeprensa.utalca.cl\/index.php?rest_route=\/wp\/v2\/types\/post"}],"author":[{"embeddable":true,"href":"https:\/\/www.reportedeprensa.utalca.cl\/index.php?rest_route=\/wp\/v2\/users\/1"}],"replies":[{"embeddable":true,"href":"https:\/\/www.reportedeprensa.utalca.cl\/index.php?rest_route=%2Fwp%2Fv2%2Fcomments&post=1493"}],"version-history":[{"count":4,"href":"https:\/\/www.reportedeprensa.utalca.cl\/index.php?rest_route=\/wp\/v2\/posts\/1493\/revisions"}],"predecessor-version":[{"id":1497,"href":"https:\/\/www.reportedeprensa.utalca.cl\/index.php?rest_route=\/wp\/v2\/posts\/1493\/revisions\/1497"}],"wp:attachment":[{"href":"https:\/\/www.reportedeprensa.utalca.cl\/index.php?rest_route=%2Fwp%2Fv2%2Fmedia&parent=1493"}],"wp:term":[{"taxonomy":"category","embeddable":true,"href":"https:\/\/www.reportedeprensa.utalca.cl\/index.php?rest_route=%2Fwp%2Fv2%2Fcategories&post=1493"},{"taxonomy":"post_tag","embeddable":true,"href":"https:\/\/www.reportedeprensa.utalca.cl\/index.php?rest_route=%2Fwp%2Fv2%2Ftags&post=1493"}],"curies":[{"name":"wp","href":"https:\/\/api.w.org\/{rel}","templated":true}]}}