{"id":1505,"date":"2021-07-26T09:23:08","date_gmt":"2021-07-26T12:23:08","guid":{"rendered":"https:\/\/www.reportedeprensa.utalca.cl\/?p=1505"},"modified":"2021-07-26T10:44:50","modified_gmt":"2021-07-26T13:44:50","slug":"26-de-julio-de-2021","status":"publish","type":"post","link":"https:\/\/www.reportedeprensa.utalca.cl\/?p=1505","title":{"rendered":"26 de julio de 2021"},"content":{"rendered":"\t\t<div data-elementor-type=\"wp-post\" data-elementor-id=\"1505\" class=\"elementor elementor-1505\" data-elementor-settings=\"[]\">\n\t\t\t\t\t\t\t<div class=\"elementor-section-wrap\">\n\t\t\t\t\t\t\t<section class=\"elementor-section elementor-top-section elementor-element elementor-element-a06ca45 elementor-section-boxed elementor-section-height-default elementor-section-height-default\" data-id=\"a06ca45\" data-element_type=\"section\">\n\t\t\t\t\t\t<div class=\"elementor-container elementor-column-gap-default\">\n\t\t\t\t\t<div class=\"elementor-column elementor-col-100 elementor-top-column elementor-element elementor-element-1486c35\" data-id=\"1486c35\" data-element_type=\"column\">\n\t\t\t<div class=\"elementor-widget-wrap elementor-element-populated\">\n\t\t\t\t\t\t\t\t<div class=\"elementor-element elementor-element-42b145e elementor-widget elementor-widget-text-editor\" data-id=\"42b145e\" data-element_type=\"widget\" data-widget_type=\"text-editor.default\">\n\t\t\t\t<div class=\"elementor-widget-container\">\n\t\t\t\t\t\t\t\t<p><b>EL MERCURIO<\/b><\/p><p><a style=\"font-style: inherit; font-weight: inherit; background-color: #ffffff; font-family: -apple-system, BlinkMacSystemFont,;\" href=\"https:\/\/www.litoralpress.cl\/paginaconsultas\/Servicios_NClip\/Get_Imagen_Nota.aspx?LPKey=A4C7BDAGUVAP7PDFYUNFHEEMXRS5C2JOIO3ALYLXM4TODOL63V2MDZ7GOU7Q7Y5D2YPAPAZRDDKLI\" target=\"_blank\" rel=\"noopener\">Positividad de los \u00faltimos tres d\u00edas alcanza el punto m\u00e1s bajo desde el inicio de la pandemia. Se refiere Erika Retamal, directora de Salud P\u00fablica de la UTalca.<\/a><\/p><p>\u00a0<\/p><p><b>RADIO COOPERATIVA<\/b><\/p><p><a style=\"font-style: inherit; font-weight: inherit; background-color: #ffffff; font-family: -apple-system, BlinkMacSystemFont,;\" href=\"https:\/\/www.litoralpress.cl\/sitio\/RadioTV_Detalles.cshtml?LPKey=QISBAI35W5NNIJ5LXJYVNNJUKG27FQBI3BZLCOLGTSJ7ANCZTULA\" target=\"_blank\" rel=\"noopener\">Informe COVID-19: Los casos activos se encuentran en su menor nivel. Se refiere Erika Retamal, directora de Salud P\u00fablica de la UTalca.<\/a><\/p><p>\u00a0<\/p><p><b>COOPERATIVA.CL<\/b><\/p><p><a style=\"font-style: inherit; font-weight: inherit; background-color: #ffffff; font-family: -apple-system, BlinkMacSystemFont,;\" href=\"https:\/\/www.cooperativa.cl\/noticias\/sociedad\/salud\/coronavirus\/chile-reporta-menos-de-10-mil-casos-activos-por-quinto-dia-consecutivo\/2021-07-25\/110614.html\" target=\"_blank\" rel=\"noopener\">Chile reporta menos de 10 mil casos activos por quinto d\u00eda consecutivo. Se refiere Erika Retamal, directora de Salud P\u00fablica de la UTalca.<\/a><\/p><p>\u00a0<\/p><p><b>EL MERCURIO<\/b><\/p><p><a style=\"font-style: inherit; font-weight: inherit; background-color: #ffffff; font-family: -apple-system, BlinkMacSystemFont,;\" href=\"https:\/\/www.litoralpress.cl\/paginaconsultas\/Servicios_NClip\/Get_Imagen_Nota.aspx?LPKey=6P333VNKOPVHBQNGKORC5DEMHSBXK42R5YLELB2XAVHZ4I2TTO2WKLOW5LDRHOLGSGQOP2UFMN7WI\" target=\"_blank\" rel=\"noopener\">Revista del Campo: Crean Plataforma para determinar las necesidades de riego de los cultivos en forma din\u00e1mica. Se refiere Samuel Ortega, director del Centro de Investigaci\u00f3n y Transferencia en Riego y Agroclimatolog\u00eda -CITRA- de la UTalca.<\/a><\/p><p>\u00a0<\/p><p><b>EL MERCURIO<\/b><\/p><p><a style=\"font-style: inherit; font-weight: inherit; background-color: #ffffff; font-family: -apple-system, BlinkMacSystemFont,;\" href=\"https:\/\/www.litoralpress.cl\/paginaconsultas\/Servicios_NClip\/Get_Imagen_Nota.aspx?LPKey=IXJ3ZSACLGPH6ZWOJNSFFJJFCP7I67CUPIDEFJJMMYOTPO7OBKZ2L52KBJRJC5RLUHHGBNRTTEOVW\" target=\"_blank\" rel=\"noopener\">An\u00e1lisis a m\u00e1s de 1. 600 universidades de todo el mundo. Se menciona a la UTalca.<\/a><\/p><p>\u00a0<\/p><p><b>EMOL.COM<\/b><\/p><p><a style=\"font-style: inherit; font-weight: inherit; background-color: #ffffff; font-family: -apple-system, BlinkMacSystemFont,;\" href=\"https:\/\/www.emol.com\/noticias\/Nacional\/2021\/07\/20\/1027263\/100-mejores-universidades-de-latinoamerica.html\" target=\"_blank\" rel=\"noopener\">Ranking ubica a 19 universidades chilenas dentro de las 100 mejores de Latinoam\u00e9rica. Se menciona la UTalca.<\/a><\/p><p>\u00a0<\/p><p><b>LAS \u00daLTIMAS NOTICIAS<\/b><\/p><p><a style=\"font-style: inherit; font-weight: inherit; background-color: #ffffff; font-family: -apple-system, BlinkMacSystemFont,;\" href=\"https:\/\/www.litoralpress.cl\/paginaconsultas\/Servicios_NClip\/Get_Imagen_Nota.aspx?LPKey=BXRTUBINSDUEDDDU7HWF3CKVE57ZKFKKA6THYHHA3JBZDDU7RFXZ7II3WLCTKLEL3CUUDYEQQQEHY\" target=\"_blank\" rel=\"noopener\">Este auto-avi\u00f3n se demora 135 segundos en replegar sus alas y despu\u00e9s andar en carretera. Se refiere Karin Saavedra, acad\u00e9mica de la Facultad de Ingenier\u00eda de la UTalca.<\/a><\/p><p>\u00a0<\/p><p><b>LAS \u00daLTIMAS NOTICIAS<\/b><\/p><p><a style=\"font-style: inherit; font-weight: inherit; background-color: #ffffff; font-family: -apple-system, BlinkMacSystemFont,;\" href=\"https:\/\/www.litoralpress.cl\/paginaconsultas\/Servicios_NClip\/Get_Imagen_Nota.aspx?LPKey=265HKONOSLGNMIFSHO3Y2GNZBEMD4JF6RS7USVX2BQPR5UIG4YXQGVW23LS363K5F66FUJVAT4NJS\" target=\"_blank\" rel=\"noopener\">Este martes fue el d\u00eda m\u00e1s caluroso de julio desde 2012. Se refiere Patricio Gonz\u00e1lez, agroclimat\u00f3logo de la UTalca.<\/a><\/p><p>\u00a0<\/p><p><b>LAS \u00daLTIMAS NOTICIAS<\/b><\/p><p><a style=\"font-style: inherit; font-weight: inherit; background-color: #ffffff; font-family: -apple-system, BlinkMacSystemFont,;\" href=\"https:\/\/www.litoralpress.cl\/paginaconsultas\/Servicios_NClip\/Get_Imagen_Nota.aspx?LPKey=RR343QHNK7LCGPNKIKWJTDEDPG2X5RDKAZCG7FS7663BZPAQWU3X2KDATPP7OIRGZQBGMOA56DY52\" target=\"_blank\" rel=\"noopener\">Proyecto basado en la econom\u00eda circular crea innovador material. Se refiere Pablo Villalobos, Vicerrector de Innovaci\u00f3n y Transferencia Tecnol\u00f3gica y Gonzalo Pincheira, acad\u00e9mico de la Facultad de Ingenier\u00eda de la UTalca.<\/a><\/p><p>\u00a0<\/p><p><b>CANAL MEGA<\/b><\/p><p><a style=\"font-style: inherit; font-weight: inherit; background-color: #ffffff; font-family: -apple-system, BlinkMacSystemFont,;\" href=\"https:\/\/www.litoralpress.cl\/sitio\/RadioTV_Detalles.cshtml?LPKey=ILRWW5C4RZUEO7ABHS2LWDSKWRYPOBKKFSSPX2VLW3FM75XKJFUA\" target=\"_blank\" rel=\"noopener\">Las mejores formas de calefaccionar su hogar de manera segura. Se refiere Mar\u00eda Luisa del Campo, directora del Centro Tecnol\u00f3gico Kipus de la UTalca.<\/a><\/p><p>\u00a0<\/p><p><b>LAS \u00daLTIMAS NOTICIAS<\/b><\/p><p><a style=\"font-style: inherit; font-weight: inherit; background-color: #ffffff; font-family: -apple-system, BlinkMacSystemFont,;\" href=\"https:\/\/www.litoralpress.cl\/paginaconsultas\/Servicios_NClip\/Get_Imagen_Nota.aspx?LPKey=IYVXASM7N6E347MZUQMGCO3E66HRF7KLSDNLHLFWUKWDBWGXE7D5QWWAZI3HGGKW4VSMAXYNZU4YA\" target=\"_blank\" rel=\"noopener\">Consejos para padres: c\u00f3mo ayudar a los ni\u00f1os chicos en su vuelta a clases. Se refiere Sebasti\u00e1n Donoso, acad\u00e9mico de la Facultad de Ciencias de la Educaci\u00f3n de la UTalca.<\/a><\/p><p>\u00a0<\/p><p><b>EL MERCURIO<\/b><\/p><p><a style=\"font-style: inherit; font-weight: inherit; background-color: #ffffff; font-family: -apple-system, BlinkMacSystemFont,;\" href=\"https:\/\/www.litoralpress.cl\/paginaconsultas\/Servicios_NClip\/Get_Imagen_Nota.aspx?LPKey=WMQKDFJM2M5SMTLBSESKMBPEKV265IGOHCQ5HQHIGPIVIFABH2HZWYYFYIRV4YVYXBMFHD7IQYQJG\" target=\"_blank\" rel=\"noopener\">Los caminos virtuales para aprender de m\u00fasica cl\u00e1sica. Se menciona Radio de la Universidad de Talca.<\/a><\/p><p>\u00a0<\/p><p><b>LATERCERA.COM<\/b><\/p><p><a style=\"font-style: inherit; font-weight: inherit; background-color: #ffffff; font-family: -apple-system, BlinkMacSystemFont,;\" href=\"https:\/\/www.latercera.com\/que-pasa\/noticia\/terminar-con-la-discriminacion-el-fenomeno-global-detras-del-cambio-de-negrita-a-chokita\/K2JSQBOTYBFGXP4MEU4D7US3FM\/\" target=\"_blank\" rel=\"noopener\">Terminar con la discriminaci\u00f3n: el fen\u00f3meno global detr\u00e1s del cambio de \u201cNegrita\u201d a \u201cChokita\u201d. Se menciona estudio de la UTalca.<\/a><\/p><p>\u00a0<\/p><p><b>ELMOSTRADOR.CL<\/b><\/p><p><a style=\"font-style: inherit; font-weight: inherit; background-color: #ffffff; font-family: -apple-system, BlinkMacSystemFont,;\" href=\"https:\/\/www.elmostrador.cl\/destacado\/2021\/07\/15\/tan-cerca-pero-tan-lejos-estudio-deja-en-evidencia-que-hay-distancias-programaticas-entre-boric-y-jadue\/\" target=\"_blank\" rel=\"noopener\">Tan cerca pero tan lejos: estudio deja en evidencia que hay distancias program\u00e1ticas entre Boric y Jadue. Se refiere Alejandro Cataldo, acad\u00e9mico de la Facultad de Econom\u00eda y Negocios (FEN) de la UTalca.<\/a><\/p><p>\u00a0<\/p><p><b>DIARIOTALCA.CL<\/b><\/p><p><a style=\"font-style: inherit; font-weight: inherit; background-color: #ffffff; font-family: -apple-system, BlinkMacSystemFont,;\" href=\"https:\/\/www.diariotalca.cl\/estudio-afirma-que-lavin-y-desbordes-son-los-candidatos-mas-similares\/\" target=\"_blank\" rel=\"noopener\">Estudio afirma que Lav\u00edn y Desbordes son los candidatos m\u00e1s similares. Se refiere Alejandro Cataldo, acad\u00e9mico de la Facultad de Econom\u00eda y Negocios (FEN) de la UTalca.<\/a><\/p><p>\u00a0<\/p><p><b>LA PRENSA<\/b><\/p><p><a style=\"font-style: inherit; font-weight: inherit; background-color: #ffffff; font-family: -apple-system, BlinkMacSystemFont,;\" href=\"https:\/\/www.litoralpress.cl\/paginaconsultas\/Servicios_NClip\/Get_Imagen_Nota.aspx?LPKey=6XQ7EQ6LRRZHIKJQQZFINYV27QBJGIIN2TG65Q6RJPYDGIBS7HR5JLFFQOOHWRG2DMROZK5CXS6ZC\" target=\"_blank\" rel=\"noopener\">Estudio UTalca revela diferencias y similitudes entre programas de los candidatos a primarias presidenciales.<\/a><\/p><p>\u00a0<\/p><p><b>EL HERALDO<\/b><\/p><p><a style=\"font-style: inherit; font-weight: inherit; background-color: #ffffff; font-family: -apple-system, BlinkMacSystemFont,;\" href=\"https:\/\/www.litoralpress.cl\/paginaconsultas\/Servicios_NClip\/Get_Imagen_Nota.aspx?LPKey=VW75RGIUF7LRDXBSWYCRFG62SWIK6DC55KTQEPHUTO5XRXQZBFZ4SI4JDLV2XZIIBDAVSMWCLUPAU\" target=\"_blank\" rel=\"noopener\">Estudio UTalca revela diferencias y similitudes entre programas de candidatos a Primarias.<\/a><\/p><p>\u00a0<\/p><p><b>DIARIOELHERALDO.CL<\/b><\/p><p><a style=\"font-style: inherit; font-weight: inherit; background-color: #ffffff; font-family: -apple-system, BlinkMacSystemFont,;\" href=\"http:\/\/www.diarioelheraldo.cl\/noticia\/estudio-utalca-revela-diferencias-y-similitudes-entre-programas-de-candidatos-a-primarias\" target=\"_blank\" rel=\"noopener\">Estudio UTalca revela diferencias y similitudes entre programas de candidatos a Primarias.<\/a><\/p><p>\u00a0<\/p><p><b>LINARESENLINEA.CL<\/b><\/p><p><a style=\"font-style: inherit; font-weight: inherit; background-color: #ffffff; font-family: -apple-system, BlinkMacSystemFont,;\" href=\"https:\/\/www.linaresenlinea.cl\/2021\/07\/15\/estudio-utalca-revela-diferencias-y-similitudes-entre-programas-de-candidatos-a-primarias\/\" target=\"_blank\" rel=\"noopener\">Estudio UTalca revela diferencias y similitudes entre programas de candidatos a Primarias.<\/a><\/p><p>\u00a0<\/p><p><b>G5NOTICIAS.CL<\/b><\/p><p><a style=\"font-style: inherit; font-weight: inherit; background-color: #ffffff; font-family: -apple-system, BlinkMacSystemFont,;\" href=\"https:\/\/g5noticias.cl\/2021\/07\/15\/estudio-utalca-revela-diferencias-y-similitudes-entre-programas-de-candidatos-a-primarias\/\" target=\"_blank\" rel=\"noopener\">Estudio UTalca revela diferencias y similitudes entre programas de candidatos a Primarias.<\/a><\/p><p>\u00a0<\/p><p><b>DIARIOTALCA.CL<\/b><\/p><p><a style=\"font-style: inherit; font-weight: inherit; background-color: #ffffff; font-family: -apple-system, BlinkMacSystemFont,;\" href=\"https:\/\/www.diariotalca.cl\/colegio-medico-del-maule-y-utalca-buscan-incentivar-el-autocuidado\/\" target=\"_blank\" rel=\"noopener\">Colegio M\u00e9dico del Maule y UTalca buscan incentivar el autocuidado.<\/a><\/p><p>\u00a0<\/p><p><b>LA PRENSA<\/b><\/p><p><a style=\"font-style: inherit; font-weight: inherit; background-color: #ffffff; font-family: -apple-system, BlinkMacSystemFont,;\" href=\"https:\/\/www.litoralpress.cl\/paginaconsultas\/Servicios_NClip\/Get_Imagen_Nota.aspx?LPKey=V75Y2Z24IT7COWLJRTYYAFYNCMBVNCJMFBZJ33RNLMWZ3PZB5VUTDOQ4CXH3H27JWPH42PJ5AOBCM\" target=\"_blank\" rel=\"noopener\">Colegio M\u00e9dico y UTalca lanzaron campa\u00f1a para promover autocuidado y vacunaci\u00f3n.<\/a><\/p><p>\u00a0<\/p><p><b>DIARIOLAPRENSA.CL<\/b><\/p><p><a style=\"font-style: inherit; font-weight: inherit; background-color: #ffffff; font-family: -apple-system, BlinkMacSystemFont,;\" href=\"https:\/\/new.diariolaprensa.cl\/index.php\/2021\/07\/17\/colegio-medico-y-utalca-lanzaron-campana-para-promover-autocuidado-y-vacunacion\/\" target=\"_blank\" rel=\"noopener\">Colegio M\u00e9dico y UTalca lanzaron campa\u00f1a para promover autocuidado y vacunaci\u00f3n.<\/a><\/p><p>\u00a0<\/p><p><b>EL HERALDO<\/b><\/p><p><a style=\"font-style: inherit; font-weight: inherit; background-color: #ffffff; font-family: -apple-system, BlinkMacSystemFont,;\" href=\"https:\/\/www.litoralpress.cl\/paginaconsultas\/Servicios_NClip\/Get_Imagen_Nota.aspx?LPKey=L6RNTAQNNSW3E7HHZDZU5LTD3T6XG75GK7QZXHIIBOTOE4KOGU63JZINYAWENQCMRTAOWROVYGQRM\" target=\"_blank\" rel=\"noopener\">Colegio M\u00e9dico del Maule y UTalca lanzan campa\u00f1a para promover autocuidado y vacunaci\u00f3n.<\/a><\/p><p>\u00a0<\/p><p><b>DIARIOELHERALDO.CL<\/b><\/p><p><a style=\"font-style: inherit; font-weight: inherit; background-color: #ffffff; font-family: -apple-system, BlinkMacSystemFont,;\" href=\"http:\/\/www.diarioelheraldo.cl\/noticia\/colegio-medico-del-maule-y-utalca-lanzan-campana-para-promover-autocuidado-y-vacunacion\" target=\"_blank\" rel=\"noopener\">Colegio M\u00e9dico del Maule y UTalca lanzan campa\u00f1a para promover autocuidado y vacunaci\u00f3n.<\/a><\/p><p>\u00a0<\/p><p><b>EL LECTOR<\/b><\/p><p><a style=\"font-style: inherit; font-weight: inherit; background-color: #ffffff; font-family: -apple-system, BlinkMacSystemFont,;\" href=\"https:\/\/www.litoralpress.cl\/paginaconsultas\/Servicios_NClip\/Get_Imagen_Nota.aspx?LPKey=SPS4JAIFYDI5KOBMFKRPP2HXTRHTPDSQDEDCUBL2T43XZCNDPMO3I7H2MCKJPQFL7MX3XVSS6RIZ4\" target=\"_blank\" rel=\"noopener\">Colegio M\u00e9dico del Maule y UTalca lanzan campa\u00f1a para promover autocuidado y vacunaci\u00f3n.<\/a><\/p><p>\u00a0<\/p><p><b>REDMAULE.COM<\/b><\/p><p><a style=\"font-style: inherit; font-weight: inherit; background-color: #ffffff; font-family: -apple-system, BlinkMacSystemFont,;\" href=\"https:\/\/www.redmaule.com\/regional\/colegio-medico-del-maule-y-utalca-lanzan-campana-para-promover\" target=\"_blank\" rel=\"noopener\">Colegio M\u00e9dico del Maule y UTalca lanzan campa\u00f1a para promover autocuidado y vacunaci\u00f3n.<\/a><\/p><p>\u00a0<\/p><p><b>TVMAULE.CL<\/b><\/p><p><a style=\"font-style: inherit; font-weight: inherit; background-color: #ffffff; font-family: -apple-system, BlinkMacSystemFont,;\" href=\"https:\/\/www.tvmaule.cl\/vivosnosnecesitamos-lanzan-campana-para-promover-autocuidado-y-vacunacion\/\" target=\"_blank\" rel=\"noopener\">#VivosNosNecesitamos: lanzan campa\u00f1a para promover autocuidado y vacunaci\u00f3n. Se refiere Daniel Jim\u00e9nez, director (s) del Equipo de Coordinaci\u00f3n Institucional para el COVID\u201319 (Ecicovid) de la UTalca.<\/a><\/p><p>\u00a0<\/p><p><b>TALCACAPITAL.CL<\/b><\/p><p><a style=\"font-style: inherit; font-weight: inherit; background-color: #ffffff; font-family: -apple-system, BlinkMacSystemFont,;\" href=\"https:\/\/talcacapital.cl\/colegio-medico-del-maule-y-utalca-lanzan-campana-para-promover-autocuidado-y-vacunacion\/\" target=\"_blank\" rel=\"noopener\">Colegio M\u00e9dico del Maule y UTalca lanzan campa\u00f1a para promover autocuidado y vacunaci\u00f3n.<\/a><\/p><p>\u00a0<\/p><p><b>CANAL HOLVOET<\/b><\/p><p><a style=\"font-style: inherit; font-weight: inherit; background-color: #ffffff; font-family: -apple-system, BlinkMacSystemFont,;\" href=\"https:\/\/www.litoralpress.cl\/sitio\/RadioTV_Detalles.cshtml?LPKey=ATTLZR3ORNS4VW6A3JAD4S4MA3XA6FXIYCJP2M37OTETVDTYRNKQ\" target=\"_blank\" rel=\"noopener\">Colegio M\u00e9dico y U. de Talca lanzaron campa\u00f1a para potenciar medidas preventivas ante el COVID-19.<\/a><\/p><p>\u00a0<\/p><p><b>ENLINEAMAULE.CL<\/b><\/p><p><a style=\"font-style: inherit; font-weight: inherit; background-color: #ffffff; font-family: -apple-system, BlinkMacSystemFont,;\" href=\"https:\/\/enlineamaule.cl\/archivo\/44318\" target=\"_blank\" rel=\"noopener\">A trav\u00e9s de una campa\u00f1a Colmed y UTalca buscan potenciar las medidas preventivas y la vacunaci\u00f3n COVID-19 en el Maule.<\/a><\/p><p>\u00a0<\/p><p><b>CANAL ANTOFAGASTA TELEVISI\u00d3N<\/b><\/p><p><a style=\"font-style: inherit; font-weight: inherit; background-color: #ffffff; font-family: -apple-system, BlinkMacSystemFont,;\" href=\"https:\/\/www.litoralpress.cl\/sitio\/RadioTV_Detalles.cshtml?LPKey=PNKDEDS5MNINAZGNVXDGWHLHH2O7SKM2TLAVN7LPO7PXMAUXMO5A\" target=\"_blank\" rel=\"noopener\">Campa\u00f1a del Colegio M\u00e9dico y la Universidad de Talca busca potenciar la vacunaci\u00f3n contra el COVID en el Maule.<\/a><\/p><p>\u00a0<\/p><p><b>SEPTIMAPAGINANOTICIAS.CL<\/b><\/p><p><a style=\"font-style: inherit; font-weight: inherit; background-color: #ffffff; font-family: -apple-system, BlinkMacSystemFont,;\" href=\"https:\/\/www.septimapaginanoticias.cl\/post\/video-agroclimatologo-patricio-gonzalez-colville-tras-vencer-al-covid-19-la-vacuna-pone-un-cerco-a-la-muerte\" target=\"_blank\" rel=\"noopener\">Agroclimat\u00f3logo Patricio Gonz\u00e1lez Colville tras vencer al COVID-19: \u201cLa vacuna pone un cerco a la muerte\u201d.<\/a><\/p><p>\u00a0<\/p><p><b>CENTROSURNOTICIAS.CL<\/b><\/p><p><a style=\"font-style: inherit; font-weight: inherit; background-color: #ffffff; font-family: -apple-system, BlinkMacSystemFont,;\" href=\"https:\/\/centrosurnoticias.cl\/colegio-medico-del-maule-y-utalca-lanzan-campana-para-promover-autocuidado-y-vacunacion\/\" target=\"_blank\" rel=\"noopener\">Colegio M\u00e9dico del Maule y UTalca lanzan campa\u00f1a para promover autocuidado y vacunaci\u00f3n.<\/a><\/p><p>\u00a0<\/p><p><b>LA PRENSA<\/b><\/p><p><a style=\"font-style: inherit; font-weight: inherit; background-color: #ffffff; font-family: -apple-system, BlinkMacSystemFont,;\" href=\"https:\/\/www.litoralpress.cl\/paginaconsultas\/Servicios_NClip\/Get_Imagen_Nota.aspx?LPKey=ENLGO5UBLCFCIOBLIVF2HACFUFVLBX2QG3HQD45PSJQMR2MPCMJDLTP4NHQ6MP7ZFM5B6ZH4TTIGW\" target=\"_blank\" rel=\"noopener\">Portada: Radio Universidad de Talca cumple 46 a\u00f1os.<\/a><\/p><p>\u00a0<\/p><p><b>LA PRENSA<\/b><\/p><p><a style=\"font-style: inherit; font-weight: inherit; background-color: #ffffff; font-family: -apple-system, BlinkMacSystemFont,;\" href=\"https:\/\/www.litoralpress.cl\/paginaconsultas\/Servicios_NClip\/Get_Imagen_Nota.aspx?LPKey=PMZBMPK3AWXAHYX2YTXK325HUITJVEWHXKLH2FP3TZCXK33NFY3DWNTISKSGZUQVNQZD424JCSCTC\" target=\"_blank\" rel=\"noopener\">Radio Universidad de Talca cumple 46 a\u00f1os aportando al desarrollo de la informaci\u00f3n, cultura y libre expresi\u00f3n.<\/a><\/p><p>\u00a0<\/p><p><b>DIARIOLAPRENSA.CL<\/b><\/p><p><a style=\"font-style: inherit; font-weight: inherit; background-color: #ffffff; font-family: -apple-system, BlinkMacSystemFont,;\" href=\"https:\/\/new.diariolaprensa.cl\/index.php\/2021\/07\/19\/radio-universidad-de-talca-cumple-46-anos-aportando-al-desarrollo-de-la-informacion-cultura-y-libre-expresion\/\" target=\"_blank\" rel=\"noopener\">Radio Universidad de Talca cumple 46 a\u00f1os aportando al desarrollo de la informaci\u00f3n, cultura y libre expresi\u00f3n.<\/a><\/p><p>\u00a0<\/p><p><b>EMOL.COM<\/b><\/p><p><a style=\"font-style: inherit; font-weight: inherit; background-color: #ffffff; font-family: -apple-system, BlinkMacSystemFont,;\" href=\"https:\/\/www.emol.com\/noticias\/Economia\/2021\/07\/17\/1026930\/ue-prohibe-autos-convencionales-chile.html\" target=\"_blank\" rel=\"noopener\">UE y su plan de prohibir la venta de autos con motores convencionales a partir de 2035: \u00bfEs replicable la medida en Chile? Se refiere Carlos Restrepo, director del Mag\u00edster en Ciencias de la Ingenier\u00eda con menci\u00f3n en Conversi\u00f3n de Energ\u00eda de la UTalca.<\/a><\/p><p>\u00a0<\/p><p><b>ELMOSTRADOR.CL<\/b><\/p><p><a style=\"font-style: inherit; font-weight: inherit; background-color: #ffffff; font-family: -apple-system, BlinkMacSystemFont,;\" href=\"https:\/\/www.elmostrador.cl\/agenda-pais\/2021\/07\/16\/once-variantes-del-covid-19-han-sido-detectadas-en-chile\/\" target=\"_blank\" rel=\"noopener\">Once variantes del COVID-19 han sido detectadas en Chile. Se refiere Daniel Jim\u00e9nez, director de Salud del Estudiante y Sergio Wehinger, director del Mag\u00edster en Ciencias Biom\u00e9dicas de la UTalca.<\/a><\/p><p>\u00a0<\/p><p><b>LA PRENSA<\/b><\/p><p><a style=\"font-style: inherit; font-weight: inherit; background-color: #ffffff; font-family: -apple-system, BlinkMacSystemFont,;\" href=\"https:\/\/www.litoralpress.cl\/paginaconsultas\/Servicios_NClip\/Get_Imagen_Nota.aspx?LPKey=IUDUJNIXSWLBUEXIO4YIWNHAR2MEGQF2OCBPNCD5DXMX6LT3RXV54EXX6REG46RCPHEBWVEKCWCZC\" target=\"_blank\" rel=\"noopener\">Once variantes del COVID-19 han sido detectadas en Chile. Se refiere Daniel Jim\u00e9nez, director de Salud del Estudiante y Sergio Wehinger, director del Mag\u00edster en Ciencias Biom\u00e9dicas de la UTalca.<\/a><\/p><p>\u00a0<\/p><p><b>EMOL.COM<\/b><\/p><p><a style=\"font-style: inherit; font-weight: inherit; background-color: #ffffff; font-family: -apple-system, BlinkMacSystemFont,;\" href=\"https:\/\/www.emol.com\/noticias\/Nacional\/2021\/07\/23\/1027546\/cuidados-salud-mental-retorno-presencial.html\" target=\"_blank\" rel=\"noopener\">Plan retorno laboral: Expertos alertan ante eventuales &#8220;trastornos adaptativos&#8221; y abogan por respetar modelo &#8220;progresivo&#8221;. Se refiere Natalia Uribe, acad\u00e9mica de la Facultad de Psicolog\u00eda de la UTalca.<\/a><\/p><p>\u00a0<\/p><p><b>ADPRENSA.CL<\/b><\/p><p><a style=\"font-style: inherit; font-weight: inherit; background-color: #ffffff; font-family: -apple-system, BlinkMacSystemFont,;\" href=\"https:\/\/www.adprensa.cl\/tecnologia\/utalca-impartira-diplomado-en-inteligencia-artificial-y-conducta-humana-2\/\" target=\"_blank\" rel=\"noopener\">UTalca impartir\u00e1 Diplomado en Inteligencia Artificial y Conducta Humana.<\/a><\/p><p>\u00a0<\/p><p><b>EL HERALDO<\/b><\/p><p><a style=\"font-style: inherit; font-weight: inherit; background-color: #ffffff; font-family: -apple-system, BlinkMacSystemFont,;\" href=\"https:\/\/www.litoralpress.cl\/paginaconsultas\/Servicios_NClip\/Get_Imagen_Nota.aspx?LPKey=UA2J5LHBMLQKRXEQVTBZCDZFONQCPUI7Y2HKUEJ5Q5NSQ6QUOMPBHP62JO4Y6SMVPMVFTXIVTRDXU\" target=\"_blank\" rel=\"noopener\">UTalca impartir\u00e1 Diplomado en Inteligencia Artificial y Conducta Humana.<\/a><\/p><p>\u00a0<\/p><p><b>DIARIOELHERALDO.CL<\/b><\/p><p><a style=\"font-style: inherit; font-weight: inherit; background-color: #ffffff; font-family: -apple-system, BlinkMacSystemFont,;\" href=\"http:\/\/www.diarioelheraldo.cl\/noticia\/utalca-impartira-diplomado-en-inteligencia-artificial-y-conducta-humana\" target=\"_blank\" rel=\"noopener\">UTalca impartir\u00e1 Diplomado en Inteligencia Artificial y Conducta Humana.<\/a><\/p><p>\u00a0<\/p><p><b>ELMAULEINFORMA.CL<\/b><\/p><p><a style=\"font-style: inherit; font-weight: inherit; background-color: #ffffff; font-family: -apple-system, BlinkMacSystemFont,;\" href=\"https:\/\/elmauleinforma.cl\/utalca-impartira-diplomado-en-inteligencia-artificial-y-conducta-humana\/\" target=\"_blank\" rel=\"noopener\">UTalca impartir\u00e1 Diplomado en Inteligencia Artificial y Conducta Humana.<\/a><\/p><p>\u00a0<\/p><p><b>DIARIOELPULSO.CL<\/b><\/p><p><a style=\"font-style: inherit; font-weight: inherit; background-color: #ffffff; font-family: -apple-system, BlinkMacSystemFont,;\" href=\"https:\/\/www.diarioelpulso.cl\/2021\/07\/17\/utalca-impartira-diplomado-en-inteligencia-artificial-y-conducta-humana\/\" target=\"_blank\" rel=\"noopener\">UTalca impartir\u00e1 Diplomado en Inteligencia Artificial y Conducta Humana.<\/a><\/p><p>\u00a0<\/p><p><b>LANOTICIA.CL<\/b><\/p><p><a style=\"font-style: inherit; font-weight: inherit; background-color: #ffffff; font-family: -apple-system, BlinkMacSystemFont,;\" href=\"https:\/\/lanoticia.cl\/utalca-impartira-diplomado-en-inteligencia-artificial-y-conducta-humana\/\" target=\"_blank\" rel=\"noopener\">UTalca impartir\u00e1 Diplomado en Inteligencia Artificial y Conducta Humana.<\/a><\/p><p>\u00a0<\/p><p><b>G5NOTICIAS.CL<\/b><\/p><p><a style=\"font-style: inherit; font-weight: inherit; background-color: #ffffff; font-family: -apple-system, BlinkMacSystemFont,;\" href=\"https:\/\/g5noticias.cl\/2021\/07\/19\/u-talca-impartira-diplomado-en-inteligencia-artificial-y-conducta-humana\/\" target=\"_blank\" rel=\"noopener\">UTalca impartir\u00e1 Diplomado en Inteligencia Artificial y Conducta Humana.<\/a><\/p><p>\u00a0<\/p><p><b>ADPRENSA.CL<\/b><\/p><p><a style=\"font-style: inherit; font-weight: inherit; background-color: #ffffff; font-family: -apple-system, BlinkMacSystemFont,;\" href=\"https:\/\/www.adprensa.cl\/cronica\/laboratorio-rodante-trucklab-de-la-utalca-recibio-reconocimiento-internacional\/\" target=\"_blank\" rel=\"noopener\">Laboratorio rodante \u201cTrucklab\u201d de la UTalca recibi\u00f3 reconocimiento internacional.<\/a><\/p><p>\u00a0<\/p><p><b>LA PRENSA<\/b><\/p><p><a style=\"font-style: inherit; font-weight: inherit; background-color: #ffffff; font-family: -apple-system, BlinkMacSystemFont,;\" href=\"https:\/\/www.litoralpress.cl\/paginaconsultas\/Servicios_NClip\/Get_Imagen_Nota.aspx?LPKey=3NSQ5G4CT4XMKDVG2CII34EQPREWROESARE7W5UISYIXKASIJU5KWRU6H4NJUCVD5WKMZWEAL6ZQG\" target=\"_blank\" rel=\"noopener\">Laboratorio rodante &#8220;Trucklab&#8221; de la UTalca recibi\u00f3 reconocimiento internacional por compromiso social.<\/a><\/p><p>\u00a0<\/p><p><b>DIARIOLAPRENSA.CL<\/b><\/p><p><a style=\"font-style: inherit; font-weight: inherit; background-color: #ffffff; font-family: -apple-system, BlinkMacSystemFont,;\" href=\"https:\/\/new.diariolaprensa.cl\/index.php\/2021\/07\/20\/laboratorio-rodante-trucklab-de-la-utalca-recibio-reconocimiento-internacional-por-compromiso-social\/\" target=\"_blank\" rel=\"noopener\">Laboratorio rodante \u201cTrucklab\u201d de la UTalca recibi\u00f3 reconocimiento internacional por compromiso social.<\/a><\/p><p>\u00a0<\/p><p><b>PORTALEDUCACION.CL<\/b><\/p><p><a style=\"font-style: inherit; font-weight: inherit; background-color: #ffffff; font-family: -apple-system, BlinkMacSystemFont,;\" href=\"https:\/\/portaleducacion.cl\/index.php\/2021\/07\/19\/laboratorio-rodante-trucklab-de-la-utalca-recibio-reconocimiento-internacional\/\" target=\"_blank\" rel=\"noopener\">Laboratorio rodante \u201cTrucklab\u201d de la UTalca recibi\u00f3 reconocimiento internacional.<\/a><\/p><p>\u00a0<\/p><p><b>EL HERALDO<\/b><\/p><p><a style=\"font-style: inherit; font-weight: inherit; background-color: #ffffff; font-family: -apple-system, BlinkMacSystemFont,;\" href=\"https:\/\/www.litoralpress.cl\/paginaconsultas\/Servicios_NClip\/Get_Imagen_Nota.aspx?LPKey=XAXE7GAWATWGIV2OV4BTOVZA42YXZ4RVLDFRXLFZBTMHCNJWDAZFPOPIJFFGPRG5CLPRUFWVSUBZQ\" target=\"_blank\" rel=\"noopener\">Laboratorio rodante &#8220;Trucklab\u201d de la UTalca recibi\u00f3 reconocimiento internacional.<\/a><\/p><p>\u00a0<\/p><p><b>ELMAULEINFORMA.CL<\/b><\/p><p><a style=\"font-style: inherit; font-weight: inherit; background-color: #ffffff; font-family: -apple-system, BlinkMacSystemFont,;\" href=\"https:\/\/elmauleinforma.cl\/laboratorio-rodante-trucklab-de-la-utalca-recibio-reconocimiento-internacional\/\" target=\"_blank\" rel=\"noopener\">Laboratorio rodante \u201cTrucklab\u201d de la UTalca recibi\u00f3 reconocimiento internacional.<\/a><\/p><p>\u00a0<\/p><p><b>LINARESENLINEA.CL<\/b><\/p><p><a style=\"font-style: inherit; font-weight: inherit; background-color: #ffffff; font-family: -apple-system, BlinkMacSystemFont,;\" href=\"https:\/\/www.linaresenlinea.cl\/2021\/07\/19\/laboratorio-rodante-trucklab-de-la-utalca-recibio-reconocimiento-internacional\/\" target=\"_blank\" rel=\"noopener\">Laboratorio rodante \u201cTrucklab\u201d de la UTalca recibi\u00f3 reconocimiento internacional.<\/a><\/p><p>\u00a0<\/p><p><b>DIARIOELPULSO.CL<\/b><\/p><p><a style=\"font-style: inherit; font-weight: inherit; background-color: #ffffff; font-family: -apple-system, BlinkMacSystemFont,;\" href=\"https:\/\/www.diarioelpulso.cl\/2021\/07\/17\/laboratorio-rodante-trucklab-de-la-utalca-recibio-reconocimiento-internacional\/\" target=\"_blank\" rel=\"noopener\">Laboratorio rodante \u201cTrucklab\u201d de la UTalca recibi\u00f3 reconocimiento internacional.<\/a><\/p><p>\u00a0<\/p><p><b>EL LECTOR<\/b><\/p><p><a style=\"font-style: inherit; font-weight: inherit; background-color: #ffffff; font-family: -apple-system, BlinkMacSystemFont,;\" href=\"https:\/\/www.litoralpress.cl\/paginaconsultas\/Servicios_NClip\/Get_Imagen_Nota.aspx?LPKey=KCDHVIV744HWWQJN26VMHDLB5EWZX6ZZS2IFWICNMRFJXP6IIBKQTVYU7XV3CN3IMJ6D2NTGNUS2M\" target=\"_blank\" rel=\"noopener\">Laboratorio rodante &#8220;Trucklab&#8221; de la UTalca recibi\u00f3 reconocimiento internacional.<\/a><\/p><p>\u00a0<\/p><p><b>CANAL CONTIVISI\u00d3N<\/b><\/p><p><a style=\"font-style: inherit; font-weight: inherit; background-color: #ffffff; font-family: -apple-system, BlinkMacSystemFont,;\" href=\"https:\/\/www.litoralpress.cl\/sitio\/RadioTV_Detalles.cshtml?LPKey=BZGLLC4HAT6X32CNWKYZMUG4I3UKFQQIXTC2GDZY3BQERR7PYCQQ\" target=\"_blank\" rel=\"noopener\">Innovadora tecnolog\u00eda permite a agricultores de Berry evitar uso de agroqu\u00edmicos. Se refiere Di\u00f3genes Hern\u00e1ndez, acad\u00e9mico de la Facultad de Ingenier\u00eda de la UTalca.<\/a><\/p><p>\u00a0<\/p><p><b>ADPRENSA.CL<\/b><\/p><p><a style=\"font-style: inherit; font-weight: inherit; background-color: #ffffff; font-family: -apple-system, BlinkMacSystemFont,;\" href=\"https:\/\/www.adprensa.cl\/cronica\/utalca-preparo-nutrida-agenda-para-acompanar-a-familias-en-vacaciones\/\" target=\"_blank\" rel=\"noopener\">UTalca prepar\u00f3 nutrida agenda para acompa\u00f1ar a familias en vacaciones.<\/a><\/p><p>\u00a0<\/p><p><b>DIARIO TALCA<\/b><\/p><p><a style=\"font-style: inherit; font-weight: inherit; background-color: #ffffff; font-family: -apple-system, BlinkMacSystemFont,;\" href=\"https:\/\/www.litoralpress.cl\/paginaconsultas\/Servicios_NClip\/Get_Imagen_Nota.aspx?LPKey=ST5MCHXBS7HZPNMPDML6AW3GDY2F2YUWTUN6JSE5ZWHRYTJKKDSDTOKCKPMNUV3G2QBW25B2HKCT6\" target=\"_blank\" rel=\"noopener\">UTalca prepar\u00f3 nutrida agenda para acompa\u00f1ar a familias en vacaciones.<\/a><\/p><p>\u00a0<\/p><p><b>DIARIOTALCA.CL<\/b><\/p><p><a style=\"font-style: inherit; font-weight: inherit; background-color: #ffffff; font-family: -apple-system, BlinkMacSystemFont,;\" href=\"https:\/\/www.diariotalca.cl\/utalca-preparo-nutrida-agenda-para-acompanar-a-familias-en-vacaciones\/\" target=\"_blank\" rel=\"noopener\">UTalca prepar\u00f3 nutrida agenda para acompa\u00f1ar a familias en vacaciones.<\/a><\/p><p>\u00a0<\/p><p><b>DIARIOELHERALDO.CL<\/b><\/p><p><a style=\"font-style: inherit; font-weight: inherit; background-color: #ffffff; font-family: -apple-system, BlinkMacSystemFont,;\" href=\"http:\/\/www.diarioelheraldo.cl\/noticia\/utalca-preparo-nutrida-agenda-para-acompanar-a-familias-en-vacaciones\" target=\"_blank\" rel=\"noopener\">UTalca prepar\u00f3 nutrida agenda para acompa\u00f1ar a familias en vacaciones.<\/a><\/p><p>\u00a0<\/p><p><b>ELMAULEINFORMA.CL<\/b><\/p><p><a style=\"font-style: inherit; font-weight: inherit; background-color: #ffffff; font-family: -apple-system, BlinkMacSystemFont,;\" href=\"https:\/\/elmauleinforma.cl\/utalca-preparo-nutrida-agenda-para-acompanar-a-familias-en-vacaciones\/\" target=\"_blank\" rel=\"noopener\">UTalca prepar\u00f3 nutrida agenda para acompa\u00f1ar a familias en vacaciones.<\/a><\/p><p>\u00a0<\/p><p><b>LINARESENLINEA.CL<\/b><\/p><p><a style=\"font-style: inherit; font-weight: inherit; background-color: #ffffff; font-family: -apple-system, BlinkMacSystemFont,;\" href=\"https:\/\/www.linaresenlinea.cl\/2021\/07\/20\/utalca-preparo-nutrida-agenda-para-acompanar-a-familias-en-vacaciones\/\" target=\"_blank\" rel=\"noopener\">UTalca prepar\u00f3 nutrida agenda para acompa\u00f1ar a familias en vacaciones.<\/a><\/p><p>\u00a0<\/p><p><b>EL LECTOR<\/b><\/p><p><a style=\"font-style: inherit; font-weight: inherit; background-color: #ffffff; font-family: -apple-system, BlinkMacSystemFont,;\" href=\"https:\/\/www.litoralpress.cl\/paginaconsultas\/Servicios_NClip\/Get_Imagen_Nota.aspx?LPKey=EKT2HC3L7APRSFYBWUFOYUAHMGTUWQK3UXBLXZ3RKBDXXJ4LEU6FGEB6647FBFP5VEVGIY3FANHRG\" target=\"_blank\" rel=\"noopener\">UTalca prepar\u00f3 nutrida agenda para acompa\u00f1ar a familias en vacaciones.<\/a><\/p><p>\u00a0<\/p><p><b>LA PRENSA<\/b><\/p><p><a style=\"font-style: inherit; font-weight: inherit; background-color: #ffffff; font-family: -apple-system, BlinkMacSystemFont,;\" href=\"https:\/\/www.litoralpress.cl\/paginaconsultas\/Servicios_NClip\/Get_Imagen_Nota.aspx?LPKey=LEWBNMVGMUPMUYH5EUFGJB4BK2XIC2JU6H62TKXMRXZYPTQEQ3LFZP32OBOWW4QC4HKEAU64LYMYI\" target=\"_blank\" rel=\"noopener\">Presentan tecnolog\u00eda para mejor manejo de incendios forestales. Se refiere Matthew Bardeen, acad\u00e9mico de la Facultad de Ingenier\u00eda de la UTalca.<\/a><\/p><p>\u00a0<\/p><p><b>POUSTA.COM<\/b><\/p><p><a style=\"font-style: inherit; font-weight: inherit; background-color: #ffffff; font-family: -apple-system, BlinkMacSystemFont,;\" href=\"https:\/\/pousta.com\/basura-covid\/\" target=\"_blank\" rel=\"noopener\">\u00bfC\u00f3mo frenar el aumento de desechos COVID? Aqu\u00ed algunas alternativas. Se menciona a la UTalca.<\/a><\/p><p>\u00a0<\/p><p><b>RADIO UNIVERSIDAD DE SANTIAGO<\/b><\/p><p><a style=\"font-style: inherit; font-weight: inherit; background-color: #ffffff; font-family: -apple-system, BlinkMacSystemFont,;\" href=\"https:\/\/www.litoralpress.cl\/sitio\/RadioTV_Detalles.cshtml?LPKey=5MWSYQKJJKY7WFKSZK575TOHASBLDUPDYNYR4QJDE7645FUD4E4A\" target=\"_blank\" rel=\"noopener\">Entrevista a Iv\u00e1n Palomo, acad\u00e9mico de la Facultad de Ciencias de la Salud de la UTalca.<\/a><\/p><p>\u00a0<\/p><p><b>IMPACTOREGIONAL.CL<\/b><\/p><p><a style=\"font-style: inherit; font-weight: inherit; background-color: #ffffff; font-family: -apple-system, BlinkMacSystemFont,;\" href=\"http:\/\/www.impactoregional.cl\/?p=3986\" target=\"_blank\" rel=\"noopener\">Entrevistas a Erika Retamal, directora de Salud P\u00fablica y Mario Herrera, acad\u00e9mico del Centro de An\u00e1lisis Pol\u00edtico (CAP) de la UTalca.<\/a><\/p><p>\u00a0<\/p><p><b>ADPRENSA.CL<\/b><\/p><p><a style=\"font-style: inherit; font-weight: inherit; background-color: #ffffff; font-family: -apple-system, BlinkMacSystemFont,;\" href=\"https:\/\/www.adprensa.cl\/actividades-academicas\/innovadora-tecnologia-permite-a-agricultores-de-berries-evitar-uso-de-agroquimicos\/\" target=\"_blank\" rel=\"noopener\">Innovadora tecnolog\u00eda permite a agricultores de berries evitar uso de agroqu\u00edmicos. Se refiere Di\u00f3genes Hern\u00e1ndez, acad\u00e9mico de la UTalca.<\/a><\/p><p>\u00a0<\/p><p><b>DIARIOELHERALDO.CL<\/b><\/p><p><a style=\"font-style: inherit; font-weight: inherit; background-color: #ffffff; font-family: -apple-system, BlinkMacSystemFont,;\" href=\"http:\/\/www.diarioelheraldo.cl\/noticia\/innovadora-tecnologia-permite-a-agricultores-de-berries-evitar-uso-de-agroquimicos\" target=\"_blank\" rel=\"noopener\">Innovadora tecnolog\u00eda permite a agricultores de berries evitar uso de agroqu\u00edmicos. Se refiere Di\u00f3genes Hern\u00e1ndez, acad\u00e9mico de la UTalca.<\/a><\/p><p>\u00a0<\/p><p><b>EL HERALDO<\/b><\/p><p><a style=\"font-style: inherit; font-weight: inherit; background-color: #ffffff; font-family: -apple-system, BlinkMacSystemFont,;\" href=\"https:\/\/www.litoralpress.cl\/paginaconsultas\/Servicios_NClip\/Get_Imagen_Nota.aspx?LPKey=ZNWL5CBG35QDEGSTI4C764VJZXQTLPCCHO5IO3MAHXXSO26YDGQIUMGP6CJVM4OCHDVREWLBQLXQQ\" target=\"_blank\" rel=\"noopener\">Tecnolog\u00eda permitir\u00e1 un mejor manejo de los incendios forestales y proteger\u00e1 la vida de los bomberos. Se refiere Matthew Bardeen, acad\u00e9mico de la Facultad de Ingenier\u00eda de la UTalca.<\/a><\/p><p>\u00a0<\/p><p><b>TALCACAPITAL.CL<\/b><\/p><p><a style=\"font-style: inherit; font-weight: inherit; background-color: #ffffff; font-family: -apple-system, BlinkMacSystemFont,;\" href=\"https:\/\/talcacapital.cl\/tecnologia-permitira-un-mejor-manejo-de-los-incendios-forestales-y-protegera-la-vida-de-los-bomberos\/\" target=\"_blank\" rel=\"noopener\">Tecnolog\u00eda permitir\u00e1 un mejor manejo de los incendios forestales y proteger\u00e1 la vida de los bomberos. Se refiere Matthew Bardeen, acad\u00e9mico de la Facultad de Ingenier\u00eda de la UTalca.<\/a><\/p><p>\u00a0<\/p><p><b>TVMAULE.CL<\/b><\/p><p><a style=\"font-style: inherit; font-weight: inherit; background-color: #ffffff; font-family: -apple-system, BlinkMacSystemFont,;\" href=\"https:\/\/www.tvmaule.cl\/con-modernos-drones-se-busca-tener-un-mejor-manejo-de-los-incendios-forestales\/\" target=\"_blank\" rel=\"noopener\">Con modernos drones se busca tener un mejor manejo de los incendios forestales. Se refiere Matthew Bardeen, acad\u00e9mico de la Facultad de Ingenier\u00eda de la UTalca.<\/a><\/p><p>\u00a0<\/p><p><b>LINARESENLINEA.CL<\/b><\/p><p><a style=\"font-style: inherit; font-weight: inherit; background-color: #ffffff; font-family: -apple-system, BlinkMacSystemFont,;\" href=\"https:\/\/www.linaresenlinea.cl\/2021\/07\/15\/tecnologia-permitira-un-mejor-manejo-de-los-incendios-forestales-y-protegera-la-vida-de-los-bomberos\/\" target=\"_blank\" rel=\"noopener\">Tecnolog\u00eda permitir\u00e1 un mejor manejo de los incendios forestales y proteger\u00e1 la vida de los bomberos. Se refiere Matthew Bardeen, acad\u00e9mico de la Facultad de Ingenier\u00eda de la UTalca.<\/a><\/p><p>\u00a0<\/p><p><b>ELALFA.CL<\/b><\/p><p><a style=\"font-style: inherit; font-weight: inherit; background-color: #ffffff; font-family: -apple-system, BlinkMacSystemFont,;\" href=\"https:\/\/elalfa.cl\/index.php\/2021\/07\/22\/tecnologia-permitira-un-mejor-manejo-de-los-incendios-forestales-y-protegera-la-vida-de-los-bomberos\/\" target=\"_blank\" rel=\"noopener\">Tecnolog\u00eda permitir\u00e1 un mejor manejo de los incendios forestales y proteger\u00e1 la vida de los bomberos. Se refiere Matthew Bardeen, acad\u00e9mico de la Facultad de Ingenier\u00eda de la UTalca.<\/a><\/p><p>\u00a0<\/p><p><b>EL TIP\u00d3GRAFO<\/b><\/p><p><a style=\"font-style: inherit; font-weight: inherit; background-color: #ffffff; font-family: -apple-system, BlinkMacSystemFont,;\" href=\"https:\/\/www.litoralpress.cl\/paginaconsultas\/Servicios_NClip\/Get_Imagen_Nota.aspx?LPKey=3GPE45ES2U5JA6XRSRBYF6G4YR3HOGT3V5QYFKCDHYB6WBIMB3VCUH24I6C7PBVILTLPDA25AXVDQ\" target=\"_blank\" rel=\"noopener\">Especialistas recuerdan que inmunidad generada por las vacunas no es inmediata. Se refiere Sergio Wehinger, director del Mag\u00edster en Ciencias Biom\u00e9dicas y Marcelo Alarc\u00f3n, acad\u00e9mico del Departamento de Bioqu\u00edmica Cl\u00ednica e Inmunohematolog\u00eda de la UTalca.<\/a><\/p><p>\u00a0<\/p><p><b>RADIO NUEVO MUNDO<\/b><\/p><p><a style=\"font-style: inherit; font-weight: inherit; background-color: #ffffff; font-family: -apple-system, BlinkMacSystemFont,;\" href=\"https:\/\/www.litoralpress.cl\/sitio\/RadioTV_Detalles.cshtml?LPKey=LDYNGAAQ53KPWPYZEFG2YT3TEGWTDO7IUNGD3TGQETSZQYNDUP4Q\" target=\"_blank\" rel=\"noopener\">Entrevista a Dany Jaimovich, acad\u00e9mico de la Facultad de Econom\u00eda y Negocios de la UTalca.<\/a><\/p><p>\u00a0<\/p><p><b>WAPPTV.CL<\/b><\/p><p><a style=\"font-style: inherit; font-weight: inherit; background-color: #ffffff; font-family: -apple-system, BlinkMacSystemFont,;\" href=\"https:\/\/www.wapptv.cl\/2021\/07\/15\/estreno-dany-jaimovich-y-conflicto-en-la-araucania-se-tiende-a-confundir-a-los-grupos-criminales-con-las-peticiones-del-pueblo-mapuche\/\" target=\"_blank\" rel=\"noopener\">Dany Jaimovich y conflicto en la Araucan\u00eda: \u201cSe tiende a confundir a los grupos criminales con las peticiones del pueblo mapuche\u201d.<\/a><\/p><p>\u00a0<\/p><p><b>PUNTOINFORMATIVO.CL<\/b><\/p><p><a style=\"font-style: inherit; font-weight: inherit; background-color: #ffffff; font-family: -apple-system, BlinkMacSystemFont,;\" href=\"https:\/\/puntoinformativo.cl\/?page=prod_ver&amp;idProd=1314\" target=\"_blank\" rel=\"noopener\">Nodo CTCI Zona Centro Sur invita a su primer seminario internacional. Se menciona a Pablo Villalobos, vicerrector de Innovaci\u00f3n y Transferencia Tecnol\u00f3gica de la UTalca.<\/a><\/p><p>\u00a0<\/p><p><b>LA PRENSA<\/b><\/p><p><a style=\"font-style: inherit; font-weight: inherit; background-color: #ffffff; font-family: -apple-system, BlinkMacSystemFont,;\" href=\"https:\/\/www.litoralpress.cl\/paginaconsultas\/Servicios_NClip\/Get_Imagen_Nota.aspx?LPKey=OD4LYAMWDPZMVM7NXJS2CGRJ74IQIPUCIW55VX74APYLQSER22MSL43DRZ5VJVUYA7UMQZQXHVYFA\" target=\"_blank\" rel=\"noopener\">El comienzo de un nuevo juego: democracia, azar y confianza. Se menciona a la UTalca.<\/a><\/p><p>\u00a0<\/p><p><b>ADPRENSA.CL<\/b><\/p><p><a style=\"font-style: inherit; font-weight: inherit; background-color: #ffffff; font-family: -apple-system, BlinkMacSystemFont,;\" href=\"https:\/\/www.adprensa.cl\/cronica\/estudiante-utalca-obtiene-distincion-por-promover-desarrollo-de-la-mujer-en-la-mineria\/\" target=\"_blank\" rel=\"noopener\">Estudiante UTalca obtiene distinci\u00f3n por promover desarrollo de la mujer en la miner\u00eda.<\/a><\/p><p>\u00a0<\/p><p><b>LA PRENSA<\/b><\/p><p><a style=\"font-style: inherit; font-weight: inherit; background-color: #ffffff; font-family: -apple-system, BlinkMacSystemFont,;\" href=\"https:\/\/www.litoralpress.cl\/paginaconsultas\/Servicios_NClip\/Get_Imagen_Nota.aspx?LPKey=BQKC2AXXKFFJH5LI4V3XQSZ7DUECBIFM3SX52UDOPMZ73GDUQJW4XQ4NX7JD6PWE5XM7J3RBLATHY\" target=\"_blank\" rel=\"noopener\">Estudiante UTalca obtiene distinci\u00f3n de ONG.<\/a><\/p><p>\u00a0<\/p><p><b>PORTALEDUCACION.CL<\/b><\/p><p><a style=\"font-style: inherit; font-weight: inherit; background-color: #ffffff; font-family: -apple-system, BlinkMacSystemFont,;\" href=\"https:\/\/portaleducacion.cl\/index.php\/2021\/07\/22\/estudiante-utalca-obtiene-distincion-por-promover-desarrollo-de-la-mujer-en-la-mineria\/\" target=\"_blank\" rel=\"noopener\">Estudiante UTalca obtiene distinci\u00f3n por promover desarrollo de la mujer en la miner\u00eda.<\/a><\/p><p>\u00a0<\/p><p><b>MINERIACHILE.CL<\/b><\/p><p><a style=\"font-style: inherit; font-weight: inherit; background-color: #ffffff; font-family: -apple-system, BlinkMacSystemFont,;\" href=\"https:\/\/www.mineriachile.cl\/2021\/07\/22\/estudiante-utalca-obtiene-distincion-por-promover-desarrollo-de-la-mujer-en-la-mineria\/\" target=\"_blank\" rel=\"noopener\">Estudiante UTalca obtiene distinci\u00f3n por promover desarrollo de la mujer en la miner\u00eda.<\/a><\/p><p>\u00a0<\/p><p><b>EL HERALDO<\/b><\/p><p><a style=\"font-style: inherit; font-weight: inherit; background-color: #ffffff; font-family: -apple-system, BlinkMacSystemFont,;\" href=\"https:\/\/www.litoralpress.cl\/paginaconsultas\/Servicios_NClip\/Get_Imagen_Nota.aspx?LPKey=PRCBOK6TXBDNXUYPSZMDMPVYVFZZJXAEBPA5ROFTD4ML3IIXAFQ7QIHS3EQZHCU5VCMWUWR4KS5TC\" target=\"_blank\" rel=\"noopener\">Estudiante UTalca obtiene distinci\u00f3n por promover desarrollo de la mujer en la miner\u00eda.<\/a><\/p><p>\u00a0<\/p><p><b>DIARIOELHERALDO.CL<\/b><\/p><p><a style=\"font-style: inherit; font-weight: inherit; background-color: #ffffff; font-family: -apple-system, BlinkMacSystemFont,;\" href=\"http:\/\/www.diarioelheraldo.cl\/noticia\/-estudiante-utalca-obtiene-distincion-por-promover-desarrollo-de-la-mujer-en-la-mineria\" target=\"_blank\" rel=\"noopener\">Estudiante UTalca obtiene distinci\u00f3n por promover desarrollo de la mujer en la miner\u00eda.<\/a><\/p><p>\u00a0<\/p><p><b>LINARESENLINEA.CL<\/b><\/p><p><a style=\"font-style: inherit; font-weight: inherit; background-color: #ffffff; font-family: -apple-system, BlinkMacSystemFont,;\" href=\"https:\/\/www.linaresenlinea.cl\/2021\/07\/22\/estudiante-maulina-obtuvo-distincion-por-promover-desarrollo-de-la-mujer-en-la-mineria\/\" target=\"_blank\" rel=\"noopener\">Estudiante maulina obtuvo distinci\u00f3n por promover desarrollo de la mujer en la miner\u00eda.<\/a><\/p><p>\u00a0<\/p><p><b>LANOTICIA.CL<\/b><\/p><p><a style=\"font-style: inherit; font-weight: inherit; background-color: #ffffff; font-family: -apple-system, BlinkMacSystemFont,;\" href=\"https:\/\/lanoticia.cl\/estudiante-u-talca-obtiene-distincion-por-promover-desarrollo-de-la-mujer-en-la-mineria\/\" target=\"_blank\" rel=\"noopener\">Estudiante UTalca obtiene distinci\u00f3n por promover desarrollo de la mujer en miner\u00eda.<\/a><\/p><p>\u00a0<\/p><p><b>CHILLANONLINE.CL<\/b><\/p><p><a style=\"font-style: inherit; font-weight: inherit; background-color: #ffffff; font-family: -apple-system, BlinkMacSystemFont,;\" href=\"https:\/\/www.chillanonline.cl\/V5\/estudiante-utalca-obtiene-distincion-por-promover-desarrollo-de-la-mujer-en-la-mineria\/\" target=\"_blank\" rel=\"noopener\">Estudiante UTalca obtiene distinci\u00f3n por promover desarrollo de la mujer en la miner\u00eda.<\/a><\/p><p>\u00a0<\/p><p><b>CANAL UCHILE TV<\/b><\/p><p><a style=\"font-style: inherit; font-weight: inherit; background-color: #ffffff; font-family: -apple-system, BlinkMacSystemFont,;\" href=\"https:\/\/www.litoralpress.cl\/sitio\/RadioTV_Detalles.cshtml?LPKey=B2XAT74EL4YPWT42EVAOULX46U7MWWZRNQVYYJIWFJVHNFHWCAFQ\" target=\"_blank\" rel=\"noopener\">La infancia en Chile. Se refiere Isaac Ravetllat, director del Centro de Estudios sobre los Derechos de la Infancia y Adolescencia (CEDIA) de la UTalca.<\/a><\/p><p>\u00a0<\/p><p><b>ELMAULEINFORMA.CL<\/b><\/p><p><a style=\"font-style: inherit; font-weight: inherit; background-color: #ffffff; font-family: -apple-system, BlinkMacSystemFont,;\" href=\"https:\/\/elmauleinforma.cl\/extensionistas-tecnologicos-asesoraran-a-empresarios-agroindustriales-de-colombia\/\" target=\"_blank\" rel=\"noopener\">Extensionistas tecnol\u00f3gicos asesorar\u00e1n a empresarios agroindustriales de Colombia. Se menciona Thinkagro de la Universidad de Talca.<\/a><\/p><p>\u00a0<\/p><p><b>LANOTICIA.CL<\/b><\/p><p><a style=\"font-style: inherit; font-weight: inherit; background-color: #ffffff; font-family: -apple-system, BlinkMacSystemFont,;\" href=\"https:\/\/lanoticia.cl\/talca-desde-chile-extensionistas-tecnologicos-asesoraran-a-empresarios-agroindustriales-de-colombia\/\" target=\"_blank\" rel=\"noopener\">Talca, desde Chile extensionistas tecnol\u00f3gicos asesorar\u00e1n a empresarios agroindustriales de Colombia. Se menciona Thinkagro de la Universidad de Talca.<\/a><\/p><p>\u00a0<\/p><p><b>ADPRENSA.CL<\/b><\/p><p><a style=\"font-style: inherit; font-weight: inherit; background-color: #ffffff; font-family: -apple-system, BlinkMacSystemFont,;\" href=\"https:\/\/www.adprensa.cl\/actividades-academicas\/universidad-de-talca-crea-unidad-para-fortalecer-su-seguridad-digital\/\" target=\"_blank\" rel=\"noopener\">Universidad de Talca crea unidad para fortalecer su seguridad digital.<\/a><\/p><p>\u00a0<\/p><p><b>PORTALEDUCACION.CL<\/b><\/p><p><a style=\"font-style: inherit; font-weight: inherit; background-color: #ffffff; font-family: -apple-system, BlinkMacSystemFont,;\" href=\"https:\/\/portaleducacion.cl\/index.php\/2021\/07\/23\/universidad-de-talca-crea-unidad-para-fortalecer-su-seguridad-digital\/\" target=\"_blank\" rel=\"noopener\">Universidad de Talca crea unidad para fortalecer su seguridad digital.<\/a><\/p><p>\u00a0<\/p><p><b>ADPRENSA.CL<\/b><\/p><p><a style=\"font-style: inherit; font-weight: inherit; background-color: #ffffff; font-family: -apple-system, BlinkMacSystemFont,;\" href=\"https:\/\/www.adprensa.cl\/cronica\/se-acerca-la-primavera-30-de-chilenos-sufre-algun-tipo-de-alergia\/\" target=\"_blank\" rel=\"noopener\">Se acerca la primavera: 30% de los chilenos sufre alg\u00fan tipo de alergia. Se refiere Sergio Wehinger, director del Mag\u00edster en Ciencias Biom\u00e9dicas de la UTalca.<\/a><\/p><p>\u00a0<\/p><p><b>RADIOAGRICULTURA.CL<\/b><\/p><p><a style=\"font-style: inherit; font-weight: inherit; background-color: #ffffff; font-family: -apple-system, BlinkMacSystemFont,;\" href=\"https:\/\/www.radioagricultura.cl\/nacional\/2021\/07\/24\/se-acerca-la-primavera-30-de-chilenos-sufre-de-algun-tipo-de-alergia.html\" target=\"_blank\" rel=\"noopener\">Se acerca la primavera: 30% de los chilenos sufre alg\u00fan tipo de alergia. Se refiere Sergio Wehinger, director del Mag\u00edster en Ciencias Biom\u00e9dicas de la UTalca.<\/a><\/p><p>\u00a0<\/p><p><b>LANOTICIA.CL<\/b><\/p><p><a style=\"font-style: inherit; font-weight: inherit; background-color: #ffffff; font-family: -apple-system, BlinkMacSystemFont,;\" href=\"https:\/\/lanoticia.cl\/se-acerca-la-primavera-30-de-chilenos-sufre-algun-tipo-de-alergia\/\" target=\"_blank\" rel=\"noopener\">Se acerca la primavera: 30% de los chilenos sufre alg\u00fan tipo de alergia. Se refiere Sergio Wehinger, director del Mag\u00edster en Ciencias Biom\u00e9dicas de la UTalca.<\/a><\/p><p>\u00a0<\/p><p><b>G5NOTICIAS.CL<\/b><\/p><p><a style=\"font-style: inherit; font-weight: inherit; background-color: #ffffff; font-family: -apple-system, BlinkMacSystemFont,;\" href=\"https:\/\/g5noticias.cl\/2021\/07\/15\/fiscal-regional-de-valparaiso-expone-en-congreso-que-conmemora-20-anos-de-la-reforma-procesal-penal\/\" target=\"_blank\" rel=\"noopener\">Fiscal Regional de Valpara\u00edso expone en Congreso que conmemora 20 a\u00f1os de la Reforma Procesal Penal. Se menciona Ra\u00fal Carnevali, acad\u00e9mico de la Facultad de Ciencias Jur\u00eddicas y Sociales de la UTalca.<\/a><\/p><p>\u00a0<\/p><p><b>DIARIOCONCEPCION.CL<\/b><\/p><p><a style=\"font-style: inherit; font-weight: inherit; background-color: #ffffff; font-family: -apple-system, BlinkMacSystemFont,;\" href=\"https:\/\/www.diarioconcepcion.cl\/ciencia-y-sociedad\/2021\/07\/18\/nodo-ctci-zona-centro-sur-hara-su-primer-seminario-internacional.html\" target=\"_blank\" rel=\"noopener\">Nodo Ctci Zona Centro Sur har\u00e1 su primer seminario internacional. Se menciona a la UTalca.<\/a><\/p><p>\u00a0<\/p><p><b>LA TERCERA<\/b><\/p><p><a style=\"font-style: inherit; font-weight: inherit; background-color: #ffffff; font-family: -apple-system, BlinkMacSystemFont,;\" href=\"https:\/\/www.litoralpress.cl\/paginaconsultas\/Servicios_NClip\/Get_Imagen_Nota.aspx?LPKey=OYT72DW7S4CCFIM5RCDBL2QZNVKQ3F6WUZCQOEJOOJJO6NG3HZOUDPKL7DJRQ4EVFOKIGNH3C3SWK\" target=\"_blank\" rel=\"noopener\">\u00bfCu\u00e1les fueron las razones que explican la gran participaci\u00f3n en las recientes primarias? Incertidumbre, movilizaci\u00f3n y conflictos. Columna de opini\u00f3n de Mauricio Morales, director del Centro de An\u00e1lisis Pol\u00edtico (CAP) de la UTalca.<\/a><\/p><p>\u00a0<\/p><p><b>LATERCERA.COM<\/b><\/p><p><a style=\"font-style: inherit; font-weight: inherit; background-color: #ffffff; font-family: -apple-system, BlinkMacSystemFont,;\" href=\"https:\/\/www.latercera.com\/opinion\/noticia\/incertidumbre-movilizacion-y-conflictos\/Q3DLP6HLRNE7XPWKOIZJPM22YM\/\" target=\"_blank\" rel=\"noopener\">\u00bfCu\u00e1les fueron las razones que explican la gran participaci\u00f3n en las recientes primarias? Incertidumbre, movilizaci\u00f3n y conflictos. Columna de opini\u00f3n de Mauricio Morales, director del Centro de An\u00e1lisis Pol\u00edtico (CAP) de la UTalca.<\/a><\/p><p>\u00a0<\/p><p><b>CANAL 24 HORAS<\/b><\/p><p><a style=\"font-style: inherit; font-weight: inherit; background-color: #ffffff; font-family: -apple-system, BlinkMacSystemFont,;\" href=\"https:\/\/www.litoralpress.cl\/sitio\/RadioTV_Detalles.cshtml?LPKey=4R2JXQZIWEQJY6QGZ45VQBUCBFZMLKBPJIH37BAOIN5ZOLKUD42A\" target=\"_blank\" rel=\"noopener\">Entrevista a Mauricio Morales, director del Centro de An\u00e1lisis Pol\u00edtico (CAP) de la UTalca.<\/a><\/p><p>\u00a0<\/p><p><b>CANAL 13<\/b><\/p><p><a style=\"font-style: inherit; font-weight: inherit; background-color: #ffffff; font-family: -apple-system, BlinkMacSystemFont,;\" href=\"https:\/\/www.litoralpress.cl\/sitio\/RadioTV_Detalles.cshtml?LPKey=VWFUW4UB2GMNPL2I5AWRCJJK77WGOICOP5XUX2JRS6D5MYEMLQBQ\" target=\"_blank\" rel=\"noopener\">Provoste lanz\u00f3 su candidatura presidencial y su sector acord\u00f3 primarias. Se refiere Mauricio Morales, director del Centro de An\u00e1lisis Pol\u00edtico (CAP) de la UTalca.<\/a><\/p><p>\u00a0<\/p><p><b>EMOL.COM<\/b><\/p><p><a style=\"font-style: inherit; font-weight: inherit; background-color: #ffffff; font-family: -apple-system, BlinkMacSystemFont,;\" href=\"https:\/\/www.emol.com\/noticias\/Nacional\/2021\/07\/24\/1027624\/pros-contras-candidata-yasna-provoste.html\" target=\"_blank\" rel=\"noopener\">Mujer, del norte, pero con una larga militancia: Los pros y los contras de la candidata Provoste. Se refiere Mario Herrera, acad\u00e9mico del Centro de An\u00e1lisis Pol\u00edtico (CAP) de la UTalca.<\/a><\/p><p>\u00a0<\/p><p><b>CANAL MEGA<\/b><\/p><p><a style=\"font-style: inherit; font-weight: inherit; background-color: #ffffff; font-family: -apple-system, BlinkMacSystemFont,;\" href=\"https:\/\/www.litoralpress.cl\/sitio\/RadioTV_Detalles.cshtml?LPKey=4BNXAKHDTZIQZB66YTQJC3KIZNM5FQO37W2OT4ESB7VSHW77TZQQ\" target=\"_blank\" rel=\"noopener\">Entrevista a Mauricio Morales, director del Centro de An\u00e1lisis Pol\u00edtico (CAP) de la UTalca.<\/a><\/p><p>\u00a0<\/p><p><b>EMOL.COM<\/b><\/p><p><a style=\"font-style: inherit; font-weight: inherit; background-color: #ffffff; font-family: -apple-system, BlinkMacSystemFont,;\" href=\"https:\/\/www.emol.com\/noticias\/Nacional\/2021\/07\/24\/1027636\/agenda-emoltv-destacados-resumen-semana.html\" target=\"_blank\" rel=\"noopener\">Proceso constituyente, inicio de los Juegos Ol\u00edmpicos y Alzheimer: Los debates que marcaron Agenda EmolTV. Se refiere Mauricio Morales, director del Centro de An\u00e1lisis Pol\u00edtico (CAP) de la UTalca.<\/a><\/p><p>\u00a0<\/p><p><b>CANAL 24 HORAS<\/b><\/p><p><a style=\"font-style: inherit; font-weight: inherit; background-color: #ffffff; font-family: -apple-system, BlinkMacSystemFont,;\" href=\"https:\/\/www.litoralpress.cl\/sitio\/RadioTV_Detalles.cshtml?LPKey=BALUWS24T5HOCFRM6Y2ZXFAQSM57SC5XMWQRDN4L2HNRFRJBWBQA\" target=\"_blank\" rel=\"noopener\">Contacto con Mario Herrera, acad\u00e9mico del Centro de An\u00e1lisis Pol\u00edtico (CAP) de la UTalca.<\/a><\/p><p>\u00a0<\/p><p><b>24HORAS.CL<\/b><\/p><p><a style=\"font-style: inherit; font-weight: inherit; background-color: #ffffff; font-family: -apple-system, BlinkMacSystemFont,;\" href=\"https:\/\/www.24horas.cl\/politica\/yasna-provoste-lanza-candidatura-presidencial-chile-se-hace-desde-las-regiones-4886412\" target=\"_blank\" rel=\"noopener\">Yasna Provoste lanza candidatura presidencial: &#8220;Chile se hace desde las regiones&#8221;. Se refiere Mario Herrera, acad\u00e9mico del Centro de An\u00e1lisis Pol\u00edtico (CAP) de la UTalca.<\/a><\/p><p>\u00a0<\/p><p><b>24HORAS.CL<\/b><\/p><p><a style=\"font-style: inherit; font-weight: inherit; background-color: #ffffff; font-family: -apple-system, BlinkMacSystemFont,;\" href=\"https:\/\/www.24horas.cl\/programas\/entrevistas\/academico-posible-candidatura-yasna-provoste-4886486\" target=\"_blank\" rel=\"noopener\">Acad\u00e9mico por posible candidatura de Provoste: \u201cPara ella era mucho m\u00e1s f\u00e1cil si en primarias ganaba Jadue y Lav\u00edn\u201d. Se refiere Mario Herrera, acad\u00e9mico del Centro de An\u00e1lisis Pol\u00edtico (CAP) de la UTalca.<\/a><\/p><p>\u00a0<\/p><p><b>EMOL.COM<\/b><\/p><p><a style=\"font-style: inherit; font-weight: inherit; background-color: #ffffff; font-family: -apple-system, BlinkMacSystemFont,;\" href=\"https:\/\/www.emol.com\/noticias\/Nacional\/2021\/07\/22\/1027423\/efectos-politicos-acusacion-constitucional-figueroa.html\" target=\"_blank\" rel=\"noopener\">Posible unidad opositora y efecto electoral: Las consecuencias pol\u00edticas que podr\u00eda traer la acusaci\u00f3n a Figueroa. Se refiere Mario Herrera, acad\u00e9mico del Centro de An\u00e1lisis Pol\u00edtico (CAP) de la UTalca.<\/a><\/p><p>\u00a0<\/p><p><b>THECLINIC.CL<\/b><\/p><p><a style=\"font-style: inherit; font-weight: inherit; background-color: #ffffff; font-family: -apple-system, BlinkMacSystemFont,;\" href=\"https:\/\/www.theclinic.cl\/2021\/07\/22\/guinos-a-la-presidencial-deconstruyendo-la-cuenta-publica-de-yasna-provoste-al-mando-del-senado-en-la-previa-a-enigmatico-anuncio-electoral\/\" target=\"_blank\" rel=\"noopener\">\u00bfGui\u00f1os a la presidencial? Deconstruyendo la cuenta p\u00fablica de Yasna Provoste al mando del Senado, en la previa a enigm\u00e1tico \u201canuncio electoral\u201d. Se refiere Mauricio Morales, director del Centro de An\u00e1lisis Pol\u00edtico (CAP) de la UTalca.<\/a><\/p><p>\u00a0<\/p><p><b>CANAL MEGA PLUS<\/b><\/p><p><a style=\"font-style: inherit; font-weight: inherit; background-color: #ffffff; font-family: -apple-system, BlinkMacSystemFont,;\" href=\"https:\/\/www.litoralpress.cl\/sitio\/RadioTV_Detalles.cshtml?LPKey=QDWGSCMWSBMDV5F2THERNGPGBICHKPJG6NCKPIGHHLS2ERZSTF4A\" target=\"_blank\" rel=\"noopener\">Elecciones primarias presidenciales. Se refiere Mauricio Morales, director del Centro de An\u00e1lisis Pol\u00edtico (CAP) de la UTalca.<\/a><\/p><p>\u00a0<\/p><p><b>CANAL MEGA<\/b><\/p><p><a style=\"font-style: inherit; font-weight: inherit; background-color: #ffffff; font-family: -apple-system, BlinkMacSystemFont,;\" href=\"https:\/\/www.litoralpress.cl\/sitio\/RadioTV_Detalles.cshtml?LPKey=2VWYNDPM7HD6DG2BI72YWJHR25ESFDQDURSJC6FBPFBHBUAHJICQ\" target=\"_blank\" rel=\"noopener\">R\u00e9cord de participaci\u00f3n en \u00faltimas elecciones de primarias presidenciales. Se refiere Mauricio Morales, director del Centro de An\u00e1lisis Pol\u00edtico (CAP) de la UTalca.<\/a><\/p><p>\u00a0<\/p><p><b>EMOL.COM<\/b><\/p><p><a style=\"font-style: inherit; font-weight: inherit; background-color: #ffffff; font-family: -apple-system, BlinkMacSystemFont,;\" href=\"https:\/\/tv.emol.com\/detail\/20210719173255728\/mirada-politica-agenda-emoltv-junto-a-mauricio-morales\" target=\"_blank\" rel=\"noopener\">Mirada Pol\u00edtica Agenda EmolTV junto a Mauricio Morales.<\/a><\/p><p>\u00a0<\/p><p><b>RADIO COOPERATIVA<\/b><\/p><p><a style=\"font-style: inherit; font-weight: inherit; background-color: #ffffff; font-family: -apple-system, BlinkMacSystemFont,;\" href=\"https:\/\/www.litoralpress.cl\/sitio\/RadioTV_Detalles.cshtml?LPKey=Q7EXQWPDKK2FQACN6COJG2D2QFLB62WNSRFSSGDQK3YP3CHQ4SKA\" target=\"_blank\" rel=\"noopener\">Primarias: Detalle de los resultados en comunas y regiones. Se refiere Mauricio Morales, director del Centro de An\u00e1lisis Pol\u00edtico (CAP) de la UTalca.<\/a><\/p><p>\u00a0<\/p><p><b>RADIO AGRICULTURA<\/b><\/p><p><a style=\"font-style: inherit; font-weight: inherit; background-color: #ffffff; font-family: -apple-system, BlinkMacSystemFont,;\" href=\"https:\/\/www.litoralpress.cl\/sitio\/RadioTV_Detalles.cshtml?LPKey=EI3XMZ73JLHDFEHNQHCMYG4UIBEJ57E4SIGRK2CNURX7LBIOJMZA\" target=\"_blank\" rel=\"noopener\">Entrevista a Mauricio Morales, director del Centro de An\u00e1lisis Pol\u00edtico (CAP) de la UTalca.<\/a><\/p><p>\u00a0<\/p><p><b>RADIO ADN<\/b><\/p><p><a style=\"font-style: inherit; font-weight: inherit; background-color: #ffffff; font-family: -apple-system, BlinkMacSystemFont,;\" href=\"https:\/\/www.litoralpress.cl\/sitio\/RadioTV_Detalles.cshtml?LPKey=FR5PBFR77JGHSA3YWMPF2K2WYP5NWSKV4Q562GPINY2WTSO3MBFA\" target=\"_blank\" rel=\"noopener\">Analizamos los n\u00fameros de las primarias: Boric y Sichel fueron los ganadores. Se refiere Mauricio Morales, director del Centro de An\u00e1lisis Pol\u00edtico (CAP) de la UTalca.<\/a><\/p><p>\u00a0<\/p><p><b>RADIO ADN<\/b><\/p><p><a style=\"font-style: inherit; font-weight: inherit; background-color: #ffffff; font-family: -apple-system, BlinkMacSystemFont,;\" href=\"https:\/\/www.litoralpress.cl\/sitio\/RadioTV_Detalles.cshtml?LPKey=TNA42VPDHXWAO6A4T47MWV43WNGN5XJIDABCGRSVEPWX6PBRO3DQ\" target=\"_blank\" rel=\"noopener\">Primarias presidenciales han sido destacadas por la participaci\u00f3n hist\u00f3rica. Se refiere Mauricio Morales, director del Centro de An\u00e1lisis Pol\u00edtico (CAP) de la UTalca.<\/a><\/p><p>\u00a0<\/p><p><b>RADIO ADN<\/b><\/p><p><a style=\"font-style: inherit; font-weight: inherit; background-color: #ffffff; font-family: -apple-system, BlinkMacSystemFont,;\" href=\"https:\/\/www.litoralpress.cl\/sitio\/RadioTV_Detalles.cshtml?LPKey=VXLKDNIXE6FZDMJH2DJRE6IZLKFIYXWP4XLTIX3MLUP2DDD4R46Q\" target=\"_blank\" rel=\"noopener\">Participaci\u00f3n marc\u00f3 un r\u00e9cord hist\u00f3rico para las Primarias Presidenciales. Se refiere Mario Herrera, acad\u00e9mico del Centro de An\u00e1lisis Pol\u00edtico (CAP) de la UTalca.<\/a><\/p><p>\u00a0<\/p><p><b>RADIO INFINITA<\/b><\/p><p><a style=\"font-style: inherit; font-weight: inherit; background-color: #ffffff; font-family: -apple-system, BlinkMacSystemFont,;\" href=\"https:\/\/www.litoralpress.cl\/sitio\/RadioTV_Detalles.cshtml?LPKey=JGH36Y5BJVWAF2LUQ2F6IRXVIKD3PI42RSQ4FZ3UT2S64VG36TLA\" target=\"_blank\" rel=\"noopener\">Panel: An\u00e1lisis de las Primarias Presidenciales. Se refiere Mauricio Morales, director del Centro de An\u00e1lisis Pol\u00edtico (CAP) de la UTalca.<\/a><\/p><p>\u00a0<\/p><p><b>RADIO ADN<\/b><\/p><p><a style=\"font-style: inherit; font-weight: inherit; background-color: #ffffff; font-family: -apple-system, BlinkMacSystemFont,;\" href=\"https:\/\/www.litoralpress.cl\/sitio\/RadioTV_Detalles.cshtml?LPKey=CGU2C24TBQ3DXC4QFZYJSFLPHYJGPHFN3HK6QESHEUQPFRKKEB4A\" target=\"_blank\" rel=\"noopener\">Las primarias de este domingo alcanzaron una participaci\u00f3n hist\u00f3rica. Se refiere Mauricio Morales, director del Centro de An\u00e1lisis Pol\u00edtico (CAP) de la UTalca.<\/a><\/p><p>\u00a0<\/p><p><b>CANAL MEGA<\/b><\/p><p><a style=\"font-style: inherit; font-weight: inherit; background-color: #ffffff; font-family: -apple-system, BlinkMacSystemFont,;\" href=\"https:\/\/www.litoralpress.cl\/sitio\/RadioTV_Detalles.cshtml?LPKey=WXQPPIMV4FGGZHZLRQ6ZES7XNGCKNB3CG4CCTCO5UJB6ZCEWR7TQ\" target=\"_blank\" rel=\"noopener\">Entrevista a Mauricio Morales, director del Centro de An\u00e1lisis Pol\u00edtico (CAP) de la UTalca (Parte 1).<\/a><\/p><p>\u00a0<\/p><p><b>CANAL MEGA<\/b><\/p><p><a style=\"font-style: inherit; font-weight: inherit; background-color: #ffffff; font-family: -apple-system, BlinkMacSystemFont,;\" href=\"https:\/\/www.litoralpress.cl\/sitio\/RadioTV_Detalles.cshtml?LPKey=PWRIOS37VKUPDDYNYUTNQ45Q5G5VOL5COQVENHFUNI7FGP3MM6CQ\" target=\"_blank\" rel=\"noopener\">Entrevista a Mauricio Morales, director del Centro de An\u00e1lisis Pol\u00edtico (CAP) de la UTalca (Parte 2).<\/a><\/p><p>\u00a0<\/p><p><b>CANAL MEGA<\/b><\/p><p><a style=\"font-style: inherit; font-weight: inherit; background-color: #ffffff; font-family: -apple-system, BlinkMacSystemFont,;\" href=\"https:\/\/www.litoralpress.cl\/sitio\/RadioTV_Detalles.cshtml?LPKey=GLPI6JPFMOZHLWPO6HPKAABTGZTXRKVQE2NFPJFUMMGGAI3IN4BA\" target=\"_blank\" rel=\"noopener\">Entrevista a Mauricio Morales, director del Centro de An\u00e1lisis Pol\u00edtico (CAP) de la UTalca (Parte 3).<\/a><\/p><p>\u00a0<\/p><p><b>CANAL MEGA<\/b><\/p><p><a style=\"font-style: inherit; font-weight: inherit; background-color: #ffffff; font-family: -apple-system, BlinkMacSystemFont,;\" href=\"https:\/\/www.litoralpress.cl\/sitio\/RadioTV_Detalles.cshtml?LPKey=OLAAW43QJYS5YW5DV72Z3IQBG5JWMYTOCQUOMLS2BRBDF3L6TBLA\" target=\"_blank\" rel=\"noopener\">Votante denuncia que no puede votar por pertenecer a partido pol\u00edtico en el que no se ha inscrito. Se refiere Mauricio Morales, director del Centro de An\u00e1lisis Pol\u00edtico (CAP) de la UTalca.<\/a><\/p><p>\u00a0<\/p><p><b>CANAL MEGA<\/b><\/p><p><a style=\"font-style: inherit; font-weight: inherit; background-color: #ffffff; font-family: -apple-system, BlinkMacSystemFont,;\" href=\"https:\/\/www.litoralpress.cl\/sitio\/RadioTV_Detalles.cshtml?LPKey=7OZPE5AU6KZ4KDFPNZHKFJHBA56KWAILUXAMWP22GKKF4ZIIF6AQ\" target=\"_blank\" rel=\"noopener\">Termina conteo de votos en Europa, \u00c1frica, Asia y Ocean\u00eda. Se refiere Mauricio Morales, director del Centro de An\u00e1lisis Pol\u00edtico (CAP) de la UTalca.<\/a><\/p><p>\u00a0<\/p><p><b>CANAL MEGA<\/b><\/p><p><a style=\"font-style: inherit; font-weight: inherit; background-color: #ffffff; font-family: -apple-system, BlinkMacSystemFont,;\" href=\"https:\/\/www.litoralpress.cl\/sitio\/RadioTV_Detalles.cshtml?LPKey=4YCYNYJLJRMPFQP2PXMKBEJBUTHM5UCX2Y3LXBTF7ZB45W5OOEOA\" target=\"_blank\" rel=\"noopener\">Zoom de resultados: Se refiere Mauricio Morales, director del Centro de An\u00e1lisis Pol\u00edtico (CAP) de la UTalca.<\/a><\/p><p>\u00a0<\/p><p><b>CANAL MEGA<\/b><\/p><p><a style=\"font-style: inherit; font-weight: inherit; background-color: #ffffff; font-family: -apple-system, BlinkMacSystemFont,;\" href=\"https:\/\/www.litoralpress.cl\/sitio\/RadioTV_Detalles.cshtml?LPKey=BEFCYT4MS6MGQYJZEJIZQCLYBMJU3TVN7JFC32EPQHFYVZJ5TB2A\" target=\"_blank\" rel=\"noopener\">An\u00e1lisis de la votaci\u00f3n en las elecciones Primarias Presidenciales. Se refiere Mauricio Morales, director del Centro de An\u00e1lisis Pol\u00edtico (CAP) de la UTalca.<\/a><\/p><p>\u00a0<\/p><p><b>CANAL MEGA<\/b><\/p><p><a style=\"font-style: inherit; font-weight: inherit; background-color: #ffffff; font-family: -apple-system, BlinkMacSystemFont,;\" href=\"https:\/\/www.litoralpress.cl\/sitio\/RadioTV_Detalles.cshtml?LPKey=2PMOYG5O2QJ7AF5MTFJBKFMBO77HTOY725W2GCPZCLPZNAQKS5EQ\" target=\"_blank\" rel=\"noopener\">Nuevo c\u00f3mputo del Servel. Se refiere Mauricio Morales, director del Centro de An\u00e1lisis Pol\u00edtico (CAP) de la UTalca.<\/a><\/p><p>\u00a0<\/p><p><b>CANAL MEGA<\/b><\/p><p><a style=\"font-style: inherit; font-weight: inherit; background-color: #ffffff; font-family: -apple-system, BlinkMacSystemFont,;\" href=\"https:\/\/www.litoralpress.cl\/sitio\/RadioTV_Detalles.cshtml?LPKey=QEVJRKXM7IDJA2Y3RLXYDFCQH7TAUYOOYJCFL76SFXIPN6HSWXKA\" target=\"_blank\" rel=\"noopener\">Resultados oficiales de las Primarias Presidenciales. Se refiere Mauricio Morales, director del Centro de An\u00e1lisis Pol\u00edtico (CAP) de la UTalca.<\/a><\/p><p>\u00a0<\/p><p><b>EMOL.COM<\/b><\/p><p><a style=\"font-style: inherit; font-weight: inherit; background-color: #ffffff; font-family: -apple-system, BlinkMacSystemFont,;\" href=\"https:\/\/www.emol.com\/noticias\/Nacional\/2021\/07\/20\/1027202\/sichel-y-centro-politico.html\" target=\"_blank\" rel=\"noopener\">Con la mira en noviembre: Sichel pone el foco en el centro, el mundo independiente y se distancia de J. A. Kast. Se refiere Mauricio Morales, director del Centro de An\u00e1lisis Pol\u00edtico (CAP) de la UTalca.<\/a><\/p><p>\u00a0<\/p><p><b>EMOL.COM<\/b><\/p><p><a style=\"font-style: inherit; font-weight: inherit; background-color: #ffffff; font-family: -apple-system, BlinkMacSystemFont,;\" href=\"https:\/\/www.emol.com\/noticias\/Nacional\/2021\/07\/19\/1027096\/boric-y-sichel-ganan-primarias.html\" target=\"_blank\" rel=\"noopener\">No descuidar sus flancos y tender puentes hacia el centro: Los desaf\u00edos de Boric y Sichel con miras a noviembre. Se refiere Mauricio Morales, director del Centro de An\u00e1lisis Pol\u00edtico (CAP) de la UTalca.<\/a><\/p><p>\u00a0<\/p><p><b>MEGANOTICIAS.CL<\/b><\/p><p><a style=\"font-style: inherit; font-weight: inherit; background-color: #ffffff; font-family: -apple-system, BlinkMacSystemFont,;\" href=\"https:\/\/www.meganoticias.cl\/nacional\/344402-primarias-presidenciales-perdedores-no-pueden-postular-primera-vuelta-elecciones-18-07-2021.html\" target=\"_blank\" rel=\"noopener\">Primarias 2021: \u00bfLos candidatos que pierdan pueden postular a la primera vuelta presidencial? Se refiere Mauricio Morales, director del Centro de An\u00e1lisis Pol\u00edtico (CAP) de la UTalca.<\/a><\/p><p>\u00a0<\/p><p><b>MEGANOTICIAS.CL<\/b><\/p><p><a style=\"font-style: inherit; font-weight: inherit; background-color: #ffffff; font-family: -apple-system, BlinkMacSystemFont,;\" href=\"https:\/\/www.meganoticias.cl\/nacional\/344408-elecciones-primarias-gabriel-boric-sebastian-sichel-ganan-18-07-2021.html\" target=\"_blank\" rel=\"noopener\">Gabriel Boric y Sebasti\u00e1n Sichel son los ganadores de las elecciones primarias. Se refiere Mauricio Morales, director del Centro de An\u00e1lisis Pol\u00edtico (CAP) de la UTalca.<\/a><\/p><p>\u00a0<\/p><p><b>MEGANOTICIAS.CL<\/b><\/p><p><a style=\"font-style: inherit; font-weight: inherit; background-color: #ffffff; font-family: -apple-system, BlinkMacSystemFont,;\" href=\"https:\/\/www.meganoticias.cl\/nacional\/344408-elecciones-primarias-gabriel-boric-sebastian-sichel-ganan-18-07-2021.html\" target=\"_blank\" rel=\"noopener\">Resultados irreversibles: Boric y Sichel son los ganadores de las elecciones primarias. Se menciona a Mauricio Morales, director del Centro de An\u00e1lisis Pol\u00edtico (CAP) de la UTalca.<\/a><\/p><p>\u00a0<\/p><p><b>MEGANOTICIAS.CL<\/b><\/p><p><a style=\"font-style: inherit; font-weight: inherit; background-color: #ffffff; font-family: -apple-system, BlinkMacSystemFont,;\" href=\"https:\/\/www.meganoticias.cl\/nacional\/344411-por-que-perdieron-lavin-jadue-primarias-presidenciales-elecciones-explicacion-18-07-2021.html\" target=\"_blank\" rel=\"noopener\">\u00bfPor qu\u00e9 Lav\u00edn y Jadue perdieron en las Primarias Presidenciales? Se refiere Mauricio Morales, director del Centro de An\u00e1lisis Pol\u00edtico (CAP) de la UTalca.<\/a><\/p><p>\u00a0<\/p><p><b>MEGANOTICIAS.CL<\/b><\/p><p><a style=\"font-style: inherit; font-weight: inherit; background-color: #ffffff; font-family: -apple-system, BlinkMacSystemFont,;\" href=\"https:\/\/www.meganoticias.cl\/nacional\/344414-primarias-presidenciales-gabriel-boric-voto-derecha-chile-vamos-providencia-las-condes-lo-barnechea-vitacura-18-07-2021.html\" target=\"_blank\" rel=\"noopener\">\u00bfVot\u00f3 la derecha por Boric?: Comparaci\u00f3n en comunas del sector oriente con primarias de 2017. Se refiere Mauricio Morales, director del Centro de An\u00e1lisis Pol\u00edtico (CAP) de la UTalca.<\/a><\/p><p>\u00a0<\/p><p><b>MEGANOTICIAS.CL<\/b><\/p><p><a style=\"font-style: inherit; font-weight: inherit; background-color: #ffffff; font-family: -apple-system, BlinkMacSystemFont,;\" href=\"https:\/\/www.meganoticias.cl\/nacional\/344416-frente-amplio-quintuplico-votacion-primarias-boric-jadue-18-07-2021.html\" target=\"_blank\" rel=\"noopener\">Frente Amplio quintuplic\u00f3 su votaci\u00f3n respecto a la Primaria Presidencial de 2017. Se refiere Mauricio Morales, director del Centro de An\u00e1lisis Pol\u00edtico (CAP) de la UTalca.<\/a><\/p><p>\u00a0<\/p><p><b>MEGANOTICIAS.CL<\/b><\/p><p><a style=\"font-style: inherit; font-weight: inherit; background-color: #ffffff; font-family: -apple-system, BlinkMacSystemFont,;\" href=\"https:\/\/www.meganoticias.cl\/nacional\/344513-elecciones-primarias-triunfo-gabriel-boric-candidaturas-paula-narvaez-yasna-provoste-19-07-2021.html\" target=\"_blank\" rel=\"noopener\">Los escenarios que enfrentan Narv\u00e1ez y Provoste tras triunfo de Boric en primarias. Se refiere Mauricio Morales, director del Centro de An\u00e1lisis Pol\u00edtico (CAP) de la UTalca.<\/a><\/p><p>\u00a0<\/p><p><b>LA SEGUNDA<\/b><\/p><p><a style=\"font-style: inherit; font-weight: inherit; background-color: #ffffff; font-family: -apple-system, BlinkMacSystemFont,;\" href=\"https:\/\/www.litoralpress.cl\/paginaconsultas\/Servicios_NClip\/Get_Imagen_Nota.aspx?LPKey=OCR5NA3Q5AIBIFXEHC5XVYRBWQUJ4DOSRW43SPEIQGROT4KFD3SAFQLA3XDDFBWXCHN4RSKEVFJS2\" target=\"_blank\" rel=\"noopener\">Provoste y Narv\u00e1ez sin tiempo, mantienen forcejeo por candidatura \u00fanica. Se refiere Mauricio Morales, director del Centro de An\u00e1lisis Pol\u00edtico (CAP) de la UTalca.<\/a><\/p><p>\u00a0<\/p><p><b>LA TERCERA<\/b><\/p><p><a style=\"font-style: inherit; font-weight: inherit; background-color: #ffffff; font-family: -apple-system, BlinkMacSystemFont,;\" href=\"https:\/\/www.litoralpress.cl\/sitio\/Prensa_PaginaCompleta.cshtml?LPKey=FTTYXEXJSPBHMESXNRQ3FDBWMRXSE5FHKU5Z2CVIOAJDPQ5J6XNQ\" target=\"_blank\" rel=\"noopener\">Historias de primarias: c\u00f3mo se crearon, cu\u00e1les fueron las m\u00e1s peleadas y qu\u00e9 rol juegan hoy. Se refiere Mauricio Morales, director del Centro de An\u00e1lisis Pol\u00edtico (CAP) de la UTalca.<\/a><\/p><p>\u00a0<\/p><p><b>LATERCERA.COM<\/b><\/p><p><a style=\"font-style: inherit; font-weight: inherit; background-color: #ffffff; font-family: -apple-system, BlinkMacSystemFont,;\" href=\"https:\/\/www.latercera.com\/la-tercera-pm\/noticia\/historias-de-primarias-como-se-crearon-cuales-fueron-las-mas-peleadas-y-que-rol-juegan-hoy\/YRZQKPKC3ZCCBB3E72HNHDM46I\/\" target=\"_blank\" rel=\"noopener\">Historias de primarias: c\u00f3mo se crearon, cu\u00e1les fueron las m\u00e1s peleadas y qu\u00e9 rol juegan hoy. Se refiere Mauricio Morales, director del Centro de An\u00e1lisis Pol\u00edtico (CAP) de la UTalca.<\/a><\/p><p>\u00a0<\/p><p><b>HOY X HOY<\/b><\/p><p><a style=\"font-style: inherit; font-weight: inherit; background-color: #ffffff; font-family: -apple-system, BlinkMacSystemFont,;\" href=\"https:\/\/www.litoralpress.cl\/paginaconsultas\/Servicios_NClip\/Get_Imagen_Nota.aspx?LPKey=FTVJTQ5KA2I32COUHEODCST5V4BGDNOJPFL4IOQB2BGV5XTZGHPRF6GF7Z273KCEMNY7IPV43TZVU\" target=\"_blank\" rel=\"noopener\">Primarias Presidenciales lograron su mayor participaci\u00f3n hist\u00f3rica. Se refiere Mauricio Morales, director del Centro de An\u00e1lisis Pol\u00edtico (CAP) de la UTalca.<\/a><\/p><p>\u00a0<\/p><p><b>HOYXHOY.CL<\/b><\/p><p><a style=\"font-style: inherit; font-weight: inherit; background-color: #ffffff; font-family: -apple-system, BlinkMacSystemFont,;\" href=\"http:\/\/www.hoyxhoy.cl\/2021\/07\/19\/full\/cuerpo-principal\/6\/\" target=\"_blank\" rel=\"noopener\">Primarias Presidenciales lograron su mayor participaci\u00f3n hist\u00f3rica. Se refiere Mauricio Morales, director del Centro de An\u00e1lisis Pol\u00edtico (CAP) de la UTalca.<\/a><\/p><p>\u00a0<\/p><p><b>SOYCHILE.CL<\/b><\/p><p><a style=\"font-style: inherit; font-weight: inherit; background-color: #ffffff; font-family: -apple-system, BlinkMacSystemFont,;\" href=\"https:\/\/www.soychile.cl\/Santiago\/Sociedad\/2021\/07\/19\/714840\/primarias-mayor-participacion-historica.aspx\" target=\"_blank\" rel=\"noopener\">Primarias Presidenciales lograron su mayor participaci\u00f3n hist\u00f3rica. Se refiere Mauricio Morales, director del Centro de An\u00e1lisis Pol\u00edtico (CAP) de la UTalca.<\/a><\/p><p>\u00a0<\/p><p><b>CANAL TVN<\/b><\/p><p><a style=\"font-style: inherit; font-weight: inherit; background-color: #ffffff; font-family: -apple-system, BlinkMacSystemFont,;\" href=\"https:\/\/www.litoralpress.cl\/sitio\/RadioTV_Detalles.cshtml?LPKey=H4K3H7KBAKFXYOLUEIOAKGCHCMLLBJ57OW3VN4SGIET2YTA2VHAA\" target=\"_blank\" rel=\"noopener\">Yasna Provoste anunciar\u00e1 este viernes su candidatura presidencial en Atacama. Se refiere Mauricio Morales, director del Centro de An\u00e1lisis Pol\u00edtico (CAP) de la UTalca.<\/a><\/p><p>\u00a0<\/p><p><b>CANAL TVN<\/b><\/p><p><a style=\"font-style: inherit; font-weight: inherit; background-color: #ffffff; font-family: -apple-system, BlinkMacSystemFont,;\" href=\"https:\/\/www.litoralpress.cl\/sitio\/RadioTV_Detalles.cshtml?LPKey=AGMLV7N56DBB7BVUABICSF6DKEAVDISPDSMOQKKJTZANASA65VDQ\" target=\"_blank\" rel=\"noopener\">Este domingo se realizar\u00e1n las elecciones Primarias Presidenciales. Se refiere Mauricio Morales, director del Centro de An\u00e1lisis Pol\u00edtico (CAP) de la UTalca.<\/a><\/p><p>\u00a0<\/p><p><b>CANAL MEGA<\/b><\/p><p><a style=\"font-style: inherit; font-weight: inherit; background-color: #ffffff; font-family: -apple-system, BlinkMacSystemFont,;\" href=\"https:\/\/www.litoralpress.cl\/sitio\/RadioTV_Detalles.cshtml?LPKey=7GJONSVE2YOJNNQ5CS3KFEXMS4UZALUBKD72KHDZXJSYVGG2HMSQ\" target=\"_blank\" rel=\"noopener\">Primarias Presidenciales: \u00bfQu\u00e9 debe saber para las elecciones? Se refiere Mauricio Morales, director del Centro de An\u00e1lisis Pol\u00edtico (CAP) de la UTalca.<\/a><\/p><p>\u00a0<\/p><p><b>CANAL 24 HORAS<\/b><\/p><p><a style=\"font-style: inherit; font-weight: inherit; background-color: #ffffff; font-family: -apple-system, BlinkMacSystemFont,;\" href=\"https:\/\/www.litoralpress.cl\/sitio\/RadioTV_Detalles.cshtml?LPKey=M3N7GCTND75GJAGSLSZYVU6RWBU3IH56L6BZWKM2GLITVFZLMV2Q\" target=\"_blank\" rel=\"noopener\">Servel aclar\u00f3 las dudas m\u00e1s recurrentes de las elecciones presidenciales primarias. Se refiere Mauricio Morales, director del Centro de An\u00e1lisis Pol\u00edtico (CAP) de la UTalca.<\/a><\/p><p>\u00a0<\/p><p><b>CANAL MEGA PLUS<\/b><\/p><p><a style=\"font-style: inherit; font-weight: inherit; background-color: #ffffff; font-family: -apple-system, BlinkMacSystemFont,;\" href=\"https:\/\/www.litoralpress.cl\/sitio\/RadioTV_Detalles.cshtml?LPKey=25RDQRXOFT34AGB2JOQZH4ME553KCLJI23V7OTZPFZXSLNEZQV2A\" target=\"_blank\" rel=\"noopener\">An\u00e1lisis de las pr\u00f3ximas Primarias Presidenciales. Se refiere Mauricio Morales, director del Centro de An\u00e1lisis Pol\u00edtico (CAP) de la UTalca.<\/a><\/p><p>\u00a0<\/p><p><b>CANAL MEGA PLUS<\/b><\/p><p><a style=\"font-style: inherit; font-weight: inherit; background-color: #ffffff; font-family: -apple-system, BlinkMacSystemFont,;\" href=\"https:\/\/www.litoralpress.cl\/sitio\/RadioTV_Detalles.cshtml?LPKey=ITL6NCMLZN7KB3MGPYQHSZPQ5WU7HLY74ACWYW3S65CQFELVUM4A\" target=\"_blank\" rel=\"noopener\">Meganoticias Alerta: An\u00e1lisis de las pr\u00f3ximas Primarias Presidenciales. Se refiere Mauricio Morales, director del Centro de An\u00e1lisis Pol\u00edtico (CAP) de la UTalca.<\/a><\/p><p>\u00a0<\/p><p><b>RADIO COOPERATIVA<\/b><\/p><p><a style=\"font-style: inherit; font-weight: inherit; background-color: #ffffff; font-family: -apple-system, BlinkMacSystemFont,;\" href=\"https:\/\/www.litoralpress.cl\/sitio\/RadioTV_Detalles.cshtml?LPKey=BJPMZOWIIOCV3CZK6QLE5X6OSJ6IVYZ6U56YZBBII25ZA4KZJ5JQ\" target=\"_blank\" rel=\"noopener\">Apruebo Dignidad espera gran participaci\u00f3n en las Primarias Presidenciales. Se refiere Mario Herrera, acad\u00e9mico del Centro de An\u00e1lisis Pol\u00edtico (CAP) de la UTalca.<\/a><\/p><p>\u00a0<\/p><p><b>RADIO COOPERATIVA<\/b><\/p><p><a style=\"font-style: inherit; font-weight: inherit; background-color: #ffffff; font-family: -apple-system, BlinkMacSystemFont,;\" href=\"https:\/\/www.litoralpress.cl\/sitio\/RadioTV_Detalles.cshtml?LPKey=UBPHXWDGKPHAENRQI6T55ACCR3276IMDL7XO24QCCOOZWVIENLOQ\" target=\"_blank\" rel=\"noopener\">Este domingo se realizan las Primarias Presidenciales. Se refiere Mario Herrera, acad\u00e9mico del Centro de An\u00e1lisis Pol\u00edtico (CAP) de la UTalca.<\/a><\/p><p>\u00a0<\/p><p><b>RADIO COOPERATIVA<\/b><\/p><p><a style=\"font-style: inherit; font-weight: inherit; background-color: #ffffff; font-family: -apple-system, BlinkMacSystemFont,;\" href=\"https:\/\/www.litoralpress.cl\/sitio\/RadioTV_Detalles.cshtml?LPKey=DJEYY3GLCW2ICDDWSYTNFNXKAZWH3ST77WIDQWSIOVUIFSCADWEQ\" target=\"_blank\" rel=\"noopener\">Chile Vamos aseguran que la unidad ser\u00e1 lo \u00fanico que le gane a la izquierda. Se refiere Mauricio Morales, director del Centro de An\u00e1lisis Pol\u00edtico (CAP) de la UTalca.<\/a><\/p><p>\u00a0<\/p><p><b>RADIO COOPERATIVA<\/b><\/p><p><a style=\"font-style: inherit; font-weight: inherit; background-color: #ffffff; font-family: -apple-system, BlinkMacSystemFont,;\" href=\"https:\/\/www.litoralpress.cl\/sitio\/RadioTV_Detalles.cshtml?LPKey=5XAWY27DF7MDBSM6LJUMENC4QLSMP7XPEVDI3RLWEVI444BUSJFA\" target=\"_blank\" rel=\"noopener\">Entrevista a Mauricio Morales, director del Centro de An\u00e1lisis Pol\u00edtico (CAP) de la UTalca.<\/a><\/p><p>\u00a0<\/p><p><b>RADIO COOPERATIVA<\/b><\/p><p><a style=\"font-style: inherit; font-weight: inherit; background-color: #ffffff; font-family: -apple-system, BlinkMacSystemFont,;\" href=\"https:\/\/www.litoralpress.cl\/sitio\/RadioTV_Detalles.cshtml?LPKey=XFWZLOPIBWFRIJBRZ7PDFTFQR2S7LBHHKOER2SI6WVHCIMDDI7OQ\" target=\"_blank\" rel=\"noopener\">Proyectan un aumento en el tr\u00e1nsito vehicular en las rutas de salida de la regi\u00f3n Metropolitana. Se menciona a Mauricio Morales, director del Centro de An\u00e1lisis Pol\u00edtico (CAP) de la UTalca.<\/a><\/p><p>\u00a0<\/p><p><b>COOPERATIVA.CL<\/b><\/p><p><a style=\"font-style: inherit; font-weight: inherit; background-color: #ffffff; font-family: -apple-system, BlinkMacSystemFont,;\" href=\"https:\/\/www.cooperativa.cl\/noticias\/pais\/region-de-tarapaca\/lugares-lejanos-y-rurales-las-22-comunas-donde-lavin-logro-imponerse-en\/2021-07-19\/162622.html\" target=\"_blank\" rel=\"noopener\">Lugares lejanos y rurales: Las 22 comunas donde Lav\u00edn logr\u00f3 imponerse en primarias. Se refiere Mauricio Morales, director del Centro de An\u00e1lisis Pol\u00edtico (CAP) de la UTalca.<\/a><\/p><p>\u00a0<\/p><p><b>COOPERATIVA.CL<\/b><\/p><p><a style=\"font-style: inherit; font-weight: inherit; background-color: #ffffff; font-family: -apple-system, BlinkMacSystemFont,;\" href=\"https:\/\/www.cooperativa.cl\/noticias\/pais\/politica\/presidenciales\/experto-y-participacion-en-primarias-hay-que-ver-cuanto-de-un-modelo-se\/2021-07-16\/144316.html\" target=\"_blank\" rel=\"noopener\">Experto y participaci\u00f3n en primarias: Hay que ver cu\u00e1nto de un modelo se est\u00e1 jugando en cada uno de los candidatos. Se refiere Mauricio Morales y Mario Herrera, director y acad\u00e9mico -respectivamente- del Centro de An\u00e1lisis Pol\u00edtico (CAP) de la UTalca.<\/a><\/p><p>\u00a0<\/p><p><b>COOPERATIVA.CL<\/b><\/p><p><a style=\"font-style: inherit; font-weight: inherit; background-color: #ffffff; font-family: -apple-system, BlinkMacSystemFont,;\" href=\"https:\/\/www.cooperativa.cl\/noticias\/pais\/politica\/presidenciales\/analista-mauricio-morales-si-lavin-y-jadue-ganan-las-primarias-se\/2021-07-15\/201025.html\" target=\"_blank\" rel=\"noopener\">Analista Mauricio Morales: Si Lav\u00edn y Jadue ganan las primarias, se abren posibilidades de Provoste.<\/a><\/p><p>\u00a0<\/p><p><b>RADIO ADN<\/b><\/p><p><a style=\"font-style: inherit; font-weight: inherit; background-color: #ffffff; font-family: -apple-system, BlinkMacSystemFont,;\" href=\"https:\/\/www.litoralpress.cl\/sitio\/RadioTV_Detalles.cshtml?LPKey=4X3IDVCM7JSIZC3PJVCS6CZLGA3FG7OFKY452VUBVQOZGHQXFRCQ\" target=\"_blank\" rel=\"noopener\">Entrevista a Mario Herrera, acad\u00e9mico del Centro de An\u00e1lisis Pol\u00edtico (CAP) de la Universidad de Talca.<\/a><\/p><p>\u00a0<\/p><p><b>RADIO AGRICULTURA<\/b><\/p><p><a style=\"font-style: inherit; font-weight: inherit; background-color: #ffffff; font-family: -apple-system, BlinkMacSystemFont,;\" href=\"https:\/\/www.litoralpress.cl\/sitio\/RadioTV_Detalles.cshtml?LPKey=BS4EL2AVSRO56KQHP4IWQRLBQYT4OAMDKVQW7P7OYVR5QFAKIZ2A\" target=\"_blank\" rel=\"noopener\">Entrevista a Mauricio Morales, director del Centro de An\u00e1lisis Pol\u00edtico (CAP) de la UTalca.<\/a><\/p><p>\u00a0<\/p><p><b>RADIO UNIVERSIDAD DE SANTIAGO<\/b><\/p><p><a style=\"font-style: inherit; font-weight: inherit; background-color: #ffffff; font-family: -apple-system, BlinkMacSystemFont,;\" href=\"https:\/\/www.litoralpress.cl\/sitio\/RadioTV_Detalles.cshtml?LPKey=7IHX3QT26WKXW3OMRL4J4A7Y73QXZQGJSPV7QY36KFB4UIL44JRQ\" target=\"_blank\" rel=\"noopener\">Entrevista a Mario Herrera, acad\u00e9mico del Centro de An\u00e1lisis Pol\u00edtico de la UTalca.<\/a><\/p><p>\u00a0<\/p><p><b>ELLIBERO.CL<\/b><\/p><p><a style=\"font-style: inherit; font-weight: inherit; background-color: #ffffff; font-family: -apple-system, BlinkMacSystemFont,;\" href=\"https:\/\/ellibero.cl\/actualidad\/expertos-electorales-recomiendan-a-la-derecha-votar-en-la-primaria-de-su-pacto-y-no-intervenir-en-la-de-apruebo-dignidad\/\" target=\"_blank\" rel=\"noopener\">Expertos electorales recomiendan a la derecha votar en la primaria de su pacto y no intervenir en la de Apruebo Dignidad. Se refiere Mauricio Morales, director del Centro de An\u00e1lisis Pol\u00edtico (CAP) de la UTalca.<\/a><\/p><p>\u00a0<\/p><p><b>CANAL TVN RED VALPARA\u00cdSO<\/b><\/p><p><a style=\"font-style: inherit; font-weight: inherit; background-color: #ffffff; font-family: -apple-system, BlinkMacSystemFont,;\" href=\"https:\/\/www.litoralpress.cl\/sitio\/RadioTV_Detalles.cshtml?LPKey=Y7RZNLW3LIARDJJSFUM6NCYYZLY55U2AG5KJBUXB4LYYYU6ZKWZA\" target=\"_blank\" rel=\"noopener\">Las funciones que debe asumir y las atribuciones que tiene el nuevo gobernador regional. Se refiere Mauricio Morales, director del Centro de An\u00e1lisis Pol\u00edtico (CAP) de la UTalca.<\/a><\/p><p>\u00a0<\/p><p><b>RADIO AMIGA<\/b><\/p><p><a style=\"font-style: inherit; font-weight: inherit; background-color: #ffffff; font-family: -apple-system, BlinkMacSystemFont,;\" href=\"https:\/\/www.litoralpress.cl\/sitio\/RadioTV_Detalles.cshtml?LPKey=XVMZ5ZEBLJMMCAMRUCDTO3L3J3SINLMU5XB7BT3WXVF6CERVDFSA\" target=\"_blank\" rel=\"noopener\">Expertos analizan las futuras Primarias Presidenciales. Ser refiere Mario Herrera, acad\u00e9mico del Centro de An\u00e1lisis Pol\u00edtico de la UTalca.<\/a><\/p><p>\u00a0<\/p><p><b>EL MERCURIO DE VALPARA\u00cdSO<\/b><\/p><p><a style=\"font-style: inherit; font-weight: inherit; background-color: #ffffff; font-family: -apple-system, BlinkMacSystemFont,;\" href=\"https:\/\/www.litoralpress.cl\/paginaconsultas\/Servicios_NClip\/Get_Imagen_Nota.aspx?LPKey=ZIGEPB6GN5SBTPBINQPCZJYUVNA5KCSS7RIXEDEH2B7R27JURXWA7Z53UGN2SGOAOJTSCMHH7LV4M\" target=\"_blank\" rel=\"noopener\">Riesgo de no pasar a segunda vuelta seguir\u00eda presente para Chile Vamos por factor Kast. Se refiere Mauricio Morales, director del Centro de An\u00e1lisis Pol\u00edtico (CAP) de la UTalca.<\/a><\/p><p>\u00a0<\/p><p><b>LA ESTRELLA DE CHILO\u00c9<\/b><\/p><p><a style=\"font-style: inherit; font-weight: inherit; background-color: #ffffff; font-family: -apple-system, BlinkMacSystemFont,;\" href=\"https:\/\/www.litoralpress.cl\/paginaconsultas\/Servicios_NClip\/Get_Imagen_Nota.aspx?LPKey=PIL3HNB33MCHDI4X2T3ASW2H3TFZLP47XPTW7KU3FZQOOXSZYENQWRTVDRFRZWAWUVWQ7FTPV62GW\" target=\"_blank\" rel=\"noopener\">Comicios de este tipo lograron su mayor participaci\u00f3n hist\u00f3rica. Se refiere Mauricio Morales, director del Centro de An\u00e1lisis Pol\u00edtico (CAP) de la UTalca.<\/a><\/p><p>\u00a0<\/p><p><b>LA ESTRELLA DE IQUIQUE<\/b><\/p><p><a style=\"font-style: inherit; font-weight: inherit; background-color: #ffffff; font-family: -apple-system, BlinkMacSystemFont,;\" href=\"https:\/\/www.litoralpress.cl\/paginaconsultas\/Servicios_NClip\/Get_Imagen_Nota.aspx?LPKey=AC2CTCR2E3HDXUOMP5JQJKMOQTWUUHSWYVOFS4QKZPM4E5RAJ22V6SFT247XHXG7G6RGUNFNVDIR4\" target=\"_blank\" rel=\"noopener\">Primarias presidenciales lograron su mayor participaci\u00f3n hist\u00f3rica. Se refiere Mauricio Morales, director del Centro de An\u00e1lisis Pol\u00edtico (CAP) de la UTalca.<\/a><\/p><p>\u00a0<\/p><p><b>ELDINAMO.CL<\/b><\/p><p><a style=\"font-style: inherit; font-weight: inherit; background-color: #ffffff; font-family: -apple-system, BlinkMacSystemFont,;\" href=\"https:\/\/www.eldinamo.cl\/politica\/2021\/07\/20\/factores-que-explican-triunfo-boric-sichel-en-primarias-y-proyecciones-noviembre\/\" target=\"_blank\" rel=\"noopener\">Los factores que explican la irrupci\u00f3n de Gabriel Boric y Sebasti\u00e1n Sichel en la presidencial de noviembre. Se refiere Mauricio Morales, director del Centro de An\u00e1lisis Pol\u00edtico (CAP) de la UTalca.<\/a><\/p><p>\u00a0<\/p><p><b>ELLIBERO.CL<\/b><\/p><p><a style=\"font-style: inherit; font-weight: inherit; background-color: #ffffff; font-family: -apple-system, BlinkMacSystemFont,;\" href=\"https:\/\/ellibero.cl\/actualidad\/la-truncada-luna-de-miel-de-apruebo-dignidad-el-pc-competiria-en-las-parlamentarias-con-lista-propia\/\" target=\"_blank\" rel=\"noopener\">La truncada luna de miel de Apruebo Dignidad: el PC competir\u00eda en las parlamentarias con lista propia. Se refiere Mauricio Morales, director del Centro de An\u00e1lisis Pol\u00edtico (CAP) de la UTalca.<\/a><\/p><p>\u00a0<\/p><p><b>ELLIBERO.CL<\/b><\/p><p><a style=\"font-style: inherit; font-weight: inherit; background-color: #ffffff; font-family: -apple-system, BlinkMacSystemFont,;\" href=\"https:\/\/ellibero.cl\/actualidad\/la-incomoda-herencia-de-jadue-en-el-triunfo-de-gabriel-boric\/\" target=\"_blank\" rel=\"noopener\">La inc\u00f3moda herencia de Jadue en el triunfo de Gabriel Boric. Se refiere Mauricio Morales, director del Centro de An\u00e1lisis Pol\u00edtico (CAP) de la UTalca.<\/a><\/p><p>\u00a0<\/p><p><b>PORTALAGROCHILE.CL<\/b><\/p><p><a style=\"font-style: inherit; font-weight: inherit; background-color: #ffffff; font-family: -apple-system, BlinkMacSystemFont,;\" href=\"https:\/\/www.portalagrochile.cl\/2021\/07\/16\/inia-impulsa-capacitaciones-de-poda-para-mitigar-enfermedad-de-sharka\/\" target=\"_blank\" rel=\"noopener\">INIA impulsa capacitaciones de poda para mitigar enfermedad de Sharka. Se menciona a la UTalca.<\/a><\/p><p>\u00a0<\/p><p><b>RADIO PAUTA<\/b><\/p><p><a style=\"font-style: inherit; font-weight: inherit; background-color: #ffffff; font-family: -apple-system, BlinkMacSystemFont,;\" href=\"https:\/\/www.litoralpress.cl\/sitio\/RadioTV_Detalles.cshtml?LPKey=DS6U5JJHHKXZVT5F4EC5DBDZRMVKPUEMGRE2S2NI7ZYSLRIHTTXQ\" target=\"_blank\" rel=\"noopener\">Obras y viola de Yolanda Schwarz. Se menciona a la UTalca.<\/a><\/p><p>\u00a0<\/p><p><b>BEETHOVENFM.CL<\/b><\/p><p><a style=\"font-style: inherit; font-weight: inherit; background-color: #ffffff; font-family: -apple-system, BlinkMacSystemFont,;\" href=\"https:\/\/www.beethovenfm.cl\/recomendado\/yvain-eltit-misiones-clave-de-la-sociedad-de-folclor-chileno\/\" target=\"_blank\" rel=\"noopener\">Yva\u00edn Eltit: las misiones clave de la Sociedad de Folclor Chileno. Se menciona a la UTalca.<\/a><\/p><p>\u00a0<\/p><p><b>DIARIO TALCA<\/b><\/p><p><a style=\"font-style: inherit; font-weight: inherit; background-color: #ffffff; font-family: -apple-system, BlinkMacSystemFont,;\" href=\"https:\/\/www.litoralpress.cl\/paginaconsultas\/Servicios_NClip\/Get_Imagen_Nota.aspx?LPKey=6CZAK4IYOGJHJ6C6ZVWTWQZNKCOQJFZF5BHA3RNSQZP3QDAAOL5U22AO6M5SFQVXBPMUN4NDXVDUK\" target=\"_blank\" rel=\"noopener\">Las cr\u00f3nicas de Benito Riquelme. Se menciona el Centro de Documentaci\u00f3n Patrimonial de la UTalca.<\/a><\/p>\t\t\t\t\t\t<\/div>\n\t\t\t\t<\/div>\n\t\t\t\t\t<\/div>\n\t\t<\/div>\n\t\t\t\t\t\t\t<\/div>\n\t\t<\/section>\n\t\t\t\t\t\t<\/div>\n\t\t\t\t\t<\/div>\n\t\t","protected":false},"excerpt":{"rendered":"<p>EL MERCURIO Positividad de los \u00faltimos tres d\u00edas alcanza el punto m\u00e1s bajo desde el inicio de la pandemia. Se refiere Erika Retamal, directora de Salud P\u00fablica de la UTalca. \u00a0 RADIO COOPERATIVA Informe COVID-19: Los casos activos se encuentran en su menor nivel. Se refiere Erika Retamal, directora de Salud P\u00fablica de la UTalca. &hellip;<\/p>\n<p class=\"read-more\"> <a class=\"\" href=\"https:\/\/www.reportedeprensa.utalca.cl\/?p=1505\"> <span class=\"screen-reader-text\">26 de julio de 2021<\/span> Read More &raquo;<\/a><\/p>\n","protected":false},"author":1,"featured_media":0,"comment_status":"closed","ping_status":"open","sticky":false,"template":"elementor_theme","format":"standard","meta":{"_monsterinsights_skip_tracking":false,"_monsterinsights_sitenote_active":false,"_monsterinsights_sitenote_note":"","_monsterinsights_sitenote_category":0},"categories":[10],"tags":[],"_links":{"self":[{"href":"https:\/\/www.reportedeprensa.utalca.cl\/index.php?rest_route=\/wp\/v2\/posts\/1505"}],"collection":[{"href":"https:\/\/www.reportedeprensa.utalca.cl\/index.php?rest_route=\/wp\/v2\/posts"}],"about":[{"href":"https:\/\/www.reportedeprensa.utalca.cl\/index.php?rest_route=\/wp\/v2\/types\/post"}],"author":[{"embeddable":true,"href":"https:\/\/www.reportedeprensa.utalca.cl\/index.php?rest_route=\/wp\/v2\/users\/1"}],"replies":[{"embeddable":true,"href":"https:\/\/www.reportedeprensa.utalca.cl\/index.php?rest_route=%2Fwp%2Fv2%2Fcomments&post=1505"}],"version-history":[{"count":4,"href":"https:\/\/www.reportedeprensa.utalca.cl\/index.php?rest_route=\/wp\/v2\/posts\/1505\/revisions"}],"predecessor-version":[{"id":1509,"href":"https:\/\/www.reportedeprensa.utalca.cl\/index.php?rest_route=\/wp\/v2\/posts\/1505\/revisions\/1509"}],"wp:attachment":[{"href":"https:\/\/www.reportedeprensa.utalca.cl\/index.php?rest_route=%2Fwp%2Fv2%2Fmedia&parent=1505"}],"wp:term":[{"taxonomy":"category","embeddable":true,"href":"https:\/\/www.reportedeprensa.utalca.cl\/index.php?rest_route=%2Fwp%2Fv2%2Fcategories&post=1505"},{"taxonomy":"post_tag","embeddable":true,"href":"https:\/\/www.reportedeprensa.utalca.cl\/index.php?rest_route=%2Fwp%2Fv2%2Ftags&post=1505"}],"curies":[{"name":"wp","href":"https:\/\/api.w.org\/{rel}","templated":true}]}}