{"id":1527,"date":"2021-07-28T09:38:37","date_gmt":"2021-07-28T12:38:37","guid":{"rendered":"https:\/\/www.reportedeprensa.utalca.cl\/?p=1527"},"modified":"2021-07-28T09:48:01","modified_gmt":"2021-07-28T12:48:01","slug":"28-de-julio-de-2021","status":"publish","type":"post","link":"https:\/\/www.reportedeprensa.utalca.cl\/?p=1527","title":{"rendered":"28 de julio de 2021"},"content":{"rendered":"\t\t<div data-elementor-type=\"wp-post\" data-elementor-id=\"1527\" class=\"elementor elementor-1527\" data-elementor-settings=\"[]\">\n\t\t\t\t\t\t\t<div class=\"elementor-section-wrap\">\n\t\t\t\t\t\t\t<section class=\"elementor-section elementor-top-section elementor-element elementor-element-a06ca45 elementor-section-boxed elementor-section-height-default elementor-section-height-default\" data-id=\"a06ca45\" data-element_type=\"section\">\n\t\t\t\t\t\t<div class=\"elementor-container elementor-column-gap-default\">\n\t\t\t\t\t<div class=\"elementor-column elementor-col-100 elementor-top-column elementor-element elementor-element-1486c35\" data-id=\"1486c35\" data-element_type=\"column\">\n\t\t\t<div class=\"elementor-widget-wrap elementor-element-populated\">\n\t\t\t\t\t\t\t\t<div class=\"elementor-element elementor-element-42b145e elementor-widget elementor-widget-text-editor\" data-id=\"42b145e\" data-element_type=\"widget\" data-widget_type=\"text-editor.default\">\n\t\t\t\t<div class=\"elementor-widget-container\">\n\t\t\t\t\t\t\t\t<p><b>LAS \u00daLTIMAS NOTICIAS<\/b><\/p><p><a style=\"font-style: inherit; font-weight: inherit; background-color: #ffffff; font-family: -apple-system, BlinkMacSystemFont,;\" href=\"https:\/\/www.litoralpress.cl\/paginaconsultas\/Servicios_NClip\/Get_Imagen_Nota.aspx?LPKey=RUX4ZTK3UCIOAPOATUXF5O3NZZQ5NGOCTX66VE5KFOE2VRPZ64XBIXM7E5MZT4OY3ZZUAJOGCDWCW\" target=\"_blank\" rel=\"noopener\">\u201cEl momento epidemiol\u00f3gico actual es muy positivo, pero muy fr\u00e1gil\u201d. Se refiere Erika Retamal, directora de Salud P\u00fablica de la UTalca.<\/a><\/p><p>\u00a0<\/p><p><b>ADPRENSA.CL<\/b><\/p><p><a style=\"font-style: inherit; font-weight: inherit; background-color: #ffffff; font-family: -apple-system, BlinkMacSystemFont,;\" href=\"https:\/\/www.adprensa.cl\/cronica\/transformacion-digital-en-utalca-avances-fortalecen-planes-educativos-gestion-y-vinculacion-con-la-comunidad\/\" target=\"_blank\" rel=\"noopener\">Transformaci\u00f3n digital en UTalca: avances fortalecen planes educativos, gesti\u00f3n y vinculaci\u00f3n con la comunidad.<\/a><\/p><p>\u00a0<\/p><p><b>UNIVERSIDADESESTATALES.CL<\/b><\/p><p><a style=\"font-style: inherit; font-weight: inherit; background-color: #ffffff; font-family: -apple-system, BlinkMacSystemFont,;\" href=\"http:\/\/www.universidadesestatales.cl\/cue\/?q=node\/9037\" target=\"_blank\" rel=\"noopener\">Transformaci\u00f3n digital en UTalca: avances fortalecen planes educativos, gesti\u00f3n y vinculaci\u00f3n con la comunidad.<\/a><\/p><p>\u00a0<\/p><p><b>AURORADELMAULE.CL<\/b><\/p><p><a style=\"font-style: inherit; font-weight: inherit; background-color: #ffffff; font-family: -apple-system, BlinkMacSystemFont,;\" href=\"https:\/\/auroradelmaule.cl\/2021\/07\/27\/transformacion-digital-en-utalca-avances-fortalecen-planes-educativos-gestion-y-vinculacion-con-la-comunidad\/\" target=\"_blank\" rel=\"noopener\">Transformaci\u00f3n digital en UTalca: avances fortalecen planes educativos, gesti\u00f3n y vinculaci\u00f3n con la comunidad.<\/a><\/p><p>\u00a0<\/p><p><b>CHILLANONLINE.CL<\/b><\/p><p><a style=\"font-style: inherit; font-weight: inherit; background-color: #ffffff; font-family: -apple-system, BlinkMacSystemFont,;\" href=\"https:\/\/www.chillanonline.cl\/V5\/transformacion-digital-en-utalca-avances-fortalecen-planes-educativos-gestion-y-vinculacion-con-la-comunidad\/\" target=\"_blank\" rel=\"noopener\">Transformaci\u00f3n digital en UTalca: avances fortalecen planes educativos, gesti\u00f3n y vinculaci\u00f3n con la comunidad.<\/a><\/p><p>\u00a0<\/p><p><b>LA PRENSA<\/b><\/p><p><a style=\"font-style: inherit; font-weight: inherit; background-color: #ffffff; font-family: -apple-system, BlinkMacSystemFont,;\" href=\"https:\/\/www.litoralpress.cl\/paginaconsultas\/Servicios_NClip\/Get_Imagen_Nota.aspx?LPKey=DTENSPFISI7BKHJWH72EBYQIKMMVSU4AJO44ZMCBZJFC7TJNWTNFTEWV43LJ5O3IVC7UVQGSTE6TE\" target=\"_blank\" rel=\"noopener\">Anuncian temperaturas de hasta 4 grados bajo cero en el Maule. Se refiere Patricio Gonz\u00e1lez, agroclimat\u00f3logo de la UTalca.<\/a><\/p><p>\u00a0<\/p><p><b>DIARIOLAPRENSA.CL<\/b><\/p><p><a style=\"font-style: inherit; font-weight: inherit; background-color: #ffffff; font-family: -apple-system, BlinkMacSystemFont,;\" href=\"https:\/\/new.diariolaprensa.cl\/index.php\/2021\/07\/27\/anuncian-temperaturas-de-hasta-4-grados-bajo-cero-en-el-maule\/\" target=\"_blank\" rel=\"noopener\">Anuncian temperaturas de hasta 4 grados bajo cero en el Maule. Se refiere Patricio Gonz\u00e1lez, agroclimat\u00f3logo de la UTalca.<\/a><\/p><p>\u00a0<\/p><p><b>DIARIOTALCA.CL<\/b><\/p><p><a style=\"font-style: inherit; font-weight: inherit; background-color: #ffffff; font-family: -apple-system, BlinkMacSystemFont,;\" href=\"https:\/\/www.diariotalca.cl\/dmc-emitio-nueva-alerta-por-heladas-de-hasta-5-grados-para-el-maule\/\" target=\"_blank\" rel=\"noopener\">DMC emiti\u00f3 nueva alerta por heladas de hasta -5 grados para el Maule. Se refiere Patricio Gonz\u00e1lez, agroclimat\u00f3logo de la UTalca.<\/a><\/p><p>\u00a0<\/p><p><b>MAULEE.CL<\/b><\/p><p><a style=\"font-style: inherit; font-weight: inherit; background-color: #ffffff; font-family: -apple-system, BlinkMacSystemFont,;\" href=\"https:\/\/www.maulee.cl\/hasta-el-viernes-se-extenderan-heladas-en-la-zona-central-de-chile\/\" target=\"_blank\" rel=\"noopener\">Hasta el viernes se extender\u00e1n heladas en la zona central de Chile. Se refiere Patricio Gonz\u00e1lez, agroclimat\u00f3logo de la UTalca.<\/a><\/p><p>\u00a0<\/p><p><b>EL LECTOR<\/b><\/p><p><a style=\"font-style: inherit; font-weight: inherit; background-color: #ffffff; font-family: -apple-system, BlinkMacSystemFont,;\" href=\"https:\/\/www.litoralpress.cl\/paginaconsultas\/Servicios_NClip\/Get_Imagen_Nota.aspx?LPKey=RN4BNOWUGYS3PZRQC5M3UVFEUPV46KSKBYSAHVL5VUOGUH7V5766GWQUMI2EGRFGE2KRIM65ZUMHA\" target=\"_blank\" rel=\"noopener\">Portada. Experto UTalca: Hasta el viernes se extender\u00e1n heladas en la zona central de Chile.<\/a><\/p><p>\u00a0<\/p><p><b>EL LECTOR<\/b><\/p><p><a style=\"font-style: inherit; font-weight: inherit; background-color: #ffffff; font-family: -apple-system, BlinkMacSystemFont,;\" href=\"https:\/\/www.litoralpress.cl\/paginaconsultas\/Servicios_NClip\/Get_Imagen_Nota.aspx?LPKey=FM3SUTKMTMFUMUWM4TFTLH2NEAB6VKUYZM3OTD7IO54ZS67XLTX3PEXLQBZAC3N2FXLWHZOKHVGAG\" target=\"_blank\" rel=\"noopener\">Experto UTalca: Hasta el viernes se extender\u00e1n heladas en la zona central de Chile.<\/a><\/p><p>\u00a0<\/p><p><b>LINARESENLINEA.CL<\/b><\/p><p><a style=\"font-style: inherit; font-weight: inherit; background-color: #ffffff; font-family: -apple-system, BlinkMacSystemFont,;\" href=\"https:\/\/www.linaresenlinea.cl\/2021\/07\/26\/experto-llama-a-agricultores-a-tomar-resguardos-por-heladas\/\" target=\"_blank\" rel=\"noopener\">Experto llama a agricultores a tomar resguardos por heladas. Se refiere Patricio Gonz\u00e1lez, agroclimat\u00f3logo de la UTalca.<\/a><\/p><p>\u00a0<\/p><p><b>SEPTIMAPAGINANOTICIAS.CL<\/b><\/p><p><a style=\"font-style: inherit; font-weight: inherit; background-color: #ffffff; font-family: -apple-system, BlinkMacSystemFont,;\" href=\"https:\/\/www.septimapaginanoticias.cl\/post\/hasta-el-viernes-se-extenderan-heladas-en-la-zona-central-de-chile\" target=\"_blank\" rel=\"noopener\">Hasta el viernes se extender\u00e1n heladas en la zona central de Chile. Se refiere Patricio Gonz\u00e1lez, agroclimat\u00f3logo de la UTalca.<\/a><\/p><p>\u00a0<\/p><p><b>AURORADELMAULE.CL<\/b><\/p><p><a style=\"font-style: inherit; font-weight: inherit; background-color: #ffffff; font-family: -apple-system, BlinkMacSystemFont,;\" href=\"https:\/\/auroradelmaule.cl\/2021\/07\/26\/experto-utalca-hasta-el-viernes-se-extenderan-heladas-en-la-zona-central-de-chile\/\" target=\"_blank\" rel=\"noopener\">Experto UTalca: Hasta el viernes se extender\u00e1n heladas en la zona central de Chile.<\/a><\/p><p>\u00a0<\/p><p><b>LADIRECTALONGAVIANA.CL<\/b><\/p><p><a style=\"font-style: inherit; font-weight: inherit; background-color: #ffffff; font-family: -apple-system, BlinkMacSystemFont,;\" href=\"https:\/\/www.ladirectalongaviana.cl\/2021\/07\/27\/experto-llama-a-agricultores-a-tomar-resguardos-por-heladas\/\" target=\"_blank\" rel=\"noopener\">Experto llama a agricultores a tomar resguardos por heladas. Se refiere Patricio Gonz\u00e1lez, agroclimat\u00f3logo de la UTalca.<\/a><\/p><p>\u00a0<\/p><p><b>PARRALACTUAL.COM<\/b><\/p><p><a style=\"font-style: inherit; font-weight: inherit; background-color: #ffffff; font-family: -apple-system, BlinkMacSystemFont,;\" href=\"https:\/\/www.parralactual.com\/hasta-el-viernes-se-extenderan-heladas-en-la-zona-central-de-chile\/\" target=\"_blank\" rel=\"noopener\">Hasta el viernes se extender\u00e1n heladas en la zona central de Chile. Se refiere Patricio Gonz\u00e1lez, agroclimat\u00f3logo de la UTalca.<\/a><\/p><p>\u00a0<\/p><p><b>CANAL TVN RED AUSTRAL<\/b><\/p><p><a style=\"font-style: inherit; font-weight: inherit; background-color: #ffffff; font-family: -apple-system, BlinkMacSystemFont,;\" href=\"https:\/\/www.litoralpress.cl\/sitio\/RadioTV_Detalles.cshtml?LPKey=IBYN4IO5X2IDUWZO45C4YPOUQGPOBEHM3C5CCUX6KOOILGXOSZWA\" target=\"_blank\" rel=\"noopener\">Cero casos positivos de COVID-19 este domingo en Magallanes. Se refiere Daniel Jim\u00e9nez, director de Salud del Estudiante de la UTalca.<\/a><\/p><p>\u00a0<\/p><p><b>ENLINEAMAULE.CL<\/b><\/p><p><a style=\"font-style: inherit; font-weight: inherit; background-color: #ffffff; font-family: -apple-system, BlinkMacSystemFont,;\" href=\"https:\/\/enlineamaule.cl\/archivo\/44415\" target=\"_blank\" rel=\"noopener\">Proyecto de ley propone reducir la jornada laboral, pero \u00bfCu\u00e1l es el impacto que tendr\u00eda en las empresas y pymes? Se refiere Bernardo Lara, acad\u00e9mico de la Facultad de Econom\u00eda y Negocios (FEN) de la UTalca.<\/a><\/p><p>\u00a0<\/p><p><b>LADIRECTALONGAVIANA.CL<\/b><\/p><p><a style=\"font-style: inherit; font-weight: inherit; background-color: #ffffff; font-family: -apple-system, BlinkMacSystemFont,;\" href=\"https:\/\/www.ladirectalongaviana.cl\/2021\/07\/26\/se-acerca-la-primavera-30-de-chilenos-sufre-algun-tipo-de-alergia\/\" target=\"_blank\" rel=\"noopener\">Se acerca la primavera: 30% de chilenos sufre alg\u00fan tipo de alergia. Se refiere Sergio Wehinger, director del Mag\u00edster en Ciencias Biom\u00e9dicas de la UTalca.<\/a><\/p><p>\u00a0<\/p><p><b>LA DISCUSI\u00d3N<\/b><\/p><p><a style=\"font-style: inherit; font-weight: inherit; background-color: #ffffff; font-family: -apple-system, BlinkMacSystemFont,;\" href=\"https:\/\/www.litoralpress.cl\/paginaconsultas\/Servicios_NClip\/Get_Imagen_Nota.aspx?LPKey=NHPJ4TTZ5FN4VVKSJJ6JQGGGJ5JAC7DBDXCQ2RQWBYWCSSIGVETE4ZQSB2VLDWIHJGACZTNTBY466\" target=\"_blank\" rel=\"noopener\">Universidades regionales se unen en publicaci\u00f3n de revista de dise\u00f1o. Se menciona a la UTalca.<\/a><\/p><p>\u00a0<\/p><p><b>CANAL 24 HORAS<\/b><\/p><p><a style=\"font-style: inherit; font-weight: inherit; background-color: #ffffff; font-family: -apple-system, BlinkMacSystemFont,;\" href=\"https:\/\/www.litoralpress.cl\/sitio\/RadioTV_Detalles.cshtml?LPKey=HW63BWMUNRJVNO4TXSJCMURJZDTXA3TNXLXHSCTALPJ3SBWSYOLQ\" target=\"_blank\" rel=\"noopener\">Posible baja participaci\u00f3n en consulta ciudadana preocupa a Unidad Constituyente. Se refiere Mauricio Morales, director del Centro de An\u00e1lisis Pol\u00edtico (CAP) de la UTalca.<\/a><\/p><p>\u00a0<\/p><p><b>CANAL 24 HORAS<\/b><\/p><p><a style=\"font-style: inherit; font-weight: inherit; background-color: #ffffff; font-family: -apple-system, BlinkMacSystemFont,;\" href=\"https:\/\/www.litoralpress.cl\/sitio\/RadioTV_Detalles.cshtml?LPKey=YUF2A26OKS2C3Y66UO23TPVQ3VZVYPRJYP3UTRC53K7F2WMLW4XA\" target=\"_blank\" rel=\"noopener\">Posible baja participaci\u00f3n en consulta ciudadana preocupa a Unidad Constituyente. Se refiere Mauricio Morales, director del Centro de An\u00e1lisis Pol\u00edtico (CAP) de la UTalca.<\/a><\/p><p>\u00a0<\/p><p><b>24HORAS.CL<\/b><\/p><p><a style=\"font-style: inherit; font-weight: inherit; background-color: #ffffff; font-family: -apple-system, BlinkMacSystemFont,;\" href=\"https:\/\/www.24horas.cl\/data\/participacion-electoral-comunas-mas-pobres-y-menos-pobres--4892082\" target=\"_blank\" rel=\"noopener\">Brecha de participaci\u00f3n: En las 20 comunas m\u00e1s pobres vot\u00f3 poco m\u00e1s de un tercio de la poblaci\u00f3n que sufrag\u00f3 en las m\u00e1s ricas. Se refiri\u00f3 Mario Herrera, acad\u00e9mica del Centro de An\u00e1lisis Pol\u00edtico (CAP) de la UTalca.<\/a><\/p><p>\u00a0<\/p><p><b>EMOL.COM<\/b><\/p><p><a style=\"font-style: inherit; font-weight: inherit; background-color: #ffffff; font-family: -apple-system, BlinkMacSystemFont,;\" href=\"https:\/\/www.emol.com\/noticias\/Nacional\/2021\/07\/27\/1027848\/consulta-ciudadana-unidad-constituyente.html\" target=\"_blank\" rel=\"noopener\">Consulta de Unidad Constituyente: A qui\u00e9n podr\u00eda favorecer m\u00e1s el sistema acordado para definir la carta de la centroizquierda. Se refiere Mauricio Morales, director del Centro de An\u00e1lisis Pol\u00edtico (CAP) de la UTalca.<\/a><\/p><p>\u00a0<\/p><p><b>ELLIBERO.CL<\/b><\/p><p><a style=\"font-style: inherit; font-weight: inherit; background-color: #ffffff; font-family: -apple-system, BlinkMacSystemFont,;\" href=\"https:\/\/ellibero.cl\/actualidad\/la-problematica-relacion-de-unidad-constituyente-con-la-eleccion-de-un-candidato-unico\/\" target=\"_blank\" rel=\"noopener\">La problem\u00e1tica relaci\u00f3n de Unidad Constituyente con la elecci\u00f3n de un candidato \u00fanico. Se refiere Mauricio Morales, director del Centro de An\u00e1lisis Pol\u00edtico (CAP) de la UTalca.<\/a><\/p><p>\u00a0<\/p><p><b>ADPRENSA.CL<\/b><\/p><p><a style=\"font-style: inherit; font-weight: inherit; background-color: #ffffff; font-family: -apple-system, BlinkMacSystemFont,;\" href=\"https:\/\/www.adprensa.cl\/cronica\/caso-cascadas-corte-suprema-confirma-monto-maximo-de-multa-aplicable-a-ejecutivo-por-operaciones-irregulares-en-el-mercado-de-valores\/\" target=\"_blank\" rel=\"noopener\">Caso Cascadas: Corte Suprema confirma monto m\u00e1ximo de multa aplicable a ejecutivo por operaciones irregulares en el mercado de valores. Se menciona revista Pol\u00edtica Criminal de la UTalca.<\/a><\/p>\t\t\t\t\t\t<\/div>\n\t\t\t\t<\/div>\n\t\t\t\t\t<\/div>\n\t\t<\/div>\n\t\t\t\t\t\t\t<\/div>\n\t\t<\/section>\n\t\t\t\t\t\t<\/div>\n\t\t\t\t\t<\/div>\n\t\t","protected":false},"excerpt":{"rendered":"<p>LAS \u00daLTIMAS NOTICIAS \u201cEl momento epidemiol\u00f3gico actual es muy positivo, pero muy fr\u00e1gil\u201d. Se refiere Erika Retamal, directora de Salud P\u00fablica de la UTalca. \u00a0 ADPRENSA.CL Transformaci\u00f3n digital en UTalca: avances fortalecen planes educativos, gesti\u00f3n y vinculaci\u00f3n con la comunidad. \u00a0 UNIVERSIDADESESTATALES.CL Transformaci\u00f3n digital en UTalca: avances fortalecen planes educativos, gesti\u00f3n y vinculaci\u00f3n con la &hellip;<\/p>\n<p class=\"read-more\"> <a class=\"\" href=\"https:\/\/www.reportedeprensa.utalca.cl\/?p=1527\"> <span class=\"screen-reader-text\">28 de julio de 2021<\/span> Read More &raquo;<\/a><\/p>\n","protected":false},"author":1,"featured_media":0,"comment_status":"closed","ping_status":"open","sticky":false,"template":"elementor_theme","format":"standard","meta":{"_monsterinsights_skip_tracking":false,"_monsterinsights_sitenote_active":false,"_monsterinsights_sitenote_note":"","_monsterinsights_sitenote_category":0},"categories":[10],"tags":[],"_links":{"self":[{"href":"https:\/\/www.reportedeprensa.utalca.cl\/index.php?rest_route=\/wp\/v2\/posts\/1527"}],"collection":[{"href":"https:\/\/www.reportedeprensa.utalca.cl\/index.php?rest_route=\/wp\/v2\/posts"}],"about":[{"href":"https:\/\/www.reportedeprensa.utalca.cl\/index.php?rest_route=\/wp\/v2\/types\/post"}],"author":[{"embeddable":true,"href":"https:\/\/www.reportedeprensa.utalca.cl\/index.php?rest_route=\/wp\/v2\/users\/1"}],"replies":[{"embeddable":true,"href":"https:\/\/www.reportedeprensa.utalca.cl\/index.php?rest_route=%2Fwp%2Fv2%2Fcomments&post=1527"}],"version-history":[{"count":4,"href":"https:\/\/www.reportedeprensa.utalca.cl\/index.php?rest_route=\/wp\/v2\/posts\/1527\/revisions"}],"predecessor-version":[{"id":1531,"href":"https:\/\/www.reportedeprensa.utalca.cl\/index.php?rest_route=\/wp\/v2\/posts\/1527\/revisions\/1531"}],"wp:attachment":[{"href":"https:\/\/www.reportedeprensa.utalca.cl\/index.php?rest_route=%2Fwp%2Fv2%2Fmedia&parent=1527"}],"wp:term":[{"taxonomy":"category","embeddable":true,"href":"https:\/\/www.reportedeprensa.utalca.cl\/index.php?rest_route=%2Fwp%2Fv2%2Fcategories&post=1527"},{"taxonomy":"post_tag","embeddable":true,"href":"https:\/\/www.reportedeprensa.utalca.cl\/index.php?rest_route=%2Fwp%2Fv2%2Ftags&post=1527"}],"curies":[{"name":"wp","href":"https:\/\/api.w.org\/{rel}","templated":true}]}}