{"id":1549,"date":"2021-07-30T09:38:52","date_gmt":"2021-07-30T12:38:52","guid":{"rendered":"https:\/\/www.reportedeprensa.utalca.cl\/?p=1549"},"modified":"2021-07-30T09:51:53","modified_gmt":"2021-07-30T12:51:53","slug":"30-de-julio-de-2021","status":"publish","type":"post","link":"https:\/\/www.reportedeprensa.utalca.cl\/?p=1549","title":{"rendered":"30 de julio de 2021"},"content":{"rendered":"\t\t<div data-elementor-type=\"wp-post\" data-elementor-id=\"1549\" class=\"elementor elementor-1549\" data-elementor-settings=\"[]\">\n\t\t\t\t\t\t\t<div class=\"elementor-section-wrap\">\n\t\t\t\t\t\t\t<section class=\"elementor-section elementor-top-section elementor-element elementor-element-a06ca45 elementor-section-boxed elementor-section-height-default elementor-section-height-default\" data-id=\"a06ca45\" data-element_type=\"section\">\n\t\t\t\t\t\t<div class=\"elementor-container elementor-column-gap-default\">\n\t\t\t\t\t<div class=\"elementor-column elementor-col-100 elementor-top-column elementor-element elementor-element-1486c35\" data-id=\"1486c35\" data-element_type=\"column\">\n\t\t\t<div class=\"elementor-widget-wrap elementor-element-populated\">\n\t\t\t\t\t\t\t\t<div class=\"elementor-element elementor-element-42b145e elementor-widget elementor-widget-text-editor\" data-id=\"42b145e\" data-element_type=\"widget\" data-widget_type=\"text-editor.default\">\n\t\t\t\t<div class=\"elementor-widget-container\">\n\t\t\t\t\t\t\t\t<p><b>RADIOADN.CL<\/b><\/p><p><a style=\"font-style: inherit; font-weight: inherit; background-color: #ffffff; font-family: -apple-system, BlinkMacSystemFont,;\" href=\"https:\/\/www.adnradio.cl\/futbol\/2021\/07\/29\/u-de-talca-y-colegio-medico-del-maule-lanzan-emotiva-campana-para-que-la-gente-se-vacune-y-vuelva-al-estadio.html\" target=\"_blank\" rel=\"noopener\">U. de Talca y Colegio M\u00e9dico del Maule lanzan emotiva campa\u00f1a para que la gente se vacune y vuelva al estadio.<\/a><\/p><p>\u00a0<\/p><p><b>ADPRENSA.CL<\/b><\/p><p><a style=\"font-style: inherit; font-weight: inherit; background-color: #ffffff; font-family: -apple-system, BlinkMacSystemFont,;\" href=\"https:\/\/www.adprensa.cl\/cronica\/estudio-determina-tasa-de-infectados-con-covid-19-en-tres-ciudades-chilenas-e-identifica-factores-y-zonas-con-mayor-riesgo-de-contagio\/\" target=\"_blank\" rel=\"noopener\">Estudio determina tasa de infectados con COVID-19 en tres ciudades chilenas e identifica factores y zonas con mayor riesgo de contagio. Se refiere Loreto N\u00fa\u00f1ez, acad\u00e9mica del Departamento de Salud P\u00fablica de la UTalca.<\/a><\/p><p>\u00a0<\/p><p><b>EL MERCURIO<\/b><\/p><p><a style=\"font-style: inherit; font-weight: inherit; background-color: #ffffff; font-family: -apple-system, BlinkMacSystemFont,;\" href=\"https:\/\/www.litoralpress.cl\/paginaconsultas\/Servicios_NClip\/Get_Imagen_Nota.aspx?LPKey=O5XESPJZIP373KO3DSHVHV73JDNOAL7JS3BRU5MCN3TGEOCDVTMDMIKQNWSGWIGKA4HVDKOR477YA\" target=\"_blank\" rel=\"noopener\">C\u00e1mara Chileno-Suiza de Comercio promueve la equidad de g\u00e9nero. Se menciona a Andrea Bentancor, acad\u00e9mica de la Facultad de Econom\u00eda y Negocios (FEN) de la UTalca.<\/a><\/p><p>\u00a0<\/p><p><b>DIARIOELHERALDO.CL<\/b><\/p><p><a style=\"font-style: inherit; font-weight: inherit; background-color: #ffffff; font-family: -apple-system, BlinkMacSystemFont,;\" href=\"http:\/\/www.diarioelheraldo.cl\/noticia\/retorno-a-la-presencialidad-psicologa-utalca-entrega-claves-para-enfrentarla\" target=\"_blank\" rel=\"noopener\">Retorno a la presencialidad: Psic\u00f3loga UTalca entrega claves para enfrentarla.<\/a><\/p><p>\u00a0<\/p><p><b>ATENTOS.CL<\/b><\/p><p><a style=\"font-style: inherit; font-weight: inherit; background-color: #ffffff; font-family: -apple-system, BlinkMacSystemFont,;\" href=\"https:\/\/www.atentos.cl\/psicologa-entrega-claves-para-enfrentar-retorno-a-la-presenciabilidad\/\" target=\"_blank\" rel=\"noopener\">Psic\u00f3loga entrega claves para enfrentar retorno a la presencialidad. Se refiere Natalia Uribe, acad\u00e9mica de la Facultad de Psicolog\u00eda de la UTalca.<\/a><\/p><p>\u00a0<\/p><p><b>ADPRENSA.CL<\/b><\/p><p><a style=\"font-style: inherit; font-weight: inherit; background-color: #ffffff; font-family: -apple-system, BlinkMacSystemFont,;\" href=\"https:\/\/www.adprensa.cl\/cronica\/expertos-en-salud-llaman-a-mantener-la-alerta-ante-pandemia-de-covid-19\/\" target=\"_blank\" rel=\"noopener\">Expertos en salud llaman a mantener la alerta ante pandemia de COVID-19. Se refiere Erika Retamal y Marcela Mar\u00edn, directora y acad\u00e9mica, respectivamente, del Departamento de Salud P\u00fablica de la UTalca.<\/a><\/p><p>\u00a0<\/p><p><b>REDMAULE.COM<\/b><\/p><p><a style=\"font-style: inherit; font-weight: inherit; background-color: #ffffff; font-family: -apple-system, BlinkMacSystemFont,;\" href=\"https:\/\/www.redmaule.com\/nacional\/directora-de-salud-publica-de-la-utalca-hace-un-llamado-a-mantener-la\" target=\"_blank\" rel=\"noopener\">Directora de Salud P\u00fablica de la UTalca hace un llamado a mantener la alerta ante el COVID-19.<\/a><\/p><p>\u00a0<\/p><p><b>ELMAULEINFORMA.CL<\/b><\/p><p><a style=\"font-style: inherit; font-weight: inherit; background-color: #ffffff; font-family: -apple-system, BlinkMacSystemFont,;\" href=\"https:\/\/elmauleinforma.cl\/expertos-en-salud-llaman-a-mantener-la-alerta-ante-pandemia-de-covid-19\/\" target=\"_blank\" rel=\"noopener\">Expertos en salud llaman a mantener la alerta ante pandemia de COVID-19. Se refiere Erika Retamal y Marcela Mar\u00edn, directora y acad\u00e9mica, respectivamente, del Departamento de Salud P\u00fablica de la UTalca.<\/a><\/p><p>\u00a0<\/p><p><b>SEPTIMAPAGINANOTICIAS.CL<\/b><\/p><p><a style=\"font-style: inherit; font-weight: inherit; background-color: #ffffff; font-family: -apple-system, BlinkMacSystemFont,;\" href=\"https:\/\/www.septimapaginanoticias.cl\/post\/expertos-en-salud-llaman-a-mantener-la-alerta-ante-pandemia-de-covid-19\" target=\"_blank\" rel=\"noopener\">Expertos en salud llaman a mantener la alerta ante pandemia de COVID-19. Se refiere Erika Retamal y Marcela Mar\u00edn, directora y acad\u00e9mica, respectivamente, del Departamento de Salud P\u00fablica de la UTalca.<\/a><\/p><p>\u00a0<\/p><p><b>DIALOGOSUR.CL<\/b><\/p><p><a style=\"font-style: inherit; font-weight: inherit; background-color: #ffffff; font-family: -apple-system, BlinkMacSystemFont,;\" href=\"https:\/\/dialogosur.cl\/expertos-en-salud-llaman-a-mantener-la-alerta-ante-pandemia-de-covid-19\/\" target=\"_blank\" rel=\"noopener\">Expertos en salud llaman a mantener la alerta ante pandemia de COVID-19. Se refiere Erika Retamal y Marcela Mar\u00edn, directora y acad\u00e9mica, respectivamente, del Departamento de Salud P\u00fablica de la UTalca.<\/a><\/p><p>\u00a0<\/p><p><b>CANAL 30<\/b><\/p><p><a style=\"font-style: inherit; font-weight: inherit; background-color: #ffffff; font-family: -apple-system, BlinkMacSystemFont,;\" href=\"https:\/\/www.litoralpress.cl\/sitio\/RadioTV_Detalles.cshtml?LPKey=C6TUWLFH7S3M2W3IIPWLLJ3LWVCMDHYORJWPASVQD6AAWVEKF2OA\" target=\"_blank\" rel=\"noopener\">Bajas temperaturas acechan al Maule. Se refiere Patricio Gonz\u00e1lez, agroclimat\u00f3logo de la UTalca.<\/a><\/p><p>\u00a0<\/p><p><b>ENLINEAMAULE.CL<\/b><\/p><p><a style=\"font-style: inherit; font-weight: inherit; background-color: #ffffff; font-family: -apple-system, BlinkMacSystemFont,;\" href=\"https:\/\/enlineamaule.cl\/archivo\/44438\" target=\"_blank\" rel=\"noopener\">Heladas con 3\u00b0 bajo cero afectar\u00e1n a la regi\u00f3n del Maule durante esta semana. Se refiere Patricio Gonz\u00e1lez, agroclimat\u00f3logo de la UTalca.<\/a><\/p><p>\u00a0<\/p><p><b>DIARIOTALCA.CL<\/b><\/p><p><a style=\"font-style: inherit; font-weight: inherit; background-color: #ffffff; font-family: -apple-system, BlinkMacSystemFont,;\" href=\"https:\/\/www.diariotalca.cl\/universidades-piden-cambios-al-reglamento-del-comite-regional-de-ciencias\/\" target=\"_blank\" rel=\"noopener\">Universidades piden cambios al reglamento del comit\u00e9 regional de ciencias. Se menciona a la UTalca.<\/a><\/p><p>\u00a0<\/p><p><b>CORMA.CL<\/b><\/p><p><a style=\"font-style: inherit; font-weight: inherit; background-color: #ffffff; font-family: -apple-system, BlinkMacSystemFont,;\" href=\"https:\/\/www.corma.cl\/virtual-testing-innovadora-simulacion-computacional-para-acelerar-construccion-con-madera-clt\/\" target=\"_blank\" rel=\"noopener\">Virtual testing: innovadora simulaci\u00f3n computacional para acelerar construcci\u00f3n con madera CLT. Se refiere Karin Saavedra, acad\u00e9mica de la Facultad de Ingenier\u00eda de la UTalca.<\/a><\/p><p>\u00a0<\/p><p><b>PORTALMEDIOS.CL<\/b><\/p><p><a style=\"font-style: inherit; font-weight: inherit; background-color: #ffffff; font-family: -apple-system, BlinkMacSystemFont,;\" href=\"https:\/\/www.portalmedios.cl\/?p=21055\" target=\"_blank\" rel=\"noopener\">Virtual testing: innovadora simulaci\u00f3n computacional para acelerar construcci\u00f3n con madera CLT. Se refiere Karin Saavedra, acad\u00e9mica de la Facultad de Ingenier\u00eda de la UTalca.<\/a><\/p><p>\u00a0<\/p><p><b>TRADE-NEWS.CL<\/b><\/p><p><a style=\"font-style: inherit; font-weight: inherit; background-color: #ffffff; font-family: -apple-system, BlinkMacSystemFont,;\" href=\"https:\/\/trade-news.cl\/2021\/07\/29\/innovadora-simulacion-computacional-aceleraria-la-construccion-con-madera-clt\/\" target=\"_blank\" rel=\"noopener\">Innovadora simulaci\u00f3n computacional acelerar\u00eda la construcci\u00f3n con madera CLT. Se refiere Karin Saavedra, acad\u00e9mica de la Facultad de Ingenier\u00eda de la UTalca.<\/a><\/p><p>\u00a0<\/p><p><b>ZONAEVOLUCIONA.COM<\/b><\/p><p><a style=\"font-style: inherit; font-weight: inherit; background-color: #ffffff; font-family: -apple-system, BlinkMacSystemFont,;\" href=\"https:\/\/zonaevoluciona.com\/virtual-testing-innovadora-simulacion-computacional-para-acelerar-construccion-con-madera-clt\/\" target=\"_blank\" rel=\"noopener\">Virtual testing: innovadora simulaci\u00f3n computacional para acelerar construcci\u00f3n con madera CLT. Se refiere Karin Saavedra, acad\u00e9mica de la Facultad de Ingenier\u00eda de la UTalca.<\/a><\/p><p>\u00a0<\/p><p><b>RADIOBOHEMIA.CL<\/b><\/p><p><a style=\"font-style: inherit; font-weight: inherit; background-color: #ffffff; font-family: -apple-system, BlinkMacSystemFont,;\" href=\"http:\/\/www.radiobohemia.cl\/?p=11949\" target=\"_blank\" rel=\"noopener\">Virtual testing: innovadora simulaci\u00f3n computacional para acelerar construcci\u00f3n con madera CLT. Se refiere Karin Saavedra, acad\u00e9mica de la Facultad de Ingenier\u00eda de la UTalca.<\/a><\/p><p>\u00a0<\/p><p><b>NORTEYENERGIA.CL<\/b><\/p><p><a style=\"font-style: inherit; font-weight: inherit; background-color: #ffffff; font-family: -apple-system, BlinkMacSystemFont,;\" href=\"https:\/\/www.norteyenergia.cl\/corfo-inaugura-centro-de-innovacion-para-la-industria-alimentaria-en-la-zona-central-del-pais\/\" target=\"_blank\" rel=\"noopener\">Corfo inaugura centro de innovaci\u00f3n para la industria alimentaria en la zona central del pa\u00eds. Se menciona a la UTalca.<\/a><\/p><p>\u00a0<\/p><p><b>NOTICIAS.UCN.CL<\/b><\/p><p><a style=\"font-style: inherit; font-weight: inherit; background-color: #ffffff; font-family: -apple-system, BlinkMacSystemFont,;\" href=\"http:\/\/www.noticias.ucn.cl\/sin-categoria\/reflexion-inclusion-y-diversidad-desafios-claves-en-la-docencia-universitaria\/\" target=\"_blank\" rel=\"noopener\">Reflexi\u00f3n, inclusi\u00f3n y diversidad: desaf\u00edos claves en la docencia universitaria. Se refiere Sebasti\u00e1n Donoso, acad\u00e9mico de la Facultad de Ciencias de la Salud de la UTalca.<\/a><\/p><p>\u00a0<\/p><p><b>RADIO DUNA<\/b><\/p><p><a style=\"font-style: inherit; font-weight: inherit; background-color: #ffffff; font-family: -apple-system, BlinkMacSystemFont,;\" href=\"https:\/\/www.litoralpress.cl\/sitio\/RadioTV_Detalles.cshtml?LPKey=J5TTPOUFD32MMBQ62EX4TSGMWRVQZ27ZRA5B4HDWWXMQ6ZKV4IEQ\" target=\"_blank\" rel=\"noopener\">Entrevista a Pilar Barba, directora del Parque Laguna Caren. Se menciona a la UTalca.<\/a><\/p><p>\u00a0<\/p><p><b>LA SEGUNDA<\/b><\/p><p><a style=\"font-style: inherit; font-weight: inherit; background-color: #ffffff; font-family: -apple-system, BlinkMacSystemFont,;\" href=\"https:\/\/www.litoralpress.cl\/paginaconsultas\/Servicios_NClip\/Get_Imagen_Nota.aspx?LPKey=3P3DFK7U3XRGT7VGVA5ZO46ZG6QCT3QGOP73ZWMIEJNHV5GL52PISMQCIRSNYKO2KILBTTMFO5MMU\" target=\"_blank\" rel=\"noopener\">Boric le responde a Jadue y llama a cuidar la alianza. Se refiere Mauricio Morales, director del Centro de An\u00e1lisis Pol\u00edtico (CAP) de la UTalca.<\/a><\/p><p>\u00a0<\/p><p><b>CANAL MEGA<\/b><\/p><p><a style=\"font-style: inherit; font-weight: inherit; background-color: #ffffff; font-family: -apple-system, BlinkMacSystemFont,;\" href=\"https:\/\/www.litoralpress.cl\/sitio\/RadioTV_Detalles.cshtml?LPKey=ZCLUYIVZOGXHWWTHX73KZK54OXM2XEGFWNREYSF7UF2SJPTYD62Q\" target=\"_blank\" rel=\"noopener\">22 postulantes necesitan m\u00e1s de 23 mil firmas para llegar a La Moneda. Se refiere Mauricio Morales, director del Centro de An\u00e1lisis Pol\u00edtico (CAP) de la UTalca.<\/a><\/p><p>\u00a0<\/p><p><b>CANAL MEGA PLUS<\/b><\/p><p><a style=\"font-style: inherit; font-weight: inherit; background-color: #ffffff; font-family: -apple-system, BlinkMacSystemFont,;\" href=\"https:\/\/www.litoralpress.cl\/sitio\/RadioTV_Detalles.cshtml?LPKey=L2KD6WQ2J54FO7CA6NUFVEB537IF4J656WKY5TPDNBI5XYUGVPUA\" target=\"_blank\" rel=\"noopener\">22 postulantes necesitan m\u00e1s de 23 mil firmas para llegar a La Moneda. Se refiere Mauricio Morales, director del Centro de An\u00e1lisis Pol\u00edtico (CAP) de la UTalca.<\/a><\/p><p>\u00a0<\/p><p><b>LAS \u00daLTIMAS NOTICIAS<\/b><\/p><p><a style=\"font-style: inherit; font-weight: inherit; background-color: #ffffff; font-family: -apple-system, BlinkMacSystemFont,;\" href=\"https:\/\/www.litoralpress.cl\/paginaconsultas\/Servicios_NClip\/Get_Imagen_Nota.aspx?LPKey=SBSTK3ALZIBJIBHAS3JSAQPYVDIJ5IG5G3Y5HT667GG22AJ6LDS56IKKZNQNLOEI3RWSZI2E3NUPQ\" target=\"_blank\" rel=\"noopener\">La t\u00eda Pikachu se pase\u00f3 con disfraz en la Convenci\u00f3n Constitucional. Se refiere Mauricio Morales, director del Centro de An\u00e1lisis Pol\u00edtico (CAP) de la UTalca.<\/a><\/p><p>\u00a0<\/p><p><b>UNIVERSIDADESESTATALES.CL<\/b><\/p><p><a style=\"font-style: inherit; font-weight: inherit; background-color: #ffffff; font-family: -apple-system, BlinkMacSystemFont,;\" href=\"http:\/\/www.universidadesestatales.cl\/cue\/?q=node\/9049\" target=\"_blank\" rel=\"noopener\">Extensi\u00f3n UTalca celebra el D\u00eda de la Regi\u00f3n del Maule.<\/a><\/p><p>\u00a0<\/p><p><b>DIARIOLAPRENSA.CL<\/b><\/p><p><a style=\"font-style: inherit; font-weight: inherit; background-color: #ffffff; font-family: -apple-system, BlinkMacSystemFont,;\" href=\"https:\/\/new.diariolaprensa.cl\/index.php\/2021\/07\/29\/extension-utalca-celebra-hoy-el-dia-de-la-region-del-maule\/\" target=\"_blank\" rel=\"noopener\">Extensi\u00f3n UTalca celebra hoy el D\u00eda de la Regi\u00f3n del Maule.<\/a><\/p><p>\u00a0<\/p><p><b>CANAL TVN RED MAULE<\/b><\/p><p><a style=\"font-style: inherit; font-weight: inherit; background-color: #ffffff; font-family: -apple-system, BlinkMacSystemFont,;\" href=\"https:\/\/www.litoralpress.cl\/sitio\/RadioTV_Detalles.cshtml?LPKey=KMDXUWL2N24PTLAJRB7QBTWPUGCIFW2QSZCQZYARHWH6YWD5Y4IA\" target=\"_blank\" rel=\"noopener\">&#8220;Viaje al Origen del Presente&#8221; se llama el video infantil que se estrenar\u00e1 ma\u00f1ana en el canal de YouTube Extensi\u00f3n UTalca.<\/a><\/p><p>\u00a0<\/p><p><b>CANAL TVN RED MAULE<\/b><\/p><p><a style=\"font-style: inherit; font-weight: inherit; background-color: #ffffff; font-family: -apple-system, BlinkMacSystemFont,;\" href=\"https:\/\/www.litoralpress.cl\/sitio\/RadioTV_Detalles.cshtml?LPKey=LCYQ3QOOONR4XGH5J5WJMZNBQJ7GM4WMWG343GTEZSJMV5EZHK3Q\" target=\"_blank\" rel=\"noopener\">Este mediod\u00eda se inaugur\u00f3 la Exposici\u00f3n virtual de Tatiana \u00c1lamos. Se menciona a la UTalca.<\/a><\/p><p>\u00a0<\/p><p><b>LINARESENLINEA.CL<\/b><\/p><p><a style=\"font-style: inherit; font-weight: inherit; background-color: #ffffff; font-family: -apple-system, BlinkMacSystemFont,;\" href=\"https:\/\/www.linaresenlinea.cl\/2021\/07\/29\/coro-de-la-utalca-comenzara-su-temporada-de-conciertos-2021\/\" target=\"_blank\" rel=\"noopener\">Coro de la UTalca comenzar\u00e1 su temporada de conciertos 2021.<\/a><\/p>\t\t\t\t\t\t<\/div>\n\t\t\t\t<\/div>\n\t\t\t\t\t<\/div>\n\t\t<\/div>\n\t\t\t\t\t\t\t<\/div>\n\t\t<\/section>\n\t\t\t\t\t\t<\/div>\n\t\t\t\t\t<\/div>\n\t\t","protected":false},"excerpt":{"rendered":"<p>RADIOADN.CL U. de Talca y Colegio M\u00e9dico del Maule lanzan emotiva campa\u00f1a para que la gente se vacune y vuelva al estadio. \u00a0 ADPRENSA.CL Estudio determina tasa de infectados con COVID-19 en tres ciudades chilenas e identifica factores y zonas con mayor riesgo de contagio. Se refiere Loreto N\u00fa\u00f1ez, acad\u00e9mica del Departamento de Salud P\u00fablica &hellip;<\/p>\n<p class=\"read-more\"> <a class=\"\" href=\"https:\/\/www.reportedeprensa.utalca.cl\/?p=1549\"> <span class=\"screen-reader-text\">30 de julio de 2021<\/span> Read More &raquo;<\/a><\/p>\n","protected":false},"author":1,"featured_media":0,"comment_status":"closed","ping_status":"open","sticky":false,"template":"elementor_theme","format":"standard","meta":{"_monsterinsights_skip_tracking":false,"_monsterinsights_sitenote_active":false,"_monsterinsights_sitenote_note":"","_monsterinsights_sitenote_category":0},"categories":[10],"tags":[],"_links":{"self":[{"href":"https:\/\/www.reportedeprensa.utalca.cl\/index.php?rest_route=\/wp\/v2\/posts\/1549"}],"collection":[{"href":"https:\/\/www.reportedeprensa.utalca.cl\/index.php?rest_route=\/wp\/v2\/posts"}],"about":[{"href":"https:\/\/www.reportedeprensa.utalca.cl\/index.php?rest_route=\/wp\/v2\/types\/post"}],"author":[{"embeddable":true,"href":"https:\/\/www.reportedeprensa.utalca.cl\/index.php?rest_route=\/wp\/v2\/users\/1"}],"replies":[{"embeddable":true,"href":"https:\/\/www.reportedeprensa.utalca.cl\/index.php?rest_route=%2Fwp%2Fv2%2Fcomments&post=1549"}],"version-history":[{"count":4,"href":"https:\/\/www.reportedeprensa.utalca.cl\/index.php?rest_route=\/wp\/v2\/posts\/1549\/revisions"}],"predecessor-version":[{"id":1553,"href":"https:\/\/www.reportedeprensa.utalca.cl\/index.php?rest_route=\/wp\/v2\/posts\/1549\/revisions\/1553"}],"wp:attachment":[{"href":"https:\/\/www.reportedeprensa.utalca.cl\/index.php?rest_route=%2Fwp%2Fv2%2Fmedia&parent=1549"}],"wp:term":[{"taxonomy":"category","embeddable":true,"href":"https:\/\/www.reportedeprensa.utalca.cl\/index.php?rest_route=%2Fwp%2Fv2%2Fcategories&post=1549"},{"taxonomy":"post_tag","embeddable":true,"href":"https:\/\/www.reportedeprensa.utalca.cl\/index.php?rest_route=%2Fwp%2Fv2%2Ftags&post=1549"}],"curies":[{"name":"wp","href":"https:\/\/api.w.org\/{rel}","templated":true}]}}