{"id":166,"date":"2021-03-15T17:50:28","date_gmt":"2021-03-15T20:50:28","guid":{"rendered":"https:\/\/www.reportedeprensa.utalca.cl\/?p=166"},"modified":"2021-03-24T10:09:16","modified_gmt":"2021-03-24T13:09:16","slug":"18-de-marzo-de-2021","status":"publish","type":"post","link":"https:\/\/www.reportedeprensa.utalca.cl\/?p=166","title":{"rendered":"24 de marzo de 2021"},"content":{"rendered":"\t\t<div data-elementor-type=\"wp-post\" data-elementor-id=\"166\" class=\"elementor elementor-166\" data-elementor-settings=\"[]\">\n\t\t\t\t\t\t\t<div class=\"elementor-section-wrap\">\n\t\t\t\t\t\t\t<section class=\"elementor-section elementor-top-section elementor-element elementor-element-a71f37d elementor-section-boxed elementor-section-height-default elementor-section-height-default\" data-id=\"a71f37d\" data-element_type=\"section\">\n\t\t\t\t\t\t<div class=\"elementor-container elementor-column-gap-default\">\n\t\t\t\t\t<div class=\"elementor-column elementor-col-100 elementor-top-column elementor-element elementor-element-b451835\" data-id=\"b451835\" data-element_type=\"column\">\n\t\t\t<div class=\"elementor-widget-wrap elementor-element-populated\">\n\t\t\t\t\t\t\t\t<div class=\"elementor-element elementor-element-7039c4c elementor-widget elementor-widget-text-editor\" data-id=\"7039c4c\" data-element_type=\"widget\" data-widget_type=\"text-editor.default\">\n\t\t\t\t<div class=\"elementor-widget-container\">\n\t\t\t\t\t\t\t\t<p><strong>EL MERCURIO<\/strong><\/p><p><a href=\"https:\/\/www.litoralpress.cl\/paginaconsultas\/Servicios_NClip\/Get_Imagen_Nota.aspx?LPKey=1.K51rl.Xz41ep.X.Ar.Vhke.D.Bisjqa7.Dfkl.B.K.Xl.I.Bx.Po.Uosbjo45.K\/.Tvm.%C3%9C.R.E1h3hf5.H.W\" target=\"_blank\" rel=\"noopener\">Salud calcula que necesitar\u00e1 4 mil camas UCI &#8211; al 6 de abril, a cuatro d\u00edas de las elecciones. Se refiere Sandra Alvear, directora del Mag\u00edster en Gesti\u00f3n del Sistema de Salud de la UTalca.<\/a><\/p>\t\t\t\t\t\t<\/div>\n\t\t\t\t<\/div>\n\t\t\t\t\t<\/div>\n\t\t<\/div>\n\t\t\t\t\t\t\t<\/div>\n\t\t<\/section>\n\t\t\t\t<section class=\"elementor-section elementor-top-section elementor-element elementor-element-38c8e10 elementor-section-boxed elementor-section-height-default elementor-section-height-default\" data-id=\"38c8e10\" data-element_type=\"section\">\n\t\t\t\t\t\t<div class=\"elementor-container elementor-column-gap-default\">\n\t\t\t\t\t<div class=\"elementor-column elementor-col-100 elementor-top-column elementor-element elementor-element-2773a85\" data-id=\"2773a85\" data-element_type=\"column\">\n\t\t\t<div class=\"elementor-widget-wrap elementor-element-populated\">\n\t\t\t\t\t\t\t\t<div class=\"elementor-element elementor-element-92da091 elementor-widget elementor-widget-text-editor\" data-id=\"92da091\" data-element_type=\"widget\" data-widget_type=\"text-editor.default\">\n\t\t\t\t<div class=\"elementor-widget-container\">\n\t\t\t\t\t\t\t\t<p><strong>RADIO BIOB\u00cdO<\/strong><br \/><a href=\"https:\/\/www.litoralpress.cl\/Archivos\/d.Ws.S1.Q.Qan1wisg8o8jii8.A.%c3%96.%c3%96.mp3\" target=\"_blank\" rel=\"noopener\">Pandemia en Chile: 4.948 contagios nuevos y 25 fallecidos en las \u00faltimas 24 horas. Se menciona opini\u00f3n de Sandra Alvear, directora del Mag\u00edster en Gesti\u00f3n del Sistema de Salud de la UTalca.Curic\u00f3 inaugur\u00f3 espacio deportivo para la pr\u00e1ctica del tiro con arco. Iniciativa nace del proyecto de t\u00edtulo del estudiante de Arquitectura de la UTalca, Antonio Chaparro.<\/a><\/p>\t\t\t\t\t\t<\/div>\n\t\t\t\t<\/div>\n\t\t\t\t\t<\/div>\n\t\t<\/div>\n\t\t\t\t\t\t\t<\/div>\n\t\t<\/section>\n\t\t\t\t<section class=\"elementor-section elementor-top-section elementor-element elementor-element-925c016 elementor-section-boxed elementor-section-height-default elementor-section-height-default\" data-id=\"925c016\" data-element_type=\"section\">\n\t\t\t\t\t\t<div class=\"elementor-container elementor-column-gap-default\">\n\t\t\t\t\t<div class=\"elementor-column elementor-col-100 elementor-top-column elementor-element elementor-element-1a9379d\" data-id=\"1a9379d\" data-element_type=\"column\">\n\t\t\t<div class=\"elementor-widget-wrap elementor-element-populated\">\n\t\t\t\t\t\t\t\t<div class=\"elementor-element elementor-element-1ec0612 elementor-widget elementor-widget-text-editor\" data-id=\"1ec0612\" data-element_type=\"widget\" data-widget_type=\"text-editor.default\">\n\t\t\t\t<div class=\"elementor-widget-container\">\n\t\t\t\t\t\t\t\t<p><strong>CANAL MEGA PLUS<\/strong><br \/><a href=\"https:\/\/www.litoralpress.cl\/Archivos\/h.L.Y17p.Pg.A5ddt-.Q.Au1.A0.Ng.%c3%96.%c3%96.mp4\" target=\"_blank\" rel=\"noopener\">Entrevista a Erika Retamal, directora de Salud P\u00fablica de la Universidad de Talca.<\/a><\/p>\t\t\t\t\t\t<\/div>\n\t\t\t\t<\/div>\n\t\t\t\t\t<\/div>\n\t\t<\/div>\n\t\t\t\t\t\t\t<\/div>\n\t\t<\/section>\n\t\t\t\t<section class=\"elementor-section elementor-top-section elementor-element elementor-element-070c324 elementor-section-boxed elementor-section-height-default elementor-section-height-default\" data-id=\"070c324\" data-element_type=\"section\">\n\t\t\t\t\t\t<div class=\"elementor-container elementor-column-gap-default\">\n\t\t\t\t\t<div class=\"elementor-column elementor-col-100 elementor-top-column elementor-element elementor-element-c325171\" data-id=\"c325171\" data-element_type=\"column\">\n\t\t\t<div class=\"elementor-widget-wrap elementor-element-populated\">\n\t\t\t\t\t\t\t\t<div class=\"elementor-element elementor-element-4765d70 elementor-widget elementor-widget-text-editor\" data-id=\"4765d70\" data-element_type=\"widget\" data-widget_type=\"text-editor.default\">\n\t\t\t\t<div class=\"elementor-widget-container\">\n\t\t\t\t\t\t\t\t<p><strong>ADPRENSA.CL<\/strong><br \/><a href=\"https:\/\/www.adprensa.cl\/cronica\/salubrista-advirtio-que-hay-evidencia-de-que-el-transporte-publico-si-es-una-importante-fuente-de-contagio-de-covid-19\/\" target=\"_blank\" rel=\"noopener\">Salubrista advirti\u00f3 que hay evidencia de que el transporte p\u00fablico \u201cs\u00ed es una importante fuente de contagio de COVID-19\u201d. Se refiere Erika Retamal, directora del Departamento de Salud P\u00fablica y Daniel Jim\u00e9nez, director de Salud del Estudiante de la UTalca.<\/a><\/p>\t\t\t\t\t\t<\/div>\n\t\t\t\t<\/div>\n\t\t\t\t\t<\/div>\n\t\t<\/div>\n\t\t\t\t\t\t\t<\/div>\n\t\t<\/section>\n\t\t\t\t<section class=\"elementor-section elementor-top-section elementor-element elementor-element-3a2a79a elementor-section-boxed elementor-section-height-default elementor-section-height-default\" data-id=\"3a2a79a\" data-element_type=\"section\">\n\t\t\t\t\t\t<div class=\"elementor-container elementor-column-gap-default\">\n\t\t\t\t\t<div class=\"elementor-column elementor-col-100 elementor-top-column elementor-element elementor-element-1a7671b\" data-id=\"1a7671b\" data-element_type=\"column\">\n\t\t\t<div class=\"elementor-widget-wrap elementor-element-populated\">\n\t\t\t\t\t\t\t\t<div class=\"elementor-element elementor-element-6e3e4e9 elementor-widget elementor-widget-text-editor\" data-id=\"6e3e4e9\" data-element_type=\"widget\" data-widget_type=\"text-editor.default\">\n\t\t\t\t<div class=\"elementor-widget-container\">\n\t\t\t\t\t\t\t\t<p><strong>DIALOGOSUR.CL<\/strong><br \/><a href=\"https:\/\/dialogosur.cl\/salubrista-advirtio-que-hay-evidencia-de-que-el-transporte-publico-si-es-una-importante-fuente-de-contagio-de-covid-19\/\" target=\"_blank\" rel=\"noopener\">Salubrista advirti\u00f3 que hay evidencia de que el transporte p\u00fablico \u201cs\u00ed es una importante fuente de contagio de COVID-19\u201d. Se refiere Erika Retamal, directora del Departamento de Salud P\u00fablica y Daniel Jim\u00e9nez, director de Salud del Estudiante de la UTalca.<\/a><\/p>\t\t\t\t\t\t<\/div>\n\t\t\t\t<\/div>\n\t\t\t\t\t<\/div>\n\t\t<\/div>\n\t\t\t\t\t\t\t<\/div>\n\t\t<\/section>\n\t\t\t\t<section class=\"elementor-section elementor-top-section elementor-element elementor-element-8714b79 elementor-section-boxed elementor-section-height-default elementor-section-height-default\" data-id=\"8714b79\" data-element_type=\"section\">\n\t\t\t\t\t\t<div class=\"elementor-container elementor-column-gap-default\">\n\t\t\t\t\t<div class=\"elementor-column elementor-col-100 elementor-top-column elementor-element elementor-element-1ecc913\" data-id=\"1ecc913\" data-element_type=\"column\">\n\t\t\t<div class=\"elementor-widget-wrap elementor-element-populated\">\n\t\t\t\t\t\t\t\t<div class=\"elementor-element elementor-element-122eb31 elementor-widget elementor-widget-text-editor\" data-id=\"122eb31\" data-element_type=\"widget\" data-widget_type=\"text-editor.default\">\n\t\t\t\t<div class=\"elementor-widget-container\">\n\t\t\t\t\t\t\t\t<p><strong>RADIOMAGALLANES.CL<\/strong><br \/><a href=\"https:\/\/www.radiomagallanes.cl\/noticia.php?id_not=95274\" target=\"_blank\" rel=\"noopener\">Salubrista advirti\u00f3 que hay evidencia de que el transporte p\u00fablico \u201cs\u00ed es una importante fuente de contagio de COVID-19\u201d. Se refiere Erika Retamal, directora del Departamento de Salud P\u00fablica y Daniel Jim\u00e9nez, director de Salud del Estudiante de la UTalca.<\/a><\/p>\t\t\t\t\t\t<\/div>\n\t\t\t\t<\/div>\n\t\t\t\t\t<\/div>\n\t\t<\/div>\n\t\t\t\t\t\t\t<\/div>\n\t\t<\/section>\n\t\t\t\t<section class=\"elementor-section elementor-top-section elementor-element elementor-element-ce61cc9 elementor-section-boxed elementor-section-height-default elementor-section-height-default\" data-id=\"ce61cc9\" data-element_type=\"section\">\n\t\t\t\t\t\t<div class=\"elementor-container elementor-column-gap-default\">\n\t\t\t\t\t<div class=\"elementor-column elementor-col-100 elementor-top-column elementor-element elementor-element-b615e24\" data-id=\"b615e24\" data-element_type=\"column\">\n\t\t\t<div class=\"elementor-widget-wrap elementor-element-populated\">\n\t\t\t\t\t\t\t\t<div class=\"elementor-element elementor-element-4fba6c6 elementor-widget elementor-widget-text-editor\" data-id=\"4fba6c6\" data-element_type=\"widget\" data-widget_type=\"text-editor.default\">\n\t\t\t\t<div class=\"elementor-widget-container\">\n\t\t\t\t\t\t\t\t<p><strong>MAULEE.CL<\/strong><br \/><a href=\"https:\/\/www.maulee.cl\/utalca-participa-de-catedra-unesco-sobre-rol-de-las-universidades-publicas\/\" target=\"_blank\" rel=\"noopener\">UTalca participa de catedra Unesco sobre rol de las universidades p\u00fablicas.<\/a><\/p>\t\t\t\t\t\t<\/div>\n\t\t\t\t<\/div>\n\t\t\t\t\t<\/div>\n\t\t<\/div>\n\t\t\t\t\t\t\t<\/div>\n\t\t<\/section>\n\t\t\t\t<section class=\"elementor-section elementor-top-section elementor-element elementor-element-bd8d921 elementor-section-boxed elementor-section-height-default elementor-section-height-default\" data-id=\"bd8d921\" data-element_type=\"section\">\n\t\t\t\t\t\t<div class=\"elementor-container elementor-column-gap-default\">\n\t\t\t\t\t<div class=\"elementor-column elementor-col-100 elementor-top-column elementor-element elementor-element-d4c5950\" data-id=\"d4c5950\" data-element_type=\"column\">\n\t\t\t<div class=\"elementor-widget-wrap elementor-element-populated\">\n\t\t\t\t\t\t\t\t<div class=\"elementor-element elementor-element-5b41fc6 elementor-widget elementor-widget-text-editor\" data-id=\"5b41fc6\" data-element_type=\"widget\" data-widget_type=\"text-editor.default\">\n\t\t\t\t<div class=\"elementor-widget-container\">\n\t\t\t\t\t\t\t\t<p><strong>SEXTANOTICIAS.CL<\/strong><br \/><a href=\"https:\/\/www.sextanoticias.cl\/utalca-participa-de-catedra-unesco-sobre-rol-de-las-universidades-publicas\/\" target=\"_blank\" rel=\"noopener\">UTalca participa de catedra Unesco sobre rol de las universidades p\u00fablicas.<\/a><\/p>\t\t\t\t\t\t<\/div>\n\t\t\t\t<\/div>\n\t\t\t\t\t<\/div>\n\t\t<\/div>\n\t\t\t\t\t\t\t<\/div>\n\t\t<\/section>\n\t\t\t\t<section class=\"elementor-section elementor-top-section elementor-element elementor-element-e9df221 elementor-section-boxed elementor-section-height-default elementor-section-height-default\" data-id=\"e9df221\" data-element_type=\"section\">\n\t\t\t\t\t\t<div class=\"elementor-container elementor-column-gap-default\">\n\t\t\t\t\t<div class=\"elementor-column elementor-col-100 elementor-top-column elementor-element elementor-element-e834894\" data-id=\"e834894\" data-element_type=\"column\">\n\t\t\t<div class=\"elementor-widget-wrap elementor-element-populated\">\n\t\t\t\t\t\t\t\t<div class=\"elementor-element elementor-element-5bbcb8b elementor-widget elementor-widget-text-editor\" data-id=\"5bbcb8b\" data-element_type=\"widget\" data-widget_type=\"text-editor.default\">\n\t\t\t\t<div class=\"elementor-widget-container\">\n\t\t\t\t\t\t\t\t<p><strong>ADPRENSA.CL<\/strong><br \/><a href=\"https:\/\/www.adprensa.cl\/cronica\/a-un-ano-de-la-ley-de-teletrabajo-laboralista-afirma-que-debe-ser-mejorada\/\" target=\"_blank\" rel=\"noopener\">Aun a\u00f1o de la Ley de Teletrabajo: Laboralista afirma que debe ser mejorada. Se refiere Rodrigo Palomo, decano de la Facultad de Ciencias Jur\u00eddicas y Sociales de la UTalca. <\/a><\/p>\t\t\t\t\t\t<\/div>\n\t\t\t\t<\/div>\n\t\t\t\t\t<\/div>\n\t\t<\/div>\n\t\t\t\t\t\t\t<\/div>\n\t\t<\/section>\n\t\t\t\t<section class=\"elementor-section elementor-top-section elementor-element elementor-element-ae3a4b0 elementor-section-boxed elementor-section-height-default elementor-section-height-default\" data-id=\"ae3a4b0\" data-element_type=\"section\">\n\t\t\t\t\t\t<div class=\"elementor-container elementor-column-gap-default\">\n\t\t\t\t\t<div class=\"elementor-column elementor-col-100 elementor-top-column elementor-element elementor-element-c5dd667\" data-id=\"c5dd667\" data-element_type=\"column\">\n\t\t\t<div class=\"elementor-widget-wrap elementor-element-populated\">\n\t\t\t\t\t\t\t\t<div class=\"elementor-element elementor-element-47b9b85 elementor-widget elementor-widget-text-editor\" data-id=\"47b9b85\" data-element_type=\"widget\" data-widget_type=\"text-editor.default\">\n\t\t\t\t<div class=\"elementor-widget-container\">\n\t\t\t\t\t\t\t\t<p><b>ELDINAMO.CL<\/b><br \/><a href=\"https:\/\/www.eldinamo.cl\/pais\/2021\/03\/23\/experto-laboralista-pide-una-serie-de-mejoras-a-ley-de-teletrabajo\/\" target=\"_blank\" rel=\"noopener\">Cumple un a\u00f1o: experto laboralista pide una serie de mejoras a Ley de Teletrabajo. Se refiere Rodrigo Palomo, decano de la Facultad de Ciencias Jur\u00eddicas y Sociales de la UTalca.\u00a0<\/a><\/p>\t\t\t\t\t\t<\/div>\n\t\t\t\t<\/div>\n\t\t\t\t\t<\/div>\n\t\t<\/div>\n\t\t\t\t\t\t\t<\/div>\n\t\t<\/section>\n\t\t\t\t<section class=\"elementor-section elementor-top-section elementor-element elementor-element-2a8ce37 elementor-section-boxed elementor-section-height-default elementor-section-height-default\" data-id=\"2a8ce37\" data-element_type=\"section\">\n\t\t\t\t\t\t<div class=\"elementor-container elementor-column-gap-default\">\n\t\t\t\t\t<div class=\"elementor-column elementor-col-100 elementor-top-column elementor-element elementor-element-c06e162\" data-id=\"c06e162\" data-element_type=\"column\">\n\t\t\t<div class=\"elementor-widget-wrap elementor-element-populated\">\n\t\t\t\t\t\t\t\t<div class=\"elementor-element elementor-element-7eb22f2 elementor-widget elementor-widget-text-editor\" data-id=\"7eb22f2\" data-element_type=\"widget\" data-widget_type=\"text-editor.default\">\n\t\t\t\t<div class=\"elementor-widget-container\">\n\t\t\t\t\t\t\t\t<p><b>EL HERALDO<\/b><br \/><a href=\"https:\/\/www.litoralpress.cl\/paginaconsultas\/Servicios_NClip\/Get_Imagen_Pagina.aspx?LPKey=\/w2.W9.Q3.H.Afc\/uz.Oz.U.Q7.N6.Dw.Vw.X0.M.Vv2lj.Qx.W.Npa.X.G.E.I.%C3%96\" target=\"_blank\" rel=\"noopener\">Aun a\u00f1o de la Ley de Teletrabajo: Laboralista afirma que debe ser mejorada. Se refiere Rodrigo Palomo, decano de la Facultad de Ciencias Jur\u00eddicas y Sociales de la UTalca.\u00a0<\/a><\/p>\t\t\t\t\t\t<\/div>\n\t\t\t\t<\/div>\n\t\t\t\t\t<\/div>\n\t\t<\/div>\n\t\t\t\t\t\t\t<\/div>\n\t\t<\/section>\n\t\t\t\t<section class=\"elementor-section elementor-top-section elementor-element elementor-element-b4402a6 elementor-section-boxed elementor-section-height-default elementor-section-height-default\" data-id=\"b4402a6\" data-element_type=\"section\">\n\t\t\t\t\t\t<div class=\"elementor-container elementor-column-gap-default\">\n\t\t\t\t\t<div class=\"elementor-column elementor-col-100 elementor-top-column elementor-element elementor-element-b805e1a\" data-id=\"b805e1a\" data-element_type=\"column\">\n\t\t\t<div class=\"elementor-widget-wrap elementor-element-populated\">\n\t\t\t\t\t\t\t\t<div class=\"elementor-element elementor-element-68315ec elementor-widget elementor-widget-text-editor\" data-id=\"68315ec\" data-element_type=\"widget\" data-widget_type=\"text-editor.default\">\n\t\t\t\t<div class=\"elementor-widget-container\">\n\t\t\t\t\t\t\t\t<p><b>REDMAULE.COM<\/b><br \/><a href=\"https:\/\/www.redmaule.com\/nacional\/a-un-ano-de-la-ley-de-teletrabajo-laboralista-afirma-que-debe-ser-mejorada\" target=\"_blank\" rel=\"noopener\">Aun a\u00f1o de la Ley de Teletrabajo: Laboralista afirma que debe ser mejorada. Se refiere Rodrigo Palomo, decano de la Facultad de Ciencias Jur\u00eddicas y Sociales de la UTalca.\u00a0<\/a><\/p>\t\t\t\t\t\t<\/div>\n\t\t\t\t<\/div>\n\t\t\t\t\t<\/div>\n\t\t<\/div>\n\t\t\t\t\t\t\t<\/div>\n\t\t<\/section>\n\t\t\t\t<section class=\"elementor-section elementor-top-section elementor-element elementor-element-0066ad9 elementor-section-boxed elementor-section-height-default elementor-section-height-default\" data-id=\"0066ad9\" data-element_type=\"section\">\n\t\t\t\t\t\t<div class=\"elementor-container elementor-column-gap-default\">\n\t\t\t\t\t<div class=\"elementor-column elementor-col-100 elementor-top-column elementor-element elementor-element-96876f7\" data-id=\"96876f7\" data-element_type=\"column\">\n\t\t\t<div class=\"elementor-widget-wrap elementor-element-populated\">\n\t\t\t\t\t\t\t\t<div class=\"elementor-element elementor-element-5fe58b9 elementor-widget elementor-widget-text-editor\" data-id=\"5fe58b9\" data-element_type=\"widget\" data-widget_type=\"text-editor.default\">\n\t\t\t\t<div class=\"elementor-widget-container\">\n\t\t\t\t\t\t\t\t<p><b>MAULEE.CL<\/b><br \/><a href=\"https:\/\/www.maulee.cl\/a-un-ano-de-la-ley-de-teletrabajo-laboralista-afirma-que-debe-ser-mejorada\/\" target=\"_blank\" rel=\"noopener\">Aun a\u00f1o de la Ley de Teletrabajo: Laboralista afirma que debe ser mejorada. Se refiere Rodrigo Palomo, decano de la Facultad de Ciencias Jur\u00eddicas y Sociales de la UTalca.<\/a><\/p>\t\t\t\t\t\t<\/div>\n\t\t\t\t<\/div>\n\t\t\t\t\t<\/div>\n\t\t<\/div>\n\t\t\t\t\t\t\t<\/div>\n\t\t<\/section>\n\t\t\t\t<section class=\"elementor-section elementor-top-section elementor-element elementor-element-beddb58 elementor-section-boxed elementor-section-height-default elementor-section-height-default\" data-id=\"beddb58\" data-element_type=\"section\">\n\t\t\t\t\t\t<div class=\"elementor-container elementor-column-gap-default\">\n\t\t\t\t\t<div class=\"elementor-column elementor-col-100 elementor-top-column elementor-element elementor-element-17d2166\" data-id=\"17d2166\" data-element_type=\"column\">\n\t\t\t<div class=\"elementor-widget-wrap elementor-element-populated\">\n\t\t\t\t\t\t\t\t<div class=\"elementor-element elementor-element-e5479e9 elementor-widget elementor-widget-text-editor\" data-id=\"e5479e9\" data-element_type=\"widget\" data-widget_type=\"text-editor.default\">\n\t\t\t\t<div class=\"elementor-widget-container\">\n\t\t\t\t\t\t\t\t<p><b>CHILLANONLINE.CL<\/b><br \/><a href=\"http:\/\/www.chillanonline.cl\/V5\/a-un-ano-de-la-ley-de-teletrabajo-laboralista-afirma-que-debe-ser-mejorada\/\" target=\"_blank\" rel=\"noopener\">A un a\u00f1o de la Ley de Teletrabajo: Laboralista afirma que debe ser mejorada. Se refiere Rodrigo Palomo, decano de la Facultad de Ciencias Jur\u00eddicas y Sociales de la UTalca.\u00a0<\/a><\/p>\t\t\t\t\t\t<\/div>\n\t\t\t\t<\/div>\n\t\t\t\t\t<\/div>\n\t\t<\/div>\n\t\t\t\t\t\t\t<\/div>\n\t\t<\/section>\n\t\t\t\t<section class=\"elementor-section elementor-top-section elementor-element elementor-element-4888cf4 elementor-section-boxed elementor-section-height-default elementor-section-height-default\" data-id=\"4888cf4\" data-element_type=\"section\">\n\t\t\t\t\t\t<div class=\"elementor-container elementor-column-gap-default\">\n\t\t\t\t\t<div class=\"elementor-column elementor-col-100 elementor-top-column elementor-element elementor-element-05a2fbc\" data-id=\"05a2fbc\" data-element_type=\"column\">\n\t\t\t<div class=\"elementor-widget-wrap elementor-element-populated\">\n\t\t\t\t\t\t\t\t<div class=\"elementor-element elementor-element-e7dd895 elementor-widget elementor-widget-text-editor\" data-id=\"e7dd895\" data-element_type=\"widget\" data-widget_type=\"text-editor.default\">\n\t\t\t\t<div class=\"elementor-widget-container\">\n\t\t\t\t\t\t\t\t<p><b>SEXTANOTICIAS.CL<\/b><br \/><a href=\"https:\/\/www.sextanoticias.cl\/a-un-ano-de-la-ley-de-teletrabajo-laboralista-afirma-que-debe-ser-mejorada\/\" target=\"_blank\" rel=\"noopener\">A un a\u00f1o de la Ley de Teletrabajo: Laboralista afirma que debe ser mejorada. Se refiere Rodrigo Palomo, decano de la Facultad de Ciencias Jur\u00eddicas y Sociales de la UTalca.\u00a0<\/a><\/p>\t\t\t\t\t\t<\/div>\n\t\t\t\t<\/div>\n\t\t\t\t\t<\/div>\n\t\t<\/div>\n\t\t\t\t\t\t\t<\/div>\n\t\t<\/section>\n\t\t\t\t<section class=\"elementor-section elementor-top-section elementor-element elementor-element-108155b elementor-section-boxed elementor-section-height-default elementor-section-height-default\" data-id=\"108155b\" data-element_type=\"section\">\n\t\t\t\t\t\t<div class=\"elementor-container elementor-column-gap-default\">\n\t\t\t\t\t<div class=\"elementor-column elementor-col-100 elementor-top-column elementor-element elementor-element-1020f93\" data-id=\"1020f93\" data-element_type=\"column\">\n\t\t\t<div class=\"elementor-widget-wrap elementor-element-populated\">\n\t\t\t\t\t\t\t\t<div class=\"elementor-element elementor-element-75c04ce elementor-widget elementor-widget-text-editor\" data-id=\"75c04ce\" data-element_type=\"widget\" data-widget_type=\"text-editor.default\">\n\t\t\t\t<div class=\"elementor-widget-container\">\n\t\t\t\t\t\t\t\t<p><b>CANAL ANTOFAGASTA TELEVISI\u00d3N<\/b><br \/><a href=\"https:\/\/www.litoralpress.cl\/Archivos\/hrn.Wb.X79.S.Pg.Vo.Rrmw.A.Sanw.%c3%96.%c3%96.mp4\" target=\"_blank\" rel=\"noopener\">Estudio de la UTalca revel\u00f3 como viven en Chile los inmigrantes durante la pandemia.\u00a0<\/a><\/p>\t\t\t\t\t\t<\/div>\n\t\t\t\t<\/div>\n\t\t\t\t\t<\/div>\n\t\t<\/div>\n\t\t\t\t\t\t\t<\/div>\n\t\t<\/section>\n\t\t\t\t<section class=\"elementor-section elementor-top-section elementor-element elementor-element-f9c6bad elementor-section-boxed elementor-section-height-default elementor-section-height-default\" data-id=\"f9c6bad\" data-element_type=\"section\">\n\t\t\t\t\t\t<div class=\"elementor-container elementor-column-gap-default\">\n\t\t\t\t\t<div class=\"elementor-column elementor-col-100 elementor-top-column elementor-element elementor-element-1fda77f\" data-id=\"1fda77f\" data-element_type=\"column\">\n\t\t\t<div class=\"elementor-widget-wrap elementor-element-populated\">\n\t\t\t\t\t\t\t\t<div class=\"elementor-element elementor-element-57a8136 elementor-widget elementor-widget-text-editor\" data-id=\"57a8136\" data-element_type=\"widget\" data-widget_type=\"text-editor.default\">\n\t\t\t\t<div class=\"elementor-widget-container\">\n\t\t\t\t\t\t\t\t<p><b>PORTALEDUCACION.CL<\/b><br \/><a href=\"https:\/\/portaleducacion.cl\/index.php\/2021\/03\/23\/efecto-de-la-pandemia-en-colegios-advierten-que-escolares-tienen-13-anos-de-retraso-en-los-conocimientos-que-manejan\/\" target=\"_blank\" rel=\"noopener\">Efecto de la pandemia en colegios: advierten que escolares tienen 1,3 a\u00f1os de retraso en los conocimientos que manejan. Se refiere Sebasti\u00e1n Donoso, director del Instituto de Investigaci\u00f3n y Desarrollo Educacional (IIDE) de la UTalca.\u00a0<\/a><\/p>\t\t\t\t\t\t<\/div>\n\t\t\t\t<\/div>\n\t\t\t\t\t<\/div>\n\t\t<\/div>\n\t\t\t\t\t\t\t<\/div>\n\t\t<\/section>\n\t\t\t\t<section class=\"elementor-section elementor-top-section elementor-element elementor-element-00f2993 elementor-section-boxed elementor-section-height-default elementor-section-height-default\" data-id=\"00f2993\" data-element_type=\"section\">\n\t\t\t\t\t\t<div class=\"elementor-container elementor-column-gap-default\">\n\t\t\t\t\t<div class=\"elementor-column elementor-col-100 elementor-top-column elementor-element elementor-element-055d04c\" data-id=\"055d04c\" data-element_type=\"column\">\n\t\t\t<div class=\"elementor-widget-wrap elementor-element-populated\">\n\t\t\t\t\t\t\t\t<div class=\"elementor-element elementor-element-8a47251 elementor-widget elementor-widget-text-editor\" data-id=\"8a47251\" data-element_type=\"widget\" data-widget_type=\"text-editor.default\">\n\t\t\t\t<div class=\"elementor-widget-container\">\n\t\t\t\t\t\t\t\t<p><b>SEPTIMAPAGINANOTICIAS.CL<\/b><br \/><a href=\"https:\/\/www.septimapaginanoticias.cl\/post\/efecto-de-la-pandemia-en-colegios-advierten-que-escolares-tienen-13-anos-de-retraso-en-los-conocimientos-que-manejan\" target=\"_blank\" rel=\"noopener\">Efecto de la pandemia en colegios: advierten que escolares tienen 1,3 a\u00f1os de retraso en los conocimientos que manejan. Se refiere Sebasti\u00e1n Donoso, director del Instituto de Investigaci\u00f3n y Desarrollo Educacional (IIDE) de la UTalca.\u00a0<\/a><\/p>\t\t\t\t\t\t<\/div>\n\t\t\t\t<\/div>\n\t\t\t\t\t<\/div>\n\t\t<\/div>\n\t\t\t\t\t\t\t<\/div>\n\t\t<\/section>\n\t\t\t\t<section class=\"elementor-section elementor-top-section elementor-element elementor-element-a7e163e elementor-section-boxed elementor-section-height-default elementor-section-height-default\" data-id=\"a7e163e\" data-element_type=\"section\">\n\t\t\t\t\t\t<div class=\"elementor-container elementor-column-gap-default\">\n\t\t\t\t\t<div class=\"elementor-column elementor-col-100 elementor-top-column elementor-element elementor-element-dd1451b\" data-id=\"dd1451b\" data-element_type=\"column\">\n\t\t\t<div class=\"elementor-widget-wrap elementor-element-populated\">\n\t\t\t\t\t\t\t\t<div class=\"elementor-element elementor-element-fb1ea90 elementor-widget elementor-widget-text-editor\" data-id=\"fb1ea90\" data-element_type=\"widget\" data-widget_type=\"text-editor.default\">\n\t\t\t\t<div class=\"elementor-widget-container\">\n\t\t\t\t\t\t\t\t<p><b>LINARESENLINEA.CL<\/b><br \/><a href=\"https:\/\/www.linaresenlinea.cl\/2021\/03\/23\/efecto-de-la-pandemia-en-colegios-advierten-que-escolares-tienen-13-anos-de-retraso-en-los-conocimientos-que-manejan\/\" target=\"_blank\" rel=\"noopener\">Efecto de la pandemia en colegios: advierten que escolares tienen 1,3 a\u00f1os de retraso en los conocimientos que manejan. Se refiere Sebasti\u00e1n Donoso, director del Instituto de Investigaci\u00f3n y Desarrollo Educacional (IIDE) de la UTalca.\u00a0<\/a><\/p>\t\t\t\t\t\t<\/div>\n\t\t\t\t<\/div>\n\t\t\t\t\t<\/div>\n\t\t<\/div>\n\t\t\t\t\t\t\t<\/div>\n\t\t<\/section>\n\t\t\t\t<section class=\"elementor-section elementor-top-section elementor-element elementor-element-04a9946 elementor-section-boxed elementor-section-height-default elementor-section-height-default\" data-id=\"04a9946\" data-element_type=\"section\">\n\t\t\t\t\t\t<div class=\"elementor-container elementor-column-gap-default\">\n\t\t\t\t\t<div class=\"elementor-column elementor-col-100 elementor-top-column elementor-element elementor-element-3afcc70\" data-id=\"3afcc70\" data-element_type=\"column\">\n\t\t\t<div class=\"elementor-widget-wrap elementor-element-populated\">\n\t\t\t\t\t\t\t\t<div class=\"elementor-element elementor-element-f6bf539 elementor-widget elementor-widget-text-editor\" data-id=\"f6bf539\" data-element_type=\"widget\" data-widget_type=\"text-editor.default\">\n\t\t\t\t<div class=\"elementor-widget-container\">\n\t\t\t\t\t\t\t\t<p><b>SEXTANOTICIAS.CL<\/b><br \/><a href=\"https:\/\/www.sextanoticias.cl\/efecto-de-la-pandemia-en-colegios-advierten-que-escolares-tienen-13-anos-de-retraso-en-los-conocimientos-que-manejan\/\" target=\"_blank\" rel=\"noopener\">Efecto de la pandemia en colegios: advierten que escolares tienen 1,3 a\u00f1os de retraso en los conocimientos que manejan. Se refiere Sebasti\u00e1n Donoso, director del Instituto de Investigaci\u00f3n y Desarrollo Educacional (IIDE) de la UTalca.\u00a0<\/a><\/p>\t\t\t\t\t\t<\/div>\n\t\t\t\t<\/div>\n\t\t\t\t\t<\/div>\n\t\t<\/div>\n\t\t\t\t\t\t\t<\/div>\n\t\t<\/section>\n\t\t\t\t\t\t<\/div>\n\t\t\t\t\t<\/div>\n\t\t","protected":false},"excerpt":{"rendered":"<p>EL MERCURIO Salud calcula que necesitar\u00e1 4 mil camas UCI &#8211; al 6 de abril, a cuatro d\u00edas de las elecciones. Se refiere Sandra Alvear, directora del Mag\u00edster en Gesti\u00f3n del Sistema de Salud de la UTalca. RADIO BIOB\u00cdOPandemia en Chile: 4.948 contagios nuevos y 25 fallecidos en las \u00faltimas 24 horas. Se menciona opini\u00f3n &hellip;<\/p>\n<p class=\"read-more\"> <a class=\"\" href=\"https:\/\/www.reportedeprensa.utalca.cl\/?p=166\"> <span class=\"screen-reader-text\">24 de marzo de 2021<\/span> Read More &raquo;<\/a><\/p>\n","protected":false},"author":1,"featured_media":0,"comment_status":"closed","ping_status":"open","sticky":false,"template":"elementor_theme","format":"standard","meta":{"_monsterinsights_skip_tracking":false,"_monsterinsights_sitenote_active":false,"_monsterinsights_sitenote_note":"","_monsterinsights_sitenote_category":0},"categories":[4],"tags":[],"_links":{"self":[{"href":"https:\/\/www.reportedeprensa.utalca.cl\/index.php?rest_route=\/wp\/v2\/posts\/166"}],"collection":[{"href":"https:\/\/www.reportedeprensa.utalca.cl\/index.php?rest_route=\/wp\/v2\/posts"}],"about":[{"href":"https:\/\/www.reportedeprensa.utalca.cl\/index.php?rest_route=\/wp\/v2\/types\/post"}],"author":[{"embeddable":true,"href":"https:\/\/www.reportedeprensa.utalca.cl\/index.php?rest_route=\/wp\/v2\/users\/1"}],"replies":[{"embeddable":true,"href":"https:\/\/www.reportedeprensa.utalca.cl\/index.php?rest_route=%2Fwp%2Fv2%2Fcomments&post=166"}],"version-history":[{"count":75,"href":"https:\/\/www.reportedeprensa.utalca.cl\/index.php?rest_route=\/wp\/v2\/posts\/166\/revisions"}],"predecessor-version":[{"id":433,"href":"https:\/\/www.reportedeprensa.utalca.cl\/index.php?rest_route=\/wp\/v2\/posts\/166\/revisions\/433"}],"wp:attachment":[{"href":"https:\/\/www.reportedeprensa.utalca.cl\/index.php?rest_route=%2Fwp%2Fv2%2Fmedia&parent=166"}],"wp:term":[{"taxonomy":"category","embeddable":true,"href":"https:\/\/www.reportedeprensa.utalca.cl\/index.php?rest_route=%2Fwp%2Fv2%2Fcategories&post=166"},{"taxonomy":"post_tag","embeddable":true,"href":"https:\/\/www.reportedeprensa.utalca.cl\/index.php?rest_route=%2Fwp%2Fv2%2Ftags&post=166"}],"curies":[{"name":"wp","href":"https:\/\/api.w.org\/{rel}","templated":true}]}}