{"id":1665,"date":"2021-08-13T09:47:43","date_gmt":"2021-08-13T12:47:43","guid":{"rendered":"https:\/\/www.reportedeprensa.utalca.cl\/?p=1665"},"modified":"2021-08-13T09:58:59","modified_gmt":"2021-08-13T12:58:59","slug":"13-de-agosto-de-2021","status":"publish","type":"post","link":"https:\/\/www.reportedeprensa.utalca.cl\/?p=1665","title":{"rendered":"13 de agosto de 2021"},"content":{"rendered":"\t\t<div data-elementor-type=\"wp-post\" data-elementor-id=\"1665\" class=\"elementor elementor-1665\" data-elementor-settings=\"[]\">\n\t\t\t\t\t\t\t<div class=\"elementor-section-wrap\">\n\t\t\t\t\t\t\t<section class=\"elementor-section elementor-top-section elementor-element elementor-element-a06ca45 elementor-section-boxed elementor-section-height-default elementor-section-height-default\" data-id=\"a06ca45\" data-element_type=\"section\">\n\t\t\t\t\t\t<div class=\"elementor-container elementor-column-gap-default\">\n\t\t\t\t\t<div class=\"elementor-column elementor-col-100 elementor-top-column elementor-element elementor-element-1486c35\" data-id=\"1486c35\" data-element_type=\"column\">\n\t\t\t<div class=\"elementor-widget-wrap elementor-element-populated\">\n\t\t\t\t\t\t\t\t<div class=\"elementor-element elementor-element-42b145e elementor-widget elementor-widget-text-editor\" data-id=\"42b145e\" data-element_type=\"widget\" data-widget_type=\"text-editor.default\">\n\t\t\t\t<div class=\"elementor-widget-container\">\n\t\t\t\t\t\t\t\t<p><b>ELMOSTRADOR.CL<\/b><\/p><p><a style=\"font-style: inherit; font-weight: inherit; background-color: #ffffff; font-family: -apple-system, BlinkMacSystemFont,;\" href=\"https:\/\/www.elmostrador.cl\/agenda-pais\/2021\/08\/12\/dosis-de-refuerzo-especialista-llama-a-vacunarse-para-aumentar-produccion-de-anticuerpos\/\" target=\"_blank\" rel=\"noopener\">Dosis de refuerzo: especialista llama a vacunarse para aumentar producci\u00f3n de anticuerpos. Se refiere Marcelo Alarc\u00f3n, acad\u00e9mico del Departamento de Bioqu\u00edmica Cl\u00ednica e Inmunohematolog\u00eda de la UTalca.<\/a><\/p><p>\u00a0<\/p><p><b>DIARIOTALCA.CL<\/b><\/p><p><a style=\"font-style: inherit; font-weight: inherit; background-color: #ffffff; font-family: -apple-system, BlinkMacSystemFont,;\" href=\"https:\/\/www.diariotalca.cl\/positiva-respuesta-a-primera-jornada-de-vacunacion-de-dosis-de-refuerzo\/\" target=\"_blank\" rel=\"noopener\">Positiva respuesta a primera jornada de vacunaci\u00f3n de dosis de refuerzo. Se refiere Marcelo Alarc\u00f3n, acad\u00e9mico del Departamento de Bioqu\u00edmica Cl\u00ednica e Inmunohematolog\u00eda de la UTalca.<\/a><\/p><p>\u00a0<\/p><p><b>ATENTOS.CL<\/b><\/p><p><a style=\"font-style: inherit; font-weight: inherit; background-color: #ffffff; font-family: -apple-system, BlinkMacSystemFont,;\" href=\"https:\/\/www.atentos.cl\/dosis-de-refuerzo-especialista-llama-a-vacunarse-para-aumentar-produccion-de-anticuerpos\/\" target=\"_blank\" rel=\"noopener\">Dosis de refuerzo: Especialista llama a vacunarse para aumentar producci\u00f3n de anticuerpos. Se refiere Marcelo Alarc\u00f3n, acad\u00e9mico del Departamento de Bioqu\u00edmica Cl\u00ednica e Inmunohematolog\u00eda de la UTalca.<\/a><\/p><p>\u00a0<\/p><p><b>LINARESENLINEA.CL<\/b><\/p><p><a style=\"font-style: inherit; font-weight: inherit; background-color: #ffffff; font-family: -apple-system, BlinkMacSystemFont,;\" href=\"https:\/\/www.linaresenlinea.cl\/2021\/08\/12\/especialista-llama-a-vacunarse-con-la-dosis-de-refuerzo-para-aumentar-produccion-de-anticuerpos\/\" target=\"_blank\" rel=\"noopener\">Especialista llama a vacunarse con la dosis de refuerzo para aumentar producci\u00f3n de anticuerpos. Se refiere Marcelo Alarc\u00f3n, acad\u00e9mico del Departamento de Bioqu\u00edmica Cl\u00ednica e Inmunohematolog\u00eda de la UTalca.<\/a><\/p><p>\u00a0<\/p><p><b>NORTEVISION.CL<\/b><\/p><p><a style=\"font-style: inherit; font-weight: inherit; background-color: #ffffff; font-family: -apple-system, BlinkMacSystemFont,;\" href=\"https:\/\/nortevision.cl\/2021\/08\/12\/dosis-de-refuerzo-especialista-llama-a-vacunarse-para-aumentar-produccion-de-anticuerpos\/\" target=\"_blank\" rel=\"noopener\">Dosis de refuerzo: especialista llama a vacunarse para aumentar producci\u00f3n de anticuerpos. Se refiere Marcelo Alarc\u00f3n, acad\u00e9mico del Departamento de Bioqu\u00edmica Cl\u00ednica e Inmunohematolog\u00eda de la UTalca.<\/a><\/p><p>\u00a0<\/p><p><b>CANAL TVN RED MAULE<\/b><\/p><p><a style=\"font-style: inherit; font-weight: inherit; background-color: #ffffff; font-family: -apple-system, BlinkMacSystemFont,;\" href=\"https:\/\/www.litoralpress.cl\/sitio\/RadioTV_Detalles.cshtml?LPKey=N3JKV7CO6PM3HYAO6ALS7BW32AXHDWASEHGPSE54LFFSQORP5RSQ\" target=\"_blank\" rel=\"noopener\">Campa\u00f1a del Colegio M\u00e9dico del Maule y la Universidad de Talca para el autocuidado y la vacunaci\u00f3n contra el COVID.<\/a><\/p><p>\u00a0<\/p><p><b>DIARIOTALCA.CL<\/b><\/p><p><a style=\"font-style: inherit; font-weight: inherit; background-color: #ffffff; font-family: -apple-system, BlinkMacSystemFont,;\" href=\"https:\/\/www.diariotalca.cl\/buscan-potenciar-la-innovacion-y-el-desarrollo-tecnologico-en-el-maule\/\" target=\"_blank\" rel=\"noopener\">Buscan potenciar la innovaci\u00f3n y el desarrollo tecnol\u00f3gico en el Maule. Se refiere \u00c1lvaro Rojas, rector de la UTalca.<\/a><\/p><p>\u00a0<\/p><p><b>EL HERALDO<\/b><\/p><p><a style=\"font-style: inherit; font-weight: inherit; background-color: #ffffff; font-family: -apple-system, BlinkMacSystemFont,;\" href=\"https:\/\/www.litoralpress.cl\/paginaconsultas\/Servicios_NClip\/Get_Imagen_Nota.aspx?LPKey=XTZWANSYLYRE2EXETCLOM7B3Q67UTJQUVRRCQ347UPQSY74HHYJPFPDWRZB3AJ3WQNYESSB4ELX4C\" target=\"_blank\" rel=\"noopener\">Autoridades buscan potenciar la innovaci\u00f3n y el desarrollo tecnol\u00f3gico en el Maule. Se refiere \u00c1lvaro Rojas, rector de la UTalca.<\/a><\/p><p>\u00a0<\/p><p><b>DIARIOELHERALDO.CL<\/b><\/p><p><a style=\"font-style: inherit; font-weight: inherit; background-color: #ffffff; font-family: -apple-system, BlinkMacSystemFont,;\" href=\"http:\/\/www.diarioelheraldo.cl\/noticia\/autoridades-buscan-potenciar-la-innovacion-y-el-desarrollo-tecnologico-en-el-maule-\" target=\"_blank\" rel=\"noopener\">Autoridades buscan potenciar la innovaci\u00f3n y el desarrollo tecnol\u00f3gico en el Maule. Se refiere \u00c1lvaro Rojas, rector de la UTalca.<\/a><\/p><p>\u00a0<\/p><p><b>ADPRENSA.CL<\/b><\/p><p><a style=\"font-style: inherit; font-weight: inherit; background-color: #ffffff; font-family: -apple-system, BlinkMacSystemFont,;\" href=\"https:\/\/www.adprensa.cl\/actividades-academicas\/abierta-convocatoria-para-el-premio-iberoamericano-de-letras-jose-donoso-2021\/\" target=\"_blank\" rel=\"noopener\">Abierta convocatoria para el Premio Iberoamericano de Letras Jos\u00e9 Donoso 2021. Se refiere \u00c1lvaro Rojas, rector de la UTalca y Marcela Albornoz, directora de Extensi\u00f3n Cultural-Art\u00edstica y de la Editorial de la universidad.<\/a><\/p><p>\u00a0<\/p><p><b>UNIVERSIDADESESTATALES.CL<\/b><\/p><p><a style=\"font-style: inherit; font-weight: inherit; background-color: #ffffff; font-family: -apple-system, BlinkMacSystemFont,;\" href=\"http:\/\/www.universidadesestatales.cl\/cue\/?q=node\/9101\" target=\"_blank\" rel=\"noopener\">Abierta convocatoria para el Premio Iberoamericano de Letras Jos\u00e9 Donoso 2021. Se refiere \u00c1lvaro Rojas, rector de la UTalca y Marcela Albornoz, directora de Extensi\u00f3n Cultural-Art\u00edstica y de la Editorial de la universidad.<\/a><\/p><p>\u00a0<\/p><p><b>CANAL TVN RED MAULE<\/b><\/p><p><a style=\"font-style: inherit; font-weight: inherit; background-color: #ffffff; font-family: -apple-system, BlinkMacSystemFont,;\" href=\"https:\/\/www.litoralpress.cl\/sitio\/RadioTV_Detalles.cshtml?LPKey=SEOEQKATJODMNHYKKOKDLHXRBOP5POE64QDTERBDFVVLBB5DJZNA\" target=\"_blank\" rel=\"noopener\">Preocupan brotes de COVID en Linares y Talca. Se refiere Marcelo Alarc\u00f3n, acad\u00e9mico del Departamento de Bioqu\u00edmica Cl\u00ednica e Inmunohematolog\u00eda de la UTalca.<\/a><\/p><p>\u00a0<\/p><p><b>MAULEHOY.CL<\/b><\/p><p><a style=\"font-style: inherit; font-weight: inherit; background-color: #ffffff; font-family: -apple-system, BlinkMacSystemFont,;\" href=\"https:\/\/maulehoy.cl\/2021\/08\/12\/en-este-escenario-el-estado-deberia-racionalizar-y-priorizar-el-agua-e-intervenir-las-cuencas\/\" target=\"_blank\" rel=\"noopener\">En este escenario el Estado deber\u00eda racionalizar y priorizar el agua e intervenir las cuencas. Se refiere Patricio Gonz\u00e1lez, agroclimat\u00f3logo de la UTalca.<\/a><\/p><p>\u00a0<\/p><p><b>REDMAULE.COM<\/b><\/p><p><a style=\"font-style: inherit; font-weight: inherit; background-color: #ffffff; font-family: -apple-system, BlinkMacSystemFont,;\" href=\"https:\/\/www.litoralpress.cl\/sitio\/RadioTV_Detalles.cshtml?LPKey=XULBNPOSY3F23I7VPBGIREB65E5IKXYG4ZOYEPW4NEANXFHYCEMQ\" target=\"_blank\" rel=\"noopener\">Entrevista a Patricio Gonz\u00e1lez, agroclimat\u00f3logo de la Universidad de Talca.<\/a><\/p><p>\u00a0<\/p><p><b>RANCAGUATV.CL<\/b><\/p><p><a style=\"font-style: inherit; font-weight: inherit; background-color: #ffffff; font-family: -apple-system, BlinkMacSystemFont,;\" href=\"https:\/\/www.rancaguatv.cl\/o-higgins-noticias-cronicas-de-actualidad\/48-sociedad\/4503-%C3%82%C2%BFc%C3%83%C2%B3mo-vivir-el-luto-al-perder-a-un-ser-querido-por-covid-19.html\" target=\"_blank\" rel=\"noopener\">\u00bfC\u00f3mo vivir el luto al perder un ser querido por COVID-19? Se refiere Nadia Ramos, acad\u00e9mica de la Facultad de Psicolog\u00eda de la UTalca.<\/a><\/p><p>\u00a0<\/p><p><b>REVISTA MUNDO AGRO<\/b><\/p><p><a style=\"font-style: inherit; font-weight: inherit; background-color: #ffffff; font-family: -apple-system, BlinkMacSystemFont,;\" href=\"https:\/\/www.litoralpress.cl\/paginaconsultas\/Servicios_NClip\/Get_Imagen_Nota.aspx?LPKey=ZPO2XNZJFKMWMYCNE34K75VVK6Y6Z2Z27C4XYM6MNN7NUR3PXQXOHSOGMPOPRTGVL7MERXPG2GEHG\" target=\"_blank\" rel=\"noopener\">Memoria 25 a\u00f1os Centro de Pom\u00e1ceas.<\/a><\/p><p>\u00a0<\/p><p><b>REVISTA MUNDO AGRO<\/b><\/p><p><a style=\"font-style: inherit; font-weight: inherit; background-color: #ffffff; font-family: -apple-system, BlinkMacSystemFont,;\" href=\"https:\/\/www.litoralpress.cl\/sitio\/Prensa_PaginaCompleta.cshtml?LPKey=I73N7ROFQH5LK3THM6VWCYXHRXZGWLFYHPGNTQTLZNWVU66PE6YA\" target=\"_blank\" rel=\"noopener\">En perspectiva situaci\u00f3n actual y expectativas de la manzana chilena en los mercados mundiales. Se menciona Centro de Pom\u00e1ceas de la UTalca.<\/a><\/p><p>\u00a0<\/p><p><b>REVISTA MUNDO AGRO<\/b><\/p><p><a style=\"font-style: inherit; font-weight: inherit; background-color: #ffffff; font-family: -apple-system, BlinkMacSystemFont,;\" href=\"https:\/\/www.litoralpress.cl\/sitio\/Prensa_PaginaCompleta.cshtml?LPKey=HUL2JUOEXCDGKG25DQW542TIQ6LEEKUD3CK2PWKFIPMXW3MBKWPQ\" target=\"_blank\" rel=\"noopener\">Al rojo vivo. Se menciona Centro de Pom\u00e1ceas de la UTalca.<\/a><\/p><p>\u00a0<\/p><p><b>REVISTA MUNDO AGRO<\/b><\/p><p><a style=\"font-style: inherit; font-weight: inherit; background-color: #ffffff; font-family: -apple-system, BlinkMacSystemFont,;\" href=\"https:\/\/www.litoralpress.cl\/sitio\/Prensa_PaginaCompleta.cshtml?LPKey=AUGXNMUCQIHKOVGOU574EB3LIMGQDNV23JSWB5F6ZPOWLIHQ26RQ\" target=\"_blank\" rel=\"noopener\">Con m\u00e1s opciones. Se menciona Centro de Pom\u00e1ceas de la UTalca.<\/a><\/p><p>\u00a0<\/p><p><b>REVISTA MUNDO AGRO<\/b><\/p><p><a style=\"font-style: inherit; font-weight: inherit; background-color: #ffffff; font-family: -apple-system, BlinkMacSystemFont,;\" href=\"https:\/\/www.litoralpress.cl\/sitio\/Prensa_PaginaCompleta.cshtml?LPKey=QFO4Y6JQMR23NOCX2JWZKQJX3LOPDHLQS6TOVYVTXLXTVON7CBMQ\" target=\"_blank\" rel=\"noopener\">El desaf\u00edo final. Se menciona Centro de Pom\u00e1ceas de la UTalca.<\/a><\/p><p>\u00a0<\/p><p><b>LA SEGUNDA<\/b><\/p><p><a style=\"font-style: inherit; font-weight: inherit; background-color: #ffffff; font-family: -apple-system, BlinkMacSystemFont,;\" href=\"https:\/\/www.litoralpress.cl\/sitio\/Prensa_PaginaCompleta.cshtml?LPKey=R4773LLLVJXKWHAHYGX23NQXDGI3TOKNE53Y4IOGK2KVRXQHZFPQ\" target=\"_blank\" rel=\"noopener\">Fabiola Campillai tiene en estado de alerta a sus rivales en la senatorial por Santiago. Se refiere Mauricio Morales, director del Centro de An\u00e1lisis Pol\u00edtico (CAP) de la UTalca.<\/a><\/p><p>\u00a0<\/p><p><b>CANAL TVN RED MAULE<\/b><\/p><p><a style=\"font-style: inherit; font-weight: inherit; background-color: #ffffff; font-family: -apple-system, BlinkMacSystemFont,;\" href=\"https:\/\/www.litoralpress.cl\/sitio\/RadioTV_Detalles.cshtml?LPKey=DMWQJ7OVGH7KGBQPU5Y5KKG3DYTDOQ5PZF35LPEJ3QSXVPHR4KVA\" target=\"_blank\" rel=\"noopener\">Se inaugur\u00f3 una exposici\u00f3n virtual en el canal del Centro de Extensi\u00f3n de la UTalca.<\/a><\/p><p>\u00a0<\/p><p><b>CANAL TVN RED MAULE<\/b><\/p><p><a style=\"font-style: inherit; font-weight: inherit; background-color: #ffffff; font-family: -apple-system, BlinkMacSystemFont,;\" href=\"https:\/\/www.litoralpress.cl\/sitio\/RadioTV_Detalles.cshtml?LPKey=BCIXRAWBLRBK6MOFQKXY2CS7WNYLCQBWQBIPTWE6FW3E3KTV4TWQ\" target=\"_blank\" rel=\"noopener\">Sigue el primer congreso de folclore hispanoamericano a trav\u00e9s del canal de Youtube de Extensi\u00f3n UTalca.<\/a><\/p><p>\u00a0<\/p><p><b>PORTALAGROCHILE.CL<\/b><\/p><p><a style=\"font-style: inherit; font-weight: inherit; background-color: #ffffff; font-family: -apple-system, BlinkMacSystemFont,;\" href=\"https:\/\/www.portalagrochile.cl\/2021\/08\/12\/especialista-en-virologia-de-inia-la-platina-presento-una-serie-de-fichas-tecnicas-para-enfrentar-virus-en-frutales\/\" target=\"_blank\" rel=\"noopener\">Especialista en virolog\u00eda de INIA La Platina present\u00f3 una serie de fichas t\u00e9cnicas para enfrentar virus en frutales. Se menciona a la UTalca.<\/a><\/p><p>\u00a0<\/p><p><b>CHVNOTICIAS.CL<\/b><\/p><p><a style=\"font-style: inherit; font-weight: inherit; background-color: #ffffff; font-family: -apple-system, BlinkMacSystemFont,;\" href=\"https:\/\/www.chvnoticias.cl\/nacional\/quienes-son-11-miembros-comision-evaluacion-ambiental-aprobaron-proyecto-dominga_20210811\/\" target=\"_blank\" rel=\"noopener\">\u00bfQui\u00e9nes son los 11 miembros de la Comisi\u00f3n de Evaluaci\u00f3n Ambiental que aprobaron el Proyecto Dominga? Se menciona a la UTalca.<\/a><\/p><p>\u00a0<\/p><p><b>DIARIO VI REGI\u00d3N<\/b><\/p><p><a style=\"font-style: inherit; font-weight: inherit; background-color: #ffffff; font-family: -apple-system, BlinkMacSystemFont,;\" href=\"https:\/\/www.litoralpress.cl\/paginaconsultas\/Servicios_NClip\/Get_Imagen_Nota.aspx?LPKey=BYV4X4KK6VREHCTGX5ZVTGMWRGLXGRE5IPC7QJOLL2RI4VJPQJP6OPTC57Q5DM4GHTMI4JLMGY75O\" target=\"_blank\" rel=\"noopener\">San Fernando College suscribi\u00f3 convenio con Universidad de Talca y ampl\u00eda su red de colaboradores.<\/a><\/p><p>\u00a0<\/p><p><b>DIARIOVIREGION.CL<\/b><\/p><p><a style=\"font-style: inherit; font-weight: inherit; background-color: #ffffff; font-family: -apple-system, BlinkMacSystemFont,;\" href=\"https:\/\/www.diarioviregion.cl\/index.php\/noticias\/17494-san-fernando-college-suscribio-convenio-con-universidad-de-talca-y-amplia-su-red-de-colaboradores\" target=\"_blank\" rel=\"noopener\">San Fernando College suscribi\u00f3 convenio con Universidad de Talca y ampl\u00eda su red de colaboradores.<\/a><\/p>\t\t\t\t\t\t<\/div>\n\t\t\t\t<\/div>\n\t\t\t\t\t<\/div>\n\t\t<\/div>\n\t\t\t\t\t\t\t<\/div>\n\t\t<\/section>\n\t\t\t\t\t\t<\/div>\n\t\t\t\t\t<\/div>\n\t\t","protected":false},"excerpt":{"rendered":"<p>ELMOSTRADOR.CL Dosis de refuerzo: especialista llama a vacunarse para aumentar producci\u00f3n de anticuerpos. Se refiere Marcelo Alarc\u00f3n, acad\u00e9mico del Departamento de Bioqu\u00edmica Cl\u00ednica e Inmunohematolog\u00eda de la UTalca. \u00a0 DIARIOTALCA.CL Positiva respuesta a primera jornada de vacunaci\u00f3n de dosis de refuerzo. Se refiere Marcelo Alarc\u00f3n, acad\u00e9mico del Departamento de Bioqu\u00edmica Cl\u00ednica e Inmunohematolog\u00eda de la &hellip;<\/p>\n<p class=\"read-more\"> <a class=\"\" href=\"https:\/\/www.reportedeprensa.utalca.cl\/?p=1665\"> <span class=\"screen-reader-text\">13 de agosto de 2021<\/span> Read More &raquo;<\/a><\/p>\n","protected":false},"author":1,"featured_media":0,"comment_status":"closed","ping_status":"open","sticky":false,"template":"elementor_theme","format":"standard","meta":{"_monsterinsights_skip_tracking":false,"_monsterinsights_sitenote_active":false,"_monsterinsights_sitenote_note":"","_monsterinsights_sitenote_category":0},"categories":[11],"tags":[],"_links":{"self":[{"href":"https:\/\/www.reportedeprensa.utalca.cl\/index.php?rest_route=\/wp\/v2\/posts\/1665"}],"collection":[{"href":"https:\/\/www.reportedeprensa.utalca.cl\/index.php?rest_route=\/wp\/v2\/posts"}],"about":[{"href":"https:\/\/www.reportedeprensa.utalca.cl\/index.php?rest_route=\/wp\/v2\/types\/post"}],"author":[{"embeddable":true,"href":"https:\/\/www.reportedeprensa.utalca.cl\/index.php?rest_route=\/wp\/v2\/users\/1"}],"replies":[{"embeddable":true,"href":"https:\/\/www.reportedeprensa.utalca.cl\/index.php?rest_route=%2Fwp%2Fv2%2Fcomments&post=1665"}],"version-history":[{"count":4,"href":"https:\/\/www.reportedeprensa.utalca.cl\/index.php?rest_route=\/wp\/v2\/posts\/1665\/revisions"}],"predecessor-version":[{"id":1669,"href":"https:\/\/www.reportedeprensa.utalca.cl\/index.php?rest_route=\/wp\/v2\/posts\/1665\/revisions\/1669"}],"wp:attachment":[{"href":"https:\/\/www.reportedeprensa.utalca.cl\/index.php?rest_route=%2Fwp%2Fv2%2Fmedia&parent=1665"}],"wp:term":[{"taxonomy":"category","embeddable":true,"href":"https:\/\/www.reportedeprensa.utalca.cl\/index.php?rest_route=%2Fwp%2Fv2%2Fcategories&post=1665"},{"taxonomy":"post_tag","embeddable":true,"href":"https:\/\/www.reportedeprensa.utalca.cl\/index.php?rest_route=%2Fwp%2Fv2%2Ftags&post=1665"}],"curies":[{"name":"wp","href":"https:\/\/api.w.org\/{rel}","templated":true}]}}