{"id":1676,"date":"2021-08-16T09:39:15","date_gmt":"2021-08-16T12:39:15","guid":{"rendered":"https:\/\/www.reportedeprensa.utalca.cl\/?p=1676"},"modified":"2021-08-16T09:53:13","modified_gmt":"2021-08-16T12:53:13","slug":"16-de-agosto-de-2021","status":"publish","type":"post","link":"https:\/\/www.reportedeprensa.utalca.cl\/?p=1676","title":{"rendered":"16 de agosto de 2021"},"content":{"rendered":"\t\t<div data-elementor-type=\"wp-post\" data-elementor-id=\"1676\" class=\"elementor elementor-1676\" data-elementor-settings=\"[]\">\n\t\t\t\t\t\t\t<div class=\"elementor-section-wrap\">\n\t\t\t\t\t\t\t<section class=\"elementor-section elementor-top-section elementor-element elementor-element-a06ca45 elementor-section-boxed elementor-section-height-default elementor-section-height-default\" data-id=\"a06ca45\" data-element_type=\"section\">\n\t\t\t\t\t\t<div class=\"elementor-container elementor-column-gap-default\">\n\t\t\t\t\t<div class=\"elementor-column elementor-col-100 elementor-top-column elementor-element elementor-element-1486c35\" data-id=\"1486c35\" data-element_type=\"column\">\n\t\t\t<div class=\"elementor-widget-wrap elementor-element-populated\">\n\t\t\t\t\t\t\t\t<div class=\"elementor-element elementor-element-42b145e elementor-widget elementor-widget-text-editor\" data-id=\"42b145e\" data-element_type=\"widget\" data-widget_type=\"text-editor.default\">\n\t\t\t\t<div class=\"elementor-widget-container\">\n\t\t\t\t\t\t\t\t<p><b>CANAL 13<\/b><\/p><p><a style=\"font-style: inherit; font-weight: inherit; background-color: #ffffff; font-family: -apple-system, BlinkMacSystemFont,;\" href=\"https:\/\/www.litoralpress.cl\/sitio\/RadioTV_Detalles.cshtml?LPKey=FS5G3UUVJJYIDTZTQ6EG4NUKZJQBAVGPBWGPA5NAVME7JLOTC7DA\" target=\"_blank\" rel=\"noopener\">Bienvenidos: Alerta por cambio clim\u00e1tico. Se refiere Patricio Gonz\u00e1lez, agroclimat\u00f3logo de la UTalca.<\/a><\/p><p>\u00a0<\/p><p><b>EL MERCURIO<\/b><\/p><p><a style=\"font-style: inherit; font-weight: inherit; background-color: #ffffff; font-family: -apple-system, BlinkMacSystemFont,;\" href=\"https:\/\/www.litoralpress.cl\/paginaconsultas\/Servicios_NClip\/Get_Imagen_Nota.aspx?LPKey=LSWSGYXCIU4DZPANVJJMHXB4IIXGNJK3TG6PW7UA6DBE53A3756GD5JZQOJWBQFQK7EAZAJVQFE5S\" target=\"_blank\" rel=\"noopener\">Logran ser m\u00e1s inmersivos y cre\u00edbles: Los videojuegos se acercan cada vez m\u00e1s a las im\u00e1genes y los movimientos reales. Se refiere Marco Gonz\u00e1lez, acad\u00e9mico de la carrera de Ingenier\u00eda en Desarrollo de Videojuegos y Realidad Virtual de la UTalca.<\/a><\/p><p>\u00a0<\/p><p><b>RADIO COOPERATIVA<\/b><\/p><p><a style=\"font-style: inherit; font-weight: inherit; background-color: #ffffff; font-family: -apple-system, BlinkMacSystemFont,;\" href=\"https:\/\/www.litoralpress.cl\/sitio\/RadioTV_Detalles.cshtml?LPKey=7TZQJHIO364PZG7KIWQNCCYCUC6Z7OWLP2TAOU25QBS2XJZ5TGGA\" target=\"_blank\" rel=\"noopener\">M\u00e1s de 150 mil personas se vacunaron con su dosis de refuerzo los primeros d\u00edas del proceso. Se refiere Erika Retamal, directora de Salud P\u00fablica de la UTalca.<\/a><\/p><p>\u00a0<\/p><p><b>RADIO COOPERATIVA<\/b><\/p><p><a style=\"font-style: inherit; font-weight: inherit; background-color: #ffffff; font-family: -apple-system, BlinkMacSystemFont,;\" href=\"https:\/\/www.litoralpress.cl\/sitio\/RadioTV_Detalles.cshtml?LPKey=OEYYSE7OPZ3NXP7ARSLUALCFPGAFSHNMNUUCLGUHHNSGNZDO226A\" target=\"_blank\" rel=\"noopener\">Lo que queda del d\u00eda: Contin\u00faa proceso de la tercera dosis de vacuna contra el COVID. Se refiere Erika Retamal, directora de Salud P\u00fablica de la UTalca.<\/a><\/p><p>\u00a0<\/p><p><b>RADIO ADN<\/b><\/p><p><a style=\"font-style: inherit; font-weight: inherit; background-color: #ffffff; font-family: -apple-system, BlinkMacSystemFont,;\" href=\"https:\/\/www.litoralpress.cl\/sitio\/RadioTV_Detalles.cshtml?LPKey=X4PLZV7WOLHPJPDAJOGB4UBGEMT6ACXNC6JOO7AARX3ZVIVNWWCA\" target=\"_blank\" rel=\"noopener\">Hoy se inform\u00f3 882 nuevos casos de Coronavirus. Se refiere Marcelo Alarc\u00f3n, acad\u00e9mico del Departamento de Bioqu\u00edmica Cl\u00ednica e Inmunohematolog\u00eda de la UTalca.<\/a><\/p><p>\u00a0<\/p><p><b>LINARESENLINEA.CL<\/b><\/p><p><a style=\"font-style: inherit; font-weight: inherit; background-color: #ffffff; font-family: -apple-system, BlinkMacSystemFont,;\" href=\"https:\/\/www.linaresenlinea.cl\/2021\/08\/14\/autoridades-buscan-potenciar-la-innovacion-y-el-desarrollo-tecnologico-en-el-maule\/\" target=\"_blank\" rel=\"noopener\">Autoridades buscan potenciar la innovaci\u00f3n y el desarrollo tecnol\u00f3gico en el Maule. Se refiere \u00c1lvaro Rojas, rector de la UTalca.<\/a><\/p><p>\u00a0<\/p><p><b>EL HERALDO<\/b><\/p><p><a style=\"font-style: inherit; font-weight: inherit; background-color: #ffffff; font-family: -apple-system, BlinkMacSystemFont,;\" href=\"https:\/\/www.litoralpress.cl\/paginaconsultas\/Servicios_NClip\/Get_Imagen_Nota.aspx?LPKey=QR7CADZKM2ANCUI6CYUP4SDWTP2WKLE5HJQEKOCY6YEQ4UDBGPOIUN33G4SIT5VMBP2ROTVV7RVYQ\" target=\"_blank\" rel=\"noopener\">Experto llama a la cautela y a mantener los cuidados ante pr\u00f3ximas Fiestas Patrias. Se refiere Daniel Jim\u00e9nez, director de Salud del Estudiante de la UTalca.<\/a><\/p><p>\u00a0<\/p><p><b>DIARIOELHERALDO.CL<\/b><\/p><p><a style=\"font-style: inherit; font-weight: inherit; background-color: #ffffff; font-family: -apple-system, BlinkMacSystemFont,;\" href=\"http:\/\/www.diarioelheraldo.cl\/noticia\/experto-llama-a-la-cautela-y-a-mantener-los-cuidados-ante-proximas-fiestas-patrias-\" target=\"_blank\" rel=\"noopener\">Experto llama a la cautela y a mantener los cuidados ante pr\u00f3ximas Fiestas Patrias. Se refiere Daniel Jim\u00e9nez, director de Salud del Estudiante de la UTalca.<\/a><\/p><p>\u00a0<\/p><p><b>G5NOTICIAS.CL<\/b><\/p><p><a style=\"font-style: inherit; font-weight: inherit; background-color: #ffffff; font-family: -apple-system, BlinkMacSystemFont,;\" href=\"https:\/\/g5noticias.cl\/2021\/08\/15\/experto-llama-a-la-cautela-y-a-mantener-los-cuidados-ante-proximas-fiestas-patrias\/\" target=\"_blank\" rel=\"noopener\">Experto llama a la cautela y a mantener los cuidados ante pr\u00f3ximas Fiestas Patrias. Se refiere Daniel Jim\u00e9nez, director de Salud del Estudiante de la UTalca.<\/a><\/p><p>\u00a0<\/p><p><b>NORTEVISION.CL<\/b><\/p><p><a style=\"font-style: inherit; font-weight: inherit; background-color: #ffffff; font-family: -apple-system, BlinkMacSystemFont,;\" href=\"https:\/\/nortevision.cl\/2021\/08\/15\/covid-19-experto-llama-a-la-cautela-y-a-mantener-los-cuidados-ante-proximas-fiestas-patrias\/\" target=\"_blank\" rel=\"noopener\">COVID-19. Experto llama a la cautela y a mantener los cuidados ante pr\u00f3ximas Fiestas Patrias. Se refiere Daniel Jim\u00e9nez, director de Salud del Estudiante de la UTalca.<\/a><\/p><p>\u00a0<\/p><p><b>EL LECTOR<\/b><\/p><p><a style=\"font-style: inherit; font-weight: inherit; background-color: #ffffff; font-family: -apple-system, BlinkMacSystemFont,;\" href=\"https:\/\/www.litoralpress.cl\/paginaconsultas\/Servicios_NClip\/Get_Imagen_Nota.aspx?LPKey=OZ64BX73H3FDB3K3JADOVGUYUTXX43A567RV4SQHWFR7INR3DWRNXU4Q5RUG26CFY5ODEWHDNBRDA\" target=\"_blank\" rel=\"noopener\">Dosis de refuerzo: especialista llama a vacunarse para aumentar producci\u00f3n de anticuerpos. Se refiere Marcelo Alarc\u00f3n, acad\u00e9mico del Departamento de Bioqu\u00edmica Cl\u00ednica e Inmunohematolog\u00eda de la UTalca.<\/a><\/p><p>\u00a0<\/p><p><b>ADPRENSA.CL<\/b><\/p><p><a style=\"font-style: inherit; font-weight: inherit; background-color: #ffffff; font-family: -apple-system, BlinkMacSystemFont,;\" href=\"https:\/\/www.adprensa.cl\/cronica\/estrenan-plataforma-que-promueve-el-turismo-virtual-del-maule\/\" target=\"_blank\" rel=\"noopener\">Estrenan plataforma que promueve el turismo virtual del Maule. Se refiere Felipe Besoa\u00edn, director de MauleTec y acad\u00e9mico de la Facultad de Ingenier\u00eda de la UTalca.<\/a><\/p><p>\u00a0<\/p><p><b>LA PRENSA<\/b><\/p><p><a style=\"font-style: inherit; font-weight: inherit; background-color: #ffffff; font-family: -apple-system, BlinkMacSystemFont,;\" href=\"https:\/\/www.litoralpress.cl\/paginaconsultas\/Servicios_NClip\/Get_Imagen_Nota.aspx?LPKey=75AVPGXDWQOGVD7WTTZJXVFDRJXPSO7O3KS24F2DFE5J3AUGYJ5P3KUQZLLXSLFN47ZXXA5TUTUQC\" target=\"_blank\" rel=\"noopener\">Plataforma promueve el turismo virtual del Maule. Se refiere Felipe Besoa\u00edn, director de MauleTec y acad\u00e9mico de la Facultad de Ingenier\u00eda de la UTalca.<\/a><\/p><p>\u00a0<\/p><p><b>DIARIOLAPRENSA.CL<\/b><\/p><p><a style=\"font-style: inherit; font-weight: inherit; background-color: #ffffff; font-family: -apple-system, BlinkMacSystemFont,;\" href=\"https:\/\/new.diariolaprensa.cl\/index.php\/2021\/08\/15\/plataforma-promueve-el-turismo-virtual-del-maule\/\" target=\"_blank\" rel=\"noopener\">Plataforma promueve el turismo virtual del Maule. Se refiere Felipe Besoa\u00edn, director de MauleTec y acad\u00e9mico de la Facultad de Ingenier\u00eda de la UTalca.<\/a><\/p><p>\u00a0<\/p><p><b>EL HERALDO<\/b><\/p><p><a style=\"font-style: inherit; font-weight: inherit; background-color: #ffffff; font-family: -apple-system, BlinkMacSystemFont,;\" href=\"https:\/\/www.litoralpress.cl\/paginaconsultas\/Servicios_NClip\/Get_Imagen_Nota.aspx?LPKey=IJNROSK4N2XKNHHSA54D3F3X5YU65JRABTGZKZZEVNJJQVGGEGTSDGMWVZKIF2M3P6WMGGY6ZSUWC\" target=\"_blank\" rel=\"noopener\">Estrenan plataforma que promueve el turismo virtual del Maule. Se refiere Felipe Besoa\u00edn, director de MauleTec y acad\u00e9mico de la Facultad de Ingenier\u00eda de la UTalca.<\/a><\/p><p>\u00a0<\/p><p><b>DIARIOELHERALDO.CL<\/b><\/p><p><a style=\"font-style: inherit; font-weight: inherit; background-color: #ffffff; font-family: -apple-system, BlinkMacSystemFont,;\" href=\"http:\/\/www.diarioelheraldo.cl\/noticia\/estrenan-plataforma-que-promueve-el-turismo-virtual-del-maule\" target=\"_blank\" rel=\"noopener\">Estrenan plataforma que promueve el turismo virtual del Maule. Se refiere Felipe Besoa\u00edn, director de MauleTec y acad\u00e9mico de la Facultad de Ingenier\u00eda de la UTalca.<\/a><\/p><p>\u00a0<\/p><p><b>LANOTICIA.CL<\/b><\/p><p><a style=\"font-style: inherit; font-weight: inherit; background-color: #ffffff; font-family: -apple-system, BlinkMacSystemFont,;\" href=\"https:\/\/lanoticia.cl\/estrenan-plataforma-que-promueve-el-turismo-virtual-del-maule\/\" target=\"_blank\" rel=\"noopener\">Estrenan plataforma que promueve el turismo virtual del Maule. Se refiere Felipe Besoa\u00edn, director de MauleTec y acad\u00e9mico de la Facultad de Ingenier\u00eda de la UTalca.<\/a><\/p><p>\u00a0<\/p><p><b>G5NOTICIAS.CL<\/b><\/p><p><a style=\"font-style: inherit; font-weight: inherit; background-color: #ffffff; font-family: -apple-system, BlinkMacSystemFont,;\" href=\"https:\/\/g5noticias.cl\/2021\/08\/15\/estrenan-plataforma-que-promueve-el-turismo-virtual-del-maule\/\" target=\"_blank\" rel=\"noopener\">Estrenan plataforma que promueve el turismo virtual del Maule. Se refiere Felipe Besoa\u00edn, director de MauleTec y acad\u00e9mico de la Facultad de Ingenier\u00eda de la UTalca.<\/a><\/p><p>\u00a0<\/p><p><b>EL LECTOR<\/b><\/p><p><a style=\"font-style: inherit; font-weight: inherit; background-color: #ffffff; font-family: -apple-system, BlinkMacSystemFont,;\" href=\"https:\/\/www.litoralpress.cl\/paginaconsultas\/Servicios_NClip\/Get_Imagen_Nota.aspx?LPKey=JH73BH7TR34LH2BSBZ7WIPJ37S7NMVUSSJCMBT3V7VE342RAMTCIP556ALYCXOLS4W4MXCNDV25F6\" target=\"_blank\" rel=\"noopener\">V\u00eda delivery Maule Tec difundi\u00f3 servicios tecnol\u00f3gicos para el sector turismo. Se refiere Felipe Besoa\u00edn, director de MauleTec y acad\u00e9mico de la Facultad de Ingenier\u00eda de la UTalca.<\/a><\/p><p>\u00a0<\/p><p><b>LINARESENLINEA.CL<\/b><\/p><p><a style=\"font-style: inherit; font-weight: inherit; background-color: #ffffff; font-family: -apple-system, BlinkMacSystemFont,;\" href=\"https:\/\/www.linaresenlinea.cl\/2021\/08\/14\/mauletec-difundio-servicios-tecnologicos-para-el-sector-turismo-via-delivery\/\" target=\"_blank\" rel=\"noopener\">MauleTec difundi\u00f3 servicios tecnol\u00f3gicos para el sector turismo v\u00eda delivery. Se refiere Felipe Besoa\u00edn, director de MauleTec y acad\u00e9mico de la Facultad de Ingenier\u00eda de la UTalca.<\/a><\/p><p>\u00a0<\/p><p><b>MAULEHOY.CL<\/b><\/p><p><a style=\"font-style: inherit; font-weight: inherit; background-color: #ffffff; font-family: -apple-system, BlinkMacSystemFont,;\" href=\"https:\/\/maulehoy.cl\/2021\/08\/14\/via-delivery-mauletec-difundio-serviciostecnologicos-para-el-sector-turismo\/\" target=\"_blank\" rel=\"noopener\">V\u00eda delivery MauleTec difundi\u00f3 serviciostecnol\u00f3gicos para el sector turismo. Se refiere Felipe Besoa\u00edn, director de MauleTec y acad\u00e9mico de la Facultad de Ingenier\u00eda de la UTalca.<\/a><\/p><p>\u00a0<\/p><p><b>LA PRENSA<\/b><\/p><p><a style=\"font-style: inherit; font-weight: inherit; background-color: #ffffff; font-family: -apple-system, BlinkMacSystemFont,;\" href=\"https:\/\/www.litoralpress.cl\/paginaconsultas\/Servicios_NClip\/Get_Imagen_Nota.aspx?LPKey=RJWWHSFRE5DWSCKLB2MTOSASKWDFHZ3AE757MCVMXEVR4TEIURW52FJVT73UGA3HW5QULFPKMWGVE\" target=\"_blank\" rel=\"noopener\">Centro c\u00edvico: Alcalde de Talca y ministro de Justicia avanzan en acuerdo de traspaso del terreno carcelario. Se refiere Andr\u00e9s Maraga\u00f1o, acad\u00e9mico de la Facultad de Arquitectura, M\u00fasica y Dise\u00f1o de la UTalca.<\/a><\/p><p>\u00a0<\/p><p><b>DIARIOLAPRENSA.CL<\/b><\/p><p><a style=\"font-style: inherit; font-weight: inherit; background-color: #ffffff; font-family: -apple-system, BlinkMacSystemFont,;\" href=\"https:\/\/new.diariolaprensa.cl\/index.php\/2021\/08\/14\/centro-civico-alcalde-de-talca-y-ministro-de-justicia-avanzan-en-acuerdo-de-traspaso-del-terreno-carcelario\/\" target=\"_blank\" rel=\"noopener\">Centro c\u00edvico: Alcalde de Talca y ministro de Justicia avanzan en acuerdo de traspaso del terreno carcelario. Se refiere Andr\u00e9s Maraga\u00f1o, acad\u00e9mico de la Facultad de Arquitectura, M\u00fasica y Dise\u00f1o de la UTalca.<\/a><\/p><p>\u00a0<\/p><p><b>LA PRENSA<\/b><\/p><p><a style=\"font-style: inherit; font-weight: inherit; background-color: #ffffff; font-family: -apple-system, BlinkMacSystemFont,;\" href=\"https:\/\/www.litoralpress.cl\/paginaconsultas\/Servicios_NClip\/Get_Imagen_Nota.aspx?LPKey=IJ5YZXKWUTOOAZIFOUOAW55PP2UXS2XLLDUQ4D2KURLUSEJXEKHWUY2XS4D533X7X3BH3QMTOXDSY\" target=\"_blank\" rel=\"noopener\">Gobernadora encabeza reuni\u00f3n para trabajar en el d\u00e9ficit h\u00eddrico. Se menciona la UTalca.<\/a><\/p><p>\u00a0<\/p><p><b>DIARIOLAPRENSA.CL<\/b><\/p><p><a style=\"font-style: inherit; font-weight: inherit; background-color: #ffffff; font-family: -apple-system, BlinkMacSystemFont,;\" href=\"https:\/\/new.diariolaprensa.cl\/index.php\/2021\/08\/14\/gobernadora-encabeza-reunion-para-trabajar-en-el-deficit-hidrico\/\" target=\"_blank\" rel=\"noopener\">Gobernadora encabeza reuni\u00f3n para trabajar en el d\u00e9ficit h\u00eddrico. Se menciona la UTalca.<\/a><\/p><p>\u00a0<\/p><p><b>EL HERALDO<\/b><\/p><p><a style=\"font-style: inherit; font-weight: inherit; background-color: #ffffff; font-family: -apple-system, BlinkMacSystemFont,;\" href=\"https:\/\/www.litoralpress.cl\/paginaconsultas\/Servicios_NClip\/Get_Imagen_Nota.aspx?LPKey=KHBBAEMIQ3K6M4E2MKN4AB2G2DNAHG5DRSKKQ7JJMLXWTNARWXD3AAN3UKD23PGM4XD7XIVD6QD6W\" target=\"_blank\" rel=\"noopener\">Gobernadora Regional encabeza reuni\u00f3n para trabajar en el d\u00e9ficit h\u00eddrico en el Maule. Se menciona la UTalca.<\/a><\/p><p>\u00a0<\/p><p><b>DIARIOELHERALDO.CL<\/b><\/p><p><a style=\"font-style: inherit; font-weight: inherit; background-color: #ffffff; font-family: -apple-system, BlinkMacSystemFont,;\" href=\"http:\/\/www.diarioelheraldo.cl\/noticia\/gobernadora-regional-encabeza-reunion-para-trabajar-en-el-deficit-hidrico-en-el-maule-\" target=\"_blank\" rel=\"noopener\">Gobernadora Regional encabeza reuni\u00f3n para trabajar en el d\u00e9ficit h\u00eddrico en el Maule. Se menciona la UTalca.<\/a><\/p><p>\u00a0<\/p><p><b>LINARESENLINEA.CL<\/b><\/p><p><a style=\"font-style: inherit; font-weight: inherit; background-color: #ffffff; font-family: -apple-system, BlinkMacSystemFont,;\" href=\"https:\/\/www.linaresenlinea.cl\/2021\/08\/14\/actores-del-mundo-publico-y-privado-se-reunieron-para-trabajar-en-el-deficit-hidrico-en-el-maule\/\" target=\"_blank\" rel=\"noopener\">Actores del mundo p\u00fablico y privado se reunieron para trabajar en el d\u00e9ficit h\u00eddrico en el Maule. Se menciona la UTalca.<\/a><\/p><p>\u00a0<\/p><p><b>DIARIOTALCA.CL<\/b><\/p><p><a style=\"font-style: inherit; font-weight: inherit; background-color: #ffffff; font-family: -apple-system, BlinkMacSystemFont,;\" href=\"https:\/\/www.diariotalca.cl\/fosis-maule-y-universidad-de-talca-apoyan-a-80-emprendedoras-maulinas\/\" target=\"_blank\" rel=\"noopener\">Fosis Maule y Universidad de Talca apoyan a 80 emprendedoras maulinas.<\/a><\/p><p>\u00a0<\/p><p><b>TVMAULE.CL<\/b><\/p><p><a style=\"font-style: inherit; font-weight: inherit; background-color: #ffffff; font-family: -apple-system, BlinkMacSystemFont,;\" href=\"https:\/\/www.tvmaule.cl\/como-vivir-el-luto-al-perder-a-un-ser-querido-por-covid-19\/\" target=\"_blank\" rel=\"noopener\">\u00bfC\u00f3mo vivir el luto al perder a un ser querido por COVID-19? Se refiere Nadia Ramos, acad\u00e9mica de la Facultad de Psicolog\u00eda de la UTalca.<\/a><\/p><p>\u00a0<\/p><p><b>TALCACAPITAL.CL<\/b><\/p><p><a style=\"font-style: inherit; font-weight: inherit; background-color: #ffffff; font-family: -apple-system, BlinkMacSystemFont,;\" href=\"https:\/\/talcacapital.cl\/como-vivir-el-luto-al-perder-a-un-ser-querido-por-covid-19\/\" target=\"_blank\" rel=\"noopener\">\u00bfC\u00f3mo vivir el luto al perder a un ser querido por COVID-19? Se refiere Nadia Ramos, acad\u00e9mica de la Facultad de Psicolog\u00eda de la UTalca.<\/a><\/p><p>\u00a0<\/p><p><b>CENTROSURNOTICIAS.CL<\/b><\/p><p><a style=\"font-style: inherit; font-weight: inherit; background-color: #ffffff; font-family: -apple-system, BlinkMacSystemFont,;\" href=\"https:\/\/centrosurnoticias.cl\/como-vivir-el-luto-al-perder-a-un-ser-querido-por-covid-19\/\" target=\"_blank\" rel=\"noopener\">\u00bfC\u00f3mo vivir el luto al perder a un ser querido por COVID-19? Se refiere Nadia Ramos, acad\u00e9mica de la Facultad de Psicolog\u00eda de la UTalca.<\/a><\/p><p>\u00a0<\/p><p><b>EL LECTOR<\/b><\/p><p><a style=\"font-style: inherit; font-weight: inherit; background-color: #ffffff; font-family: -apple-system, BlinkMacSystemFont,;\" href=\"https:\/\/www.litoralpress.cl\/paginaconsultas\/Servicios_NClip\/Get_Imagen_Nota.aspx?LPKey=QN6ZT7GZX6R6PWKDKE76YLSR2FRGNEJLCI6OUPSGD2NZLKVNGRW7W4FTZPJKMQZFW2TCHSNYYBYUS\" target=\"_blank\" rel=\"noopener\">Portada: Proyecto denominado \u201cEmprende &#8211; Fin Tech\u201d FOSIS y UTalca mejoran las competencias financieras y tecnol\u00f3gicas de 80 emprendedoras maulinas.<\/a><\/p><p>\u00a0<\/p><p><b>EL LECTOR<\/b><\/p><p><a style=\"font-style: inherit; font-weight: inherit; background-color: #ffffff; font-family: -apple-system, BlinkMacSystemFont,;\" href=\"https:\/\/www.litoralpress.cl\/paginaconsultas\/Servicios_NClip\/Get_Imagen_Nota.aspx?LPKey=NTGMBAUSTJNYMFR24RUPFTYPGEZ2WG7O3TQVEDV4WUSIHSQ25WOW6HGMDRPJK5NEBJVIUXSUEZYX4\" target=\"_blank\" rel=\"noopener\">Proyecto denominado \u201cEmprende &#8211; Fin Tech\u201d FOSIS y UTalca mejoran las competencias financieras y tecnol\u00f3gicas de 80 emprendedoras maulinas.<\/a><\/p><p>\u00a0<\/p><p><b>RADIO ADN<\/b><\/p><p><a style=\"font-style: inherit; font-weight: inherit; background-color: #ffffff; font-family: -apple-system, BlinkMacSystemFont,;\" href=\"https:\/\/www.litoralpress.cl\/sitio\/RadioTV_Detalles.cshtml?LPKey=OHWL3MKHO4IT4W7BWUCIEYZRY4DFBX246FUYUHKID2D2S4DUTSMA\" target=\"_blank\" rel=\"noopener\">Lista del Pueblo dej\u00f3 fuera a Cristi\u00e1n Cuevas de la consulta ciudadana. Se refiere Mauricio Morales, director de Centro de An\u00e1lisis Pol\u00edtico (CAP) de la UTalca.<\/a><\/p><p>\u00a0<\/p><p><b>CANAL TVN RED MAULE<\/b><\/p><p><a style=\"font-style: inherit; font-weight: inherit; background-color: #ffffff; font-family: -apple-system, BlinkMacSystemFont,;\" href=\"https:\/\/www.litoralpress.cl\/sitio\/RadioTV_Detalles.cshtml?LPKey=O5TVD5SRNRCQU5FFYOSXIQTONSPMSW4ECTJWSQNCVJ4NLOJMRR2A\" target=\"_blank\" rel=\"noopener\">Talca: concluye el Congreso del Folclor. Se menciona el canal de Youtube de Extensi\u00f3n UTalca.<\/a><\/p><p>\u00a0<\/p><p><b>CAUQUENESNET.CL<\/b><\/p><p><a style=\"font-style: inherit; font-weight: inherit; background-color: #ffffff; font-family: -apple-system, BlinkMacSystemFont,;\" href=\"https:\/\/cauquenesnet.cl\/2021\/08\/15\/uppa-animado-la-nueva-web-serie-que-estrena-explora-maule\/\" target=\"_blank\" rel=\"noopener\">\u201cUppa Animado\u201d, la nueva web serie que estrena Explora Maule.<\/a><\/p><p>\u00a0<\/p><p><b>CHILLANONLINE.CL<\/b><\/p><p><a style=\"font-style: inherit; font-weight: inherit; background-color: #ffffff; font-family: -apple-system, BlinkMacSystemFont,;\" href=\"https:\/\/www.chillanonline.cl\/V5\/minvu-abre-concurso-de-vivienda-rural-para-estudiantes-de-arquitectura-del-biobio-nuble-y-la-araucania\/\" target=\"_blank\" rel=\"noopener\">Minvu abre concurso de Vivienda Rural para estudiantes de arquitectura del Biob\u00edo, \u00d1uble y la Araucan\u00eda. Se menciona a la UTalca.<\/a><\/p>\t\t\t\t\t\t<\/div>\n\t\t\t\t<\/div>\n\t\t\t\t\t<\/div>\n\t\t<\/div>\n\t\t\t\t\t\t\t<\/div>\n\t\t<\/section>\n\t\t\t\t\t\t<\/div>\n\t\t\t\t\t<\/div>\n\t\t","protected":false},"excerpt":{"rendered":"<p>CANAL 13 Bienvenidos: Alerta por cambio clim\u00e1tico. Se refiere Patricio Gonz\u00e1lez, agroclimat\u00f3logo de la UTalca. \u00a0 EL MERCURIO Logran ser m\u00e1s inmersivos y cre\u00edbles: Los videojuegos se acercan cada vez m\u00e1s a las im\u00e1genes y los movimientos reales. Se refiere Marco Gonz\u00e1lez, acad\u00e9mico de la carrera de Ingenier\u00eda en Desarrollo de Videojuegos y Realidad Virtual &hellip;<\/p>\n<p class=\"read-more\"> <a class=\"\" href=\"https:\/\/www.reportedeprensa.utalca.cl\/?p=1676\"> <span class=\"screen-reader-text\">16 de agosto de 2021<\/span> Read More &raquo;<\/a><\/p>\n","protected":false},"author":1,"featured_media":0,"comment_status":"closed","ping_status":"open","sticky":false,"template":"elementor_theme","format":"standard","meta":{"_monsterinsights_skip_tracking":false,"_monsterinsights_sitenote_active":false,"_monsterinsights_sitenote_note":"","_monsterinsights_sitenote_category":0},"categories":[11],"tags":[],"_links":{"self":[{"href":"https:\/\/www.reportedeprensa.utalca.cl\/index.php?rest_route=\/wp\/v2\/posts\/1676"}],"collection":[{"href":"https:\/\/www.reportedeprensa.utalca.cl\/index.php?rest_route=\/wp\/v2\/posts"}],"about":[{"href":"https:\/\/www.reportedeprensa.utalca.cl\/index.php?rest_route=\/wp\/v2\/types\/post"}],"author":[{"embeddable":true,"href":"https:\/\/www.reportedeprensa.utalca.cl\/index.php?rest_route=\/wp\/v2\/users\/1"}],"replies":[{"embeddable":true,"href":"https:\/\/www.reportedeprensa.utalca.cl\/index.php?rest_route=%2Fwp%2Fv2%2Fcomments&post=1676"}],"version-history":[{"count":4,"href":"https:\/\/www.reportedeprensa.utalca.cl\/index.php?rest_route=\/wp\/v2\/posts\/1676\/revisions"}],"predecessor-version":[{"id":1680,"href":"https:\/\/www.reportedeprensa.utalca.cl\/index.php?rest_route=\/wp\/v2\/posts\/1676\/revisions\/1680"}],"wp:attachment":[{"href":"https:\/\/www.reportedeprensa.utalca.cl\/index.php?rest_route=%2Fwp%2Fv2%2Fmedia&parent=1676"}],"wp:term":[{"taxonomy":"category","embeddable":true,"href":"https:\/\/www.reportedeprensa.utalca.cl\/index.php?rest_route=%2Fwp%2Fv2%2Fcategories&post=1676"},{"taxonomy":"post_tag","embeddable":true,"href":"https:\/\/www.reportedeprensa.utalca.cl\/index.php?rest_route=%2Fwp%2Fv2%2Ftags&post=1676"}],"curies":[{"name":"wp","href":"https:\/\/api.w.org\/{rel}","templated":true}]}}