{"id":1687,"date":"2021-08-17T09:40:05","date_gmt":"2021-08-17T12:40:05","guid":{"rendered":"https:\/\/www.reportedeprensa.utalca.cl\/?p=1687"},"modified":"2021-08-17T09:47:29","modified_gmt":"2021-08-17T12:47:29","slug":"17-de-agosto-de-2021","status":"publish","type":"post","link":"https:\/\/www.reportedeprensa.utalca.cl\/?p=1687","title":{"rendered":"17 de agosto de 2021"},"content":{"rendered":"\t\t<div data-elementor-type=\"wp-post\" data-elementor-id=\"1687\" class=\"elementor elementor-1687\" data-elementor-settings=\"[]\">\n\t\t\t\t\t\t\t<div class=\"elementor-section-wrap\">\n\t\t\t\t\t\t\t<section class=\"elementor-section elementor-top-section elementor-element elementor-element-a06ca45 elementor-section-boxed elementor-section-height-default elementor-section-height-default\" data-id=\"a06ca45\" data-element_type=\"section\">\n\t\t\t\t\t\t<div class=\"elementor-container elementor-column-gap-default\">\n\t\t\t\t\t<div class=\"elementor-column elementor-col-100 elementor-top-column elementor-element elementor-element-1486c35\" data-id=\"1486c35\" data-element_type=\"column\">\n\t\t\t<div class=\"elementor-widget-wrap elementor-element-populated\">\n\t\t\t\t\t\t\t\t<div class=\"elementor-element elementor-element-42b145e elementor-widget elementor-widget-text-editor\" data-id=\"42b145e\" data-element_type=\"widget\" data-widget_type=\"text-editor.default\">\n\t\t\t\t<div class=\"elementor-widget-container\">\n\t\t\t\t\t\t\t\t<p><b>ADPRENSA.CL<\/b><\/p><p><a style=\"font-style: inherit; font-weight: inherit; background-color: #ffffff; font-family: -apple-system, BlinkMacSystemFont,;\" href=\"https:\/\/www.adprensa.cl\/cronica\/utalca-y-gobernacion-regional-estrechan-vinculos-para-potenciar-desarrollo-del-maule\/\" target=\"_blank\" rel=\"noopener\">UTalca y Gobernaci\u00f3n Regional estrechan v\u00ednculos para potenciar desarrollo del Maule.<\/a><\/p><p>\u00a0<\/p><p><b>UNIVERSIDADESESTATALES.CL<\/b><\/p><p><a style=\"font-style: inherit; font-weight: inherit; background-color: #ffffff; font-family: -apple-system, BlinkMacSystemFont,;\" href=\"http:\/\/www.universidadesestatales.cl\/cue\/?q=node\/9110\" target=\"_blank\" rel=\"noopener\">UTalca y Gobernaci\u00f3n Regional estrechan v\u00ednculos para potenciar desarrollo del Maule.<\/a><\/p><p>\u00a0<\/p><p><b>DIARIO TALCA<\/b><\/p><p><a style=\"font-style: inherit; font-weight: inherit; background-color: #ffffff; font-family: -apple-system, BlinkMacSystemFont,;\" href=\"https:\/\/www.litoralpress.cl\/paginaconsultas\/Servicios_NClip\/Get_Imagen_Nota.aspx?LPKey=SZA5AZ2FPCGNS4O7WFMINEURTCVQIJ6UPBKRYI6U7XH7ZU7YS4JPJD2HVP7PLQKIGHPZY3AEXGMDQ\" target=\"_blank\" rel=\"noopener\">UTalca y Gobernaci\u00f3n Regional estrechan v\u00ednculos para potenciar desarrollo del Maule.<\/a><\/p><p>\u00a0<\/p><p><b>DIARIOTALCA.CL<\/b><\/p><p><a style=\"font-style: inherit; font-weight: inherit; background-color: #ffffff; font-family: -apple-system, BlinkMacSystemFont,;\" href=\"https:\/\/www.diariotalca.cl\/utalca-y-gobernacion-regional-buscan-potenciar-desarrollo-del-mau\" target=\"_blank\" rel=\"noopener\">UTalca y Gobernaci\u00f3n Regional estrechan v\u00ednculos para potenciar desarrollo del Maule.<\/a><\/p><p>\u00a0<\/p><p><b>LAS \u00daLTIMAS NOTICIAS<\/b><\/p><p><a style=\"font-style: inherit; font-weight: inherit; background-color: #ffffff; font-family: -apple-system, BlinkMacSystemFont,;\" href=\"https:\/\/www.litoralpress.cl\/paginaconsultas\/Servicios_NClip\/Get_Imagen_Nota.aspx?LPKey=WNFFN24RQ7HCLI5PTTMJCTGNYHS3EAZFVYVWDLU6XGXH6WRJNW2FVZZXKNCL4A27ZY3DUOSQRCR3Q\" target=\"_blank\" rel=\"noopener\">Kinesi\u00f3loga cre\u00f3 una aeroc\u00e1mara plegable y port\u00e1til para inhaladores. Se refiere C\u00e9sar \u00c1vila, kinesi\u00f3logo del Centro Tecnol\u00f3gico de Telerrehabilitaci\u00f3n y Neurociencias en el Movimiento Humano de la UTalca.<\/a><\/p><p>\u00a0<\/p><p><b>ELMOSTRADOR<\/b><\/p><p><a style=\"font-style: inherit; font-weight: inherit; background-color: #ffffff; font-family: -apple-system, BlinkMacSystemFont,;\" href=\"https:\/\/www.elmostrador.cl\/generacion-m\/2021\/08\/17\/estrenan-plataforma-que-promueve-el-turismo-virtual-del-maule\/\" target=\"_blank\" rel=\"noopener\">Estrenan plataforma que promueve el turismo virtual del Maule. Se refiere Felipe Besoa\u00edn, director de MauleTec y acad\u00e9mico de la Facultad de Ingenier\u00eda de la UTalca.<\/a><\/p><p>\u00a0<\/p><p><b>REDMAULE.COM<\/b><\/p><p><a style=\"font-style: inherit; font-weight: inherit; background-color: #ffffff; font-family: -apple-system, BlinkMacSystemFont,;\" href=\"https:\/\/www.redmaule.com\/regional\/crean-plataforma-para-promover-el-turismo-virtual-del-maule\" target=\"_blank\" rel=\"noopener\">Crean plataforma para promover el turismo virtual del Maule. Se refiere Felipe Besoa\u00edn, director de MauleTec y acad\u00e9mico de la Facultad de Ingenier\u00eda de la UTalca.<\/a><\/p><p>\u00a0<\/p><p><b>PLATAFORMAARQUITECTURA.CL<\/b><\/p><p><a style=\"font-style: inherit; font-weight: inherit; background-color: #ffffff; font-family: -apple-system, BlinkMacSystemFont,;\" href=\"https:\/\/www.plataformaarquitectura.cl\/cl\/966785\/22-ganadores-del-concurso-nacional-de-proyectos-de-pregrado-y-titulo-cnpp-plus-cnpt-2021\" target=\"_blank\" rel=\"noopener\">22 ganadores del Concurso Nacional de Proyectos de Pregrado y T\u00edtulo CNPP + CNPT 2021. Se menciona como uno de los triunfadores al estudiante de la Escuela de Arquitectura de la UTalca, Sebasti\u00e1n Mej\u00edas. Tambi\u00e9n se menciona al acad\u00e9mico Eduardo Aguirre.<\/a><\/p><p>\u00a0<\/p><p><b>ATENTOS.CL<\/b><\/p><p><a style=\"font-style: inherit; font-weight: inherit; background-color: #ffffff; font-family: -apple-system, BlinkMacSystemFont,;\" href=\"https:\/\/www.atentos.cl\/experto-llama-a-la-cautela-y-a-mantener-los-cuidados-ante-proximas-fiestas-patrias\/\" target=\"_blank\" rel=\"noopener\">Experto llama a la cautela y a mantener los cuidados ante pr\u00f3ximas Fiestas Patrias. Se refiere Daniel Jim\u00e9nez, director de Salud del Estudiante de la UTalca.<\/a><\/p><p>\u00a0<\/p><p><b>RADIOMAGALLANES.CL<\/b><\/p><p><a style=\"font-style: inherit; font-weight: inherit; background-color: #ffffff; font-family: -apple-system, BlinkMacSystemFont,;\" href=\"https:\/\/www.radiomagallanes.cl\/noticia.php?id_not=97402\" target=\"_blank\" rel=\"noopener\">Experto llama a la cautela y a mantener los cuidados ante pr\u00f3ximas Fiestas Patrias. Se refiere Daniel Jim\u00e9nez, director de Salud del Estudiante de la UTalca.<\/a><\/p><p>\u00a0<\/p><p><b>LANOTICIA.CL<\/b><\/p><p><a style=\"font-style: inherit; font-weight: inherit; background-color: #ffffff; font-family: -apple-system, BlinkMacSystemFont,;\" href=\"https:\/\/lanoticia.cl\/gobernadora-regional-encabeza-reunion-para-trabajar-en-el-deficit-hidrico-en-el-maule\/\" target=\"_blank\" rel=\"noopener\">Gobernadora regional encabeza reuni\u00f3n para trabajar en d\u00e9ficit h\u00eddrico en el Maule. Se menciona a la UTalca.<\/a><\/p><p>\u00a0<\/p><p><b>DIARIO TALCA<\/b><\/p><p><a style=\"font-style: inherit; font-weight: inherit; background-color: #ffffff; font-family: -apple-system, BlinkMacSystemFont,;\" href=\"https:\/\/www.litoralpress.cl\/sitio\/Prensa_PaginaCompleta.cshtml?LPKey=BVCSLLTEC335U7B7QRNEMCAZZ37RDSUQKE25COXNDOQEW2QGROFQ\" target=\"_blank\" rel=\"noopener\">Confirman que terreno de la actual c\u00e1rcel de Talca se transformar\u00e1 en un centro c\u00edvico. Se refiere Andr\u00e9s Maraga\u00f1o, acad\u00e9mico de la Escuela de Arquitectura de la UTalca.<\/a><\/p><p>\u00a0<\/p><p><b>LAVOZDECURICO.CL<\/b><\/p><p><a style=\"font-style: inherit; font-weight: inherit; background-color: #ffffff; font-family: -apple-system, BlinkMacSystemFont,;\" href=\"https:\/\/www.lavozdecurico.cl\/post.php?name=11061_\" target=\"_blank\" rel=\"noopener\">Centro c\u00edvico: Alcalde de Talca y ministro de Justicia avanzan en acuerdo para traspaso de terreno de la c\u00e1rcel. Se refiere Andr\u00e9s Maraga\u00f1o, acad\u00e9mico de la Escuela de Arquitectura de la UTalca.<\/a><\/p><p>\u00a0<\/p><p><b>DIARIOELHERALDO.CL<\/b><\/p><p><a style=\"font-style: inherit; font-weight: inherit; background-color: #ffffff; font-family: -apple-system, BlinkMacSystemFont,;\" href=\"http:\/\/www.diarioelheraldo.cl\/noticia\/alfalfa-una-solucion-al-deficit-hidrico\" target=\"_blank\" rel=\"noopener\">Alfalfa: una soluci\u00f3n al d\u00e9ficit h\u00eddrico. Se menciona a Alejandro del Pozo, acad\u00e9mico de la Facultad de Agronom\u00eda de la UTalca.<\/a><\/p><p>\u00a0<\/p><p><b>LAQUINTAEMPRENDE.CL<\/b><\/p><p><a style=\"font-style: inherit; font-weight: inherit; background-color: #ffffff; font-family: -apple-system, BlinkMacSystemFont,;\" href=\"https:\/\/laquintaemprende.cl\/2021\/08\/alfalfa-una-solucion-al-deficit-hidrico\/\" target=\"_blank\" rel=\"noopener\">Alfalfa: una soluci\u00f3n al d\u00e9ficit h\u00eddrico. Se menciona a Alejandro del Pozo, acad\u00e9mico de la Facultad de Agronom\u00eda de la UTalca.<\/a><\/p><p>\u00a0<\/p><p><b>DIARIO TALCA<\/b><\/p><p><a style=\"font-style: inherit; font-weight: inherit; background-color: #ffffff; font-family: -apple-system, BlinkMacSystemFont,;\" href=\"https:\/\/www.litoralpress.cl\/sitio\/Prensa_PaginaCompleta.cshtml?LPKey=VHDKWPMPGVG3C6XL6VLJSIUNYUHFVESPKJ575AVJQ6ENFXKOGHBA\" target=\"_blank\" rel=\"noopener\">Premio Nacional a Manuel Rojas. Se menciona Centro de Documentaci\u00f3n Patrimonial UTalca.<\/a><\/p><p>\u00a0<\/p><p><b>CAUQUUENES.NET<\/b><\/p><p><a style=\"font-style: inherit; font-weight: inherit; background-color: #ffffff; font-family: -apple-system, BlinkMacSystemFont,;\" href=\"https:\/\/cauquenesnet.cl\/2021\/08\/15\/uppa-animado-la-nueva-web-serie-que-estrena-explora-maule\/comment-page-1\/\" target=\"_blank\" rel=\"noopener\">\u201cUppa Animado\u201d, la nueva web serie que estrena Explora Maule.<\/a><\/p><p>\u00a0<\/p><p><b>PORTALEDUCACION.CL<\/b><\/p><p><a style=\"font-style: inherit; font-weight: inherit; background-color: #ffffff; font-family: -apple-system, BlinkMacSystemFont,;\" href=\"https:\/\/portaleducacion.cl\/index.php\/2021\/08\/16\/conferencia-analizara-los-desafios-de-la-ensenanza-del-ingles\/\" target=\"_blank\" rel=\"noopener\">Conferencia analizar\u00e1 los desaf\u00edos de la ense\u00f1anza del ingl\u00e9s. Se menciona Escuela de Pedagog\u00edas en Ingl\u00e9s de la UTalca.<\/a><\/p><p>\u00a0<\/p><p><b>TRADE-NEWS.CL<\/b><\/p><p><a style=\"font-style: inherit; font-weight: inherit; background-color: #ffffff; font-family: -apple-system, BlinkMacSystemFont,;\" href=\"https:\/\/trade-news.cl\/2021\/08\/16\/minvu-abre-concurso-de-vivienda-rural-para-estudiantes-de-arquitectura\/?utm_source=rss#038;utm_medium=rss&amp;#038;utm_campaign=minvu-abre-concurso-de-vivienda-rural-para-estudiantes-de-arquitectura\/\" target=\"_blank\" rel=\"noopener\">Minvu abre concurso de Vivienda Rural para estudiantes de arquitectura. Se menciona a la UTalca.<\/a><\/p>\t\t\t\t\t\t<\/div>\n\t\t\t\t<\/div>\n\t\t\t\t\t<\/div>\n\t\t<\/div>\n\t\t\t\t\t\t\t<\/div>\n\t\t<\/section>\n\t\t\t\t\t\t<\/div>\n\t\t\t\t\t<\/div>\n\t\t","protected":false},"excerpt":{"rendered":"<p>ADPRENSA.CL UTalca y Gobernaci\u00f3n Regional estrechan v\u00ednculos para potenciar desarrollo del Maule. \u00a0 UNIVERSIDADESESTATALES.CL UTalca y Gobernaci\u00f3n Regional estrechan v\u00ednculos para potenciar desarrollo del Maule. \u00a0 DIARIO TALCA UTalca y Gobernaci\u00f3n Regional estrechan v\u00ednculos para potenciar desarrollo del Maule. \u00a0 DIARIOTALCA.CL UTalca y Gobernaci\u00f3n Regional estrechan v\u00ednculos para potenciar desarrollo del Maule. \u00a0 LAS \u00daLTIMAS &hellip;<\/p>\n<p class=\"read-more\"> <a class=\"\" href=\"https:\/\/www.reportedeprensa.utalca.cl\/?p=1687\"> <span class=\"screen-reader-text\">17 de agosto de 2021<\/span> Read More &raquo;<\/a><\/p>\n","protected":false},"author":1,"featured_media":0,"comment_status":"closed","ping_status":"open","sticky":false,"template":"elementor_theme","format":"standard","meta":{"_monsterinsights_skip_tracking":false,"_monsterinsights_sitenote_active":false,"_monsterinsights_sitenote_note":"","_monsterinsights_sitenote_category":0},"categories":[11],"tags":[],"_links":{"self":[{"href":"https:\/\/www.reportedeprensa.utalca.cl\/index.php?rest_route=\/wp\/v2\/posts\/1687"}],"collection":[{"href":"https:\/\/www.reportedeprensa.utalca.cl\/index.php?rest_route=\/wp\/v2\/posts"}],"about":[{"href":"https:\/\/www.reportedeprensa.utalca.cl\/index.php?rest_route=\/wp\/v2\/types\/post"}],"author":[{"embeddable":true,"href":"https:\/\/www.reportedeprensa.utalca.cl\/index.php?rest_route=\/wp\/v2\/users\/1"}],"replies":[{"embeddable":true,"href":"https:\/\/www.reportedeprensa.utalca.cl\/index.php?rest_route=%2Fwp%2Fv2%2Fcomments&post=1687"}],"version-history":[{"count":4,"href":"https:\/\/www.reportedeprensa.utalca.cl\/index.php?rest_route=\/wp\/v2\/posts\/1687\/revisions"}],"predecessor-version":[{"id":1691,"href":"https:\/\/www.reportedeprensa.utalca.cl\/index.php?rest_route=\/wp\/v2\/posts\/1687\/revisions\/1691"}],"wp:attachment":[{"href":"https:\/\/www.reportedeprensa.utalca.cl\/index.php?rest_route=%2Fwp%2Fv2%2Fmedia&parent=1687"}],"wp:term":[{"taxonomy":"category","embeddable":true,"href":"https:\/\/www.reportedeprensa.utalca.cl\/index.php?rest_route=%2Fwp%2Fv2%2Fcategories&post=1687"},{"taxonomy":"post_tag","embeddable":true,"href":"https:\/\/www.reportedeprensa.utalca.cl\/index.php?rest_route=%2Fwp%2Fv2%2Ftags&post=1687"}],"curies":[{"name":"wp","href":"https:\/\/api.w.org\/{rel}","templated":true}]}}