{"id":1698,"date":"2021-08-18T09:24:46","date_gmt":"2021-08-18T12:24:46","guid":{"rendered":"https:\/\/www.reportedeprensa.utalca.cl\/?p=1698"},"modified":"2021-08-18T09:32:34","modified_gmt":"2021-08-18T12:32:34","slug":"18-de-agosto-de-2021","status":"publish","type":"post","link":"https:\/\/www.reportedeprensa.utalca.cl\/?p=1698","title":{"rendered":"18 de agosto de 2021"},"content":{"rendered":"\t\t<div data-elementor-type=\"wp-post\" data-elementor-id=\"1698\" class=\"elementor elementor-1698\" data-elementor-settings=\"[]\">\n\t\t\t\t\t\t\t<div class=\"elementor-section-wrap\">\n\t\t\t\t\t\t\t<section class=\"elementor-section elementor-top-section elementor-element elementor-element-a06ca45 elementor-section-boxed elementor-section-height-default elementor-section-height-default\" data-id=\"a06ca45\" data-element_type=\"section\">\n\t\t\t\t\t\t<div class=\"elementor-container elementor-column-gap-default\">\n\t\t\t\t\t<div class=\"elementor-column elementor-col-100 elementor-top-column elementor-element elementor-element-1486c35\" data-id=\"1486c35\" data-element_type=\"column\">\n\t\t\t<div class=\"elementor-widget-wrap elementor-element-populated\">\n\t\t\t\t\t\t\t\t<div class=\"elementor-element elementor-element-42b145e elementor-widget elementor-widget-text-editor\" data-id=\"42b145e\" data-element_type=\"widget\" data-widget_type=\"text-editor.default\">\n\t\t\t\t<div class=\"elementor-widget-container\">\n\t\t\t\t\t\t\t\t<p><b>ADPRENSA.CL<\/b><\/p><p><a style=\"font-style: inherit; font-weight: inherit; background-color: #ffffff; font-family: -apple-system, BlinkMacSystemFont,;\" href=\"https:\/\/www.adprensa.cl\/cronica\/cientificos-desarrollan-material-sustentable-que-mezcla-plastico-y-madera-reciclados\/\" target=\"_blank\" rel=\"noopener\">Cient\u00edficos desarrollan material sustentable que mezcla pl\u00e1stico y madera reciclados. Se refiere Pablo Villalobos, vicerrector de Innovaci\u00f3n y Transferencia Tecnol\u00f3gica y Gonzalo Pincheira, acad\u00e9mico de la Facultad de Ingenier\u00eda de la UTalca.<\/a><\/p><p>\u00a0<\/p><p><b>LINARESENLINEA.CL<\/b><\/p><p><a style=\"font-style: inherit; font-weight: inherit; background-color: #ffffff; font-family: -apple-system, BlinkMacSystemFont,;\" href=\"https:\/\/www.linaresenlinea.cl\/2021\/08\/17\/cientificos-maulinos-desarrollan-material-sustentable-con-elementos-reciclados\/\" target=\"_blank\" rel=\"noopener\">Cient\u00edficos maulinos desarrollan material sustentable con elementos reciclados. Se refiere Pablo Villalobos, vicerrector de Innovaci\u00f3n y Transferencia Tecnol\u00f3gica y Gonzalo Pincheira, acad\u00e9mico de la Facultad de Ingenier\u00eda de la UTalca.<\/a><\/p><p>\u00a0<\/p><p><b>LANOTICIA.CL<\/b><\/p><p><a style=\"font-style: inherit; font-weight: inherit; background-color: #ffffff; font-family: -apple-system, BlinkMacSystemFont,;\" href=\"https:\/\/lanoticia.cl\/utalca-y-gobernacion-regional-estrechan-vinculos-para-potenciar-desarrollo-del-maule\/\" target=\"_blank\" rel=\"noopener\">UTalca y gobernaci\u00f3n regional estrechan v\u00ednculos para potenciar desarrollo del Maule.<\/a><\/p><p>\u00a0<\/p><p><b>CANAL TVN RED MAULE<\/b><\/p><p><a style=\"font-style: inherit; font-weight: inherit; background-color: #ffffff; font-family: -apple-system, BlinkMacSystemFont,;\" href=\"https:\/\/www.litoralpress.cl\/sitio\/RadioTV_Detalles.cshtml?LPKey=QO4BISGMD66FBZMQ44HRJKSIKYXVHDWUQWTQ34DQEJJHG3WN675Q\" target=\"_blank\" rel=\"noopener\">Sistema frontal con intermitentes lluvias y nieve. Se refiere Patricio Gonz\u00e1lez, agroclimat\u00f3logo de la UTalca.<\/a><\/p><p>\u00a0<\/p><p><b>CANAL CONTIVISI\u00d3N<\/b><\/p><p><a style=\"font-style: inherit; font-weight: inherit; background-color: #ffffff; font-family: -apple-system, BlinkMacSystemFont,;\" href=\"https:\/\/www.litoralpress.cl\/sitio\/RadioTV_Detalles.cshtml?LPKey=5BRCCG4TM2GZKNSBZFVXSXAAJ3K4HWWZTLECQ7G4OW5OKKDZW5TA\" target=\"_blank\" rel=\"noopener\">Pronostican intensas lluvias en la Regi\u00f3n del Maule. Se refiere Patricio Gonz\u00e1lez, agroclimat\u00f3logo de la UTalca.<\/a><\/p><p>\u00a0<\/p><p><b>RADIO VLN<\/b><\/p><p><a style=\"font-style: inherit; font-weight: inherit; background-color: #ffffff; font-family: -apple-system, BlinkMacSystemFont,;\" href=\"https:\/\/www.litoralpress.cl\/sitio\/RadioTV_Detalles.cshtml?LPKey=P4LNWEBDWIIM5CA4VBHZ7FNEH2W5PIWXCYVU7KZ3I4HAJIZLER7A\" target=\"_blank\" rel=\"noopener\">Entrevista a Patricio Gonz\u00e1lez, agroclimat\u00f3logo de la UTalca.<\/a><\/p><p>\u00a0<\/p><p><b>DIARIOTALCA.CL<\/b><\/p><p><a style=\"font-style: inherit; font-weight: inherit; background-color: #ffffff; font-family: -apple-system, BlinkMacSystemFont,;\" href=\"https:\/\/www.diariotalca.cl\/desde-el-miercoles-comienzan-las-lluvias-intensas-y-dejaran-heladas-bajo-cero\/\" target=\"_blank\" rel=\"noopener\">Desde el mi\u00e9rcoles comienzan las lluvias intensas y dejar\u00e1n heladas bajo cero. Se refiere Patricio Gonz\u00e1lez, agroclimat\u00f3logo de la UTalca.<\/a><\/p><p>\u00a0<\/p><p><b>ELTIP\u00d3GRAFO.CL<\/b><\/p><p><a style=\"font-style: inherit; font-weight: inherit; background-color: #ffffff; font-family: -apple-system, BlinkMacSystemFont,;\" href=\"https:\/\/eltipografo.cl\/2021\/08\/delta-podria-ser-la-variante-dominante-en-chile-dentro-de-un-mes\" target=\"_blank\" rel=\"noopener\">Delta podr\u00eda ser la variante dominante en Chile dentro de un mes. Se refiere Sergio Wehinger, director del Mag\u00edster en Ciencias Biom\u00e9dicas de la UTalca.<\/a><\/p><p>\u00a0<\/p><p><b>EL HERALDO<\/b><\/p><p><a style=\"font-style: inherit; font-weight: inherit; background-color: #ffffff; font-family: -apple-system, BlinkMacSystemFont,;\" href=\"https:\/\/www.litoralpress.cl\/paginaconsultas\/Servicios_NClip\/Get_Imagen_Nota.aspx?LPKey=KD5LQMDHWBQNXLQ5WTZPASRV37EJ7YZOGAFC4RK7YBCQRNNEBT7ZNCBKKJ7A72TIOKEGJP6DM6BEA\" target=\"_blank\" rel=\"noopener\">Alfalfa: una soluci\u00f3n al d\u00e9ficit h\u00eddrico. Se menciona a Alejandro del Pozo, acad\u00e9mico de la Facultad de Agronom\u00eda de la UTalca.<\/a><\/p><p>\u00a0<\/p><p><b>CANAL 24 HORAS<\/b><\/p><p><a style=\"font-style: inherit; font-weight: inherit; background-color: #ffffff; font-family: -apple-system, BlinkMacSystemFont,;\" href=\"https:\/\/www.litoralpress.cl\/sitio\/RadioTV_Detalles.cshtml?LPKey=FAFEEFRCAIBEB77H2UWD2HDYK44F75K3OJMPKUOVLQLV66BZCI6A\" target=\"_blank\" rel=\"noopener\">Entrevista a Mauricio Morales, director del Centro de An\u00e1lisis Pol\u00edtico (CAP) de la UTalca.<\/a><\/p><p>\u00a0<\/p><p><b>24HORAS.CL<\/b><\/p><p><a style=\"font-style: inherit; font-weight: inherit; background-color: #ffffff; font-family: -apple-system, BlinkMacSystemFont,;\" href=\"https:\/\/www.24horas.cl\/programas\/entrevistas\/conoce-todos-los-detalles-para-la-consulta-ciudadana-del-proximo-21-de-agosto-4926580\" target=\"_blank\" rel=\"noopener\">Conoce todos los detalles para la consulta ciudadana del pr\u00f3ximo 21 de agosto. Se refiere Mauricio Morales, director del Centro de An\u00e1lisis Pol\u00edtico (CAP) de la UTalca.<\/a><\/p><p>\u00a0<\/p><p><b>EMOL.COM<\/b><\/p><p><a style=\"font-style: inherit; font-weight: inherit; background-color: #ffffff; font-family: -apple-system, BlinkMacSystemFont,;\" href=\"https:\/\/www.emol.com\/noticias\/Nacional\/2021\/08\/17\/1029828\/participacion-clave-consulta-unidad-constituyente.html\" target=\"_blank\" rel=\"noopener\">A cuatro d\u00edas de la consulta en Unidad Constituyente: \u00bfHay espacio para una sorpresa como en las primarias legales? Se refiere Mauricio Morales, director del Centro de An\u00e1lisis Pol\u00edtico (CAP) de la UTalca.<\/a><\/p><p>\u00a0<\/p><p><b>LA DISCUSI\u00d3N<\/b><\/p><p><a style=\"font-style: inherit; font-weight: inherit; background-color: #ffffff; font-family: -apple-system, BlinkMacSystemFont,;\" href=\"https:\/\/www.litoralpress.cl\/paginaconsultas\/Servicios_NClip\/Get_Imagen_Nota.aspx?LPKey=PHKG6LZJHDNA42NNOF6LVBWQBM4KBZ3X75TBITFD6PR3EGGXL6QFZNQK3QAB62HFEX6MRXIOQ3LT2\" target=\"_blank\" rel=\"noopener\">Escuela de Espectadores Cr\u00edticos comenz\u00f3 las inscripciones pata seminario online de cuatro citas. Se menciona a la UTalca.<\/a><\/p><p>\u00a0<\/p><p><b>TRADE-NEWS.CL<\/b><\/p><p><a style=\"font-style: inherit; font-weight: inherit; background-color: #ffffff; font-family: -apple-system, BlinkMacSystemFont,;\" href=\"https:\/\/trade-news.cl\/2021\/08\/16\/minvu-abre-concurso-de-vivienda-rural-para-estudiantes-de-arquitectura\/\" target=\"_blank\" rel=\"noopener\">Minvu abre concurso de Vivienda Rural para estudiantes de arquitectura. Se menciona la UTalca.<\/a><\/p><p>\u00a0<\/p><p><b>CHILLANONLINE.CL<\/b><\/p><p><a style=\"font-style: inherit; font-weight: inherit; background-color: #ffffff; font-family: -apple-system, BlinkMacSystemFont,;\" href=\"https:\/\/www.chillanonline.cl\/V5\/gobernador-regional-de-nuble-y-rector-ubb-proyectan-trabajo-conjunto-en-beneficio-de-la-region\/\" target=\"_blank\" rel=\"noopener\">Gobernador Regional de \u00d1uble y Rector UBB proyectan trabajo conjunto en beneficio de la regi\u00f3n. Se menciona a la UTalca.<\/a><\/p><p>\u00a0<\/p><p><b>CANAL21TV.CL<\/b><\/p><p><a style=\"font-style: inherit; font-weight: inherit; background-color: #ffffff; font-family: -apple-system, BlinkMacSystemFont,;\" href=\"http:\/\/www.canal21tv.cl\/wp\/2021\/08\/17\/gobernador-regional-de-nuble-y-rector-ubb-proyectan-trabajo-conjunto-en-beneficio-de-la-region\/\" target=\"_blank\" rel=\"noopener\">Gobernador Regional de \u00d1uble y Rector UBB proyectan trabajo conjunto en beneficio de la regi\u00f3n. Se menciona a la UTalca.<\/a><\/p><p>\u00a0<\/p><p><b>NOTICIASR16.CL<\/b><\/p><p><a style=\"font-style: inherit; font-weight: inherit; background-color: #ffffff; font-family: -apple-system, BlinkMacSystemFont,;\" href=\"https:\/\/noticiasr16.cl\/segegob-y-conaf-donaron-200-nuevas-especies-nativas-en-coihueco-y-pinto\/\" target=\"_blank\" rel=\"noopener\">Gobernador Regional de \u00d1uble y Rector UBB proyectan trabajo conjunto en beneficio de la regi\u00f3n. Se menciona a la UTalca. Se menciona a la UTalca.<\/a><\/p>\t\t\t\t\t\t<\/div>\n\t\t\t\t<\/div>\n\t\t\t\t\t<\/div>\n\t\t<\/div>\n\t\t\t\t\t\t\t<\/div>\n\t\t<\/section>\n\t\t\t\t\t\t<\/div>\n\t\t\t\t\t<\/div>\n\t\t","protected":false},"excerpt":{"rendered":"<p>ADPRENSA.CL Cient\u00edficos desarrollan material sustentable que mezcla pl\u00e1stico y madera reciclados. Se refiere Pablo Villalobos, vicerrector de Innovaci\u00f3n y Transferencia Tecnol\u00f3gica y Gonzalo Pincheira, acad\u00e9mico de la Facultad de Ingenier\u00eda de la UTalca. \u00a0 LINARESENLINEA.CL Cient\u00edficos maulinos desarrollan material sustentable con elementos reciclados. Se refiere Pablo Villalobos, vicerrector de Innovaci\u00f3n y Transferencia Tecnol\u00f3gica y Gonzalo &hellip;<\/p>\n<p class=\"read-more\"> <a class=\"\" href=\"https:\/\/www.reportedeprensa.utalca.cl\/?p=1698\"> <span class=\"screen-reader-text\">18 de agosto de 2021<\/span> Read More &raquo;<\/a><\/p>\n","protected":false},"author":1,"featured_media":0,"comment_status":"closed","ping_status":"open","sticky":false,"template":"elementor_theme","format":"standard","meta":{"_monsterinsights_skip_tracking":false,"_monsterinsights_sitenote_active":false,"_monsterinsights_sitenote_note":"","_monsterinsights_sitenote_category":0},"categories":[11],"tags":[],"_links":{"self":[{"href":"https:\/\/www.reportedeprensa.utalca.cl\/index.php?rest_route=\/wp\/v2\/posts\/1698"}],"collection":[{"href":"https:\/\/www.reportedeprensa.utalca.cl\/index.php?rest_route=\/wp\/v2\/posts"}],"about":[{"href":"https:\/\/www.reportedeprensa.utalca.cl\/index.php?rest_route=\/wp\/v2\/types\/post"}],"author":[{"embeddable":true,"href":"https:\/\/www.reportedeprensa.utalca.cl\/index.php?rest_route=\/wp\/v2\/users\/1"}],"replies":[{"embeddable":true,"href":"https:\/\/www.reportedeprensa.utalca.cl\/index.php?rest_route=%2Fwp%2Fv2%2Fcomments&post=1698"}],"version-history":[{"count":4,"href":"https:\/\/www.reportedeprensa.utalca.cl\/index.php?rest_route=\/wp\/v2\/posts\/1698\/revisions"}],"predecessor-version":[{"id":1702,"href":"https:\/\/www.reportedeprensa.utalca.cl\/index.php?rest_route=\/wp\/v2\/posts\/1698\/revisions\/1702"}],"wp:attachment":[{"href":"https:\/\/www.reportedeprensa.utalca.cl\/index.php?rest_route=%2Fwp%2Fv2%2Fmedia&parent=1698"}],"wp:term":[{"taxonomy":"category","embeddable":true,"href":"https:\/\/www.reportedeprensa.utalca.cl\/index.php?rest_route=%2Fwp%2Fv2%2Fcategories&post=1698"},{"taxonomy":"post_tag","embeddable":true,"href":"https:\/\/www.reportedeprensa.utalca.cl\/index.php?rest_route=%2Fwp%2Fv2%2Ftags&post=1698"}],"curies":[{"name":"wp","href":"https:\/\/api.w.org\/{rel}","templated":true}]}}