{"id":1709,"date":"2021-08-19T09:35:01","date_gmt":"2021-08-19T12:35:01","guid":{"rendered":"https:\/\/www.reportedeprensa.utalca.cl\/?p=1709"},"modified":"2021-08-19T09:41:57","modified_gmt":"2021-08-19T12:41:57","slug":"19-de-agosto-de-2021","status":"publish","type":"post","link":"https:\/\/www.reportedeprensa.utalca.cl\/?p=1709","title":{"rendered":"19 de agosto de 2021"},"content":{"rendered":"\t\t<div data-elementor-type=\"wp-post\" data-elementor-id=\"1709\" class=\"elementor elementor-1709\" data-elementor-settings=\"[]\">\n\t\t\t\t\t\t\t<div class=\"elementor-section-wrap\">\n\t\t\t\t\t\t\t<section class=\"elementor-section elementor-top-section elementor-element elementor-element-a06ca45 elementor-section-boxed elementor-section-height-default elementor-section-height-default\" data-id=\"a06ca45\" data-element_type=\"section\">\n\t\t\t\t\t\t<div class=\"elementor-container elementor-column-gap-default\">\n\t\t\t\t\t<div class=\"elementor-column elementor-col-100 elementor-top-column elementor-element elementor-element-1486c35\" data-id=\"1486c35\" data-element_type=\"column\">\n\t\t\t<div class=\"elementor-widget-wrap elementor-element-populated\">\n\t\t\t\t\t\t\t\t<div class=\"elementor-element elementor-element-42b145e elementor-widget elementor-widget-text-editor\" data-id=\"42b145e\" data-element_type=\"widget\" data-widget_type=\"text-editor.default\">\n\t\t\t\t<div class=\"elementor-widget-container\">\n\t\t\t\t\t\t\t\t<p><b>CANAL CNN CHILE<\/b><\/p><p><a style=\"font-style: inherit; font-weight: inherit; background-color: #ffffff; font-family: -apple-system, BlinkMacSystemFont,;\" href=\"https:\/\/www.litoralpress.cl\/sitio\/RadioTV_Detalles.cshtml?LPKey=XR2NPWOLSWURI547IDK7CD4IP2TWHHHDYG2FUEM3XM5G5NVVQRLA\" target=\"_blank\" rel=\"noopener\">Propuesta de reducci\u00f3n de la jornada laboral. Se refiere Rodrigo Palomo, decano de la Facultad de Ciencias Jur\u00eddicas y Sociales de la UTalca.<\/a><\/p><p>\u00a0<\/p><p><b>ELMOSTRADOR.CL<\/b><\/p><p><a style=\"font-style: inherit; font-weight: inherit; background-color: #ffffff; font-family: -apple-system, BlinkMacSystemFont,;\" href=\"https:\/\/www.elmostrador.cl\/agenda-pais\/2021\/08\/18\/experto-en-salud-es-impredecible-saber-como-evolucionara-el-sars-cov-2-en-los-proximos-meses\/\" target=\"_blank\" rel=\"noopener\">Experto en salud: Es impredecible saber c\u00f3mo evolucionar\u00e1 el SARS-CoV-2 en los pr\u00f3ximos meses. Se refiere Marcelo Alarc\u00f3n, acad\u00e9mico del Departamento de Bioqu\u00edmica Cl\u00ednica e Inmunohematolog\u00eda de la UTalca.<\/a><\/p><p>\u00a0<\/p><p><b>ADPRENSA.CL<\/b><\/p><p><a style=\"font-style: inherit; font-weight: inherit; background-color: #ffffff; font-family: -apple-system, BlinkMacSystemFont,;\" href=\"https:\/\/www.adprensa.cl\/cronica\/especialista-es-impredecible-saber-como-evolucionara-el-sars-cov-2-en-los-proximos-meses\/\" target=\"_blank\" rel=\"noopener\">Especialista: Es impredecible saber c\u00f3mo evolucionar\u00e1 el SARS-CoV-2 en los pr\u00f3ximos meses. Se refiere Marcelo Alarc\u00f3n, acad\u00e9mico del Departamento de Bioqu\u00edmica Cl\u00ednica e Inmunohematolog\u00eda de la UTalca.<\/a><\/p><p>\u00a0<\/p><p><b>DIARIOELHERALDO.CL<\/b><\/p><p><a style=\"font-style: inherit; font-weight: inherit; background-color: #ffffff; font-family: -apple-system, BlinkMacSystemFont,;\" href=\"http:\/\/www.diarioelheraldo.cl\/noticia\/especialista-es-impredecible-saber-comoevolucionara-el-sars-cov-2-en-los-proximos-meses\" target=\"_blank\" rel=\"noopener\">Especialista: Es impredecible saber c\u00f3mo evolucionar\u00e1 el SARS-CoV-2 en los pr\u00f3ximos meses. Se refiere Marcelo Alarc\u00f3n, acad\u00e9mico del Departamento de Bioqu\u00edmica Cl\u00ednica e Inmunohematolog\u00eda de la UTalca.<\/a><\/p><p>\u00a0<\/p><p><b>ELDIARIODEMAULE.CL<\/b><\/p><p><a style=\"font-style: inherit; font-weight: inherit; background-color: #ffffff; font-family: -apple-system, BlinkMacSystemFont,;\" href=\"https:\/\/eldiariodemaule.cl\/es-impredecible-saber-como-evolucionara-el-sars-cov-2\/\" target=\"_blank\" rel=\"noopener\">Es impredecible saber c\u00f3mo evolucionar\u00e1 el SARS-CoV-2. Se refiere Marcelo Alarc\u00f3n, acad\u00e9mico del Departamento de Bioqu\u00edmica Cl\u00ednica e Inmunohematolog\u00eda de la UTalca.<\/a><\/p><p>\u00a0<\/p><p><b>G5NOTICIAS.CL<\/b><\/p><p><a style=\"font-style: inherit; font-weight: inherit; background-color: #ffffff; font-family: -apple-system, BlinkMacSystemFont,;\" href=\"https:\/\/g5noticias.cl\/2021\/08\/18\/especialista-es-impredecible-saber-como-evolucionara-el-sars-cov-2-en-los-proximos-meses\/\" target=\"_blank\" rel=\"noopener\">Especialista: Es impredecible saber c\u00f3mo evolucionar\u00e1 el SARS-CoV-2 en los pr\u00f3ximos meses. Se refiere Marcelo Alarc\u00f3n, acad\u00e9mico del Departamento de Bioqu\u00edmica Cl\u00ednica e Inmunohematolog\u00eda de la UTalca.<\/a><\/p><p>\u00a0<\/p><p><b>ENLINEAMAULE.CL<\/b><\/p><p><a style=\"font-style: inherit; font-weight: inherit; background-color: #ffffff; font-family: -apple-system, BlinkMacSystemFont,;\" href=\"https:\/\/enlineamaule.cl\/archivo\/44655\" target=\"_blank\" rel=\"noopener\">Especialista en salud llam\u00f3 a pacientes mayores o inmunodeprimidos a colocarse su tercera vacuna COVID19. Se refiere Marcelo Alarc\u00f3n, acad\u00e9mico del Departamento de Bioqu\u00edmica Cl\u00ednica e Inmunohematolog\u00eda de la UTalca.<\/a><\/p><p>\u00a0<\/p><p><b>ENLINEAMAULE.CL<\/b><\/p><p><a style=\"font-style: inherit; font-weight: inherit; background-color: #ffffff; font-family: -apple-system, BlinkMacSystemFont,;\" href=\"https:\/\/enlineamaule.cl\/archivo\/44652\" target=\"_blank\" rel=\"noopener\">UTalca y Gobernaci\u00f3n Regional estrechan v\u00ednculos para potenciar desarrollo del Maule.<\/a><\/p><p>\u00a0<\/p><p><b>CANAL CONTIVISI\u00d3N<\/b><\/p><p><a style=\"font-style: inherit; font-weight: inherit; background-color: #ffffff; font-family: -apple-system, BlinkMacSystemFont,;\" href=\"https:\/\/www.litoralpress.cl\/sitio\/RadioTV_Detalles.cshtml?LPKey=J6JO5SH7J76Q7UTRMTTLC2LIVCXWEZATMZRXJZIR62MIQPNWSCAA\" target=\"_blank\" rel=\"noopener\">Un buen caf\u00e9: Situaci\u00f3n clim\u00e1tica. Se refiere Patricio Gonz\u00e1lez, agroclimat\u00f3logo de la UTalca.<\/a><\/p><p>\u00a0<\/p><p><b>CANAL TV5<\/b><\/p><p><a style=\"font-style: inherit; font-weight: inherit; background-color: #ffffff; font-family: -apple-system, BlinkMacSystemFont,;\" href=\"https:\/\/www.youtube.com\/watch?v=IH1yc-zp_7Y\" target=\"_blank\" rel=\"noopener\">Frente de lluvias en el Maule ingresa con mayor fuerza este mi\u00e9rcoles. Se refiere Patricio Gonz\u00e1lez, agroclimat\u00f3logo de la UTalca.<\/a><\/p><p>\u00a0<\/p><p><b>VIVIMOSLANOTICIA.CL<\/b><\/p><p><a style=\"font-style: inherit; font-weight: inherit; background-color: #ffffff; font-family: -apple-system, BlinkMacSystemFont,;\" href=\"https:\/\/vivimoslanoticia.cl\/noticias\/region-del-maule\/2021\/08\/17\/caidas-de-arboles-y-cortes-de-energia-electrica-marcan-primer-dia-de-sistema-frontal-en-el-maule\/\" target=\"_blank\" rel=\"noopener\">Ca\u00eddas de \u00e1rboles y cortes de energ\u00eda el\u00e9ctrica marcan primer d\u00eda de sistema frontal en el Maule. Se refiere Patricio Gonz\u00e1lez, agroclimat\u00f3logo de la UTalca.<\/a><\/p><p>\u00a0<\/p><p><b>EL TIP\u00d3GRAFO<\/b><\/p><p><a style=\"font-style: inherit; font-weight: inherit; background-color: #ffffff; font-family: -apple-system, BlinkMacSystemFont,;\" href=\"https:\/\/www.litoralpress.cl\/paginaconsultas\/Servicios_NClip\/Get_Imagen_Nota.aspx?LPKey=ZFNA7IHVQX6MD2WGWUKXEPXAH773V5Y6W26NHLKVY6X7COMOFUCR43K5CKGEHEGZ4MNSNXDMAM7FC\" target=\"_blank\" rel=\"noopener\">Delta podr\u00eda ser la variante dominante en Chile dentro de un mes. Se refiere Sergio Wehinger, director del Mag\u00edster en Ciencias Biom\u00e9dicas de la UTalca.<\/a><\/p><p>\u00a0<\/p><p><b>EL LECTOR<\/b><\/p><p><a style=\"font-style: inherit; font-weight: inherit; background-color: #ffffff; font-family: -apple-system, BlinkMacSystemFont,;\" href=\"https:\/\/www.litoralpress.cl\/paginaconsultas\/Servicios_NClip\/Get_Imagen_Nota.aspx?LPKey=OWW4PGNPJCLWLCG5CKQT2USFBECGSXVO24RFK5I66E6ROLTLX65MMPUGOCMQMDAENTUXW6DBXOHWQ\" target=\"_blank\" rel=\"noopener\">Cient\u00edficos desarrollan material sustentable que mezcla pl\u00e1stico y madera reciclados. Se refiere Pablo Villalobos, vicerrector de Innovaci\u00f3n y Transferencia Tecnol\u00f3gica y Gonzalo Pincheira, acad\u00e9mico de la Facultad de Ingenier\u00eda de la UTalca.<\/a><\/p><p>\u00a0<\/p><p><b>ELMAULEINFORMA.CL<\/b><\/p><p><a style=\"font-style: inherit; font-weight: inherit; background-color: #ffffff; font-family: -apple-system, BlinkMacSystemFont,;\" href=\"https:\/\/elmauleinforma.cl\/cientificos-desarrollan-material-sustentable-que-mezcla-plastico-y-madera-reciclados\/\" target=\"_blank\" rel=\"noopener\">Cient\u00edficos desarrollan material sustentable que mezcla pl\u00e1stico y madera reciclados Se refiere Pablo Villalobos, vicerrector de Innovaci\u00f3n y Transferencia Tecnol\u00f3gica y Gonzalo Pincheira, acad\u00e9mico de la Facultad de Ingenier\u00eda de la UTalca.<\/a><\/p><p>\u00a0<\/p><p><b>RANCAGUATV.CL<\/b><\/p><p><a style=\"font-style: inherit; font-weight: inherit; background-color: #ffffff; font-family: -apple-system, BlinkMacSystemFont,;\" href=\"https:\/\/www.rancaguatv.cl\/o-higgins-noticias-cronicas-de-actualidad\/135-ciencias\/4548-el-maule-cient%C3%83%C2%ADficos-desarrollan-material-sustentable-que%20mezcla-pl%C3%83%C2%A1stico-y-madera-reciclados.html\" target=\"_blank\" rel=\"noopener\">El Maule: Cient\u00edficos desarrollan material sustentable que mezcla pl\u00e1stico y madera reciclados. Se refiere Pablo Villalobos, vicerrector de Innovaci\u00f3n y Transferencia Tecnol\u00f3gica y Gonzalo Pincheira, acad\u00e9mico de la Facultad de Ingenier\u00eda de la UTalca.<\/a><\/p><p>\u00a0<\/p><p><b>ADPRENSA.CL<\/b><\/p><p><a style=\"font-style: inherit; font-weight: inherit; background-color: #ffffff; font-family: -apple-system, BlinkMacSystemFont,;\" href=\"https:\/\/www.adprensa.cl\/cronica\/analista-internacional-explica-los-efectos-de-la-situacion-politica-en-afganistan\/\" target=\"_blank\" rel=\"noopener\">Analista internacional explica los efectos de la situaci\u00f3n pol\u00edtica en Afganist\u00e1n. Se refiere Alejandra M\u00e1rquez, acad\u00e9mica del Centro de An\u00e1lisis Pol\u00edtico (CAP) de la UTalca.<\/a><\/p><p>\u00a0<\/p><p><b>DIARIOTALCA.CL<\/b><\/p><p><a style=\"font-style: inherit; font-weight: inherit; background-color: #ffffff; font-family: -apple-system, BlinkMacSystemFont,;\" href=\"https:\/\/www.diariotalca.cl\/explora-maule-lanza-su-primera-web-serie-llamada-uppa-animado\/\" target=\"_blank\" rel=\"noopener\">Explora Maule lanza su primera web serie llamada &#8220;Uppa Animado&#8221;.<\/a><\/p><p>\u00a0<\/p><p><b>SOCIEDADANONIMA.CL<\/b><\/p><p><a style=\"font-style: inherit; font-weight: inherit; background-color: #ffffff; font-family: -apple-system, BlinkMacSystemFont,;\" href=\"http:\/\/sociedadanonima.cl\/educacion-y-tecnologia-el-otro-reto-que-nos-impuso-la-pandemia\/\" target=\"_blank\" rel=\"noopener\">Educaci\u00f3n y tecnolog\u00eda: el otro reto que nos impuso la pandemia. Se menciona el Instituto de Investigaci\u00f3n y Desarrollo Educacional de la Universidad de Talca.<\/a><\/p><p>\u00a0<\/p><p><b>SIMFRUIT.CL<\/b><\/p><p><a style=\"font-style: inherit; font-weight: inherit; background-color: #ffffff; font-family: -apple-system, BlinkMacSystemFont,;\" href=\"https:\/\/www.simfruit.cl\/alfalfa-una-solucion-al-deficit-hidrico\/\" target=\"_blank\" rel=\"noopener\">Alfalfa: una soluci\u00f3n al d\u00e9ficit h\u00eddrico. Se menciona a Alejandro del Pozo, acad\u00e9mico de la Facultad de Agronom\u00eda de la UTalca.<\/a><\/p><p>\u00a0<\/p><p><b>LADISCUSION.CL<\/b><\/p><p><a style=\"font-style: inherit; font-weight: inherit; background-color: #ffffff; font-family: -apple-system, BlinkMacSystemFont,;\" href=\"https:\/\/www.ladiscusion.cl\/escuela-de-espectadores-criticos-comenzo-las-inscripciones-para-seminario\/\" target=\"_blank\" rel=\"noopener\">Escuela de Espectadores Cr\u00edticos comenz\u00f3 las inscripciones para seminario online de cuatro citas. Se menciona a la UTalca.<\/a><\/p>\t\t\t\t\t\t<\/div>\n\t\t\t\t<\/div>\n\t\t\t\t\t<\/div>\n\t\t<\/div>\n\t\t\t\t\t\t\t<\/div>\n\t\t<\/section>\n\t\t\t\t\t\t<\/div>\n\t\t\t\t\t<\/div>\n\t\t","protected":false},"excerpt":{"rendered":"<p>CANAL CNN CHILE Propuesta de reducci\u00f3n de la jornada laboral. Se refiere Rodrigo Palomo, decano de la Facultad de Ciencias Jur\u00eddicas y Sociales de la UTalca. \u00a0 ELMOSTRADOR.CL Experto en salud: Es impredecible saber c\u00f3mo evolucionar\u00e1 el SARS-CoV-2 en los pr\u00f3ximos meses. Se refiere Marcelo Alarc\u00f3n, acad\u00e9mico del Departamento de Bioqu\u00edmica Cl\u00ednica e Inmunohematolog\u00eda de &hellip;<\/p>\n<p class=\"read-more\"> <a class=\"\" href=\"https:\/\/www.reportedeprensa.utalca.cl\/?p=1709\"> <span class=\"screen-reader-text\">19 de agosto de 2021<\/span> Read More &raquo;<\/a><\/p>\n","protected":false},"author":1,"featured_media":0,"comment_status":"closed","ping_status":"open","sticky":false,"template":"elementor_theme","format":"standard","meta":{"_monsterinsights_skip_tracking":false,"_monsterinsights_sitenote_active":false,"_monsterinsights_sitenote_note":"","_monsterinsights_sitenote_category":0},"categories":[11],"tags":[],"_links":{"self":[{"href":"https:\/\/www.reportedeprensa.utalca.cl\/index.php?rest_route=\/wp\/v2\/posts\/1709"}],"collection":[{"href":"https:\/\/www.reportedeprensa.utalca.cl\/index.php?rest_route=\/wp\/v2\/posts"}],"about":[{"href":"https:\/\/www.reportedeprensa.utalca.cl\/index.php?rest_route=\/wp\/v2\/types\/post"}],"author":[{"embeddable":true,"href":"https:\/\/www.reportedeprensa.utalca.cl\/index.php?rest_route=\/wp\/v2\/users\/1"}],"replies":[{"embeddable":true,"href":"https:\/\/www.reportedeprensa.utalca.cl\/index.php?rest_route=%2Fwp%2Fv2%2Fcomments&post=1709"}],"version-history":[{"count":4,"href":"https:\/\/www.reportedeprensa.utalca.cl\/index.php?rest_route=\/wp\/v2\/posts\/1709\/revisions"}],"predecessor-version":[{"id":1716,"href":"https:\/\/www.reportedeprensa.utalca.cl\/index.php?rest_route=\/wp\/v2\/posts\/1709\/revisions\/1716"}],"wp:attachment":[{"href":"https:\/\/www.reportedeprensa.utalca.cl\/index.php?rest_route=%2Fwp%2Fv2%2Fmedia&parent=1709"}],"wp:term":[{"taxonomy":"category","embeddable":true,"href":"https:\/\/www.reportedeprensa.utalca.cl\/index.php?rest_route=%2Fwp%2Fv2%2Fcategories&post=1709"},{"taxonomy":"post_tag","embeddable":true,"href":"https:\/\/www.reportedeprensa.utalca.cl\/index.php?rest_route=%2Fwp%2Fv2%2Ftags&post=1709"}],"curies":[{"name":"wp","href":"https:\/\/api.w.org\/{rel}","templated":true}]}}