{"id":1720,"date":"2021-08-20T09:36:02","date_gmt":"2021-08-20T12:36:02","guid":{"rendered":"https:\/\/www.reportedeprensa.utalca.cl\/?p=1720"},"modified":"2021-08-20T09:50:22","modified_gmt":"2021-08-20T12:50:22","slug":"20-de-agosto-de-2021","status":"publish","type":"post","link":"https:\/\/www.reportedeprensa.utalca.cl\/?p=1720","title":{"rendered":"20 de agosto de 2021"},"content":{"rendered":"\t\t<div data-elementor-type=\"wp-post\" data-elementor-id=\"1720\" class=\"elementor elementor-1720\" data-elementor-settings=\"[]\">\n\t\t\t\t\t\t\t<div class=\"elementor-section-wrap\">\n\t\t\t\t\t\t\t<section class=\"elementor-section elementor-top-section elementor-element elementor-element-a06ca45 elementor-section-boxed elementor-section-height-default elementor-section-height-default\" data-id=\"a06ca45\" data-element_type=\"section\">\n\t\t\t\t\t\t<div class=\"elementor-container elementor-column-gap-default\">\n\t\t\t\t\t<div class=\"elementor-column elementor-col-100 elementor-top-column elementor-element elementor-element-1486c35\" data-id=\"1486c35\" data-element_type=\"column\">\n\t\t\t<div class=\"elementor-widget-wrap elementor-element-populated\">\n\t\t\t\t\t\t\t\t<div class=\"elementor-element elementor-element-42b145e elementor-widget elementor-widget-text-editor\" data-id=\"42b145e\" data-element_type=\"widget\" data-widget_type=\"text-editor.default\">\n\t\t\t\t<div class=\"elementor-widget-container\">\n\t\t\t\t\t\t\t\t<p><b>ELMOSTRADOR.CL<\/b><\/p><p><a style=\"font-style: inherit; font-weight: inherit; background-color: #ffffff; font-family: -apple-system, BlinkMacSystemFont,;\" href=\"https:\/\/www.elmostrador.cl\/agenda-pais\/2021\/08\/19\/cientificos-chilenos-desarrollan-material-sustentable-que-mezcla-plastico-y-madera-reciclados\/\" target=\"_blank\" rel=\"noopener\">Cient\u00edficos chilenos desarrollan material sustentable que mezcla pl\u00e1stico y madera reciclados. Se refiere Pablo Villalobos, vicerrector de Innovaci\u00f3n y Transferencia Tecnol\u00f3gica y Gonzalo Pincheira, acad\u00e9mico de la Facultad de Ingenier\u00eda de la UTalca.<\/a><\/p><p>\u00a0<\/p><p><b>LATERCERA.COM<\/b><\/p><p><a style=\"font-style: inherit; font-weight: inherit; background-color: #ffffff; font-family: -apple-system, BlinkMacSystemFont,;\" href=\"https:\/\/www.latercera.com\/opinion\/noticia\/envejecimiento-economia-plateada-y-pensiones\/GLKIUSJLJJE73OTPNB4L2NIJGI\/\" target=\"_blank\" rel=\"noopener\">Envejecimiento, econom\u00eda plateada y pensiones. Columna de opini\u00f3n de Germ\u00e1n Lobos, acad\u00e9mico de la Facultad de Econom\u00eda y Negocios (FEN) de la UTalca.<\/a><\/p><p>\u00a0<\/p><p><b>EL HERALDO<\/b><\/p><p><a style=\"font-style: inherit; font-weight: inherit; background-color: #ffffff; font-family: -apple-system, BlinkMacSystemFont,;\" href=\"https:\/\/www.litoralpress.cl\/paginaconsultas\/Servicios_NClip\/Get_Imagen_Nota.aspx?LPKey=H6OWFQCC6YB7SAEWGRNML34AF4OCQS4LMRRMQ4HAG7P7LPRQCBIL5PAHJ6PZRQJJOQG7B2IPN2WJI\" target=\"_blank\" rel=\"noopener\">Especialista: Es impredecible saber c\u00f3mo evolucionar\u00e1 el SARS-CoV-2 en los pr\u00f3ximos meses. Se refiere Marcelo Alarc\u00f3n, acad\u00e9mico del Departamento de Bioqu\u00edmica Cl\u00ednica e Inmunohematolog\u00eda de la UTalca.<\/a><\/p><p>\u00a0<\/p><p><b>DIARIOELHERALDO.CL<\/b><\/p><p><a style=\"font-style: inherit; font-weight: inherit; background-color: #ffffff; font-family: -apple-system, BlinkMacSystemFont,;\" href=\"http:\/\/www.diarioelheraldo.cl\/noticia\/especialista-es-impredecible-saber-comoevolucionara-el-sars-cov-2-en-los-proximos-meses\" target=\"_blank\" rel=\"noopener\">Especialista: Es impredecible saber c\u00f3mo evolucionar\u00e1 el SARS-CoV-2 en los pr\u00f3ximos meses. Se refiere Marcelo Alarc\u00f3n, acad\u00e9mico del Departamento de Bioqu\u00edmica Cl\u00ednica e Inmunohematolog\u00eda de la UTalca.<\/a><\/p><p>\u00a0<\/p><p><b>RADIO MERIDIONAL<\/b><\/p><p><a style=\"font-style: inherit; font-weight: inherit; background-color: #ffffff; font-family: -apple-system, BlinkMacSystemFont,;\" href=\"https:\/\/www.litoralpress.cl\/sitio\/RadioTV_Detalles.cshtml?LPKey=PYM2KH5WPNKFUH6M7ASMRMEESJKVZAR5UI2VKNQMBJHIDUIZLLFQ\" target=\"_blank\" rel=\"noopener\">Entrevista a Marcelo Alarc\u00f3n, acad\u00e9mico del Departamento de Bioqu\u00edmica Cl\u00ednica e Inmunohematolog\u00eda de la UTalca.<\/a><\/p><p>\u00a0<\/p><p><b>VLTV.CL<\/b><\/p><p><a style=\"font-style: inherit; font-weight: inherit; background-color: #ffffff; font-family: -apple-system, BlinkMacSystemFont,;\" href=\"https:\/\/vltv.cl\/especialista-es-impredecible-saber-como-evolucionara-el-sars-cov-2-en-los-proximos-meses\/\" target=\"_blank\" rel=\"noopener\">Especialista: Es impredecible saber c\u00f3mo evolucionar\u00e1 el SARS-CoV-2 en los pr\u00f3ximos meses. Se refiere Marcelo Alarc\u00f3n, acad\u00e9mico del Departamento de Bioqu\u00edmica Cl\u00ednica e Inmunohematolog\u00eda de la UTalca.<\/a><\/p><p>\u00a0<\/p><p><b>CANAL TV5<\/b><\/p><p><a style=\"font-style: inherit; font-weight: inherit; background-color: #ffffff; font-family: -apple-system, BlinkMacSystemFont,;\" href=\"https:\/\/www.litoralpress.cl\/sitio\/RadioTV_Detalles.cshtml?LPKey=7EETTKEVW56765QMGGHU3EBHJEU2K5DZJTB7L4227EGXSV55JP2A\" target=\"_blank\" rel=\"noopener\">Comunidad expresa su preocupaci\u00f3n por caso de COVID con variante Delta. Se refiere Daniel Jim\u00e9nez, director de Salud del Estudiante de la UTalca.<\/a><\/p><p>\u00a0<\/p><p><b>ADPRENSA.CL<\/b><\/p><p><a style=\"font-style: inherit; font-weight: inherit; background-color: #ffffff; font-family: -apple-system, BlinkMacSystemFont,;\" href=\"https:\/\/www.adprensa.cl\/actividades-academicas\/experto-utalca-advierte-el-cambio-climatico-tambien-pone-en-riesgo-la-salud-de-las-personas\/\" target=\"_blank\" rel=\"noopener\">Experto UTalca advierte: El cambio clim\u00e1tico tambi\u00e9n pone en riesgo la salud de las personas.<\/a><\/p><p>\u00a0<\/p><p><b>REDMAULE.COM<\/b><\/p><p><a style=\"font-style: inherit; font-weight: inherit; background-color: #ffffff; font-family: -apple-system, BlinkMacSystemFont,;\" href=\"https:\/\/www.redmaule.com\/nacional\/el-cambio-climatico-y-las-consecuencias-en-la-salud-de-las-personas\" target=\"_blank\" rel=\"noopener\">El cambio clim\u00e1tico y las consecuencias en la salud de las personas. Se refiere Daniel Jim\u00e9nez, director de Salud del Estudiante de la UTalca.<\/a><\/p><p>\u00a0<\/p><p><b>RADIO LAUTARO<\/b><\/p><p><a style=\"font-style: inherit; font-weight: inherit; background-color: #ffffff; font-family: -apple-system, BlinkMacSystemFont,;\" href=\"https:\/\/www.litoralpress.cl\/sitio\/RadioTV_Detalles.cshtml?LPKey=GAIWH2VTQRGVOHLLTT7CZAQENQ3RRAJQZYPL2CYDGJKLEPZ44BUA\" target=\"_blank\" rel=\"noopener\">Entrevista a Patricio Gonz\u00e1lez, agroclimat\u00f3logo de la UTalca.<\/a><\/p><p>\u00a0<\/p><p><b>RADIO MERIDIONAL<\/b><\/p><p><a style=\"font-style: inherit; font-weight: inherit; background-color: #ffffff; font-family: -apple-system, BlinkMacSystemFont,;\" href=\"https:\/\/www.litoralpress.cl\/sitio\/RadioTV_Detalles.cshtml?LPKey=PCZJA5ITJJ46YIVWNYSQHUBTQWQGF6MRUBI6YAAPQW54NWAEXPQA\" target=\"_blank\" rel=\"noopener\">Entrevista a Matthew Bardeen, acad\u00e9mico de la Facultad de Ingenier\u00eda de la UTalca.<\/a><\/p><p>\u00a0<\/p><p><b>LA DISCUSI\u00d3N<\/b><\/p><p><a style=\"font-style: inherit; font-weight: inherit; background-color: #ffffff; font-family: -apple-system, BlinkMacSystemFont,;\" href=\"https:\/\/www.litoralpress.cl\/paginaconsultas\/Servicios_NClip\/Get_Imagen_Nota.aspx?LPKey=BV6RZVKORXIYTAU4KAOPCFDRX7ELUL47D3HDHCTQSQHYPKORFHL4FW4WUG67DBVCZVBRIWZOQAAB6\" target=\"_blank\" rel=\"noopener\">O&#8217;Higgins, Maule, \u00d1uble y Biob\u00edo confluyeron ayer en San Carlos. Se menciona a la UTalca.<\/a><\/p><p>\u00a0<\/p><p><b>LA ESTRELLA DE CHILO\u00c9<\/b><\/p><p><a style=\"font-style: inherit; font-weight: inherit; background-color: #ffffff; font-family: -apple-system, BlinkMacSystemFont,;\" href=\"https:\/\/www.litoralpress.cl\/paginaconsultas\/Servicios_NClip\/Get_Imagen_Nota.aspx?LPKey=4EPQAMDQ5ID7Y3HLXBAQXRW4SX5YULM6OKYF2VKKWX3JF4I4IKJFP7DMIB2J2L5AMI7I6FFZFU6PI\" target=\"_blank\" rel=\"noopener\">Educaci\u00f3n y tecnolog\u00eda: reto que impuso la pandemia. Se menciona publicaci\u00f3n del Instituto de Investigaci\u00f3n y Desarrollo Educacional (IIDE) de la UTalca.<\/a><\/p><p>\u00a0<\/p><p><b>ADPRENSA.CL<\/b><\/p><p><a style=\"font-style: inherit; font-weight: inherit; background-color: #ffffff; font-family: -apple-system, BlinkMacSystemFont,;\" href=\"https:\/\/www.adprensa.cl\/cronica\/analista-internacional-explica-los-efectos-de-la-situacion-politica-en-afganistan\/\" target=\"_blank\" rel=\"noopener\">Analista internacional explica los efectos de la situaci\u00f3n pol\u00edtica en Afganist\u00e1n. Se refiere Alejandra M\u00e1rquez, acad\u00e9mica del Centro de An\u00e1lisis Pol\u00edtico (CAP) de la UTalca.<\/a><\/p><p>\u00a0<\/p><p><b>G5NOTICIAS.CL<\/b><\/p><p><a style=\"font-style: inherit; font-weight: inherit; background-color: #ffffff; font-family: -apple-system, BlinkMacSystemFont,;\" href=\"https:\/\/g5noticias.cl\/2021\/08\/19\/analista-internacional-explica-los-efectos-de-la-situacion-politica-en-afganistan\/\" target=\"_blank\" rel=\"noopener\">Analista internacional explica los efectos de la situaci\u00f3n pol\u00edtica en Afganist\u00e1n. Se refiere Alejandra M\u00e1rquez, acad\u00e9mica del Centro de An\u00e1lisis Pol\u00edtico (CAP) de la UTalca.<\/a><\/p><p>\u00a0<\/p><p><b>VLTV.CL<\/b><\/p><p><a style=\"font-style: inherit; font-weight: inherit; background-color: #ffffff; font-family: -apple-system, BlinkMacSystemFont,;\" href=\"https:\/\/vltv.cl\/analista-internacional-explica-los-efectos-de-la-situacion-politica-en-afganistan\/\" target=\"_blank\" rel=\"noopener\">Analista internacional explica los efectos de la situaci\u00f3n pol\u00edtica en Afganist\u00e1n. Se refiere Alejandra M\u00e1rquez, acad\u00e9mica del Centro de An\u00e1lisis Pol\u00edtico (CAP) de la UTalca.<\/a><\/p><p>\u00a0<\/p><p><b>REVISTA REDAGRICOLA<\/b><\/p><p><a style=\"font-style: inherit; font-weight: inherit; background-color: #ffffff; font-family: -apple-system, BlinkMacSystemFont,;\" href=\"https:\/\/www.litoralpress.cl\/paginaconsultas\/Servicios_NClip\/Get_Imagen_Nota.aspx?LPKey=QUPHHFRFTGDSXPEOWZ5GMAY7EDKBRERW7FUZ7ZGLMDT5HQG6QRJ53CI4OHHSPHUOKIZSTW6DRW3ZS\" target=\"_blank\" rel=\"noopener\">Tecnolog\u00eda para controlar el escaldado en pom\u00e1ceas obtiene primera licencia en el extranjero. Se menciona Facultad de Ciencias Agrarias de la UTalca.<\/a><\/p><p>\u00a0<\/p><p><b>REVISTA REDAGRICOLA<\/b><\/p><p><a style=\"font-style: inherit; font-weight: inherit; background-color: #ffffff; font-family: -apple-system, BlinkMacSystemFont,;\" href=\"https:\/\/www.litoralpress.cl\/paginaconsultas\/Servicios_NClip\/Get_Imagen_Nota.aspx?LPKey=4ULQFLDZFMRITUWXX47EGLNKO3O2LBROJZPCG3DBYUCMMTROM5327YEAIFJZWEM4RPJS2FOZ2SGTC\" target=\"_blank\" rel=\"noopener\">Innovador sistema permite controlar enfermedades mediante el uso de ozono en cultivos de berries. Se refiere Di\u00f3genes Hern\u00e1ndez, acad\u00e9mico del Instituto de Qu\u00edmica de los Recursos Naturales de la UTalca.<\/a><\/p><p>\u00a0<\/p><p><b>REVISTA REDAGRICOLA<\/b><\/p><p><a style=\"font-style: inherit; font-weight: inherit; background-color: #ffffff; font-family: -apple-system, BlinkMacSystemFont,;\" href=\"https:\/\/www.litoralpress.cl\/paginaconsultas\/Servicios_NClip\/Get_Imagen_Nota.aspx?LPKey=J7IELNEYSPSPFSYGXB5NOFAFBVLLD6BUHRV3LCL7I4SS65Y3THSAW27TBCQH6MMFQMAR54MXCY7SC\" target=\"_blank\" rel=\"noopener\">Memoria 25 a\u00f1os del Centro De Pom\u00e1ceas de la UTalca.<\/a><\/p><p>\u00a0<\/p><p><b>REVISTA REDAGRICOLA<\/b><\/p><p><a style=\"font-style: inherit; font-weight: inherit; background-color: #ffffff; font-family: -apple-system, BlinkMacSystemFont,;\" href=\"https:\/\/www.litoralpress.cl\/sitio\/Prensa_PaginaCompleta.cshtml?LPKey=TPD4ITHCMVRDZAEJ236OOMEZX2FHPLC2A3UYSMUYDWNNPHXJNIFA\" target=\"_blank\" rel=\"noopener\">En Chile: Una prospecci\u00f3n a la concentraci\u00f3n de minerales en la fruta de distintos cultivares de cerezas. Texto de Jos\u00e9 Antonio Yuri, Daniela Simeone, Loreto Arenas y Mauricio Fuentes, del Centro de Pom\u00e1ceas de la UTalca.<\/a><\/p><p>\u00a0<\/p><p><b>REVISTA REDAGRICOLA<\/b><\/p><p><a style=\"font-style: inherit; font-weight: inherit; background-color: #ffffff; font-family: -apple-system, BlinkMacSystemFont,;\" href=\"https:\/\/www.litoralpress.cl\/sitio\/Prensa_PaginaCompleta.cshtml?LPKey=QPFQXFIPTBOQUAFA6HG7OMW33VCDXSVAG2TA2JZANJZ2JBXUW5MA\" target=\"_blank\" rel=\"noopener\">Receso de frutales e inviernos c\u00e1lidos. Texto de \u00c1lvaro Sep\u00falveda del Centro de Pom\u00e1ceas de la UTalca.<\/a><\/p>\t\t\t\t\t\t<\/div>\n\t\t\t\t<\/div>\n\t\t\t\t\t<\/div>\n\t\t<\/div>\n\t\t\t\t\t\t\t<\/div>\n\t\t<\/section>\n\t\t\t\t\t\t<\/div>\n\t\t\t\t\t<\/div>\n\t\t","protected":false},"excerpt":{"rendered":"<p>ELMOSTRADOR.CL Cient\u00edficos chilenos desarrollan material sustentable que mezcla pl\u00e1stico y madera reciclados. Se refiere Pablo Villalobos, vicerrector de Innovaci\u00f3n y Transferencia Tecnol\u00f3gica y Gonzalo Pincheira, acad\u00e9mico de la Facultad de Ingenier\u00eda de la UTalca. \u00a0 LATERCERA.COM Envejecimiento, econom\u00eda plateada y pensiones. Columna de opini\u00f3n de Germ\u00e1n Lobos, acad\u00e9mico de la Facultad de Econom\u00eda y Negocios &hellip;<\/p>\n<p class=\"read-more\"> <a class=\"\" href=\"https:\/\/www.reportedeprensa.utalca.cl\/?p=1720\"> <span class=\"screen-reader-text\">20 de agosto de 2021<\/span> Read More &raquo;<\/a><\/p>\n","protected":false},"author":1,"featured_media":0,"comment_status":"closed","ping_status":"open","sticky":false,"template":"elementor_theme","format":"standard","meta":{"_monsterinsights_skip_tracking":false,"_monsterinsights_sitenote_active":false,"_monsterinsights_sitenote_note":"","_monsterinsights_sitenote_category":0},"categories":[11],"tags":[],"_links":{"self":[{"href":"https:\/\/www.reportedeprensa.utalca.cl\/index.php?rest_route=\/wp\/v2\/posts\/1720"}],"collection":[{"href":"https:\/\/www.reportedeprensa.utalca.cl\/index.php?rest_route=\/wp\/v2\/posts"}],"about":[{"href":"https:\/\/www.reportedeprensa.utalca.cl\/index.php?rest_route=\/wp\/v2\/types\/post"}],"author":[{"embeddable":true,"href":"https:\/\/www.reportedeprensa.utalca.cl\/index.php?rest_route=\/wp\/v2\/users\/1"}],"replies":[{"embeddable":true,"href":"https:\/\/www.reportedeprensa.utalca.cl\/index.php?rest_route=%2Fwp%2Fv2%2Fcomments&post=1720"}],"version-history":[{"count":7,"href":"https:\/\/www.reportedeprensa.utalca.cl\/index.php?rest_route=\/wp\/v2\/posts\/1720\/revisions"}],"predecessor-version":[{"id":1736,"href":"https:\/\/www.reportedeprensa.utalca.cl\/index.php?rest_route=\/wp\/v2\/posts\/1720\/revisions\/1736"}],"wp:attachment":[{"href":"https:\/\/www.reportedeprensa.utalca.cl\/index.php?rest_route=%2Fwp%2Fv2%2Fmedia&parent=1720"}],"wp:term":[{"taxonomy":"category","embeddable":true,"href":"https:\/\/www.reportedeprensa.utalca.cl\/index.php?rest_route=%2Fwp%2Fv2%2Fcategories&post=1720"},{"taxonomy":"post_tag","embeddable":true,"href":"https:\/\/www.reportedeprensa.utalca.cl\/index.php?rest_route=%2Fwp%2Fv2%2Ftags&post=1720"}],"curies":[{"name":"wp","href":"https:\/\/api.w.org\/{rel}","templated":true}]}}