{"id":1744,"date":"2021-08-23T09:37:36","date_gmt":"2021-08-23T12:37:36","guid":{"rendered":"https:\/\/www.reportedeprensa.utalca.cl\/?p=1744"},"modified":"2021-08-23T09:54:26","modified_gmt":"2021-08-23T12:54:26","slug":"23-de-agosto-de-2021","status":"publish","type":"post","link":"https:\/\/www.reportedeprensa.utalca.cl\/?p=1744","title":{"rendered":"23 de agosto de 2021"},"content":{"rendered":"\t\t<div data-elementor-type=\"wp-post\" data-elementor-id=\"1744\" class=\"elementor elementor-1744\" data-elementor-settings=\"[]\">\n\t\t\t\t\t\t\t<div class=\"elementor-section-wrap\">\n\t\t\t\t\t\t\t<section class=\"elementor-section elementor-top-section elementor-element elementor-element-a06ca45 elementor-section-boxed elementor-section-height-default elementor-section-height-default\" data-id=\"a06ca45\" data-element_type=\"section\">\n\t\t\t\t\t\t<div class=\"elementor-container elementor-column-gap-default\">\n\t\t\t\t\t<div class=\"elementor-column elementor-col-100 elementor-top-column elementor-element elementor-element-1486c35\" data-id=\"1486c35\" data-element_type=\"column\">\n\t\t\t<div class=\"elementor-widget-wrap elementor-element-populated\">\n\t\t\t\t\t\t\t\t<div class=\"elementor-element elementor-element-42b145e elementor-widget elementor-widget-text-editor\" data-id=\"42b145e\" data-element_type=\"widget\" data-widget_type=\"text-editor.default\">\n\t\t\t\t<div class=\"elementor-widget-container\">\n\t\t\t\t\t\t\t\t<p><b>EL MERCURIO<\/b><\/p><p><a style=\"font-style: inherit; font-weight: inherit; background-color: #ffffff; font-family: -apple-system, BlinkMacSystemFont,;\" href=\"https:\/\/www.litoralpress.cl\/paginaconsultas\/Servicios_NClip\/Get_Imagen_Nota.aspx?LPKey=PL3WYOKDYMSTAHQ24OAF2BTTILPJEIXB7SS5HAKJTVCQREND45I5ROY3LZ6YREGHYNKVWHDDPXMWS\" target=\"_blank\" rel=\"noopener\">El inter\u00e9s por estudiar Videojuegos en Chile sigue creciendo, aunque la representaci\u00f3n femenina es baja. Se refiere Nicol\u00e1s Barriga, director de la carrera de Ingenier\u00eda en Desarrollo de Videojuegos y Realidad de Virtual de la UTalca.<\/a><\/p><p>\u00a0<\/p><p><b>CANAL TVN RED AUSTRAL<\/b><\/p><p><a style=\"font-style: inherit; font-weight: inherit; background-color: #ffffff; font-family: -apple-system, BlinkMacSystemFont,;\" href=\"https:\/\/www.litoralpress.cl\/sitio\/RadioTV_Detalles.cshtml?LPKey=6ANGXJ4IVVCZZE4M7KM353SD2OCDMYWBK72Q5HRDYYWAZH5NYD6A\" target=\"_blank\" rel=\"noopener\">Comit\u00e9 COVID solicit\u00f3 que se acelere vacunaci\u00f3n en menores entre 3 y 12 a\u00f1os. Se refiere Erika Retamal, directora de Salud P\u00fablica de la UTalca.<\/a><\/p><p>\u00a0<\/p><p><b>ELMOSTRADOR.CL<\/b><\/p><p><a style=\"font-style: inherit; font-weight: inherit; background-color: #ffffff; font-family: -apple-system, BlinkMacSystemFont,;\" href=\"https:\/\/www.elmostrador.cl\/agenda-pais\/2021\/08\/21\/experto-advierte-el-cambio-climatico-tambien-pone-en-riesgo-la-salud-de-las-personas\/\" target=\"_blank\" rel=\"noopener\">Experto advierte: El cambio clim\u00e1tico tambi\u00e9n pone en riesgo la salud de las personas. Se refiere Daniel Jim\u00e9nez, director de Salud del Estudiante de la UTalca.<\/a><\/p><p>\u00a0<\/p><p><b>ADPRENSA.CL<\/b><\/p><p><a style=\"font-style: inherit; font-weight: inherit; background-color: #ffffff; font-family: -apple-system, BlinkMacSystemFont,;\" href=\"https:\/\/www.adprensa.cl\/actividades-academicas\/experto-utalca-advierte-el-cambio-climatico-tambien-pone-en-riesgo-la-salud-de-las-personas\/\" target=\"_blank\" rel=\"noopener\">Experto UTalca advierte: El cambio clim\u00e1tico tambi\u00e9n pone en riesgo la salud de las personas.<\/a><\/p><p>\u00a0<\/p><p><b>EL HERALDO<\/b><\/p><p><a style=\"font-style: inherit; font-weight: inherit; background-color: #ffffff; font-family: -apple-system, BlinkMacSystemFont,;\" href=\"https:\/\/www.litoralpress.cl\/paginaconsultas\/Servicios_NClip\/Get_Imagen_Nota.aspx?LPKey=2IKDIAW6MVYMQJRNZNMKMXI63WT7EMRP7TJK2BU776X6PNJT3RCSTB2GWSOZ5QB2KPOMS5Q5AI7Y4\" target=\"_blank\" rel=\"noopener\">Experto UTalca advierte: El cambio clim\u00e1tico tambi\u00e9n pone en riesgo la salud de las personas.<\/a><\/p><p>\u00a0<\/p><p><b>DIARIOELHERALDO.CL<\/b><\/p><p><a style=\"font-style: inherit; font-weight: inherit; background-color: #ffffff; font-family: -apple-system, BlinkMacSystemFont,;\" href=\"http:\/\/www.diarioelheraldo.cl\/noticia\/experto-utalca-advierte-el-cambio-climatico-tambien-pone-en-riesgo-la-salud-de-las-personas\" target=\"_blank\" rel=\"noopener\">Experto UTalca advierte: El cambio clim\u00e1tico tambi\u00e9n pone en riesgo la salud de las personas.<\/a><\/p><p>\u00a0<\/p><p><b>TVMAULE.CL<\/b><\/p><p><a style=\"font-style: inherit; font-weight: inherit; background-color: #ffffff; font-family: -apple-system, BlinkMacSystemFont,;\" href=\"https:\/\/www.tvmaule.cl\/epidemiologo-daniel-jimenez-el-cambio-climatico-tambien-pone-en-riesgo-la-salud-de-las-personas\/\" target=\"_blank\" rel=\"noopener\">Epidemi\u00f3logo Daniel Jim\u00e9nez: \u201cel cambio clim\u00e1tico tambi\u00e9n pone en riesgo la salud de las personas\u201d.<\/a><\/p><p>\u00a0<\/p><p><b>TALCACAPITAL.CL<\/b><\/p><p><a style=\"font-style: inherit; font-weight: inherit; background-color: #ffffff; font-family: -apple-system, BlinkMacSystemFont,;\" href=\"https:\/\/talcacapital.cl\/experto-advierte-el-cambio-climatico-tambien-pone-en-riesgo-la-salud-de-las-personas\/\" target=\"_blank\" rel=\"noopener\">Experto advierte: El cambio clim\u00e1tico tambi\u00e9n pone en riesgo la salud de las personas. Se refiere Daniel Jim\u00e9nez, director de Salud del Estudiante de la UTalca.<\/a><\/p><p>\u00a0<\/p><p><b>ATENTOS.CL<\/b><\/p><p><a style=\"font-style: inherit; font-weight: inherit; background-color: #ffffff; font-family: -apple-system, BlinkMacSystemFont,;\" href=\"https:\/\/www.atentos.cl\/experto-advierte-que-el-cambio-climatico-tambien-pone-en-riesgo-la-salud-de-las-personas\/\" target=\"_blank\" rel=\"noopener\">Experto advierte que el cambio clim\u00e1tico tambi\u00e9n pone en riesgo la salud de las personas. Se refiere Daniel Jim\u00e9nez, director de Salud del Estudiante de la UTalca.<\/a><\/p><p>\u00a0<\/p><p><b>ELMAULEINFORMA.CL<\/b><\/p><p><a style=\"font-style: inherit; font-weight: inherit; background-color: #ffffff; font-family: -apple-system, BlinkMacSystemFont,;\" href=\"https:\/\/elmauleinforma.cl\/experto-utalca-advierte-el-cambio-climatico-tambien-pone-en-riesgo-la-salud-de-las-personas\/\" target=\"_blank\" rel=\"noopener\">Experto UTalca advierte: El cambio clim\u00e1tico tambi\u00e9n pone en riesgo la salud de las personas.<\/a><\/p><p>\u00a0<\/p><p><b>G5NOTICIAS.CL<\/b><\/p><p><a style=\"font-style: inherit; font-weight: inherit; background-color: #ffffff; font-family: -apple-system, BlinkMacSystemFont,;\" href=\"https:\/\/g5noticias.cl\/2021\/08\/20\/experto-utalca-advierte-el-cambio-climatico-tambien-pone-en-riesgo-la-salud-de-las-personas\/\" target=\"_blank\" rel=\"noopener\">Experto UTalca advierte: El cambio clim\u00e1tico tambi\u00e9n pone en riesgo la salud de las personas.<\/a><\/p><p>\u00a0<\/p><p><b>NORTEVISION.CL<\/b><\/p><p><a style=\"font-style: inherit; font-weight: inherit; background-color: #ffffff; font-family: -apple-system, BlinkMacSystemFont,;\" href=\"https:\/\/nortevision.cl\/2021\/08\/20\/experto-advierte-que-el-cambio-climatico-tambien-pone-en-riesgo-la-salud-de-las-personas\/\" target=\"_blank\" rel=\"noopener\">Experto advierte que el cambio clim\u00e1tico tambi\u00e9n pone en riesgo la salud de las personas. Se refiere Daniel Jim\u00e9nez, director de Salud del Estudiante de la UTalca.<\/a><\/p><p>\u00a0<\/p><p><b>ELALFA.CL<\/b><\/p><p><a style=\"font-style: inherit; font-weight: inherit; background-color: #ffffff; font-family: -apple-system, BlinkMacSystemFont,;\" href=\"https:\/\/elalfa.cl\/index.php\/2021\/08\/20\/experto-advierte-el-cambio-climatico-tambien-pone-en-riesgo-la-salud-de-las-personas\/\" target=\"_blank\" rel=\"noopener\">Experto advierte: El cambio clim\u00e1tico tambi\u00e9n pone en riesgo la salud de las personas. Se refiere Daniel Jim\u00e9nez, director de Salud del Estudiante de la UTalca.<\/a><\/p><p>\u00a0<\/p><p><b>EL MERCURIO<\/b><\/p><p><a style=\"font-style: inherit; font-weight: inherit; background-color: #ffffff; font-family: -apple-system, BlinkMacSystemFont,;\" href=\"https:\/\/www.litoralpress.cl\/paginaconsultas\/Servicios_NClip\/Get_Imagen_Nota.aspx?LPKey=KWZISCL3YX3DJPRIXAEUSXK6BQAPF3YQHW5JMK4FXYMYGQ2CJFF56MOI77F5RQMJYKYAZHLIPVZFG\" target=\"_blank\" rel=\"noopener\">Lengua de se\u00f1as: el curso m\u00e1s popular en el programa de movilidad entre universidades. Se refiere Felipe Alarc\u00f3n, estudiante de la carrera de Odontolog\u00eda de la UTalca.<\/a><\/p><p>\u00a0<\/p><p><b>TALCACAPITAL.CL<\/b><\/p><p><a style=\"font-style: inherit; font-weight: inherit; background-color: #ffffff; font-family: -apple-system, BlinkMacSystemFont,;\" href=\"https:\/\/talcacapital.cl\/cientificos-desarrollan-material-sustentable-que-mezcla-plastico-y-madera-reciclados\/\" target=\"_blank\" rel=\"noopener\">Cient\u00edficos desarrollan material sustentable que mezcla pl\u00e1stico y madera reciclados. Se refiere Pablo Villalobos, vicerrector de Innovaci\u00f3n y Transferencia Tecnol\u00f3gica y Gonzalo Pincheira, acad\u00e9mico de la Facultad de Ingenier\u00eda de la UTalca.<\/a><\/p><p>\u00a0<\/p><p><b>TVMAULE.CL<\/b><\/p><p><a style=\"font-style: inherit; font-weight: inherit; background-color: #ffffff; font-family: -apple-system, BlinkMacSystemFont,;\" href=\"https:\/\/www.tvmaule.cl\/maulinos-desarrollan-material-sustentable-que-mezcla-plastico-y-madera-reciclados\/\" target=\"_blank\" rel=\"noopener\">Maulinos desarrollan material sustentable que mezcla pl\u00e1stico y madera reciclados. Se refiere Pablo Villalobos, vicerrector de Innovaci\u00f3n y Transferencia Tecnol\u00f3gica y Gonzalo Pincheira, acad\u00e9mico de la Facultad de Ingenier\u00eda de la UTalca.<\/a><\/p><p>\u00a0<\/p><p><b>ELALFA.CL<\/b><\/p><p><a style=\"font-style: inherit; font-weight: inherit; background-color: #ffffff; font-family: -apple-system, BlinkMacSystemFont,;\" href=\"https:\/\/elalfa.cl\/index.php\/2021\/08\/22\/cientificos-desarrollan-material-sustentable-que-mezcla-plastico-y-madera-reciclados\/\" target=\"_blank\" rel=\"noopener\">Cient\u00edficos desarrollan material sustentable que mezcla pl\u00e1stico y madera reciclados. Se refiere Pablo Villalobos, vicerrector de Innovaci\u00f3n y Transferencia Tecnol\u00f3gica y Gonzalo Pincheira, acad\u00e9mico de la Facultad de Ingenier\u00eda de la UTalca.<\/a><\/p><p>\u00a0<\/p><p><b>RANCAGUATV.CL<\/b><\/p><p><a style=\"font-style: inherit; font-weight: inherit; background-color: #ffffff; font-family: -apple-system, BlinkMacSystemFont,;\" href=\"https:\/\/www.rancaguatv.cl\/o-higgins-noticias-cronicas-de-actualidad\/123-actualidad-y-contingencia\/4563-especialista-es-impredecible-saber-c%C3%83%C2%B3mo%20evolucionar%C3%83%C2%A1-el-sars-cov-2-en-los-pr%C3%83%C2%B3ximos-meses.html\" target=\"_blank\" rel=\"noopener\">Especialista: Es impredecible saber c\u00f3mo evolucionar\u00e1 el SARS- -CoV-2 en los pr\u00f3ximos meses. Se refiere Marcelo Alarc\u00f3n, acad\u00e9mico del Departamento de Bioqu\u00edmica Cl\u00ednica e Inmunohematolog\u00eda de la UTalca.<\/a><\/p><p>\u00a0<\/p><p><b>RADIO AGRICULTURA<\/b><\/p><p><a style=\"font-style: inherit; font-weight: inherit; background-color: #ffffff; font-family: -apple-system, BlinkMacSystemFont,;\" href=\"https:\/\/www.litoralpress.cl\/sitio\/RadioTV_Detalles.cshtml?LPKey=IZYWGEISFTH72AWHZOFIHKMWWLDTXHJURY64FBQBZR4MRH7PM4LQ\" target=\"_blank\" rel=\"noopener\">Entrevista a Patricio Gonz\u00e1lez, agroclimat\u00f3logo y acad\u00e9mico UTalca.<\/a><\/p><p>\u00a0<\/p><p><b>RADIO COOPERATIVA<\/b><\/p><p><a style=\"font-style: inherit; font-weight: inherit; background-color: #ffffff; font-family: -apple-system, BlinkMacSystemFont,;\" href=\"https:\/\/www.litoralpress.cl\/sitio\/RadioTV_Detalles.cshtml?LPKey=CBGAJZDI45R53CWZ3O2JIM5R3WDLGA4ADMOALNNL3DJCPJ4O3E2A\" target=\"_blank\" rel=\"noopener\">Lo que queda del d\u00eda: Una revisi\u00f3n al sistema frontal en la RM. Se refiere Patricio Gonz\u00e1lez, agroclimat\u00f3logo de la UTalca.<\/a><\/p><p>\u00a0<\/p><p><b>COOPERATIVA.CL<\/b><\/p><p><a style=\"font-style: inherit; font-weight: inherit; background-color: #ffffff; font-family: -apple-system, BlinkMacSystemFont,;\" href=\"https:\/\/www.cooperativa.cl\/noticias\/pais\/tiempo\/gobierno-la-lluvia-fue-una-buena-noticia-pero-pequena-respecto-a-la\/2021-08-20\/180503.html\" target=\"_blank\" rel=\"noopener\">Gobierno: La lluvia fue una buena noticia, pero peque\u00f1a respecto a la dif\u00edcil situaci\u00f3n que tenemos. Se refiere Patricio Gonz\u00e1lez, agroclimat\u00f3logo de la UTalca.<\/a><\/p><p>\u00a0<\/p><p><b>RADIO LAUTARO<\/b><\/p><p><a style=\"font-style: inherit; font-weight: inherit; background-color: #ffffff; font-family: -apple-system, BlinkMacSystemFont,;\" href=\"https:\/\/www.litoralpress.cl\/sitio\/RadioTV_Detalles.cshtml?LPKey=B4BVKQHPSQ4335XSKLJBBJPYCWDDADT5CB3RUQOFLL2D7KLQTCHQ\" target=\"_blank\" rel=\"noopener\">La Entrevista del S\u00e1bado. Se refiere Patricio Gonz\u00e1lez, agroclimat\u00f3logo de la UTalca.<\/a><\/p><p>\u00a0<\/p><p><b>ELMAULEINFORMA.CL<\/b><\/p><p><a style=\"font-style: inherit; font-weight: inherit; background-color: #ffffff; font-family: -apple-system, BlinkMacSystemFont,;\" href=\"https:\/\/elmauleinforma.cl\/exitosa-convocatoria-logro-version-digital-de-la-fiesta-de-la-poda\/\" target=\"_blank\" rel=\"noopener\">Exitosa convocatoria logr\u00f3 versi\u00f3n digital de la Fiesta de la Poda. Se refiere Patricio G\u00f3mez, director del Campus Colchagua y M\u00f3nica Vergara, directora de las carreras T\u00e9cnico Superior en Viticultura y T\u00e9cnico Superior en Vinificaci\u00f3n y Enolog\u00eda de la UTalca.<\/a><\/p><p>\u00a0<\/p><p><b>RANCAGUATV.CL<\/b><\/p><p><a style=\"font-style: inherit; font-weight: inherit; background-color: #ffffff; font-family: -apple-system, BlinkMacSystemFont,;\" href=\"https:\/\/www.rancaguatv.cl\/o-higgins-noticias-cronicas-de-actualidad\/106-cronica\/4567-afganist%C3%83%C2%A1n-%20analista-internacional-explica-los-efectos%20de-la-situaci%C3%83%C2%B3n-pol%C3%83%C2%ADtica.html\" target=\"_blank\" rel=\"noopener\">Afganist\u00e1n: Analista internacional explica los efectos de la situaci\u00f3n pol\u00edtica. Se refiere Alejandra M\u00e1rquez, acad\u00e9mica del Centro de An\u00e1lisis Pol\u00edtico (CAP) de la UTalca.<\/a><\/p><p>\u00a0<\/p><p><b>EL MERCURIO<\/b><\/p><p><a style=\"font-style: inherit; font-weight: inherit; background-color: #ffffff; font-family: -apple-system, BlinkMacSystemFont,;\" href=\"https:\/\/www.litoralpress.cl\/paginaconsultas\/Servicios_NClip\/Get_Imagen_Nota.aspx?LPKey=ZWZCD2OGFQGXZDX7BAWAWERNBLYLY4PUOQLJUT2ASG7ZUK4HTA5E5YXJYAHZXTZOI6JDIJFNPFNWI\" target=\"_blank\" rel=\"noopener\">Baja participaci\u00f3n marca consulta presidencial organizada por Unidad Constituyente. Se refiere Mauricio Morales, director del Centro de An\u00e1lisis Pol\u00edtico (CAP) de la UTalca.<\/a><\/p><p>\u00a0<\/p><p><b>EL MERCURIO<\/b><\/p><p><a style=\"font-style: inherit; font-weight: inherit; background-color: #ffffff; font-family: -apple-system, BlinkMacSystemFont,;\" href=\"https:\/\/www.litoralpress.cl\/paginaconsultas\/Servicios_NClip\/Get_Imagen_Nota.aspx?LPKey=O4AFWOFYTDERCO7TTVOSPMABBZA7BOV2D72QXDGNJXYOAC2FKUNUCJERX7MF3LBQBOSDEN4PIJTDG\" target=\"_blank\" rel=\"noopener\">Nivel de participaci\u00f3n es la gran inc\u00f3gnita de consulta presidencial de Unidad Constituyente. Se refiere Mauricio Morales, director del Centro de An\u00e1lisis Pol\u00edtico (CAP) de la UTalca.<\/a><\/p><p>\u00a0<\/p><p><b>LA TERCERA<\/b><\/p><p><a style=\"font-style: inherit; font-weight: inherit; background-color: #ffffff; font-family: -apple-system, BlinkMacSystemFont,;\" href=\"https:\/\/www.litoralpress.cl\/sitio\/Prensa_PaginaCompleta.cshtml?LPKey=T6XNCIK2E4S2EP3DX2RTUQXEJQ55K4YTSJLOHUAPNN2QUW76APKQ\" target=\"_blank\" rel=\"noopener\">El duro round por la hegemon\u00eda en la centroizquierda. Se refiere Mauricio Morales, director del Centro de An\u00e1lisis Pol\u00edtico (CAP) de la UTalca.<\/a><\/p><p>\u00a0<\/p><p><b>LATERCERA.COM<\/b><\/p><p><a style=\"font-style: inherit; font-weight: inherit; background-color: #ffffff; font-family: -apple-system, BlinkMacSystemFont,;\" href=\"https:\/\/www.latercera.com\/la-tercera-domingo\/noticia\/unidad-constituyente-vs-apruebo-dignidad-el-duro-round-por-la-hegemonia-en-la-centroizquierda\/ZIFN5EOS5FCUPLXSMEQ36TOLVY\/\" target=\"_blank\" rel=\"noopener\">Unidad Constituyente vs. Apruebo Dignidad: El duro round por la hegemon\u00eda en la centroizquierda. Se refiere Mauricio Morales, director del Centro de An\u00e1lisis Pol\u00edtico (CAP) de la UTalca.<\/a><\/p><p>\u00a0<\/p><p><b>LAS \u00daLTIMAS NOTICIAS<\/b><\/p><p><a style=\"font-style: inherit; font-weight: inherit; background-color: #ffffff; font-family: -apple-system, BlinkMacSystemFont,;\" href=\"https:\/\/www.litoralpress.cl\/paginaconsultas\/Servicios_NClip\/Get_Imagen_Nota.aspx?LPKey=4THEBBZTYWQWAR4UEO2727KHODVT7ICAC34UL6MDMOHVOZZQ5YC7SQ7DBGWJTYHGSOJTQIP6LSQ5K\" target=\"_blank\" rel=\"noopener\">Desventajas y desaf\u00edos de la candidata. Se refiere Mauricio Morales, director del Centro de An\u00e1lisis Pol\u00edtico (CAP) de la UTalca.<\/a><\/p><p>\u00a0<\/p><p><b>CANAL MEGA<\/b><\/p><p><a style=\"font-style: inherit; font-weight: inherit; background-color: #ffffff; font-family: -apple-system, BlinkMacSystemFont,;\" href=\"https:\/\/www.litoralpress.cl\/sitio\/RadioTV_Detalles.cshtml?LPKey=CCVTTMV4GQHTAY7YZ5PCXPWTPQEUPUBJE25SS7GTIQQCH7BYXPFQ\" target=\"_blank\" rel=\"noopener\">Resultados de elecciones consulta ciudadana de Unidad Constituyente. Se refiere Mauricio Morales, director del Centro de An\u00e1lisis Pol\u00edtico (CAP) de la UTalca.<\/a><\/p><p>\u00a0<\/p><p><b>CANAL MEGA<\/b><\/p><p><a style=\"font-style: inherit; font-weight: inherit; background-color: #ffffff; font-family: -apple-system, BlinkMacSystemFont,;\" href=\"https:\/\/www.litoralpress.cl\/sitio\/RadioTV_Detalles.cshtml?LPKey=WHGYZTOEBAE6KATRV3SI36V4POOM6KDNUEXX43DI2Q7OZUB7LTPA\" target=\"_blank\" rel=\"noopener\">Yasna Provoste gana consulta ciudadana. Se refiere Mauricio Morales, director del Centro de An\u00e1lisis Pol\u00edtico (CAP) de la UTalca.<\/a><\/p><p>\u00a0<\/p><p><b>RADIO COOPERATIVA<\/b><\/p><p><a style=\"font-style: inherit; font-weight: inherit; background-color: #ffffff; font-family: -apple-system, BlinkMacSystemFont,;\" href=\"https:\/\/www.litoralpress.cl\/sitio\/RadioTV_Detalles.cshtml?LPKey=QMHV7CZ3XA3HPULAMEJG7IP5SFJLJELHZI4HJLPC7COMDDJ5S3WQ\" target=\"_blank\" rel=\"noopener\">Entrevista a Mauricio Morales, director del Centro de An\u00e1lisis Pol\u00edtico (CAP) de la UTalca.<\/a><\/p><p>\u00a0<\/p><p><b>COOPERATIVA.CL<\/b><\/p><p><a style=\"font-style: inherit; font-weight: inherit; background-color: #ffffff; font-family: -apple-system, BlinkMacSystemFont,;\" href=\"https:\/\/www.cooperativa.cl\/noticias\/pais\/politica\/presidenciales\/convocatoria-total-de-la-consulta-ciudadana-de-unidad-constituyente-se\/2021-08-21\/224627.html\" target=\"_blank\" rel=\"noopener\">Convocatoria total de la consulta ciudadana de Unidad Constituyente se conocer\u00e1 reci\u00e9n este domingo. Se refiere Mauricio Morales, director del Centro de An\u00e1lisis Pol\u00edtico (CAP) de la UTalca.<\/a><\/p><p>\u00a0<\/p><p><b>COOPERATIVA.CL<\/b><\/p><p><a style=\"font-style: inherit; font-weight: inherit; background-color: #ffffff; font-family: -apple-system, BlinkMacSystemFont,;\" href=\"https:\/\/www.cooperativa.cl\/noticias\/pais\/politica\/presidenciales\/mauricio-morales-si-votan-menos-de-165-mil-personas-en-la-consulta-de\/2021-08-20\/203050.html\" target=\"_blank\" rel=\"noopener\">Mauricio Morales: Si votan menos de 165 mil personas en la consulta de Unidad Constituyente, es un fracaso.<\/a><\/p><p>\u00a0<\/p><p><b>RADIO AGRICULTURA<\/b><\/p><p><a style=\"font-style: inherit; font-weight: inherit; background-color: #ffffff; font-family: -apple-system, BlinkMacSystemFont,;\" href=\"https:\/\/www.litoralpress.cl\/sitio\/RadioTV_Detalles.cshtml?LPKey=XWSM3JRIIUIAXG4SRN3XMHRYYPOWXO3ZG7NGDVKHR7L7CYP4N4FA\" target=\"_blank\" rel=\"noopener\">Entrevista a Mauricio Morales, director del Centro de An\u00e1lisis Pol\u00edtico (CAP) de la UTalca.<\/a><\/p><p>\u00a0<\/p><p><b>RADIO UNIVERSO<\/b><\/p><p><a style=\"font-style: inherit; font-weight: inherit; background-color: #ffffff; font-family: -apple-system, BlinkMacSystemFont,;\" href=\"https:\/\/www.litoralpress.cl\/sitio\/RadioTV_Detalles.cshtml?LPKey=66PEJXW6OVNXJWLAJLWUOFO7DV6PBDTIGXDASPFTOZO7UAR2PEVQ\" target=\"_blank\" rel=\"noopener\">Entrevista a Mauricio Morales, director del Centro de An\u00e1lisis Pol\u00edtico (CAP) de la UTalca.<\/a><\/p><p>\u00a0<\/p><p><b>UNIVERSO.CL<\/b><\/p><p><a style=\"font-style: inherit; font-weight: inherit; background-color: #ffffff; font-family: -apple-system, BlinkMacSystemFont,;\" href=\"https:\/\/universo.cl\/actualidad\/mauricio-morales-ante-primarias-de-unidad-constituyente-cualquier-resultado-distinto-al-triunfo-de-provoste-seria-una-sorpresa\/\" target=\"_blank\" rel=\"noopener\">Mauricio Morales ante primarias de Unidad Constituyente: \u201cCualquier resultado distinto al triunfo de Provoste, ser\u00eda una sorpresa\u201d.<\/a><\/p><p>\u00a0<\/p><p><b>RADIO INFINITA<\/b><\/p><p><a style=\"font-style: inherit; font-weight: inherit; background-color: #ffffff; font-family: -apple-system, BlinkMacSystemFont,;\" href=\"https:\/\/www.litoralpress.cl\/sitio\/RadioTV_Detalles.cshtml?LPKey=3WE7BR7YN2COPLNMMEPNSN5I4WRIB5GSLSUTXBP7EVOG5JFVO3HA\" target=\"_blank\" rel=\"noopener\">Entrevista a Mauricio Morales, director del Centro de An\u00e1lisis Pol\u00edtico (CAP) de la UTalca.<\/a><\/p><p>\u00a0<\/p><p><b>EMOL.COM<\/b><\/p><p><a style=\"font-style: inherit; font-weight: inherit; background-color: #ffffff; font-family: -apple-system, BlinkMacSystemFont,;\" href=\"https:\/\/www.emol.com\/noticias\/Nacional\/2021\/08\/22\/1030366\/desafios-candidatura-provoste-ganadora-consulta.html\" target=\"_blank\" rel=\"noopener\">Los PS simpatizantes con Boric, su relaci\u00f3n con la DC y la baja participaci\u00f3n: Los desaf\u00edos de Provoste tras ganar la consulta. Se refiere Mauricio Morales, director del Centro de An\u00e1lisis Pol\u00edtico (CAP) de la UTalca.<\/a><\/p><p>\u00a0<\/p><p><b>NUEVOPODER.CL<\/b><\/p><p><a style=\"font-style: inherit; font-weight: inherit; background-color: #ffffff; font-family: -apple-system, BlinkMacSystemFont,;\" href=\"https:\/\/www.nuevopoder.cl\/el-duro-round-por-la-hegemonia-en-la-izquierda-ad-o-uc\/\" target=\"_blank\" rel=\"noopener\">El duro round por la hegemon\u00eda en la izquierda: AD o UC. Se refiere Mauricio Morales, director del Centro de An\u00e1lisis Pol\u00edtico (CAP) de la UTalca.<\/a><\/p><p>\u00a0<\/p><p><b>CANAL TVN RED MAULE<\/b><\/p><p><a style=\"font-style: inherit; font-weight: inherit; background-color: #ffffff; font-family: -apple-system, BlinkMacSystemFont,;\" href=\"https:\/\/www.litoralpress.cl\/sitio\/RadioTV_Detalles.cshtml?LPKey=3SEX2VNHFWTDIX5XMWFKVH3P53B5OHWH4RMS5V2JM2JCRWOKZJHQ\" target=\"_blank\" rel=\"noopener\">Prosiguen trabajos en la avenida Lircay que se ejecutan desde el 2018. Se menciona a la UTalca.<\/a><\/p><p>\u00a0<\/p><p><b>ELPINGUINO.COM<\/b><\/p><p><a style=\"font-style: inherit; font-weight: inherit; background-color: #ffffff; font-family: -apple-system, BlinkMacSystemFont,;\" href=\"https:\/\/elpinguino.com\/noticia\/2021\/08\/22\/educacion-y-tecnologia-el-otro-reto-que-nos-impuso-la-pandemia-\" target=\"_blank\" rel=\"noopener\">Educaci\u00f3n y tecnolog\u00eda: el otro reto que nos impuso la pandemia. Se menciona Instituto de Investigaci\u00f3n y Desarrollo Educacional (IIDE) de la UTalca.<\/a><\/p>\t\t\t\t\t\t<\/div>\n\t\t\t\t<\/div>\n\t\t\t\t\t<\/div>\n\t\t<\/div>\n\t\t\t\t\t\t\t<\/div>\n\t\t<\/section>\n\t\t\t\t\t\t<\/div>\n\t\t\t\t\t<\/div>\n\t\t","protected":false},"excerpt":{"rendered":"<p>EL MERCURIO El inter\u00e9s por estudiar Videojuegos en Chile sigue creciendo, aunque la representaci\u00f3n femenina es baja. Se refiere Nicol\u00e1s Barriga, director de la carrera de Ingenier\u00eda en Desarrollo de Videojuegos y Realidad de Virtual de la UTalca. \u00a0 CANAL TVN RED AUSTRAL Comit\u00e9 COVID solicit\u00f3 que se acelere vacunaci\u00f3n en menores entre 3 y &hellip;<\/p>\n<p class=\"read-more\"> <a class=\"\" href=\"https:\/\/www.reportedeprensa.utalca.cl\/?p=1744\"> <span class=\"screen-reader-text\">23 de agosto de 2021<\/span> Read More &raquo;<\/a><\/p>\n","protected":false},"author":1,"featured_media":0,"comment_status":"closed","ping_status":"open","sticky":false,"template":"elementor_theme","format":"standard","meta":{"_monsterinsights_skip_tracking":false,"_monsterinsights_sitenote_active":false,"_monsterinsights_sitenote_note":"","_monsterinsights_sitenote_category":0},"categories":[11],"tags":[],"_links":{"self":[{"href":"https:\/\/www.reportedeprensa.utalca.cl\/index.php?rest_route=\/wp\/v2\/posts\/1744"}],"collection":[{"href":"https:\/\/www.reportedeprensa.utalca.cl\/index.php?rest_route=\/wp\/v2\/posts"}],"about":[{"href":"https:\/\/www.reportedeprensa.utalca.cl\/index.php?rest_route=\/wp\/v2\/types\/post"}],"author":[{"embeddable":true,"href":"https:\/\/www.reportedeprensa.utalca.cl\/index.php?rest_route=\/wp\/v2\/users\/1"}],"replies":[{"embeddable":true,"href":"https:\/\/www.reportedeprensa.utalca.cl\/index.php?rest_route=%2Fwp%2Fv2%2Fcomments&post=1744"}],"version-history":[{"count":4,"href":"https:\/\/www.reportedeprensa.utalca.cl\/index.php?rest_route=\/wp\/v2\/posts\/1744\/revisions"}],"predecessor-version":[{"id":1748,"href":"https:\/\/www.reportedeprensa.utalca.cl\/index.php?rest_route=\/wp\/v2\/posts\/1744\/revisions\/1748"}],"wp:attachment":[{"href":"https:\/\/www.reportedeprensa.utalca.cl\/index.php?rest_route=%2Fwp%2Fv2%2Fmedia&parent=1744"}],"wp:term":[{"taxonomy":"category","embeddable":true,"href":"https:\/\/www.reportedeprensa.utalca.cl\/index.php?rest_route=%2Fwp%2Fv2%2Fcategories&post=1744"},{"taxonomy":"post_tag","embeddable":true,"href":"https:\/\/www.reportedeprensa.utalca.cl\/index.php?rest_route=%2Fwp%2Fv2%2Ftags&post=1744"}],"curies":[{"name":"wp","href":"https:\/\/api.w.org\/{rel}","templated":true}]}}