{"id":1755,"date":"2021-08-24T09:17:04","date_gmt":"2021-08-24T12:17:04","guid":{"rendered":"https:\/\/www.reportedeprensa.utalca.cl\/?p=1755"},"modified":"2021-08-24T09:38:44","modified_gmt":"2021-08-24T12:38:44","slug":"24-de-agosto-de-2021","status":"publish","type":"post","link":"https:\/\/www.reportedeprensa.utalca.cl\/?p=1755","title":{"rendered":"24 de agosto de 2021"},"content":{"rendered":"\t\t<div data-elementor-type=\"wp-post\" data-elementor-id=\"1755\" class=\"elementor elementor-1755\" data-elementor-settings=\"[]\">\n\t\t\t\t\t\t\t<div class=\"elementor-section-wrap\">\n\t\t\t\t\t\t\t<section class=\"elementor-section elementor-top-section elementor-element elementor-element-a06ca45 elementor-section-boxed elementor-section-height-default elementor-section-height-default\" data-id=\"a06ca45\" data-element_type=\"section\">\n\t\t\t\t\t\t<div class=\"elementor-container elementor-column-gap-default\">\n\t\t\t\t\t<div class=\"elementor-column elementor-col-100 elementor-top-column elementor-element elementor-element-1486c35\" data-id=\"1486c35\" data-element_type=\"column\">\n\t\t\t<div class=\"elementor-widget-wrap elementor-element-populated\">\n\t\t\t\t\t\t\t\t<div class=\"elementor-element elementor-element-42b145e elementor-widget elementor-widget-text-editor\" data-id=\"42b145e\" data-element_type=\"widget\" data-widget_type=\"text-editor.default\">\n\t\t\t\t<div class=\"elementor-widget-container\">\n\t\t\t\t\t\t\t\t<p><b>ADPRENSA.CL<\/b><\/p><p><a style=\"font-style: inherit; font-weight: inherit; background-color: #ffffff; font-family: -apple-system, BlinkMacSystemFont,;\" href=\"https:\/\/www.adprensa.cl\/cronica\/universidad-de-talca-inicio-proceso-de-retorno-a-las-actividades-presenciales\/\" target=\"_blank\" rel=\"noopener\">Universidad de Talca inici\u00f3 proceso de retorno a las actividades presenciales.<\/a><\/p><p>\u00a0<\/p><p><b>ELMAULEINFORMA.CL<\/b><\/p><p><a style=\"font-style: inherit; font-weight: inherit; background-color: #ffffff; font-family: -apple-system, BlinkMacSystemFont,;\" href=\"https:\/\/elmauleinforma.cl\/universidad-de-talca-inicio-proceso-de-retorno-a-las-actividades-presenciales\/\" target=\"_blank\" rel=\"noopener\">Universidad de Talca inici\u00f3 proceso de retorno a las actividades presenciales.<\/a><\/p><p>\u00a0<\/p><p><b>ADPRENSA.CL<\/b><\/p><p><a style=\"font-style: inherit; font-weight: inherit; background-color: #ffffff; font-family: -apple-system, BlinkMacSystemFont,;\" href=\"https:\/\/www.adprensa.cl\/actividades-academicas\/universidad-de-talca-logra-su-primer-licenciamiento-internacional-mediante-creacion-de-tecnologia-para-conservar-manzanas-y-peras-postcosecha\/\" target=\"_blank\" rel=\"noopener\">Universidad de Talca logra su primer licenciamiento internacional mediante creaci\u00f3n de tecnolog\u00eda para conservar manzanas y peras postcosecha.<\/a><\/p><p>\u00a0<\/p><p><b>UNIVERSIDADESESTATALES.CL<\/b><\/p><p><a style=\"font-style: inherit; font-weight: inherit; background-color: #ffffff; font-family: -apple-system, BlinkMacSystemFont,;\" href=\"http:\/\/www.universidadesestatales.cl\/cue\/?q=node\/9140\" target=\"_blank\" rel=\"noopener\">Universidad de Talca logra su primer licenciamiento internacional mediante creaci\u00f3n de tecnolog\u00eda para conservar manzanas y peras postcosecha.<\/a><\/p><p>\u00a0<\/p><p><b>DIARIOELHERALDO.CL<\/b><\/p><p><a style=\"font-style: inherit; font-weight: inherit; background-color: #ffffff; font-family: -apple-system, BlinkMacSystemFont,;\" href=\"http:\/\/www.diarioelheraldo.cl\/noticia\/universidad-de-talca-logra-su-primer-licenciamiento-internacional-mediante-creacion-de-tecnologia-para-conservar-manzanas-y-peras-postcosecha-\" target=\"_blank\" rel=\"noopener\">Universidad de Talca logra su primer licenciamiento internacional mediante creaci\u00f3n de tecnolog\u00eda para conservar manzanas y peras postcosecha.<\/a><\/p><p>\u00a0<\/p><p><b>DIARIO TALCA<\/b><\/p><p><a style=\"font-style: inherit; font-weight: inherit; background-color: #ffffff; font-family: -apple-system, BlinkMacSystemFont,;\" href=\"https:\/\/www.litoralpress.cl\/paginaconsultas\/Servicios_NClip\/Get_Imagen_Nota.aspx?LPKey=A2MCMTBGIXG5FIZKH2ZDGG2W2HCULOMMLEF5ADZMULMLAYV4B4HPHKD2TD7GURVCTLOV34W7CPLIY\" target=\"_blank\" rel=\"noopener\">Desarrollan material sustentable que mezcla pl\u00e1stico y madera reciclados. Se refiere Pablo Villalobos, vicerrector de Innovaci\u00f3n y Transferencia Tecnol\u00f3gica y Gonzalo Pincheira, acad\u00e9mico de la Facultad de Ingenier\u00eda de la UTalca.<\/a><\/p><p>\u00a0<\/p><p><b>DIARIOTALCA.CL<\/b><\/p><p><a style=\"font-style: inherit; font-weight: inherit; background-color: #ffffff; font-family: -apple-system, BlinkMacSystemFont,;\" href=\"https:\/\/www.diariotalca.cl\/desarrollan-material-sustentable-que-mezcla-plastico-y-madera-reciclados\/\" target=\"_blank\" rel=\"noopener\">Desarrollan material sustentable que mezcla pl\u00e1stico y madera reciclados. Se refiere Pablo Villalobos, vicerrector de Innovaci\u00f3n y Transferencia Tecnol\u00f3gica y Gonzalo Pincheira, acad\u00e9mico de la Facultad de Ingenier\u00eda de la UTalca.<\/a><\/p><p>\u00a0<\/p><p><b>REDMAULE.COM<\/b><\/p><p><a style=\"font-style: inherit; font-weight: inherit; background-color: #ffffff; font-family: -apple-system, BlinkMacSystemFont,;\" href=\"https:\/\/www.redmaule.com\/nacional\/analizan-desafios-del-agro-en-el-contexto-del-cambio-climatico\" target=\"_blank\" rel=\"noopener\">Analizan desaf\u00edos del agro en el contexto del cambio clim\u00e1tico. Se refiere Hermine Vogel, decana de la Facultad de Ciencias Agrarias; Jos\u00e9 Antonio Yuri, director del Centro de Pom\u00e1ceas de la UTalca; y Yerko Moreno, director del Centro Tecnol\u00f3gico de la Vid y el Vino de la UTalca.<\/a><\/p><p>\u00a0<\/p><p><b>ELDIARIODEMAULE.CL<\/b><\/p><p><a style=\"font-style: inherit; font-weight: inherit; background-color: #ffffff; font-family: -apple-system, BlinkMacSystemFont,;\" href=\"https:\/\/eldiariodemaule.cl\/analizan-desafios-del-agro-en-el-contexto-del-cambio-climatico\/\" target=\"_blank\" rel=\"noopener\">Analizan desaf\u00edos del agro en el contexto del cambio clim\u00e1tico. Se refiere Hermine Vogel, decana de la Facultad de Ciencias Agrarias y Jos\u00e9 Antonio Yuri, director del Centro de Pom\u00e1ceas de la UTalca.<\/a><\/p><p>\u00a0<\/p><p><b>LANOTICIA.CL<\/b><\/p><p><a style=\"font-style: inherit; font-weight: inherit; background-color: #ffffff; font-family: -apple-system, BlinkMacSystemFont,;\" href=\"https:\/\/lanoticia.cl\/analizan-desafios-del-agro-en-el-contexto-del-cambio-climatico\" target=\"_blank\" rel=\"noopener\">Analizan desaf\u00edos del agro en el contexto del cambio clim\u00e1tico. Se refiere Hermine Vogel, decana de la Facultad de Ciencias Agrarias; Jos\u00e9 Antonio Yuri, director del Centro de Pom\u00e1ceas de la UTalca; y Yerko Moreno, director del Centro Tecnol\u00f3gico de la Vid y el Vino de la UTalca.<\/a><\/p><p>\u00a0<\/p><p><b>LINARESENLINEA.CL<\/b><\/p><p><a style=\"font-style: inherit; font-weight: inherit; background-color: #ffffff; font-family: -apple-system, BlinkMacSystemFont,;\" href=\"https:\/\/www.linaresenlinea.cl\/2021\/08\/23\/profesionales-analizaron-los-desafios-del-agro-en-el-contexto-del-cambio-climatico\/\" target=\"_blank\" rel=\"noopener\">Profesionales analizaron los desaf\u00edos del agro en el contexto del cambio clim\u00e1tico. Se refiere Hermine Vogel, decana de la Facultad de Ciencias Agrarias; Jos\u00e9 Antonio Yuri, director del Centro de Pom\u00e1ceas de la UTalca; y Yerko Moreno, director del Centro Tecnol\u00f3gico de la Vid y el Vino de la UTalca.<\/a><\/p><p>\u00a0<\/p><p><b>RADIOMAGALLANES.CL<\/b><\/p><p><a style=\"font-style: inherit; font-weight: inherit; background-color: #ffffff; font-family: -apple-system, BlinkMacSystemFont,;\" href=\"https:\/\/www.radiomagallanes.cl\/noticia.php?id_not=97504\" target=\"_blank\" rel=\"noopener\">Analizan desaf\u00edos del agro en el contexto del cambio clim\u00e1tico. Se refiere Hermine Vogel, decana de la Facultad de Ciencias Agrarias; Jos\u00e9 Antonio Yuri, director del Centro de Pom\u00e1ceas de la UTalca; y Yerko Moreno, director del Centro Tecnol\u00f3gico de la Vid y el Vino de la UTalca.<\/a><\/p><p>\u00a0<\/p><p><b>G5NOTICIAS.CL<\/b><\/p><p><a style=\"font-style: inherit; font-weight: inherit; background-color: #ffffff; font-family: -apple-system, BlinkMacSystemFont,;\" href=\"https:\/\/g5noticias.cl\/2021\/08\/22\/analizan-desafios-del-agro-en-el-contexto-del-cambio-climatico\/\" target=\"_blank\" rel=\"noopener\">Analizan desaf\u00edos del agro en el contexto del cambio clim\u00e1tico. Se refiere Hermine Vogel, decana de la Facultad de Ciencias Agrarias; Jos\u00e9 Antonio Yuri, director del Centro de Pom\u00e1ceas de la UTalca; y Yerko Moreno, director del Centro Tecnol\u00f3gico de la Vid y el Vino de la UTalca.<\/a><\/p><p>\u00a0<\/p><p><b>CANAL UCHILETV<\/b><\/p><p><a style=\"font-style: inherit; font-weight: inherit; background-color: #ffffff; font-family: -apple-system, BlinkMacSystemFont,;\" href=\"https:\/\/www.litoralpress.cl\/sitio\/RadioTV_Detalles.cshtml?LPKey=3BCO4KS64RTNCHSJEVHC3F22XMD4WHF4LDH4AMVJMYX4V7SJACPQ\" target=\"_blank\" rel=\"noopener\">Entrevista a Marcelo Alarc\u00f3n, acad\u00e9mico del Departamento de Bioqu\u00edmica Cl\u00ednica e Inmunohematolog\u00eda de la UTalca.<\/a><\/p><p>\u00a0<\/p><p><b>LANOTICIA.CL<\/b><\/p><p><a style=\"font-style: inherit; font-weight: inherit; background-color: #ffffff; font-family: -apple-system, BlinkMacSystemFont,;\" href=\"https:\/\/lanoticia.cl\/universidad-de-talca-exitosa-convocatoria-logro-version-digital-de-la-fiesta-de-la-poda-en-colchagua\/\" target=\"_blank\" rel=\"noopener\">Universidad de Talca: Exitosa convocatoria logr\u00f3 versi\u00f3n digital de la Fiesta de la Poda en Colchagua.<\/a><\/p><p>\u00a0<\/p><p><b>RADIOFESTIVAL.CL<\/b><\/p><p><a style=\"font-style: inherit; font-weight: inherit; background-color: #ffffff; font-family: -apple-system, BlinkMacSystemFont,;\" href=\"https:\/\/www.radiofestival.cl\/inach-da-a-conocer-las-propuestas-ganadoras-de-los-xv-fondos-de-apoyo-a-tesis-de-postgrado\/\" target=\"_blank\" rel=\"noopener\">INACH da a conocer las propuestas ganadoras de los XV Fondos de Apoyo a Tesis de Postgrado. Se menciona a Claudia Egas, alumna de la UTalca.<\/a><\/p><p>\u00a0<\/p><p><b>RADIOPRESIDENTEIBANEZ.CL<\/b><\/p><p><a style=\"font-style: inherit; font-weight: inherit; background-color: #ffffff; font-family: -apple-system, BlinkMacSystemFont,;\" href=\"https:\/\/www.radiopresidenteibanez.cl\/web\/inach-da-a-conocer-las-propuestas-ganadoras-de-los-xv-fondos-de-apoyo-a-tesis-de-postgrado\/\" target=\"_blank\" rel=\"noopener\">INACH da a conocer las propuestas ganadoras de los XV Fondos de Apoyo a Tesis de Postgrado. Se menciona a Claudia Egas, alumna de la UTalca.<\/a><\/p><p>\u00a0<\/p><p><b>OVEJERONOTICIAS.CL<\/b><\/p><p><a style=\"font-style: inherit; font-weight: inherit; background-color: #ffffff; font-family: -apple-system, BlinkMacSystemFont,;\" href=\"https:\/\/www.ovejeronoticias.cl\/2021\/08\/inach-da-a-conocer-las-propuestas-ganadoras-de-los-xv-fondos-de-apoyo-a-tesis-de-postgrado\/\" target=\"_blank\" rel=\"noopener\">INACH da a conocer las propuestas ganadoras de los XV Fondos de Apoyo a Tesis de Postgrado. Se menciona a Claudia Egas, alumna de la UTalca.<\/a><\/p><p>\u00a0<\/p><p><b>RADIOMAGALLANES.CL<\/b><\/p><p><a style=\"font-style: inherit; font-weight: inherit; background-color: #ffffff; font-family: -apple-system, BlinkMacSystemFont,;\" href=\"https:\/\/www.radiomagallanes.cl\/noticia.php?id_not=97507\" target=\"_blank\" rel=\"noopener\">INACH da a conocer las propuestas ganadoras de los XV Fondos de Apoyo a Tesis de Postgrado. Se menciona a Claudia Egas, alumna de la UTalca.<\/a><\/p><p>\u00a0<\/p><p><b>CIENCIAENCHILE.CL<\/b><\/p><p><a style=\"font-style: inherit; font-weight: inherit; background-color: #ffffff; font-family: -apple-system, BlinkMacSystemFont,;\" href=\"https:\/\/www.cienciaenchile.cl\/inach-da-a-conocer-las-propuestas-ganadoras-de-los-xv-fondos-de-apoyo-a-tesis-de-postgrado\/\" target=\"_blank\" rel=\"noopener\">INACH da a conocer las propuestas ganadoras de los XV Fondos de Apoyo a Tesis de Postgrado. Se menciona a Claudia Egas, alumna de la UTalca.<\/a><\/p><p>\u00a0<\/p><p><b>CANAL MEGA<\/b><\/p><p><a style=\"font-style: inherit; font-weight: inherit; background-color: #ffffff; font-family: -apple-system, BlinkMacSystemFont,;\" href=\"https:\/\/www.litoralpress.cl\/sitio\/RadioTV_Detalles.cshtml?LPKey=4AMWBKWP5O6DPXEXTCOIL6H6HNGNAXW4DNQN53HDPZABYBV7DW5Q\" target=\"_blank\" rel=\"noopener\">El Chile que sue\u00f1as: la inscripci\u00f3n de candidaturas en el Servel. Se refiere Mauricio Morales, director del Centro de An\u00e1lisis Pol\u00edtico (CAP) de la UTalca.<\/a><\/p><p>\u00a0<\/p><p><b>CANAL MEGA<\/b><\/p><p><a style=\"font-style: inherit; font-weight: inherit; background-color: #ffffff; font-family: -apple-system, BlinkMacSystemFont,;\" href=\"https:\/\/www.litoralpress.cl\/sitio\/RadioTV_Detalles.cshtml?LPKey=6AE7OAMWKLWBA5MGOHUWUY3GMJTCR5YQPUP2AWW7P2ATC4FMYA6A\" target=\"_blank\" rel=\"noopener\">An\u00e1lisis de la consulta ciudadana que dio como ganadora a Yasna Provoste. Se refiere Mauricio Morales, director del Centro de An\u00e1lisis Pol\u00edtico (CAP) de la UTalca.<\/a><\/p><p>\u00a0<\/p><p><b>CANAL MEGA PLUS<\/b><\/p><p><a style=\"font-style: inherit; font-weight: inherit; background-color: #ffffff; font-family: -apple-system, BlinkMacSystemFont,;\" href=\"https:\/\/www.litoralpress.cl\/sitio\/RadioTV_Detalles.cshtml?LPKey=L46N73G4KXNP3PCYBVI6CJRHSTJ7LOMYNMRWZAPR6CRXCMXCJ2UQ\" target=\"_blank\" rel=\"noopener\">An\u00e1lisis de la carrera presidencial y parlamentaria. Se refiere Mauricio Morales, director del Centro de An\u00e1lisis Pol\u00edtico (CAP) de la UTalca.<\/a><\/p><p>\u00a0<\/p><p><b>CANAL CNN CHILE<\/b><\/p><p><a style=\"font-style: inherit; font-weight: inherit; background-color: #ffffff; font-family: -apple-system, BlinkMacSystemFont,;\" href=\"https:\/\/www.litoralpress.cl\/sitio\/RadioTV_Detalles.cshtml?LPKey=XFLSWLCIEQY25Y5BNFFX3M2PGBWYRD5HMFZVMSD4JM74RVO5STBA\" target=\"_blank\" rel=\"noopener\">Entrevista a Mauricio Morales, director del Centro de An\u00e1lisis Pol\u00edtico (CAP) de la UTalca.<\/a><\/p><p>\u00a0<\/p><p><b>CANAL MEGA<\/b><\/p><p><a style=\"font-style: inherit; font-weight: inherit; background-color: #ffffff; font-family: -apple-system, BlinkMacSystemFont,;\" href=\"https:\/\/www.litoralpress.cl\/sitio\/RadioTV_Detalles.cshtml?LPKey=7NX7AI5MXT73GVZLM3HN44EUDQ4G4GL6BGPJRGTBMUOJU3YLQJAA\" target=\"_blank\" rel=\"noopener\">Entrevista a Mauricio Morales, director del Centro de An\u00e1lisis Pol\u00edtico (CAP) de la UTalca.<\/a><\/p><p>\u00a0<\/p><p><b>LA SEGUNDA<\/b><\/p><p><a style=\"font-style: inherit; font-weight: inherit; background-color: #ffffff; font-family: -apple-system, BlinkMacSystemFont,;\" href=\"https:\/\/www.litoralpress.cl\/sitio\/Prensa_PaginaCompleta.cshtml?LPKey=TSTTO26FPEJKO2KTGDN2GJXIDRBCG4GQ4LX7SFI5UW42RCHHDNWQ\" target=\"_blank\" rel=\"noopener\">Provoste y c\u00f3mo ser m\u00e1s competitiva: \u00bfcontra Boric o contra Sichel? Se refiere Mauricio Morales, director del Centro de An\u00e1lisis Pol\u00edtico (CAP) de la UTalca.<\/a><\/p><p>\u00a0<\/p><p><b>RADIO COOPERATIVA<\/b><\/p><p><a style=\"font-style: inherit; font-weight: inherit; background-color: #ffffff; font-family: -apple-system, BlinkMacSystemFont,;\" href=\"https:\/\/www.litoralpress.cl\/sitio\/RadioTV_Detalles.cshtml?LPKey=5KV6YNAIGHXLRCP2XIMSONNGXNKOBM7XDRK4XT5RNUADKK2RMPJA\" target=\"_blank\" rel=\"noopener\">Entrevista a Mauricio Morales, director del Centro de An\u00e1lisis Pol\u00edtico (CAP) de la UTalca.<\/a><\/p><p>\u00a0<\/p><p><b>COOPERATIVA.CL<\/b><\/p><p><a style=\"font-style: inherit; font-weight: inherit; background-color: #ffffff; font-family: -apple-system, BlinkMacSystemFont,;\" href=\"https:\/\/www.cooperativa.cl\/noticias\/pais\/politica\/elecciones\/mauricio-morales-si-provoste-se-quiere-asimilar-a-boric-tiene-la\/2021-08-23\/133817.html\" target=\"_blank\" rel=\"noopener\">Mauricio Morales: Si Provoste se quiere asimilar a Boric, tiene la elecci\u00f3n perdida.<\/a><\/p><p>\u00a0<\/p><p><b>THECLINIC.CL<\/b><\/p><p><a style=\"font-style: inherit; font-weight: inherit; background-color: #ffffff; font-family: -apple-system, BlinkMacSystemFont,;\" href=\"https:\/\/www.theclinic.cl\/2021\/08\/23\/mantenerse-en-la-agenda-a-cualquier-costo-analistas-examinan-la-apuesta-mas-arriesgada-de-enriquez-ominami\/\" target=\"_blank\" rel=\"noopener\">Mantenerse en la agenda \u201ca cualquier costo\u201d: analistas examinan la apuesta m\u00e1s arriesgada de Enr\u00edquez-Ominami. Se refiere Mauricio Morales, director del Centro de An\u00e1lisis Pol\u00edtico (CAP) de la UTalca.<\/a><\/p><p>\u00a0<\/p><p><b>BLOOMBERGLINEA.CL<\/b><\/p><p><a style=\"font-style: inherit; font-weight: inherit; background-color: #ffffff; font-family: -apple-system, BlinkMacSystemFont,;\" href=\"https:\/\/www.bloomberglinea.cl\/2021\/08\/22\/como-el-triunfo-de-provoste-impacta-en-la-carrera-presidencial-chilena\/\" target=\"_blank\" rel=\"noopener\">\u00bfC\u00f3mo el triunfo de Provoste impacta en la carrera presidencial chilena? Se refiere Mauricio Morales, director del Centro de An\u00e1lisis Pol\u00edtico (CAP) de la UTalca.<\/a><\/p><p>\u00a0<\/p><p><b>DIARIO AUSTRAL REGI\u00d3N DE LOS R\u00cdOS<\/b><\/p><p><a style=\"font-style: inherit; font-weight: inherit; background-color: #ffffff; font-family: -apple-system, BlinkMacSystemFont,;\" href=\"https:\/\/www.litoralpress.cl\/paginaconsultas\/Servicios_NClip\/Get_Imagen_Nota.aspx?LPKey=DCXWBEHXAJA2Q6MXSIS2UHO4DSGH2AOOT6PYLAG557KTK6RLDOZYGGPGFBVZWF4MZ7SNNHHJI6Y3C\" target=\"_blank\" rel=\"noopener\">Festival Entrecuerdas llega con artistas de seis pa\u00edses. Se menciona a la UTalca.<\/a><\/p><p>\u00a0<\/p><p><b>RIOENLINEA.CL<\/b><\/p><p><a style=\"font-style: inherit; font-weight: inherit; background-color: #ffffff; font-family: -apple-system, BlinkMacSystemFont,;\" href=\"https:\/\/www.rioenlinea.cl\/entrecuerdas-trece-conciertos-componen-el-festival-internacional-de-guitarra-en-valdivia\/\" target=\"_blank\" rel=\"noopener\">\u201cEntrecuerdas\u201d: Trece conciertos componen el festival internacional de guitarra en Valdivia. Se menciona a la UTalca.<\/a><\/p><p>\u00a0<\/p><p><b>EL RANCAGUINO<\/b><\/p><p><a style=\"font-style: inherit; font-weight: inherit; background-color: #ffffff; font-family: -apple-system, BlinkMacSystemFont,;\" href=\"https:\/\/www.litoralpress.cl\/paginaconsultas\/Servicios_NClip\/Get_Imagen_Nota.aspx?LPKey=22BU6JEIN33X2MZPSJ4Y6DRYUBAFXBWWJFHGZX3CNCELOABZJ55C6VARBFLHRBAPXH4ZJNNDR3S4Q\" target=\"_blank\" rel=\"noopener\">Educaci\u00f3n y tecnolog\u00eda: el otro reto que nos impuso la pandemia. Se menciona el Instituto de Investigaci\u00f3n de Desarrollo Educacional (IIDE) de la UTalca.<\/a><\/p><p>\u00a0<\/p><p><b>LA ESTRELLA DE CHILO\u00c9<\/b><\/p><p><a style=\"font-style: inherit; font-weight: inherit; background-color: #ffffff; font-family: -apple-system, BlinkMacSystemFont,;\" href=\"https:\/\/www.litoralpress.cl\/paginaconsultas\/Servicios_NClip\/Get_Imagen_Nota.aspx?LPKey=KEREHXJHIP5VAI3I4ELEFHZEHWKFOQIGGBJKFUNBNNK6ZG2RK546AAWGHEW4F4NPY2JPQ5VTWQFUA\" target=\"_blank\" rel=\"noopener\">Educaci\u00f3n y tecnolog\u00eda: el otro reto que nos impuso la pandemia. Se menciona el Instituto de Investigaci\u00f3n de Desarrollo Educacional (IIDE) de la UTalca.<\/a><\/p><p>\u00a0<\/p><p><b>DIARIO TALCA<\/b><\/p><p><a style=\"font-style: inherit; font-weight: inherit; background-color: #ffffff; font-family: -apple-system, BlinkMacSystemFont,;\" href=\"https:\/\/www.litoralpress.cl\/paginaconsultas\/Servicios_NClip\/Get_Imagen_Nota.aspx?LPKey=BQ5FUXWPUR32JXJGUZUNWWQGKCD7ZWCASPOB723NWLIVEIAJRRAMG4PFZQX5MGB4OHIVQWIZMGCBA\" target=\"_blank\" rel=\"noopener\">Las cr\u00f3nicas de Benito Riquelme. Se menciona Centro de Documentaci\u00f3n Patrimonial de la UTalca.<\/a><\/p><p>\u00a0<\/p><p><b>DIARIO TALCA<\/b><\/p><p><a style=\"font-style: inherit; font-weight: inherit; background-color: #ffffff; font-family: -apple-system, BlinkMacSystemFont,;\" href=\"https:\/\/www.litoralpress.cl\/paginaconsultas\/Servicios_NClip\/Get_Imagen_Nota.aspx?LPKey=OYY4HQ54PLU6FB5JWLNG4CMH35ZVUXRUKXWWEB66JGZ3LPPXZS3QXEO4OTHMBEFNWRVLQN5JRKYRG\" target=\"_blank\" rel=\"noopener\">El \u00e1gape a Coke. Se menciona Centro de Documentaci\u00f3n Patrimonial de la UTalca.<\/a><\/p>\t\t\t\t\t\t<\/div>\n\t\t\t\t<\/div>\n\t\t\t\t\t<\/div>\n\t\t<\/div>\n\t\t\t\t\t\t\t<\/div>\n\t\t<\/section>\n\t\t\t\t\t\t<\/div>\n\t\t\t\t\t<\/div>\n\t\t","protected":false},"excerpt":{"rendered":"<p>ADPRENSA.CL Universidad de Talca inici\u00f3 proceso de retorno a las actividades presenciales. \u00a0 ELMAULEINFORMA.CL Universidad de Talca inici\u00f3 proceso de retorno a las actividades presenciales. \u00a0 ADPRENSA.CL Universidad de Talca logra su primer licenciamiento internacional mediante creaci\u00f3n de tecnolog\u00eda para conservar manzanas y peras postcosecha. \u00a0 UNIVERSIDADESESTATALES.CL Universidad de Talca logra su primer licenciamiento internacional &hellip;<\/p>\n<p class=\"read-more\"> <a class=\"\" href=\"https:\/\/www.reportedeprensa.utalca.cl\/?p=1755\"> <span class=\"screen-reader-text\">24 de agosto de 2021<\/span> Read More &raquo;<\/a><\/p>\n","protected":false},"author":1,"featured_media":0,"comment_status":"closed","ping_status":"open","sticky":false,"template":"elementor_theme","format":"standard","meta":{"_monsterinsights_skip_tracking":false,"_monsterinsights_sitenote_active":false,"_monsterinsights_sitenote_note":"","_monsterinsights_sitenote_category":0},"categories":[11],"tags":[],"_links":{"self":[{"href":"https:\/\/www.reportedeprensa.utalca.cl\/index.php?rest_route=\/wp\/v2\/posts\/1755"}],"collection":[{"href":"https:\/\/www.reportedeprensa.utalca.cl\/index.php?rest_route=\/wp\/v2\/posts"}],"about":[{"href":"https:\/\/www.reportedeprensa.utalca.cl\/index.php?rest_route=\/wp\/v2\/types\/post"}],"author":[{"embeddable":true,"href":"https:\/\/www.reportedeprensa.utalca.cl\/index.php?rest_route=\/wp\/v2\/users\/1"}],"replies":[{"embeddable":true,"href":"https:\/\/www.reportedeprensa.utalca.cl\/index.php?rest_route=%2Fwp%2Fv2%2Fcomments&post=1755"}],"version-history":[{"count":4,"href":"https:\/\/www.reportedeprensa.utalca.cl\/index.php?rest_route=\/wp\/v2\/posts\/1755\/revisions"}],"predecessor-version":[{"id":1759,"href":"https:\/\/www.reportedeprensa.utalca.cl\/index.php?rest_route=\/wp\/v2\/posts\/1755\/revisions\/1759"}],"wp:attachment":[{"href":"https:\/\/www.reportedeprensa.utalca.cl\/index.php?rest_route=%2Fwp%2Fv2%2Fmedia&parent=1755"}],"wp:term":[{"taxonomy":"category","embeddable":true,"href":"https:\/\/www.reportedeprensa.utalca.cl\/index.php?rest_route=%2Fwp%2Fv2%2Fcategories&post=1755"},{"taxonomy":"post_tag","embeddable":true,"href":"https:\/\/www.reportedeprensa.utalca.cl\/index.php?rest_route=%2Fwp%2Fv2%2Ftags&post=1755"}],"curies":[{"name":"wp","href":"https:\/\/api.w.org\/{rel}","templated":true}]}}