{"id":1766,"date":"2021-08-25T09:43:22","date_gmt":"2021-08-25T12:43:22","guid":{"rendered":"https:\/\/www.reportedeprensa.utalca.cl\/?p=1766"},"modified":"2021-08-25T09:56:52","modified_gmt":"2021-08-25T12:56:52","slug":"25-de-agosto-de-2021","status":"publish","type":"post","link":"https:\/\/www.reportedeprensa.utalca.cl\/?p=1766","title":{"rendered":"25 de agosto de 2021"},"content":{"rendered":"\t\t<div data-elementor-type=\"wp-post\" data-elementor-id=\"1766\" class=\"elementor elementor-1766\" data-elementor-settings=\"[]\">\n\t\t\t\t\t\t\t<div class=\"elementor-section-wrap\">\n\t\t\t\t\t\t\t<section class=\"elementor-section elementor-top-section elementor-element elementor-element-a06ca45 elementor-section-boxed elementor-section-height-default elementor-section-height-default\" data-id=\"a06ca45\" data-element_type=\"section\">\n\t\t\t\t\t\t<div class=\"elementor-container elementor-column-gap-default\">\n\t\t\t\t\t<div class=\"elementor-column elementor-col-100 elementor-top-column elementor-element elementor-element-1486c35\" data-id=\"1486c35\" data-element_type=\"column\">\n\t\t\t<div class=\"elementor-widget-wrap elementor-element-populated\">\n\t\t\t\t\t\t\t\t<div class=\"elementor-element elementor-element-42b145e elementor-widget elementor-widget-text-editor\" data-id=\"42b145e\" data-element_type=\"widget\" data-widget_type=\"text-editor.default\">\n\t\t\t\t<div class=\"elementor-widget-container\">\n\t\t\t\t\t\t\t\t<p><b>EL HERALDO<\/b><\/p><p><a style=\"font-style: inherit; font-weight: inherit; background-color: #ffffff; font-family: -apple-system, BlinkMacSystemFont,;\" href=\"https:\/\/www.litoralpress.cl\/paginaconsultas\/Servicios_NClip\/Get_Imagen_Nota.aspx?LPKey=ZTQFEZLD2L6UAFLSF44MLWYTYHSDYUWVK6BYJ57MI6QEAZIOKCJCGVFN6ZUBV5RBN6PF67H5CKQSK\" target=\"_blank\" rel=\"noopener\">Universidad de Talca logra su primer licenciamiento internacional mediante creaci\u00f3n de tecnolog\u00eda para conservar manzanas y peras postcosecha.<\/a><\/p><p>\u00a0<\/p><p><b>UNIVERSIDADESESTATALES.CL<\/b><\/p><p><a style=\"font-style: inherit; font-weight: inherit; background-color: #ffffff; font-family: -apple-system, BlinkMacSystemFont,;\" href=\"http:\/\/www.universidadesestatales.cl\/cue\/?q=node\/9146\" target=\"_blank\" rel=\"noopener\">Universidad de Talca inici\u00f3 proceso de retorno a las actividades presenciales.<\/a><\/p><p>\u00a0<\/p><p><b>ELMAULEINFORMA.CL<\/b><\/p><p><a style=\"font-style: inherit; font-weight: inherit; background-color: #ffffff; font-family: -apple-system, BlinkMacSystemFont,;\" href=\"https:\/\/elmauleinforma.cl\/universidad-de-talca-inicio-proceso-de-retorno-a-las-actividades-presenciales\/\" target=\"_blank\" rel=\"noopener\">Universidad de Talca inici\u00f3 proceso de retorno a las actividades presenciales.<\/a><\/p><p>\u00a0<\/p><p><b>LINARESENLINEA.CL<\/b><\/p><p><a style=\"font-style: inherit; font-weight: inherit; background-color: #ffffff; font-family: -apple-system, BlinkMacSystemFont,;\" href=\"https:\/\/www.linaresenlinea.cl\/2021\/08\/24\/universidad-de-talca-inicio-proceso-de-retorno-a-las-actividades-presenciales\/\" target=\"_blank\" rel=\"noopener\">Universidad de Talca inici\u00f3 proceso de retorno a las actividades presenciales.<\/a><\/p><p>\u00a0<\/p><p><b>RADIO COOPERATIVA<br \/><\/b><\/p><p><a style=\"font-style: inherit; font-weight: inherit; background-color: #ffffff; font-family: -apple-system, BlinkMacSystemFont,;\" href=\"https:\/\/www.litoralpress.cl\/sitio\/RadioTV_Detalles.cshtml?LPKey=SPRLQZRHRB4B77DS5PXC5F5PXCBBMYPQSBKQXO3GFTOEIHDUH5XQ\" target=\"_blank\" rel=\"noopener\">Balance COVID-19 y variante Delta merodea en los planes del 18 de septiembre. Se refiere Daniel Jim\u00e9nez, director de Salud del Estudiante de la UTalca.<\/a><\/p><p>\u00a0<\/p><p><b>RADIO COOPERATIVA<\/b><\/p><p><a style=\"font-style: inherit; font-weight: inherit; background-color: #ffffff; font-family: -apple-system, BlinkMacSystemFont,;\" href=\"https:\/\/www.litoralpress.cl\/sitio\/RadioTV_Detalles.cshtml?LPKey=O4IV2JXD6HNEMGC2UP7ECKH6G6D3U53NO6DMZIZ6DQTT3RL3CSZA\" target=\"_blank\" rel=\"noopener\">Proyectan que en septiembre la variante Delta del COVID-19 va a dominar los contagios en todo Chile. Se refiere Daniel Jim\u00e9nez, director de Salud del Estudiante de la UTalca.<\/a><\/p><p>\u00a0<\/p><p><b>RADIO COOPERATIVA<\/b><\/p><p><a style=\"font-style: inherit; font-weight: inherit; background-color: #ffffff; font-family: -apple-system, BlinkMacSystemFont,;\" href=\"https:\/\/www.litoralpress.cl\/sitio\/RadioTV_Detalles.cshtml?LPKey=IE65W252EC4L4HRI75DTTSN6Q2KW7NOCZKNNEMFU7HFIKDS62TAA\" target=\"_blank\" rel=\"noopener\">Frases del d\u00eda. Se refiere Daniel Jim\u00e9nez, director de Salud del Estudiante de la UTalca.<\/a><\/p><p>\u00a0<\/p><p><b>COOPERATIVA.CL<\/b><\/p><p><a style=\"font-style: inherit; font-weight: inherit; background-color: #ffffff; font-family: -apple-system, BlinkMacSystemFont,;\" href=\"https:\/\/www.cooperativa.cl\/noticias\/sociedad\/salud\/coronavirus\/epidemiologo-de-la-utalca-variante-delta-sera-cepa-dominante-en-fiestas\/2021-08-24\/112043.html\" target=\"_blank\" rel=\"noopener\">Epidemi\u00f3logo de la UTalca: Variante Delta ser\u00e1 dominante en Fiestas Patrias.<\/a><\/p><p>\u00a0<\/p><p><b>RADIO UNIVERSIDAD DE CHILE<\/b><\/p><p><a style=\"font-style: inherit; font-weight: inherit; background-color: #ffffff; font-family: -apple-system, BlinkMacSystemFont,;\" href=\"https:\/\/www.litoralpress.cl\/sitio\/RadioTV_Detalles.cshtml?LPKey=NGVA2LIQKKXHHOORCQKALPVGUYWY2WQIYZLWV6ULXVRBC6DZ7CQQ\" target=\"_blank\" rel=\"noopener\">Minsal emiti\u00f3 nuevo balance respecto a casos de COVID-19. Se menciona declaraci\u00f3n de Daniel Jim\u00e9nez, director de Salud del Estudiante de la UTalca.<\/a><\/p><p>\u00a0<\/p><p><b>RADIO LAUTARO<\/b><\/p><p><a style=\"font-style: inherit; font-weight: inherit; background-color: #ffffff; font-family: -apple-system, BlinkMacSystemFont,;\" href=\"https:\/\/www.litoralpress.cl\/sitio\/RadioTV_Detalles.cshtml?LPKey=NNFAUFSU6KYVH4ZKOWVJHYZ5PT6T33QCUGRVFS7MADTVISY6ZJQQ\" target=\"_blank\" rel=\"noopener\">Entrevista a Daniel Jim\u00e9nez, director de Salud del Estudiante de la UTalca.<\/a><\/p><p>\u00a0<\/p><p><b>RADIO BIOB\u00cdO DE VALPARA\u00cdSO<\/b><\/p><p><a style=\"font-style: inherit; font-weight: inherit; background-color: #ffffff; font-family: -apple-system, BlinkMacSystemFont,;\" href=\"https:\/\/www.litoralpress.cl\/sitio\/RadioTV_Detalles.cshtml?LPKey=PT2CIG7PW5BZ7CNLEFY3GA3EP4SOQDHLUAOCMJA5G3EYPAI4MXIQ\" target=\"_blank\" rel=\"noopener\">D\u00e9ficit de lluvias se mantiene sobre el 70 por ciento en Valpara\u00edso seg\u00fan Esval. Se refiere Patricio Gonz\u00e1lez, agroclimat\u00f3logo de la UTalca.<\/a><\/p><p>\u00a0<\/p><p><b>LA PRENSA<\/b><\/p><p><a style=\"font-style: inherit; font-weight: inherit; background-color: #ffffff; font-family: -apple-system, BlinkMacSystemFont,;\" href=\"https:\/\/www.litoralpress.cl\/paginaconsultas\/Servicios_NClip\/Get_Imagen_Nota.aspx?LPKey=NNH3RIOWHZYGWIGWEQJEUBB53SMUVGN5BX62KBTQ6V7RNI7X47IBEXHUQSN4EPXRE5KTVSF57C46I\" target=\"_blank\" rel=\"noopener\">Seminario analiz\u00f3 desaf\u00edos del agro. Se refiere Hermine Vogel, decana de la Facultad de Ciencias Agrarias; y Jos\u00e9 Antonio Yuri, director del Centro de Pom\u00e1ceas de la UTalca.<\/a><\/p><p>\u00a0<\/p><p><b>EL HERALDO<\/b><\/p><p><a style=\"font-style: inherit; font-weight: inherit; background-color: #ffffff; font-family: -apple-system, BlinkMacSystemFont,;\" href=\"https:\/\/www.litoralpress.cl\/paginaconsultas\/Servicios_NClip\/Get_Imagen_Nota.aspx?LPKey=KM7V7BTQYMHA2FOOTYWJM3MNI63ULE6TU37W4LWKS5LQ3SM3PLT7IQGRGF2L5H2GCIAW5P6PXAZSI\" target=\"_blank\" rel=\"noopener\">Analizan desaf\u00edos del agro en el contexto del cambio clim\u00e1tico. Facultad de Ciencias Agrarias de la UTalca realiz\u00f3 actividad en la que se abord\u00f3 el escenario de la fruticultura y viticultura nacional.<\/a><\/p><p>\u00a0<\/p><p><b>DIARIOELHERALDO.CL<\/b><\/p><p><a style=\"font-style: inherit; font-weight: inherit; background-color: #ffffff; font-family: -apple-system, BlinkMacSystemFont,;\" href=\"http:\/\/www.diarioelheraldo.cl\/noticia\/analizan-desafios-del-agro-en-el-contexto-del-cambio-climatico\" target=\"_blank\" rel=\"noopener\">Analizan desaf\u00edos del agro en el contexto del cambio clim\u00e1tico. Facultad de Ciencias Agrarias de la UTalca realiz\u00f3 actividad en la que se abord\u00f3 el escenario de la fruticultura y viticultura nacional.<\/a><\/p><p>\u00a0<\/p><p><b>ADPRENSA.CL<\/b><\/p><p><a style=\"font-style: inherit; font-weight: inherit; background-color: #ffffff; font-family: -apple-system, BlinkMacSystemFont,;\" href=\"https:\/\/www.adprensa.cl\/cronica\/cambio-climatico-es-necesario-perfeccionar-la-legislacion-chilena\/\" target=\"_blank\" rel=\"noopener\">Cambio clim\u00e1tico: es necesario perfeccionar la legislaci\u00f3n chilena. Se refiere Marcela Fern\u00e1ndez, acad\u00e9mica de la Facultad de Ciencias Jur\u00eddicas y Sociales de la UTalca.<\/a><\/p><p>\u00a0<\/p><p><b>REDMAULE.COM<\/b><\/p><p><a style=\"font-style: inherit; font-weight: inherit; background-color: #ffffff; font-family: -apple-system, BlinkMacSystemFont,;\" href=\"https:\/\/www.redmaule.com\/nacional\/cambio-climatico-y-la-necesidad-de-perfeccionar-la-legislacion-chilena\" target=\"_blank\" rel=\"noopener\">Cambio clim\u00e1tico: es necesario perfeccionar la legislaci\u00f3n chilena. Se refiere Marcela Fern\u00e1ndez, acad\u00e9mica de la Facultad de Ciencias Jur\u00eddicas y Sociales de la UTalca.<\/a><\/p><p>\u00a0<\/p><p><b>SEPTIMAPAGINANOTICIAS.CL<\/b><\/p><p><a style=\"font-style: inherit; font-weight: inherit; background-color: #ffffff; font-family: -apple-system, BlinkMacSystemFont,;\" href=\"https:\/\/www.septimapaginanoticias.cl\/cambio-climatico-es-necesario-perfeccionar-la-legislacion-chilena\" target=\"_blank\" rel=\"noopener\">Cambio clim\u00e1tico: es necesario perfeccionar la legislaci\u00f3n chilena. Se refiere Marcela Fern\u00e1ndez, acad\u00e9mica de la Facultad de Ciencias Jur\u00eddicas y Sociales de la UTalca.<\/a><\/p><p>\u00a0<\/p><p><b>RADIO PRESIDENTE IB\u00c1\u00d1EZ<\/b><\/p><p><a style=\"font-style: inherit; font-weight: inherit; background-color: #ffffff; font-family: -apple-system, BlinkMacSystemFont,;\" href=\"https:\/\/www.litoralpress.cl\/sitio\/RadioTV_Detalles.cshtml?LPKey=A4HZ6LB2RMP337POLK63RWVHIWO6DTS6QK7UCL623TKP3XXFOBXQ\" target=\"_blank\" rel=\"noopener\">Inach dio a conocer las propuestas ganadoras de los fondos de apoyo a tesis de postgrado en temas ant\u00e1rticos. Se menciona a la UTalca.<\/a><\/p><p>\u00a0<\/p><p><b>CANAL 24 HORAS<\/b><\/p><p><a style=\"font-style: inherit; font-weight: inherit; background-color: #ffffff; font-family: -apple-system, BlinkMacSystemFont,;\" href=\"https:\/\/www.litoralpress.cl\/sitio\/RadioTV_Detalles.cshtml?LPKey=OYGMDXPP54BRCRI4ZBU4QVYA6WT4KXAXSYWCM5665URAWYQRAX6Q\" target=\"_blank\" rel=\"noopener\">Entrevista a Mario Herrera, acad\u00e9mico del Centro de An\u00e1lisis Pol\u00edtico (CAP) de la UTalca.<\/a><\/p><p>\u00a0<\/p><p><b>24HORAS.CL<\/b><\/p><p><a style=\"font-style: inherit; font-weight: inherit; background-color: #ffffff; font-family: -apple-system, BlinkMacSystemFont,;\" href=\"https:\/\/www.24horas.cl\/programas\/entrevistas\/analista-por-inscripcion-de-candidaturas-corren-con-mayores-chances-los-candidatos-de-las-tres-grandes-coaliciones-4938162\" target=\"_blank\" rel=\"noopener\">Analista por inscripci\u00f3n de candidaturas: &#8220;Corren con mayores chances los candidatos de las tres grandes coaliciones\u201d. Se refiere Mario Herrera, acad\u00e9mico del Centro de An\u00e1lisis Pol\u00edtico (CAP) de la UTalca.<\/a><\/p><p>\u00a0<\/p><p><b>CANAL MEGA<\/b><\/p><p><a style=\"font-style: inherit; font-weight: inherit; background-color: #ffffff; font-family: -apple-system, BlinkMacSystemFont,;\" href=\"https:\/\/www.litoralpress.cl\/sitio\/RadioTV_Detalles.cshtml?LPKey=IIWHCBAC7WRVUKRMZLLUZ6LWP6Q4EMY3SQQBQLDMW2KOQMW4KX7A\" target=\"_blank\" rel=\"noopener\">Entrevista a Mauricio Morales, director del Centro de An\u00e1lisis Pol\u00edtico (CAP) de la UTalca.<\/a><\/p><p>\u00a0<\/p><p><b>CANAL MEGA PLUS<\/b><\/p><p><a style=\"font-style: inherit; font-weight: inherit; background-color: #ffffff; font-family: -apple-system, BlinkMacSystemFont,;\" href=\"https:\/\/www.litoralpress.cl\/sitio\/RadioTV_Detalles.cshtml?LPKey=GU2EKWQWBKZ3KV7UJBTAHBGFTQ6MUQ35MBRCXTQ5SR3PTXB4IPHA\" target=\"_blank\" rel=\"noopener\">Entrevista a Mauricio Morales, director del Centro de An\u00e1lisis Pol\u00edtico (CAP) de la UTalca.<\/a><\/p><p>\u00a0<\/p><p><b>CANAL MEGA<\/b><\/p><p><a style=\"font-style: inherit; font-weight: inherit; background-color: #ffffff; font-family: -apple-system, BlinkMacSystemFont,;\" href=\"https:\/\/www.litoralpress.cl\/sitio\/RadioTV_Detalles.cshtml?LPKey=AQAXBS6BRBLQ6KJJQQSMHVSHBZCZX2CZ7MWCIDHYK64TX2AIUISQ\" target=\"_blank\" rel=\"noopener\">Nueve candidatos ir\u00e1n por la Presidencia. Se refiere Mauricio Morales, director del Centro de An\u00e1lisis Pol\u00edtico (CAP) de la UTalca.<\/a><\/p><p>\u00a0<\/p><p><b>CANAL 13<\/b><\/p><p><a style=\"font-style: inherit; font-weight: inherit; background-color: #ffffff; font-family: -apple-system, BlinkMacSystemFont,;\" href=\"https:\/\/www.litoralpress.cl\/sitio\/RadioTV_Detalles.cshtml?LPKey=SB4U433JUYQSMOUAC4RI2QHAV36H76CYRJ7I7LKYUQQPU527Z7UA\" target=\"_blank\" rel=\"noopener\">Las pol\u00e9micas propuestas de campa\u00f1a de Lorenzini. Se refiere Mauricio Morales, director del Centro de An\u00e1lisis Pol\u00edtico (CAP) de la UTalca.<\/a><\/p><p>\u00a0<\/p><p><b>LA SEGUNDA<\/b><\/p><p><a style=\"font-style: inherit; font-weight: inherit; background-color: #ffffff; font-family: -apple-system, BlinkMacSystemFont,;\" href=\"https:\/\/www.litoralpress.cl\/paginaconsultas\/Servicios_NClip\/Get_Imagen_Nota.aspx?LPKey=PDPUCMAHNB7XUTXOYYY3ZEUVGHJ5AFJGXEIBQEEBMKWY7IRNIC4BD2AIHOVKS3CQLAO73IUUCCVFA\" target=\"_blank\" rel=\"noopener\">Lorenzini y Parisi amenazan a Sichel, pero apuntan al 50% que no vota. Se refiere Mauricio Morales, director del Centro de An\u00e1lisis Pol\u00edtico (CAP) de la UTalca.<\/a><\/p><p>\u00a0<\/p><p><b>CANAL LA RED<\/b><\/p><p><a style=\"font-style: inherit; font-weight: inherit; background-color: #ffffff; font-family: -apple-system, BlinkMacSystemFont,;\" href=\"https:\/\/www.litoralpress.cl\/sitio\/RadioTV_Detalles.cshtml?LPKey=CLSUZN6TOSQLOMH4ZZ2KYJ2DKRV7IHO3A3SHQMF6M4RBS6T5DEOA\" target=\"_blank\" rel=\"noopener\">An\u00e1lisis del uso de los gastos reservados en el pa\u00eds. Se refiere Mauricio Morales, director del Centro de An\u00e1lisis Pol\u00edtico (CAP) de la UTalca.<\/a><\/p><p>\u00a0<\/p><p><b>LARED.CL<\/b><\/p><p><a style=\"font-style: inherit; font-weight: inherit; background-color: #ffffff; font-family: -apple-system, BlinkMacSystemFont,;\" href=\"https:\/\/www.lared.cl\/2021\/programas\/hola-chile\/analizamos-los-9-candidatos-presidenciales-que-lograron-inscribir-sus-candidaturas\" target=\"_blank\" rel=\"noopener\">Analizamos los 9 candidatos presidenciales que lograron inscribir sus candidaturas. Se refiere Mauricio Morales, director del Centro de An\u00e1lisis Pol\u00edtico (CAP) de la UTalca.<\/a><\/p><p>\u00a0<\/p><p><b>RADIO AGRICULTURA<\/b><\/p><p><a style=\"font-style: inherit; font-weight: inherit; background-color: #ffffff; font-family: -apple-system, BlinkMacSystemFont,;\" href=\"https:\/\/www.litoralpress.cl\/sitio\/RadioTV_Detalles.cshtml?LPKey=XDUZKLEPB5ZKZ343O7RZXWOOEFNUW6WZJ2YQ746LSF6E2QCLQDVA\" target=\"_blank\" rel=\"noopener\">Entrevista a Mauricio Morales, director del Centro de An\u00e1lisis Pol\u00edtico (CAP) de la UTalca.<\/a><\/p><p>\u00a0<\/p><p><b>RADIO UNIVERSO<\/b><\/p><p><a style=\"font-style: inherit; font-weight: inherit; background-color: #ffffff; font-family: -apple-system, BlinkMacSystemFont,;\" href=\"https:\/\/www.litoralpress.cl\/sitio\/RadioTV_Detalles.cshtml?LPKey=LI3DT2TKMATLE3CNFCUJLFJPO7CAZNH32YU4CTJNXVZIQGTTYMFA\" target=\"_blank\" rel=\"noopener\">Entrevista a Mauricio Morales, director del Centro de An\u00e1lisis Pol\u00edtico (CAP) de la UTalca.<\/a><\/p><p>\u00a0<\/p><p><b>DIARIOTALCA.CL<\/b><\/p><p><a style=\"font-style: inherit; font-weight: inherit; background-color: #ffffff; font-family: -apple-system, BlinkMacSystemFont,;\" href=\"https:\/\/www.diariotalca.cl\/serviu-compromete-nueva-fecha-para-apertura-de-la-avenida-lircay\/\" target=\"_blank\" rel=\"noopener\">Serviu compromete nueva fecha para apertura de la Avenida Lircay. Se menciona a la UTalca.<\/a><\/p>\t\t\t\t\t\t<\/div>\n\t\t\t\t<\/div>\n\t\t\t\t\t<\/div>\n\t\t<\/div>\n\t\t\t\t\t\t\t<\/div>\n\t\t<\/section>\n\t\t\t\t\t\t<\/div>\n\t\t\t\t\t<\/div>\n\t\t","protected":false},"excerpt":{"rendered":"<p>EL HERALDO Universidad de Talca logra su primer licenciamiento internacional mediante creaci\u00f3n de tecnolog\u00eda para conservar manzanas y peras postcosecha. \u00a0 UNIVERSIDADESESTATALES.CL Universidad de Talca inici\u00f3 proceso de retorno a las actividades presenciales. \u00a0 ELMAULEINFORMA.CL Universidad de Talca inici\u00f3 proceso de retorno a las actividades presenciales. \u00a0 LINARESENLINEA.CL Universidad de Talca inici\u00f3 proceso de retorno &hellip;<\/p>\n<p class=\"read-more\"> <a class=\"\" href=\"https:\/\/www.reportedeprensa.utalca.cl\/?p=1766\"> <span class=\"screen-reader-text\">25 de agosto de 2021<\/span> Read More &raquo;<\/a><\/p>\n","protected":false},"author":1,"featured_media":0,"comment_status":"closed","ping_status":"open","sticky":false,"template":"elementor_theme","format":"standard","meta":{"_monsterinsights_skip_tracking":false,"_monsterinsights_sitenote_active":false,"_monsterinsights_sitenote_note":"","_monsterinsights_sitenote_category":0},"categories":[11],"tags":[],"_links":{"self":[{"href":"https:\/\/www.reportedeprensa.utalca.cl\/index.php?rest_route=\/wp\/v2\/posts\/1766"}],"collection":[{"href":"https:\/\/www.reportedeprensa.utalca.cl\/index.php?rest_route=\/wp\/v2\/posts"}],"about":[{"href":"https:\/\/www.reportedeprensa.utalca.cl\/index.php?rest_route=\/wp\/v2\/types\/post"}],"author":[{"embeddable":true,"href":"https:\/\/www.reportedeprensa.utalca.cl\/index.php?rest_route=\/wp\/v2\/users\/1"}],"replies":[{"embeddable":true,"href":"https:\/\/www.reportedeprensa.utalca.cl\/index.php?rest_route=%2Fwp%2Fv2%2Fcomments&post=1766"}],"version-history":[{"count":4,"href":"https:\/\/www.reportedeprensa.utalca.cl\/index.php?rest_route=\/wp\/v2\/posts\/1766\/revisions"}],"predecessor-version":[{"id":1770,"href":"https:\/\/www.reportedeprensa.utalca.cl\/index.php?rest_route=\/wp\/v2\/posts\/1766\/revisions\/1770"}],"wp:attachment":[{"href":"https:\/\/www.reportedeprensa.utalca.cl\/index.php?rest_route=%2Fwp%2Fv2%2Fmedia&parent=1766"}],"wp:term":[{"taxonomy":"category","embeddable":true,"href":"https:\/\/www.reportedeprensa.utalca.cl\/index.php?rest_route=%2Fwp%2Fv2%2Fcategories&post=1766"},{"taxonomy":"post_tag","embeddable":true,"href":"https:\/\/www.reportedeprensa.utalca.cl\/index.php?rest_route=%2Fwp%2Fv2%2Ftags&post=1766"}],"curies":[{"name":"wp","href":"https:\/\/api.w.org\/{rel}","templated":true}]}}