{"id":1777,"date":"2021-08-26T09:30:34","date_gmt":"2021-08-26T12:30:34","guid":{"rendered":"https:\/\/www.reportedeprensa.utalca.cl\/?p=1777"},"modified":"2021-08-26T09:42:47","modified_gmt":"2021-08-26T12:42:47","slug":"26-de-agosto-de-2021","status":"publish","type":"post","link":"https:\/\/www.reportedeprensa.utalca.cl\/?p=1777","title":{"rendered":"26 de agosto de 2021"},"content":{"rendered":"\t\t<div data-elementor-type=\"wp-post\" data-elementor-id=\"1777\" class=\"elementor elementor-1777\" data-elementor-settings=\"[]\">\n\t\t\t\t\t\t\t<div class=\"elementor-section-wrap\">\n\t\t\t\t\t\t\t<section class=\"elementor-section elementor-top-section elementor-element elementor-element-a06ca45 elementor-section-boxed elementor-section-height-default elementor-section-height-default\" data-id=\"a06ca45\" data-element_type=\"section\">\n\t\t\t\t\t\t<div class=\"elementor-container elementor-column-gap-default\">\n\t\t\t\t\t<div class=\"elementor-column elementor-col-100 elementor-top-column elementor-element elementor-element-1486c35\" data-id=\"1486c35\" data-element_type=\"column\">\n\t\t\t<div class=\"elementor-widget-wrap elementor-element-populated\">\n\t\t\t\t\t\t\t\t<div class=\"elementor-element elementor-element-42b145e elementor-widget elementor-widget-text-editor\" data-id=\"42b145e\" data-element_type=\"widget\" data-widget_type=\"text-editor.default\">\n\t\t\t\t<div class=\"elementor-widget-container\">\n\t\t\t\t\t\t\t\t<p><b>ADPRENSA.CL<\/b><\/p><p><a style=\"font-style: inherit; font-weight: inherit; background-color: #ffffff; font-family: -apple-system, BlinkMacSystemFont,;\" href=\"https:\/\/www.adprensa.cl\/nacionales\/ranking-qs-utalca-continua-siendo-la-mejor-estatal-de-regiones-y-se-mantiene-en-el-top-ten-nacional\/\" target=\"_blank\" rel=\"noopener\">Ranking QS: UTalca contin\u00faa siendo la mejor estatal de regiones y se mantiene en el top ten nacional.<\/a><\/p><p>\u00a0<\/p><p><b>LA PRENSA<\/b><\/p><p><a style=\"font-style: inherit; font-weight: inherit; background-color: #ffffff; font-family: -apple-system, BlinkMacSystemFont,;\" href=\"https:\/\/www.litoralpress.cl\/paginaconsultas\/Servicios_NClip\/Get_Imagen_Nota.aspx?LPKey=AX7UM7DMGTXBOVL6AMZO6A2WNYYRLEKGPIXGIPJC6U77FBOT5UKRSBLPSQB2IXQFHYNWZGNB6RZEY\" target=\"_blank\" rel=\"noopener\">Universidad de Talca proceso de retorno a actividades presenciales.<\/a><\/p><p>\u00a0<\/p><p><b>EL HERALDO<\/b><\/p><p><a style=\"font-style: inherit; font-weight: inherit; background-color: #ffffff; font-family: -apple-system, BlinkMacSystemFont,;\" href=\"https:\/\/www.litoralpress.cl\/paginaconsultas\/Servicios_NClip\/Get_Imagen_Nota.aspx?LPKey=WMKNG2LOJSIRRI422GZA5WY3IB6JEBLVYEWT32TS7ZBRBI4KS2AEPNZPPFHR5VAQYSB4TNPH5KYEQ\" target=\"_blank\" rel=\"noopener\">Universidad de Talca inici\u00f3 proceso de retorno a las actividades.<\/a><\/p><p>\u00a0<\/p><p><b>LANOTICIA.CL<\/b><\/p><p><a style=\"font-style: inherit; font-weight: inherit; background-color: #ffffff; font-family: -apple-system, BlinkMacSystemFont,;\" href=\"https:\/\/lanoticia.cl\/universidad-de-talca-logra-su-primer-licenciamiento-internacional-mediante-creacion-de-tecnologia-para-conservar-manzanas-y-peras-postcosecha\/\" target=\"_blank\" rel=\"noopener\">Universidad de Talca logra su primer licenciamiento internacional mediante creaci\u00f3n de tecnolog\u00eda para conservar manzanas y peraspostconsecha.<\/a><\/p><p>\u00a0<\/p><p><b>LA TERCERA<\/b><\/p><p><a style=\"font-style: inherit; font-weight: inherit; background-color: #ffffff; font-family: -apple-system, BlinkMacSystemFont,;\" href=\"https:\/\/www.litoralpress.cl\/sitio\/Prensa_PaginaCompleta.cshtml?LPKey=WBRTKW77SI5ZI4BSOXDBUMFAO3HTYB5ZEVZJB2BHPTTJG4CIKUUA\" target=\"_blank\" rel=\"noopener\">\u00bfPodr\u00e1 Delta desplazar a Gamma, la principal variante de circulaci\u00f3n en Chile? M\u00e1s de 200 personas ya se han contagiado con ella. Se refiere Daniel Jim\u00e9nez, director de Salud del Estudiante de la UTalca.<\/a><\/p><p>\u00a0<\/p><p><b>LATERCERA.COM<\/b><\/p><p><a style=\"font-style: inherit; font-weight: inherit; background-color: #ffffff; font-family: -apple-system, BlinkMacSystemFont,;\" href=\"https:\/\/www.latercera.com\/que-pasa\/noticia\/podra-delta-desplazar-a-gamma-la-principal-variante-de-circulacion-en-chile-mas-de-200-personas-ya-se-han-contagiado-con-ella\/ZDOOKVQURNBOPO63KCVRCNQIAM\/\" target=\"_blank\" rel=\"noopener\">\u00bfPodr\u00e1 Delta desplazar a Gamma, la principal variante de circulaci\u00f3n en Chile? M\u00e1s de 200 personas ya se han contagiado con ella. Se refiere Daniel Jim\u00e9nez, director de Salud del Estudiante de la UTalca.<\/a><\/p><p>\u00a0<\/p><p><b>CANAL 24 HORAS<\/b><\/p><p><a style=\"font-style: inherit; font-weight: inherit; background-color: #ffffff; font-family: -apple-system, BlinkMacSystemFont,;\" href=\"https:\/\/www.litoralpress.cl\/sitio\/RadioTV_Detalles.cshtml?LPKey=P2F5DQMRGSVSE3LZM5HVVGZQ5HD4A5YJN4ZM6V24PHCS7BNZKXAA\" target=\"_blank\" rel=\"noopener\">Entrevista a Daniel Jim\u00e9nez, epidemi\u00f3logo y director de Salud del Estudiante de la UTalca.<\/a><\/p><p>\u00a0<\/p><p><b>24HORAS.CL<\/b><\/p><p><a style=\"font-style: inherit; font-weight: inherit; background-color: #ffffff; font-family: -apple-system, BlinkMacSystemFont,;\" href=\"https:\/\/www.24horas.cl\/coronavirus\/epidemiologo-por-delta-desde-que-hay-casos-comunitarios-pasan-seis-semanas-y-se-vuelve-la-variante-dominante-4939378\" target=\"_blank\" rel=\"noopener\">Epidemi\u00f3logo por Delta: Desde que hay casos comunitarios pasan seis semanas y se vuelve la variante dominante. Se refiere Daniel Jim\u00e9nez, director de Salud del Estudiante de la UTalca.<\/a><\/p><p>\u00a0<\/p><p><b>CR\u00d3NICA DE CHILL\u00c1N<\/b><\/p><p><a style=\"font-style: inherit; font-weight: inherit; background-color: #ffffff; font-family: -apple-system, BlinkMacSystemFont,;\" href=\"https:\/\/www.litoralpress.cl\/paginaconsultas\/Servicios_NClip\/Get_Imagen_Nota.aspx?LPKey=LZCVOKAUDAT3VZRWH5NERRGKRP7UFFX5DUBXDWBY4FPG5AXGYUMKPM5LPGPOV33OP6SLNGDGJH5JO\" target=\"_blank\" rel=\"noopener\">Con la variante Delta al acecho, el Gobierno proyecta hasta un mill\u00f3n de viajes en el pa\u00eds en Fiestas Patrias. Se refiere Daniel Jim\u00e9nez, director de Salud del Estudiante de la UTalca.<\/a><\/p><p>\u00a0<\/p><p><b>EL MERCURIO DE VALPARA\u00cdSO<\/b><\/p><p><a style=\"font-style: inherit; font-weight: inherit; background-color: #ffffff; font-family: -apple-system, BlinkMacSystemFont,;\" href=\"https:\/\/www.litoralpress.cl\/paginaconsultas\/Servicios_NClip\/Get_Imagen_Nota.aspx?LPKey=SNIH4F3QRLRS2SLVKHLNFXRLZX63BXFYJWBJ7NDSYL3W2TAOVMXR4G4BQFB5EN7APBIPKGQSLCYCW\" target=\"_blank\" rel=\"noopener\">El Gobierno proyecta hasta un mill\u00f3n de viajes en el pa\u00eds en Fiestas Patrias. Se refiere Daniel Jim\u00e9nez, director de Salud del Estudiante de la UTalca.<\/a><\/p><p>\u00a0<\/p><p><b>EL SUR<\/b><\/p><p><a style=\"font-style: inherit; font-weight: inherit; background-color: #ffffff; font-family: -apple-system, BlinkMacSystemFont,;\" href=\"https:\/\/www.litoralpress.cl\/paginaconsultas\/Servicios_NClip\/Get_Imagen_Nota.aspx?LPKey=QM7AYZ6HR4PDKWHINGC52RIYUMKOTE3LAG26KO5BPSMOZSOSBLIOGAABFIV4GQ53ANNRQAEVR4K56\" target=\"_blank\" rel=\"noopener\">Con la variante Delta al acecho, el Gobierno proyecta hasta un mill\u00f3n de viajes en el pa\u00eds en Fiestas Patrias. Se refiere Daniel Jim\u00e9nez, director de Salud del Estudiante de la UTalca.<\/a><\/p><p>\u00a0<\/p><p><b>EL AUSTRAL REGI\u00d3N DE LOS R\u00cdOS<\/b><\/p><p><a style=\"font-style: inherit; font-weight: inherit; background-color: #ffffff; font-family: -apple-system, BlinkMacSystemFont,;\" href=\"https:\/\/www.litoralpress.cl\/paginaconsultas\/Servicios_NClip\/Get_Imagen_Nota.aspx?LPKey=YCWQE6WXFS6G4S7BVAJY7UNY5MTAMTMMR2BPJYS5FYZHI74MZOOPDWLRMJKH5AFM3U7Z6CRIT4BNY\" target=\"_blank\" rel=\"noopener\">Con la variante Delta al acecho, el Gobierno proyecta hasta un mill\u00f3n de viajes en el pa\u00eds en Fiestas Patrias. Se refiere Daniel Jim\u00e9nez, director de Salud del Estudiante de la UTalca.<\/a><\/p><p>\u00a0<\/p><p><b>EL AUSTRAL DE OSORNO<\/b><\/p><p><a style=\"font-style: inherit; font-weight: inherit; background-color: #ffffff; font-family: -apple-system, BlinkMacSystemFont,;\" href=\"https:\/\/www.litoralpress.cl\/paginaconsultas\/Servicios_NClip\/Get_Imagen_Nota.aspx?LPKey=C3ALF7MAO7BYCTKOFT4RDS2UJGRUQYKUV5NGFN4GFWYEGDDMOQ4HNY3YLAWDYALT5RHZKRI56XSMG\" target=\"_blank\" rel=\"noopener\">Con la variante Delta al acecho, el Gobierno proyecta hasta un mill\u00f3n de viajes en el pa\u00eds en Fiestas Patrias. Se refiere Daniel Jim\u00e9nez, director de Salud del Estudiante de la UTalca.<\/a><\/p><p>\u00a0<\/p><p><b>EL LLANQUIHUE<\/b><\/p><p><a style=\"font-style: inherit; font-weight: inherit; background-color: #ffffff; font-family: -apple-system, BlinkMacSystemFont,;\" href=\"https:\/\/www.litoralpress.cl\/paginaconsultas\/Servicios_NClip\/Get_Imagen_Nota.aspx?LPKey=LHYFL4BYIAXKUW3GW7PK6M27TX3V4IIDQNKDQ2AB6PBOZTJ7G6EY3K4WK3ROLXNP2CYBKYTA5CQCE\" target=\"_blank\" rel=\"noopener\">Con la variante Delta al acecho, el Gobierno proyecta hasta un mill\u00f3n de viajes en el pa\u00eds en Fiestas Patrias. Se refiere Daniel Jim\u00e9nez, director de Salud del Estudiante de la UTalca.<\/a><\/p><p>\u00a0<\/p><p><b>EL MERCURIO DE CALAMA<\/b><\/p><p><a style=\"font-style: inherit; font-weight: inherit; background-color: #ffffff; font-family: -apple-system, BlinkMacSystemFont,;\" href=\"https:\/\/www.litoralpress.cl\/paginaconsultas\/Servicios_NClip\/Get_Imagen_Nota.aspx?LPKey=RPPVNQRZIK6CMU4FVSUNLO57YVAG2G7CEI4TLMYPA7ZBV7OUDNYPLDHT25HBZQMQMOZBRK4WJYFBA\" target=\"_blank\" rel=\"noopener\">Con la variante Delta al acecho, el Gobierno proyecta hasta un mill\u00f3n de viajes en el pa\u00eds en Fiestas Patrias. Se refiere Daniel Jim\u00e9nez, director de Salud del Estudiante de la UTalca.<\/a><\/p><p>\u00a0<\/p><p><b>EL DIARIO DE ATACAMA<\/b><\/p><p><a style=\"font-style: inherit; font-weight: inherit; background-color: #ffffff; font-family: -apple-system, BlinkMacSystemFont,;\" href=\"https:\/\/www.litoralpress.cl\/paginaconsultas\/Servicios_NClip\/Get_Imagen_Nota.aspx?LPKey=5S5SGN4HCSSXCQN376VRQHBVCYMPFVA7CMWSZAB6L3W4D6ZIWUOMLSHUMOB6QLDMLS3K4NNHGBS4K\" target=\"_blank\" rel=\"noopener\">Con la variante Delta al acecho, el Gobierno proyecta hasta un mill\u00f3n de viajes en el pa\u00eds en Fiestas Patrias. Se refiere Daniel Jim\u00e9nez, director de Salud del Estudiante de la UTalca.<\/a><\/p><p>\u00a0<\/p><p><b>IMPACTOREGIONAL.CL<\/b><\/p><p><a style=\"font-style: inherit; font-weight: inherit; background-color: #ffffff; font-family: -apple-system, BlinkMacSystemFont,;\" href=\"http:\/\/www.impactoregional.cl\/?p=4163\" target=\"_blank\" rel=\"noopener\">Aumento de casos de la variante Delta preocupa a autoridades de la regi\u00f3n del Maule. Se refiere Daniel Jim\u00e9nez, director de Salud del Estudiante de la UTalca.<\/a><\/p><p>\u00a0<\/p><p><b>RADIO AGRICULTURA<\/b><\/p><p><a style=\"font-style: inherit; font-weight: inherit; background-color: #ffffff; font-family: -apple-system, BlinkMacSystemFont,;\" href=\"https:\/\/www.litoralpress.cl\/sitio\/RadioTV_Detalles.cshtml?LPKey=WDBFDX2CBNR7NU4Z4BYCPUZSQVU6EPQG75FZNRKTJGWPUCL5OPJQ\" target=\"_blank\" rel=\"noopener\">Gobierno estudia declarar emergencia agr\u00edcola por la escasez h\u00eddrica entre Coquimbo y el Maule, lo que podr\u00eda afectar precios de alimentos. Se refiere Patricio Gonz\u00e1lez, agroclimat\u00f3logo de la UTalca.<\/a><\/p><p>\u00a0<\/p><p><b>RADIO BIOB\u00cdO<\/b><\/p><p><a style=\"font-style: inherit; font-weight: inherit; background-color: #ffffff; font-family: -apple-system, BlinkMacSystemFont,;\" href=\"https:\/\/www.litoralpress.cl\/sitio\/RadioTV_Detalles.cshtml?LPKey=SU3ZQF22H7BUDD7SVA2ALX6NS4MMQZK4OC4AAW75JWDQD7SEJBXQ\" target=\"_blank\" rel=\"noopener\">Valpara\u00edso: D\u00e9ficit de precipitaciones se mantiene sobre el 70% en la regi\u00f3n. Se refiere Patricio Gonz\u00e1lez, agroclimat\u00f3logo de la UTalca.<\/a><\/p><p>\u00a0<\/p><p><b>BIOBIOCHILE.CL<\/b><\/p><p><a style=\"font-style: inherit; font-weight: inherit; background-color: #ffffff; font-family: -apple-system, BlinkMacSystemFont,;\" href=\"https:\/\/www.biobiochile.cl\/especial\/aqui-tierra\/noticias\/2021\/08\/24\/deficit-de-precipitaciones-se-mantiene-sobre-el-70-en-la-region-de-valparaiso.shtml\" target=\"_blank\" rel=\"noopener\">D\u00e9ficit de precipitaciones se mantiene sobre el 70% en la regi\u00f3n. Se refiere Patricio Gonz\u00e1lez, agroclimat\u00f3logo de la UTalca.<\/a><\/p><p>\u00a0<\/p><p><b>EPANEWS.CL<\/b><\/p><p><a style=\"font-style: inherit; font-weight: inherit; background-color: #ffffff; font-family: -apple-system, BlinkMacSystemFont,;\" href=\"https:\/\/epanews.cl\/magallanes-dan-a-conocer-las-propuestas-ganadoras-de-los-xv-fondos-de-apoyo-a-tesis-de-postgrado-referente-a-la-antartica\/\" target=\"_blank\" rel=\"noopener\">Dan a conocer las propuestas ganadoras de los XV Fondos de Apoyo a Tesis de Postgrado, referente a la Ant\u00e1rtica. Se menciona a UTalca.<\/a><\/p><p>\u00a0<\/p><p><b>RADIOMAGALLANES.CL<\/b><\/p><p><a style=\"font-style: inherit; font-weight: inherit; background-color: #ffffff; font-family: -apple-system, BlinkMacSystemFont,;\" href=\"https:\/\/www.radiomagallanes.cl\/noticia.php?id_not=97536\" target=\"_blank\" rel=\"noopener\">Cambio clim\u00e1tico: es necesario perfeccionar la legislaci\u00f3n chilena. Se refiere Marcela Fern\u00e1ndez, acad\u00e9mica de la Facultad de Ciencias Jur\u00eddicas y Sociales de la UTalca.<\/a><\/p><p>\u00a0<\/p><p><b>G5NOTICIAS.CL<\/b><\/p><p><a style=\"font-style: inherit; font-weight: inherit; background-color: #ffffff; font-family: -apple-system, BlinkMacSystemFont,;\" href=\"https:\/\/g5noticias.cl\/2021\/08\/25\/cambio-climatico-es-necesario-perfeccionar-la-legislacion-chilena\/\" target=\"_blank\" rel=\"noopener\">Cambio clim\u00e1tico: es necesario perfeccionar la legislaci\u00f3n chilena. Se refiere Marcela Fern\u00e1ndez, acad\u00e9mica de la Facultad de Ciencias Jur\u00eddicas y Sociales de la UTalca.<\/a><\/p><p>\u00a0<\/p><p><b>EL RANCAGUINO<\/b><\/p><p><a style=\"font-style: inherit; font-weight: inherit; background-color: #ffffff; font-family: -apple-system, BlinkMacSystemFont,;\" href=\"https:\/\/www.litoralpress.cl\/paginaconsultas\/Servicios_NClip\/Get_Imagen_Nota.aspx?LPKey=WMSRBKPNL73WSWZM7DONFQ5R3RNN7EEQY5JMNDE56L2FTVQZW4EDIS3JCITBTCL6PACN6XF6YMHRE\" target=\"_blank\" rel=\"noopener\">Educaci\u00f3n y tecnolog\u00eda: el otro reto que nos impuso la pandemia. Se menciona a la UTalca.<\/a><\/p><p>\u00a0<\/p><p><b>LINARESENLINEA.CL<\/b><\/p><p><a style=\"font-style: inherit; font-weight: inherit; background-color: #ffffff; font-family: -apple-system, BlinkMacSystemFont,;\" href=\"https:\/\/www.linaresenlinea.cl\/2021\/08\/25\/museo-virtual-del-maule-presenta-coleccion-de-62-piezas-digitalizadas\/\" target=\"_blank\" rel=\"noopener\">Museo Virtual del Maule presenta colecci\u00f3n de 62 piezas digitalizadas. Se refiere Felipe Besoa\u00edn, acad\u00e9mico de la Facultad de Ingenier\u00eda de la Universidad de Talca.<\/a><\/p><p>\u00a0<\/p><p><b>MAULEHOY.CL<\/b><\/p><p><a style=\"font-style: inherit; font-weight: inherit; background-color: #ffffff; font-family: -apple-system, BlinkMacSystemFont,;\" href=\"https:\/\/www.litoralpress.cl\/paginaconsultas\/Documentos\/Get_Imagen.aspx?lpkey=NCNTWLR5MB42XT6EOLSFFIAD2UVFKKXSO4TADCDEFGRZO4JQEVA3AQV4QHBN5FFME72ZKYYSZF4BW\" target=\"_blank\" rel=\"noopener\">Proyecto denominado \u201cEmprende-Fintech\u201d Fosis y UTalca mejoran las competencias financieras y tecnol\u00f3gicas de 80 emprendedoras maulinas.<\/a><\/p><p>\u00a0<\/p><p><b>LATERCERA.COM<\/b><\/p><p><a style=\"font-style: inherit; font-weight: inherit; background-color: #ffffff; font-family: -apple-system, BlinkMacSystemFont,;\" href=\"https:\/\/www.latercera.com\/aniversario\/noticia\/muchas-causas-y-muchas-redes-sociales-el-asalto-al-poder-de-las-nuevas-generaciones-politicas\/DSZZAEFJOFE5JMCFJFSHMO3DSE\/\" target=\"_blank\" rel=\"noopener\">Muchas causas y muchas redes sociales: el asalto al poder de las nuevas generaciones pol\u00edticas. Se refiere Mauricio Morales, director del Centro de An\u00e1lisis Pol\u00edtico (CAP) de la UTalca.<\/a><\/p><p>\u00a0<\/p><p><b>EMOL.COM<\/b><\/p><p><a style=\"font-style: inherit; font-weight: inherit; background-color: #ffffff; font-family: -apple-system, BlinkMacSystemFont,;\" href=\"https:\/\/www.emol.com\/noticias\/Nacional\/2021\/08\/25\/1030639\/naipe-politico-presidencial-nueve-candidatos.html\" target=\"_blank\" rel=\"noopener\">El ordenamiento del naipe pol\u00edtico con nueve cartas: Expertos pronostican el rumbo de la campa\u00f1a presidencial. Se refiere Mauricio Morales, director del Centro de An\u00e1lisis Pol\u00edtico (CAP) de la UTalca.<\/a><\/p><p>\u00a0<\/p><p><b>NOSTALGICA.CL<\/b><\/p><p><a style=\"font-style: inherit; font-weight: inherit; background-color: #ffffff; font-family: -apple-system, BlinkMacSystemFont,;\" href=\"https:\/\/www.nostalgica.cl\/el-ordenamiento-del-naipe-politico-con-nueve-cartas-expertos-pronostican-el-rumbo-de-la-campana-presidencial\/\" target=\"_blank\" rel=\"noopener\">El ordenamiento del naipe pol\u00edtico con nueve cartas: Expertos pronostican el rumbo de la campa\u00f1a presidencial. Se refiere Mauricio Morales, director del Centro de An\u00e1lisis Pol\u00edtico (CAP) de la UTalca.<\/a><\/p><p>\u00a0<\/p><p><b>LA TERCERA<\/b><\/p><p><a style=\"font-style: inherit; font-weight: inherit; background-color: #ffffff; font-family: -apple-system, BlinkMacSystemFont,;\" href=\"https:\/\/www.litoralpress.cl\/sitio\/Prensa_PaginaCompleta.cshtml?LPKey=PUVWHOYWBWKIG7XKS5EV4XB6RCW7DZ7PIYI6RTXT3STSDMRXNVMQ\" target=\"_blank\" rel=\"noopener\">El factor Campillai: c\u00f3mo su irrupci\u00f3n en la parlamentaria complica a la izquierda. Se refiere Mauricio Morales, director del Centro de An\u00e1lisis Pol\u00edtico (CAP) de la UTalca.<\/a><\/p><p>\u00a0<\/p><p><b>LATERCERA.COM<\/b><\/p><p><a style=\"font-style: inherit; font-weight: inherit; background-color: #ffffff; font-family: -apple-system, BlinkMacSystemFont,;\" href=\"https:\/\/www.latercera.com\/la-tercera-pm\/noticia\/como-afecta-a-la-izquierda-el-factor-campillai-en-la-carrera-senatorial-metropolitana\/PAF7SKNH3RCGXA2F3DZQGTEIDU\/\" target=\"_blank\" rel=\"noopener\">El factor Campillai: c\u00f3mo su irrupci\u00f3n en la parlamentaria complica a la izquierda. Se refiere Mauricio Morales, director del Centro de An\u00e1lisis Pol\u00edtico (CAP) de la UTalca.<\/a><\/p>\t\t\t\t\t\t<\/div>\n\t\t\t\t<\/div>\n\t\t\t\t\t<\/div>\n\t\t<\/div>\n\t\t\t\t\t\t\t<\/div>\n\t\t<\/section>\n\t\t\t\t\t\t<\/div>\n\t\t\t\t\t<\/div>\n\t\t","protected":false},"excerpt":{"rendered":"<p>ADPRENSA.CL Ranking QS: UTalca contin\u00faa siendo la mejor estatal de regiones y se mantiene en el top ten nacional. \u00a0 LA PRENSA Universidad de Talca proceso de retorno a actividades presenciales. \u00a0 EL HERALDO Universidad de Talca inici\u00f3 proceso de retorno a las actividades. \u00a0 LANOTICIA.CL Universidad de Talca logra su primer licenciamiento internacional mediante &hellip;<\/p>\n<p class=\"read-more\"> <a class=\"\" href=\"https:\/\/www.reportedeprensa.utalca.cl\/?p=1777\"> <span class=\"screen-reader-text\">26 de agosto de 2021<\/span> Read More &raquo;<\/a><\/p>\n","protected":false},"author":1,"featured_media":0,"comment_status":"closed","ping_status":"open","sticky":false,"template":"elementor_theme","format":"standard","meta":{"_monsterinsights_skip_tracking":false,"_monsterinsights_sitenote_active":false,"_monsterinsights_sitenote_note":"","_monsterinsights_sitenote_category":0},"categories":[11],"tags":[],"_links":{"self":[{"href":"https:\/\/www.reportedeprensa.utalca.cl\/index.php?rest_route=\/wp\/v2\/posts\/1777"}],"collection":[{"href":"https:\/\/www.reportedeprensa.utalca.cl\/index.php?rest_route=\/wp\/v2\/posts"}],"about":[{"href":"https:\/\/www.reportedeprensa.utalca.cl\/index.php?rest_route=\/wp\/v2\/types\/post"}],"author":[{"embeddable":true,"href":"https:\/\/www.reportedeprensa.utalca.cl\/index.php?rest_route=\/wp\/v2\/users\/1"}],"replies":[{"embeddable":true,"href":"https:\/\/www.reportedeprensa.utalca.cl\/index.php?rest_route=%2Fwp%2Fv2%2Fcomments&post=1777"}],"version-history":[{"count":4,"href":"https:\/\/www.reportedeprensa.utalca.cl\/index.php?rest_route=\/wp\/v2\/posts\/1777\/revisions"}],"predecessor-version":[{"id":1781,"href":"https:\/\/www.reportedeprensa.utalca.cl\/index.php?rest_route=\/wp\/v2\/posts\/1777\/revisions\/1781"}],"wp:attachment":[{"href":"https:\/\/www.reportedeprensa.utalca.cl\/index.php?rest_route=%2Fwp%2Fv2%2Fmedia&parent=1777"}],"wp:term":[{"taxonomy":"category","embeddable":true,"href":"https:\/\/www.reportedeprensa.utalca.cl\/index.php?rest_route=%2Fwp%2Fv2%2Fcategories&post=1777"},{"taxonomy":"post_tag","embeddable":true,"href":"https:\/\/www.reportedeprensa.utalca.cl\/index.php?rest_route=%2Fwp%2Fv2%2Ftags&post=1777"}],"curies":[{"name":"wp","href":"https:\/\/api.w.org\/{rel}","templated":true}]}}