{"id":1788,"date":"2021-08-27T09:30:02","date_gmt":"2021-08-27T12:30:02","guid":{"rendered":"https:\/\/www.reportedeprensa.utalca.cl\/?p=1788"},"modified":"2021-08-27T09:43:36","modified_gmt":"2021-08-27T12:43:36","slug":"27-de-agosto-de-2021","status":"publish","type":"post","link":"https:\/\/www.reportedeprensa.utalca.cl\/?p=1788","title":{"rendered":"27 de agosto de 2021"},"content":{"rendered":"\t\t<div data-elementor-type=\"wp-post\" data-elementor-id=\"1788\" class=\"elementor elementor-1788\" data-elementor-settings=\"[]\">\n\t\t\t\t\t\t\t<div class=\"elementor-section-wrap\">\n\t\t\t\t\t\t\t<section class=\"elementor-section elementor-top-section elementor-element elementor-element-a06ca45 elementor-section-boxed elementor-section-height-default elementor-section-height-default\" data-id=\"a06ca45\" data-element_type=\"section\">\n\t\t\t\t\t\t<div class=\"elementor-container elementor-column-gap-default\">\n\t\t\t\t\t<div class=\"elementor-column elementor-col-100 elementor-top-column elementor-element elementor-element-1486c35\" data-id=\"1486c35\" data-element_type=\"column\">\n\t\t\t<div class=\"elementor-widget-wrap elementor-element-populated\">\n\t\t\t\t\t\t\t\t<div class=\"elementor-element elementor-element-42b145e elementor-widget elementor-widget-text-editor\" data-id=\"42b145e\" data-element_type=\"widget\" data-widget_type=\"text-editor.default\">\n\t\t\t\t<div class=\"elementor-widget-container\">\n\t\t\t\t\t\t\t\t<p><b>UNIVERSIDADESESTATALES.CL<\/b><\/p><p><a style=\"font-style: inherit; font-weight: inherit; background-color: #ffffff; font-family: -apple-system, BlinkMacSystemFont,;\" href=\"http:\/\/www.universidadesestatales.cl\/cue\/?q=node\/9161\" target=\"_blank\" rel=\"noopener\">Ranking QS: UTalca contin\u00faa siendo la mejor estatal de regiones y se mantiene en el top ten nacional.<\/a><\/p><p>\u00a0<\/p><p><b>PORTALEDUCACION.CL<\/b><\/p><p><a style=\"font-style: inherit; font-weight: inherit; background-color: #ffffff; font-family: -apple-system, BlinkMacSystemFont,;\" href=\"https:\/\/portaleducacion.cl\/index.php\/2021\/08\/26\/ranking-qs-utalca-continua-siendo-la-mejor-estatal-de-regiones-y-se-mantiene-en-el-top-ten-nacional\/\" target=\"_blank\" rel=\"noopener\">Ranking QS: UTalca contin\u00faa siendo la mejor estatal de regiones y se mantiene en el top ten nacional.<\/a><\/p><p>\u00a0<\/p><p><b>DIARIOTALCA.CL<\/b><\/p><p><a style=\"font-style: inherit; font-weight: inherit; background-color: #ffffff; font-family: -apple-system, BlinkMacSystemFont,;\" href=\"https:\/\/www.diariotalca.cl\/utalca-continua-siendo-la-mejor-estatal-de-regiones-y-se-mantiene-en-el-top-ten-nacional\/\" target=\"_blank\" rel=\"noopener\">UTalca contin\u00faa siendo la mejor estatal de regiones y se mantiene en el top ten nacional.<\/a><\/p><p>\u00a0<\/p><p><b>MAULEE.CL<\/b><\/p><p><a style=\"font-style: inherit; font-weight: inherit; background-color: #ffffff; font-family: -apple-system, BlinkMacSystemFont,;\" href=\"https:\/\/www.maulee.cl\/ranking-qs-utalca-continua-siendo-la-mejor-estatal-de-regiones-y-se-mantiene-en-el-top-ten-nacional\/\" target=\"_blank\" rel=\"noopener\">Ranking QS: UTalca contin\u00faa siendo la mejor estatal de regiones y se mantiene en el top ten nacional.<\/a><\/p><p>\u00a0<\/p><p><b>LA PRENSA<\/b><\/p><p><a style=\"font-style: inherit; font-weight: inherit; background-color: #ffffff; font-family: -apple-system, BlinkMacSystemFont,;\" href=\"https:\/\/www.litoralpress.cl\/paginaconsultas\/Servicios_NClip\/Get_Imagen_Nota.aspx?LPKey=6WT2FD6AR2IC23UV3OEIJRQ6HXL5UAJAQSEJZ7KZWTPDNHHFP6QB4BEXS7ZPOA7EEYLKG5IFQCDLA\" target=\"_blank\" rel=\"noopener\">UTalca logra su primer licenciamiento internacional con tecnolog\u00eda para conservar manzanas y peras postcosecha.<\/a><\/p><p>\u00a0<\/p><p><b>DIARIOLAPRENSA.CL<\/b><\/p><p><a style=\"font-style: inherit; font-weight: inherit; background-color: #ffffff; font-family: -apple-system, BlinkMacSystemFont,;\" href=\"https:\/\/new.diariolaprensa.cl\/index.php\/2021\/08\/26\/utalca-logra-su-primer-licenciamiento-internacional-con-tecnologia-para-conservar-manzanas-y-peras-postcosecha\/\" target=\"_blank\" rel=\"noopener\">UTalca logra su primer licenciamiento internacional con tecnolog\u00eda para conservar manzanas y peras postcosecha.<\/a><\/p><p>\u00a0<\/p><p><b>RADIOAGRICULTURA.CL<\/b><\/p><p><a style=\"font-style: inherit; font-weight: inherit; background-color: #ffffff; font-family: -apple-system, BlinkMacSystemFont,;\" href=\"https:\/\/www.radioagricultura.cl\/elagro\/2021\/08\/26\/cambio-climatico-bosques-de-cipreses-en-riesgo-por-insectos-e-inminentes-incendios.html\" target=\"_blank\" rel=\"noopener\">Cambio clim\u00e1tico: Bosques de cipreses en riesgo por insectos e inminentes Incendios. Se refiere Claudio Ram\u00edrez, acad\u00e9mico del Instituto de Ciencias Biol\u00f3gicas de la UTalca.<\/a><\/p><p>\u00a0<\/p><p><b>EL HERALDO<\/b><\/p><p><a style=\"font-style: inherit; font-weight: inherit; background-color: #ffffff; font-family: -apple-system, BlinkMacSystemFont,;\" href=\"https:\/\/www.litoralpress.cl\/paginaconsultas\/Servicios_NClip\/Get_Imagen_Nota.aspx?LPKey=AT3WPIU26CN6U4ODG2WSU6LM2Y2CRJWKAHXOYIFQBBBZ7SBAU7B2NQFBZUDL5NQJFONG3OTGCYBEC\" target=\"_blank\" rel=\"noopener\">Cambio clim\u00e1tico: Bosques de cipreses en riesgo por insectos e inminentes Incendios. Se refiere Claudio Ram\u00edrez, acad\u00e9mico del Instituto de Ciencias Biol\u00f3gicas de la UTalca.<\/a><\/p><p>\u00a0<\/p><p><b>DIARIOELHERALDO.CL<\/b><\/p><p><a style=\"font-style: inherit; font-weight: inherit; background-color: #ffffff; font-family: -apple-system, BlinkMacSystemFont,;\" href=\"http:\/\/www.diarioelheraldo.cl\/noticia\/cambio-climatico-bosques-de-cipreses-en-riesgo-por-insectos-e-inminentes-incendios\" target=\"_blank\" rel=\"noopener\">Cambio clim\u00e1tico: Bosques de cipreses en riesgo por insectos e inminentes Incendios. Se refiere Claudio Ram\u00edrez, acad\u00e9mico del Instituto de Ciencias Biol\u00f3gicas de la UTalca.<\/a><\/p><p>\u00a0<\/p><p><b>ATENTOS.CL<\/b><\/p><p><a style=\"font-style: inherit; font-weight: inherit; background-color: #ffffff; font-family: -apple-system, BlinkMacSystemFont,;\" href=\"https:\/\/www.atentos.cl\/cambio-climatico-bosques-de-cipreses-en-riesgo-por-insectos-e-inminentes-incendios\/\" target=\"_blank\" rel=\"noopener\">Cambio clim\u00e1tico: Bosques de cipreses en riesgo por insectos e inminentes Incendios. Se refiere Claudio Ram\u00edrez, acad\u00e9mico del Instituto de Ciencias Biol\u00f3gicas de la UTalca.<\/a><\/p><p>\u00a0<\/p><p><b>G5NOTICIAS.CL<\/b><\/p><p><a style=\"font-style: inherit; font-weight: inherit; background-color: #ffffff; font-family: -apple-system, BlinkMacSystemFont,;\" href=\"https:\/\/g5noticias.cl\/2021\/08\/26\/cambio-climatico-bosques-de-cipreses-en-riesgo-por-insectos-e-inminentes-incendios\/\" target=\"_blank\" rel=\"noopener\">Cambio clim\u00e1tico: Bosques de cipreses en riesgo por insectos e inminentes Incendios. Se refiere Claudio Ram\u00edrez, acad\u00e9mico del Instituto de Ciencias Biol\u00f3gicas de la UTalca.<\/a><\/p><p>\u00a0<\/p><p><b>LA PRENSA<\/b><\/p><p><a style=\"font-style: inherit; font-weight: inherit; background-color: #ffffff; font-family: -apple-system, BlinkMacSystemFont,;\" href=\"https:\/\/www.litoralpress.cl\/paginaconsultas\/Servicios_NClip\/Get_Imagen_Nota.aspx?LPKey=Z5SFQ3PHER6EXEBBZHQRVD65AUSAM6SRBGXD4XEBXUIFRUP3GMA2JV4EXAL56MTYEB7TERBJ6BHB2\" target=\"_blank\" rel=\"noopener\">Cambio clim\u00e1tico: es necesario perfeccionar la legislaci\u00f3n chilena. Se refiere Marcela Fern\u00e1ndez, acad\u00e9mica de la Facultad de Ciencias Jur\u00eddicas y Sociales de la UTalca.<\/a><\/p><p>\u00a0<\/p><p><b>LANOTICIA.CL<\/b><\/p><p><a style=\"font-style: inherit; font-weight: inherit; background-color: #ffffff; font-family: -apple-system, BlinkMacSystemFont,;\" href=\"https:\/\/lanoticia.cl\/cambio-climatico-es-necesario-perfeccionar-la-legislacion-chilena\/\" target=\"_blank\" rel=\"noopener\">Cambio clim\u00e1tico: es necesario perfeccionar la legislaci\u00f3n chilena. Se refiere Marcela Fern\u00e1ndez, acad\u00e9mica de la Facultad de Ciencias Jur\u00eddicas y Sociales de la UTalca.<\/a><\/p><p>\u00a0<\/p><p><b>RADIO BIOB\u00cdO<\/b><\/p><p><a style=\"font-style: inherit; font-weight: inherit; background-color: #ffffff; font-family: -apple-system, BlinkMacSystemFont,;\" href=\"https:\/\/www.litoralpress.cl\/sitio\/RadioTV_Detalles.cshtml?LPKey=GPZSXLCDK2X7VC2VRMV3RHLURSJGAZ6SY67IC33OYES2OPQNI5JQ\" target=\"_blank\" rel=\"noopener\">Comentarios de los conductores de Expreso Biob\u00edo: La sequ\u00eda y la ca\u00edda de \u00e1rboles. Se menciona a la UTalca.<\/a><\/p><p>\u00a0<\/p><p><b>DIARIOTALCA.CL<\/b><\/p><p><a style=\"font-style: inherit; font-weight: inherit; background-color: #ffffff; font-family: -apple-system, BlinkMacSystemFont,;\" href=\"https:\/\/www.diariotalca.cl\/mira-como-disfrutar-de-una-coleccion-artistica-virtual-de-62-piezas\/\" target=\"_blank\" rel=\"noopener\">Revisa c\u00f3mo disfrutar de una colecci\u00f3n art\u00edstica virtual de 62 piezas. Se refiere Felipe Besoa\u00edn, acad\u00e9mico de la Facultad de Ingenier\u00eda.<\/a><\/p><p>\u00a0<\/p><p><b>ATENTOS.CL<\/b><\/p><p><a style=\"font-style: inherit; font-weight: inherit; background-color: #ffffff; font-family: -apple-system, BlinkMacSystemFont,;\" href=\"https:\/\/www.atentos.cl\/museo-virtual-del-maule-presenta-coleccion-de-62-piezas-digitalizadas\/\" target=\"_blank\" rel=\"noopener\">Revisa c\u00f3mo disfrutar de una colecci\u00f3n art\u00edstica virtual de 62 piezas. Se refiere Felipe Besoa\u00edn, acad\u00e9mico de la Facultad de Ingenier\u00eda.<\/a><\/p><p>\u00a0<\/p><p><b>ELMAULEINFORMA.CL<\/b><\/p><p><a style=\"font-style: inherit; font-weight: inherit; background-color: #ffffff; font-family: -apple-system, BlinkMacSystemFont,;\" href=\"https:\/\/elmauleinforma.cl\/museo-virtual-del-maule-presenta-coleccion-de-62-piezas-digitalizadas\/\" target=\"_blank\" rel=\"noopener\">Revisa c\u00f3mo disfrutar de una colecci\u00f3n art\u00edstica virtual de 62 piezas. Se refiere Felipe Besoa\u00edn, acad\u00e9mico de la Facultad de Ingenier\u00eda.<\/a><\/p><p>\u00a0<\/p><p><b>CANAL 24 HORAS<\/b><\/p><p><a style=\"font-style: inherit; font-weight: inherit; background-color: #ffffff; font-family: -apple-system, BlinkMacSystemFont,;\" href=\"https:\/\/www.litoralpress.cl\/sitio\/RadioTV_Detalles.cshtml?LPKey=VJWLJUD7T3EJBK4BNB6KFQ5OXOXFLQ4HWQ6XGGSUJGGBXRKOOZLA\" target=\"_blank\" rel=\"noopener\">Entrevista a Mauricio Morales, director del Centro de An\u00e1lisis Pol\u00edtico (CAP) de UTalca.<\/a><\/p><p>\u00a0<\/p><p><b>24HORAS.CL<\/b><\/p><p><a style=\"font-style: inherit; font-weight: inherit; background-color: #ffffff; font-family: -apple-system, BlinkMacSystemFont,;\" href=\"https:\/\/www.24horas.cl\/politica\/cientista-politico-analiza-las-caracteristicas-de-los-candidatos-que-postulan-al-congreso-4941450\" target=\"_blank\" rel=\"noopener\">Cientista pol\u00edtico analiza las caracter\u00edsticas de los candidatos que postulan al Congreso. Se refiere Mauricio Morales, director del Centro de An\u00e1lisis Pol\u00edtico (CAP) de UTalca.<\/a><\/p><p>\u00a0<\/p><p><b>CANAL MEGA<\/b><\/p><p><a style=\"font-style: inherit; font-weight: inherit; background-color: #ffffff; font-family: -apple-system, BlinkMacSystemFont,;\" href=\"https:\/\/www.litoralpress.cl\/sitio\/RadioTV_Detalles.cshtml?LPKey=GUVXOLPKD454LNXFGAMJJQZHHF3TZLRZECD45JX4DQQH7LUW3TRA\" target=\"_blank\" rel=\"noopener\">Servel rechaz\u00f3 candidaturas presidenciales. Se refiere Mauricio Morales, director del Centro de An\u00e1lisis Pol\u00edtico (CAP) de UTalca.<\/a><\/p><p>\u00a0<\/p><p><b>RADIO PAUTA<\/b><\/p><p><a style=\"font-style: inherit; font-weight: inherit; background-color: #ffffff; font-family: -apple-system, BlinkMacSystemFont,;\" href=\"https:\/\/www.litoralpress.cl\/sitio\/RadioTV_Detalles.cshtml?LPKey=DVRTPQ44G4EYGFKBME5HXA6QRKXEEHMMD43CTPJKOVCWZ4HDPUYQ\" target=\"_blank\" rel=\"noopener\">Entrevista a Yasna Provoste, candidata presidencial Nuevo Pacto Social. Se menciona opini\u00f3n de Mauricio Morales, director del Centro de An\u00e1lisis Pol\u00edtico (CAP) de UTalca.<\/a><\/p><p>\u00a0<\/p><p><b>EMOL.COM<\/b><\/p><p><a style=\"font-style: inherit; font-weight: inherit; background-color: #ffffff; font-family: -apple-system, BlinkMacSystemFont,;\" href=\"https:\/\/www.emol.com\/noticias\/Nacional\/2021\/08\/26\/1030725\/interna-senatorial-chile-vamos-oposicion.html\" target=\"_blank\" rel=\"noopener\">Barros vs. Macaya o Espinoza vs. Quinteros: Los duelos senatoriales que se dar\u00e1n en la interna de los partidos. Se refiere Mauricio Morales, director del Centro de An\u00e1lisis Pol\u00edtico (CAP) de UTalca.<\/a><\/p><p>\u00a0<\/p><p><b>ELLIBERO.CL<\/b><\/p><p><a style=\"font-style: inherit; font-weight: inherit; background-color: #ffffff; font-family: -apple-system, BlinkMacSystemFont,;\" href=\"https:\/\/ellibero.cl\/actualidad\/la-aspiracion-presidencial-de-me-o-que-dejo-en-agonia-al-pro\/\" target=\"_blank\" rel=\"noopener\">La aspiraci\u00f3n presidencial de ME-O que dej\u00f3 en agon\u00eda al PRO. Se refiere Mauricio Morales, director del Centro de An\u00e1lisis Pol\u00edtico (CAP) de UTalca.<\/a><\/p><p>\u00a0<\/p><p><b>ELDIARIODESANTIAGO.CL<\/b><\/p><p><a style=\"font-style: inherit; font-weight: inherit; background-color: #ffffff; font-family: -apple-system, BlinkMacSystemFont,;\" href=\"https:\/\/eldiariodesantiago.cl\/archivo\/84944\" target=\"_blank\" rel=\"noopener\">Expertos pronostican el rumbo de la campa\u00f1a presidencial con los nueve candidatos confirmados. Se refiere Mauricio Morales, director del Centro de An\u00e1lisis Pol\u00edtico (CAP) de UTalca.<\/a><\/p>\t\t\t\t\t\t<\/div>\n\t\t\t\t<\/div>\n\t\t\t\t\t<\/div>\n\t\t<\/div>\n\t\t\t\t\t\t\t<\/div>\n\t\t<\/section>\n\t\t\t\t\t\t<\/div>\n\t\t\t\t\t<\/div>\n\t\t","protected":false},"excerpt":{"rendered":"<p>UNIVERSIDADESESTATALES.CL Ranking QS: UTalca contin\u00faa siendo la mejor estatal de regiones y se mantiene en el top ten nacional. \u00a0 PORTALEDUCACION.CL Ranking QS: UTalca contin\u00faa siendo la mejor estatal de regiones y se mantiene en el top ten nacional. \u00a0 DIARIOTALCA.CL UTalca contin\u00faa siendo la mejor estatal de regiones y se mantiene en el top &hellip;<\/p>\n<p class=\"read-more\"> <a class=\"\" href=\"https:\/\/www.reportedeprensa.utalca.cl\/?p=1788\"> <span class=\"screen-reader-text\">27 de agosto de 2021<\/span> Read More &raquo;<\/a><\/p>\n","protected":false},"author":1,"featured_media":0,"comment_status":"closed","ping_status":"open","sticky":false,"template":"elementor_theme","format":"standard","meta":{"_monsterinsights_skip_tracking":false,"_monsterinsights_sitenote_active":false,"_monsterinsights_sitenote_note":"","_monsterinsights_sitenote_category":0},"categories":[11],"tags":[],"_links":{"self":[{"href":"https:\/\/www.reportedeprensa.utalca.cl\/index.php?rest_route=\/wp\/v2\/posts\/1788"}],"collection":[{"href":"https:\/\/www.reportedeprensa.utalca.cl\/index.php?rest_route=\/wp\/v2\/posts"}],"about":[{"href":"https:\/\/www.reportedeprensa.utalca.cl\/index.php?rest_route=\/wp\/v2\/types\/post"}],"author":[{"embeddable":true,"href":"https:\/\/www.reportedeprensa.utalca.cl\/index.php?rest_route=\/wp\/v2\/users\/1"}],"replies":[{"embeddable":true,"href":"https:\/\/www.reportedeprensa.utalca.cl\/index.php?rest_route=%2Fwp%2Fv2%2Fcomments&post=1788"}],"version-history":[{"count":4,"href":"https:\/\/www.reportedeprensa.utalca.cl\/index.php?rest_route=\/wp\/v2\/posts\/1788\/revisions"}],"predecessor-version":[{"id":1792,"href":"https:\/\/www.reportedeprensa.utalca.cl\/index.php?rest_route=\/wp\/v2\/posts\/1788\/revisions\/1792"}],"wp:attachment":[{"href":"https:\/\/www.reportedeprensa.utalca.cl\/index.php?rest_route=%2Fwp%2Fv2%2Fmedia&parent=1788"}],"wp:term":[{"taxonomy":"category","embeddable":true,"href":"https:\/\/www.reportedeprensa.utalca.cl\/index.php?rest_route=%2Fwp%2Fv2%2Fcategories&post=1788"},{"taxonomy":"post_tag","embeddable":true,"href":"https:\/\/www.reportedeprensa.utalca.cl\/index.php?rest_route=%2Fwp%2Fv2%2Ftags&post=1788"}],"curies":[{"name":"wp","href":"https:\/\/api.w.org\/{rel}","templated":true}]}}