{"id":1799,"date":"2021-08-30T09:46:50","date_gmt":"2021-08-30T12:46:50","guid":{"rendered":"https:\/\/www.reportedeprensa.utalca.cl\/?p=1799"},"modified":"2021-08-31T09:53:32","modified_gmt":"2021-08-31T12:53:32","slug":"31-de-agosto-de-2021","status":"publish","type":"post","link":"https:\/\/www.reportedeprensa.utalca.cl\/?p=1799","title":{"rendered":"31 de agosto de 2021"},"content":{"rendered":"\t\t<div data-elementor-type=\"wp-post\" data-elementor-id=\"1799\" class=\"elementor elementor-1799\" data-elementor-settings=\"[]\">\n\t\t\t\t\t\t\t<div class=\"elementor-section-wrap\">\n\t\t\t\t\t\t\t<section class=\"elementor-section elementor-top-section elementor-element elementor-element-a06ca45 elementor-section-boxed elementor-section-height-default elementor-section-height-default\" data-id=\"a06ca45\" data-element_type=\"section\">\n\t\t\t\t\t\t<div class=\"elementor-container elementor-column-gap-default\">\n\t\t\t\t\t<div class=\"elementor-column elementor-col-100 elementor-top-column elementor-element elementor-element-1486c35\" data-id=\"1486c35\" data-element_type=\"column\">\n\t\t\t<div class=\"elementor-widget-wrap elementor-element-populated\">\n\t\t\t\t\t\t\t\t<div class=\"elementor-element elementor-element-42b145e elementor-widget elementor-widget-text-editor\" data-id=\"42b145e\" data-element_type=\"widget\" data-widget_type=\"text-editor.default\">\n\t\t\t\t<div class=\"elementor-widget-container\">\n\t\t\t\t\t\t\t\t<p><b>DIARIO TALCA<\/b><\/p><p><a style=\"font-style: inherit; font-weight: inherit; background-color: #ffffff; font-family: -apple-system, BlinkMacSystemFont,;\" href=\"https:\/\/www.litoralpress.cl\/sitio\/Prensa_PaginaCompleta.cshtml?LPKey=DX3KOB4T7YH7W2GN6NUCORYWIUSHFEJSDABCMUEBXJENFGWX7QCQ\" target=\"_blank\" rel=\"noopener\">Ranking QS: UTalca contin\u00faa siendo la mejor universidad estatal de regiones.<\/a><\/p><p>\u00a0<\/p><p><b>LANOTICIA.CL<\/b><\/p><p><a style=\"font-style: inherit; font-weight: inherit; background-color: #ffffff; font-family: -apple-system, BlinkMacSystemFont,;\" href=\"https:\/\/lanoticia.cl\/ranking-qs-utalca-continua-siendo-la-mejor-estatal-de-regiones-y-se-mantiene-en-el-top-ten-nacional\/\" target=\"_blank\" rel=\"noopener\">Ranking QS: UTalca contin\u00faa siendo la mejor universidad estatal de regiones.<\/a><\/p><p>\u00a0<\/p><p><b>CANAL 24 HORAS<\/b><\/p><p><a style=\"font-style: inherit; font-weight: inherit; background-color: #ffffff; font-family: -apple-system, BlinkMacSystemFont,;\" href=\"https:\/\/www.litoralpress.cl\/sitio\/RadioTV_Detalles.cshtml?LPKey=E2BE7XXJL3NMDHTOCUWQZOMXVPW7UWDASKWIFKJEY62ROVKXPHIA\" target=\"_blank\" rel=\"noopener\">Entrevista a Patricio Gonz\u00e1lez, agroclimat\u00f3logo de la Universidad de Talca.<\/a><\/p><p>\u00a0<\/p><p><b>24HORAS.CL<\/b><\/p><p><a style=\"font-style: inherit; font-weight: inherit; background-color: #ffffff; font-family: -apple-system, BlinkMacSystemFont,;\" href=\"https:\/\/www.24horas.cl\/programas\/entrevistas\/agroclimatologo-por-escasez-hidrica-si-el-proximo-ano-hay-sequia-vamos-a-tener-decretos-de-reduccion-4946434\" target=\"_blank\" rel=\"noopener\">Agroclimat\u00f3logo por escasez h\u00eddrica: &#8220;Si el pr\u00f3ximo a\u00f1o hay sequ\u00eda vamos a tener decretos de reducci\u00f3n&#8221;. Se refiere Patricio Gonz\u00e1lez, acad\u00e9mico de la UTalca.<\/a><\/p><p>\u00a0<\/p><p><b>CANAL TVN<\/b><\/p><p><a style=\"font-style: inherit; font-weight: inherit; background-color: #ffffff; font-family: -apple-system, BlinkMacSystemFont,;\" href=\"https:\/\/www.litoralpress.cl\/sitio\/RadioTV_Detalles.cshtml?LPKey=SOZC5ZYFU665KXAYXHAQMHJRUKAGOPJYGZ4RXZEWVVBIWD4SZH3A\" target=\"_blank\" rel=\"noopener\">RM entre las 6 regiones con emergencia agr\u00edcola. Se refiere Patricio Gonz\u00e1lez, agroclimat\u00f3logo de la Universidad de Talca.<\/a><\/p><p>\u00a0<\/p><p><b>RADIO COOPERATIVA<\/b><\/p><p><a style=\"font-style: inherit; font-weight: inherit; background-color: #ffffff; font-family: -apple-system, BlinkMacSystemFont,;\" href=\"https:\/\/www.litoralpress.cl\/sitio\/RadioTV_Detalles.cshtml?LPKey=MFPEHLNMT2AWL6AMUQJIAOOWYKUC5V6TYG6PCIOCYD5I34GV4V4Q\" target=\"_blank\" rel=\"noopener\">Presidente decreta emergencia agr\u00edcola para la RM y anuncia el Plan Sequ\u00eda. Se refiere Patricio Gonz\u00e1lez, agroclimat\u00f3logo de la Universidad de Talca.<\/a><\/p><p>\u00a0<\/p><p><b>RADIO AGRICULTURA<\/b><\/p><p><a style=\"font-style: inherit; font-weight: inherit; background-color: #ffffff; font-family: -apple-system, BlinkMacSystemFont,;\" href=\"https:\/\/www.litoralpress.cl\/sitio\/RadioTV_Detalles.cshtml?LPKey=OOOMF6IZDJ25KRCF6JIRKQKUF6MWUQFV4LH4RWJIDWJ3THNSHYGQ\" target=\"_blank\" rel=\"noopener\">Gobierno declar\u00f3 emergencia agr\u00edcola en la RM producto del preocupante d\u00e9ficit h\u00eddrico. Se refiere Patricio Gonz\u00e1lez, agroclimat\u00f3logo de la Universidad de Talca.<\/a><\/p><p>\u00a0<\/p><p><b>LATERCERA.COM<\/b><\/p><p><a style=\"font-style: inherit; font-weight: inherit; background-color: #ffffff; font-family: -apple-system, BlinkMacSystemFont,;\" href=\"https:\/\/www.latercera.com\/pulso\/noticia\/el-destacado-y-desconocido-papel-que-esta-teniendo-la-academia-en-el-desarrollo-de-la-red-5g-en-chile\/SGDWTYHLZVE7RKYI3AWG6BY3O4\/\" target=\"_blank\" rel=\"noopener\">El destacado y desconocido papel que est\u00e1 teniendo la academia en el desarrollo de la red 5G en Chile. Se refiere Pablo Villalobos, vicerrector de Innovaci\u00f3n y Transferencia Tecnol\u00f3gica de la UTalca.<\/a><\/p><p>\u00a0<\/p><p><b>LATERCERA.COM<\/b><\/p><p><a style=\"font-style: inherit; font-weight: inherit; background-color: #ffffff; font-family: -apple-system, BlinkMacSystemFont,;\" href=\"https:\/\/www.latercera.com\/que-pasa\/noticia\/el-desconocido-rol-de-las-nanoburbujas-de-oxigeno-en-la-actual-crisis-hidrica\/QICFGZGOSJASJNRZP6CG6K2FN4\/\" target=\"_blank\" rel=\"noopener\">El desconocido rol de las nanoburbujas de ox\u00edgeno en la actual crisis h\u00eddrica. Se menciona a la UTalca.<\/a><\/p><p>\u00a0<\/p><p><b>EL MERCURIO<\/b><\/p><p><a style=\"font-style: inherit; font-weight: inherit; background-color: #ffffff; font-family: -apple-system, BlinkMacSystemFont,;\" href=\"https:\/\/www.litoralpress.cl\/paginaconsultas\/Servicios_NClip\/Get_Imagen_Pagina.aspx?LPKey=DVZ42FF2JUF6QV54R7IIHMYJGJLUSBS6TC6JGSFZMSU5NBISYUHQ\" target=\"_blank\" rel=\"noopener\">Cambio clim\u00e1tico y sostenibilidad agroalimentaria. Columna de opini\u00f3n, entre otros, firmada por Sim\u00f3n Ruiz, director del Instituto de Ciencias Biol\u00f3gicas de la UTalca.<\/a><\/p><p>\u00a0<\/p><p><b>RADIO COOPERATIVA<\/b><\/p><p><a style=\"font-style: inherit; font-weight: inherit; background-color: #ffffff; font-family: -apple-system, BlinkMacSystemFont,;\" href=\"https:\/\/www.litoralpress.cl\/sitio\/RadioTV_Detalles.cshtml?LPKey=KTFXSADSXOIALOT7MGD6RBVR6ND24FT5KRTHP75WVGRD6724PLYA\" target=\"_blank\" rel=\"noopener\">COVID- 19: \u00daltimo reporte del Minsal inform\u00f3 603 casos nuevos y 44 fallecidos. Se refiere Erika Retamal, directora de Salud P\u00fablica de la UTalca.<\/a><\/p><p>\u00a0<\/p><p><b>LA PRENSA<\/b><\/p><p><a style=\"font-style: inherit; font-weight: inherit; background-color: #ffffff; font-family: -apple-system, BlinkMacSystemFont,;\" href=\"https:\/\/www.litoralpress.cl\/paginaconsultas\/Servicios_NClip\/Get_Imagen_Nota.aspx?LPKey=6S4VGMBU4Q7PVR3ICOYJXFJ2ZWJD6UGIKMWFLFQTDVXDM6TO4CPQYYAACRATGC5HXCBVUBR6N7FB6\" target=\"_blank\" rel=\"noopener\">COVID-19: Epidemi\u00f3loga pide acelerar vacunaci\u00f3n en menores. Se refiere Erika Retamal, directora de Salud P\u00fablica de la UTalca.<\/a><\/p><p>\u00a0<\/p><p><b>PORTALEDUCACION.CL<\/b><\/p><p><a style=\"font-style: inherit; font-weight: inherit; background-color: #ffffff; font-family: -apple-system, BlinkMacSystemFont,;\" href=\"https:\/\/portaleducacion.cl\/index.php\/2021\/08\/30\/en-utalca-realizan-charlas-para-incentivar-la-participacion-femenina-en-carreras-de-ingenieria\/\" target=\"_blank\" rel=\"noopener\">En UTalca realizan charlas para incentivar la participaci\u00f3n femenina en carreras de ingenier\u00eda.<\/a><\/p><p>\u00a0<\/p><p><b>ELMAULEINFORMA.CL<\/b><\/p><p><a style=\"font-style: inherit; font-weight: inherit; background-color: #ffffff; font-family: -apple-system, BlinkMacSystemFont,;\" href=\"https:\/\/elmauleinforma.cl\/analizan-factores-de-la-baja-productividad-economica-y-variables-que-incidirian-en-su-recuperacion\/\" target=\"_blank\" rel=\"noopener\">Analizan factores de la baja productividad econ\u00f3mica y variables que incidir\u00edan en su recuperaci\u00f3n. Se refiere Patricia Rodr\u00edguez, directora del Campus Santiago; Rodrigo Herrera, decano de la Facultad de Econom\u00eda y Negocios (FEN) y Andrea Bentancor, acad\u00e9mica de la FEN.<\/a><\/p><p>\u00a0<\/p><p><b>G5NOTICIAS.CL<\/b><\/p><p><a style=\"font-style: inherit; font-weight: inherit; background-color: #ffffff; font-family: -apple-system, BlinkMacSystemFont,;\" href=\"https:\/\/g5noticias.cl\/2021\/08\/30\/analizan-factores-de-la-baja-productividad-economica-y-variables-que-incidirian-en-su-recuperacion\/\" target=\"_blank\" rel=\"noopener\">Analizan factores de la baja productividad econ\u00f3mica y variables que incidir\u00edan en su recuperaci\u00f3n. Se refiere Patricia Rodr\u00edguez, directora del Campus Santiago; Rodrigo Herrera, decano de la Facultad de Econom\u00eda y Negocios (FEN) y Andrea Bentancor, acad\u00e9mica de la FEN.<\/a><\/p><p>\u00a0<\/p><p><b>TVMAULE.CL<\/b><\/p><p><a style=\"font-style: inherit; font-weight: inherit; background-color: #ffffff; font-family: -apple-system, BlinkMacSystemFont,;\" href=\"https:\/\/www.tvmaule.cl\/experta-afirma-que-debido-al-cambio-climatico-es-necesario-perfeccionar-la-legislacion-chilena\/\" target=\"_blank\" rel=\"noopener\">Cambio clim\u00e1tico: Es necesario perfeccionar la legislaci\u00f3n chilena. Se refiere Marcela Fern\u00e1ndez, acad\u00e9mica de la Facultad de Ciencias Jur\u00eddicas y Sociales de la UTalca.<\/a><\/p><p>\u00a0<\/p><p><b>CENTROSURNOTICIAS.CL<\/b><\/p><p><a style=\"font-style: inherit; font-weight: inherit; background-color: #ffffff; font-family: -apple-system, BlinkMacSystemFont,;\" href=\"https:\/\/centrosurnoticias.cl\/cambio-climatico-es-necesario-perfeccionar-la-legislacion-chilena\/\" target=\"_blank\" rel=\"noopener\">Cambio clim\u00e1tico: Es necesario perfeccionar la legislaci\u00f3n chilena. Se refiere Marcela Fern\u00e1ndez, acad\u00e9mica de la Facultad de Ciencias Jur\u00eddicas y Sociales de la UTalca.<\/a><\/p><p>\u00a0<\/p><p><b>ELQUINTOPODER.CL<\/b><\/p><p><a style=\"font-style: inherit; font-weight: inherit; background-color: #ffffff; font-family: -apple-system, BlinkMacSystemFont,;\" href=\"https:\/\/www.elquintopoder.cl\/desarrollo-regional\/gobernadores-regionales-electos-resuelven-el-problema-de-la-centralizacion\/\" target=\"_blank\" rel=\"noopener\">Gobernadores regionales electos: \u00bfResuelven el problema de la centralizaci\u00f3n? Se menciona estudio de la UTalca.<\/a><\/p><p>\u00a0<\/p><p><b>DIARIO TALCA<\/b><\/p><p><a style=\"font-style: inherit; font-weight: inherit; background-color: #ffffff; font-family: -apple-system, BlinkMacSystemFont,;\" href=\"https:\/\/www.litoralpress.cl\/sitio\/Prensa_PaginaCompleta.cshtml?LPKey=2DPGT2NYEGZPU3ESYT7E4GY4FPK4FOJNZT4GS5MWWNYGJHRRSIOA\" target=\"_blank\" rel=\"noopener\">Fiestas primaverales. Se menciona Centro de Documentaci\u00f3n Patrimonial de la UTalca.<\/a><\/p><p>\u00a0<\/p><p><b>DIARIO TALCA<\/b><\/p><p><a style=\"font-style: inherit; font-weight: inherit; background-color: #ffffff; font-family: -apple-system, BlinkMacSystemFont,;\" href=\"https:\/\/www.litoralpress.cl\/sitio\/Prensa_PaginaCompleta.cshtml?LPKey=I4DJNXHPLBWF7TJDSB6HFZ2OMO7S5RXB2GO3SOHSMI4QJNB763DA\" target=\"_blank\" rel=\"noopener\">Las tensas horas de negociaciones en el Maule. Se menciona a Mario Herrera, acad\u00e9mico del Centro de An\u00e1lisis Pol\u00edtico (CAP) de la UTalca.<\/a><\/p>\t\t\t\t\t\t<\/div>\n\t\t\t\t<\/div>\n\t\t\t\t\t<\/div>\n\t\t<\/div>\n\t\t\t\t\t\t\t<\/div>\n\t\t<\/section>\n\t\t\t\t\t\t<\/div>\n\t\t\t\t\t<\/div>\n\t\t","protected":false},"excerpt":{"rendered":"<p>DIARIO TALCA Ranking QS: UTalca contin\u00faa siendo la mejor universidad estatal de regiones. \u00a0 LANOTICIA.CL Ranking QS: UTalca contin\u00faa siendo la mejor universidad estatal de regiones. \u00a0 CANAL 24 HORAS Entrevista a Patricio Gonz\u00e1lez, agroclimat\u00f3logo de la Universidad de Talca. \u00a0 24HORAS.CL Agroclimat\u00f3logo por escasez h\u00eddrica: &#8220;Si el pr\u00f3ximo a\u00f1o hay sequ\u00eda vamos a tener &hellip;<\/p>\n<p class=\"read-more\"> <a class=\"\" href=\"https:\/\/www.reportedeprensa.utalca.cl\/?p=1799\"> <span class=\"screen-reader-text\">31 de agosto de 2021<\/span> Read More &raquo;<\/a><\/p>\n","protected":false},"author":1,"featured_media":0,"comment_status":"closed","ping_status":"open","sticky":false,"template":"elementor_theme","format":"standard","meta":{"_monsterinsights_skip_tracking":false,"_monsterinsights_sitenote_active":false,"_monsterinsights_sitenote_note":"","_monsterinsights_sitenote_category":0},"categories":[11],"tags":[],"_links":{"self":[{"href":"https:\/\/www.reportedeprensa.utalca.cl\/index.php?rest_route=\/wp\/v2\/posts\/1799"}],"collection":[{"href":"https:\/\/www.reportedeprensa.utalca.cl\/index.php?rest_route=\/wp\/v2\/posts"}],"about":[{"href":"https:\/\/www.reportedeprensa.utalca.cl\/index.php?rest_route=\/wp\/v2\/types\/post"}],"author":[{"embeddable":true,"href":"https:\/\/www.reportedeprensa.utalca.cl\/index.php?rest_route=\/wp\/v2\/users\/1"}],"replies":[{"embeddable":true,"href":"https:\/\/www.reportedeprensa.utalca.cl\/index.php?rest_route=%2Fwp%2Fv2%2Fcomments&post=1799"}],"version-history":[{"count":4,"href":"https:\/\/www.reportedeprensa.utalca.cl\/index.php?rest_route=\/wp\/v2\/posts\/1799\/revisions"}],"predecessor-version":[{"id":1815,"href":"https:\/\/www.reportedeprensa.utalca.cl\/index.php?rest_route=\/wp\/v2\/posts\/1799\/revisions\/1815"}],"wp:attachment":[{"href":"https:\/\/www.reportedeprensa.utalca.cl\/index.php?rest_route=%2Fwp%2Fv2%2Fmedia&parent=1799"}],"wp:term":[{"taxonomy":"category","embeddable":true,"href":"https:\/\/www.reportedeprensa.utalca.cl\/index.php?rest_route=%2Fwp%2Fv2%2Fcategories&post=1799"},{"taxonomy":"post_tag","embeddable":true,"href":"https:\/\/www.reportedeprensa.utalca.cl\/index.php?rest_route=%2Fwp%2Fv2%2Ftags&post=1799"}],"curies":[{"name":"wp","href":"https:\/\/api.w.org\/{rel}","templated":true}]}}