{"id":1923,"date":"2021-09-20T08:25:38","date_gmt":"2021-09-20T11:25:38","guid":{"rendered":"https:\/\/www.reportedeprensa.utalca.cl\/?p=1923"},"modified":"2021-09-20T08:53:56","modified_gmt":"2021-09-20T11:53:56","slug":"20-de-septiembre-de-2021","status":"publish","type":"post","link":"https:\/\/www.reportedeprensa.utalca.cl\/?p=1923","title":{"rendered":"20 de septiembre de 2021"},"content":{"rendered":"\t\t<div data-elementor-type=\"wp-post\" data-elementor-id=\"1923\" class=\"elementor elementor-1923\" data-elementor-settings=\"[]\">\n\t\t\t\t\t\t\t<div class=\"elementor-section-wrap\">\n\t\t\t\t\t\t\t<section class=\"elementor-section elementor-top-section elementor-element elementor-element-a06ca45 elementor-section-boxed elementor-section-height-default elementor-section-height-default\" data-id=\"a06ca45\" data-element_type=\"section\">\n\t\t\t\t\t\t<div class=\"elementor-container elementor-column-gap-default\">\n\t\t\t\t\t<div class=\"elementor-column elementor-col-100 elementor-top-column elementor-element elementor-element-1486c35\" data-id=\"1486c35\" data-element_type=\"column\">\n\t\t\t<div class=\"elementor-widget-wrap elementor-element-populated\">\n\t\t\t\t\t\t\t\t<div class=\"elementor-element elementor-element-42b145e elementor-widget elementor-widget-text-editor\" data-id=\"42b145e\" data-element_type=\"widget\" data-widget_type=\"text-editor.default\">\n\t\t\t\t<div class=\"elementor-widget-container\">\n\t\t\t\t\t\t\t\t<p><b>LAS \u00daLTIMAS NOTICIAS<\/b><\/p><p><a style=\"font-style: inherit; font-weight: inherit; background-color: #ffffff; font-family: -apple-system, BlinkMacSystemFont,;\" href=\"https:\/\/www.litoralpress.cl\/paginaconsultas\/Servicios_NClip\/Get_Imagen_Nota.aspx?LPKey=HL2ITPWB7LWRHEXRWQAGNT4BK3S2XVHHTHZO3YUWH5LVCXTFOCNUDCGAEGYNBLKR2SBUNSYNIQOJQ\" target=\"_blank\" rel=\"noopener\">Estas carreras universitarias debutan en la admisi\u00f3n 2022. Se refiere Diego Rodr\u00edguez, director de carrera de Ingenier\u00eda Comercial de la UTalca.<\/a><\/p><p>\u00a0<\/p><p><b>EL HERALDO<\/b><\/p><p><a style=\"font-style: inherit; font-weight: inherit; background-color: #ffffff; font-family: -apple-system, BlinkMacSystemFont,;\" href=\"https:\/\/www.litoralpress.cl\/paginaconsultas\/Servicios_NClip\/Get_Imagen_Nota.aspx?LPKey=Y5SKFFTYLRVM67DH5JKDBE6GWAZKJBGYUE5V2GFXGW7ZXVWZVS5H7HBMUIPWV2ZZK2R5RR5QFI44M\" target=\"_blank\" rel=\"noopener\">UTalca abrir\u00e1 m\u00e1s de 2 mil vacantes para la Admisi\u00f3n 2022.<\/a><\/p><p>\u00a0<\/p><p><b>DIARIOELHERALDO.CL<\/b><\/p><p><a style=\"font-style: inherit; font-weight: inherit; background-color: #ffffff; font-family: -apple-system, BlinkMacSystemFont,;\" href=\"http:\/\/www.diarioelheraldo.cl\/noticia\/utalca-abrira-mas-de-2-mil-vacantes-para-la-admision-2022-\" target=\"_blank\" rel=\"noopener\">UTalca abrir\u00e1 m\u00e1s de 2 mil vacantes para la Admisi\u00f3n 2022.<\/a><\/p><p>\u00a0<\/p><p><b>ELMAULEINFORMA.CL<\/b><\/p><p><a style=\"font-style: inherit; font-weight: inherit; background-color: #ffffff; font-family: -apple-system, BlinkMacSystemFont,;\" href=\"https:\/\/elmauleinforma.cl\/utalca-abrira-mas-de-2-mil-vacantes-para-la-admision-2022\/\" target=\"_blank\" rel=\"noopener\">UTalca abrir\u00e1 m\u00e1s de 2 mil vacantes para la Admisi\u00f3n 2022. <\/a><\/p><p>\u00a0<\/p><p><b>LANOTICIA.CL\u00a0<\/b><\/p><p><a style=\"font-style: inherit; font-weight: inherit; background-color: #ffffff; font-family: -apple-system, BlinkMacSystemFont,;\" href=\"https:\/\/lanoticia.cl\/utalca-abrira-mas-de-2-mil-vacantes-para-la-admision-2022\/\" target=\"_blank\" rel=\"noopener\">UTalca abrir\u00e1 m\u00e1s de 2 mil vacantes para la Admisi\u00f3n 2022. <\/a><\/p><p>\u00a0<\/p><p><b>LA TERCERA\u00a0<\/b><\/p><p><a style=\"font-style: inherit; font-weight: inherit; background-color: #ffffff; font-family: -apple-system, BlinkMacSystemFont,;\" href=\"https:\/\/www.litoralpress.cl\/paginaconsultas\/Servicios_NClip\/Get_Imagen_Nota.aspx?LPKey=DZAZ7JNBSU6OI5HY57C54P7MXX2I4SNI4KQT7TDXLJGLOY75URFPYRU3P6YOGQRZP7S4OLWG3GKYY\" target=\"_blank\" rel=\"noopener\">Los 20 campus chilenos en el QS World. Se menciona a la UTalca.<\/a><\/p><p>\u00a0<\/p><p><b>LA TERCERA\u00a0<\/b><\/p><p><a style=\"font-style: inherit; font-weight: inherit; background-color: #ffffff; font-family: -apple-system, BlinkMacSystemFont,;\" href=\"https:\/\/www.litoralpress.cl\/paginaconsultas\/Servicios_NClip\/Get_Imagen_Nota.aspx?LPKey=YJ2YAJA6XNXCIOSMPHMDJEWH2G36W4JEXIUPYXJKLK4XO452WKS3IEZ2B7MZTI23R55IABWE47XUC\" target=\"_blank\" rel=\"noopener\">QS Lat Am: el club de las 40. Se menciona a la UTalca.<\/a><\/p><p>\u00a0<\/p><p><b>LA TERCERA<\/b><\/p><p><a style=\"font-style: inherit; font-weight: inherit; background-color: #ffffff; font-family: -apple-system, BlinkMacSystemFont,;\" href=\"https:\/\/www.litoralpress.cl\/paginaconsultas\/Servicios_NClip\/Get_Imagen_Pagina.aspx?LPKey=AT4Q3JKGGRZSFWJYZMTFFMJL6N5JOQ2J254VWT27OJTZ3NVQN7NA\" target=\"_blank\" rel=\"noopener\">THE-CHL: El auge de las privadas. Se menciona a la UTalca. <\/a><\/p><p>\u00a0<\/p><p><b>LA TERCERA\u00a0<\/b><\/p><p><a style=\"font-style: inherit; font-weight: inherit; background-color: #ffffff; font-family: -apple-system, BlinkMacSystemFont,;\" href=\"https:\/\/www.litoralpress.cl\/paginaconsultas\/Servicios_NClip\/Get_Imagen_Pagina.aspx?LPKey=7GYU5HQIBLK5FOREUQPU77XNSUBBUBGVNOAVPQ6RLGB7XLSVFJVA\" target=\"_blank\" rel=\"noopener\">Las mejores 28 chilenas en el THE Latam. Se menciona a la UTalca. <\/a><\/p><p>\u00a0<\/p><p><b>RADIO ADN\u00a0<\/b><\/p><p><a style=\"font-style: inherit; font-weight: inherit; background-color: #ffffff; font-family: -apple-system, BlinkMacSystemFont,;\" href=\"https:\/\/www.litoralpress.cl\/sitio\/RadioTV_Detalles.cshtml?LPKey=DT7VGNOZ3WUHZQWHBAHI6OWVSLK3BJYQMFQNNR2DCIAL64LIAKVA\" target=\"_blank\" rel=\"noopener\">Existe preocupaci\u00f3n por la propagaci\u00f3n del Coronavirus en las festividades patrias. Se refiere Marcela Mar\u00edn, acad\u00e9mica del Departamento de Salud P\u00fablica de la UTalca.<\/a><\/p><p>\u00a0<\/p><p><b>RADIO ADN\u00a0<\/b><\/p><p><a style=\"font-style: inherit; font-weight: inherit; background-color: #ffffff; font-family: -apple-system, BlinkMacSystemFont,;\" href=\"https:\/\/www.litoralpress.cl\/sitio\/RadioTV_Detalles.cshtml?LPKey=OM35M2OXNHXJSKPE7HXMIAPRUHXACLDKY3UWGBWO6HJMCCHHNE5A\" target=\"_blank\" rel=\"noopener\">Se teme un posible rebrote COVID luego de las celebraciones de fiestas patrias. Se refiere Marcela Mar\u00edn, acad\u00e9mica del Departamento de Salud P\u00fablica de la UTalca.<\/a><\/p><p>\u00a0<\/p><p><b>ELMOSTRADOR.CL\u00a0<\/b><\/p><p><a style=\"font-style: inherit; font-weight: inherit; background-color: #ffffff; font-family: -apple-system, BlinkMacSystemFont,;\" href=\"https:\/\/www.elmostrador.cl\/agenda-pais\/2021\/09\/10\/cambio-climatico-bosques-de-cipreses-en-riesgo-por-insectos-e-inminentes-incendios\/\" target=\"_blank\" rel=\"noopener\">Cambio clim\u00e1tico: bosques de cipreses en riesgo por insectos e inminentes incendios. Se refiere Claudio Ram\u00edrez, acad\u00e9mico del Instituto de Ciencias Biol\u00f3gicas de la UTalca.<\/a><\/p><p>\u00a0<\/p><p><b>RADIO COOPERATIVA<\/b><\/p><p><a style=\"font-style: inherit; font-weight: inherit; background-color: #ffffff; font-family: -apple-system, BlinkMacSystemFont,;\" href=\"https:\/\/www.litoralpress.cl\/sitio\/RadioTV_Detalles.cshtml?LPKey=WXBED6RLYOMVORZPGX4IAG2KHEWTJBOAYJ6BGQJRMDAEMEO3Y6JA\" target=\"_blank\" rel=\"noopener\">Presidente Pi\u00f1era anunci\u00f3 un acuerdo de colaboraci\u00f3n con la U. de Oxford para realizar la secuenciaci\u00f3n del COVID-19. Se refiere Daniel Jim\u00e9nez, director de Salud del Estudiante de la UTalca. <\/a><\/p><p>\u00a0<\/p><p><b>RADIO COOPERATIVA<\/b><\/p><p><a style=\"font-style: inherit; font-weight: inherit; background-color: #ffffff; font-family: -apple-system, BlinkMacSystemFont,;\" href=\"https:\/\/www.litoralpress.cl\/sitio\/RadioTV_Detalles.cshtml?LPKey=V76DUB5IQF3YMJAW2QA5DKO4ZIMARORNTT5FH6PNPT6JRDAJFZ3A\" target=\"_blank\" rel=\"noopener\">Ministerio de Salud report\u00f3 489 casos nuevos y 23 fallecidos por COVID- 19 en 24 horas. Se refiere Daniel Jim\u00e9nez, director de Salud del Estudiante de la UTalca. <\/a><\/p><p>\u00a0<\/p><p><b>RADIO ADN<\/b><\/p><p><a style=\"font-style: inherit; font-weight: inherit; background-color: #ffffff; font-family: -apple-system, BlinkMacSystemFont,;\" href=\"https:\/\/www.litoralpress.cl\/sitio\/RadioTV_Detalles.cshtml?LPKey=STJA76STWUZOASSNUDQ466ASNXVZDNKUYXTN3DHXDKGGVGLZZ4MQ\" target=\"_blank\" rel=\"noopener\">Reporte de la pandemia: 449 nuevos contagios y 31 fallecidos por COVID-19. Se refiere Daniel Jim\u00e9nez, director de Salud del Estudiante de la UTalca.<\/a><\/p><p>\u00a0<\/p><p><b>LINARESENLINEA.CL\u00a0<\/b><\/p><p><a style=\"font-style: inherit; font-weight: inherit; background-color: #ffffff; font-family: -apple-system, BlinkMacSystemFont,;\" href=\"https:\/\/www.linaresenlinea.cl\/2021\/09\/17\/epidemiologos-entregan-recomendaciones-para-evitar-contagios-de-covid-19-durante-fiestas-patrias\/\" target=\"_blank\" rel=\"noopener\">Epidemi\u00f3logos entregan recomendaciones para evitar contagios de COVID-19 durante Fiestas Patrias. Se refieren Erika Retamal, directora de Salud P\u00fablica; Daniel Jim\u00e9nez, director de Salud del Estudiante, y Marcela Mar\u00edn, acad\u00e9mica de la Facultad de Ciencias de la Salud de la UTalca. <\/a><\/p><p>\u00a0<\/p><p><b>ATENTOS.CL\u00a0<\/b><\/p><p><a style=\"font-style: inherit; font-weight: inherit; background-color: #ffffff; font-family: -apple-system, BlinkMacSystemFont,;\" href=\"https:\/\/www.atentos.cl\/epidemiologos-entregan-recomendaciones-para-evitar-contagios-de-covid-19-durante-fiestas-patrias\/\" target=\"_blank\" rel=\"noopener\">Epidemi\u00f3logos entregan recomendaciones para evitar contagios de COVID-19 durante Fiestas Patrias. Se refieren Erika Retamal, directora de Salud P\u00fablica; Daniel Jim\u00e9nez, director de Salud del Estudiante, y Marcela Mar\u00edn, acad\u00e9mica de la Facultad de Ciencias de la Salud de la UTalca. <\/a><\/p><p>\u00a0<\/p><p><b>MERIDIONALRADIO.CL\u00a0<\/b><\/p><p><a style=\"font-style: inherit; font-weight: inherit; background-color: #ffffff; font-family: -apple-system, BlinkMacSystemFont,;\" href=\"https:\/\/www.litoralpress.cl\/sitio\/RadioTV_Detalles.cshtml?LPKey=J3GC3FOKUBYYLGVOK46NCZQZ3FUWGLMAWNIWECWZUTF34Q2ZB6AA\" target=\"_blank\" rel=\"noopener\">Entrevista a Marcelo Alarc\u00f3n, doctor en biolog\u00eda molecular y celular y acad\u00e9mico de la UTalca.<\/a><\/p><p>\u00a0<\/p><p><b>LANOTICIA.CL\u00a0<\/b><\/p><p><a style=\"font-style: inherit; font-weight: inherit; background-color: #ffffff; font-family: -apple-system, BlinkMacSystemFont,;\" href=\"https:\/\/lanoticia.cl\/vacunacion-de-ninos-ayudaria-a-disminuir-surgimiento-de-nuevas-variantes-de-covid-19\/\" target=\"_blank\" rel=\"noopener\">Vacunaci\u00f3n de ni\u00f1os ayudar\u00eda a disminuir surgimiento de nuevas variantes de COVID-19. Se refiere Erika Retamal, directora de Salud P\u00fablica de la UTalca.<\/a><\/p><p>\u00a0<\/p><p><b>LINARESENLINEA.CL\u00a0<\/b><\/p><p><a style=\"font-style: inherit; font-weight: inherit; background-color: #ffffff; font-family: -apple-system, BlinkMacSystemFont,;\" href=\"https:\/\/www.linaresenlinea.cl\/2021\/09\/17\/investigadores-utalca-transforman-desechos-mineros-en-espuma-de-vidrio\/\" target=\"_blank\" rel=\"noopener\">Investigadores UTalca transforman desechos mineros en espuma de vidrio.<\/a><\/p><p>\u00a0<\/p><p><b>LAS \u00daLTIMAS NOTICIAS<\/b><\/p><p><a style=\"font-style: inherit; font-weight: inherit; background-color: #ffffff; font-family: -apple-system, BlinkMacSystemFont,;\" href=\"https:\/\/www.litoralpress.cl\/paginaconsultas\/Servicios_NClip\/Get_Imagen_Nota.aspx?LPKey=IMLKTZBT7DVNA2UCLHSRC6V7RZLIOKH3UBYYKKMJYZE4DQROT6QMT5YEI5SSPATFWDVLRHNZWOSVS\" target=\"_blank\" rel=\"noopener\">Sistema frontal trae lluvias, marejadas y amenaza a frutales. Se refiere Patricio Gonz\u00e1lez, agroclimat\u00f3logo de la UTalca. <\/a><\/p><p>\u00a0<\/p><p><b>LAS \u00daLTIMAS NOTICIAS\u00a0<\/b><\/p><p><a style=\"font-style: inherit; font-weight: inherit; background-color: #ffffff; font-family: -apple-system, BlinkMacSystemFont,;\" href=\"https:\/\/www.litoralpress.cl\/paginaconsultas\/Servicios_NClip\/Get_Imagen_Nota.aspx?LPKey=GK7KMFAPATJAPST53SHI7FLKNVYEBMRO4OWQKKGR5UNEX2ML53S6SE37RRIQOARABWEEIT2OSVNZY\" target=\"_blank\" rel=\"noopener\">Segunda edici\u00f3n: Sistema frontal trae lluvias, marejadas y amenaza a frutales. Se refiere Patricio Gonz\u00e1lez, agroclimat\u00f3logo de la UTalca. <\/a><\/p><p>\u00a0<\/p><p><b>DIARIOTALCA.CL<\/b><\/p><p><a style=\"font-style: inherit; font-weight: inherit; background-color: #ffffff; font-family: -apple-system, BlinkMacSystemFont,;\" href=\"https:\/\/www.litoralpress.cl\/paginaconsultas\/Documentos\/Get_Imagen.aspx?lpkey=LDR5PYJLECAO6SN4GJCAEK3AQDLEBNRZMIXWYDYHL34EDE32PG6OZEBXQVXU2QH5BKPYS5FAVN2F4\" target=\"_blank\" rel=\"noopener\">Sistema frontal oblig\u00f3 el cierre del paso Pehuenche y podr\u00eda afectar la producci\u00f3n frut\u00edcola. Se refiere Patricio Gonz\u00e1lez, agroclimat\u00f3logo de la UTalca.<\/a><\/p><p>\u00a0<\/p><p><b>LA PRENSA<\/b><\/p><p><a style=\"font-style: inherit; font-weight: inherit; background-color: #ffffff; font-family: -apple-system, BlinkMacSystemFont,;\" href=\"https:\/\/www.litoralpress.cl\/paginaconsultas\/Servicios_NClip\/Get_Imagen_Nota.aspx?LPKey=OUBIHA2GE32LVTBEK7LK3K7X4H7JHK4N52KOUQHSV4EIA6T6IE6JSANK7XRFD4RTHOX3TYWYFVZZE\" target=\"_blank\" rel=\"noopener\">Advierten que sistema frontal podr\u00eda afectar la producci\u00f3n frut\u00edcola. Se refiere Patricio Gonz\u00e1lez, agroclimat\u00f3logo de la UTalca.<\/a><\/p><p>\u00a0<\/p><p><b>DIARIOLAPRENSA.CL\u00a0<\/b><\/p><p><a style=\"font-style: inherit; font-weight: inherit; background-color: #ffffff; font-family: -apple-system, BlinkMacSystemFont,;\" href=\"https:\/\/new.diariolaprensa.cl\/index.php\/2021\/09\/11\/advierten-que-sistema-frontal-podria-afectar-la-produccion-fruticola\/\" target=\"_blank\" rel=\"noopener\">Advierten que sistema frontal podr\u00eda afectar la producci\u00f3n frut\u00edcola. Se refiere Patricio Gonz\u00e1lez, agroclimat\u00f3logo de la UTalca. <\/a><\/p><p>\u00a0<\/p><p><b>RADIO BIOB\u00cdO (Valpara\u00edso)<\/b><\/p><p><a style=\"font-style: inherit; font-weight: inherit; background-color: #ffffff; font-family: -apple-system, BlinkMacSystemFont,;\" href=\"https:\/\/www.litoralpress.cl\/sitio\/RadioTV_Detalles.cshtml?LPKey=HM2PKNXD73VLEMWUWLD6VRVPSCBFCKDRQ3G475HFSSZ4RQ5CNU3A\" target=\"_blank\" rel=\"noopener\">Se esperan lluvias en Valpara\u00edso. Se refiere Patricio Gonz\u00e1lez, agroclimat\u00f3logo de la UTalca.<\/a><\/p><p>\u00a0<\/p><p><b>CANAL CONTIVISI\u00d3N\u00a0<\/b><\/p><p><a style=\"font-style: inherit; font-weight: inherit; background-color: #ffffff; font-family: -apple-system, BlinkMacSystemFont,;\" href=\"https:\/\/www.litoralpress.cl\/sitio\/RadioTV_Detalles.cshtml?LPKey=OHU5WDLMJGL4I55TH326WDPPXWB4JWLAGE5VPFRWFSAZZTSPDQHQ\" target=\"_blank\" rel=\"noopener\">Talca: Vuelve la lluvia y vientos al Maule. Se refiere Patricio Gonz\u00e1lez, agroclimat\u00f3logo de la UTalca. <\/a><\/p><p>\u00a0<\/p><p><b>EL LECTOR<\/b><\/p><p><a style=\"font-style: inherit; font-weight: inherit; background-color: #ffffff; font-family: -apple-system, BlinkMacSystemFont,;\" href=\"https:\/\/www.litoralpress.cl\/paginaconsultas\/Servicios_NClip\/Get_Imagen_Nota.aspx?LPKey=RJ2REI2MEI3LJKYDH2OIU6C54KRXN3CSKQR7HUHQ6ZCNT3UKK3G42EGI7SJHJGR6FGSVGNDDH2XFS\" target=\"_blank\" rel=\"noopener\">Sistema frontal podr\u00eda afectar producci\u00f3n frut\u00edcola de la zona central. Se refiere Patricio Gonz\u00e1lez, agroclimat\u00f3logo de la UTalca.<\/a><\/p><p>\u00a0<\/p><p><b>ATENTOS.CL\u00a0<\/b><\/p><p><a style=\"font-style: inherit; font-weight: inherit; background-color: #ffffff; font-family: -apple-system, BlinkMacSystemFont,;\" href=\"https:\/\/www.atentos.cl\/sistema-frontal-advierten-danos-en-produccion-fruticola-regional-y-decretan-alerta-temprana-preventiva\/\" target=\"_blank\" rel=\"noopener\">Sistema frontal: Advierten da\u00f1os en producci\u00f3n frut\u00edcola regional y decretan alerta temprana preventiva. Se refiere Patricio Gonz\u00e1lez, agroclimat\u00f3logo de la UTalca.<\/a><\/p><p>\u00a0<\/p><p><b>LANOTICIA.CL\u00a0<\/b><\/p><p><a style=\"font-style: inherit; font-weight: inherit; background-color: #ffffff; font-family: -apple-system, BlinkMacSystemFont,;\" href=\"https:\/\/lanoticia.cl\/sistema-frontal-podria-afectar-produccion-fruticola-de-la-zona-central\/\" target=\"_blank\" rel=\"noopener\">Sistema frontal podr\u00eda afectar producci\u00f3n frut\u00edcola de la zona central. Se refiere Patricio Gonz\u00e1lez, agroclimat\u00f3logo de la UTalca.<\/a><\/p><p>\u00a0<\/p><p><b>CANAL ANTOFAGASTA TELEVISI\u00d3N\u00a0<\/b><\/p><p><a style=\"font-style: inherit; font-weight: inherit; background-color: #ffffff; font-family: -apple-system, BlinkMacSystemFont,;\" href=\"https:\/\/www.litoralpress.cl\/sitio\/RadioTV_Detalles.cshtml?LPKey=O3OUMEWFR35U4EZW4QYL7SV4HCPZPTRWEFVAEQF6U3D2UM6F7RNA\" target=\"_blank\" rel=\"noopener\">Vuelven las precipitaciones a la regi\u00f3n del Maule. Se refiere Patricio Gonz\u00e1lez, agroclimat\u00f3logo de la UTalca.<\/a><\/p><p>\u00a0<\/p><p><b>VGRAFICO.CL<\/b><\/p><p><a style=\"font-style: inherit; font-weight: inherit; background-color: #ffffff; font-family: -apple-system, BlinkMacSystemFont,;\" href=\"https:\/\/vgrafico.cl\/2021\/09\/11\/maulesur-2\/\" target=\"_blank\" rel=\"noopener\">Sistema frontal de este fin de semana podr\u00eda afectar producci\u00f3n frut\u00edcola de la zona central. Se refiere Patricio Gonz\u00e1lez, agroclimat\u00f3logo de la UTalca. <\/a><\/p><p>\u00a0<\/p><p><b>LAS \u00daLTIMAS NOTICIAS<\/b><\/p><p><a style=\"font-style: inherit; font-weight: inherit; background-color: #ffffff; font-family: -apple-system, BlinkMacSystemFont,;\" href=\"https:\/\/www.litoralpress.cl\/paginaconsultas\/Servicios_NClip\/Get_Imagen_Nota.aspx?LPKey=PXPQBGTOPUUMBPO5L6ZHHPNFQBV7XKFOPRF7SLGOEIGV7ORG7CTE4UJQSRZLGA47H4JISAG46NJKI\" target=\"_blank\" rel=\"noopener\">CENS firma convenio con Asilfa. Se menciona a la UTalca. <\/a><\/p><p>\u00a0<\/p><p><b>CANAL CONTIVISI\u00d3N<\/b><\/p><p><a style=\"font-style: inherit; font-weight: inherit; background-color: #ffffff; font-family: -apple-system, BlinkMacSystemFont,;\" href=\"https:\/\/www.litoralpress.cl\/sitio\/RadioTV_Detalles.cshtml?LPKey=FOZFVPND7AOBBMUM7QUP5WRPYQWAFVW3RYSXA6WEDCS7V5VWCHJA\" target=\"_blank\" rel=\"noopener\">Proyecto de t\u00edtulo de egresado de Arquitectura de la Universidad de Talca recibi\u00f3 reconocimiento.<\/a><\/p><p>\u00a0<\/p><p><b>ADPRENSA.CL\u00a0<\/b><\/p><p><a style=\"font-style: inherit; font-weight: inherit; background-color: #ffffff; font-family: -apple-system, BlinkMacSystemFont,;\" href=\"https:\/\/www.adprensa.cl\/cronica\/doctorado-en-ciencias-biomedicas-de-la-utalca-recibio-5-anos-de-acreditacion\/\" target=\"_blank\" rel=\"noopener\">Doctorado en Ciencias Biom\u00e9dicas de la UTalca recibi\u00f3 5 a\u00f1os de acreditaci\u00f3n.<\/a><\/p><p>\u00a0<\/p><p><b>CHILLANONLINE.CL<\/b><\/p><p><a style=\"font-style: inherit; font-weight: inherit; background-color: #ffffff; font-family: -apple-system, BlinkMacSystemFont,;\" href=\"https:\/\/www.chillanonline.cl\/V5\/doctorado-en-ciencias-biomedicas-de-la-utalca-recibio-5-anos-de-acreditacion\/\" target=\"_blank\" rel=\"noopener\">Doctorado en Ciencias Biom\u00e9dicas de la UTalca recibi\u00f3 5 a\u00f1os de acreditaci\u00f3n.<\/a><\/p><p>\u00a0<\/p><p><b>EL HERALDO<\/b><\/p><p><a style=\"font-style: inherit; font-weight: inherit; background-color: #ffffff; font-family: -apple-system, BlinkMacSystemFont,;\" href=\"https:\/\/www.litoralpress.cl\/paginaconsultas\/Servicios_NClip\/Get_Imagen_Nota.aspx?LPKey=KG2QDZVDBYT5BOO6MCHMB6MIJ3HOXOGJOV5PXMREIQAVWGF7X24GIXWAGWAJKLGCVUJDLKRYPVPQM\" target=\"_blank\" rel=\"noopener\">Pandemia: Entregan para salud mental de personas mayores. Se refiere Nadia Ramos, acad\u00e9mica de la Facultad de Psicolog\u00eda de la UTalca.<\/a><\/p><p>\u00a0<\/p><p><b>G5NOTICIAS.CL<\/b><\/p><p><a style=\"font-style: inherit; font-weight: inherit; background-color: #ffffff; font-family: -apple-system, BlinkMacSystemFont,;\" href=\"https:\/\/g5noticias.cl\/2021\/09\/12\/pandemia-entregan-recomendaciones-para-salud-mental-de-personas-mayores\/\" target=\"_blank\" rel=\"noopener\">Pandemia: Entregan recomendaciones para salud mental de personas mayores. Se refiere Nadia Ramos, acad\u00e9mica de la Facultad de Psicolog\u00eda de la UTalca.<\/a><\/p><p>\u00a0<\/p><p><b>RADIOPOLAR.COM\u00a0<\/b><\/p><p><a style=\"font-style: inherit; font-weight: inherit; background-color: #ffffff; font-family: -apple-system, BlinkMacSystemFont,;\" href=\"http:\/\/radiopolar.com\/noticia_169865.html\" target=\"_blank\" rel=\"noopener\">Pandemia: Entregan recomendaciones para salud mental de personas mayores. Se refiere Nadia Ramos, acad\u00e9mica de la Facultad de Psicolog\u00eda de la UTalca.<\/a><\/p><p>\u00a0<\/p><p><b>EL HERALDO<\/b><\/p><p><a style=\"font-style: inherit; font-weight: inherit; background-color: #ffffff; font-family: -apple-system, BlinkMacSystemFont,;\" href=\"https:\/\/www.litoralpress.cl\/paginaconsultas\/Servicios_NClip\/Get_Imagen_Nota.aspx?LPKey=ZBCKONE4R6QN5XK5K3TZIGTNGHECIEPPMLTHUKHACPTUTLPC3DD5KA4VH34L37FBEDA77BA6FDXUC\" target=\"_blank\" rel=\"noopener\">Alfalfa: la forrajera tolerante a la sequ\u00eda. Se refiere Alejandro del Pozo, acad\u00e9mico de la Facultad de Ciencias Agrarias de la UTalca. <\/a><\/p><p>\u00a0<\/p><p><b>DIARIOELHERALDO.CL<\/b><\/p><p><a style=\"font-style: inherit; font-weight: inherit; background-color: #ffffff; font-family: -apple-system, BlinkMacSystemFont,;\" href=\"http:\/\/www.diarioelheraldo.cl\/noticia\/alfalfa-la-forrajera-tolerante-a-la-sequia\" target=\"_blank\" rel=\"noopener\">Alfalfa: la forrajera tolerante a la sequ\u00eda. Se refiere Alejandro del Pozo, acad\u00e9mico de la Facultad de Ciencias Agrarias de la UTalca. <\/a><\/p><p>\u00a0<\/p><p><b>MUSICAYNOTICIAS.CL\u00a0<\/b><\/p><p><a style=\"font-style: inherit; font-weight: inherit; background-color: #ffffff; font-family: -apple-system, BlinkMacSystemFont,;\" href=\"https:\/\/www.musicaynoticias.cl\/talca\/proyectan-primer-centro-de-esqui-para-la-region-del-maule\" target=\"_blank\" rel=\"noopener\">Proyectan primer centro de esqu\u00ed para la regi\u00f3n del Maule. Se menciona a Basti\u00e1n Cisternas, estudiante de Ingenier\u00eda Industrial de la UTalca. <\/a><\/p><p>\u00a0<\/p><p><b>CANAL 13<\/b><\/p><p><a style=\"font-style: inherit; font-weight: inherit; background-color: #ffffff; font-family: -apple-system, BlinkMacSystemFont,;\" href=\"https:\/\/www.litoralpress.cl\/sitio\/RadioTV_Detalles.cshtml?LPKey=CJSIR2AMY7IHGNDRJ42X6OMOHCSHFW53QARBJRNPKOIL2PIXENXA\" target=\"_blank\" rel=\"noopener\">Entrevista a Mauricio Morales, directora del Centro de An\u00e1lisis Pol\u00edtico (CAP) de la UTalca.<\/a><\/p><p>\u00a0<\/p><p><b>CANAL 24 HORAS\u00a0<\/b><\/p><p><a style=\"font-style: inherit; font-weight: inherit; background-color: #ffffff; font-family: -apple-system, BlinkMacSystemFont,;\" href=\"https:\/\/www.litoralpress.cl\/sitio\/RadioTV_Detalles.cshtml?LPKey=TBOUXMH2OGIGBXKTOFPDGEZYYIVQALXQPNRGOSCEJNWNHDKID7YQ\" target=\"_blank\" rel=\"noopener\">Entrevista a Mario Herrera, acad\u00e9mico del Centro de An\u00e1lisis Pol\u00edtico (CAP) de la UTalca.<\/a><\/p><p>\u00a0<\/p><p><b>CANAL MEGA PLUS<\/b><\/p><p><a style=\"font-style: inherit; font-weight: inherit; background-color: #ffffff; font-family: -apple-system, BlinkMacSystemFont,;\" href=\"https:\/\/www.litoralpress.cl\/sitio\/RadioTV_Detalles.cshtml?LPKey=5EFYZQZG3GRNPEYEDPOYRZL6VW46DAJ6RTRFPI6CJKAPU2FYNRYA\" target=\"_blank\" rel=\"noopener\">Entrevista a Mauricio Morales, directora del Centro de An\u00e1lisis Pol\u00edtico (CAP) de la UTalca.<\/a><\/p><p>\u00a0<\/p><p><b>RADIO ADN<\/b><\/p><p><a style=\"font-style: inherit; font-weight: inherit; background-color: #ffffff; font-family: -apple-system, BlinkMacSystemFont,;\" href=\"https:\/\/www.litoralpress.cl\/sitio\/RadioTV_Detalles.cshtml?LPKey=DEBFN7WR3RSNQZAO5RRF4G5BSR54ECN363WLQ7IDDDS5FXTVL63A\" target=\"_blank\" rel=\"noopener\">Entrevista a Mauricio Morales, directora del Centro de An\u00e1lisis Pol\u00edtico (CAP) de la UTalca.<\/a><\/p><p>\u00a0<\/p><p><b>RADIO ADN\u00a0<\/b><\/p><p><a style=\"font-style: inherit; font-weight: inherit; background-color: #ffffff; font-family: -apple-system, BlinkMacSystemFont,;\" href=\"https:\/\/www.litoralpress.cl\/sitio\/RadioTV_Detalles.cshtml?LPKey=KJCRDPO5YUNUXLQPAMUOAC3K5KPFYTHVBG6JFW2TGVG6OSPJ2RIQ\" target=\"_blank\" rel=\"noopener\">Encuesta CEP: La situaci\u00f3n de los candidatos presidenciales. Se refiere Mauricio Morales, directora del Centro de An\u00e1lisis Pol\u00edtico (CAP) de la UTalca. <\/a><\/p><p>\u00a0<\/p><p><b>RADIO ADN<\/b><\/p><p><a style=\"font-style: inherit; font-weight: inherit; background-color: #ffffff; font-family: -apple-system, BlinkMacSystemFont,;\" href=\"https:\/\/www.litoralpress.cl\/sitio\/RadioTV_Detalles.cshtml?LPKey=EM3FOJV5DFL6BE4V67QGTHZ5766RFVROXLGKOEJGOLNRZSDVQYLQ\" target=\"_blank\" rel=\"noopener\">Encuesta CEP: El 65% de los chilenos no sabe por qui\u00e9n va a votar en las elecciones presidenciales. Se refiere Mauricio Morales, directora del Centro de An\u00e1lisis Pol\u00edtico (CAP) de la UTalca. <\/a><\/p><p>\u00a0<\/p><p><b>RADIO OASIS<\/b><\/p><p><a style=\"font-style: inherit; font-weight: inherit; background-color: #ffffff; font-family: -apple-system, BlinkMacSystemFont,;\" href=\"https:\/\/www.litoralpress.cl\/sitio\/RadioTV_Detalles.cshtml?LPKey=XJL2FVAWRG2SFSXXRCO5PJ4JH4QXQSYPEVGZ2EYXQKLJWKH5QYQQ\" target=\"_blank\" rel=\"noopener\">Entrevista a Mauricio Morales, directora del Centro de An\u00e1lisis Pol\u00edtico (CAP) de la UTalca.<\/a><\/p><p>\u00a0<\/p><p><b>EMOL.COM<\/b><\/p><p><a style=\"font-style: inherit; font-weight: inherit; background-color: #ffffff; font-family: -apple-system, BlinkMacSystemFont,;\" href=\"https:\/\/www.emol.com\/noticias\/Nacional\/2021\/09\/15\/1032751\/encuesta-cep-analisis-valoracion-instituciones.html\" target=\"_blank\" rel=\"noopener\">Alza en valoraci\u00f3n de instituciones post 18-O: Expertos apuntan a &#8220;normalizaci\u00f3n&#8221; de confianzas. Se refiere Mauricio Morales, director del Centro de An\u00e1lisis Pol\u00edtico (CAP) de la UTalca.<\/a><\/p><p>\u00a0<\/p><p><b>24HORAS.CL<\/b><\/p><p><a style=\"font-style: inherit; font-weight: inherit; background-color: #ffffff; font-family: -apple-system, BlinkMacSystemFont,;\" href=\"https:\/\/www.24horas.cl\/programas\/entrevistas\/mauricio-morales-y-resultados-de-encuesta-cep-denota-la-debilidad-general-que-tienen-todas-las-candidaturas-4972832\" target=\"_blank\" rel=\"noopener\">Mauricio Morales y resultados de encuesta CEP: &#8220;Denota la debilidad general que tienen todas las candidaturas&#8221;.<\/a><\/p><p>\u00a0<\/p><p><b>CNNCHILE.CL<\/b><\/p><p><a style=\"font-style: inherit; font-weight: inherit; background-color: #ffffff; font-family: -apple-system, BlinkMacSystemFont,;\" href=\"https:\/\/www.cnnchile.com\/lodijeronencnn\/mauricio-morales-division-voto-derecha-facilitar-segunda-vuelta-boric-provoste_20210915\/\" target=\"_blank\" rel=\"noopener\">Mauricio Morales y la divisi\u00f3n del voto de centro derecha: \u201cPodr\u00eda facilitar una segunda vuelta entre Boric y Provoste\u201d.<\/a><\/p><p>\u00a0<\/p><p><b>THECLINIC.CL\u00a0<\/b><\/p><p><a style=\"font-style: inherit; font-weight: inherit; background-color: #ffffff; font-family: -apple-system, BlinkMacSystemFont,;\" href=\"https:\/\/www.theclinic.cl\/2021\/09\/15\/el-botin-que-revelo-la-cep-que-haran-los-candidatos-para-atraer-al-codiciado-centro-politico\/\" target=\"_blank\" rel=\"noopener\">El bot\u00edn que revel\u00f3 la CEP: \u00bfQu\u00e9 har\u00e1n los candidatos para atraer al codiciado centro pol\u00edtico? Se refiere Mauricio Morales, director del Centro de An\u00e1lisis Pol\u00edtico (CAP) de la UTalca. <\/a><\/p><p>\u00a0<\/p><p><b>THECLINIC.CL<\/b><\/p><p><a style=\"font-style: inherit; font-weight: inherit; background-color: #ffffff; font-family: -apple-system, BlinkMacSystemFont,;\" href=\"https:\/\/www.theclinic.cl\/2021\/09\/15\/una-alerta-de-humildad-a-la-convencion-las-razones-por-las-que-se-valoran-los-acuerdos-en-la-convencion-segun-la-encuesta-cep\/\" target=\"_blank\" rel=\"noopener\">\u201cUna alerta de humildad a la Convenci\u00f3n\u201d: Las razones por las que se valoran los acuerdos en la Convenci\u00f3n, seg\u00fan la encuesta CEP. Se refiere Mauricio Morales, director del Centro de An\u00e1lisis Pol\u00edtico (CAP) de la UTalca. <\/a><\/p><p>\u00a0<\/p><p><b>LA SEGUNDA\u00a0<\/b><\/p><p><a style=\"font-style: inherit; font-weight: inherit; background-color: #ffffff; font-family: -apple-system, BlinkMacSystemFont,;\" href=\"https:\/\/www.litoralpress.cl\/sitio\/Prensa_PaginaCompleta.cshtml?LPKey=ORULVY27DTL3EVH4ADBWPFA224I2LMKODQXFWS3O2Y4FQTCFUIDA\" target=\"_blank\" rel=\"noopener\">Las dificultades de la propuesta previsional de Provoste. Se refiere Mauricio Morales, director del Centro de An\u00e1lisis Pol\u00edtico (CAP) de la UTalca. <\/a><\/p><p>\u00a0<\/p><p><b>RADIO UNIVERSIDAD DE CHILE\u00a0<\/b><\/p><p><a style=\"font-style: inherit; font-weight: inherit; background-color: #ffffff; font-family: -apple-system, BlinkMacSystemFont,;\" href=\"https:\/\/www.litoralpress.cl\/sitio\/RadioTV_Detalles.cshtml?LPKey=4NHDA34K3CLHPI6TX2DK47VTISXFTO3BG2Z5N53OW4QEQK6K2QMA\" target=\"_blank\" rel=\"noopener\">Las razones tras la controvertida estrategia de Sebasti\u00e1n Sichel. Se refiere Mauricio Morales, director del Centro de An\u00e1lisis Pol\u00edtico (CAP) de la UTalca. <\/a><\/p><p>\u00a0<\/p><p><b>THECLINIC.CL<\/b><\/p><p><a style=\"font-style: inherit; font-weight: inherit; background-color: #ffffff; font-family: -apple-system, BlinkMacSystemFont,;\" href=\"https:\/\/www.theclinic.cl\/2021\/09\/10\/liderazgos-bajo-el-fuego-amigo-analisis-al-juego-off-side-de-boric-sichel-y-loncon\/\" target=\"_blank\" rel=\"noopener\">Liderazgos bajo el fuego amigo: an\u00e1lisis al juego \u201coff side\u201d de Boric, Sichel y Lonc\u00f3n. Se refiere Mauricio Morales, director del Centro de An\u00e1lisis Pol\u00edtico (CAP) de la UTalca. <\/a><\/p><p>\u00a0<\/p><p><b>BLOOMBERGLINEA.CL\u00a0<\/b><\/p><p><a style=\"font-style: inherit; font-weight: inherit; background-color: #ffffff; font-family: -apple-system, BlinkMacSystemFont,;\" href=\"https:\/\/www.bloomberglinea.cl\/2021\/09\/09\/retiro-de-pensiones-en-chile-enfrenta-a-candidato-de-centroderecha-con-aliados\/\" target=\"_blank\" rel=\"noopener\">Retiro de pensiones en Chile enfrenta a candidato de centroderecha con aliados. Se refiere Mauricio Morales, director del Centro de An\u00e1lisis Pol\u00edtico (CAP) de la UTalca.<\/a><\/p><p>\u00a0<\/p><p><b>DIARIO LA PRENSA<\/b><\/p><p><a style=\"font-style: inherit; font-weight: inherit; background-color: #ffffff; font-family: -apple-system, BlinkMacSystemFont,;\" href=\"https:\/\/www.litoralpress.cl\/paginaconsultas\/Servicios_NClip\/Get_Imagen_Nota.aspx?LPKey=XOTOUZQEYMYHTOO4LW46UPHN6F7CW32I2RNMFZ5V66N4XNN3SFTUDSOM7BK5EIVXL7LGHTJ6KTQTW\" target=\"_blank\" rel=\"noopener\">Con homenaje al Conjunto Aquelarre se inaugur\u00f3 Fiesta de la Chilenidad Virtual. Se menciona a la UTalca. <\/a><\/p><p>\u00a0<\/p><p><b>DIARIOLAPRENSA.CL\u00a0<\/b><\/p><p><a style=\"font-style: inherit; font-weight: inherit; background-color: #ffffff; font-family: -apple-system, BlinkMacSystemFont,;\" href=\"https:\/\/new.diariolaprensa.cl\/index.php\/2021\/09\/11\/con-homenaje-al-conjunto-aquelarre-se-inauguro-fiesta-de-la-chilenidad-virtual\/\" target=\"_blank\" rel=\"noopener\">Con homenaje al Conjunto Aquelarre se inaugur\u00f3 Fiesta de la Chilenidad Virtual. Se menciona a la UTalca.<\/a><\/p><p>\u00a0<\/p><p><b>LA DISCUSI\u00d3N\u00a0<\/b><\/p><p><a style=\"font-style: inherit; font-weight: inherit; background-color: #ffffff; font-family: -apple-system, BlinkMacSystemFont,;\" href=\"https:\/\/www.litoralpress.cl\/paginaconsultas\/Servicios_NClip\/Get_Imagen_Nota.aspx?LPKey=5PF2TBYI2I7YTVNQDFUXKL6FYROGJMLHVQGDVFAKFWL45XWL2IHFMVOXLC2CBHF5P75OEGTOU3V5G\" target=\"_blank\" rel=\"noopener\">Escuela de Espectadores convoca a taller sobre cr\u00edtica de cine junto a destacados expertos. Se menciona a la UTalca. <\/a><\/p><p>\u00a0<\/p><p><b>LADISCUSION.CL\u00a0<\/b><\/p><p><a style=\"font-style: inherit; font-weight: inherit; background-color: #ffffff; font-family: -apple-system, BlinkMacSystemFont,;\" href=\"https:\/\/www.ladiscusion.cl\/escuela-de-espectadores-convoca-a-taller-sobre-critica-de-cine-junto-a\/\" target=\"_blank\" rel=\"noopener\">Escuela de Espectadores convoca a taller sobre cr\u00edtica de cine junto a destacados expertos. Se menciona a la UTalca.<\/a><\/p>\t\t\t\t\t\t<\/div>\n\t\t\t\t<\/div>\n\t\t\t\t\t<\/div>\n\t\t<\/div>\n\t\t\t\t\t\t\t<\/div>\n\t\t<\/section>\n\t\t\t\t\t\t<\/div>\n\t\t\t\t\t<\/div>\n\t\t","protected":false},"excerpt":{"rendered":"<p>LAS \u00daLTIMAS NOTICIAS Estas carreras universitarias debutan en la admisi\u00f3n 2022. Se refiere Diego Rodr\u00edguez, director de carrera de Ingenier\u00eda Comercial de la UTalca. \u00a0 EL HERALDO UTalca abrir\u00e1 m\u00e1s de 2 mil vacantes para la Admisi\u00f3n 2022. \u00a0 DIARIOELHERALDO.CL UTalca abrir\u00e1 m\u00e1s de 2 mil vacantes para la Admisi\u00f3n 2022. \u00a0 ELMAULEINFORMA.CL UTalca abrir\u00e1 &hellip;<\/p>\n<p class=\"read-more\"> <a class=\"\" href=\"https:\/\/www.reportedeprensa.utalca.cl\/?p=1923\"> <span class=\"screen-reader-text\">20 de septiembre de 2021<\/span> Read More &raquo;<\/a><\/p>\n","protected":false},"author":1,"featured_media":0,"comment_status":"closed","ping_status":"open","sticky":false,"template":"elementor_theme","format":"standard","meta":{"_monsterinsights_skip_tracking":false,"_monsterinsights_sitenote_active":false,"_monsterinsights_sitenote_note":"","_monsterinsights_sitenote_category":0},"categories":[12],"tags":[],"_links":{"self":[{"href":"https:\/\/www.reportedeprensa.utalca.cl\/index.php?rest_route=\/wp\/v2\/posts\/1923"}],"collection":[{"href":"https:\/\/www.reportedeprensa.utalca.cl\/index.php?rest_route=\/wp\/v2\/posts"}],"about":[{"href":"https:\/\/www.reportedeprensa.utalca.cl\/index.php?rest_route=\/wp\/v2\/types\/post"}],"author":[{"embeddable":true,"href":"https:\/\/www.reportedeprensa.utalca.cl\/index.php?rest_route=\/wp\/v2\/users\/1"}],"replies":[{"embeddable":true,"href":"https:\/\/www.reportedeprensa.utalca.cl\/index.php?rest_route=%2Fwp%2Fv2%2Fcomments&post=1923"}],"version-history":[{"count":4,"href":"https:\/\/www.reportedeprensa.utalca.cl\/index.php?rest_route=\/wp\/v2\/posts\/1923\/revisions"}],"predecessor-version":[{"id":1927,"href":"https:\/\/www.reportedeprensa.utalca.cl\/index.php?rest_route=\/wp\/v2\/posts\/1923\/revisions\/1927"}],"wp:attachment":[{"href":"https:\/\/www.reportedeprensa.utalca.cl\/index.php?rest_route=%2Fwp%2Fv2%2Fmedia&parent=1923"}],"wp:term":[{"taxonomy":"category","embeddable":true,"href":"https:\/\/www.reportedeprensa.utalca.cl\/index.php?rest_route=%2Fwp%2Fv2%2Fcategories&post=1923"},{"taxonomy":"post_tag","embeddable":true,"href":"https:\/\/www.reportedeprensa.utalca.cl\/index.php?rest_route=%2Fwp%2Fv2%2Ftags&post=1923"}],"curies":[{"name":"wp","href":"https:\/\/api.w.org\/{rel}","templated":true}]}}