{"id":1934,"date":"2021-09-21T08:57:17","date_gmt":"2021-09-21T11:57:17","guid":{"rendered":"https:\/\/www.reportedeprensa.utalca.cl\/?p=1934"},"modified":"2021-09-21T09:19:00","modified_gmt":"2021-09-21T12:19:00","slug":"21-de-septiembre-de-2021","status":"publish","type":"post","link":"https:\/\/www.reportedeprensa.utalca.cl\/?p=1934","title":{"rendered":"21  de septiembre de 2021"},"content":{"rendered":"\t\t<div data-elementor-type=\"wp-post\" data-elementor-id=\"1934\" class=\"elementor elementor-1934\" data-elementor-settings=\"[]\">\n\t\t\t\t\t\t\t<div class=\"elementor-section-wrap\">\n\t\t\t\t\t\t\t<section class=\"elementor-section elementor-top-section elementor-element elementor-element-a06ca45 elementor-section-boxed elementor-section-height-default elementor-section-height-default\" data-id=\"a06ca45\" data-element_type=\"section\">\n\t\t\t\t\t\t<div class=\"elementor-container elementor-column-gap-default\">\n\t\t\t\t\t<div class=\"elementor-column elementor-col-100 elementor-top-column elementor-element elementor-element-1486c35\" data-id=\"1486c35\" data-element_type=\"column\">\n\t\t\t<div class=\"elementor-widget-wrap elementor-element-populated\">\n\t\t\t\t\t\t\t\t<div class=\"elementor-element elementor-element-42b145e elementor-widget elementor-widget-text-editor\" data-id=\"42b145e\" data-element_type=\"widget\" data-widget_type=\"text-editor.default\">\n\t\t\t\t<div class=\"elementor-widget-container\">\n\t\t\t\t\t\t\t\t<p><b>EL MERCURIO<\/b><\/p><p><a style=\"font-style: inherit; font-weight: inherit; background-color: #ffffff; font-family: -apple-system, BlinkMacSystemFont,;\" href=\"https:\/\/www.litoralpress.cl\/paginaconsultas\/Servicios_NClip\/Get_Imagen_Nota.aspx?LPKey=W7DHQQKHBQEJ5GSEHOSBGYV2ILGC7OZ2AL2LSAF6VDKYPAUQAIQJRBHPWTQ77JIQXW4RLHONBNNSG\" target=\"_blank\" rel=\"noopener\">Confianza en las universidades. Carta al director de \u00c1lvaro Rojas, rector de la UTalca.<\/a><\/p><p>\u00a0<\/p><p><b>EL MERCURIO<\/b><\/p><p><a style=\"font-style: inherit; font-weight: inherit; background-color: #ffffff; font-family: -apple-system, BlinkMacSystemFont,;\" href=\"https:\/\/www.litoralpress.cl\/paginaconsultas\/Servicios_NClip\/Get_Imagen_Nota.aspx?LPKey=EHGTFFRO6HLXWIEPK6LEA5H35R2Y32HVUTRGDTJ6RFL6FSBOGM23HETGEEII4XNOWDYGDP66UKKUC\" target=\"_blank\" rel=\"noopener\">Estudio prev\u00e9 mayor participaci\u00f3n femenina en las elecciones presidenciales de noviembre. Se refiere Paulo Cox, acad\u00e9mico de la Facultad de Econom\u00eda y Negocios (FEN) del Campus Santiago de la UTalca.<\/a><\/p><p>\u00a0<\/p><p><b>EL MERCURIO\u00a0<\/b><\/p><p><a style=\"font-style: inherit; font-weight: inherit; background-color: #ffffff; font-family: -apple-system, BlinkMacSystemFont,;\" href=\"https:\/\/www.litoralpress.cl\/paginaconsultas\/Servicios_NClip\/Get_Imagen_Nota.aspx?LPKey=YC67LT6444GW6SILMHF3JCUEGKW5BPQ3NAKXI4XB7OQVZ7TGWT5GQHYKVZOCBHKM25KNKRP4UWIK6\" target=\"_blank\" rel=\"noopener\">Autoridades y expertos esperan que medida de EE.UU para extranjeros sume f\u00f3rmulas aprobadas por OMS. Se refiere Erika Retamal, directora de Salud P\u00fablica de la UTalca.<\/a><\/p><p>\u00a0<\/p><p><b>EMOL.COM<\/b><\/p><p><a style=\"font-style: inherit; font-weight: inherit; background-color: #ffffff; font-family: -apple-system, BlinkMacSystemFont,;\" href=\"https:\/\/www.emol.com\/noticias\/Nacional\/2021\/09\/19\/1032870\/impacto-vacunacion-menores-chile-covid19.html\" target=\"_blank\" rel=\"noopener\">Impacto de la vacunaci\u00f3n en los ni\u00f1os: Los protege y &#8220;disminuye la posibilidad que surjan nuevas variantes&#8221;. Se refiere Erika Retamal, epidemi\u00f3loga y directora del Departamento de Salud P\u00fablica de la UTalca.<\/a><\/p><p>\u00a0<\/p><p><b>DIARIO TALCA\u00a0<\/b><\/p><p><a style=\"font-style: inherit; font-weight: inherit; background-color: #ffffff; font-family: -apple-system, BlinkMacSystemFont,;\" href=\"https:\/\/www.litoralpress.cl\/sitio\/Prensa_PaginaCompleta.cshtml?LPKey=CU4TQGEIY3JX3FUQ3YEJXKDGX6OGBGNNWYY4K2GQW5A6DQESPWUQ\" target=\"_blank\" rel=\"noopener\">UTalca abrir\u00e1 m\u00e1s de 2 mil vacantes para Admisi\u00f3n 2022.<\/a><\/p><p>\u00a0<\/p><p><b>LA PRENSA\u00a0<\/b><\/p><p><a style=\"font-style: inherit; font-weight: inherit; background-color: #ffffff; font-family: -apple-system, BlinkMacSystemFont,;\" href=\"https:\/\/www.litoralpress.cl\/paginaconsultas\/Servicios_NClip\/Get_Imagen_Nota.aspx?LPKey=IZDWZLFIJKLDUTLAWFJXGQQKHYCO72WMDIHDT4XQ3QCX53T3ZBEVYXGZGAMJGJLZGOFYBXRJACQ66\" target=\"_blank\" rel=\"noopener\">UTalca abrir\u00e1 m\u00e1s de 2 mil vacantes para el 2022.<\/a><\/p><p>\u00a0<\/p><p><b>MAULEHOY.CL\u00a0<\/b><\/p><p><a style=\"font-style: inherit; font-weight: inherit; background-color: #ffffff; font-family: -apple-system, BlinkMacSystemFont,;\" href=\"https:\/\/maulehoy.cl\/2021\/09\/18\/utalca-abrira-mas-de-2-mil-vacantes-para-admision-2022\/\" target=\"_blank\" rel=\"noopener\">UTalca abrir\u00e1 m\u00e1s de 2 mil vacantes para Admisi\u00f3n 2022.<\/a><\/p><p>\u00a0<\/p><p><b>ELMOSTRADOR.CL\u00a0<\/b><\/p><p><a style=\"font-style: inherit; font-weight: inherit; background-color: #ffffff; font-family: -apple-system, BlinkMacSystemFont,;\" href=\"https:\/\/www.elmostrador.cl\/cultura\/2021\/09\/13\/rectores-de-27-universidades-constituyen-consejo-asesor-cientifico-de-congreso-futuro\/\" target=\"_blank\" rel=\"noopener\">Rectores de 27 universidades constituyen Consejo Asesor Cient\u00edfico de Congreso Futuro. Se menciona a \u00c1lvaro Rojas, rector de la UTalca. <\/a><\/p><p>\u00a0<\/p><p><b>ADPRENSA.CL<\/b><\/p><p><a style=\"font-style: inherit; font-weight: inherit; background-color: #ffffff; font-family: -apple-system, BlinkMacSystemFont,;\" href=\"https:\/\/www.adprensa.cl\/cronica\/congreso-futuro-crea-consejo-asesor-de-rectores-y-rectoras\/\" target=\"_blank\" rel=\"noopener\">Congreso Futuro crea Consejo Asesor de Rectores y Rectoras. Se menciona a \u00c1lvaro Rojas, rector de la UTalca. <\/a><\/p><p>\u00a0<\/p><p><b>G5NOTICIAS.CL<\/b><\/p><p><a style=\"font-style: inherit; font-weight: inherit; background-color: #ffffff; font-family: -apple-system, BlinkMacSystemFont,;\" href=\"https:\/\/g5noticias.cl\/2021\/09\/13\/congreso-futuro-crea-consejo-asesor-de-rectores-y-rectoras\/\" target=\"_blank\" rel=\"noopener\">Congreso Futuro crea Consejo Asesor de Rectores y Rectoras. Se menciona a \u00c1lvaro Rojas, rector de la UTalca.<\/a><\/p><p>\u00a0<\/p><p><b>DIARIO TALCA<\/b><\/p><p><a style=\"font-style: inherit; font-weight: inherit; background-color: #ffffff; font-family: -apple-system, BlinkMacSystemFont,;\" href=\"https:\/\/www.litoralpress.cl\/sitio\/Prensa_PaginaCompleta.cshtml?LPKey=AYFKHKOARCFFCHZUQFCHE2KGEZDCHV5ZZIAJ76E3FGEGOKS24IIQ\" target=\"_blank\" rel=\"noopener\">Investigadores UTalca transforman desechos mineros en espuma de vidrio. <\/a><\/p><p>\u00a0<\/p><p><b>MINERIACHILE.CL\u00a0<\/b><\/p><p><a style=\"font-style: inherit; font-weight: inherit; background-color: #ffffff; font-family: -apple-system, BlinkMacSystemFont,;\" href=\"https:\/\/www.mineriachile.cl\/2021\/09\/20\/investigadores-utalca-transforman-desechos-mineros-en-espuma-de-vidrio\/\" target=\"_blank\" rel=\"noopener\">Investigadores UTalca transforman desechos mineros en espuma de vidrio.<\/a><\/p><p>\u00a0<\/p><p><b>LANOTICIA.CL<\/b><\/p><p><a style=\"font-style: inherit; font-weight: inherit; background-color: #ffffff; font-family: -apple-system, BlinkMacSystemFont,;\" href=\"https:\/\/lanoticia.cl\/investigadores-utalca-transforman-desechos-mineros-en-espuma-de-vidrio\/\" target=\"_blank\" rel=\"noopener\">Investigadores UTalca transforman desechos mineros en espuma de vidrio.<\/a><\/p><p>\u00a0<\/p><p><b>REDMAULE.COM\u00a0<\/b><\/p><p><a style=\"font-style: inherit; font-weight: inherit; background-color: #ffffff; font-family: -apple-system, BlinkMacSystemFont,;\" href=\"https:\/\/www.redmaule.com\/nacional\/investigadores-transforman-desechos-mineros-en-espuma-de-vidrio\" target=\"_blank\" rel=\"noopener\">Investigadores transforman desechos mineros en espuma de vidrio. Se refiere Lina Uribe acad\u00e9mica de la Facultad de Ingenier\u00eda de la UTalca.<\/a><\/p><p>\u00a0<\/p><p><b>G5NOTICIAS.CL\u00a0<\/b><\/p><p><a style=\"font-style: inherit; font-weight: inherit; background-color: #ffffff; font-family: -apple-system, BlinkMacSystemFont,;\" href=\"https:\/\/g5noticias.cl\/2021\/09\/19\/investigadores-utalca-transforman-desechos-mineros-en-espuma-de-vidrio\/\" target=\"_blank\" rel=\"noopener\">Investigadores UTalca transforman desechos mineros en espuma de vidrio. <\/a><\/p><p>\u00a0<\/p><p><b>RADIOPOLAR.COM\u00a0<\/b><\/p><p><a style=\"font-style: inherit; font-weight: inherit; background-color: #ffffff; font-family: -apple-system, BlinkMacSystemFont,;\" href=\"http:\/\/radiopolar.com\/noticia_170036.html\" target=\"_blank\" rel=\"noopener\">Investigadores UTalca transforman desechos mineros en espuma de vidrio. <\/a><\/p><p>\u00a0<\/p><p><b>EL MERCURIO\u00a0<\/b><\/p><p><a style=\"font-style: inherit; font-weight: inherit; background-color: #ffffff; font-family: -apple-system, BlinkMacSystemFont,;\" href=\"https:\/\/www.litoralpress.cl\/paginaconsultas\/Servicios_NClip\/Get_Imagen_Nota.aspx?LPKey=X2RRISWUUFCR2K5ZEWVYH53W4WPD4BV6WCG7SQA3R5NDZYLGTFFGLXSWDS6DRWKKPHD2Y677SBZWO\" target=\"_blank\" rel=\"noopener\">Revista Del Campo: El mejoramiento gen\u00e9tico frutal en Chile. Se menciona a la UTalca. <\/a><\/p><p>\u00a0<\/p><p><b>UNIVERSIDADESESTATALES.CL\u00a0<\/b><\/p><p><a style=\"font-style: inherit; font-weight: inherit; background-color: #ffffff; font-family: -apple-system, BlinkMacSystemFont,;\" href=\"http:\/\/www.universidadesestatales.cl\/cue\/?q=node\/9205\" target=\"_blank\" rel=\"noopener\">Doctorado en Ciencias Biom\u00e9dicas de la UTalca recibi\u00f3 5 a\u00f1os de acreditaci\u00f3n.<\/a><\/p><p>\u00a0<\/p><p><b>LA PRENSA<\/b><\/p><p><a style=\"font-style: inherit; font-weight: inherit; background-color: #ffffff; font-family: -apple-system, BlinkMacSystemFont,;\" href=\"https:\/\/www.litoralpress.cl\/paginaconsultas\/Servicios_NClip\/Get_Imagen_Nota.aspx?LPKey=LNFXABHXJJYAU4RO4D5MLXU3UMEMWPN56JJC4CKD25WFXZTQVPX67ON4KGHEB5UG3XFNTRELP2GCW\" target=\"_blank\" rel=\"noopener\">Doctorado en Ciencias Biom\u00e9dicas de UTalca recibi\u00f3 5 a\u00f1os de acreditaci\u00f3n. <\/a><\/p><p>\u00a0<\/p><p><b>DIARIOLAPRENSA.CL\u00a0<\/b><\/p><p><a style=\"font-style: inherit; font-weight: inherit; background-color: #ffffff; font-family: -apple-system, BlinkMacSystemFont,;\" href=\"https:\/\/new.diariolaprensa.cl\/index.php\/2021\/09\/13\/doctorado-en-ciencias-biomedicas-de-utalca-recibio-5-anos-de-acreditacion\/\" target=\"_blank\" rel=\"noopener\">Doctorado en Ciencias Biom\u00e9dicas de UTalca recibi\u00f3 5 a\u00f1os de acreditaci\u00f3n.<\/a><\/p><p>\u00a0<\/p><p><b>UNIVERSIDADESESTATALES.CL\u00a0<\/b><\/p><p><a style=\"font-style: inherit; font-weight: inherit; background-color: #ffffff; font-family: -apple-system, BlinkMacSystemFont,;\" href=\"http:\/\/www.universidadesestatales.cl\/cue\/?q=node\/9211\" target=\"_blank\" rel=\"noopener\">UTalca: Mag\u00edster en Ciencias de la Ingenier\u00eda menci\u00f3n Conversi\u00f3n de Energ\u00eda es acreditado por 6 a\u00f1os.<\/a><\/p><p>\u00a0<\/p><p><b>CHILLANONLINE.CL\u00a0<\/b><\/p><p><a style=\"font-style: inherit; font-weight: inherit; background-color: #ffffff; font-family: -apple-system, BlinkMacSystemFont,;\" href=\"https:\/\/www.chillanonline.cl\/V5\/utalca-magister-en-ciencias-de-la-ingenieria-mencion-conversion-de-energia-es-acreditado-por-6-anos\/\" target=\"_blank\" rel=\"noopener\">UTalca: Mag\u00edster en Ciencias de la Ingenier\u00eda menci\u00f3n Conversi\u00f3n de Energ\u00eda es acreditado por 6 a\u00f1os. <\/a><\/p><p>\u00a0<\/p><p><b>ADPRENSA.CL\u00a0<\/b><\/p><p><a style=\"font-style: inherit; font-weight: inherit; background-color: #ffffff; font-family: -apple-system, BlinkMacSystemFont,;\" href=\"https:\/\/www.adprensa.cl\/cronica\/vacunacion-de-ninos-ayudaria-a-disminuir-surgimiento-de-nuevas-variantes-de-covid-19\/\" target=\"_blank\" rel=\"noopener\">Vacunaci\u00f3n de ni\u00f1os ayudar\u00eda a disminuir surgimiento de nuevas variantes de COVID-19. Se refiere Erika Retamal, epidemi\u00f3loga y directora del Departamento de Salud P\u00fablica de la UTalca. <\/a><\/p><p>\u00a0<\/p><p><b>TVMAULE.CL\u00a0<\/b><\/p><p><a style=\"font-style: inherit; font-weight: inherit; background-color: #ffffff; font-family: -apple-system, BlinkMacSystemFont,;\" href=\"https:\/\/www.tvmaule.cl\/covid-19-vacunacion-de-ninos-ayudaria-a-disminuir-surgimiento-de-nuevas-variantes\/\" target=\"_blank\" rel=\"noopener\">COVID-19: vacunaci\u00f3n de ni\u00f1os ayudar\u00eda a disminuir surgimiento de nuevas variantes. Se refiere Erika Retamal, epidemi\u00f3loga y directora del Departamento de Salud P\u00fablica de la UTalca.<\/a><\/p><p>\u00a0<\/p><p><b>TALCAPITAL.CL\u00a0<\/b><\/p><p><a style=\"font-style: inherit; font-weight: inherit; background-color: #ffffff; font-family: -apple-system, BlinkMacSystemFont,;\" href=\"https:\/\/talcacapital.cl\/vacunacion-de-ninos-ayudaria-a-disminuir-surgimiento-de-nuevas-variantes-de-covid-19\/\" target=\"_blank\" rel=\"noopener\">Vacunaci\u00f3n de ni\u00f1os ayudar\u00eda a disminuir surgimiento de nuevas variantes de COVID-19. Se refiere Erika Retamal, epidemi\u00f3loga y directora del Departamento de Salud P\u00fablica de la UTalca. <\/a><\/p><p>\u00a0<\/p><p><b>ELDIARIODEMAULE.CL\u00a0<\/b><\/p><p><a style=\"font-style: inherit; font-weight: inherit; background-color: #ffffff; font-family: -apple-system, BlinkMacSystemFont,;\" href=\"https:\/\/eldiariodemaule.cl\/vacunacion-infantil-ayudaria-a-disminuir-nuevas-variantes-de-covid-19\/\" target=\"_blank\" rel=\"noopener\">Vacunaci\u00f3n infantil ayudar\u00eda a disminuir nuevas variantes de COVID-19. Se refiere Erika Retamal, epidemi\u00f3loga y directora del Departamento de Salud P\u00fablica de la UTalca. <\/a><\/p><p>\u00a0<\/p><p><b>SEPTIMAPAGINANOTICIAS.CL\u00a0<\/b><\/p><p><a style=\"font-style: inherit; font-weight: inherit; background-color: #ffffff; font-family: -apple-system, BlinkMacSystemFont,;\" href=\"https:\/\/www.septimapaginanoticias.cl\/vacunacion-de-ninos-ayudaria-a-disminuir-surgimiento-de-nuevas-variantes-de-covid-19\" target=\"_blank\" rel=\"noopener\">Vacunaci\u00f3n de ni\u00f1os ayudar\u00eda a disminuir surgimiento de nuevas variantes de COVID-19. Se refiere Erika Retamal, epidemi\u00f3loga y directora del Departamento de Salud P\u00fablica de la UTalca. <\/a><\/p><p>\u00a0<\/p><p><b>ELALFA<\/b><\/p><p><a style=\"font-style: inherit; font-weight: inherit; background-color: #ffffff; font-family: -apple-system, BlinkMacSystemFont,;\" href=\"https:\/\/elalfa.cl\/index.php\/2021\/09\/19\/vacunacion-de-ninos-ayudaria-a-disminuir-surgimiento-de-nuevas-variantes-de-covid-19\/\" target=\"_blank\" rel=\"noopener\">Vacunaci\u00f3n de ni\u00f1os ayudar\u00eda a disminuir surgimiento de nuevas variantes de COVID-19. Se refiere Erika Retamal, epidemi\u00f3loga y directora del Departamento de Salud P\u00fablica de la UTalca. <\/a><\/p><p>\u00a0<\/p><p><b>RADIOMAGALLANES.CL\u00a0<\/b><\/p><p><a style=\"font-style: inherit; font-weight: inherit; background-color: #ffffff; font-family: -apple-system, BlinkMacSystemFont,;\" href=\"https:\/\/www.radiomagallanes.cl\/noticia.php?id_not=97793\" target=\"_blank\" rel=\"noopener\">Vacunaci\u00f3n de ni\u00f1os ayudar\u00eda a disminuir surgimiento de nuevas variantes de COVID-19. Se refiere Erika Retamal, epidemi\u00f3loga y directora del Departamento de Salud P\u00fablica de la UTalca. <\/a><\/p><p>\u00a0<\/p><p><b>G5NOTICIAS.CL\u00a0<\/b><\/p><p><a style=\"font-style: inherit; font-weight: inherit; background-color: #ffffff; font-family: -apple-system, BlinkMacSystemFont,;\" href=\"https:\/\/g5noticias.cl\/2021\/09\/13\/vacunacion-de-ninos-ayudaria-a-disminuir-surgimiento-de-nuevas-variantes-de-covid-19\/\" target=\"_blank\" rel=\"noopener\">Vacunaci\u00f3n de ni\u00f1os ayudar\u00eda a disminuir surgimiento de nuevas variantes de COVID-19. Se refiere Erika Retamal, epidemi\u00f3loga y directora del Departamento de Salud P\u00fablica de la UTalca. <\/a><\/p><p>\u00a0<\/p><p><b>RADIO ADN\u00a0<\/b><\/p><p><a style=\"font-style: inherit; font-weight: inherit; background-color: #ffffff; font-family: -apple-system, BlinkMacSystemFont,;\" href=\"https:\/\/www.litoralpress.cl\/sitio\/RadioTV_Detalles.cshtml?LPKey=TEUSMCYWOFEODXSJOJK3DUFRB6M2ALMCLXZJQUB7BTK7RLSRUIPA\" target=\"_blank\" rel=\"noopener\">Investigan caso positivo de COVID en fiesta masiva en el Parque Padre Hurtado. Se refiere Daniel Jim\u00e9nez, director de Salud del Estudiante de la UTalca. <\/a><\/p><p>\u00a0<\/p><p><b>RADIO ADN<\/b><\/p><p><a style=\"font-style: inherit; font-weight: inherit; background-color: #ffffff; font-family: -apple-system, BlinkMacSystemFont,;\" href=\"https:\/\/www.litoralpress.cl\/sitio\/RadioTV_Detalles.cshtml?LPKey=GQGN2V7FQ7UJ67XKDOEQV7YFYNNL5H2RZ24DZ2C3QP5XGVT7K6WA\" target=\"_blank\" rel=\"noopener\">Autoridades llaman al autocuidado en Fiestas Patrias. Se refiere Marcela Mar\u00edn, acad\u00e9mica de la Facultad de Ciencias de la Salud de la UTalca. <\/a><\/p><p>\u00a0<\/p><p><b>24HORAS.CL<\/b><\/p><p><a style=\"font-style: inherit; font-weight: inherit; background-color: #ffffff; font-family: -apple-system, BlinkMacSystemFont,;\" href=\"https:\/\/www.24horas.cl\/coronavirus\/epidemiologos-entregan-recomendaciones-para-evitar-contagios-de-covid-19-durante-fiestas-patrias---4976030\" target=\"_blank\" rel=\"noopener\">Epidemi\u00f3logos entregan recomendaciones para evitar contagios de COVID-19 durante Fiestas Patrias. Se refiere Erika Retamal, directora de Salud P\u00fablica; Daniel Jim\u00e9nez, director de Salud del Estudiante y Marcela Mar\u00edn, acad\u00e9mica de la Facultad de Ciencias de la Salud de la UTalca. <\/a><\/p><p>\u00a0<\/p><p><b>EL HERALDO\u00a0<\/b><\/p><p><a style=\"font-style: inherit; font-weight: inherit; background-color: #ffffff; font-family: -apple-system, BlinkMacSystemFont,;\" href=\"https:\/\/www.litoralpress.cl\/paginaconsultas\/Servicios_NClip\/Get_Imagen_Nota.aspx?LPKey=72CPLKI3L5AAOBIOJNFBMBBS7PIMH4F3O7QIUUPC7GSBXPASYYHXSIQXGSLCDTZG4CKYGBITYYNJO\" target=\"_blank\" rel=\"noopener\">Epidemi\u00f3logos entregan recomendaciones para evitar contagios de COVID-19 durante Fiestas Patrias. Se refiere Erika Retamal, directora de Salud P\u00fablica; Daniel Jim\u00e9nez, director de Salud del Estudiante y Marcela Mar\u00edn, acad\u00e9mica de la Facultad de Ciencias de la Salud de la UTalca.<\/a><\/p><p>\u00a0<\/p><p><b>DIARIOELHERALDO.CL\u00a0<\/b><\/p><p><a style=\"font-style: inherit; font-weight: inherit; background-color: #ffffff; font-family: -apple-system, BlinkMacSystemFont,;\" href=\"http:\/\/www.diarioelheraldo.cl\/noticia\/epidemiologos-entregan-recomendaciones-para-evitar-contagios-de-covid-19-durante-fiestas-patrias-\" target=\"_blank\" rel=\"noopener\">Epidemi\u00f3logos entregan recomendaciones para evitar contagios de COVID-19 durante Fiestas Patrias. Se refiere Erika Retamal, directora de Salud P\u00fablica; Daniel Jim\u00e9nez, director de Salud del Estudiante y Marcela Mar\u00edn, acad\u00e9mica de la Facultad de Ciencias de la Salud de la UTalca.<\/a><\/p><p>\u00a0<\/p><p><b>CANAL TV5<\/b><\/p><p><a style=\"font-style: inherit; font-weight: inherit; background-color: #ffffff; font-family: -apple-system, BlinkMacSystemFont,;\" href=\"https:\/\/www.litoralpress.cl\/sitio\/RadioTV_Detalles.cshtml?LPKey=XAUTIEK2EAE5Y5BSKJ36MYGTGZ7VHJYEHOVCLVRWCB64PLSLQLOQ\" target=\"_blank\" rel=\"noopener\">Llaman a respetar medidas sanitarias en Fiestas Patrias. Se refieren Daniel Jim\u00e9nez, director de Salud del Estudiante y Marcela Mar\u00edn, acad\u00e9mica de la Facultad de Ciencias de la Salud de la UTalca. <\/a><\/p><p>\u00a0<\/p><p><b>EL LECTOR<\/b><\/p><p><a style=\"font-style: inherit; font-weight: inherit; background-color: #ffffff; font-family: -apple-system, BlinkMacSystemFont,;\" href=\"https:\/\/www.litoralpress.cl\/paginaconsultas\/Servicios_NClip\/Get_Imagen_Nota.aspx?LPKey=LNQJ5AAKWR7U6V5RAPEFFUKOECUP6EZ3SGOEX7JFQBB2SUM2CI2VBMFJGDFXG7VE3U7FLK2KAMG7W\" target=\"_blank\" rel=\"noopener\">Epidemi\u00f3logos entregan recomendaciones para evitar contagios de COVID-19 durante Fiestas Patrias. Se refiere Erika Retamal, directora de Salud P\u00fablica; Daniel Jim\u00e9nez, director de Salud del Estudiante y Marcela Mar\u00edn, acad\u00e9mica de la Facultad de Ciencias de la Salud de la UTalca.<\/a><\/p><p>\u00a0<\/p><p><b>LA PRENSA<\/b><\/p><p><a style=\"font-style: inherit; font-weight: inherit; background-color: #ffffff; font-family: -apple-system, BlinkMacSystemFont,;\" href=\"https:\/\/www.litoralpress.cl\/paginaconsultas\/Servicios_NClip\/Get_Imagen_Nota.aspx?LPKey=AIFZR6R53E5O3ZRDQHH4YTOFQSFZ3KJ6TMSTYEXIR2IAWXWQZLQ533HLCKXZUB77Z5O45V4CTRJGC\" target=\"_blank\" rel=\"noopener\">Acad\u00e9mico de UTalca: &#8220;Cultivos anuales menos tecnificados y las hortalizas, son los m\u00e1s afectados&#8221;. <\/a><\/p><p>\u00a0<\/p><p><b>DARIO TALCA\u00a0<\/b><\/p><p><a style=\"font-style: inherit; font-weight: inherit; background-color: #ffffff; font-family: -apple-system, BlinkMacSystemFont,;\" href=\"https:\/\/www.litoralpress.cl\/sitio\/Prensa_PaginaCompleta.cshtml?LPKey=HCIY2F2DGNE6ZPKERQMWYCPSYEYHTKHHVBXUXCR6XQCK26VHVD7A\" target=\"_blank\" rel=\"noopener\">Sembrar en tiempos de cambio clim\u00e1tico. Se menciona a la UTalca.<\/a><\/p><p>\u00a0<\/p><p><b>DIARIO TALCA\u00a0<\/b><\/p><p><a style=\"font-style: inherit; font-weight: inherit; background-color: #ffffff; font-family: -apple-system, BlinkMacSystemFont,;\" href=\"https:\/\/www.litoralpress.cl\/sitio\/Prensa_PaginaCompleta.cshtml?LPKey=IK4MC6WXGKX3U774XUZILXKBVI2EFERBL5JJZRSU4XL56KHVVDQA\" target=\"_blank\" rel=\"noopener\">\u201cYo, Mauricio, era un rezagado\u201d. Se refiere Erika Retamal, directora de Salud P\u00fablica de la UTalca.<\/a><\/p><p>\u00a0<\/p><p><b>LA TRIBUNA\u00a0<\/b><\/p><p><a style=\"font-style: inherit; font-weight: inherit; background-color: #ffffff; font-family: -apple-system, BlinkMacSystemFont,;\" href=\"https:\/\/www.litoralpress.cl\/paginaconsultas\/Servicios_NClip\/Get_Imagen_Nota.aspx?LPKey=EFSNBSOOFAAEVX32JZL3Y6NRLNWJWG3ZVKUFBWBLFTTHPU3XETC56CRJBGGO4DWMZ363UWMVFAQNS\" target=\"_blank\" rel=\"noopener\">Corporaci\u00f3n busca impulsar la producci\u00f3n de alimentos sustentables en Chile. Se menciona a la UTalca.<\/a><\/p><p>\u00a0<\/p><p><b>EMOL.COM\u00a0<\/b><\/p><p><a style=\"font-style: inherit; font-weight: inherit; background-color: #ffffff; font-family: -apple-system, BlinkMacSystemFont,;\" href=\"https:\/\/www.emol.com\/noticias\/Nacional\/2021\/09\/18\/1032801\/efecto-cuarto-retiro-en-presidenciales.html\" target=\"_blank\" rel=\"noopener\">Efecto cuarto retiro en Boric, Sichel y Provoste: Analistas advierten que capacidad de liderar y credibilidad est\u00e1 en juego. Se refiere Mauricio Morales, director del Centro de An\u00e1lisis Pol\u00edtico (CAP) de la UTalca. <\/a><\/p><p>\u00a0<\/p><p><b>ELDIARIODESANTIAGO.CL<\/b><\/p><p><a style=\"font-style: inherit; font-weight: inherit; background-color: #ffffff; font-family: -apple-system, BlinkMacSystemFont,;\" href=\"https:\/\/eldiariodesantiago.cl\/archivo\/78262\" target=\"_blank\" rel=\"noopener\">Qu\u00e9 habr\u00eda pasado en el mapa electoral si Rojas Vade no hubiera sido candidato a la Convenci\u00f3n. Se refiere Mauricio Morales, director del Centro de An\u00e1lisis Pol\u00edtico (CAP) de la UTalca. <\/a><\/p><p>\u00a0<\/p><p><b>CANAL CNN CHILE\u00a0<\/b><\/p><p><a style=\"font-style: inherit; font-weight: inherit; background-color: #ffffff; font-family: -apple-system, BlinkMacSystemFont,;\" href=\"https:\/\/www.litoralpress.cl\/sitio\/RadioTV_Detalles.cshtml?LPKey=C7W53VZL24RS6Y47GWLANVQYMXT4FKUU4TXEOPJKRPAE3U4ZI4BQ\" target=\"_blank\" rel=\"noopener\">Entrevista a Claudio Fuentes. Se menciona a la UTalca. <\/a><\/p><p>\u00a0<\/p><p><b>DIARIO TALCA\u00a0<\/b><\/p><p><a style=\"font-style: inherit; font-weight: inherit; background-color: #ffffff; font-family: -apple-system, BlinkMacSystemFont,;\" href=\"https:\/\/www.litoralpress.cl\/sitio\/Prensa_PaginaCompleta.cshtml?LPKey=I2DRL2Q2UFV4TVBB2U2ZXDVPUDUYDQJBOURQYSRJD6SW6RSRNDWA\" target=\"_blank\" rel=\"noopener\">La triste fantas\u00eda de la f\u00e1brica de volantines. Se menciona el Centro de Documentaci\u00f3n Patrimonial de la UTalca.<\/a><\/p><p>\u00a0<\/p><p><b>DIARIO TALCA<\/b><\/p><p><a style=\"font-style: inherit; font-weight: inherit; background-color: #ffffff; font-family: -apple-system, BlinkMacSystemFont,;\" href=\"https:\/\/www.litoralpress.cl\/sitio\/Prensa_PaginaCompleta.cshtml?LPKey=XQTAPB5UDBJFMGUQ6A7RETSMJ2G56O5SDRGXF4RDMFZQNGVS7PUA\" target=\"_blank\" rel=\"noopener\">Lorenzo Varoli, ausente en el \u201cGran Prix\u201d. Se menciona el Centro de Documentaci\u00f3n Patrimonial de la UTalca.<\/a><\/p><p>\u00a0<\/p><p><b>DIARIO TALCA<\/b><\/p><p><a style=\"font-style: inherit; font-weight: inherit; background-color: #ffffff; font-family: -apple-system, BlinkMacSystemFont,;\" href=\"https:\/\/www.litoralpress.cl\/paginaconsultas\/Servicios_NClip\/Get_Imagen_Nota.aspx?LPKey=IGX3LNYDEOHMTMJAV67NJBHV325WK6SJMB6NNUPGQJYKUYPP3CYSTSB7XSB75Y2MLAAXPCCDD6BG4\" target=\"_blank\" rel=\"noopener\">\u00c1lbum fotogr\u00e1fico de Talca. Se menciona a la UTalca.<\/a><\/p>\t\t\t\t\t\t<\/div>\n\t\t\t\t<\/div>\n\t\t\t\t\t<\/div>\n\t\t<\/div>\n\t\t\t\t\t\t\t<\/div>\n\t\t<\/section>\n\t\t\t\t\t\t<\/div>\n\t\t\t\t\t<\/div>\n\t\t","protected":false},"excerpt":{"rendered":"<p>EL MERCURIO Confianza en las universidades. Carta al director de \u00c1lvaro Rojas, rector de la UTalca. \u00a0 EL MERCURIO Estudio prev\u00e9 mayor participaci\u00f3n femenina en las elecciones presidenciales de noviembre. Se refiere Paulo Cox, acad\u00e9mico de la Facultad de Econom\u00eda y Negocios (FEN) del Campus Santiago de la UTalca. \u00a0 EL MERCURIO\u00a0 Autoridades y expertos &hellip;<\/p>\n<p class=\"read-more\"> <a class=\"\" href=\"https:\/\/www.reportedeprensa.utalca.cl\/?p=1934\"> <span class=\"screen-reader-text\">21  de septiembre de 2021<\/span> Read More &raquo;<\/a><\/p>\n","protected":false},"author":1,"featured_media":0,"comment_status":"closed","ping_status":"open","sticky":false,"template":"elementor_theme","format":"standard","meta":{"_monsterinsights_skip_tracking":false,"_monsterinsights_sitenote_active":false,"_monsterinsights_sitenote_note":"","_monsterinsights_sitenote_category":0},"categories":[12],"tags":[],"_links":{"self":[{"href":"https:\/\/www.reportedeprensa.utalca.cl\/index.php?rest_route=\/wp\/v2\/posts\/1934"}],"collection":[{"href":"https:\/\/www.reportedeprensa.utalca.cl\/index.php?rest_route=\/wp\/v2\/posts"}],"about":[{"href":"https:\/\/www.reportedeprensa.utalca.cl\/index.php?rest_route=\/wp\/v2\/types\/post"}],"author":[{"embeddable":true,"href":"https:\/\/www.reportedeprensa.utalca.cl\/index.php?rest_route=\/wp\/v2\/users\/1"}],"replies":[{"embeddable":true,"href":"https:\/\/www.reportedeprensa.utalca.cl\/index.php?rest_route=%2Fwp%2Fv2%2Fcomments&post=1934"}],"version-history":[{"count":4,"href":"https:\/\/www.reportedeprensa.utalca.cl\/index.php?rest_route=\/wp\/v2\/posts\/1934\/revisions"}],"predecessor-version":[{"id":1938,"href":"https:\/\/www.reportedeprensa.utalca.cl\/index.php?rest_route=\/wp\/v2\/posts\/1934\/revisions\/1938"}],"wp:attachment":[{"href":"https:\/\/www.reportedeprensa.utalca.cl\/index.php?rest_route=%2Fwp%2Fv2%2Fmedia&parent=1934"}],"wp:term":[{"taxonomy":"category","embeddable":true,"href":"https:\/\/www.reportedeprensa.utalca.cl\/index.php?rest_route=%2Fwp%2Fv2%2Fcategories&post=1934"},{"taxonomy":"post_tag","embeddable":true,"href":"https:\/\/www.reportedeprensa.utalca.cl\/index.php?rest_route=%2Fwp%2Fv2%2Ftags&post=1934"}],"curies":[{"name":"wp","href":"https:\/\/api.w.org\/{rel}","templated":true}]}}