{"id":1945,"date":"2021-09-22T08:51:34","date_gmt":"2021-09-22T11:51:34","guid":{"rendered":"https:\/\/www.reportedeprensa.utalca.cl\/?p=1945"},"modified":"2021-09-22T12:14:06","modified_gmt":"2021-09-22T15:14:06","slug":"22-de-septiembre-de-2021","status":"publish","type":"post","link":"https:\/\/www.reportedeprensa.utalca.cl\/?p=1945","title":{"rendered":"22 de septiembre de 2021"},"content":{"rendered":"\t\t<div data-elementor-type=\"wp-post\" data-elementor-id=\"1945\" class=\"elementor elementor-1945\" data-elementor-settings=\"[]\">\n\t\t\t\t\t\t\t<div class=\"elementor-section-wrap\">\n\t\t\t\t\t\t\t<section class=\"elementor-section elementor-top-section elementor-element elementor-element-a06ca45 elementor-section-boxed elementor-section-height-default elementor-section-height-default\" data-id=\"a06ca45\" data-element_type=\"section\">\n\t\t\t\t\t\t<div class=\"elementor-container elementor-column-gap-default\">\n\t\t\t\t\t<div class=\"elementor-column elementor-col-100 elementor-top-column elementor-element elementor-element-1486c35\" data-id=\"1486c35\" data-element_type=\"column\">\n\t\t\t<div class=\"elementor-widget-wrap elementor-element-populated\">\n\t\t\t\t\t\t\t\t<div class=\"elementor-element elementor-element-42b145e elementor-widget elementor-widget-text-editor\" data-id=\"42b145e\" data-element_type=\"widget\" data-widget_type=\"text-editor.default\">\n\t\t\t\t<div class=\"elementor-widget-container\">\n\t\t\t\t\t\t\t\t<p><b>LATERCERA.COM\u00a0<\/b><\/p><p><a style=\"font-style: inherit; font-weight: inherit; background-color: #ffffff; font-family: -apple-system, BlinkMacSystemFont,;\" href=\"https:\/\/www.latercera.com\/piensa-digital\/noticia\/el-dron-chileno-que-ayuda-a-combatir-incendios-forestales\/ZARWBQW3K5FP7EV6K6EMZSXI4U\/\" target=\"_blank\" rel=\"noopener\">El dron chileno que ayuda a combatir incendios forestales. Se refiere Matthew Bardeen, acad\u00e9mico de la Facultad de Ingenier\u00eda de la UTalca.<\/a><\/p><p>\u00a0<\/p><p><b>EL MERCURIO<\/b><\/p><p><a style=\"font-style: inherit; font-weight: inherit; background-color: #ffffff; font-family: -apple-system, BlinkMacSystemFont,;\" href=\"https:\/\/www.litoralpress.cl\/paginaconsultas\/Servicios_NClip\/Get_Imagen_Nota.aspx?LPKey=5NZDNQNU3WIJ4SY5WWXX5VVJEABCXNLZSHT7KXCJKSEHPUZMQRDAB4J44GF5INGTVWZAIKIZS3S4G\" target=\"_blank\" rel=\"noopener\">Invierno en R. Metropolitana termina como el 4\u00b0 m\u00e1s seco desde 1914 y el m\u00e1s c\u00e1lido del registro oficial. Se refiere Patricio Gonz\u00e1lez, agroclimat\u00f3logo de la UTalca.<\/a><\/p><p>\u00a0<\/p><p><b>ELMERCURIO.COM<\/b><\/p><p><a style=\"font-style: inherit; font-weight: inherit; background-color: #ffffff; font-family: -apple-system, BlinkMacSystemFont,;\" href=\"https:\/\/www.litoralpress.cl\/paginaconsultas\/Documentos\/Get_Imagen.aspx?lpkey=7LSODAOHKIMFMTKEJMWJPFIMP6PS26Y7IWA3OBZ6BTUZNDZ7SYF6JC2RN647VLUHBGD37RWL3UJSI\" target=\"_blank\" rel=\"noopener\">Confianza en las universidades. Carta al director de \u00c1lvaro Rojas, rector de la UTalca.<\/a><\/p><p>\u00a0<\/p><p><b>ELDINAMO.Cl\u00a0<\/b><\/p><p><a style=\"font-style: inherit; font-weight: inherit; background-color: #ffffff; font-family: -apple-system, BlinkMacSystemFont,;\" href=\"https:\/\/www.eldinamo.cl\/politica\/2021\/09\/21\/mujeres-participaron-mas-que-los-hombres-en-el-plebiscito-2020\/\" target=\"_blank\" rel=\"noopener\">Mujeres participaron m\u00e1s que los hombres en el plebiscito 2020. Se refiere Paulo Cox, acad\u00e9mico de la Facultad de Econom\u00eda y Negocios (FEN) de la UTalca.<\/a><\/p><p>\u00a0<\/p><p><b>REDMAULE.COM\u00a0<\/b><\/p><p><a style=\"font-style: inherit; font-weight: inherit; background-color: #ffffff; font-family: -apple-system, BlinkMacSystemFont,;\" href=\"https:\/\/www.redmaule.com\/nacional\/mujeres-participaron-mas-que-los-hombres-en-el-plebiscito-y-confirma\" target=\"_blank\" rel=\"noopener\">Mujeres participaron m\u00e1s que los hombres en el plebiscito y confirma tendencia desde 2012. Se refiere Paulo Cox, acad\u00e9mico de la Facultad de Econom\u00eda y Negocios (FEN) de la UTalca.<\/a><\/p><p>\u00a0<\/p><p><b>ATENTOS.CL\u00a0<\/b><\/p><p><a style=\"font-style: inherit; font-weight: inherit; background-color: #ffffff; font-family: -apple-system, BlinkMacSystemFont,;\" href=\"https:\/\/www.atentos.cl\/mujeres-participaron-mas-que-los-hombres-en-el-plebiscito-confirmando-tendencia-desde-2012\/\" target=\"_blank\" rel=\"noopener\">Mujeres participaron m\u00e1s que los hombres en el plebiscito confirmando tendencia desde 2012. Se refiere Paulo Cox, acad\u00e9mico de la Facultad de Econom\u00eda y Negocios (FEN) de la UTalca.<\/a><\/p><p>\u00a0<\/p><p><b>AURORADELMAULE.CL<\/b><\/p><p><a style=\"font-style: inherit; font-weight: inherit; background-color: #ffffff; font-family: -apple-system, BlinkMacSystemFont,;\" href=\"https:\/\/auroradelmaule.cl\/2021\/09\/21\/estudio-utalca-mujeres-participaron-mas-que-los-hombres-en-el-plebiscito-y-confirma-tendencia-desde-2012\/\" target=\"_blank\" rel=\"noopener\">Estudio UTalca: mujeres participaron m\u00e1s que los hombres en el plebiscito y confirma tendencia desde 2012. Se refiere Paulo Cox, acad\u00e9mico de la Facultad de Econom\u00eda y Negocios (FEN) de la UTalca.<\/a><\/p><p>\u00a0<\/p><p><b>INSULARFM.CL<\/b><\/p><p><a style=\"font-style: inherit; font-weight: inherit; background-color: #ffffff; font-family: -apple-system, BlinkMacSystemFont,;\" href=\"https:\/\/insularfm.cl\/mujeres-participaron-mas-que-los-hombres-en-el-plebiscito-2020\/\" target=\"_blank\" rel=\"noopener\">Mujeres participaron m\u00e1s que los hombres en el plebiscito 2020. Se refiere Paulo Cox, acad\u00e9mico de la Facultad de Econom\u00eda y Negocios (FEN) de la UTalca.<\/a><\/p><p>\u00a0<\/p><p><b>EL MERCURIO\u00a0<\/b><\/p><p><a style=\"font-style: inherit; font-weight: inherit; background-color: #ffffff; font-family: -apple-system, BlinkMacSystemFont,;\" href=\"https:\/\/www.litoralpress.cl\/paginaconsultas\/Servicios_NClip\/Get_Imagen_Nota.aspx?LPKey=TOAUXCUEPT4OWVW27ZN66UIGBNDS35NWNJ7DPPXVO4QE6YYAJLKS7QKEDRQQNNINDHU25KNTWO4UG\" target=\"_blank\" rel=\"noopener\">Rivera Garza inicia el fin de a\u00f1o de C\u00e1tedra Roberto Bola\u00f1o. Se menciona que recibi\u00f3 Premio Iberoamericano Jos\u00e9 Donoso de la UTalca.<\/a><\/p><p>\u00a0<\/p><p><b>CANAL 24 HORAS\u00a0<\/b><\/p><p><a style=\"font-style: inherit; font-weight: inherit; background-color: #ffffff; font-family: -apple-system, BlinkMacSystemFont,;\" href=\"https:\/\/www.litoralpress.cl\/sitio\/RadioTV_Detalles.cshtml?LPKey=O6PHRWG7CVNYK2NRKTTZKDA3HM6J2C6NCTVLJSIAISUP3K7J5VOQ\" target=\"_blank\" rel=\"noopener\">Contin\u00faa acumulaci\u00f3n de basura en Talca. Se refiere Julieta Navea, acad\u00e9mica de Escuela de Enfermer\u00eda de la UTalca.<\/a><\/p><p>\u00a0<\/p><p><b>CANAL TVN RED MAULE<\/b><\/p><p><a style=\"font-style: inherit; font-weight: inherit; background-color: #ffffff; font-family: -apple-system, BlinkMacSystemFont,;\" href=\"https:\/\/www.litoralpress.cl\/sitio\/RadioTV_Detalles.cshtml?LPKey=URW2JU3MGRZPCWLOKLFB6OMYZ6OR6D3BTTNTJXPQLJPULQMEWUFQ\" target=\"_blank\" rel=\"noopener\">Contin\u00faa acumulaci\u00f3n de basura en Talca. Se refiere Julieta Navea, acad\u00e9mica de Escuela de Enfermer\u00eda de la UTalca.<\/a><\/p><p>\u00a0<\/p><p><b>COOPERATIVA.CL<\/b><\/p><p><a style=\"font-style: inherit; font-weight: inherit; background-color: #ffffff; font-family: -apple-system, BlinkMacSystemFont,;\" href=\"https:\/\/www.cooperativa.cl\/noticias\/pais\/region-del-maule\/paro-lleva-una-semana-municipio-de-talca-mediara-en-conflicto-entre\/2021-09-21\/123515.html\" target=\"_blank\" rel=\"noopener\">Paro lleva una semana: Municipio de Talca mediar\u00e1 en conflicto entre recolectores y empresa privada. Se refiere Julieta Navea, acad\u00e9mica de Escuela de Enfermer\u00eda de la UTalca.<\/a><\/p><p>\u00a0<\/p><p><b>REVISTA MUNDO AGRO\u00a0<\/b><\/p><p><a style=\"font-style: inherit; font-weight: inherit; background-color: #ffffff; font-family: -apple-system, BlinkMacSystemFont,;\" href=\"https:\/\/www.litoralpress.cl\/sitio\/Prensa_PaginaCompleta.cshtml?LPKey=WOWFCMJEMKQTHSRX5S5TW33KR6KHQM6N6FRKOBKBRT752Q6IQUBA\" target=\"_blank\" rel=\"noopener\">De inicio a fin. Texto de los acad\u00e9micos Jos\u00e9 Antonio Yuri, Daniela Simeone y Mauricio Fuentes del Centro de Pom\u00e1ceas de la UTalca.<\/a><\/p><p>\u00a0<\/p><p><b>REVISTA MUNDO AGRO\u00a0<\/b><\/p><p><a style=\"font-style: inherit; font-weight: inherit; background-color: #ffffff; font-family: -apple-system, BlinkMacSystemFont,;\" href=\"https:\/\/www.litoralpress.cl\/sitio\/Prensa_PaginaCompleta.cshtml?LPKey=HWDXY2BWPCYDYNYIMJUJCM2L7EVHN2MGYIEAMZU55WP27GHRPSJA\" target=\"_blank\" rel=\"noopener\">El momento clave. Texto de Jos\u00e9 Antonio Yuri, director del Centro de Pom\u00e1ceas de la UTalca.<\/a><\/p><p>\u00a0<\/p><p><b>REVISTA MUNDO AGRO<\/b><\/p><p><a style=\"font-style: inherit; font-weight: inherit; background-color: #ffffff; font-family: -apple-system, BlinkMacSystemFont,;\" href=\"https:\/\/www.litoralpress.cl\/paginaconsultas\/Servicios_NClip\/Get_Imagen_Nota.aspx?LPKey=RU5R3TIB2WZ6SWZO6ST62RPISPDWBC64VW7WEOUSW3MDHEFLENLO32YZ25SN462CPI23RLANOX4EM\" target=\"_blank\" rel=\"noopener\">Filosof\u00eda de equipo. Se menciona a la UTalca.<\/a><\/p><p>\u00a0<\/p><p><b>TVMAULE-.CL<\/b><\/p><p><a style=\"font-style: inherit; font-weight: inherit; background-color: #ffffff; font-family: -apple-system, BlinkMacSystemFont,;\" href=\"https:\/\/www.tvmaule.cl\/11-convencionales-constituyentes-se-reunen-en-campus-santiago-de-la-utalca\/\" target=\"_blank\" rel=\"noopener\">11 convencionales constituyentes se re\u00fanen en campus Santiago de la UTalca.<\/a><\/p><p>\u00a0<\/p><p><b>ELMAULEINFORMA.CL<\/b><\/p><p><a style=\"font-style: inherit; font-weight: inherit; background-color: #ffffff; font-family: -apple-system, BlinkMacSystemFont,;\" href=\"https:\/\/elmauleinforma.cl\/alfalfa-la-forrajera-tolerante-a-la-sequia\/\" target=\"_blank\" rel=\"noopener\">Alfalfa: la forrajera tolerante a la sequ\u00eda. Se refiere Alejandro del Pozo, acad\u00e9mico de la Facultad de Ciencias Agrarias de la UTalca.<\/a><\/p><p>\u00a0<\/p><p><b>RESUMEN.CL\u00a0<\/b><\/p><p><a style=\"font-style: inherit; font-weight: inherit; background-color: #ffffff; font-family: -apple-system, BlinkMacSystemFont,;\" href=\"https:\/\/resumen.cl\/articulos\/seminario-internacional-abordara-las-relaciones-laborales-de-12-paises-en-el-contexto-del-debate-constituyente\" target=\"_blank\" rel=\"noopener\">Seminario internacional abordar\u00e1 las relaciones laborales de 12 pa\u00edses en el contexto del debate constituyente. Se refiere Irene Rojas, acad\u00e9mica de la Facultad de Ciencias Jur\u00eddicas y Sociales de la UTalca.<\/a><\/p><p>\u00a0<\/p><p><b>CANAL TVN RED AUSTRAL<\/b><\/p><p><a style=\"font-style: inherit; font-weight: inherit; background-color: #ffffff; font-family: -apple-system, BlinkMacSystemFont,;\" href=\"https:\/\/www.litoralpress.cl\/sitio\/RadioTV_Detalles.cshtml?LPKey=2ZOBRAXIYEY3Q5ZEQOZTYXMHCJABVNXSPVT7G7RPEUPRCD77ARKA\" target=\"_blank\" rel=\"noopener\">D\u00eda internacional del chocolate. Se refiere Emilia Giacaman, acad\u00e9mica de la Escuela de Nutrici\u00f3n y Diet\u00e9tica de la UTalca.<\/a><\/p><p>\u00a0<\/p><p><b>CANAL TVN<\/b><\/p><p><a style=\"font-style: inherit; font-weight: inherit; background-color: #ffffff; font-family: -apple-system, BlinkMacSystemFont,;\" href=\"https:\/\/www.litoralpress.cl\/sitio\/RadioTV_Detalles.cshtml?LPKey=7YDWSI3DT56EK4KD2M3H34IDLJ4BUMIFLM4EH2DLO4XIMTDOLFMA\" target=\"_blank\" rel=\"noopener\">Franco Parisi se defiende de acusaciones en una entrevista a radio Cooperativa. Se refiere Mauricio Morales, director del Centro de An\u00e1lisis Pol\u00edtico (CAP) de la UTalca.<\/a><\/p><p>\u00a0<\/p><p><b>CANAL MEGA\u00a0<\/b><\/p><p><a style=\"font-style: inherit; font-weight: inherit; background-color: #ffffff; font-family: -apple-system, BlinkMacSystemFont,;\" href=\"https:\/\/www.litoralpress.cl\/sitio\/RadioTV_Detalles.cshtml?LPKey=I2HM7JLTCFUDYEBURQ6A6GMTYBYFGCPVJEXVK42NLSI7XFYF3RBA\" target=\"_blank\" rel=\"noopener\">Cuenta regresiva para la &#8220;megaelecci\u00f3n&#8221;. Se refiere Mauricio Morales, director del Centro de An\u00e1lisis Pol\u00edtico (CAP) de la UTalca.<\/a><\/p><p>\u00a0<\/p><p><b>CANAL MEGA PLUS\u00a0<\/b><\/p><p><a style=\"font-style: inherit; font-weight: inherit; background-color: #ffffff; font-family: -apple-system, BlinkMacSystemFont,;\" href=\"https:\/\/www.litoralpress.cl\/sitio\/RadioTV_Detalles.cshtml?LPKey=VOOIJRUSFHHXYRPKZXN7NBIM4KDLC2RIQVBJ63GO6BWATT4F2IEA\" target=\"_blank\" rel=\"noopener\">Cuenta regresiva para la &#8220;megaelecci\u00f3n&#8221;. Se refiere Mauricio Morales, director del Centro de An\u00e1lisis Pol\u00edtico (CAP) de la UTalca.<\/a><\/p><p>\u00a0<\/p><p><b>INFINITA.CL\u00a0<\/b><\/p><p><a style=\"font-style: inherit; font-weight: inherit; background-color: #ffffff; font-family: -apple-system, BlinkMacSystemFont,;\" href=\"https:\/\/www.infinita.cl\/noticias\/2021\/09\/20\/mauricio-morales-analista-politico-provoste-no-ha-tomado-posicion-por-el-cuarto-retiro-y-eso-le-esta-costando-la-eleccion.html\" target=\"_blank\" rel=\"noopener\">Mauricio Morales, analista pol\u00edtico: \u201cProvoste no ha tomado posici\u00f3n por el cuarto retiro y eso le est\u00e1 costando la elecci\u00f3n\u201d.<\/a><\/p><p>\u00a0<\/p><p><b>ELLIBERO.CL<\/b><\/p><p><a style=\"font-style: inherit; font-weight: inherit; background-color: #ffffff; font-family: -apple-system, BlinkMacSystemFont,;\" href=\"https:\/\/ellibero.cl\/actualidad\/se-puede-reemplazar-o-no-al-convencional-rojas-vade\/\" target=\"_blank\" rel=\"noopener\">\u00bfSe puede reemplazar o no al convencional Rojas Vade? Se refiere Mauricio Morales, director del Centro de An\u00e1lisis Pol\u00edtico (CAP) de la UTalca.<\/a><\/p><p>\u00a0<\/p><p><b>UMAG.CL\u00a0<\/b><\/p><p><a style=\"font-style: inherit; font-weight: inherit; background-color: #ffffff; font-family: -apple-system, BlinkMacSystemFont,;\" href=\"http:\/\/www.umag.cl\/vcm\/?p=52126\" target=\"_blank\" rel=\"noopener\">Derecho firm\u00f3 protocolo para unirse a la Red de Universidades por la Migraci\u00f3n. Se menciona a la Facultad de Ciencias Jur\u00eddicas y Sociales de la Universidad de Talca.<\/a><\/p>\t\t\t\t\t\t<\/div>\n\t\t\t\t<\/div>\n\t\t\t\t\t<\/div>\n\t\t<\/div>\n\t\t\t\t\t\t\t<\/div>\n\t\t<\/section>\n\t\t\t\t\t\t<\/div>\n\t\t\t\t\t<\/div>\n\t\t","protected":false},"excerpt":{"rendered":"<p>LATERCERA.COM\u00a0 El dron chileno que ayuda a combatir incendios forestales. Se refiere Matthew Bardeen, acad\u00e9mico de la Facultad de Ingenier\u00eda de la UTalca. \u00a0 EL MERCURIO Invierno en R. Metropolitana termina como el 4\u00b0 m\u00e1s seco desde 1914 y el m\u00e1s c\u00e1lido del registro oficial. Se refiere Patricio Gonz\u00e1lez, agroclimat\u00f3logo de la UTalca. \u00a0 ELMERCURIO.COM &hellip;<\/p>\n<p class=\"read-more\"> <a class=\"\" href=\"https:\/\/www.reportedeprensa.utalca.cl\/?p=1945\"> <span class=\"screen-reader-text\">22 de septiembre de 2021<\/span> Read More &raquo;<\/a><\/p>\n","protected":false},"author":1,"featured_media":0,"comment_status":"closed","ping_status":"open","sticky":false,"template":"elementor_theme","format":"standard","meta":{"_monsterinsights_skip_tracking":false,"_monsterinsights_sitenote_active":false,"_monsterinsights_sitenote_note":"","_monsterinsights_sitenote_category":0},"categories":[12],"tags":[],"_links":{"self":[{"href":"https:\/\/www.reportedeprensa.utalca.cl\/index.php?rest_route=\/wp\/v2\/posts\/1945"}],"collection":[{"href":"https:\/\/www.reportedeprensa.utalca.cl\/index.php?rest_route=\/wp\/v2\/posts"}],"about":[{"href":"https:\/\/www.reportedeprensa.utalca.cl\/index.php?rest_route=\/wp\/v2\/types\/post"}],"author":[{"embeddable":true,"href":"https:\/\/www.reportedeprensa.utalca.cl\/index.php?rest_route=\/wp\/v2\/users\/1"}],"replies":[{"embeddable":true,"href":"https:\/\/www.reportedeprensa.utalca.cl\/index.php?rest_route=%2Fwp%2Fv2%2Fcomments&post=1945"}],"version-history":[{"count":7,"href":"https:\/\/www.reportedeprensa.utalca.cl\/index.php?rest_route=\/wp\/v2\/posts\/1945\/revisions"}],"predecessor-version":[{"id":1958,"href":"https:\/\/www.reportedeprensa.utalca.cl\/index.php?rest_route=\/wp\/v2\/posts\/1945\/revisions\/1958"}],"wp:attachment":[{"href":"https:\/\/www.reportedeprensa.utalca.cl\/index.php?rest_route=%2Fwp%2Fv2%2Fmedia&parent=1945"}],"wp:term":[{"taxonomy":"category","embeddable":true,"href":"https:\/\/www.reportedeprensa.utalca.cl\/index.php?rest_route=%2Fwp%2Fv2%2Fcategories&post=1945"},{"taxonomy":"post_tag","embeddable":true,"href":"https:\/\/www.reportedeprensa.utalca.cl\/index.php?rest_route=%2Fwp%2Fv2%2Ftags&post=1945"}],"curies":[{"name":"wp","href":"https:\/\/api.w.org\/{rel}","templated":true}]}}